{"id":55768,"date":"2021-08-21T10:28:08","date_gmt":"2021-08-21T09:28:08","guid":{"rendered":"https:\/\/radioljubuski.ba\/?p=55768"},"modified":"2021-08-23T12:45:25","modified_gmt":"2021-08-23T11:45:25","slug":"glazbena-skola-ljubuski-odrzana-konferencija-za-medije-u-povodu-pocetka-rada-jazz-radionica-foto","status":"publish","type":"post","link":"https:\/\/radioljubuski.ba\/index.php\/2021\/08\/21\/glazbena-skola-ljubuski-odrzana-konferencija-za-medije-u-povodu-pocetka-rada-jazz-radionica-foto\/","title":{"rendered":"Glazbena \u0161kola Ljubu\u0161ki: Odr\u017eana konferencija za medije u povodu po\u010detka rada jazz radionica &#8211; foto"},"content":{"rendered":"\n<p>Ju\u010der je u Glazbenoj \u0161koli Ljubu\u0161ki, odr\u017eana konferencija za medije u povodu po\u010detka rada jazz radionica, koje se odr\u017eavaju u sklopu&nbsp; Ljubu\u0161kog Jazz Festa. Konferenciji su nazo\u010dili, osim organizatora, i predava\u010di Jazz radionica; eminentni, vi\u0161estruko nagra\u0111ivani jazz glazbenici, producenti i skladatelji: Zvjezdan Ru\u017ei\u0107 &#8211; klavir, Vojkan Joci\u0107 -sax, Vladimir Kostadinovi\u0107 &#8211; bubanj i Miha Koren &#8211; bass. Radionice \u0107e trajati do 27.kolovoza, kad \u0107e biti odr\u017ean&nbsp; koncert polaznika i predava\u010da, a time se ujedno i zatvara ovogodi\u0161nji Ljubu\u0161ki Jazz Fest.<br><br>Na po\u010detku se ispred organizatora ovog Jazz Festivala Udruge Intro, nazo\u010dnima obratila Ravnateljica Glazbene \u0161kole Ljubu\u0161ki Ivana \u0160aravanja&nbsp;:<\/p>\n\n\n\n<p>&nbsp;&#8211; Kao \u0161to znate, Ljubu\u0161ki Jazz fest je otvoren 13. kolovoza u gradskom parku jednim prekrasnim koncertom Zdenke Kova\u010di\u010dek i prate\u0107eg Greenhouse Blues Banda. Ovo \u0161to po\u010dinje danas je nastavak, odnosno, drugi i klju\u010dni dio festivala, ona nekakva prvotna ideja, misao vodilja i sjeme iz kojeg je sve to izniklo, a to su jazz radionice. To je nekako prilika i \u0161kola, kako bi negdje, bar na nekom mjestu mladi i svi ostali koji to \u017eele, mogli nau\u010diti ne\u0161to \u0161to u formalnom obrazovanju gotovo da nemaju priliku, a to je improvizacija u glazbi, konkretno jazz improvizacija.<\/p>\n\n\n\n<p>Potom su zaredala pitanja novinara, evo najzanimljivijih pitanja i odgovora:<\/p>\n\n\n\n<p><strong>Vojkan Joci\u0107<\/strong>, na upit o radionicama: To je odli\u010dna stvar. S obzirom na iskustva s dosada\u0161njih radionica prije 2 godine kad smo se prvi put okupili na ovakvoj jednoj predivnoj radionici s predivnim mladim ljudima koji su puni elana i&nbsp; motivacije da nau\u010de ne\u0161to novo, ne\u0161to malo druga\u010dije, ne\u0161to \u0161to se ne u\u010di u \u0161koli kao dio nastavnog programa. Kod nas nemamo infrastrukturu za jazz i popularnu glazbu, pa je ovo jedan odli\u010dan poligon za to. Nastojimo u nastavi koju imamo svaki dan, individualnu ili skupnu, u\u010denike \u010dim vi\u0161e upoznati s tim glazbenim smjerom, jazzom. Na kraju seminara imamo jedan zavr\u0161ni koncert gdje \u0107e polaznici pokazati svoje vje\u0161tine, \u0161to su nau\u010dili, \u0161to su savladali. Ja osobno mogu re\u0107i da sam sretan i ponosan da imamo ljude da rade tako ne\u0161to plemenito jer to je stvarno ne\u0161to za budu\u0107e generacije i mlade nara\u0161taje koje \u0107e stasati i sigurno \u0107e to puno zna\u010diti i njima i sredini, i ne samo sredini, nego to se mo\u017ee ra\u0161iriti i po cijelom svijetu. Nadamo da \u0107e to ostaviti odli\u010dan feedback. Moram napomenuti, to su dugogodi\u0161nji proces. To nije proces koji radite godinu ili dvije, i da dobijete rezultate. To se mora njegovati vi\u0161e godina, a onda kad do\u0111u rezultati, onda \u0107e se svi iznenaditi i svi \u0107e biti zadovoljni i odu\u0161evljeni kako ljudi napreduju, kako su to savladali, a dosada nisu imali prilike za to.<\/p>\n\n\n\n<p>&nbsp;<strong>RLj.<\/strong> Upit za Zvjezdana Ru\u017ei\u0107a. &#8211; Povodom Me\u0111unarodnog dana jazza, 30. travnja, u nekoliko hrvatskih gradova odr\u017ean je glazbeni program &#8216;live&#8217; koncerata jazz glazbe, glazbenih radionica te radijskih i TV gostovanja u kojima je sudjelovao niz istaknutih jazz glazbenika.<\/p>\n\n\n\n<p>Koncerti su odr\u017eani u Split, Opatiji, Zagrebu, Puli, Rijeku i Osijek. Nastupilo je 18 solista i 8 raznih jazz bandova, \u0161to trija, \u0161to kvarteta, kvinteta itd\u2026 Pored njih, u Hrvatskoj ima jo\u0161 od ranije poznatih jazzista, \u0161to brojku jazz glazbenika \u010dini jo\u0161 ve\u0107om.&nbsp; \u010cini se da jazz u Hrvatskoj ima budu\u0107nost.<\/p>\n\n\n\n<p><strong>Zvjezdan Ru\u017ei\u0107:<\/strong> Apsolutno. Prije desetak godina, Vojkan i ja smo se upoznali kad smo krenuli zajedno svirati u sastavu Borna \u0160ercar\u2019s Jazziana Croatica, \u010dak i tad je bilo puno manje jazz sastava. Bili smo veliko iznena\u0111enje,&nbsp; sve reakcije su bile &#8211; &nbsp;Woah, pojavio se novi jazz band! A u me\u0111uvremenu je stasalo puno dobrih projekata i o\u010dito nekako smo jedni druge potaknuli i inspirirali da stvaramo autorsku glazbu, a time i da se okupljaju novi sastavi i eto tako danas imamo doista ba\u0161 onako\u00ad- nikad bolju scenu, nikad vi\u0161e autorskog rada, \u0161to je jako bitno jer je kultura identitet naroda. Mi sad pi\u0161emo identitet ovog vremena, ne\u0161to \u0161to \u0107e ostati za budu\u0107e generacije; ali ono najbitnije je to \u0161to se inspiriramo i dalje, i eto nadam se da \u0107emo sad i ovdje uspjeti nadahnuti nove ljude i nara\u0161taje za stvaranje da se odva\u017ee da krenu na neka svoja glazbena putovanje.<\/p>\n\n\n\n<p><strong>RLj.<\/strong> Pitanje za Mihu Korena.&nbsp; Miha, vi ste u posljednje vrijeme polu\u010dili golem uspjeh. Anga\u017eirani ste od strane vodstva The Euroradio Jazz Orchestra, \u0161to je samo po sebi, veliko priznanje. Stvar je, po Slovensku jazz scenu jo\u0161 ve\u0107a, kad se zna da su prije Vas tu bila jo\u0161 2 glazbenika iz va\u0161eg grada &#8211; Velenja. Velenje je relativno malen grad, no u jazzu je jako zna\u010dajno mjesto.<\/p>\n\n\n\n<p><strong>Miha Koren:<\/strong> Da. Velenje je poznato po jazz sceni, najeminentnija imena scene su: saksofonist Jure Pukl i kontrabasist Robert &nbsp;Juki\u010d. Sve je to po\u010delo sa Jazz radionicama Bo\u0161ka Petrovi\u0107a 1998. i 1999. To je, \u0161to re\u010de Vojkan malo\u010das, taj proces koji traje godinama. Juki\u010d i Pukl su pro\u0161li te radionice i danas su glazbenici svjetskog glasa.<\/p>\n\n\n\n<p><strong>RLj.<\/strong> pitanje za Vladimira Kostadinovi\u0107a. &#8211; U zadnje ste vrijeme postali promotor, jedne od naj\u010duvenijih tvornica \u010dinela na svijetu, ako ne i naj\u010duvenije tvornice, <strong>Paiste<\/strong>, sa sjedi\u0161tem u \u0160vicarskoj. Svakako ste ponosni na tu \u010dinjenicu&#8230;<\/p>\n\n\n\n<p>Vladimir Kostadinovi\u0107: &nbsp;Takvo \u0161to je svakako iznimna \u010dast i zadovoljstvo za svakog glazbenika\u2026 Evo sad gledam sve ove polaznike i vidim i mlade generacije, \u0161to mi je jako drago i razmi\u0161ljam kako sam i ja nekad sjedio tako uz mentore, poha\u0111ao radionice i sanjao kako \u0107u sav trud i&nbsp; \u017eivot ulo\u017eiti u to da postanem glazbenik. Jednog dana \u0107e sigurno netko od ovih djevoj\u010dica i dje\u010daka biti mentorom i novim generacijama prenositi znanje, \u0161to je jedan prirodni i \u017eivotni proces. Zadatak je svih koji uspiju u bilo \u010demu, jednom svoje znanje prenijeti mla\u0111ima.&nbsp; Kao dje\u010dak sam sanjao kako sviram sa starijima i iskusnijim glazbenicima od sebe i da imam brandiranu opremu u svom setu bubnjeva kao \u0161to su Paiste \u010dinele i ostali proizvodi vrhunskih proizvo\u0111a\u010da instrumenata. Ono \u0161to je polazna to\u010dka, ja uvijek napominjem svojim u\u010denicima \u0161to je bitno i za\u0161to smo mi zapravo ovdje \u2013 to je ljubav. Ta ljubav koja prirodno \u010dovjeka natjera da radi to \u0161to voli. A sve ostalo, karijera, uspjeh, novac, oprema, sponzori\u2026, to dolazi jednostavno i najljep\u0161im i najkra\u0107im prirodnim putem. Ja sam uvijek vjerovao kako u sebe tako i u vas. Nadam se da \u0107e me\u0111u vama biti onih koji \u0107e istrajati do kraja, zna\u010di nema odustajanja. I kada do\u0111ete u poziciju da vam se tako neka vrhunska tvornica ponudi za sponzora i da ka\u017ee: \u201eO.K., smatramo da imate reference i na\u0161a \u0107e Vam tvornica dati poticaj za nastavak uspje\u0161ne karijere\u201c, onda je to velika \u010dast, zaista drago mi je zbog sve toga. Nadam se kako \u0107e netko od vas polaznika ponoviti ovakav uspjeh.<\/p>\n\n\n\n<p>Na kraju konferencije se obratio i Toni Kraljevi\u0107 dopredsjednik Vlade i ministar financija \u017dupanije Zapadnohercegova\u010dke. Kraljevi\u0107, koji je jedan od inicijatora ovog festivala, se toplo &nbsp;zahvalio predava\u010dima koji su, izme\u0111u svojih \u010destih nastupa, na\u0161li vremena za ovaj seminarski radni tjedan u Ljubu\u0161kom, te im je, kao i polaznicima po\u017eelio uspje\u0161an rad.<\/p>\n\n\n\n<p>Pogledajte fotografije:<\/p>\n\n\n\n<iframe loading=\"lazy\" src=\"https:\/\/www.facebook.com\/plugins\/post.php?href=https%3A%2F%2Fwww.facebook.com%2Fpermalink.php%3Fstory_fbid%3D10159930391695101%26id%3D168112865100&amp;show_text=true&amp;width=500\" style=\"border:none;overflow:hidden\" scrolling=\"no\" allowfullscreen=\"true\" allow=\"autoplay; clipboard-write; encrypted-media; picture-in-picture; web-share\" width=\"500\" height=\"781\" frameborder=\"0\"><\/iframe>\n\n\n\n<p>Radio Ljubu\u0161ki<br><br><br><\/p>\n","protected":false},"excerpt":{"rendered":"<p>Ju\u010der je u Glazbenoj \u0161koli Ljubu\u0161ki, odr\u017eana konferencija za medije u povodu po\u010detka rada jazz radionica, koje se odr\u017eavaju u sklopu&nbsp; Ljubu\u0161kog Jazz Festa. Konferenciji su nazo\u010dili, osim organizatora, i predava\u010di Jazz radionica; eminentni, vi\u0161estruko nagra\u0111ivani jazz glazbenici, producenti i skladatelji: Zvjezdan Ru\u017ei\u0107 &#8211; klavir, Vojkan Joci\u0107 -sax, Vladimir Kostadinovi\u0107 &#8211; bubanj i Miha Koren [&hellip;]<\/p>\n","protected":false},"author":2,"featured_media":55769,"comment_status":"closed","ping_status":"closed","sticky":false,"template":"","format":"standard","meta":{"h5ap_radio_sources":[],"footnotes":""},"categories":[3],"tags":[],"class_list":["post-55768","post","type-post","status-publish","format-standard","has-post-thumbnail","hentry","category-ljubuski"],"yoast_head":"<!-- This site is optimized with the Yoast SEO plugin v27.5 - https:\/\/yoast.com\/product\/yoast-seo-wordpress\/ -->\n<title>Glazbena \u0161kola Ljubu\u0161ki: Odr\u017eana konferencija za medije u povodu po\u010detka rada jazz radionica - foto - RADIO LJUBU\u0160KI<\/title>\n<meta name=\"robots\" content=\"index, follow, max-snippet:-1, max-image-preview:large, max-video-preview:-1\" \/>\n<link rel=\"canonical\" href=\"https:\/\/radioljubuski.ba\/index.php\/2021\/08\/21\/glazbena-skola-ljubuski-odrzana-konferencija-za-medije-u-povodu-pocetka-rada-jazz-radionica-foto\/\" \/>\n<meta property=\"og:locale\" content=\"hr_HR\" \/>\n<meta property=\"og:type\" content=\"article\" \/>\n<meta property=\"og:title\" content=\"Glazbena \u0161kola Ljubu\u0161ki: Odr\u017eana konferencija za medije u povodu po\u010detka rada jazz radionica - foto - RADIO LJUBU\u0160KI\" \/>\n<meta property=\"og:description\" content=\"Ju\u010der je u Glazbenoj \u0161koli Ljubu\u0161ki, odr\u017eana konferencija za medije u povodu po\u010detka rada jazz radionica, koje se odr\u017eavaju u sklopu&nbsp; Ljubu\u0161kog Jazz Festa. Konferenciji su nazo\u010dili, osim organizatora, i predava\u010di Jazz radionica; eminentni, vi\u0161estruko nagra\u0111ivani jazz glazbenici, producenti i skladatelji: Zvjezdan Ru\u017ei\u0107 &#8211; klavir, Vojkan Joci\u0107 -sax, Vladimir Kostadinovi\u0107 &#8211; bubanj i Miha Koren [&hellip;]\" \/>\n<meta property=\"og:url\" content=\"https:\/\/radioljubuski.ba\/index.php\/2021\/08\/21\/glazbena-skola-ljubuski-odrzana-konferencija-za-medije-u-povodu-pocetka-rada-jazz-radionica-foto\/\" \/>\n<meta property=\"og:site_name\" content=\"RADIO LJUBU\u0160KI\" \/>\n<meta property=\"article:publisher\" content=\"https:\/\/www.facebook.com\/Radiio-Ljubuski-1490835324566332\" \/>\n<meta property=\"article:published_time\" content=\"2021-08-21T09:28:08+00:00\" \/>\n<meta property=\"article:modified_time\" content=\"2021-08-23T11:45:25+00:00\" \/>\n<meta property=\"og:image\" content=\"https:\/\/radioljubuski.ba\/wp-content\/uploads\/2021\/08\/239144341_10159930391220101_9065280076146663227_n.jpg\" \/>\n\t<meta property=\"og:image:width\" content=\"2048\" \/>\n\t<meta property=\"og:image:height\" content=\"1152\" \/>\n\t<meta property=\"og:image:type\" content=\"image\/jpeg\" \/>\n<meta name=\"author\" content=\"Radio Ljubu\u0161ki\" \/>\n<meta name=\"twitter:card\" content=\"summary_large_image\" \/>\n<meta name=\"twitter:creator\" content=\"@radioljubuski\" \/>\n<meta name=\"twitter:site\" content=\"@radioljubuski\" \/>\n<meta name=\"twitter:label1\" content=\"Napisao\/la\" \/>\n\t<meta name=\"twitter:data1\" content=\"Radio Ljubu\u0161ki\" \/>\n\t<meta name=\"twitter:label2\" content=\"Procijenjeno vrijeme \u010ditanja\" \/>\n\t<meta name=\"twitter:data2\" content=\"5 minuta\" \/>\n<script type=\"application\/ld+json\" class=\"yoast-schema-graph\">{\"@context\":\"https:\\\/\\\/schema.org\",\"@graph\":[{\"@type\":\"Article\",\"@id\":\"https:\\\/\\\/radioljubuski.ba\\\/index.php\\\/2021\\\/08\\\/21\\\/glazbena-skola-ljubuski-odrzana-konferencija-za-medije-u-povodu-pocetka-rada-jazz-radionica-foto\\\/#article\",\"isPartOf\":{\"@id\":\"https:\\\/\\\/radioljubuski.ba\\\/index.php\\\/2021\\\/08\\\/21\\\/glazbena-skola-ljubuski-odrzana-konferencija-za-medije-u-povodu-pocetka-rada-jazz-radionica-foto\\\/\"},\"author\":{\"name\":\"Radio Ljubu\u0161ki\",\"@id\":\"https:\\\/\\\/radioljubuski.ba\\\/#\\\/schema\\\/person\\\/19fc700381a780f69665d7956c469e3b\"},\"headline\":\"Glazbena \u0161kola Ljubu\u0161ki: Odr\u017eana konferencija za medije u povodu po\u010detka rada jazz radionica &#8211; foto\",\"datePublished\":\"2021-08-21T09:28:08+00:00\",\"dateModified\":\"2021-08-23T11:45:25+00:00\",\"mainEntityOfPage\":{\"@id\":\"https:\\\/\\\/radioljubuski.ba\\\/index.php\\\/2021\\\/08\\\/21\\\/glazbena-skola-ljubuski-odrzana-konferencija-za-medije-u-povodu-pocetka-rada-jazz-radionica-foto\\\/\"},\"wordCount\":1287,\"publisher\":{\"@id\":\"https:\\\/\\\/radioljubuski.ba\\\/#organization\"},\"image\":{\"@id\":\"https:\\\/\\\/radioljubuski.ba\\\/index.php\\\/2021\\\/08\\\/21\\\/glazbena-skola-ljubuski-odrzana-konferencija-za-medije-u-povodu-pocetka-rada-jazz-radionica-foto\\\/#primaryimage\"},\"thumbnailUrl\":\"https:\\\/\\\/radioljubuski.ba\\\/wp-content\\\/uploads\\\/2021\\\/08\\\/239144341_10159930391220101_9065280076146663227_n.jpg\",\"articleSection\":[\"Ljubu\u0161ki\"],\"inLanguage\":\"hr\"},{\"@type\":\"WebPage\",\"@id\":\"https:\\\/\\\/radioljubuski.ba\\\/index.php\\\/2021\\\/08\\\/21\\\/glazbena-skola-ljubuski-odrzana-konferencija-za-medije-u-povodu-pocetka-rada-jazz-radionica-foto\\\/\",\"url\":\"https:\\\/\\\/radioljubuski.ba\\\/index.php\\\/2021\\\/08\\\/21\\\/glazbena-skola-ljubuski-odrzana-konferencija-za-medije-u-povodu-pocetka-rada-jazz-radionica-foto\\\/\",\"name\":\"Glazbena \u0161kola Ljubu\u0161ki: Odr\u017eana konferencija za medije u povodu po\u010detka rada jazz radionica - foto - RADIO LJUBU\u0160KI\",\"isPartOf\":{\"@id\":\"https:\\\/\\\/radioljubuski.ba\\\/#website\"},\"primaryImageOfPage\":{\"@id\":\"https:\\\/\\\/radioljubuski.ba\\\/index.php\\\/2021\\\/08\\\/21\\\/glazbena-skola-ljubuski-odrzana-konferencija-za-medije-u-povodu-pocetka-rada-jazz-radionica-foto\\\/#primaryimage\"},\"image\":{\"@id\":\"https:\\\/\\\/radioljubuski.ba\\\/index.php\\\/2021\\\/08\\\/21\\\/glazbena-skola-ljubuski-odrzana-konferencija-za-medije-u-povodu-pocetka-rada-jazz-radionica-foto\\\/#primaryimage\"},\"thumbnailUrl\":\"https:\\\/\\\/radioljubuski.ba\\\/wp-content\\\/uploads\\\/2021\\\/08\\\/239144341_10159930391220101_9065280076146663227_n.jpg\",\"datePublished\":\"2021-08-21T09:28:08+00:00\",\"dateModified\":\"2021-08-23T11:45:25+00:00\",\"breadcrumb\":{\"@id\":\"https:\\\/\\\/radioljubuski.ba\\\/index.php\\\/2021\\\/08\\\/21\\\/glazbena-skola-ljubuski-odrzana-konferencija-za-medije-u-povodu-pocetka-rada-jazz-radionica-foto\\\/#breadcrumb\"},\"inLanguage\":\"hr\",\"potentialAction\":[{\"@type\":\"ReadAction\",\"target\":[\"https:\\\/\\\/radioljubuski.ba\\\/index.php\\\/2021\\\/08\\\/21\\\/glazbena-skola-ljubuski-odrzana-konferencija-za-medije-u-povodu-pocetka-rada-jazz-radionica-foto\\\/\"]}]},{\"@type\":\"ImageObject\",\"inLanguage\":\"hr\",\"@id\":\"https:\\\/\\\/radioljubuski.ba\\\/index.php\\\/2021\\\/08\\\/21\\\/glazbena-skola-ljubuski-odrzana-konferencija-za-medije-u-povodu-pocetka-rada-jazz-radionica-foto\\\/#primaryimage\",\"url\":\"https:\\\/\\\/radioljubuski.ba\\\/wp-content\\\/uploads\\\/2021\\\/08\\\/239144341_10159930391220101_9065280076146663227_n.jpg\",\"contentUrl\":\"https:\\\/\\\/radioljubuski.ba\\\/wp-content\\\/uploads\\\/2021\\\/08\\\/239144341_10159930391220101_9065280076146663227_n.jpg\",\"width\":2048,\"height\":1152},{\"@type\":\"BreadcrumbList\",\"@id\":\"https:\\\/\\\/radioljubuski.ba\\\/index.php\\\/2021\\\/08\\\/21\\\/glazbena-skola-ljubuski-odrzana-konferencija-za-medije-u-povodu-pocetka-rada-jazz-radionica-foto\\\/#breadcrumb\",\"itemListElement\":[{\"@type\":\"ListItem\",\"position\":1,\"name\":\"Po\u010detna stranica\",\"item\":\"https:\\\/\\\/radioljubuski.ba\\\/\"},{\"@type\":\"ListItem\",\"position\":2,\"name\":\"Glazbena \u0161kola Ljubu\u0161ki: Odr\u017eana konferencija za medije u povodu po\u010detka rada jazz radionica &#8211; foto\"}]},{\"@type\":\"WebSite\",\"@id\":\"https:\\\/\\\/radioljubuski.ba\\\/#website\",\"url\":\"https:\\\/\\\/radioljubuski.ba\\\/\",\"name\":\"Radio Ljubu\u0161ki\",\"description\":\"Sun\u010dana frekvencija Hercegovine\",\"publisher\":{\"@id\":\"https:\\\/\\\/radioljubuski.ba\\\/#organization\"},\"potentialAction\":[{\"@type\":\"SearchAction\",\"target\":{\"@type\":\"EntryPoint\",\"urlTemplate\":\"https:\\\/\\\/radioljubuski.ba\\\/?s={search_term_string}\"},\"query-input\":{\"@type\":\"PropertyValueSpecification\",\"valueRequired\":true,\"valueName\":\"search_term_string\"}}],\"inLanguage\":\"hr\"},{\"@type\":\"Organization\",\"@id\":\"https:\\\/\\\/radioljubuski.ba\\\/#organization\",\"name\":\"Radio Ljubu\u0161ki\",\"url\":\"https:\\\/\\\/radioljubuski.ba\\\/\",\"logo\":{\"@type\":\"ImageObject\",\"inLanguage\":\"hr\",\"@id\":\"https:\\\/\\\/radioljubuski.ba\\\/#\\\/schema\\\/logo\\\/image\\\/\",\"url\":\"https:\\\/\\\/radioljubuski.ba\\\/wp-content\\\/uploads\\\/2021\\\/02\\\/cropped-Radio_Ljubuski_logo1.jpg\",\"contentUrl\":\"https:\\\/\\\/radioljubuski.ba\\\/wp-content\\\/uploads\\\/2021\\\/02\\\/cropped-Radio_Ljubuski_logo1.jpg\",\"width\":512,\"height\":512,\"caption\":\"Radio Ljubu\u0161ki\"},\"image\":{\"@id\":\"https:\\\/\\\/radioljubuski.ba\\\/#\\\/schema\\\/logo\\\/image\\\/\"},\"sameAs\":[\"https:\\\/\\\/www.facebook.com\\\/Radiio-Ljubuski-1490835324566332\",\"https:\\\/\\\/x.com\\\/radioljubuski\",\"https:\\\/\\\/hr.linkedin.com\\\/company\\\/radio-ljubuski\",\"https:\\\/\\\/www.youtube.com\\\/channel\\\/UCHYaeO_n0Db3tjNGudGpXyw\"]},{\"@type\":\"Person\",\"@id\":\"https:\\\/\\\/radioljubuski.ba\\\/#\\\/schema\\\/person\\\/19fc700381a780f69665d7956c469e3b\",\"name\":\"Radio Ljubu\u0161ki\"}]}<\/script>\n<!-- \/ Yoast SEO plugin. -->","yoast_head_json":{"title":"Glazbena \u0161kola Ljubu\u0161ki: Odr\u017eana konferencija za medije u povodu po\u010detka rada jazz radionica - foto - RADIO LJUBU\u0160KI","robots":{"index":"index","follow":"follow","max-snippet":"max-snippet:-1","max-image-preview":"max-image-preview:large","max-video-preview":"max-video-preview:-1"},"canonical":"https:\/\/radioljubuski.ba\/index.php\/2021\/08\/21\/glazbena-skola-ljubuski-odrzana-konferencija-za-medije-u-povodu-pocetka-rada-jazz-radionica-foto\/","og_locale":"hr_HR","og_type":"article","og_title":"Glazbena \u0161kola Ljubu\u0161ki: Odr\u017eana konferencija za medije u povodu po\u010detka rada jazz radionica - foto - RADIO LJUBU\u0160KI","og_description":"Ju\u010der je u Glazbenoj \u0161koli Ljubu\u0161ki, odr\u017eana konferencija za medije u povodu po\u010detka rada jazz radionica, koje se odr\u017eavaju u sklopu&nbsp; Ljubu\u0161kog Jazz Festa. Konferenciji su nazo\u010dili, osim organizatora, i predava\u010di Jazz radionica; eminentni, vi\u0161estruko nagra\u0111ivani jazz glazbenici, producenti i skladatelji: Zvjezdan Ru\u017ei\u0107 &#8211; klavir, Vojkan Joci\u0107 -sax, Vladimir Kostadinovi\u0107 &#8211; bubanj i Miha Koren [&hellip;]","og_url":"https:\/\/radioljubuski.ba\/index.php\/2021\/08\/21\/glazbena-skola-ljubuski-odrzana-konferencija-za-medije-u-povodu-pocetka-rada-jazz-radionica-foto\/","og_site_name":"RADIO LJUBU\u0160KI","article_publisher":"https:\/\/www.facebook.com\/Radiio-Ljubuski-1490835324566332","article_published_time":"2021-08-21T09:28:08+00:00","article_modified_time":"2021-08-23T11:45:25+00:00","og_image":[{"width":2048,"height":1152,"url":"https:\/\/radioljubuski.ba\/wp-content\/uploads\/2021\/08\/239144341_10159930391220101_9065280076146663227_n.jpg","type":"image\/jpeg"}],"author":"Radio Ljubu\u0161ki","twitter_card":"summary_large_image","twitter_creator":"@radioljubuski","twitter_site":"@radioljubuski","twitter_misc":{"Napisao\/la":"Radio Ljubu\u0161ki","Procijenjeno vrijeme \u010ditanja":"5 minuta"},"schema":{"@context":"https:\/\/schema.org","@graph":[{"@type":"Article","@id":"https:\/\/radioljubuski.ba\/index.php\/2021\/08\/21\/glazbena-skola-ljubuski-odrzana-konferencija-za-medije-u-povodu-pocetka-rada-jazz-radionica-foto\/#article","isPartOf":{"@id":"https:\/\/radioljubuski.ba\/index.php\/2021\/08\/21\/glazbena-skola-ljubuski-odrzana-konferencija-za-medije-u-povodu-pocetka-rada-jazz-radionica-foto\/"},"author":{"name":"Radio Ljubu\u0161ki","@id":"https:\/\/radioljubuski.ba\/#\/schema\/person\/19fc700381a780f69665d7956c469e3b"},"headline":"Glazbena \u0161kola Ljubu\u0161ki: Odr\u017eana konferencija za medije u povodu po\u010detka rada jazz radionica &#8211; foto","datePublished":"2021-08-21T09:28:08+00:00","dateModified":"2021-08-23T11:45:25+00:00","mainEntityOfPage":{"@id":"https:\/\/radioljubuski.ba\/index.php\/2021\/08\/21\/glazbena-skola-ljubuski-odrzana-konferencija-za-medije-u-povodu-pocetka-rada-jazz-radionica-foto\/"},"wordCount":1287,"publisher":{"@id":"https:\/\/radioljubuski.ba\/#organization"},"image":{"@id":"https:\/\/radioljubuski.ba\/index.php\/2021\/08\/21\/glazbena-skola-ljubuski-odrzana-konferencija-za-medije-u-povodu-pocetka-rada-jazz-radionica-foto\/#primaryimage"},"thumbnailUrl":"https:\/\/radioljubuski.ba\/wp-content\/uploads\/2021\/08\/239144341_10159930391220101_9065280076146663227_n.jpg","articleSection":["Ljubu\u0161ki"],"inLanguage":"hr"},{"@type":"WebPage","@id":"https:\/\/radioljubuski.ba\/index.php\/2021\/08\/21\/glazbena-skola-ljubuski-odrzana-konferencija-za-medije-u-povodu-pocetka-rada-jazz-radionica-foto\/","url":"https:\/\/radioljubuski.ba\/index.php\/2021\/08\/21\/glazbena-skola-ljubuski-odrzana-konferencija-za-medije-u-povodu-pocetka-rada-jazz-radionica-foto\/","name":"Glazbena \u0161kola Ljubu\u0161ki: Odr\u017eana konferencija za medije u povodu po\u010detka rada jazz radionica - foto - RADIO LJUBU\u0160KI","isPartOf":{"@id":"https:\/\/radioljubuski.ba\/#website"},"primaryImageOfPage":{"@id":"https:\/\/radioljubuski.ba\/index.php\/2021\/08\/21\/glazbena-skola-ljubuski-odrzana-konferencija-za-medije-u-povodu-pocetka-rada-jazz-radionica-foto\/#primaryimage"},"image":{"@id":"https:\/\/radioljubuski.ba\/index.php\/2021\/08\/21\/glazbena-skola-ljubuski-odrzana-konferencija-za-medije-u-povodu-pocetka-rada-jazz-radionica-foto\/#primaryimage"},"thumbnailUrl":"https:\/\/radioljubuski.ba\/wp-content\/uploads\/2021\/08\/239144341_10159930391220101_9065280076146663227_n.jpg","datePublished":"2021-08-21T09:28:08+00:00","dateModified":"2021-08-23T11:45:25+00:00","breadcrumb":{"@id":"https:\/\/radioljubuski.ba\/index.php\/2021\/08\/21\/glazbena-skola-ljubuski-odrzana-konferencija-za-medije-u-povodu-pocetka-rada-jazz-radionica-foto\/#breadcrumb"},"inLanguage":"hr","potentialAction":[{"@type":"ReadAction","target":["https:\/\/radioljubuski.ba\/index.php\/2021\/08\/21\/glazbena-skola-ljubuski-odrzana-konferencija-za-medije-u-povodu-pocetka-rada-jazz-radionica-foto\/"]}]},{"@type":"ImageObject","inLanguage":"hr","@id":"https:\/\/radioljubuski.ba\/index.php\/2021\/08\/21\/glazbena-skola-ljubuski-odrzana-konferencija-za-medije-u-povodu-pocetka-rada-jazz-radionica-foto\/#primaryimage","url":"https:\/\/radioljubuski.ba\/wp-content\/uploads\/2021\/08\/239144341_10159930391220101_9065280076146663227_n.jpg","contentUrl":"https:\/\/radioljubuski.ba\/wp-content\/uploads\/2021\/08\/239144341_10159930391220101_9065280076146663227_n.jpg","width":2048,"height":1152},{"@type":"BreadcrumbList","@id":"https:\/\/radioljubuski.ba\/index.php\/2021\/08\/21\/glazbena-skola-ljubuski-odrzana-konferencija-za-medije-u-povodu-pocetka-rada-jazz-radionica-foto\/#breadcrumb","itemListElement":[{"@type":"ListItem","position":1,"name":"Po\u010detna stranica","item":"https:\/\/radioljubuski.ba\/"},{"@type":"ListItem","position":2,"name":"Glazbena \u0161kola Ljubu\u0161ki: Odr\u017eana konferencija za medije u povodu po\u010detka rada jazz radionica &#8211; foto"}]},{"@type":"WebSite","@id":"https:\/\/radioljubuski.ba\/#website","url":"https:\/\/radioljubuski.ba\/","name":"Radio Ljubu\u0161ki","description":"Sun\u010dana frekvencija Hercegovine","publisher":{"@id":"https:\/\/radioljubuski.ba\/#organization"},"potentialAction":[{"@type":"SearchAction","target":{"@type":"EntryPoint","urlTemplate":"https:\/\/radioljubuski.ba\/?s={search_term_string}"},"query-input":{"@type":"PropertyValueSpecification","valueRequired":true,"valueName":"search_term_string"}}],"inLanguage":"hr"},{"@type":"Organization","@id":"https:\/\/radioljubuski.ba\/#organization","name":"Radio Ljubu\u0161ki","url":"https:\/\/radioljubuski.ba\/","logo":{"@type":"ImageObject","inLanguage":"hr","@id":"https:\/\/radioljubuski.ba\/#\/schema\/logo\/image\/","url":"https:\/\/radioljubuski.ba\/wp-content\/uploads\/2021\/02\/cropped-Radio_Ljubuski_logo1.jpg","contentUrl":"https:\/\/radioljubuski.ba\/wp-content\/uploads\/2021\/02\/cropped-Radio_Ljubuski_logo1.jpg","width":512,"height":512,"caption":"Radio Ljubu\u0161ki"},"image":{"@id":"https:\/\/radioljubuski.ba\/#\/schema\/logo\/image\/"},"sameAs":["https:\/\/www.facebook.com\/Radiio-Ljubuski-1490835324566332","https:\/\/x.com\/radioljubuski","https:\/\/hr.linkedin.com\/company\/radio-ljubuski","https:\/\/www.youtube.com\/channel\/UCHYaeO_n0Db3tjNGudGpXyw"]},{"@type":"Person","@id":"https:\/\/radioljubuski.ba\/#\/schema\/person\/19fc700381a780f69665d7956c469e3b","name":"Radio Ljubu\u0161ki"}]}},"_links":{"self":[{"href":"https:\/\/radioljubuski.ba\/index.php\/wp-json\/wp\/v2\/posts\/55768","targetHints":{"allow":["GET"]}}],"collection":[{"href":"https:\/\/radioljubuski.ba\/index.php\/wp-json\/wp\/v2\/posts"}],"about":[{"href":"https:\/\/radioljubuski.ba\/index.php\/wp-json\/wp\/v2\/types\/post"}],"author":[{"embeddable":true,"href":"https:\/\/radioljubuski.ba\/index.php\/wp-json\/wp\/v2\/users\/2"}],"replies":[{"embeddable":true,"href":"https:\/\/radioljubuski.ba\/index.php\/wp-json\/wp\/v2\/comments?post=55768"}],"version-history":[{"count":2,"href":"https:\/\/radioljubuski.ba\/index.php\/wp-json\/wp\/v2\/posts\/55768\/revisions"}],"predecessor-version":[{"id":55776,"href":"https:\/\/radioljubuski.ba\/index.php\/wp-json\/wp\/v2\/posts\/55768\/revisions\/55776"}],"wp:featuredmedia":[{"embeddable":true,"href":"https:\/\/radioljubuski.ba\/index.php\/wp-json\/wp\/v2\/media\/55769"}],"wp:attachment":[{"href":"https:\/\/radioljubuski.ba\/index.php\/wp-json\/wp\/v2\/media?parent=55768"}],"wp:term":[{"taxonomy":"category","embeddable":true,"href":"https:\/\/radioljubuski.ba\/index.php\/wp-json\/wp\/v2\/categories?post=55768"},{"taxonomy":"post_tag","embeddable":true,"href":"https:\/\/radioljubuski.ba\/index.php\/wp-json\/wp\/v2\/tags?post=55768"}],"curies":[{"name":"wp","href":"https:\/\/api.w.org\/{rel}","templated":true}]}}