{"id":55777,"date":"2021-08-21T11:15:12","date_gmt":"2021-08-21T10:15:12","guid":{"rendered":"https:\/\/radioljubuski.ba\/?p=55777"},"modified":"2021-08-22T11:14:29","modified_gmt":"2021-08-22T10:14:29","slug":"najava-4-festival-rukometa-grude-2021","status":"publish","type":"post","link":"https:\/\/radioljubuski.ba\/index.php\/2021\/08\/21\/najava-4-festival-rukometa-grude-2021\/","title":{"rendered":"Najava: 4. Festival rukometa \u2013 Grude 2021."},"content":{"rendered":"\n<p>Grude \u0107e od 31.08. do 04.09. ove godine biti doma\u0107ini <strong>4. Festivala rukometa \u2013 Grude 2021.<\/strong><\/p>\n\n\n\n<p>Po ve\u0107 ustaljenom rasporedu festival se sastoji od tri cjeline. Prve aktivnosti u okviru festivala imaju najmla\u0111i sudionici ovog doga\u0111aja, polaznici rukometnog kampa. Ove godine u kampu \u0107e sudjelovati djeca ro\u0111ena 2006. \u2013 2011. godine. U pet dana rada kampa, od 31.08. pa do 04.09.2021. godine ,djeca \u0107e imati \u010dast i privilegiju da ih treniraju vrhunska rukometna imena koja su do sada uglavnom mogli vidjeti samo na TV ekranima.<\/p>\n\n\n\n<p>Kamp je otvorenog tipa i u njemu su osim djece iz Gruda svoje sudjelovanje ve\u0107 prijavila i djeca iz Tomislavgrada, Metkovi\u0107a, Zavidovi\u0107a, Sinja. Brigu o radu kampa vodit \u0107e trener \u0161kole rukometa HRK Grude, Antonio Glava\u0161, u \u010demu \u0107e mu pomagati biv\u0161e i sada\u0161nje trenerice HRK Grude, Marija \u017danko, Zlata Zubac i Kornelija Leko.<\/p>\n\n\n\n<p>Gosti i ujedno treneri na rukometnom kampu te predava\u010di na trenerskom seminaru \u0107e biti:<\/p>\n\n\n\n<p>Lidija Boji\u0107-\u0106a\u0107i\u0107, ispred EHF na festivalu, ina\u010de \u010dlan metodske komisije EHF-a lektorica za edukaciju trenera pri EHF i IHF, Dragan Ad\u017ei\u0107 jedan od najboljih rukometnih trenera svijeta i aktualni izbornik \u017eenske rukometne reprezentacije Slovenije, Hrvoje Horvat, aktualni izbornik mu\u0161ke rukometne reprezentacije Hrvatske, Igor Vori \u2013 legendarni kapetan rukometne reprezentacije Hrvatske, Ivan Terzi\u0107, aktualni izbornik \u017eenske kadetske reprezentacije Crne Gore\u2026<\/p>\n\n\n\n<figure class=\"wp-block-image\"><img decoding=\"async\" src=\"https:\/\/www.grude-online.info\/wp-content\/uploads\/2021\/08\/PLAKAT-4.-FESTIVAL--768x1024.jpg\" alt=\"\" class=\"wp-image-140203\"\/><\/figure>\n\n\n\n<p>Tradicionalno, nezaobilazni dio festivala&nbsp; je seminar trenera koji se organizira u suradnji sa EHF-om , HRS-om&nbsp; i RS Federacije BiH i ove godine se odr\u017eava od 2. do 4. rujna. U okviru seminara \u0107e biti odr\u017eano pet pokaznih treninga, tri predavanja, okrugli stol i radna ve\u010dera na temu implementacije RINCK konvencije u RS BiH. Na trenerskom seminaru su svoje sudjelovanje potvrdili i \u010dlanovi komisije za provedbu RINCK konvencije pri RS BiH , g-din Muris \u0110ug i g-\u0111ica Sanja Bajgori\u0107.<\/p>\n\n\n\n<p>U sredi\u0161njem dijelu festivala , zna\u010di od 01. do 03.09.2021.g u sklopu festivala \u0107e biti odigrane i utakmice \u017eenskih seniorskih ekipa. \u010cetiri prvoliga\u0161a iz tri dr\u017eave \u0107e sigurno prikazati kvalitetan rukomet i upotpuniti ovaj veliki doga\u0111aj.<\/p>\n\n\n\n<p>Raspored utakmica:<\/p>\n\n\n\n<p>01.09.&nbsp; u 13.30 sati&nbsp; \u017dRK Izvi\u0111a\u010d Ljubu\u0161ki(BiH)-\u017dRK Split 2010(CRO)<\/p>\n\n\n\n<p>01.09. u&nbsp; 18.00 sati&nbsp; \u017dRK Split 2010 (CRO)- HRK Grude (BiH)<\/p>\n\n\n\n<p>02.09. u 18.15 sati&nbsp; &nbsp;HRK Grude (BiH)-\u017dRK Rudar (MNE)<\/p>\n\n\n\n<p>03.09. u 13.30 sati&nbsp; &nbsp;\u017dRK Rudar (MNE) \u2013 \u017dRK Izvi\u0111a\u010d Ljubu\u0161ki(BiH)<\/p>\n\n\n\n<p>Sve\u010dano otvaranje festivala je u \u010detvrtak, 02.09.2021.g u 18:00 sati u gradskoj sportskoj dvorani Bili Brig u Grudama.<\/p>\n\n\n\n<p>Ovo \u0107e biti jo\u0161 jedno izdanje grudskog rukometnog festivala na kojem \u0107e svoje mjesto na\u0107i sve rukometne generacije, od djece u kampu preko seniorki na turniru pa do trenera na seminaru.<\/p>\n\n\n\n<p>Izvor:grude-online.info<\/p>\n","protected":false},"excerpt":{"rendered":"<p>Grude \u0107e od 31.08. do 04.09. ove godine biti doma\u0107ini 4. Festivala rukometa \u2013 Grude 2021. Po ve\u0107 ustaljenom rasporedu festival se sastoji od tri cjeline. Prve aktivnosti u okviru festivala imaju najmla\u0111i sudionici ovog doga\u0111aja, polaznici rukometnog kampa. Ove godine u kampu \u0107e sudjelovati djeca ro\u0111ena 2006. \u2013 2011. godine. U pet dana rada [&hellip;]<\/p>\n","protected":false},"author":2,"featured_media":55778,"comment_status":"closed","ping_status":"closed","sticky":false,"template":"","format":"standard","meta":{"h5ap_radio_sources":[],"footnotes":""},"categories":[7],"tags":[],"class_list":["post-55777","post","type-post","status-publish","format-standard","has-post-thumbnail","hentry","category-sport"],"yoast_head":"<!-- This site is optimized with the Yoast SEO plugin v27.5 - https:\/\/yoast.com\/product\/yoast-seo-wordpress\/ -->\n<title>Najava: 4. Festival rukometa \u2013 Grude 2021. - RADIO LJUBU\u0160KI<\/title>\n<meta name=\"robots\" content=\"index, follow, max-snippet:-1, max-image-preview:large, max-video-preview:-1\" \/>\n<link rel=\"canonical\" href=\"https:\/\/radioljubuski.ba\/index.php\/2021\/08\/21\/najava-4-festival-rukometa-grude-2021\/\" \/>\n<meta property=\"og:locale\" content=\"hr_HR\" \/>\n<meta property=\"og:type\" content=\"article\" \/>\n<meta property=\"og:title\" content=\"Najava: 4. Festival rukometa \u2013 Grude 2021. - RADIO LJUBU\u0160KI\" \/>\n<meta property=\"og:description\" content=\"Grude \u0107e od 31.08. do 04.09. ove godine biti doma\u0107ini 4. Festivala rukometa \u2013 Grude 2021. Po ve\u0107 ustaljenom rasporedu festival se sastoji od tri cjeline. Prve aktivnosti u okviru festivala imaju najmla\u0111i sudionici ovog doga\u0111aja, polaznici rukometnog kampa. Ove godine u kampu \u0107e sudjelovati djeca ro\u0111ena 2006. \u2013 2011. godine. U pet dana rada [&hellip;]\" \/>\n<meta property=\"og:url\" content=\"https:\/\/radioljubuski.ba\/index.php\/2021\/08\/21\/najava-4-festival-rukometa-grude-2021\/\" \/>\n<meta property=\"og:site_name\" content=\"RADIO LJUBU\u0160KI\" \/>\n<meta property=\"article:publisher\" content=\"https:\/\/www.facebook.com\/Radiio-Ljubuski-1490835324566332\" \/>\n<meta property=\"article:published_time\" content=\"2021-08-21T10:15:12+00:00\" \/>\n<meta property=\"article:modified_time\" content=\"2021-08-22T10:14:29+00:00\" \/>\n<meta property=\"og:image\" content=\"https:\/\/radioljubuski.ba\/wp-content\/uploads\/2021\/08\/PLAKAT-KAMP-1-1170x1170-1.jpg\" \/>\n\t<meta property=\"og:image:width\" content=\"1170\" \/>\n\t<meta property=\"og:image:height\" content=\"1170\" \/>\n\t<meta property=\"og:image:type\" content=\"image\/jpeg\" \/>\n<meta name=\"author\" content=\"Radio Ljubu\u0161ki\" \/>\n<meta name=\"twitter:card\" content=\"summary_large_image\" \/>\n<meta name=\"twitter:creator\" content=\"@radioljubuski\" \/>\n<meta name=\"twitter:site\" content=\"@radioljubuski\" \/>\n<meta name=\"twitter:label1\" content=\"Napisao\/la\" \/>\n\t<meta name=\"twitter:data1\" content=\"Radio Ljubu\u0161ki\" \/>\n\t<meta name=\"twitter:label2\" content=\"Procijenjeno vrijeme \u010ditanja\" \/>\n\t<meta name=\"twitter:data2\" content=\"3 minute\" \/>\n<script type=\"application\/ld+json\" class=\"yoast-schema-graph\">{\"@context\":\"https:\\\/\\\/schema.org\",\"@graph\":[{\"@type\":\"Article\",\"@id\":\"https:\\\/\\\/radioljubuski.ba\\\/index.php\\\/2021\\\/08\\\/21\\\/najava-4-festival-rukometa-grude-2021\\\/#article\",\"isPartOf\":{\"@id\":\"https:\\\/\\\/radioljubuski.ba\\\/index.php\\\/2021\\\/08\\\/21\\\/najava-4-festival-rukometa-grude-2021\\\/\"},\"author\":{\"name\":\"Radio Ljubu\u0161ki\",\"@id\":\"https:\\\/\\\/radioljubuski.ba\\\/#\\\/schema\\\/person\\\/19fc700381a780f69665d7956c469e3b\"},\"headline\":\"Najava: 4. Festival rukometa \u2013 Grude 2021.\",\"datePublished\":\"2021-08-21T10:15:12+00:00\",\"dateModified\":\"2021-08-22T10:14:29+00:00\",\"mainEntityOfPage\":{\"@id\":\"https:\\\/\\\/radioljubuski.ba\\\/index.php\\\/2021\\\/08\\\/21\\\/najava-4-festival-rukometa-grude-2021\\\/\"},\"wordCount\":444,\"publisher\":{\"@id\":\"https:\\\/\\\/radioljubuski.ba\\\/#organization\"},\"image\":{\"@id\":\"https:\\\/\\\/radioljubuski.ba\\\/index.php\\\/2021\\\/08\\\/21\\\/najava-4-festival-rukometa-grude-2021\\\/#primaryimage\"},\"thumbnailUrl\":\"https:\\\/\\\/radioljubuski.ba\\\/wp-content\\\/uploads\\\/2021\\\/08\\\/PLAKAT-KAMP-1-1170x1170-1.jpg\",\"articleSection\":[\"\u0160port\"],\"inLanguage\":\"hr\"},{\"@type\":\"WebPage\",\"@id\":\"https:\\\/\\\/radioljubuski.ba\\\/index.php\\\/2021\\\/08\\\/21\\\/najava-4-festival-rukometa-grude-2021\\\/\",\"url\":\"https:\\\/\\\/radioljubuski.ba\\\/index.php\\\/2021\\\/08\\\/21\\\/najava-4-festival-rukometa-grude-2021\\\/\",\"name\":\"Najava: 4. Festival rukometa \u2013 Grude 2021. - RADIO LJUBU\u0160KI\",\"isPartOf\":{\"@id\":\"https:\\\/\\\/radioljubuski.ba\\\/#website\"},\"primaryImageOfPage\":{\"@id\":\"https:\\\/\\\/radioljubuski.ba\\\/index.php\\\/2021\\\/08\\\/21\\\/najava-4-festival-rukometa-grude-2021\\\/#primaryimage\"},\"image\":{\"@id\":\"https:\\\/\\\/radioljubuski.ba\\\/index.php\\\/2021\\\/08\\\/21\\\/najava-4-festival-rukometa-grude-2021\\\/#primaryimage\"},\"thumbnailUrl\":\"https:\\\/\\\/radioljubuski.ba\\\/wp-content\\\/uploads\\\/2021\\\/08\\\/PLAKAT-KAMP-1-1170x1170-1.jpg\",\"datePublished\":\"2021-08-21T10:15:12+00:00\",\"dateModified\":\"2021-08-22T10:14:29+00:00\",\"breadcrumb\":{\"@id\":\"https:\\\/\\\/radioljubuski.ba\\\/index.php\\\/2021\\\/08\\\/21\\\/najava-4-festival-rukometa-grude-2021\\\/#breadcrumb\"},\"inLanguage\":\"hr\",\"potentialAction\":[{\"@type\":\"ReadAction\",\"target\":[\"https:\\\/\\\/radioljubuski.ba\\\/index.php\\\/2021\\\/08\\\/21\\\/najava-4-festival-rukometa-grude-2021\\\/\"]}]},{\"@type\":\"ImageObject\",\"inLanguage\":\"hr\",\"@id\":\"https:\\\/\\\/radioljubuski.ba\\\/index.php\\\/2021\\\/08\\\/21\\\/najava-4-festival-rukometa-grude-2021\\\/#primaryimage\",\"url\":\"https:\\\/\\\/radioljubuski.ba\\\/wp-content\\\/uploads\\\/2021\\\/08\\\/PLAKAT-KAMP-1-1170x1170-1.jpg\",\"contentUrl\":\"https:\\\/\\\/radioljubuski.ba\\\/wp-content\\\/uploads\\\/2021\\\/08\\\/PLAKAT-KAMP-1-1170x1170-1.jpg\",\"width\":1170,\"height\":1170},{\"@type\":\"BreadcrumbList\",\"@id\":\"https:\\\/\\\/radioljubuski.ba\\\/index.php\\\/2021\\\/08\\\/21\\\/najava-4-festival-rukometa-grude-2021\\\/#breadcrumb\",\"itemListElement\":[{\"@type\":\"ListItem\",\"position\":1,\"name\":\"Po\u010detna stranica\",\"item\":\"https:\\\/\\\/radioljubuski.ba\\\/\"},{\"@type\":\"ListItem\",\"position\":2,\"name\":\"Najava: 4. Festival rukometa \u2013 Grude 2021.\"}]},{\"@type\":\"WebSite\",\"@id\":\"https:\\\/\\\/radioljubuski.ba\\\/#website\",\"url\":\"https:\\\/\\\/radioljubuski.ba\\\/\",\"name\":\"Radio Ljubu\u0161ki\",\"description\":\"Sun\u010dana frekvencija Hercegovine\",\"publisher\":{\"@id\":\"https:\\\/\\\/radioljubuski.ba\\\/#organization\"},\"potentialAction\":[{\"@type\":\"SearchAction\",\"target\":{\"@type\":\"EntryPoint\",\"urlTemplate\":\"https:\\\/\\\/radioljubuski.ba\\\/?s={search_term_string}\"},\"query-input\":{\"@type\":\"PropertyValueSpecification\",\"valueRequired\":true,\"valueName\":\"search_term_string\"}}],\"inLanguage\":\"hr\"},{\"@type\":\"Organization\",\"@id\":\"https:\\\/\\\/radioljubuski.ba\\\/#organization\",\"name\":\"Radio Ljubu\u0161ki\",\"url\":\"https:\\\/\\\/radioljubuski.ba\\\/\",\"logo\":{\"@type\":\"ImageObject\",\"inLanguage\":\"hr\",\"@id\":\"https:\\\/\\\/radioljubuski.ba\\\/#\\\/schema\\\/logo\\\/image\\\/\",\"url\":\"https:\\\/\\\/radioljubuski.ba\\\/wp-content\\\/uploads\\\/2021\\\/02\\\/cropped-Radio_Ljubuski_logo1.jpg\",\"contentUrl\":\"https:\\\/\\\/radioljubuski.ba\\\/wp-content\\\/uploads\\\/2021\\\/02\\\/cropped-Radio_Ljubuski_logo1.jpg\",\"width\":512,\"height\":512,\"caption\":\"Radio Ljubu\u0161ki\"},\"image\":{\"@id\":\"https:\\\/\\\/radioljubuski.ba\\\/#\\\/schema\\\/logo\\\/image\\\/\"},\"sameAs\":[\"https:\\\/\\\/www.facebook.com\\\/Radiio-Ljubuski-1490835324566332\",\"https:\\\/\\\/x.com\\\/radioljubuski\",\"https:\\\/\\\/hr.linkedin.com\\\/company\\\/radio-ljubuski\",\"https:\\\/\\\/www.youtube.com\\\/channel\\\/UCHYaeO_n0Db3tjNGudGpXyw\"]},{\"@type\":\"Person\",\"@id\":\"https:\\\/\\\/radioljubuski.ba\\\/#\\\/schema\\\/person\\\/19fc700381a780f69665d7956c469e3b\",\"name\":\"Radio Ljubu\u0161ki\"}]}<\/script>\n<!-- \/ Yoast SEO plugin. -->","yoast_head_json":{"title":"Najava: 4. Festival rukometa \u2013 Grude 2021. - RADIO LJUBU\u0160KI","robots":{"index":"index","follow":"follow","max-snippet":"max-snippet:-1","max-image-preview":"max-image-preview:large","max-video-preview":"max-video-preview:-1"},"canonical":"https:\/\/radioljubuski.ba\/index.php\/2021\/08\/21\/najava-4-festival-rukometa-grude-2021\/","og_locale":"hr_HR","og_type":"article","og_title":"Najava: 4. Festival rukometa \u2013 Grude 2021. - RADIO LJUBU\u0160KI","og_description":"Grude \u0107e od 31.08. do 04.09. ove godine biti doma\u0107ini 4. Festivala rukometa \u2013 Grude 2021. Po ve\u0107 ustaljenom rasporedu festival se sastoji od tri cjeline. Prve aktivnosti u okviru festivala imaju najmla\u0111i sudionici ovog doga\u0111aja, polaznici rukometnog kampa. Ove godine u kampu \u0107e sudjelovati djeca ro\u0111ena 2006. \u2013 2011. godine. U pet dana rada [&hellip;]","og_url":"https:\/\/radioljubuski.ba\/index.php\/2021\/08\/21\/najava-4-festival-rukometa-grude-2021\/","og_site_name":"RADIO LJUBU\u0160KI","article_publisher":"https:\/\/www.facebook.com\/Radiio-Ljubuski-1490835324566332","article_published_time":"2021-08-21T10:15:12+00:00","article_modified_time":"2021-08-22T10:14:29+00:00","og_image":[{"width":1170,"height":1170,"url":"https:\/\/radioljubuski.ba\/wp-content\/uploads\/2021\/08\/PLAKAT-KAMP-1-1170x1170-1.jpg","type":"image\/jpeg"}],"author":"Radio Ljubu\u0161ki","twitter_card":"summary_large_image","twitter_creator":"@radioljubuski","twitter_site":"@radioljubuski","twitter_misc":{"Napisao\/la":"Radio Ljubu\u0161ki","Procijenjeno vrijeme \u010ditanja":"3 minute"},"schema":{"@context":"https:\/\/schema.org","@graph":[{"@type":"Article","@id":"https:\/\/radioljubuski.ba\/index.php\/2021\/08\/21\/najava-4-festival-rukometa-grude-2021\/#article","isPartOf":{"@id":"https:\/\/radioljubuski.ba\/index.php\/2021\/08\/21\/najava-4-festival-rukometa-grude-2021\/"},"author":{"name":"Radio Ljubu\u0161ki","@id":"https:\/\/radioljubuski.ba\/#\/schema\/person\/19fc700381a780f69665d7956c469e3b"},"headline":"Najava: 4. Festival rukometa \u2013 Grude 2021.","datePublished":"2021-08-21T10:15:12+00:00","dateModified":"2021-08-22T10:14:29+00:00","mainEntityOfPage":{"@id":"https:\/\/radioljubuski.ba\/index.php\/2021\/08\/21\/najava-4-festival-rukometa-grude-2021\/"},"wordCount":444,"publisher":{"@id":"https:\/\/radioljubuski.ba\/#organization"},"image":{"@id":"https:\/\/radioljubuski.ba\/index.php\/2021\/08\/21\/najava-4-festival-rukometa-grude-2021\/#primaryimage"},"thumbnailUrl":"https:\/\/radioljubuski.ba\/wp-content\/uploads\/2021\/08\/PLAKAT-KAMP-1-1170x1170-1.jpg","articleSection":["\u0160port"],"inLanguage":"hr"},{"@type":"WebPage","@id":"https:\/\/radioljubuski.ba\/index.php\/2021\/08\/21\/najava-4-festival-rukometa-grude-2021\/","url":"https:\/\/radioljubuski.ba\/index.php\/2021\/08\/21\/najava-4-festival-rukometa-grude-2021\/","name":"Najava: 4. Festival rukometa \u2013 Grude 2021. - RADIO LJUBU\u0160KI","isPartOf":{"@id":"https:\/\/radioljubuski.ba\/#website"},"primaryImageOfPage":{"@id":"https:\/\/radioljubuski.ba\/index.php\/2021\/08\/21\/najava-4-festival-rukometa-grude-2021\/#primaryimage"},"image":{"@id":"https:\/\/radioljubuski.ba\/index.php\/2021\/08\/21\/najava-4-festival-rukometa-grude-2021\/#primaryimage"},"thumbnailUrl":"https:\/\/radioljubuski.ba\/wp-content\/uploads\/2021\/08\/PLAKAT-KAMP-1-1170x1170-1.jpg","datePublished":"2021-08-21T10:15:12+00:00","dateModified":"2021-08-22T10:14:29+00:00","breadcrumb":{"@id":"https:\/\/radioljubuski.ba\/index.php\/2021\/08\/21\/najava-4-festival-rukometa-grude-2021\/#breadcrumb"},"inLanguage":"hr","potentialAction":[{"@type":"ReadAction","target":["https:\/\/radioljubuski.ba\/index.php\/2021\/08\/21\/najava-4-festival-rukometa-grude-2021\/"]}]},{"@type":"ImageObject","inLanguage":"hr","@id":"https:\/\/radioljubuski.ba\/index.php\/2021\/08\/21\/najava-4-festival-rukometa-grude-2021\/#primaryimage","url":"https:\/\/radioljubuski.ba\/wp-content\/uploads\/2021\/08\/PLAKAT-KAMP-1-1170x1170-1.jpg","contentUrl":"https:\/\/radioljubuski.ba\/wp-content\/uploads\/2021\/08\/PLAKAT-KAMP-1-1170x1170-1.jpg","width":1170,"height":1170},{"@type":"BreadcrumbList","@id":"https:\/\/radioljubuski.ba\/index.php\/2021\/08\/21\/najava-4-festival-rukometa-grude-2021\/#breadcrumb","itemListElement":[{"@type":"ListItem","position":1,"name":"Po\u010detna stranica","item":"https:\/\/radioljubuski.ba\/"},{"@type":"ListItem","position":2,"name":"Najava: 4. Festival rukometa \u2013 Grude 2021."}]},{"@type":"WebSite","@id":"https:\/\/radioljubuski.ba\/#website","url":"https:\/\/radioljubuski.ba\/","name":"Radio Ljubu\u0161ki","description":"Sun\u010dana frekvencija Hercegovine","publisher":{"@id":"https:\/\/radioljubuski.ba\/#organization"},"potentialAction":[{"@type":"SearchAction","target":{"@type":"EntryPoint","urlTemplate":"https:\/\/radioljubuski.ba\/?s={search_term_string}"},"query-input":{"@type":"PropertyValueSpecification","valueRequired":true,"valueName":"search_term_string"}}],"inLanguage":"hr"},{"@type":"Organization","@id":"https:\/\/radioljubuski.ba\/#organization","name":"Radio Ljubu\u0161ki","url":"https:\/\/radioljubuski.ba\/","logo":{"@type":"ImageObject","inLanguage":"hr","@id":"https:\/\/radioljubuski.ba\/#\/schema\/logo\/image\/","url":"https:\/\/radioljubuski.ba\/wp-content\/uploads\/2021\/02\/cropped-Radio_Ljubuski_logo1.jpg","contentUrl":"https:\/\/radioljubuski.ba\/wp-content\/uploads\/2021\/02\/cropped-Radio_Ljubuski_logo1.jpg","width":512,"height":512,"caption":"Radio Ljubu\u0161ki"},"image":{"@id":"https:\/\/radioljubuski.ba\/#\/schema\/logo\/image\/"},"sameAs":["https:\/\/www.facebook.com\/Radiio-Ljubuski-1490835324566332","https:\/\/x.com\/radioljubuski","https:\/\/hr.linkedin.com\/company\/radio-ljubuski","https:\/\/www.youtube.com\/channel\/UCHYaeO_n0Db3tjNGudGpXyw"]},{"@type":"Person","@id":"https:\/\/radioljubuski.ba\/#\/schema\/person\/19fc700381a780f69665d7956c469e3b","name":"Radio Ljubu\u0161ki"}]}},"_links":{"self":[{"href":"https:\/\/radioljubuski.ba\/index.php\/wp-json\/wp\/v2\/posts\/55777","targetHints":{"allow":["GET"]}}],"collection":[{"href":"https:\/\/radioljubuski.ba\/index.php\/wp-json\/wp\/v2\/posts"}],"about":[{"href":"https:\/\/radioljubuski.ba\/index.php\/wp-json\/wp\/v2\/types\/post"}],"author":[{"embeddable":true,"href":"https:\/\/radioljubuski.ba\/index.php\/wp-json\/wp\/v2\/users\/2"}],"replies":[{"embeddable":true,"href":"https:\/\/radioljubuski.ba\/index.php\/wp-json\/wp\/v2\/comments?post=55777"}],"version-history":[{"count":1,"href":"https:\/\/radioljubuski.ba\/index.php\/wp-json\/wp\/v2\/posts\/55777\/revisions"}],"predecessor-version":[{"id":55779,"href":"https:\/\/radioljubuski.ba\/index.php\/wp-json\/wp\/v2\/posts\/55777\/revisions\/55779"}],"wp:featuredmedia":[{"embeddable":true,"href":"https:\/\/radioljubuski.ba\/index.php\/wp-json\/wp\/v2\/media\/55778"}],"wp:attachment":[{"href":"https:\/\/radioljubuski.ba\/index.php\/wp-json\/wp\/v2\/media?parent=55777"}],"wp:term":[{"taxonomy":"category","embeddable":true,"href":"https:\/\/radioljubuski.ba\/index.php\/wp-json\/wp\/v2\/categories?post=55777"},{"taxonomy":"post_tag","embeddable":true,"href":"https:\/\/radioljubuski.ba\/index.php\/wp-json\/wp\/v2\/tags?post=55777"}],"curies":[{"name":"wp","href":"https:\/\/api.w.org\/{rel}","templated":true}]}}