{"id":55857,"date":"2021-08-21T15:11:24","date_gmt":"2021-08-21T14:11:24","guid":{"rendered":"https:\/\/radioljubuski.ba\/?p=55857"},"modified":"2021-08-21T15:11:25","modified_gmt":"2021-08-21T14:11:25","slug":"obiljezen-europski-dan-sjecanja-na-zrtve-totalitarnih-rezima-fasizma-nacizma-i-komunizma-na-bilima","status":"publish","type":"post","link":"https:\/\/radioljubuski.ba\/index.php\/2021\/08\/21\/obiljezen-europski-dan-sjecanja-na-zrtve-totalitarnih-rezima-fasizma-nacizma-i-komunizma-na-bilima\/","title":{"rendered":"Obilje\u017een Europski dan sje\u0107anja na \u017ertve totalitarnih re\u017eima, fa\u0161izma, nacizma i komunizma na Bilima"},"content":{"rendered":"\n<p>Povodom Europskog dana sje\u0107anja na \u017ertve totalitarnog re\u017eima danas se na Groblju mira na Bilima slu\u017eila sveta misa te je odr\u017eana komemoracija za sve \u017ertve Drugog svjetskog rata, pora\u0107a i Domovinskog rata.&nbsp;<\/p>\n\n\n\n<p><br>Sve\u010dano misno slavlje ispred crkve sv. Josipa, predvodio je mons. Petar Pali\u0107, biskup mostarsko-duvanjski i apostolski upravitelj trebinjsko-mrkanski.&nbsp;<br>\u201eIstina nema alternative, jer istina dovodi do pravde, a u\u010dvr\u0161\u0107uje mir. Dokle god povijest po\u010diva na neistinama i mitovima, na jednostranom pogledu na stvarnost, budu\u0107nost po\u010diva na klimavima nogama. Kako bismo bili korak bli\u017ee istine Europski parlament je 2008. godine donio rezoluciju kojom je pozvao sve svoje \u010dlanice na obilje\u017eavanje Dana sje\u0107anja na \u017ertve totalitarnih re\u017eima, komunizma, nacizma i fa\u0161izma\u201c, naglaso je biskup Pali\u0107 svojoj propovijedi, te je zaklju\u010dio kako je: \u201eMoralna &nbsp;du\u017enost svih nas boriti se za istinu i o\u010duvati spomen na ubijene.<\/p>\n\n\n\n<p>Obilje\u017eavanju obljetnice nazo\u010dili su predstavnici crkve u Hrvata, visoki du\u017enosnici Hrvatskog narodnog sabora, izaslanstvo Republike Hrvatske, predstavnici dru\u0161tvenog, kulturnog, politi\u010dkog i gospodarskog \u017eivota Bosne i Hercegovine.&nbsp;<br>Brojno izaslanstvo du\u017enosnika Hrvatskog narodnog sabora predvodio je predsjednik dr. Dragan \u010covi\u0107, koji se nazo\u010dnima obratio nakon svete mise.<\/p>\n\n\n\n<p>\u201eDrago mi je da danas mo\u017eemo s ponosom nakon osam godina \u0161to smo postavili kamen temeljac svjedo\u010diti da imamo obrise Groblja Mira na Bilima. Ja sam presretan da svi oni koji su sumnjali da \u0107emo mi nakon kamena temeljca do\u0107i do ove razine i napraviti jedno posebno mjesto sje\u0107anja da sve \u017ertve Domovinskog rata, Drugog svjetskog rata i pora\u0107a na jednom mjestu, svih Hrvata i ne samo Hrvata BiH i jedne i druge strane granice BiH i Hrvatske. Od Posavine, Sredi\u0161nje Bosne i na\u0161e Hercegovine. Danas mo\u017eemo svjedo\u010diti da smo na pravom putu, a \u010duli smo puno rije\u010di u ovih osam godina a najzna\u010dajnija od svih njih koju smo kazali i sa ove govornice i sa mnogih drugih govornica je da smo dali doprinos da se skine veo \u0161utnje o \u017ertvama kri\u017enog puta. Zbog toga danas s ponosom mo\u017eemo gledati u o\u010di one malobrojne pre\u017eivjele koji mogu svjedo\u010diti o ovome Kri\u017enom putu. Jasno je da ih je svaki dan sve manje. Upravo na tragu onome \u0161to gradimo ovdje na Groblju Mira razmi\u0161ljamo o svojoj budu\u0107nosti\u201c, istaknuo je dr. \u010covi\u0107.<\/p>\n\n\n\n<p>Jednostavno, svaki zlo\u010din je samo zlo\u010din i mora se na takav na\u010din vrednovati. Nastojat \u0107emo imati vrlo brzo, uz deset godina, ovdje postaviti desetak tisu\u0107a kri\u017eeva koji \u0107e svjedo\u010diti o svima onima koji su nastojali zaboraviti i na neki na\u010din prikriti sve ono \u0161to se doga\u0111alo prije osam desetlje\u0107a\u201c, kazao je predsjednik \u010covi\u0107.<br>Po zavr\u0161etku komemoracije, izaslanstva su polo\u017ela vijenac i svije\u0107e svim \u017ertvama totalitarnih re\u017eima.<\/p>\n\n\n\n<p>Izvor:pogled.ba<\/p>\n","protected":false},"excerpt":{"rendered":"<p>Povodom Europskog dana sje\u0107anja na \u017ertve totalitarnog re\u017eima danas se na Groblju mira na Bilima slu\u017eila sveta misa te je odr\u017eana komemoracija za sve \u017ertve Drugog svjetskog rata, pora\u0107a i Domovinskog rata.&nbsp; Sve\u010dano misno slavlje ispred crkve sv. Josipa, predvodio je mons. Petar Pali\u0107, biskup mostarsko-duvanjski i apostolski upravitelj trebinjsko-mrkanski.&nbsp;\u201eIstina nema alternative, jer istina dovodi [&hellip;]<\/p>\n","protected":false},"author":2,"featured_media":55858,"comment_status":"closed","ping_status":"closed","sticky":false,"template":"","format":"standard","meta":{"h5ap_radio_sources":[],"footnotes":""},"categories":[1],"tags":[],"class_list":["post-55857","post","type-post","status-publish","format-standard","has-post-thumbnail","hentry","category-bihiregija"],"yoast_head":"<!-- This site is optimized with the Yoast SEO plugin v27.5 - https:\/\/yoast.com\/product\/yoast-seo-wordpress\/ -->\n<title>Obilje\u017een Europski dan sje\u0107anja na \u017ertve totalitarnih re\u017eima, fa\u0161izma, nacizma i komunizma na Bilima - RADIO LJUBU\u0160KI<\/title>\n<meta name=\"robots\" content=\"index, follow, max-snippet:-1, max-image-preview:large, max-video-preview:-1\" \/>\n<link rel=\"canonical\" href=\"https:\/\/radioljubuski.ba\/index.php\/2021\/08\/21\/obiljezen-europski-dan-sjecanja-na-zrtve-totalitarnih-rezima-fasizma-nacizma-i-komunizma-na-bilima\/\" \/>\n<meta property=\"og:locale\" content=\"hr_HR\" \/>\n<meta property=\"og:type\" content=\"article\" \/>\n<meta property=\"og:title\" content=\"Obilje\u017een Europski dan sje\u0107anja na \u017ertve totalitarnih re\u017eima, fa\u0161izma, nacizma i komunizma na Bilima - RADIO LJUBU\u0160KI\" \/>\n<meta property=\"og:description\" content=\"Povodom Europskog dana sje\u0107anja na \u017ertve totalitarnog re\u017eima danas se na Groblju mira na Bilima slu\u017eila sveta misa te je odr\u017eana komemoracija za sve \u017ertve Drugog svjetskog rata, pora\u0107a i Domovinskog rata.&nbsp; Sve\u010dano misno slavlje ispred crkve sv. Josipa, predvodio je mons. Petar Pali\u0107, biskup mostarsko-duvanjski i apostolski upravitelj trebinjsko-mrkanski.&nbsp;\u201eIstina nema alternative, jer istina dovodi [&hellip;]\" \/>\n<meta property=\"og:url\" content=\"https:\/\/radioljubuski.ba\/index.php\/2021\/08\/21\/obiljezen-europski-dan-sjecanja-na-zrtve-totalitarnih-rezima-fasizma-nacizma-i-komunizma-na-bilima\/\" \/>\n<meta property=\"og:site_name\" content=\"RADIO LJUBU\u0160KI\" \/>\n<meta property=\"article:publisher\" content=\"https:\/\/www.facebook.com\/Radiio-Ljubuski-1490835324566332\" \/>\n<meta property=\"article:published_time\" content=\"2021-08-21T14:11:24+00:00\" \/>\n<meta property=\"article:modified_time\" content=\"2021-08-21T14:11:25+00:00\" \/>\n<meta property=\"og:image\" content=\"https:\/\/radioljubuski.ba\/wp-content\/uploads\/2021\/08\/2-2021-08-21-15-31-11-hdz-bili.jpg\" \/>\n\t<meta property=\"og:image:width\" content=\"1000\" \/>\n\t<meta property=\"og:image:height\" content=\"625\" \/>\n\t<meta property=\"og:image:type\" content=\"image\/jpeg\" \/>\n<meta name=\"author\" content=\"Radio Ljubu\u0161ki\" \/>\n<meta name=\"twitter:card\" content=\"summary_large_image\" \/>\n<meta name=\"twitter:creator\" content=\"@radioljubuski\" \/>\n<meta name=\"twitter:site\" content=\"@radioljubuski\" \/>\n<meta name=\"twitter:label1\" content=\"Napisao\/la\" \/>\n\t<meta name=\"twitter:data1\" content=\"Radio Ljubu\u0161ki\" \/>\n\t<meta name=\"twitter:label2\" content=\"Procijenjeno vrijeme \u010ditanja\" \/>\n\t<meta name=\"twitter:data2\" content=\"2 minute\" \/>\n<script type=\"application\/ld+json\" class=\"yoast-schema-graph\">{\"@context\":\"https:\\\/\\\/schema.org\",\"@graph\":[{\"@type\":\"Article\",\"@id\":\"https:\\\/\\\/radioljubuski.ba\\\/index.php\\\/2021\\\/08\\\/21\\\/obiljezen-europski-dan-sjecanja-na-zrtve-totalitarnih-rezima-fasizma-nacizma-i-komunizma-na-bilima\\\/#article\",\"isPartOf\":{\"@id\":\"https:\\\/\\\/radioljubuski.ba\\\/index.php\\\/2021\\\/08\\\/21\\\/obiljezen-europski-dan-sjecanja-na-zrtve-totalitarnih-rezima-fasizma-nacizma-i-komunizma-na-bilima\\\/\"},\"author\":{\"name\":\"Radio Ljubu\u0161ki\",\"@id\":\"https:\\\/\\\/radioljubuski.ba\\\/#\\\/schema\\\/person\\\/19fc700381a780f69665d7956c469e3b\"},\"headline\":\"Obilje\u017een Europski dan sje\u0107anja na \u017ertve totalitarnih re\u017eima, fa\u0161izma, nacizma i komunizma na Bilima\",\"datePublished\":\"2021-08-21T14:11:24+00:00\",\"dateModified\":\"2021-08-21T14:11:25+00:00\",\"mainEntityOfPage\":{\"@id\":\"https:\\\/\\\/radioljubuski.ba\\\/index.php\\\/2021\\\/08\\\/21\\\/obiljezen-europski-dan-sjecanja-na-zrtve-totalitarnih-rezima-fasizma-nacizma-i-komunizma-na-bilima\\\/\"},\"wordCount\":506,\"publisher\":{\"@id\":\"https:\\\/\\\/radioljubuski.ba\\\/#organization\"},\"image\":{\"@id\":\"https:\\\/\\\/radioljubuski.ba\\\/index.php\\\/2021\\\/08\\\/21\\\/obiljezen-europski-dan-sjecanja-na-zrtve-totalitarnih-rezima-fasizma-nacizma-i-komunizma-na-bilima\\\/#primaryimage\"},\"thumbnailUrl\":\"https:\\\/\\\/radioljubuski.ba\\\/wp-content\\\/uploads\\\/2021\\\/08\\\/2-2021-08-21-15-31-11-hdz-bili.jpg\",\"articleSection\":[\"BIH i regija\"],\"inLanguage\":\"hr\"},{\"@type\":\"WebPage\",\"@id\":\"https:\\\/\\\/radioljubuski.ba\\\/index.php\\\/2021\\\/08\\\/21\\\/obiljezen-europski-dan-sjecanja-na-zrtve-totalitarnih-rezima-fasizma-nacizma-i-komunizma-na-bilima\\\/\",\"url\":\"https:\\\/\\\/radioljubuski.ba\\\/index.php\\\/2021\\\/08\\\/21\\\/obiljezen-europski-dan-sjecanja-na-zrtve-totalitarnih-rezima-fasizma-nacizma-i-komunizma-na-bilima\\\/\",\"name\":\"Obilje\u017een Europski dan sje\u0107anja na \u017ertve totalitarnih re\u017eima, fa\u0161izma, nacizma i komunizma na Bilima - RADIO LJUBU\u0160KI\",\"isPartOf\":{\"@id\":\"https:\\\/\\\/radioljubuski.ba\\\/#website\"},\"primaryImageOfPage\":{\"@id\":\"https:\\\/\\\/radioljubuski.ba\\\/index.php\\\/2021\\\/08\\\/21\\\/obiljezen-europski-dan-sjecanja-na-zrtve-totalitarnih-rezima-fasizma-nacizma-i-komunizma-na-bilima\\\/#primaryimage\"},\"image\":{\"@id\":\"https:\\\/\\\/radioljubuski.ba\\\/index.php\\\/2021\\\/08\\\/21\\\/obiljezen-europski-dan-sjecanja-na-zrtve-totalitarnih-rezima-fasizma-nacizma-i-komunizma-na-bilima\\\/#primaryimage\"},\"thumbnailUrl\":\"https:\\\/\\\/radioljubuski.ba\\\/wp-content\\\/uploads\\\/2021\\\/08\\\/2-2021-08-21-15-31-11-hdz-bili.jpg\",\"datePublished\":\"2021-08-21T14:11:24+00:00\",\"dateModified\":\"2021-08-21T14:11:25+00:00\",\"breadcrumb\":{\"@id\":\"https:\\\/\\\/radioljubuski.ba\\\/index.php\\\/2021\\\/08\\\/21\\\/obiljezen-europski-dan-sjecanja-na-zrtve-totalitarnih-rezima-fasizma-nacizma-i-komunizma-na-bilima\\\/#breadcrumb\"},\"inLanguage\":\"hr\",\"potentialAction\":[{\"@type\":\"ReadAction\",\"target\":[\"https:\\\/\\\/radioljubuski.ba\\\/index.php\\\/2021\\\/08\\\/21\\\/obiljezen-europski-dan-sjecanja-na-zrtve-totalitarnih-rezima-fasizma-nacizma-i-komunizma-na-bilima\\\/\"]}]},{\"@type\":\"ImageObject\",\"inLanguage\":\"hr\",\"@id\":\"https:\\\/\\\/radioljubuski.ba\\\/index.php\\\/2021\\\/08\\\/21\\\/obiljezen-europski-dan-sjecanja-na-zrtve-totalitarnih-rezima-fasizma-nacizma-i-komunizma-na-bilima\\\/#primaryimage\",\"url\":\"https:\\\/\\\/radioljubuski.ba\\\/wp-content\\\/uploads\\\/2021\\\/08\\\/2-2021-08-21-15-31-11-hdz-bili.jpg\",\"contentUrl\":\"https:\\\/\\\/radioljubuski.ba\\\/wp-content\\\/uploads\\\/2021\\\/08\\\/2-2021-08-21-15-31-11-hdz-bili.jpg\",\"width\":1000,\"height\":625},{\"@type\":\"BreadcrumbList\",\"@id\":\"https:\\\/\\\/radioljubuski.ba\\\/index.php\\\/2021\\\/08\\\/21\\\/obiljezen-europski-dan-sjecanja-na-zrtve-totalitarnih-rezima-fasizma-nacizma-i-komunizma-na-bilima\\\/#breadcrumb\",\"itemListElement\":[{\"@type\":\"ListItem\",\"position\":1,\"name\":\"Po\u010detna stranica\",\"item\":\"https:\\\/\\\/radioljubuski.ba\\\/\"},{\"@type\":\"ListItem\",\"position\":2,\"name\":\"Obilje\u017een Europski dan sje\u0107anja na \u017ertve totalitarnih re\u017eima, fa\u0161izma, nacizma i komunizma na Bilima\"}]},{\"@type\":\"WebSite\",\"@id\":\"https:\\\/\\\/radioljubuski.ba\\\/#website\",\"url\":\"https:\\\/\\\/radioljubuski.ba\\\/\",\"name\":\"Radio Ljubu\u0161ki\",\"description\":\"Sun\u010dana frekvencija Hercegovine\",\"publisher\":{\"@id\":\"https:\\\/\\\/radioljubuski.ba\\\/#organization\"},\"potentialAction\":[{\"@type\":\"SearchAction\",\"target\":{\"@type\":\"EntryPoint\",\"urlTemplate\":\"https:\\\/\\\/radioljubuski.ba\\\/?s={search_term_string}\"},\"query-input\":{\"@type\":\"PropertyValueSpecification\",\"valueRequired\":true,\"valueName\":\"search_term_string\"}}],\"inLanguage\":\"hr\"},{\"@type\":\"Organization\",\"@id\":\"https:\\\/\\\/radioljubuski.ba\\\/#organization\",\"name\":\"Radio Ljubu\u0161ki\",\"url\":\"https:\\\/\\\/radioljubuski.ba\\\/\",\"logo\":{\"@type\":\"ImageObject\",\"inLanguage\":\"hr\",\"@id\":\"https:\\\/\\\/radioljubuski.ba\\\/#\\\/schema\\\/logo\\\/image\\\/\",\"url\":\"https:\\\/\\\/radioljubuski.ba\\\/wp-content\\\/uploads\\\/2021\\\/02\\\/cropped-Radio_Ljubuski_logo1.jpg\",\"contentUrl\":\"https:\\\/\\\/radioljubuski.ba\\\/wp-content\\\/uploads\\\/2021\\\/02\\\/cropped-Radio_Ljubuski_logo1.jpg\",\"width\":512,\"height\":512,\"caption\":\"Radio Ljubu\u0161ki\"},\"image\":{\"@id\":\"https:\\\/\\\/radioljubuski.ba\\\/#\\\/schema\\\/logo\\\/image\\\/\"},\"sameAs\":[\"https:\\\/\\\/www.facebook.com\\\/Radiio-Ljubuski-1490835324566332\",\"https:\\\/\\\/x.com\\\/radioljubuski\",\"https:\\\/\\\/hr.linkedin.com\\\/company\\\/radio-ljubuski\",\"https:\\\/\\\/www.youtube.com\\\/channel\\\/UCHYaeO_n0Db3tjNGudGpXyw\"]},{\"@type\":\"Person\",\"@id\":\"https:\\\/\\\/radioljubuski.ba\\\/#\\\/schema\\\/person\\\/19fc700381a780f69665d7956c469e3b\",\"name\":\"Radio Ljubu\u0161ki\"}]}<\/script>\n<!-- \/ Yoast SEO plugin. -->","yoast_head_json":{"title":"Obilje\u017een Europski dan sje\u0107anja na \u017ertve totalitarnih re\u017eima, fa\u0161izma, nacizma i komunizma na Bilima - RADIO LJUBU\u0160KI","robots":{"index":"index","follow":"follow","max-snippet":"max-snippet:-1","max-image-preview":"max-image-preview:large","max-video-preview":"max-video-preview:-1"},"canonical":"https:\/\/radioljubuski.ba\/index.php\/2021\/08\/21\/obiljezen-europski-dan-sjecanja-na-zrtve-totalitarnih-rezima-fasizma-nacizma-i-komunizma-na-bilima\/","og_locale":"hr_HR","og_type":"article","og_title":"Obilje\u017een Europski dan sje\u0107anja na \u017ertve totalitarnih re\u017eima, fa\u0161izma, nacizma i komunizma na Bilima - RADIO LJUBU\u0160KI","og_description":"Povodom Europskog dana sje\u0107anja na \u017ertve totalitarnog re\u017eima danas se na Groblju mira na Bilima slu\u017eila sveta misa te je odr\u017eana komemoracija za sve \u017ertve Drugog svjetskog rata, pora\u0107a i Domovinskog rata.&nbsp; Sve\u010dano misno slavlje ispred crkve sv. Josipa, predvodio je mons. Petar Pali\u0107, biskup mostarsko-duvanjski i apostolski upravitelj trebinjsko-mrkanski.&nbsp;\u201eIstina nema alternative, jer istina dovodi [&hellip;]","og_url":"https:\/\/radioljubuski.ba\/index.php\/2021\/08\/21\/obiljezen-europski-dan-sjecanja-na-zrtve-totalitarnih-rezima-fasizma-nacizma-i-komunizma-na-bilima\/","og_site_name":"RADIO LJUBU\u0160KI","article_publisher":"https:\/\/www.facebook.com\/Radiio-Ljubuski-1490835324566332","article_published_time":"2021-08-21T14:11:24+00:00","article_modified_time":"2021-08-21T14:11:25+00:00","og_image":[{"width":1000,"height":625,"url":"https:\/\/radioljubuski.ba\/wp-content\/uploads\/2021\/08\/2-2021-08-21-15-31-11-hdz-bili.jpg","type":"image\/jpeg"}],"author":"Radio Ljubu\u0161ki","twitter_card":"summary_large_image","twitter_creator":"@radioljubuski","twitter_site":"@radioljubuski","twitter_misc":{"Napisao\/la":"Radio Ljubu\u0161ki","Procijenjeno vrijeme \u010ditanja":"2 minute"},"schema":{"@context":"https:\/\/schema.org","@graph":[{"@type":"Article","@id":"https:\/\/radioljubuski.ba\/index.php\/2021\/08\/21\/obiljezen-europski-dan-sjecanja-na-zrtve-totalitarnih-rezima-fasizma-nacizma-i-komunizma-na-bilima\/#article","isPartOf":{"@id":"https:\/\/radioljubuski.ba\/index.php\/2021\/08\/21\/obiljezen-europski-dan-sjecanja-na-zrtve-totalitarnih-rezima-fasizma-nacizma-i-komunizma-na-bilima\/"},"author":{"name":"Radio Ljubu\u0161ki","@id":"https:\/\/radioljubuski.ba\/#\/schema\/person\/19fc700381a780f69665d7956c469e3b"},"headline":"Obilje\u017een Europski dan sje\u0107anja na \u017ertve totalitarnih re\u017eima, fa\u0161izma, nacizma i komunizma na Bilima","datePublished":"2021-08-21T14:11:24+00:00","dateModified":"2021-08-21T14:11:25+00:00","mainEntityOfPage":{"@id":"https:\/\/radioljubuski.ba\/index.php\/2021\/08\/21\/obiljezen-europski-dan-sjecanja-na-zrtve-totalitarnih-rezima-fasizma-nacizma-i-komunizma-na-bilima\/"},"wordCount":506,"publisher":{"@id":"https:\/\/radioljubuski.ba\/#organization"},"image":{"@id":"https:\/\/radioljubuski.ba\/index.php\/2021\/08\/21\/obiljezen-europski-dan-sjecanja-na-zrtve-totalitarnih-rezima-fasizma-nacizma-i-komunizma-na-bilima\/#primaryimage"},"thumbnailUrl":"https:\/\/radioljubuski.ba\/wp-content\/uploads\/2021\/08\/2-2021-08-21-15-31-11-hdz-bili.jpg","articleSection":["BIH i regija"],"inLanguage":"hr"},{"@type":"WebPage","@id":"https:\/\/radioljubuski.ba\/index.php\/2021\/08\/21\/obiljezen-europski-dan-sjecanja-na-zrtve-totalitarnih-rezima-fasizma-nacizma-i-komunizma-na-bilima\/","url":"https:\/\/radioljubuski.ba\/index.php\/2021\/08\/21\/obiljezen-europski-dan-sjecanja-na-zrtve-totalitarnih-rezima-fasizma-nacizma-i-komunizma-na-bilima\/","name":"Obilje\u017een Europski dan sje\u0107anja na \u017ertve totalitarnih re\u017eima, fa\u0161izma, nacizma i komunizma na Bilima - RADIO LJUBU\u0160KI","isPartOf":{"@id":"https:\/\/radioljubuski.ba\/#website"},"primaryImageOfPage":{"@id":"https:\/\/radioljubuski.ba\/index.php\/2021\/08\/21\/obiljezen-europski-dan-sjecanja-na-zrtve-totalitarnih-rezima-fasizma-nacizma-i-komunizma-na-bilima\/#primaryimage"},"image":{"@id":"https:\/\/radioljubuski.ba\/index.php\/2021\/08\/21\/obiljezen-europski-dan-sjecanja-na-zrtve-totalitarnih-rezima-fasizma-nacizma-i-komunizma-na-bilima\/#primaryimage"},"thumbnailUrl":"https:\/\/radioljubuski.ba\/wp-content\/uploads\/2021\/08\/2-2021-08-21-15-31-11-hdz-bili.jpg","datePublished":"2021-08-21T14:11:24+00:00","dateModified":"2021-08-21T14:11:25+00:00","breadcrumb":{"@id":"https:\/\/radioljubuski.ba\/index.php\/2021\/08\/21\/obiljezen-europski-dan-sjecanja-na-zrtve-totalitarnih-rezima-fasizma-nacizma-i-komunizma-na-bilima\/#breadcrumb"},"inLanguage":"hr","potentialAction":[{"@type":"ReadAction","target":["https:\/\/radioljubuski.ba\/index.php\/2021\/08\/21\/obiljezen-europski-dan-sjecanja-na-zrtve-totalitarnih-rezima-fasizma-nacizma-i-komunizma-na-bilima\/"]}]},{"@type":"ImageObject","inLanguage":"hr","@id":"https:\/\/radioljubuski.ba\/index.php\/2021\/08\/21\/obiljezen-europski-dan-sjecanja-na-zrtve-totalitarnih-rezima-fasizma-nacizma-i-komunizma-na-bilima\/#primaryimage","url":"https:\/\/radioljubuski.ba\/wp-content\/uploads\/2021\/08\/2-2021-08-21-15-31-11-hdz-bili.jpg","contentUrl":"https:\/\/radioljubuski.ba\/wp-content\/uploads\/2021\/08\/2-2021-08-21-15-31-11-hdz-bili.jpg","width":1000,"height":625},{"@type":"BreadcrumbList","@id":"https:\/\/radioljubuski.ba\/index.php\/2021\/08\/21\/obiljezen-europski-dan-sjecanja-na-zrtve-totalitarnih-rezima-fasizma-nacizma-i-komunizma-na-bilima\/#breadcrumb","itemListElement":[{"@type":"ListItem","position":1,"name":"Po\u010detna stranica","item":"https:\/\/radioljubuski.ba\/"},{"@type":"ListItem","position":2,"name":"Obilje\u017een Europski dan sje\u0107anja na \u017ertve totalitarnih re\u017eima, fa\u0161izma, nacizma i komunizma na Bilima"}]},{"@type":"WebSite","@id":"https:\/\/radioljubuski.ba\/#website","url":"https:\/\/radioljubuski.ba\/","name":"Radio Ljubu\u0161ki","description":"Sun\u010dana frekvencija Hercegovine","publisher":{"@id":"https:\/\/radioljubuski.ba\/#organization"},"potentialAction":[{"@type":"SearchAction","target":{"@type":"EntryPoint","urlTemplate":"https:\/\/radioljubuski.ba\/?s={search_term_string}"},"query-input":{"@type":"PropertyValueSpecification","valueRequired":true,"valueName":"search_term_string"}}],"inLanguage":"hr"},{"@type":"Organization","@id":"https:\/\/radioljubuski.ba\/#organization","name":"Radio Ljubu\u0161ki","url":"https:\/\/radioljubuski.ba\/","logo":{"@type":"ImageObject","inLanguage":"hr","@id":"https:\/\/radioljubuski.ba\/#\/schema\/logo\/image\/","url":"https:\/\/radioljubuski.ba\/wp-content\/uploads\/2021\/02\/cropped-Radio_Ljubuski_logo1.jpg","contentUrl":"https:\/\/radioljubuski.ba\/wp-content\/uploads\/2021\/02\/cropped-Radio_Ljubuski_logo1.jpg","width":512,"height":512,"caption":"Radio Ljubu\u0161ki"},"image":{"@id":"https:\/\/radioljubuski.ba\/#\/schema\/logo\/image\/"},"sameAs":["https:\/\/www.facebook.com\/Radiio-Ljubuski-1490835324566332","https:\/\/x.com\/radioljubuski","https:\/\/hr.linkedin.com\/company\/radio-ljubuski","https:\/\/www.youtube.com\/channel\/UCHYaeO_n0Db3tjNGudGpXyw"]},{"@type":"Person","@id":"https:\/\/radioljubuski.ba\/#\/schema\/person\/19fc700381a780f69665d7956c469e3b","name":"Radio Ljubu\u0161ki"}]}},"_links":{"self":[{"href":"https:\/\/radioljubuski.ba\/index.php\/wp-json\/wp\/v2\/posts\/55857","targetHints":{"allow":["GET"]}}],"collection":[{"href":"https:\/\/radioljubuski.ba\/index.php\/wp-json\/wp\/v2\/posts"}],"about":[{"href":"https:\/\/radioljubuski.ba\/index.php\/wp-json\/wp\/v2\/types\/post"}],"author":[{"embeddable":true,"href":"https:\/\/radioljubuski.ba\/index.php\/wp-json\/wp\/v2\/users\/2"}],"replies":[{"embeddable":true,"href":"https:\/\/radioljubuski.ba\/index.php\/wp-json\/wp\/v2\/comments?post=55857"}],"version-history":[{"count":1,"href":"https:\/\/radioljubuski.ba\/index.php\/wp-json\/wp\/v2\/posts\/55857\/revisions"}],"predecessor-version":[{"id":55859,"href":"https:\/\/radioljubuski.ba\/index.php\/wp-json\/wp\/v2\/posts\/55857\/revisions\/55859"}],"wp:featuredmedia":[{"embeddable":true,"href":"https:\/\/radioljubuski.ba\/index.php\/wp-json\/wp\/v2\/media\/55858"}],"wp:attachment":[{"href":"https:\/\/radioljubuski.ba\/index.php\/wp-json\/wp\/v2\/media?parent=55857"}],"wp:term":[{"taxonomy":"category","embeddable":true,"href":"https:\/\/radioljubuski.ba\/index.php\/wp-json\/wp\/v2\/categories?post=55857"},{"taxonomy":"post_tag","embeddable":true,"href":"https:\/\/radioljubuski.ba\/index.php\/wp-json\/wp\/v2\/tags?post=55857"}],"curies":[{"name":"wp","href":"https:\/\/api.w.org\/{rel}","templated":true}]}}