{"id":55962,"date":"2021-08-21T17:13:13","date_gmt":"2021-08-21T16:13:13","guid":{"rendered":"https:\/\/radioljubuski.ba\/?p=55962"},"modified":"2021-08-21T17:13:15","modified_gmt":"2021-08-21T16:13:15","slug":"nakon-veze-s-orlandom-bloomom-zaljubila-se-u-michaela-polisha-njihov-razvod-jedan-je-od-najzagonetnijih-a-o-razlozima-se-jos-uvijek-nagada","status":"publish","type":"post","link":"https:\/\/radioljubuski.ba\/index.php\/2021\/08\/21\/nakon-veze-s-orlandom-bloomom-zaljubila-se-u-michaela-polisha-njihov-razvod-jedan-je-od-najzagonetnijih-a-o-razlozima-se-jos-uvijek-nagada\/","title":{"rendered":"Nakon veze s Orlandom Bloomom zaljubila se u Michaela Polisha&#8230;; njihov razvod jedan je od najzagonetnijih, a o razlozima se jo\u0161 uvijek naga\u0111a"},"content":{"rendered":"\n<p>Nakon osam godina braka, 38-godi\u0161nja ameri\u010dka glumica i manekenka&nbsp;<strong>Kate Bosworth<\/strong>&nbsp;i njezin 50-godi\u0161nji suprug, redatelj&nbsp;<strong>Michael Polish<\/strong>, odlu\u010dili su krenuti razli\u010ditim putovima.<\/p>\n\n\n\n<p>Kate je odluku o bra\u010dnom razlazu objavila u dugom postu na dru\u0161tvenim mre\u017eama, a popratila ga je crno-bijelom fotografijom na kojoj se ona i Michael ljube i smiju.<\/p>\n\n\n\n<p>Mo\u017eda \u0107e nekima ovo zvu\u010dati \u010dudno, drugima romanti\u010dno. Za nas: ovo je istina. Na\u0161a srca su puna, jer nikada nismo bili toliko zaljubljeni i duboko zahvalni jedno drugome kao \u0161to to \u010dinimo u ovoj odluci da se razdvojimo \u2013 napisala je, me\u0111u ostalim, Kate.<\/p>\n\n\n\n<p>U objavi ka\u017ee i kako su zajedno, tijekom posljednjih deset godina, Michael i ona svaki put birali ljubav, a danas se \u010dvrsto dr\u017ee za ruke kao \u0161to su isprepleli prste na dan svog vjen\u010danja.<\/p>\n\n\n\n<p>\u2013 Na\u0161e o\u010di gledaju dublje jedno u drugo, sada s vi\u0161e hrabrosti. U procesu otpu\u0161tanja priznali smo da na\u0161a ljubav nikada ne\u0107e prestati. Povezanost jednostavno ne nestaje. Ljubav se produbljuje, srce se \u0161iri. Vjerujemo da su najepskije ljubavne pri\u010de one koje nadilaze o\u010dekivanja. Na\u0161a najve\u0107a \u010dast bila je do\u017eivjeti ljubav poput ove i nastaviti se diviti ljepoti evolucije ljubavi. Ono \u0161to se doga\u0111a kad do\u0111emo do kraja ne\u010dega i shvatimo&#8230; tek smo na po\u010detku \u2013 poru\u010dila je Kate u emotivnoj objavi koja je istovremeno bila zbunjuju\u0107a, tu\u017ena i romanti\u010dna.<\/p>\n\n\n\n<p>Par se upoznao prije deset godina kad je Michael bio redatelj drame &#8220;Big Sur&#8221; u kojoj je Kate glumila. Bila je to ljubav na prvi pogled, me\u0111u njima je odmah zaiskrilo, a nakon samo nekoliko tjedana Michael je rekao Kate: &#8220;O\u017eenit \u0107u se tobom&#8221;. Vjen\u010dali su se 31. kolovoza 2013. godine u Montani, a \u0161to je zapravo dovelo do odluke o razvodu, zasad nije poznato.<\/p>\n\n\n\n<h2 class=\"wp-block-heading\">MANEKENSTVO, PILATES, MEDITACIJA&#8230;<\/h2>\n\n\n\n<p>Punog imena Catherine Anne Bosworth, lijepa glumica ro\u0111ena je 2. sije\u010dnja 1983. godine u Los Angelesu, jedino je dijete&nbsp;<strong>Patricije<\/strong>&nbsp;i<strong>&nbsp;Harolda Boswortha<\/strong>. Kate je ro\u0111ena s razli\u010ditom bojom o\u010diju, desno oko joj je boje lje\u0161njaka, a lijevo plavo.<br>Sljede\u0107ih nekoliko godina obitelj je \u017eivjela u San Franciscu, a kad je Kate bila \u0161estogodi\u0161njakinja, po\u010deli su se seliti \u0161irom SAD-a zbog o\u010deva posla.<\/p>\n\n\n\n<p>Dobar dio mladosti provela je na isto\u010dnoj ameri\u010dkoj obali, obitelj je \u017eivjela u Massachusettsu i Connecticutu.<\/p>\n\n\n\n<p>Kate je bila odli\u010dna jaha\u010dica, prvu (sporednu) ulogu je dobila u hitu &#8220;\u0160apta\u010d konjima&#8221; iz 1998. godine, a pozornost je privukla glume\u0107i mladu surfericu u filmu &#8220;Valovi smrti&#8221; iz 2002. godine.<\/p>\n\n\n\n<p>Po\u010detkom novog milenija Kate se preselila u rodni Los Angeles kako bi imala bolji pristup audicijama i kvalitetnijim ulogama.<\/p>\n\n\n\n<p>Slijedili su, me\u0111u ostalima, filmovi &#8220;Umorstva u Wonderlandu&#8221;, &#8220;Iza mora&#8221;, &#8220;Rije\u010d po rije\u010d&#8221;, &#8220;Superman: Povratak&#8221; u kojemu je glumila Lois Lane, premda je dio kriti\u010dara smatrao da je s 22 godine premlada za tu ulogu.<br>Me\u0111u njezinim sljede\u0107im filmovima bili su &#8220;Djevojka u parku&#8221;, &#8220;21&#8221;, &#8220;Put ratnika&#8221;, &#8220;Psi od slame&#8221;, &#8220;Jo\u0161 jedan sretan dan&#8221;, &#8220;\u017divot se doga\u0111a&#8221;, &#8220;Otok smrti&#8221;, &#8220;Zauvijek Alice&#8221;, &#8220;\u017divot na kocki&#8221;, &#8220;Somnia&#8221;, &#8220;Sila prirode&#8221;, a 2019. je glumila i u Netflixovoj znanstveno-fantasti\u010dnoj miniseriji &#8220;The I-Land&#8221;.<\/p>\n\n\n\n<p>Paralelno se bavila manekenstvom, u sije\u010dnju 2008. postala je novo za\u0161titno lice Calvin Klein Jeansa, a bila je i ambasadorica ameri\u010dkog luksuznog brenda torbi Coach u Aziji. Dizajnirala je liniju nakita JewelMint zajedno s prijateljicom i stilisticom slavnih&nbsp;<strong>Cher Coulter<\/strong>, a 2012. je postala za\u0161titno lice brenda za njegu lica SK-II.<\/p>\n\n\n\n<p>Od 2002. do 2005. Kate je bila u vezi s britanskim glumcem&nbsp;<strong>Orlandom Bloomom<\/strong>, a zahvaljuju\u0107i udaji za Michaela Polisha postala je pomajka njegovoj k\u0107eri<strong>&nbsp;Jasper<\/strong>&nbsp;za koju je kazala da je &#8220;najve\u0107i neo\u010dekivani poklon u mom \u017eivotu&#8221;.<br>Kate u\u017eiva u tr\u010danju, pilatesu i meditaciji&#8230;<\/p>\n\n\n\n<p><a href=\"https:\/\/slobodnadalmacija.hr\/autor\/marija-covic-3163\"><strong>PI\u0160E&nbsp;<\/strong>MARIJA \u010cOVI\u0106<\/a>\/slobodnadalmacija.hr<\/p>\n","protected":false},"excerpt":{"rendered":"<p>Nakon osam godina braka, 38-godi\u0161nja ameri\u010dka glumica i manekenka&nbsp;Kate Bosworth&nbsp;i njezin 50-godi\u0161nji suprug, redatelj&nbsp;Michael Polish, odlu\u010dili su krenuti razli\u010ditim putovima. Kate je odluku o bra\u010dnom razlazu objavila u dugom postu na dru\u0161tvenim mre\u017eama, a popratila ga je crno-bijelom fotografijom na kojoj se ona i Michael ljube i smiju. Mo\u017eda \u0107e nekima ovo zvu\u010dati \u010dudno, drugima [&hellip;]<\/p>\n","protected":false},"author":2,"featured_media":55963,"comment_status":"closed","ping_status":"closed","sticky":false,"template":"","format":"standard","meta":{"h5ap_radio_sources":[],"footnotes":""},"categories":[1],"tags":[],"class_list":["post-55962","post","type-post","status-publish","format-standard","has-post-thumbnail","hentry","category-bihiregija"],"yoast_head":"<!-- This site is optimized with the Yoast SEO plugin v27.5 - https:\/\/yoast.com\/product\/yoast-seo-wordpress\/ -->\n<title>Nakon veze s Orlandom Bloomom zaljubila se u Michaela Polisha...; njihov razvod jedan je od najzagonetnijih, a o razlozima se jo\u0161 uvijek naga\u0111a - RADIO LJUBU\u0160KI<\/title>\n<meta name=\"robots\" content=\"index, follow, max-snippet:-1, max-image-preview:large, max-video-preview:-1\" \/>\n<link rel=\"canonical\" href=\"https:\/\/radioljubuski.ba\/index.php\/2021\/08\/21\/nakon-veze-s-orlandom-bloomom-zaljubila-se-u-michaela-polisha-njihov-razvod-jedan-je-od-najzagonetnijih-a-o-razlozima-se-jos-uvijek-nagada\/\" \/>\n<meta property=\"og:locale\" content=\"hr_HR\" \/>\n<meta property=\"og:type\" content=\"article\" \/>\n<meta property=\"og:title\" content=\"Nakon veze s Orlandom Bloomom zaljubila se u Michaela Polisha...; njihov razvod jedan je od najzagonetnijih, a o razlozima se jo\u0161 uvijek naga\u0111a - RADIO LJUBU\u0160KI\" \/>\n<meta property=\"og:description\" content=\"Nakon osam godina braka, 38-godi\u0161nja ameri\u010dka glumica i manekenka&nbsp;Kate Bosworth&nbsp;i njezin 50-godi\u0161nji suprug, redatelj&nbsp;Michael Polish, odlu\u010dili su krenuti razli\u010ditim putovima. Kate je odluku o bra\u010dnom razlazu objavila u dugom postu na dru\u0161tvenim mre\u017eama, a popratila ga je crno-bijelom fotografijom na kojoj se ona i Michael ljube i smiju. Mo\u017eda \u0107e nekima ovo zvu\u010dati \u010dudno, drugima [&hellip;]\" \/>\n<meta property=\"og:url\" content=\"https:\/\/radioljubuski.ba\/index.php\/2021\/08\/21\/nakon-veze-s-orlandom-bloomom-zaljubila-se-u-michaela-polisha-njihov-razvod-jedan-je-od-najzagonetnijih-a-o-razlozima-se-jos-uvijek-nagada\/\" \/>\n<meta property=\"og:site_name\" content=\"RADIO LJUBU\u0160KI\" \/>\n<meta property=\"article:publisher\" content=\"https:\/\/www.facebook.com\/Radiio-Ljubuski-1490835324566332\" \/>\n<meta property=\"article:published_time\" content=\"2021-08-21T16:13:13+00:00\" \/>\n<meta property=\"article:modified_time\" content=\"2021-08-21T16:13:15+00:00\" \/>\n<meta property=\"og:image\" content=\"https:\/\/radioljubuski.ba\/wp-content\/uploads\/2021\/08\/o_18971742_1024.jpg\" \/>\n\t<meta property=\"og:image:width\" content=\"1024\" \/>\n\t<meta property=\"og:image:height\" content=\"679\" \/>\n\t<meta property=\"og:image:type\" content=\"image\/jpeg\" \/>\n<meta name=\"author\" content=\"Radio Ljubu\u0161ki\" \/>\n<meta name=\"twitter:card\" content=\"summary_large_image\" \/>\n<meta name=\"twitter:creator\" content=\"@radioljubuski\" \/>\n<meta name=\"twitter:site\" content=\"@radioljubuski\" \/>\n<meta name=\"twitter:label1\" content=\"Napisao\/la\" \/>\n\t<meta name=\"twitter:data1\" content=\"Radio Ljubu\u0161ki\" \/>\n\t<meta name=\"twitter:label2\" content=\"Procijenjeno vrijeme \u010ditanja\" \/>\n\t<meta name=\"twitter:data2\" content=\"3 minute\" \/>\n<script type=\"application\/ld+json\" class=\"yoast-schema-graph\">{\"@context\":\"https:\\\/\\\/schema.org\",\"@graph\":[{\"@type\":\"Article\",\"@id\":\"https:\\\/\\\/radioljubuski.ba\\\/index.php\\\/2021\\\/08\\\/21\\\/nakon-veze-s-orlandom-bloomom-zaljubila-se-u-michaela-polisha-njihov-razvod-jedan-je-od-najzagonetnijih-a-o-razlozima-se-jos-uvijek-nagada\\\/#article\",\"isPartOf\":{\"@id\":\"https:\\\/\\\/radioljubuski.ba\\\/index.php\\\/2021\\\/08\\\/21\\\/nakon-veze-s-orlandom-bloomom-zaljubila-se-u-michaela-polisha-njihov-razvod-jedan-je-od-najzagonetnijih-a-o-razlozima-se-jos-uvijek-nagada\\\/\"},\"author\":{\"name\":\"Radio Ljubu\u0161ki\",\"@id\":\"https:\\\/\\\/radioljubuski.ba\\\/#\\\/schema\\\/person\\\/19fc700381a780f69665d7956c469e3b\"},\"headline\":\"Nakon veze s Orlandom Bloomom zaljubila se u Michaela Polisha&#8230;; njihov razvod jedan je od najzagonetnijih, a o razlozima se jo\u0161 uvijek naga\u0111a\",\"datePublished\":\"2021-08-21T16:13:13+00:00\",\"dateModified\":\"2021-08-21T16:13:15+00:00\",\"mainEntityOfPage\":{\"@id\":\"https:\\\/\\\/radioljubuski.ba\\\/index.php\\\/2021\\\/08\\\/21\\\/nakon-veze-s-orlandom-bloomom-zaljubila-se-u-michaela-polisha-njihov-razvod-jedan-je-od-najzagonetnijih-a-o-razlozima-se-jos-uvijek-nagada\\\/\"},\"wordCount\":684,\"publisher\":{\"@id\":\"https:\\\/\\\/radioljubuski.ba\\\/#organization\"},\"image\":{\"@id\":\"https:\\\/\\\/radioljubuski.ba\\\/index.php\\\/2021\\\/08\\\/21\\\/nakon-veze-s-orlandom-bloomom-zaljubila-se-u-michaela-polisha-njihov-razvod-jedan-je-od-najzagonetnijih-a-o-razlozima-se-jos-uvijek-nagada\\\/#primaryimage\"},\"thumbnailUrl\":\"https:\\\/\\\/radioljubuski.ba\\\/wp-content\\\/uploads\\\/2021\\\/08\\\/o_18971742_1024.jpg\",\"articleSection\":[\"BIH i regija\"],\"inLanguage\":\"hr\"},{\"@type\":\"WebPage\",\"@id\":\"https:\\\/\\\/radioljubuski.ba\\\/index.php\\\/2021\\\/08\\\/21\\\/nakon-veze-s-orlandom-bloomom-zaljubila-se-u-michaela-polisha-njihov-razvod-jedan-je-od-najzagonetnijih-a-o-razlozima-se-jos-uvijek-nagada\\\/\",\"url\":\"https:\\\/\\\/radioljubuski.ba\\\/index.php\\\/2021\\\/08\\\/21\\\/nakon-veze-s-orlandom-bloomom-zaljubila-se-u-michaela-polisha-njihov-razvod-jedan-je-od-najzagonetnijih-a-o-razlozima-se-jos-uvijek-nagada\\\/\",\"name\":\"Nakon veze s Orlandom Bloomom zaljubila se u Michaela Polisha...; njihov razvod jedan je od najzagonetnijih, a o razlozima se jo\u0161 uvijek naga\u0111a - RADIO LJUBU\u0160KI\",\"isPartOf\":{\"@id\":\"https:\\\/\\\/radioljubuski.ba\\\/#website\"},\"primaryImageOfPage\":{\"@id\":\"https:\\\/\\\/radioljubuski.ba\\\/index.php\\\/2021\\\/08\\\/21\\\/nakon-veze-s-orlandom-bloomom-zaljubila-se-u-michaela-polisha-njihov-razvod-jedan-je-od-najzagonetnijih-a-o-razlozima-se-jos-uvijek-nagada\\\/#primaryimage\"},\"image\":{\"@id\":\"https:\\\/\\\/radioljubuski.ba\\\/index.php\\\/2021\\\/08\\\/21\\\/nakon-veze-s-orlandom-bloomom-zaljubila-se-u-michaela-polisha-njihov-razvod-jedan-je-od-najzagonetnijih-a-o-razlozima-se-jos-uvijek-nagada\\\/#primaryimage\"},\"thumbnailUrl\":\"https:\\\/\\\/radioljubuski.ba\\\/wp-content\\\/uploads\\\/2021\\\/08\\\/o_18971742_1024.jpg\",\"datePublished\":\"2021-08-21T16:13:13+00:00\",\"dateModified\":\"2021-08-21T16:13:15+00:00\",\"breadcrumb\":{\"@id\":\"https:\\\/\\\/radioljubuski.ba\\\/index.php\\\/2021\\\/08\\\/21\\\/nakon-veze-s-orlandom-bloomom-zaljubila-se-u-michaela-polisha-njihov-razvod-jedan-je-od-najzagonetnijih-a-o-razlozima-se-jos-uvijek-nagada\\\/#breadcrumb\"},\"inLanguage\":\"hr\",\"potentialAction\":[{\"@type\":\"ReadAction\",\"target\":[\"https:\\\/\\\/radioljubuski.ba\\\/index.php\\\/2021\\\/08\\\/21\\\/nakon-veze-s-orlandom-bloomom-zaljubila-se-u-michaela-polisha-njihov-razvod-jedan-je-od-najzagonetnijih-a-o-razlozima-se-jos-uvijek-nagada\\\/\"]}]},{\"@type\":\"ImageObject\",\"inLanguage\":\"hr\",\"@id\":\"https:\\\/\\\/radioljubuski.ba\\\/index.php\\\/2021\\\/08\\\/21\\\/nakon-veze-s-orlandom-bloomom-zaljubila-se-u-michaela-polisha-njihov-razvod-jedan-je-od-najzagonetnijih-a-o-razlozima-se-jos-uvijek-nagada\\\/#primaryimage\",\"url\":\"https:\\\/\\\/radioljubuski.ba\\\/wp-content\\\/uploads\\\/2021\\\/08\\\/o_18971742_1024.jpg\",\"contentUrl\":\"https:\\\/\\\/radioljubuski.ba\\\/wp-content\\\/uploads\\\/2021\\\/08\\\/o_18971742_1024.jpg\",\"width\":1024,\"height\":679},{\"@type\":\"BreadcrumbList\",\"@id\":\"https:\\\/\\\/radioljubuski.ba\\\/index.php\\\/2021\\\/08\\\/21\\\/nakon-veze-s-orlandom-bloomom-zaljubila-se-u-michaela-polisha-njihov-razvod-jedan-je-od-najzagonetnijih-a-o-razlozima-se-jos-uvijek-nagada\\\/#breadcrumb\",\"itemListElement\":[{\"@type\":\"ListItem\",\"position\":1,\"name\":\"Po\u010detna stranica\",\"item\":\"https:\\\/\\\/radioljubuski.ba\\\/\"},{\"@type\":\"ListItem\",\"position\":2,\"name\":\"Nakon veze s Orlandom Bloomom zaljubila se u Michaela Polisha&#8230;; njihov razvod jedan je od najzagonetnijih, a o razlozima se jo\u0161 uvijek naga\u0111a\"}]},{\"@type\":\"WebSite\",\"@id\":\"https:\\\/\\\/radioljubuski.ba\\\/#website\",\"url\":\"https:\\\/\\\/radioljubuski.ba\\\/\",\"name\":\"Radio Ljubu\u0161ki\",\"description\":\"Sun\u010dana frekvencija Hercegovine\",\"publisher\":{\"@id\":\"https:\\\/\\\/radioljubuski.ba\\\/#organization\"},\"potentialAction\":[{\"@type\":\"SearchAction\",\"target\":{\"@type\":\"EntryPoint\",\"urlTemplate\":\"https:\\\/\\\/radioljubuski.ba\\\/?s={search_term_string}\"},\"query-input\":{\"@type\":\"PropertyValueSpecification\",\"valueRequired\":true,\"valueName\":\"search_term_string\"}}],\"inLanguage\":\"hr\"},{\"@type\":\"Organization\",\"@id\":\"https:\\\/\\\/radioljubuski.ba\\\/#organization\",\"name\":\"Radio Ljubu\u0161ki\",\"url\":\"https:\\\/\\\/radioljubuski.ba\\\/\",\"logo\":{\"@type\":\"ImageObject\",\"inLanguage\":\"hr\",\"@id\":\"https:\\\/\\\/radioljubuski.ba\\\/#\\\/schema\\\/logo\\\/image\\\/\",\"url\":\"https:\\\/\\\/radioljubuski.ba\\\/wp-content\\\/uploads\\\/2021\\\/02\\\/cropped-Radio_Ljubuski_logo1.jpg\",\"contentUrl\":\"https:\\\/\\\/radioljubuski.ba\\\/wp-content\\\/uploads\\\/2021\\\/02\\\/cropped-Radio_Ljubuski_logo1.jpg\",\"width\":512,\"height\":512,\"caption\":\"Radio Ljubu\u0161ki\"},\"image\":{\"@id\":\"https:\\\/\\\/radioljubuski.ba\\\/#\\\/schema\\\/logo\\\/image\\\/\"},\"sameAs\":[\"https:\\\/\\\/www.facebook.com\\\/Radiio-Ljubuski-1490835324566332\",\"https:\\\/\\\/x.com\\\/radioljubuski\",\"https:\\\/\\\/hr.linkedin.com\\\/company\\\/radio-ljubuski\",\"https:\\\/\\\/www.youtube.com\\\/channel\\\/UCHYaeO_n0Db3tjNGudGpXyw\"]},{\"@type\":\"Person\",\"@id\":\"https:\\\/\\\/radioljubuski.ba\\\/#\\\/schema\\\/person\\\/19fc700381a780f69665d7956c469e3b\",\"name\":\"Radio Ljubu\u0161ki\"}]}<\/script>\n<!-- \/ Yoast SEO plugin. -->","yoast_head_json":{"title":"Nakon veze s Orlandom Bloomom zaljubila se u Michaela Polisha...; njihov razvod jedan je od najzagonetnijih, a o razlozima se jo\u0161 uvijek naga\u0111a - RADIO LJUBU\u0160KI","robots":{"index":"index","follow":"follow","max-snippet":"max-snippet:-1","max-image-preview":"max-image-preview:large","max-video-preview":"max-video-preview:-1"},"canonical":"https:\/\/radioljubuski.ba\/index.php\/2021\/08\/21\/nakon-veze-s-orlandom-bloomom-zaljubila-se-u-michaela-polisha-njihov-razvod-jedan-je-od-najzagonetnijih-a-o-razlozima-se-jos-uvijek-nagada\/","og_locale":"hr_HR","og_type":"article","og_title":"Nakon veze s Orlandom Bloomom zaljubila se u Michaela Polisha...; njihov razvod jedan je od najzagonetnijih, a o razlozima se jo\u0161 uvijek naga\u0111a - RADIO LJUBU\u0160KI","og_description":"Nakon osam godina braka, 38-godi\u0161nja ameri\u010dka glumica i manekenka&nbsp;Kate Bosworth&nbsp;i njezin 50-godi\u0161nji suprug, redatelj&nbsp;Michael Polish, odlu\u010dili su krenuti razli\u010ditim putovima. Kate je odluku o bra\u010dnom razlazu objavila u dugom postu na dru\u0161tvenim mre\u017eama, a popratila ga je crno-bijelom fotografijom na kojoj se ona i Michael ljube i smiju. Mo\u017eda \u0107e nekima ovo zvu\u010dati \u010dudno, drugima [&hellip;]","og_url":"https:\/\/radioljubuski.ba\/index.php\/2021\/08\/21\/nakon-veze-s-orlandom-bloomom-zaljubila-se-u-michaela-polisha-njihov-razvod-jedan-je-od-najzagonetnijih-a-o-razlozima-se-jos-uvijek-nagada\/","og_site_name":"RADIO LJUBU\u0160KI","article_publisher":"https:\/\/www.facebook.com\/Radiio-Ljubuski-1490835324566332","article_published_time":"2021-08-21T16:13:13+00:00","article_modified_time":"2021-08-21T16:13:15+00:00","og_image":[{"width":1024,"height":679,"url":"https:\/\/radioljubuski.ba\/wp-content\/uploads\/2021\/08\/o_18971742_1024.jpg","type":"image\/jpeg"}],"author":"Radio Ljubu\u0161ki","twitter_card":"summary_large_image","twitter_creator":"@radioljubuski","twitter_site":"@radioljubuski","twitter_misc":{"Napisao\/la":"Radio Ljubu\u0161ki","Procijenjeno vrijeme \u010ditanja":"3 minute"},"schema":{"@context":"https:\/\/schema.org","@graph":[{"@type":"Article","@id":"https:\/\/radioljubuski.ba\/index.php\/2021\/08\/21\/nakon-veze-s-orlandom-bloomom-zaljubila-se-u-michaela-polisha-njihov-razvod-jedan-je-od-najzagonetnijih-a-o-razlozima-se-jos-uvijek-nagada\/#article","isPartOf":{"@id":"https:\/\/radioljubuski.ba\/index.php\/2021\/08\/21\/nakon-veze-s-orlandom-bloomom-zaljubila-se-u-michaela-polisha-njihov-razvod-jedan-je-od-najzagonetnijih-a-o-razlozima-se-jos-uvijek-nagada\/"},"author":{"name":"Radio Ljubu\u0161ki","@id":"https:\/\/radioljubuski.ba\/#\/schema\/person\/19fc700381a780f69665d7956c469e3b"},"headline":"Nakon veze s Orlandom Bloomom zaljubila se u Michaela Polisha&#8230;; njihov razvod jedan je od najzagonetnijih, a o razlozima se jo\u0161 uvijek naga\u0111a","datePublished":"2021-08-21T16:13:13+00:00","dateModified":"2021-08-21T16:13:15+00:00","mainEntityOfPage":{"@id":"https:\/\/radioljubuski.ba\/index.php\/2021\/08\/21\/nakon-veze-s-orlandom-bloomom-zaljubila-se-u-michaela-polisha-njihov-razvod-jedan-je-od-najzagonetnijih-a-o-razlozima-se-jos-uvijek-nagada\/"},"wordCount":684,"publisher":{"@id":"https:\/\/radioljubuski.ba\/#organization"},"image":{"@id":"https:\/\/radioljubuski.ba\/index.php\/2021\/08\/21\/nakon-veze-s-orlandom-bloomom-zaljubila-se-u-michaela-polisha-njihov-razvod-jedan-je-od-najzagonetnijih-a-o-razlozima-se-jos-uvijek-nagada\/#primaryimage"},"thumbnailUrl":"https:\/\/radioljubuski.ba\/wp-content\/uploads\/2021\/08\/o_18971742_1024.jpg","articleSection":["BIH i regija"],"inLanguage":"hr"},{"@type":"WebPage","@id":"https:\/\/radioljubuski.ba\/index.php\/2021\/08\/21\/nakon-veze-s-orlandom-bloomom-zaljubila-se-u-michaela-polisha-njihov-razvod-jedan-je-od-najzagonetnijih-a-o-razlozima-se-jos-uvijek-nagada\/","url":"https:\/\/radioljubuski.ba\/index.php\/2021\/08\/21\/nakon-veze-s-orlandom-bloomom-zaljubila-se-u-michaela-polisha-njihov-razvod-jedan-je-od-najzagonetnijih-a-o-razlozima-se-jos-uvijek-nagada\/","name":"Nakon veze s Orlandom Bloomom zaljubila se u Michaela Polisha...; njihov razvod jedan je od najzagonetnijih, a o razlozima se jo\u0161 uvijek naga\u0111a - RADIO LJUBU\u0160KI","isPartOf":{"@id":"https:\/\/radioljubuski.ba\/#website"},"primaryImageOfPage":{"@id":"https:\/\/radioljubuski.ba\/index.php\/2021\/08\/21\/nakon-veze-s-orlandom-bloomom-zaljubila-se-u-michaela-polisha-njihov-razvod-jedan-je-od-najzagonetnijih-a-o-razlozima-se-jos-uvijek-nagada\/#primaryimage"},"image":{"@id":"https:\/\/radioljubuski.ba\/index.php\/2021\/08\/21\/nakon-veze-s-orlandom-bloomom-zaljubila-se-u-michaela-polisha-njihov-razvod-jedan-je-od-najzagonetnijih-a-o-razlozima-se-jos-uvijek-nagada\/#primaryimage"},"thumbnailUrl":"https:\/\/radioljubuski.ba\/wp-content\/uploads\/2021\/08\/o_18971742_1024.jpg","datePublished":"2021-08-21T16:13:13+00:00","dateModified":"2021-08-21T16:13:15+00:00","breadcrumb":{"@id":"https:\/\/radioljubuski.ba\/index.php\/2021\/08\/21\/nakon-veze-s-orlandom-bloomom-zaljubila-se-u-michaela-polisha-njihov-razvod-jedan-je-od-najzagonetnijih-a-o-razlozima-se-jos-uvijek-nagada\/#breadcrumb"},"inLanguage":"hr","potentialAction":[{"@type":"ReadAction","target":["https:\/\/radioljubuski.ba\/index.php\/2021\/08\/21\/nakon-veze-s-orlandom-bloomom-zaljubila-se-u-michaela-polisha-njihov-razvod-jedan-je-od-najzagonetnijih-a-o-razlozima-se-jos-uvijek-nagada\/"]}]},{"@type":"ImageObject","inLanguage":"hr","@id":"https:\/\/radioljubuski.ba\/index.php\/2021\/08\/21\/nakon-veze-s-orlandom-bloomom-zaljubila-se-u-michaela-polisha-njihov-razvod-jedan-je-od-najzagonetnijih-a-o-razlozima-se-jos-uvijek-nagada\/#primaryimage","url":"https:\/\/radioljubuski.ba\/wp-content\/uploads\/2021\/08\/o_18971742_1024.jpg","contentUrl":"https:\/\/radioljubuski.ba\/wp-content\/uploads\/2021\/08\/o_18971742_1024.jpg","width":1024,"height":679},{"@type":"BreadcrumbList","@id":"https:\/\/radioljubuski.ba\/index.php\/2021\/08\/21\/nakon-veze-s-orlandom-bloomom-zaljubila-se-u-michaela-polisha-njihov-razvod-jedan-je-od-najzagonetnijih-a-o-razlozima-se-jos-uvijek-nagada\/#breadcrumb","itemListElement":[{"@type":"ListItem","position":1,"name":"Po\u010detna stranica","item":"https:\/\/radioljubuski.ba\/"},{"@type":"ListItem","position":2,"name":"Nakon veze s Orlandom Bloomom zaljubila se u Michaela Polisha&#8230;; njihov razvod jedan je od najzagonetnijih, a o razlozima se jo\u0161 uvijek naga\u0111a"}]},{"@type":"WebSite","@id":"https:\/\/radioljubuski.ba\/#website","url":"https:\/\/radioljubuski.ba\/","name":"Radio Ljubu\u0161ki","description":"Sun\u010dana frekvencija Hercegovine","publisher":{"@id":"https:\/\/radioljubuski.ba\/#organization"},"potentialAction":[{"@type":"SearchAction","target":{"@type":"EntryPoint","urlTemplate":"https:\/\/radioljubuski.ba\/?s={search_term_string}"},"query-input":{"@type":"PropertyValueSpecification","valueRequired":true,"valueName":"search_term_string"}}],"inLanguage":"hr"},{"@type":"Organization","@id":"https:\/\/radioljubuski.ba\/#organization","name":"Radio Ljubu\u0161ki","url":"https:\/\/radioljubuski.ba\/","logo":{"@type":"ImageObject","inLanguage":"hr","@id":"https:\/\/radioljubuski.ba\/#\/schema\/logo\/image\/","url":"https:\/\/radioljubuski.ba\/wp-content\/uploads\/2021\/02\/cropped-Radio_Ljubuski_logo1.jpg","contentUrl":"https:\/\/radioljubuski.ba\/wp-content\/uploads\/2021\/02\/cropped-Radio_Ljubuski_logo1.jpg","width":512,"height":512,"caption":"Radio Ljubu\u0161ki"},"image":{"@id":"https:\/\/radioljubuski.ba\/#\/schema\/logo\/image\/"},"sameAs":["https:\/\/www.facebook.com\/Radiio-Ljubuski-1490835324566332","https:\/\/x.com\/radioljubuski","https:\/\/hr.linkedin.com\/company\/radio-ljubuski","https:\/\/www.youtube.com\/channel\/UCHYaeO_n0Db3tjNGudGpXyw"]},{"@type":"Person","@id":"https:\/\/radioljubuski.ba\/#\/schema\/person\/19fc700381a780f69665d7956c469e3b","name":"Radio Ljubu\u0161ki"}]}},"_links":{"self":[{"href":"https:\/\/radioljubuski.ba\/index.php\/wp-json\/wp\/v2\/posts\/55962","targetHints":{"allow":["GET"]}}],"collection":[{"href":"https:\/\/radioljubuski.ba\/index.php\/wp-json\/wp\/v2\/posts"}],"about":[{"href":"https:\/\/radioljubuski.ba\/index.php\/wp-json\/wp\/v2\/types\/post"}],"author":[{"embeddable":true,"href":"https:\/\/radioljubuski.ba\/index.php\/wp-json\/wp\/v2\/users\/2"}],"replies":[{"embeddable":true,"href":"https:\/\/radioljubuski.ba\/index.php\/wp-json\/wp\/v2\/comments?post=55962"}],"version-history":[{"count":1,"href":"https:\/\/radioljubuski.ba\/index.php\/wp-json\/wp\/v2\/posts\/55962\/revisions"}],"predecessor-version":[{"id":55964,"href":"https:\/\/radioljubuski.ba\/index.php\/wp-json\/wp\/v2\/posts\/55962\/revisions\/55964"}],"wp:featuredmedia":[{"embeddable":true,"href":"https:\/\/radioljubuski.ba\/index.php\/wp-json\/wp\/v2\/media\/55963"}],"wp:attachment":[{"href":"https:\/\/radioljubuski.ba\/index.php\/wp-json\/wp\/v2\/media?parent=55962"}],"wp:term":[{"taxonomy":"category","embeddable":true,"href":"https:\/\/radioljubuski.ba\/index.php\/wp-json\/wp\/v2\/categories?post=55962"},{"taxonomy":"post_tag","embeddable":true,"href":"https:\/\/radioljubuski.ba\/index.php\/wp-json\/wp\/v2\/tags?post=55962"}],"curies":[{"name":"wp","href":"https:\/\/api.w.org\/{rel}","templated":true}]}}