{"id":55976,"date":"2021-08-21T22:37:10","date_gmt":"2021-08-21T21:37:10","guid":{"rendered":"https:\/\/radioljubuski.ba\/?p=55976"},"modified":"2021-08-21T22:37:11","modified_gmt":"2021-08-21T21:37:11","slug":"jakobsenu-osma-etapa-roglic-ostao-vodeci","status":"publish","type":"post","link":"https:\/\/radioljubuski.ba\/index.php\/2021\/08\/21\/jakobsenu-osma-etapa-roglic-ostao-vodeci\/","title":{"rendered":"Jakobsenu osma etapa, Rogli\u010d ostao vode\u0107i"},"content":{"rendered":"\n<p><strong>Nizozemac Fabio jakobsen (Deceuninck-QuickStep) pobjednik je osme etape ovogodi\u0161njeg izdanja biciklisti\u010dke utrke &#8220;Vuelta a Espana&#8221; vo\u017eene od Santa Pole do La Mange dal Mar Menor u du\u017eini od 173.7 kilometara.<\/strong><\/p>\n\n\n\n<p>Jakobsen je do svoje druge etapne pobjede na ovogodi\u0161njoj &#8220;Vuelti&#8221;, najbr\u017ei je bio i u \u010detvrtoj etapi, stigao u zavr\u0161nom sprintu u kojemu je nadma\u0161io drugoplasiranog Talijana&nbsp;<strong>Alberta Dainesea<\/strong>&nbsp;(DSM) i Belgijanca&nbsp;<strong>Jaspera Philipsena<\/strong>&nbsp;(Alpecin-Fenix), koji ve\u0107 ima dva etapna slavlja na ovoj utrci.<br><br>Vodstvo u ukupnom poretku mirnom je vo\u017enjom zadr\u017eao branitelj naslova Slovenac&nbsp;<strong>Primo\u017e Rogli\u010d<\/strong>&nbsp;(Jumbo-Visma) koji i dalje ima osam sekundi bolje vrijeme od drugog Austrijanca&nbsp;<strong>Felixa Grossschartnera<\/strong>&nbsp;(BORA-Hansgrohe), odnosno 25 sekundi od tre\u0107eg \u0160panjolca&nbsp;<strong>Enrica Masa<\/strong>&nbsp;(Movistar).<\/p>\n\n\n\n<p>REZULTATI,<\/p>\n\n\n\n<p>8. ETAPA:<\/p>\n\n\n\n<p>1. Fabio Jakobsen (Niz\/Deceuninck-QuickStep) 3:56:05<\/p>\n\n\n\n<p>2. Alberto Dainese (Ita\/DSM)<\/p>\n\n\n\n<p>3. Jasper Philipsen (Bel\/Alpecin-Fenix)<\/p>\n\n\n\n<p>4. Jordi Meeus (Bel\/BORA-Hansgrohe)<\/p>\n\n\n\n<p>5. Sebastian Molano (Kol\/UAE Emirates)<\/p>\n\n\n\n<p>6. Itamar Einhorn (Izr\/Israel Start-Up Nation)<\/p>\n\n\n\n<p>7. Arnaud Demare (Fra\/Groupama-FDJ)<\/p>\n\n\n\n<p>8. Michael Matthews (Aus\/BikeExchange)<\/p>\n\n\n\n<p>9. Martin Laas (Est\/BORA-Hansgrohe)<\/p>\n\n\n\n<p>10. Piet Allegaert (Bel\/Cofidis) svi isto vrijeme<br><br><\/p>\n\n\n\n<p>UKUPNO:<\/p>\n\n\n\n<p>1. Primo\u017e Rogli\u010d (Slo\/Jumbo-Visma) 29:14:40<\/p>\n\n\n\n<p>2. Felix Grossschartner (Aut\/BORA-Hansgrohe) +8<\/p>\n\n\n\n<p>3. Enric Mas (\u0160pa\/Movistar) +25<\/p>\n\n\n\n<p>4. Miguel Angel Lopez (Kol\/Movistar) +36<\/p>\n\n\n\n<p>5. Jan Polanc (Slo\/UAE Emirates) +38<\/p>\n\n\n\n<p>6. Egan Bernal (Kol\/INEOS Grenadiers) +41<\/p>\n\n\n\n<p>7. Jack Haig (Aus\/Bahrain Victorious) +57<\/p>\n\n\n\n<p>8. Sepp Kuss (SAD\/Jumbo-Visma) +59<\/p>\n\n\n\n<p>9. Aleksandar Vlasov (Rus\/Astana-Premier Tech) +1:06<\/p>\n\n\n\n<p>10. Adam Yates (VB\/INEOS Grenadiers) +1:22<\/p>\n\n\n\n<p>Izvor:hrt.hr<\/p>\n","protected":false},"excerpt":{"rendered":"<p>Nizozemac Fabio jakobsen (Deceuninck-QuickStep) pobjednik je osme etape ovogodi\u0161njeg izdanja biciklisti\u010dke utrke &#8220;Vuelta a Espana&#8221; vo\u017eene od Santa Pole do La Mange dal Mar Menor u du\u017eini od 173.7 kilometara. Jakobsen je do svoje druge etapne pobjede na ovogodi\u0161njoj &#8220;Vuelti&#8221;, najbr\u017ei je bio i u \u010detvrtoj etapi, stigao u zavr\u0161nom sprintu u kojemu je nadma\u0161io [&hellip;]<\/p>\n","protected":false},"author":2,"featured_media":55977,"comment_status":"closed","ping_status":"closed","sticky":false,"template":"","format":"standard","meta":{"h5ap_radio_sources":[],"footnotes":""},"categories":[7],"tags":[],"class_list":["post-55976","post","type-post","status-publish","format-standard","has-post-thumbnail","hentry","category-sport"],"yoast_head":"<!-- This site is optimized with the Yoast SEO plugin v27.5 - https:\/\/yoast.com\/product\/yoast-seo-wordpress\/ -->\n<title>Jakobsenu osma etapa, Rogli\u010d ostao vode\u0107i - RADIO LJUBU\u0160KI<\/title>\n<meta name=\"robots\" content=\"index, follow, max-snippet:-1, max-image-preview:large, max-video-preview:-1\" \/>\n<link rel=\"canonical\" href=\"https:\/\/radioljubuski.ba\/index.php\/2021\/08\/21\/jakobsenu-osma-etapa-roglic-ostao-vodeci\/\" \/>\n<meta property=\"og:locale\" content=\"hr_HR\" \/>\n<meta property=\"og:type\" content=\"article\" \/>\n<meta property=\"og:title\" content=\"Jakobsenu osma etapa, Rogli\u010d ostao vode\u0107i - RADIO LJUBU\u0160KI\" \/>\n<meta property=\"og:description\" content=\"Nizozemac Fabio jakobsen (Deceuninck-QuickStep) pobjednik je osme etape ovogodi\u0161njeg izdanja biciklisti\u010dke utrke &#8220;Vuelta a Espana&#8221; vo\u017eene od Santa Pole do La Mange dal Mar Menor u du\u017eini od 173.7 kilometara. Jakobsen je do svoje druge etapne pobjede na ovogodi\u0161njoj &#8220;Vuelti&#8221;, najbr\u017ei je bio i u \u010detvrtoj etapi, stigao u zavr\u0161nom sprintu u kojemu je nadma\u0161io [&hellip;]\" \/>\n<meta property=\"og:url\" content=\"https:\/\/radioljubuski.ba\/index.php\/2021\/08\/21\/jakobsenu-osma-etapa-roglic-ostao-vodeci\/\" \/>\n<meta property=\"og:site_name\" content=\"RADIO LJUBU\u0160KI\" \/>\n<meta property=\"article:publisher\" content=\"https:\/\/www.facebook.com\/Radiio-Ljubuski-1490835324566332\" \/>\n<meta property=\"article:published_time\" content=\"2021-08-21T21:37:10+00:00\" \/>\n<meta property=\"article:modified_time\" content=\"2021-08-21T21:37:11+00:00\" \/>\n<meta property=\"og:image\" content=\"https:\/\/radioljubuski.ba\/wp-content\/uploads\/2021\/08\/62140732-fabio-jakobsen.jpg\" \/>\n\t<meta property=\"og:image:width\" content=\"1296\" \/>\n\t<meta property=\"og:image:height\" content=\"640\" \/>\n\t<meta property=\"og:image:type\" content=\"image\/jpeg\" \/>\n<meta name=\"author\" content=\"Radio Ljubu\u0161ki\" \/>\n<meta name=\"twitter:card\" content=\"summary_large_image\" \/>\n<meta name=\"twitter:creator\" content=\"@radioljubuski\" \/>\n<meta name=\"twitter:site\" content=\"@radioljubuski\" \/>\n<meta name=\"twitter:label1\" content=\"Napisao\/la\" \/>\n\t<meta name=\"twitter:data1\" content=\"Radio Ljubu\u0161ki\" \/>\n\t<meta name=\"twitter:label2\" content=\"Procijenjeno vrijeme \u010ditanja\" \/>\n\t<meta name=\"twitter:data2\" content=\"1 minuta\" \/>\n<script type=\"application\/ld+json\" class=\"yoast-schema-graph\">{\"@context\":\"https:\\\/\\\/schema.org\",\"@graph\":[{\"@type\":\"Article\",\"@id\":\"https:\\\/\\\/radioljubuski.ba\\\/index.php\\\/2021\\\/08\\\/21\\\/jakobsenu-osma-etapa-roglic-ostao-vodeci\\\/#article\",\"isPartOf\":{\"@id\":\"https:\\\/\\\/radioljubuski.ba\\\/index.php\\\/2021\\\/08\\\/21\\\/jakobsenu-osma-etapa-roglic-ostao-vodeci\\\/\"},\"author\":{\"name\":\"Radio Ljubu\u0161ki\",\"@id\":\"https:\\\/\\\/radioljubuski.ba\\\/#\\\/schema\\\/person\\\/19fc700381a780f69665d7956c469e3b\"},\"headline\":\"Jakobsenu osma etapa, Rogli\u010d ostao vode\u0107i\",\"datePublished\":\"2021-08-21T21:37:10+00:00\",\"dateModified\":\"2021-08-21T21:37:11+00:00\",\"mainEntityOfPage\":{\"@id\":\"https:\\\/\\\/radioljubuski.ba\\\/index.php\\\/2021\\\/08\\\/21\\\/jakobsenu-osma-etapa-roglic-ostao-vodeci\\\/\"},\"wordCount\":235,\"publisher\":{\"@id\":\"https:\\\/\\\/radioljubuski.ba\\\/#organization\"},\"image\":{\"@id\":\"https:\\\/\\\/radioljubuski.ba\\\/index.php\\\/2021\\\/08\\\/21\\\/jakobsenu-osma-etapa-roglic-ostao-vodeci\\\/#primaryimage\"},\"thumbnailUrl\":\"https:\\\/\\\/radioljubuski.ba\\\/wp-content\\\/uploads\\\/2021\\\/08\\\/62140732-fabio-jakobsen.jpg\",\"articleSection\":[\"\u0160port\"],\"inLanguage\":\"hr\"},{\"@type\":\"WebPage\",\"@id\":\"https:\\\/\\\/radioljubuski.ba\\\/index.php\\\/2021\\\/08\\\/21\\\/jakobsenu-osma-etapa-roglic-ostao-vodeci\\\/\",\"url\":\"https:\\\/\\\/radioljubuski.ba\\\/index.php\\\/2021\\\/08\\\/21\\\/jakobsenu-osma-etapa-roglic-ostao-vodeci\\\/\",\"name\":\"Jakobsenu osma etapa, Rogli\u010d ostao vode\u0107i - RADIO LJUBU\u0160KI\",\"isPartOf\":{\"@id\":\"https:\\\/\\\/radioljubuski.ba\\\/#website\"},\"primaryImageOfPage\":{\"@id\":\"https:\\\/\\\/radioljubuski.ba\\\/index.php\\\/2021\\\/08\\\/21\\\/jakobsenu-osma-etapa-roglic-ostao-vodeci\\\/#primaryimage\"},\"image\":{\"@id\":\"https:\\\/\\\/radioljubuski.ba\\\/index.php\\\/2021\\\/08\\\/21\\\/jakobsenu-osma-etapa-roglic-ostao-vodeci\\\/#primaryimage\"},\"thumbnailUrl\":\"https:\\\/\\\/radioljubuski.ba\\\/wp-content\\\/uploads\\\/2021\\\/08\\\/62140732-fabio-jakobsen.jpg\",\"datePublished\":\"2021-08-21T21:37:10+00:00\",\"dateModified\":\"2021-08-21T21:37:11+00:00\",\"breadcrumb\":{\"@id\":\"https:\\\/\\\/radioljubuski.ba\\\/index.php\\\/2021\\\/08\\\/21\\\/jakobsenu-osma-etapa-roglic-ostao-vodeci\\\/#breadcrumb\"},\"inLanguage\":\"hr\",\"potentialAction\":[{\"@type\":\"ReadAction\",\"target\":[\"https:\\\/\\\/radioljubuski.ba\\\/index.php\\\/2021\\\/08\\\/21\\\/jakobsenu-osma-etapa-roglic-ostao-vodeci\\\/\"]}]},{\"@type\":\"ImageObject\",\"inLanguage\":\"hr\",\"@id\":\"https:\\\/\\\/radioljubuski.ba\\\/index.php\\\/2021\\\/08\\\/21\\\/jakobsenu-osma-etapa-roglic-ostao-vodeci\\\/#primaryimage\",\"url\":\"https:\\\/\\\/radioljubuski.ba\\\/wp-content\\\/uploads\\\/2021\\\/08\\\/62140732-fabio-jakobsen.jpg\",\"contentUrl\":\"https:\\\/\\\/radioljubuski.ba\\\/wp-content\\\/uploads\\\/2021\\\/08\\\/62140732-fabio-jakobsen.jpg\",\"width\":1296,\"height\":640},{\"@type\":\"BreadcrumbList\",\"@id\":\"https:\\\/\\\/radioljubuski.ba\\\/index.php\\\/2021\\\/08\\\/21\\\/jakobsenu-osma-etapa-roglic-ostao-vodeci\\\/#breadcrumb\",\"itemListElement\":[{\"@type\":\"ListItem\",\"position\":1,\"name\":\"Po\u010detna stranica\",\"item\":\"https:\\\/\\\/radioljubuski.ba\\\/\"},{\"@type\":\"ListItem\",\"position\":2,\"name\":\"Jakobsenu osma etapa, Rogli\u010d ostao vode\u0107i\"}]},{\"@type\":\"WebSite\",\"@id\":\"https:\\\/\\\/radioljubuski.ba\\\/#website\",\"url\":\"https:\\\/\\\/radioljubuski.ba\\\/\",\"name\":\"Radio Ljubu\u0161ki\",\"description\":\"Sun\u010dana frekvencija Hercegovine\",\"publisher\":{\"@id\":\"https:\\\/\\\/radioljubuski.ba\\\/#organization\"},\"potentialAction\":[{\"@type\":\"SearchAction\",\"target\":{\"@type\":\"EntryPoint\",\"urlTemplate\":\"https:\\\/\\\/radioljubuski.ba\\\/?s={search_term_string}\"},\"query-input\":{\"@type\":\"PropertyValueSpecification\",\"valueRequired\":true,\"valueName\":\"search_term_string\"}}],\"inLanguage\":\"hr\"},{\"@type\":\"Organization\",\"@id\":\"https:\\\/\\\/radioljubuski.ba\\\/#organization\",\"name\":\"Radio Ljubu\u0161ki\",\"url\":\"https:\\\/\\\/radioljubuski.ba\\\/\",\"logo\":{\"@type\":\"ImageObject\",\"inLanguage\":\"hr\",\"@id\":\"https:\\\/\\\/radioljubuski.ba\\\/#\\\/schema\\\/logo\\\/image\\\/\",\"url\":\"https:\\\/\\\/radioljubuski.ba\\\/wp-content\\\/uploads\\\/2021\\\/02\\\/cropped-Radio_Ljubuski_logo1.jpg\",\"contentUrl\":\"https:\\\/\\\/radioljubuski.ba\\\/wp-content\\\/uploads\\\/2021\\\/02\\\/cropped-Radio_Ljubuski_logo1.jpg\",\"width\":512,\"height\":512,\"caption\":\"Radio Ljubu\u0161ki\"},\"image\":{\"@id\":\"https:\\\/\\\/radioljubuski.ba\\\/#\\\/schema\\\/logo\\\/image\\\/\"},\"sameAs\":[\"https:\\\/\\\/www.facebook.com\\\/Radiio-Ljubuski-1490835324566332\",\"https:\\\/\\\/x.com\\\/radioljubuski\",\"https:\\\/\\\/hr.linkedin.com\\\/company\\\/radio-ljubuski\",\"https:\\\/\\\/www.youtube.com\\\/channel\\\/UCHYaeO_n0Db3tjNGudGpXyw\"]},{\"@type\":\"Person\",\"@id\":\"https:\\\/\\\/radioljubuski.ba\\\/#\\\/schema\\\/person\\\/19fc700381a780f69665d7956c469e3b\",\"name\":\"Radio Ljubu\u0161ki\"}]}<\/script>\n<!-- \/ Yoast SEO plugin. -->","yoast_head_json":{"title":"Jakobsenu osma etapa, Rogli\u010d ostao vode\u0107i - RADIO LJUBU\u0160KI","robots":{"index":"index","follow":"follow","max-snippet":"max-snippet:-1","max-image-preview":"max-image-preview:large","max-video-preview":"max-video-preview:-1"},"canonical":"https:\/\/radioljubuski.ba\/index.php\/2021\/08\/21\/jakobsenu-osma-etapa-roglic-ostao-vodeci\/","og_locale":"hr_HR","og_type":"article","og_title":"Jakobsenu osma etapa, Rogli\u010d ostao vode\u0107i - RADIO LJUBU\u0160KI","og_description":"Nizozemac Fabio jakobsen (Deceuninck-QuickStep) pobjednik je osme etape ovogodi\u0161njeg izdanja biciklisti\u010dke utrke &#8220;Vuelta a Espana&#8221; vo\u017eene od Santa Pole do La Mange dal Mar Menor u du\u017eini od 173.7 kilometara. Jakobsen je do svoje druge etapne pobjede na ovogodi\u0161njoj &#8220;Vuelti&#8221;, najbr\u017ei je bio i u \u010detvrtoj etapi, stigao u zavr\u0161nom sprintu u kojemu je nadma\u0161io [&hellip;]","og_url":"https:\/\/radioljubuski.ba\/index.php\/2021\/08\/21\/jakobsenu-osma-etapa-roglic-ostao-vodeci\/","og_site_name":"RADIO LJUBU\u0160KI","article_publisher":"https:\/\/www.facebook.com\/Radiio-Ljubuski-1490835324566332","article_published_time":"2021-08-21T21:37:10+00:00","article_modified_time":"2021-08-21T21:37:11+00:00","og_image":[{"width":1296,"height":640,"url":"https:\/\/radioljubuski.ba\/wp-content\/uploads\/2021\/08\/62140732-fabio-jakobsen.jpg","type":"image\/jpeg"}],"author":"Radio Ljubu\u0161ki","twitter_card":"summary_large_image","twitter_creator":"@radioljubuski","twitter_site":"@radioljubuski","twitter_misc":{"Napisao\/la":"Radio Ljubu\u0161ki","Procijenjeno vrijeme \u010ditanja":"1 minuta"},"schema":{"@context":"https:\/\/schema.org","@graph":[{"@type":"Article","@id":"https:\/\/radioljubuski.ba\/index.php\/2021\/08\/21\/jakobsenu-osma-etapa-roglic-ostao-vodeci\/#article","isPartOf":{"@id":"https:\/\/radioljubuski.ba\/index.php\/2021\/08\/21\/jakobsenu-osma-etapa-roglic-ostao-vodeci\/"},"author":{"name":"Radio Ljubu\u0161ki","@id":"https:\/\/radioljubuski.ba\/#\/schema\/person\/19fc700381a780f69665d7956c469e3b"},"headline":"Jakobsenu osma etapa, Rogli\u010d ostao vode\u0107i","datePublished":"2021-08-21T21:37:10+00:00","dateModified":"2021-08-21T21:37:11+00:00","mainEntityOfPage":{"@id":"https:\/\/radioljubuski.ba\/index.php\/2021\/08\/21\/jakobsenu-osma-etapa-roglic-ostao-vodeci\/"},"wordCount":235,"publisher":{"@id":"https:\/\/radioljubuski.ba\/#organization"},"image":{"@id":"https:\/\/radioljubuski.ba\/index.php\/2021\/08\/21\/jakobsenu-osma-etapa-roglic-ostao-vodeci\/#primaryimage"},"thumbnailUrl":"https:\/\/radioljubuski.ba\/wp-content\/uploads\/2021\/08\/62140732-fabio-jakobsen.jpg","articleSection":["\u0160port"],"inLanguage":"hr"},{"@type":"WebPage","@id":"https:\/\/radioljubuski.ba\/index.php\/2021\/08\/21\/jakobsenu-osma-etapa-roglic-ostao-vodeci\/","url":"https:\/\/radioljubuski.ba\/index.php\/2021\/08\/21\/jakobsenu-osma-etapa-roglic-ostao-vodeci\/","name":"Jakobsenu osma etapa, Rogli\u010d ostao vode\u0107i - RADIO LJUBU\u0160KI","isPartOf":{"@id":"https:\/\/radioljubuski.ba\/#website"},"primaryImageOfPage":{"@id":"https:\/\/radioljubuski.ba\/index.php\/2021\/08\/21\/jakobsenu-osma-etapa-roglic-ostao-vodeci\/#primaryimage"},"image":{"@id":"https:\/\/radioljubuski.ba\/index.php\/2021\/08\/21\/jakobsenu-osma-etapa-roglic-ostao-vodeci\/#primaryimage"},"thumbnailUrl":"https:\/\/radioljubuski.ba\/wp-content\/uploads\/2021\/08\/62140732-fabio-jakobsen.jpg","datePublished":"2021-08-21T21:37:10+00:00","dateModified":"2021-08-21T21:37:11+00:00","breadcrumb":{"@id":"https:\/\/radioljubuski.ba\/index.php\/2021\/08\/21\/jakobsenu-osma-etapa-roglic-ostao-vodeci\/#breadcrumb"},"inLanguage":"hr","potentialAction":[{"@type":"ReadAction","target":["https:\/\/radioljubuski.ba\/index.php\/2021\/08\/21\/jakobsenu-osma-etapa-roglic-ostao-vodeci\/"]}]},{"@type":"ImageObject","inLanguage":"hr","@id":"https:\/\/radioljubuski.ba\/index.php\/2021\/08\/21\/jakobsenu-osma-etapa-roglic-ostao-vodeci\/#primaryimage","url":"https:\/\/radioljubuski.ba\/wp-content\/uploads\/2021\/08\/62140732-fabio-jakobsen.jpg","contentUrl":"https:\/\/radioljubuski.ba\/wp-content\/uploads\/2021\/08\/62140732-fabio-jakobsen.jpg","width":1296,"height":640},{"@type":"BreadcrumbList","@id":"https:\/\/radioljubuski.ba\/index.php\/2021\/08\/21\/jakobsenu-osma-etapa-roglic-ostao-vodeci\/#breadcrumb","itemListElement":[{"@type":"ListItem","position":1,"name":"Po\u010detna stranica","item":"https:\/\/radioljubuski.ba\/"},{"@type":"ListItem","position":2,"name":"Jakobsenu osma etapa, Rogli\u010d ostao vode\u0107i"}]},{"@type":"WebSite","@id":"https:\/\/radioljubuski.ba\/#website","url":"https:\/\/radioljubuski.ba\/","name":"Radio Ljubu\u0161ki","description":"Sun\u010dana frekvencija Hercegovine","publisher":{"@id":"https:\/\/radioljubuski.ba\/#organization"},"potentialAction":[{"@type":"SearchAction","target":{"@type":"EntryPoint","urlTemplate":"https:\/\/radioljubuski.ba\/?s={search_term_string}"},"query-input":{"@type":"PropertyValueSpecification","valueRequired":true,"valueName":"search_term_string"}}],"inLanguage":"hr"},{"@type":"Organization","@id":"https:\/\/radioljubuski.ba\/#organization","name":"Radio Ljubu\u0161ki","url":"https:\/\/radioljubuski.ba\/","logo":{"@type":"ImageObject","inLanguage":"hr","@id":"https:\/\/radioljubuski.ba\/#\/schema\/logo\/image\/","url":"https:\/\/radioljubuski.ba\/wp-content\/uploads\/2021\/02\/cropped-Radio_Ljubuski_logo1.jpg","contentUrl":"https:\/\/radioljubuski.ba\/wp-content\/uploads\/2021\/02\/cropped-Radio_Ljubuski_logo1.jpg","width":512,"height":512,"caption":"Radio Ljubu\u0161ki"},"image":{"@id":"https:\/\/radioljubuski.ba\/#\/schema\/logo\/image\/"},"sameAs":["https:\/\/www.facebook.com\/Radiio-Ljubuski-1490835324566332","https:\/\/x.com\/radioljubuski","https:\/\/hr.linkedin.com\/company\/radio-ljubuski","https:\/\/www.youtube.com\/channel\/UCHYaeO_n0Db3tjNGudGpXyw"]},{"@type":"Person","@id":"https:\/\/radioljubuski.ba\/#\/schema\/person\/19fc700381a780f69665d7956c469e3b","name":"Radio Ljubu\u0161ki"}]}},"_links":{"self":[{"href":"https:\/\/radioljubuski.ba\/index.php\/wp-json\/wp\/v2\/posts\/55976","targetHints":{"allow":["GET"]}}],"collection":[{"href":"https:\/\/radioljubuski.ba\/index.php\/wp-json\/wp\/v2\/posts"}],"about":[{"href":"https:\/\/radioljubuski.ba\/index.php\/wp-json\/wp\/v2\/types\/post"}],"author":[{"embeddable":true,"href":"https:\/\/radioljubuski.ba\/index.php\/wp-json\/wp\/v2\/users\/2"}],"replies":[{"embeddable":true,"href":"https:\/\/radioljubuski.ba\/index.php\/wp-json\/wp\/v2\/comments?post=55976"}],"version-history":[{"count":1,"href":"https:\/\/radioljubuski.ba\/index.php\/wp-json\/wp\/v2\/posts\/55976\/revisions"}],"predecessor-version":[{"id":55978,"href":"https:\/\/radioljubuski.ba\/index.php\/wp-json\/wp\/v2\/posts\/55976\/revisions\/55978"}],"wp:featuredmedia":[{"embeddable":true,"href":"https:\/\/radioljubuski.ba\/index.php\/wp-json\/wp\/v2\/media\/55977"}],"wp:attachment":[{"href":"https:\/\/radioljubuski.ba\/index.php\/wp-json\/wp\/v2\/media?parent=55976"}],"wp:term":[{"taxonomy":"category","embeddable":true,"href":"https:\/\/radioljubuski.ba\/index.php\/wp-json\/wp\/v2\/categories?post=55976"},{"taxonomy":"post_tag","embeddable":true,"href":"https:\/\/radioljubuski.ba\/index.php\/wp-json\/wp\/v2\/tags?post=55976"}],"curies":[{"name":"wp","href":"https:\/\/api.w.org\/{rel}","templated":true}]}}