{"id":5598,"date":"2021-03-21T16:24:09","date_gmt":"2021-03-21T15:24:09","guid":{"rendered":"https:\/\/radioljubuski.ba\/?p=5598"},"modified":"2021-03-21T16:24:10","modified_gmt":"2021-03-21T15:24:10","slug":"beogradska-manekenka-nudili-su-mi-50-ili-60-tisuca-eura-da-odvedem-dokovica-u-krevet","status":"publish","type":"post","link":"https:\/\/radioljubuski.ba\/index.php\/2021\/03\/21\/beogradska-manekenka-nudili-su-mi-50-ili-60-tisuca-eura-da-odvedem-dokovica-u-krevet\/","title":{"rendered":"Beogradska manekenka: Nudili su mi 50 ili 60 tisu\u0107a eura da odvedem \u0110okovi\u0107a u krevet"},"content":{"rendered":"\n<p>Srpska manekenka Natalija \u0160\u0107eki\u0107 \u0161okirala je sve u Srbiji u svojoj ispovijesti koju je dala za tamo\u0161nji magazin Svet.<\/p>\n\n\n\n<p>Otkrila je da su njeni menad\u017eeri i njihovi suradnici tra\u017eili da zavede Novaka \u0110okovi\u0107a kako bi uni\u0161tila njegov brak sa suprugom Jelenom.<\/p>\n\n\n\n<p>Plan je bio da Natalija namami Novaka i snimi seksualnu aferu, a zatim je pusti u javnost. Za to su joj nudili izme\u0111u 50 i 60 tisu\u0107a eura.<\/p>\n\n\n\n<p>&#8220;Nazvao me \u010dovjek, on je iz Beograda i znam ga, mislila sam da je ozbiljan menad\u017eer. Kad me kontaktirao, pomislila sam da me tra\u017ei za ozbiljan posao, za preuzimanje oglasa ili za fotografiranje. Kad je razgovor zapo\u010deo, kad mi je rekao plan, isprva sam pomislila da je to skrivena kamera, po\u010dela sam se smijati&#8230; \u010cinilo mi se kao \u0161ala, ali zapravo nije bila. Zaista su pripremali pakleni plan. Re\u010deno mi je da Novaka odvedem negdje na intimno mjesto i da sve to snimim&#8221;, otkrila je \u0160\u0107eki\u0107 pa dodala:<\/p>\n\n\n\n<p>&#8220;Ponuda je bila od 50 do 60 tisu\u0107a eura i putovanje iz snova po mom izboru. Sve mi je to bilo uvredljivo. Nisam takva djevojka, nisam sponzoru\u0161a ili prostitutka. Mogu samo zamisliti \u0161to bi se dogodilo da je takav video objavljen u javnosti. Nastao bi totalni kaos. \u0110okovi\u0107 ne zaslu\u017euje takve stvari.&#8221;<\/p>\n\n\n\n<figure class=\"wp-block-image\"><img decoding=\"async\" src=\"https:\/\/indexnew.s3.index.hr\/57ca9a4b-b53b-4be1-b99f-0b6fdf0e0fb5.jpg?v1\" alt=\"\"\/><\/figure>\n\n\n\n<p>Dnevnik.ba<\/p>\n","protected":false},"excerpt":{"rendered":"<p>Srpska manekenka Natalija \u0160\u0107eki\u0107 \u0161okirala je sve u Srbiji u svojoj ispovijesti koju je dala za tamo\u0161nji magazin Svet. Otkrila je da su njeni menad\u017eeri i njihovi suradnici tra\u017eili da zavede Novaka \u0110okovi\u0107a kako bi uni\u0161tila njegov brak sa suprugom Jelenom. Plan je bio da Natalija namami Novaka i snimi seksualnu aferu, a zatim je [&hellip;]<\/p>\n","protected":false},"author":2,"featured_media":5599,"comment_status":"closed","ping_status":"closed","sticky":false,"template":"","format":"standard","meta":{"h5ap_radio_sources":[],"footnotes":""},"categories":[1],"tags":[],"class_list":["post-5598","post","type-post","status-publish","format-standard","has-post-thumbnail","hentry","category-bihiregija"],"yoast_head":"<!-- This site is optimized with the Yoast SEO plugin v27.5 - https:\/\/yoast.com\/product\/yoast-seo-wordpress\/ -->\n<title>Beogradska manekenka: Nudili su mi 50 ili 60 tisu\u0107a eura da odvedem \u0110okovi\u0107a u krevet - RADIO LJUBU\u0160KI<\/title>\n<meta name=\"robots\" content=\"index, follow, max-snippet:-1, max-image-preview:large, max-video-preview:-1\" \/>\n<link rel=\"canonical\" href=\"https:\/\/radioljubuski.ba\/index.php\/2021\/03\/21\/beogradska-manekenka-nudili-su-mi-50-ili-60-tisuca-eura-da-odvedem-dokovica-u-krevet\/\" \/>\n<meta property=\"og:locale\" content=\"hr_HR\" \/>\n<meta property=\"og:type\" content=\"article\" \/>\n<meta property=\"og:title\" content=\"Beogradska manekenka: Nudili su mi 50 ili 60 tisu\u0107a eura da odvedem \u0110okovi\u0107a u krevet - RADIO LJUBU\u0160KI\" \/>\n<meta property=\"og:description\" content=\"Srpska manekenka Natalija \u0160\u0107eki\u0107 \u0161okirala je sve u Srbiji u svojoj ispovijesti koju je dala za tamo\u0161nji magazin Svet. Otkrila je da su njeni menad\u017eeri i njihovi suradnici tra\u017eili da zavede Novaka \u0110okovi\u0107a kako bi uni\u0161tila njegov brak sa suprugom Jelenom. Plan je bio da Natalija namami Novaka i snimi seksualnu aferu, a zatim je [&hellip;]\" \/>\n<meta property=\"og:url\" content=\"https:\/\/radioljubuski.ba\/index.php\/2021\/03\/21\/beogradska-manekenka-nudili-su-mi-50-ili-60-tisuca-eura-da-odvedem-dokovica-u-krevet\/\" \/>\n<meta property=\"og:site_name\" content=\"RADIO LJUBU\u0160KI\" \/>\n<meta property=\"article:publisher\" content=\"https:\/\/www.facebook.com\/Radiio-Ljubuski-1490835324566332\" \/>\n<meta property=\"article:published_time\" content=\"2021-03-21T15:24:09+00:00\" \/>\n<meta property=\"article:modified_time\" content=\"2021-03-21T15:24:10+00:00\" \/>\n<meta property=\"og:image\" content=\"https:\/\/radioljubuski.ba\/wp-content\/uploads\/2021\/03\/dokovic_epaa.jpg\" \/>\n\t<meta property=\"og:image:width\" content=\"840\" \/>\n\t<meta property=\"og:image:height\" content=\"470\" \/>\n\t<meta property=\"og:image:type\" content=\"image\/jpeg\" \/>\n<meta name=\"author\" content=\"Radio Ljubu\u0161ki\" \/>\n<meta name=\"twitter:card\" content=\"summary_large_image\" \/>\n<meta name=\"twitter:creator\" content=\"@radioljubuski\" \/>\n<meta name=\"twitter:site\" content=\"@radioljubuski\" \/>\n<meta name=\"twitter:label1\" content=\"Napisao\/la\" \/>\n\t<meta name=\"twitter:data1\" content=\"Radio Ljubu\u0161ki\" \/>\n\t<meta name=\"twitter:label2\" content=\"Procijenjeno vrijeme \u010ditanja\" \/>\n\t<meta name=\"twitter:data2\" content=\"2 minute\" \/>\n<script type=\"application\/ld+json\" class=\"yoast-schema-graph\">{\"@context\":\"https:\\\/\\\/schema.org\",\"@graph\":[{\"@type\":\"Article\",\"@id\":\"https:\\\/\\\/radioljubuski.ba\\\/index.php\\\/2021\\\/03\\\/21\\\/beogradska-manekenka-nudili-su-mi-50-ili-60-tisuca-eura-da-odvedem-dokovica-u-krevet\\\/#article\",\"isPartOf\":{\"@id\":\"https:\\\/\\\/radioljubuski.ba\\\/index.php\\\/2021\\\/03\\\/21\\\/beogradska-manekenka-nudili-su-mi-50-ili-60-tisuca-eura-da-odvedem-dokovica-u-krevet\\\/\"},\"author\":{\"name\":\"Radio Ljubu\u0161ki\",\"@id\":\"https:\\\/\\\/radioljubuski.ba\\\/#\\\/schema\\\/person\\\/19fc700381a780f69665d7956c469e3b\"},\"headline\":\"Beogradska manekenka: Nudili su mi 50 ili 60 tisu\u0107a eura da odvedem \u0110okovi\u0107a u krevet\",\"datePublished\":\"2021-03-21T15:24:09+00:00\",\"dateModified\":\"2021-03-21T15:24:10+00:00\",\"mainEntityOfPage\":{\"@id\":\"https:\\\/\\\/radioljubuski.ba\\\/index.php\\\/2021\\\/03\\\/21\\\/beogradska-manekenka-nudili-su-mi-50-ili-60-tisuca-eura-da-odvedem-dokovica-u-krevet\\\/\"},\"wordCount\":237,\"publisher\":{\"@id\":\"https:\\\/\\\/radioljubuski.ba\\\/#organization\"},\"image\":{\"@id\":\"https:\\\/\\\/radioljubuski.ba\\\/index.php\\\/2021\\\/03\\\/21\\\/beogradska-manekenka-nudili-su-mi-50-ili-60-tisuca-eura-da-odvedem-dokovica-u-krevet\\\/#primaryimage\"},\"thumbnailUrl\":\"https:\\\/\\\/radioljubuski.ba\\\/wp-content\\\/uploads\\\/2021\\\/03\\\/dokovic_epaa.jpg\",\"articleSection\":[\"BIH i regija\"],\"inLanguage\":\"hr\"},{\"@type\":\"WebPage\",\"@id\":\"https:\\\/\\\/radioljubuski.ba\\\/index.php\\\/2021\\\/03\\\/21\\\/beogradska-manekenka-nudili-su-mi-50-ili-60-tisuca-eura-da-odvedem-dokovica-u-krevet\\\/\",\"url\":\"https:\\\/\\\/radioljubuski.ba\\\/index.php\\\/2021\\\/03\\\/21\\\/beogradska-manekenka-nudili-su-mi-50-ili-60-tisuca-eura-da-odvedem-dokovica-u-krevet\\\/\",\"name\":\"Beogradska manekenka: Nudili su mi 50 ili 60 tisu\u0107a eura da odvedem \u0110okovi\u0107a u krevet - RADIO LJUBU\u0160KI\",\"isPartOf\":{\"@id\":\"https:\\\/\\\/radioljubuski.ba\\\/#website\"},\"primaryImageOfPage\":{\"@id\":\"https:\\\/\\\/radioljubuski.ba\\\/index.php\\\/2021\\\/03\\\/21\\\/beogradska-manekenka-nudili-su-mi-50-ili-60-tisuca-eura-da-odvedem-dokovica-u-krevet\\\/#primaryimage\"},\"image\":{\"@id\":\"https:\\\/\\\/radioljubuski.ba\\\/index.php\\\/2021\\\/03\\\/21\\\/beogradska-manekenka-nudili-su-mi-50-ili-60-tisuca-eura-da-odvedem-dokovica-u-krevet\\\/#primaryimage\"},\"thumbnailUrl\":\"https:\\\/\\\/radioljubuski.ba\\\/wp-content\\\/uploads\\\/2021\\\/03\\\/dokovic_epaa.jpg\",\"datePublished\":\"2021-03-21T15:24:09+00:00\",\"dateModified\":\"2021-03-21T15:24:10+00:00\",\"breadcrumb\":{\"@id\":\"https:\\\/\\\/radioljubuski.ba\\\/index.php\\\/2021\\\/03\\\/21\\\/beogradska-manekenka-nudili-su-mi-50-ili-60-tisuca-eura-da-odvedem-dokovica-u-krevet\\\/#breadcrumb\"},\"inLanguage\":\"hr\",\"potentialAction\":[{\"@type\":\"ReadAction\",\"target\":[\"https:\\\/\\\/radioljubuski.ba\\\/index.php\\\/2021\\\/03\\\/21\\\/beogradska-manekenka-nudili-su-mi-50-ili-60-tisuca-eura-da-odvedem-dokovica-u-krevet\\\/\"]}]},{\"@type\":\"ImageObject\",\"inLanguage\":\"hr\",\"@id\":\"https:\\\/\\\/radioljubuski.ba\\\/index.php\\\/2021\\\/03\\\/21\\\/beogradska-manekenka-nudili-su-mi-50-ili-60-tisuca-eura-da-odvedem-dokovica-u-krevet\\\/#primaryimage\",\"url\":\"https:\\\/\\\/radioljubuski.ba\\\/wp-content\\\/uploads\\\/2021\\\/03\\\/dokovic_epaa.jpg\",\"contentUrl\":\"https:\\\/\\\/radioljubuski.ba\\\/wp-content\\\/uploads\\\/2021\\\/03\\\/dokovic_epaa.jpg\",\"width\":840,\"height\":470},{\"@type\":\"BreadcrumbList\",\"@id\":\"https:\\\/\\\/radioljubuski.ba\\\/index.php\\\/2021\\\/03\\\/21\\\/beogradska-manekenka-nudili-su-mi-50-ili-60-tisuca-eura-da-odvedem-dokovica-u-krevet\\\/#breadcrumb\",\"itemListElement\":[{\"@type\":\"ListItem\",\"position\":1,\"name\":\"Po\u010detna stranica\",\"item\":\"https:\\\/\\\/radioljubuski.ba\\\/\"},{\"@type\":\"ListItem\",\"position\":2,\"name\":\"Beogradska manekenka: Nudili su mi 50 ili 60 tisu\u0107a eura da odvedem \u0110okovi\u0107a u krevet\"}]},{\"@type\":\"WebSite\",\"@id\":\"https:\\\/\\\/radioljubuski.ba\\\/#website\",\"url\":\"https:\\\/\\\/radioljubuski.ba\\\/\",\"name\":\"Radio Ljubu\u0161ki\",\"description\":\"Sun\u010dana frekvencija Hercegovine\",\"publisher\":{\"@id\":\"https:\\\/\\\/radioljubuski.ba\\\/#organization\"},\"potentialAction\":[{\"@type\":\"SearchAction\",\"target\":{\"@type\":\"EntryPoint\",\"urlTemplate\":\"https:\\\/\\\/radioljubuski.ba\\\/?s={search_term_string}\"},\"query-input\":{\"@type\":\"PropertyValueSpecification\",\"valueRequired\":true,\"valueName\":\"search_term_string\"}}],\"inLanguage\":\"hr\"},{\"@type\":\"Organization\",\"@id\":\"https:\\\/\\\/radioljubuski.ba\\\/#organization\",\"name\":\"Radio Ljubu\u0161ki\",\"url\":\"https:\\\/\\\/radioljubuski.ba\\\/\",\"logo\":{\"@type\":\"ImageObject\",\"inLanguage\":\"hr\",\"@id\":\"https:\\\/\\\/radioljubuski.ba\\\/#\\\/schema\\\/logo\\\/image\\\/\",\"url\":\"https:\\\/\\\/radioljubuski.ba\\\/wp-content\\\/uploads\\\/2021\\\/02\\\/cropped-Radio_Ljubuski_logo1.jpg\",\"contentUrl\":\"https:\\\/\\\/radioljubuski.ba\\\/wp-content\\\/uploads\\\/2021\\\/02\\\/cropped-Radio_Ljubuski_logo1.jpg\",\"width\":512,\"height\":512,\"caption\":\"Radio Ljubu\u0161ki\"},\"image\":{\"@id\":\"https:\\\/\\\/radioljubuski.ba\\\/#\\\/schema\\\/logo\\\/image\\\/\"},\"sameAs\":[\"https:\\\/\\\/www.facebook.com\\\/Radiio-Ljubuski-1490835324566332\",\"https:\\\/\\\/x.com\\\/radioljubuski\",\"https:\\\/\\\/hr.linkedin.com\\\/company\\\/radio-ljubuski\",\"https:\\\/\\\/www.youtube.com\\\/channel\\\/UCHYaeO_n0Db3tjNGudGpXyw\"]},{\"@type\":\"Person\",\"@id\":\"https:\\\/\\\/radioljubuski.ba\\\/#\\\/schema\\\/person\\\/19fc700381a780f69665d7956c469e3b\",\"name\":\"Radio Ljubu\u0161ki\"}]}<\/script>\n<!-- \/ Yoast SEO plugin. -->","yoast_head_json":{"title":"Beogradska manekenka: Nudili su mi 50 ili 60 tisu\u0107a eura da odvedem \u0110okovi\u0107a u krevet - RADIO LJUBU\u0160KI","robots":{"index":"index","follow":"follow","max-snippet":"max-snippet:-1","max-image-preview":"max-image-preview:large","max-video-preview":"max-video-preview:-1"},"canonical":"https:\/\/radioljubuski.ba\/index.php\/2021\/03\/21\/beogradska-manekenka-nudili-su-mi-50-ili-60-tisuca-eura-da-odvedem-dokovica-u-krevet\/","og_locale":"hr_HR","og_type":"article","og_title":"Beogradska manekenka: Nudili su mi 50 ili 60 tisu\u0107a eura da odvedem \u0110okovi\u0107a u krevet - RADIO LJUBU\u0160KI","og_description":"Srpska manekenka Natalija \u0160\u0107eki\u0107 \u0161okirala je sve u Srbiji u svojoj ispovijesti koju je dala za tamo\u0161nji magazin Svet. Otkrila je da su njeni menad\u017eeri i njihovi suradnici tra\u017eili da zavede Novaka \u0110okovi\u0107a kako bi uni\u0161tila njegov brak sa suprugom Jelenom. Plan je bio da Natalija namami Novaka i snimi seksualnu aferu, a zatim je [&hellip;]","og_url":"https:\/\/radioljubuski.ba\/index.php\/2021\/03\/21\/beogradska-manekenka-nudili-su-mi-50-ili-60-tisuca-eura-da-odvedem-dokovica-u-krevet\/","og_site_name":"RADIO LJUBU\u0160KI","article_publisher":"https:\/\/www.facebook.com\/Radiio-Ljubuski-1490835324566332","article_published_time":"2021-03-21T15:24:09+00:00","article_modified_time":"2021-03-21T15:24:10+00:00","og_image":[{"width":840,"height":470,"url":"https:\/\/radioljubuski.ba\/wp-content\/uploads\/2021\/03\/dokovic_epaa.jpg","type":"image\/jpeg"}],"author":"Radio Ljubu\u0161ki","twitter_card":"summary_large_image","twitter_creator":"@radioljubuski","twitter_site":"@radioljubuski","twitter_misc":{"Napisao\/la":"Radio Ljubu\u0161ki","Procijenjeno vrijeme \u010ditanja":"2 minute"},"schema":{"@context":"https:\/\/schema.org","@graph":[{"@type":"Article","@id":"https:\/\/radioljubuski.ba\/index.php\/2021\/03\/21\/beogradska-manekenka-nudili-su-mi-50-ili-60-tisuca-eura-da-odvedem-dokovica-u-krevet\/#article","isPartOf":{"@id":"https:\/\/radioljubuski.ba\/index.php\/2021\/03\/21\/beogradska-manekenka-nudili-su-mi-50-ili-60-tisuca-eura-da-odvedem-dokovica-u-krevet\/"},"author":{"name":"Radio Ljubu\u0161ki","@id":"https:\/\/radioljubuski.ba\/#\/schema\/person\/19fc700381a780f69665d7956c469e3b"},"headline":"Beogradska manekenka: Nudili su mi 50 ili 60 tisu\u0107a eura da odvedem \u0110okovi\u0107a u krevet","datePublished":"2021-03-21T15:24:09+00:00","dateModified":"2021-03-21T15:24:10+00:00","mainEntityOfPage":{"@id":"https:\/\/radioljubuski.ba\/index.php\/2021\/03\/21\/beogradska-manekenka-nudili-su-mi-50-ili-60-tisuca-eura-da-odvedem-dokovica-u-krevet\/"},"wordCount":237,"publisher":{"@id":"https:\/\/radioljubuski.ba\/#organization"},"image":{"@id":"https:\/\/radioljubuski.ba\/index.php\/2021\/03\/21\/beogradska-manekenka-nudili-su-mi-50-ili-60-tisuca-eura-da-odvedem-dokovica-u-krevet\/#primaryimage"},"thumbnailUrl":"https:\/\/radioljubuski.ba\/wp-content\/uploads\/2021\/03\/dokovic_epaa.jpg","articleSection":["BIH i regija"],"inLanguage":"hr"},{"@type":"WebPage","@id":"https:\/\/radioljubuski.ba\/index.php\/2021\/03\/21\/beogradska-manekenka-nudili-su-mi-50-ili-60-tisuca-eura-da-odvedem-dokovica-u-krevet\/","url":"https:\/\/radioljubuski.ba\/index.php\/2021\/03\/21\/beogradska-manekenka-nudili-su-mi-50-ili-60-tisuca-eura-da-odvedem-dokovica-u-krevet\/","name":"Beogradska manekenka: Nudili su mi 50 ili 60 tisu\u0107a eura da odvedem \u0110okovi\u0107a u krevet - RADIO LJUBU\u0160KI","isPartOf":{"@id":"https:\/\/radioljubuski.ba\/#website"},"primaryImageOfPage":{"@id":"https:\/\/radioljubuski.ba\/index.php\/2021\/03\/21\/beogradska-manekenka-nudili-su-mi-50-ili-60-tisuca-eura-da-odvedem-dokovica-u-krevet\/#primaryimage"},"image":{"@id":"https:\/\/radioljubuski.ba\/index.php\/2021\/03\/21\/beogradska-manekenka-nudili-su-mi-50-ili-60-tisuca-eura-da-odvedem-dokovica-u-krevet\/#primaryimage"},"thumbnailUrl":"https:\/\/radioljubuski.ba\/wp-content\/uploads\/2021\/03\/dokovic_epaa.jpg","datePublished":"2021-03-21T15:24:09+00:00","dateModified":"2021-03-21T15:24:10+00:00","breadcrumb":{"@id":"https:\/\/radioljubuski.ba\/index.php\/2021\/03\/21\/beogradska-manekenka-nudili-su-mi-50-ili-60-tisuca-eura-da-odvedem-dokovica-u-krevet\/#breadcrumb"},"inLanguage":"hr","potentialAction":[{"@type":"ReadAction","target":["https:\/\/radioljubuski.ba\/index.php\/2021\/03\/21\/beogradska-manekenka-nudili-su-mi-50-ili-60-tisuca-eura-da-odvedem-dokovica-u-krevet\/"]}]},{"@type":"ImageObject","inLanguage":"hr","@id":"https:\/\/radioljubuski.ba\/index.php\/2021\/03\/21\/beogradska-manekenka-nudili-su-mi-50-ili-60-tisuca-eura-da-odvedem-dokovica-u-krevet\/#primaryimage","url":"https:\/\/radioljubuski.ba\/wp-content\/uploads\/2021\/03\/dokovic_epaa.jpg","contentUrl":"https:\/\/radioljubuski.ba\/wp-content\/uploads\/2021\/03\/dokovic_epaa.jpg","width":840,"height":470},{"@type":"BreadcrumbList","@id":"https:\/\/radioljubuski.ba\/index.php\/2021\/03\/21\/beogradska-manekenka-nudili-su-mi-50-ili-60-tisuca-eura-da-odvedem-dokovica-u-krevet\/#breadcrumb","itemListElement":[{"@type":"ListItem","position":1,"name":"Po\u010detna stranica","item":"https:\/\/radioljubuski.ba\/"},{"@type":"ListItem","position":2,"name":"Beogradska manekenka: Nudili su mi 50 ili 60 tisu\u0107a eura da odvedem \u0110okovi\u0107a u krevet"}]},{"@type":"WebSite","@id":"https:\/\/radioljubuski.ba\/#website","url":"https:\/\/radioljubuski.ba\/","name":"Radio Ljubu\u0161ki","description":"Sun\u010dana frekvencija Hercegovine","publisher":{"@id":"https:\/\/radioljubuski.ba\/#organization"},"potentialAction":[{"@type":"SearchAction","target":{"@type":"EntryPoint","urlTemplate":"https:\/\/radioljubuski.ba\/?s={search_term_string}"},"query-input":{"@type":"PropertyValueSpecification","valueRequired":true,"valueName":"search_term_string"}}],"inLanguage":"hr"},{"@type":"Organization","@id":"https:\/\/radioljubuski.ba\/#organization","name":"Radio Ljubu\u0161ki","url":"https:\/\/radioljubuski.ba\/","logo":{"@type":"ImageObject","inLanguage":"hr","@id":"https:\/\/radioljubuski.ba\/#\/schema\/logo\/image\/","url":"https:\/\/radioljubuski.ba\/wp-content\/uploads\/2021\/02\/cropped-Radio_Ljubuski_logo1.jpg","contentUrl":"https:\/\/radioljubuski.ba\/wp-content\/uploads\/2021\/02\/cropped-Radio_Ljubuski_logo1.jpg","width":512,"height":512,"caption":"Radio Ljubu\u0161ki"},"image":{"@id":"https:\/\/radioljubuski.ba\/#\/schema\/logo\/image\/"},"sameAs":["https:\/\/www.facebook.com\/Radiio-Ljubuski-1490835324566332","https:\/\/x.com\/radioljubuski","https:\/\/hr.linkedin.com\/company\/radio-ljubuski","https:\/\/www.youtube.com\/channel\/UCHYaeO_n0Db3tjNGudGpXyw"]},{"@type":"Person","@id":"https:\/\/radioljubuski.ba\/#\/schema\/person\/19fc700381a780f69665d7956c469e3b","name":"Radio Ljubu\u0161ki"}]}},"_links":{"self":[{"href":"https:\/\/radioljubuski.ba\/index.php\/wp-json\/wp\/v2\/posts\/5598","targetHints":{"allow":["GET"]}}],"collection":[{"href":"https:\/\/radioljubuski.ba\/index.php\/wp-json\/wp\/v2\/posts"}],"about":[{"href":"https:\/\/radioljubuski.ba\/index.php\/wp-json\/wp\/v2\/types\/post"}],"author":[{"embeddable":true,"href":"https:\/\/radioljubuski.ba\/index.php\/wp-json\/wp\/v2\/users\/2"}],"replies":[{"embeddable":true,"href":"https:\/\/radioljubuski.ba\/index.php\/wp-json\/wp\/v2\/comments?post=5598"}],"version-history":[{"count":1,"href":"https:\/\/radioljubuski.ba\/index.php\/wp-json\/wp\/v2\/posts\/5598\/revisions"}],"predecessor-version":[{"id":5600,"href":"https:\/\/radioljubuski.ba\/index.php\/wp-json\/wp\/v2\/posts\/5598\/revisions\/5600"}],"wp:featuredmedia":[{"embeddable":true,"href":"https:\/\/radioljubuski.ba\/index.php\/wp-json\/wp\/v2\/media\/5599"}],"wp:attachment":[{"href":"https:\/\/radioljubuski.ba\/index.php\/wp-json\/wp\/v2\/media?parent=5598"}],"wp:term":[{"taxonomy":"category","embeddable":true,"href":"https:\/\/radioljubuski.ba\/index.php\/wp-json\/wp\/v2\/categories?post=5598"},{"taxonomy":"post_tag","embeddable":true,"href":"https:\/\/radioljubuski.ba\/index.php\/wp-json\/wp\/v2\/tags?post=5598"}],"curies":[{"name":"wp","href":"https:\/\/api.w.org\/{rel}","templated":true}]}}