{"id":56003,"date":"2021-08-21T22:52:52","date_gmt":"2021-08-21T21:52:52","guid":{"rendered":"https:\/\/radioljubuski.ba\/?p=56003"},"modified":"2021-08-21T22:52:52","modified_gmt":"2021-08-21T21:52:52","slug":"dvornekovic-donio-gorici-pobjedu-nad-slavenom","status":"publish","type":"post","link":"https:\/\/radioljubuski.ba\/index.php\/2021\/08\/21\/dvornekovic-donio-gorici-pobjedu-nad-slavenom\/","title":{"rendered":"Dvornekovi\u0107 donio Gorici pobjedu nad Slavenom"},"content":{"rendered":"\n<p><strong>Nogometa\u0161i Gorice u susretu su 6. kola Prve HNL svladali Slaven Belupo s 1-0 (0-0).<\/strong><\/p>\n\n\n\n<p>Pogodak vrijedan tri boda postigao je&nbsp;<strong>Dvornekovi\u0107&nbsp;<\/strong>(66) samo nekoliko trenutaka nakon \u0161to je u\u0161ao u igru.<\/p>\n\n\n\n<p>Dvoboj Gorice i Slavena ponudio je dobru igru, a prije samoga pogotka oba sastava prijetila su opasnim udarcima s distance koje su ili branili vratari ili zaustavljao okvir gola.&nbsp;<\/p>\n\n\n\n<p>Tako je Gorica dva puta pogodila gredu krajem prvog poluvremena,&nbsp;<strong>Mitrovi\u0107&nbsp;<\/strong>u 35., a&nbsp;<strong>Lovri\u0107&nbsp;<\/strong>u 40. minuti, dok je poku\u0161aj&nbsp;<strong>Brkovi\u0107a&nbsp;<\/strong>za goste iz slobodnog udarca u 60. minuti zavr\u0161io u vratnici.<\/p>\n\n\n\n<p>Odlu\u010duju\u0107i trenutak dogodio se u 66. minuti kada je&nbsp;<strong>Babec&nbsp;<\/strong>poslao loptu prema kaznenom prostoru doma\u0107ih, nju su proma\u0161ili i napada\u010d Gorice i stoper Slavena, a iz drugog plana utr\u010dao je&nbsp;<strong>Dvornekovi\u0107&nbsp;<\/strong>i svladao&nbsp;<strong>\u010covi\u0107a<\/strong>.<\/p>\n\n\n\n<p>Ovom pobjedom Gorica je stigla na \u010detvrto mjesto s devet bodova, dok je Slaven Belupo ostao sedmi s pet.<br><br>Na vrhu su Hajduk i Osijek s po 13 bodova, dok je posljednji Hrvatski dragovoljac bez bodova.<\/p>\n\n\n\n<p>Izvor:hrt.hr<\/p>\n","protected":false},"excerpt":{"rendered":"<p>Nogometa\u0161i Gorice u susretu su 6. kola Prve HNL svladali Slaven Belupo s 1-0 (0-0). Pogodak vrijedan tri boda postigao je&nbsp;Dvornekovi\u0107&nbsp;(66) samo nekoliko trenutaka nakon \u0161to je u\u0161ao u igru. Dvoboj Gorice i Slavena ponudio je dobru igru, a prije samoga pogotka oba sastava prijetila su opasnim udarcima s distance koje su ili branili vratari [&hellip;]<\/p>\n","protected":false},"author":2,"featured_media":56004,"comment_status":"closed","ping_status":"closed","sticky":false,"template":"","format":"standard","meta":{"h5ap_radio_sources":[],"footnotes":""},"categories":[7],"tags":[],"class_list":["post-56003","post","type-post","status-publish","format-standard","has-post-thumbnail","hentry","category-sport"],"yoast_head":"<!-- This site is optimized with the Yoast SEO plugin v27.5 - https:\/\/yoast.com\/product\/yoast-seo-wordpress\/ -->\n<title>Dvornekovi\u0107 donio Gorici pobjedu nad Slavenom - RADIO LJUBU\u0160KI<\/title>\n<meta name=\"robots\" content=\"index, follow, max-snippet:-1, max-image-preview:large, max-video-preview:-1\" \/>\n<link rel=\"canonical\" href=\"https:\/\/radioljubuski.ba\/index.php\/2021\/08\/21\/dvornekovic-donio-gorici-pobjedu-nad-slavenom\/\" \/>\n<meta property=\"og:locale\" content=\"hr_HR\" \/>\n<meta property=\"og:type\" content=\"article\" \/>\n<meta property=\"og:title\" content=\"Dvornekovi\u0107 donio Gorici pobjedu nad Slavenom - RADIO LJUBU\u0160KI\" \/>\n<meta property=\"og:description\" content=\"Nogometa\u0161i Gorice u susretu su 6. kola Prve HNL svladali Slaven Belupo s 1-0 (0-0). Pogodak vrijedan tri boda postigao je&nbsp;Dvornekovi\u0107&nbsp;(66) samo nekoliko trenutaka nakon \u0161to je u\u0161ao u igru. Dvoboj Gorice i Slavena ponudio je dobru igru, a prije samoga pogotka oba sastava prijetila su opasnim udarcima s distance koje su ili branili vratari [&hellip;]\" \/>\n<meta property=\"og:url\" content=\"https:\/\/radioljubuski.ba\/index.php\/2021\/08\/21\/dvornekovic-donio-gorici-pobjedu-nad-slavenom\/\" \/>\n<meta property=\"og:site_name\" content=\"RADIO LJUBU\u0160KI\" \/>\n<meta property=\"article:publisher\" content=\"https:\/\/www.facebook.com\/Radiio-Ljubuski-1490835324566332\" \/>\n<meta property=\"article:published_time\" content=\"2021-08-21T21:52:52+00:00\" \/>\n<meta property=\"og:image\" content=\"https:\/\/radioljubuski.ba\/wp-content\/uploads\/2021\/08\/f0c27649-59e6-44e9-b251-9f99d0598342.png\" \/>\n\t<meta property=\"og:image:width\" content=\"480\" \/>\n\t<meta property=\"og:image:height\" content=\"480\" \/>\n\t<meta property=\"og:image:type\" content=\"image\/png\" \/>\n<meta name=\"author\" content=\"Radio Ljubu\u0161ki\" \/>\n<meta name=\"twitter:card\" content=\"summary_large_image\" \/>\n<meta name=\"twitter:creator\" content=\"@radioljubuski\" \/>\n<meta name=\"twitter:site\" content=\"@radioljubuski\" \/>\n<meta name=\"twitter:label1\" content=\"Napisao\/la\" \/>\n\t<meta name=\"twitter:data1\" content=\"Radio Ljubu\u0161ki\" \/>\n\t<meta name=\"twitter:label2\" content=\"Procijenjeno vrijeme \u010ditanja\" \/>\n\t<meta name=\"twitter:data2\" content=\"1 minuta\" \/>\n<script type=\"application\/ld+json\" class=\"yoast-schema-graph\">{\"@context\":\"https:\\\/\\\/schema.org\",\"@graph\":[{\"@type\":\"Article\",\"@id\":\"https:\\\/\\\/radioljubuski.ba\\\/index.php\\\/2021\\\/08\\\/21\\\/dvornekovic-donio-gorici-pobjedu-nad-slavenom\\\/#article\",\"isPartOf\":{\"@id\":\"https:\\\/\\\/radioljubuski.ba\\\/index.php\\\/2021\\\/08\\\/21\\\/dvornekovic-donio-gorici-pobjedu-nad-slavenom\\\/\"},\"author\":{\"name\":\"Radio Ljubu\u0161ki\",\"@id\":\"https:\\\/\\\/radioljubuski.ba\\\/#\\\/schema\\\/person\\\/19fc700381a780f69665d7956c469e3b\"},\"headline\":\"Dvornekovi\u0107 donio Gorici pobjedu nad Slavenom\",\"datePublished\":\"2021-08-21T21:52:52+00:00\",\"mainEntityOfPage\":{\"@id\":\"https:\\\/\\\/radioljubuski.ba\\\/index.php\\\/2021\\\/08\\\/21\\\/dvornekovic-donio-gorici-pobjedu-nad-slavenom\\\/\"},\"wordCount\":192,\"publisher\":{\"@id\":\"https:\\\/\\\/radioljubuski.ba\\\/#organization\"},\"image\":{\"@id\":\"https:\\\/\\\/radioljubuski.ba\\\/index.php\\\/2021\\\/08\\\/21\\\/dvornekovic-donio-gorici-pobjedu-nad-slavenom\\\/#primaryimage\"},\"thumbnailUrl\":\"https:\\\/\\\/radioljubuski.ba\\\/wp-content\\\/uploads\\\/2021\\\/08\\\/f0c27649-59e6-44e9-b251-9f99d0598342.png\",\"articleSection\":[\"\u0160port\"],\"inLanguage\":\"hr\"},{\"@type\":\"WebPage\",\"@id\":\"https:\\\/\\\/radioljubuski.ba\\\/index.php\\\/2021\\\/08\\\/21\\\/dvornekovic-donio-gorici-pobjedu-nad-slavenom\\\/\",\"url\":\"https:\\\/\\\/radioljubuski.ba\\\/index.php\\\/2021\\\/08\\\/21\\\/dvornekovic-donio-gorici-pobjedu-nad-slavenom\\\/\",\"name\":\"Dvornekovi\u0107 donio Gorici pobjedu nad Slavenom - RADIO LJUBU\u0160KI\",\"isPartOf\":{\"@id\":\"https:\\\/\\\/radioljubuski.ba\\\/#website\"},\"primaryImageOfPage\":{\"@id\":\"https:\\\/\\\/radioljubuski.ba\\\/index.php\\\/2021\\\/08\\\/21\\\/dvornekovic-donio-gorici-pobjedu-nad-slavenom\\\/#primaryimage\"},\"image\":{\"@id\":\"https:\\\/\\\/radioljubuski.ba\\\/index.php\\\/2021\\\/08\\\/21\\\/dvornekovic-donio-gorici-pobjedu-nad-slavenom\\\/#primaryimage\"},\"thumbnailUrl\":\"https:\\\/\\\/radioljubuski.ba\\\/wp-content\\\/uploads\\\/2021\\\/08\\\/f0c27649-59e6-44e9-b251-9f99d0598342.png\",\"datePublished\":\"2021-08-21T21:52:52+00:00\",\"breadcrumb\":{\"@id\":\"https:\\\/\\\/radioljubuski.ba\\\/index.php\\\/2021\\\/08\\\/21\\\/dvornekovic-donio-gorici-pobjedu-nad-slavenom\\\/#breadcrumb\"},\"inLanguage\":\"hr\",\"potentialAction\":[{\"@type\":\"ReadAction\",\"target\":[\"https:\\\/\\\/radioljubuski.ba\\\/index.php\\\/2021\\\/08\\\/21\\\/dvornekovic-donio-gorici-pobjedu-nad-slavenom\\\/\"]}]},{\"@type\":\"ImageObject\",\"inLanguage\":\"hr\",\"@id\":\"https:\\\/\\\/radioljubuski.ba\\\/index.php\\\/2021\\\/08\\\/21\\\/dvornekovic-donio-gorici-pobjedu-nad-slavenom\\\/#primaryimage\",\"url\":\"https:\\\/\\\/radioljubuski.ba\\\/wp-content\\\/uploads\\\/2021\\\/08\\\/f0c27649-59e6-44e9-b251-9f99d0598342.png\",\"contentUrl\":\"https:\\\/\\\/radioljubuski.ba\\\/wp-content\\\/uploads\\\/2021\\\/08\\\/f0c27649-59e6-44e9-b251-9f99d0598342.png\",\"width\":480,\"height\":480},{\"@type\":\"BreadcrumbList\",\"@id\":\"https:\\\/\\\/radioljubuski.ba\\\/index.php\\\/2021\\\/08\\\/21\\\/dvornekovic-donio-gorici-pobjedu-nad-slavenom\\\/#breadcrumb\",\"itemListElement\":[{\"@type\":\"ListItem\",\"position\":1,\"name\":\"Po\u010detna stranica\",\"item\":\"https:\\\/\\\/radioljubuski.ba\\\/\"},{\"@type\":\"ListItem\",\"position\":2,\"name\":\"Dvornekovi\u0107 donio Gorici pobjedu nad Slavenom\"}]},{\"@type\":\"WebSite\",\"@id\":\"https:\\\/\\\/radioljubuski.ba\\\/#website\",\"url\":\"https:\\\/\\\/radioljubuski.ba\\\/\",\"name\":\"Radio Ljubu\u0161ki\",\"description\":\"Sun\u010dana frekvencija Hercegovine\",\"publisher\":{\"@id\":\"https:\\\/\\\/radioljubuski.ba\\\/#organization\"},\"potentialAction\":[{\"@type\":\"SearchAction\",\"target\":{\"@type\":\"EntryPoint\",\"urlTemplate\":\"https:\\\/\\\/radioljubuski.ba\\\/?s={search_term_string}\"},\"query-input\":{\"@type\":\"PropertyValueSpecification\",\"valueRequired\":true,\"valueName\":\"search_term_string\"}}],\"inLanguage\":\"hr\"},{\"@type\":\"Organization\",\"@id\":\"https:\\\/\\\/radioljubuski.ba\\\/#organization\",\"name\":\"Radio Ljubu\u0161ki\",\"url\":\"https:\\\/\\\/radioljubuski.ba\\\/\",\"logo\":{\"@type\":\"ImageObject\",\"inLanguage\":\"hr\",\"@id\":\"https:\\\/\\\/radioljubuski.ba\\\/#\\\/schema\\\/logo\\\/image\\\/\",\"url\":\"https:\\\/\\\/radioljubuski.ba\\\/wp-content\\\/uploads\\\/2021\\\/02\\\/cropped-Radio_Ljubuski_logo1.jpg\",\"contentUrl\":\"https:\\\/\\\/radioljubuski.ba\\\/wp-content\\\/uploads\\\/2021\\\/02\\\/cropped-Radio_Ljubuski_logo1.jpg\",\"width\":512,\"height\":512,\"caption\":\"Radio Ljubu\u0161ki\"},\"image\":{\"@id\":\"https:\\\/\\\/radioljubuski.ba\\\/#\\\/schema\\\/logo\\\/image\\\/\"},\"sameAs\":[\"https:\\\/\\\/www.facebook.com\\\/Radiio-Ljubuski-1490835324566332\",\"https:\\\/\\\/x.com\\\/radioljubuski\",\"https:\\\/\\\/hr.linkedin.com\\\/company\\\/radio-ljubuski\",\"https:\\\/\\\/www.youtube.com\\\/channel\\\/UCHYaeO_n0Db3tjNGudGpXyw\"]},{\"@type\":\"Person\",\"@id\":\"https:\\\/\\\/radioljubuski.ba\\\/#\\\/schema\\\/person\\\/19fc700381a780f69665d7956c469e3b\",\"name\":\"Radio Ljubu\u0161ki\"}]}<\/script>\n<!-- \/ Yoast SEO plugin. -->","yoast_head_json":{"title":"Dvornekovi\u0107 donio Gorici pobjedu nad Slavenom - RADIO LJUBU\u0160KI","robots":{"index":"index","follow":"follow","max-snippet":"max-snippet:-1","max-image-preview":"max-image-preview:large","max-video-preview":"max-video-preview:-1"},"canonical":"https:\/\/radioljubuski.ba\/index.php\/2021\/08\/21\/dvornekovic-donio-gorici-pobjedu-nad-slavenom\/","og_locale":"hr_HR","og_type":"article","og_title":"Dvornekovi\u0107 donio Gorici pobjedu nad Slavenom - RADIO LJUBU\u0160KI","og_description":"Nogometa\u0161i Gorice u susretu su 6. kola Prve HNL svladali Slaven Belupo s 1-0 (0-0). Pogodak vrijedan tri boda postigao je&nbsp;Dvornekovi\u0107&nbsp;(66) samo nekoliko trenutaka nakon \u0161to je u\u0161ao u igru. Dvoboj Gorice i Slavena ponudio je dobru igru, a prije samoga pogotka oba sastava prijetila su opasnim udarcima s distance koje su ili branili vratari [&hellip;]","og_url":"https:\/\/radioljubuski.ba\/index.php\/2021\/08\/21\/dvornekovic-donio-gorici-pobjedu-nad-slavenom\/","og_site_name":"RADIO LJUBU\u0160KI","article_publisher":"https:\/\/www.facebook.com\/Radiio-Ljubuski-1490835324566332","article_published_time":"2021-08-21T21:52:52+00:00","og_image":[{"width":480,"height":480,"url":"https:\/\/radioljubuski.ba\/wp-content\/uploads\/2021\/08\/f0c27649-59e6-44e9-b251-9f99d0598342.png","type":"image\/png"}],"author":"Radio Ljubu\u0161ki","twitter_card":"summary_large_image","twitter_creator":"@radioljubuski","twitter_site":"@radioljubuski","twitter_misc":{"Napisao\/la":"Radio Ljubu\u0161ki","Procijenjeno vrijeme \u010ditanja":"1 minuta"},"schema":{"@context":"https:\/\/schema.org","@graph":[{"@type":"Article","@id":"https:\/\/radioljubuski.ba\/index.php\/2021\/08\/21\/dvornekovic-donio-gorici-pobjedu-nad-slavenom\/#article","isPartOf":{"@id":"https:\/\/radioljubuski.ba\/index.php\/2021\/08\/21\/dvornekovic-donio-gorici-pobjedu-nad-slavenom\/"},"author":{"name":"Radio Ljubu\u0161ki","@id":"https:\/\/radioljubuski.ba\/#\/schema\/person\/19fc700381a780f69665d7956c469e3b"},"headline":"Dvornekovi\u0107 donio Gorici pobjedu nad Slavenom","datePublished":"2021-08-21T21:52:52+00:00","mainEntityOfPage":{"@id":"https:\/\/radioljubuski.ba\/index.php\/2021\/08\/21\/dvornekovic-donio-gorici-pobjedu-nad-slavenom\/"},"wordCount":192,"publisher":{"@id":"https:\/\/radioljubuski.ba\/#organization"},"image":{"@id":"https:\/\/radioljubuski.ba\/index.php\/2021\/08\/21\/dvornekovic-donio-gorici-pobjedu-nad-slavenom\/#primaryimage"},"thumbnailUrl":"https:\/\/radioljubuski.ba\/wp-content\/uploads\/2021\/08\/f0c27649-59e6-44e9-b251-9f99d0598342.png","articleSection":["\u0160port"],"inLanguage":"hr"},{"@type":"WebPage","@id":"https:\/\/radioljubuski.ba\/index.php\/2021\/08\/21\/dvornekovic-donio-gorici-pobjedu-nad-slavenom\/","url":"https:\/\/radioljubuski.ba\/index.php\/2021\/08\/21\/dvornekovic-donio-gorici-pobjedu-nad-slavenom\/","name":"Dvornekovi\u0107 donio Gorici pobjedu nad Slavenom - RADIO LJUBU\u0160KI","isPartOf":{"@id":"https:\/\/radioljubuski.ba\/#website"},"primaryImageOfPage":{"@id":"https:\/\/radioljubuski.ba\/index.php\/2021\/08\/21\/dvornekovic-donio-gorici-pobjedu-nad-slavenom\/#primaryimage"},"image":{"@id":"https:\/\/radioljubuski.ba\/index.php\/2021\/08\/21\/dvornekovic-donio-gorici-pobjedu-nad-slavenom\/#primaryimage"},"thumbnailUrl":"https:\/\/radioljubuski.ba\/wp-content\/uploads\/2021\/08\/f0c27649-59e6-44e9-b251-9f99d0598342.png","datePublished":"2021-08-21T21:52:52+00:00","breadcrumb":{"@id":"https:\/\/radioljubuski.ba\/index.php\/2021\/08\/21\/dvornekovic-donio-gorici-pobjedu-nad-slavenom\/#breadcrumb"},"inLanguage":"hr","potentialAction":[{"@type":"ReadAction","target":["https:\/\/radioljubuski.ba\/index.php\/2021\/08\/21\/dvornekovic-donio-gorici-pobjedu-nad-slavenom\/"]}]},{"@type":"ImageObject","inLanguage":"hr","@id":"https:\/\/radioljubuski.ba\/index.php\/2021\/08\/21\/dvornekovic-donio-gorici-pobjedu-nad-slavenom\/#primaryimage","url":"https:\/\/radioljubuski.ba\/wp-content\/uploads\/2021\/08\/f0c27649-59e6-44e9-b251-9f99d0598342.png","contentUrl":"https:\/\/radioljubuski.ba\/wp-content\/uploads\/2021\/08\/f0c27649-59e6-44e9-b251-9f99d0598342.png","width":480,"height":480},{"@type":"BreadcrumbList","@id":"https:\/\/radioljubuski.ba\/index.php\/2021\/08\/21\/dvornekovic-donio-gorici-pobjedu-nad-slavenom\/#breadcrumb","itemListElement":[{"@type":"ListItem","position":1,"name":"Po\u010detna stranica","item":"https:\/\/radioljubuski.ba\/"},{"@type":"ListItem","position":2,"name":"Dvornekovi\u0107 donio Gorici pobjedu nad Slavenom"}]},{"@type":"WebSite","@id":"https:\/\/radioljubuski.ba\/#website","url":"https:\/\/radioljubuski.ba\/","name":"Radio Ljubu\u0161ki","description":"Sun\u010dana frekvencija Hercegovine","publisher":{"@id":"https:\/\/radioljubuski.ba\/#organization"},"potentialAction":[{"@type":"SearchAction","target":{"@type":"EntryPoint","urlTemplate":"https:\/\/radioljubuski.ba\/?s={search_term_string}"},"query-input":{"@type":"PropertyValueSpecification","valueRequired":true,"valueName":"search_term_string"}}],"inLanguage":"hr"},{"@type":"Organization","@id":"https:\/\/radioljubuski.ba\/#organization","name":"Radio Ljubu\u0161ki","url":"https:\/\/radioljubuski.ba\/","logo":{"@type":"ImageObject","inLanguage":"hr","@id":"https:\/\/radioljubuski.ba\/#\/schema\/logo\/image\/","url":"https:\/\/radioljubuski.ba\/wp-content\/uploads\/2021\/02\/cropped-Radio_Ljubuski_logo1.jpg","contentUrl":"https:\/\/radioljubuski.ba\/wp-content\/uploads\/2021\/02\/cropped-Radio_Ljubuski_logo1.jpg","width":512,"height":512,"caption":"Radio Ljubu\u0161ki"},"image":{"@id":"https:\/\/radioljubuski.ba\/#\/schema\/logo\/image\/"},"sameAs":["https:\/\/www.facebook.com\/Radiio-Ljubuski-1490835324566332","https:\/\/x.com\/radioljubuski","https:\/\/hr.linkedin.com\/company\/radio-ljubuski","https:\/\/www.youtube.com\/channel\/UCHYaeO_n0Db3tjNGudGpXyw"]},{"@type":"Person","@id":"https:\/\/radioljubuski.ba\/#\/schema\/person\/19fc700381a780f69665d7956c469e3b","name":"Radio Ljubu\u0161ki"}]}},"_links":{"self":[{"href":"https:\/\/radioljubuski.ba\/index.php\/wp-json\/wp\/v2\/posts\/56003","targetHints":{"allow":["GET"]}}],"collection":[{"href":"https:\/\/radioljubuski.ba\/index.php\/wp-json\/wp\/v2\/posts"}],"about":[{"href":"https:\/\/radioljubuski.ba\/index.php\/wp-json\/wp\/v2\/types\/post"}],"author":[{"embeddable":true,"href":"https:\/\/radioljubuski.ba\/index.php\/wp-json\/wp\/v2\/users\/2"}],"replies":[{"embeddable":true,"href":"https:\/\/radioljubuski.ba\/index.php\/wp-json\/wp\/v2\/comments?post=56003"}],"version-history":[{"count":1,"href":"https:\/\/radioljubuski.ba\/index.php\/wp-json\/wp\/v2\/posts\/56003\/revisions"}],"predecessor-version":[{"id":56005,"href":"https:\/\/radioljubuski.ba\/index.php\/wp-json\/wp\/v2\/posts\/56003\/revisions\/56005"}],"wp:featuredmedia":[{"embeddable":true,"href":"https:\/\/radioljubuski.ba\/index.php\/wp-json\/wp\/v2\/media\/56004"}],"wp:attachment":[{"href":"https:\/\/radioljubuski.ba\/index.php\/wp-json\/wp\/v2\/media?parent=56003"}],"wp:term":[{"taxonomy":"category","embeddable":true,"href":"https:\/\/radioljubuski.ba\/index.php\/wp-json\/wp\/v2\/categories?post=56003"},{"taxonomy":"post_tag","embeddable":true,"href":"https:\/\/radioljubuski.ba\/index.php\/wp-json\/wp\/v2\/tags?post=56003"}],"curies":[{"name":"wp","href":"https:\/\/api.w.org\/{rel}","templated":true}]}}