{"id":56071,"date":"2021-08-21T23:50:08","date_gmt":"2021-08-21T22:50:08","guid":{"rendered":"https:\/\/radioljubuski.ba\/?p=56071"},"modified":"2021-08-21T23:50:09","modified_gmt":"2021-08-21T22:50:09","slug":"dodik-neka-proba-bakir-izetbegovic-krenuti-na-republiku-srpsku-pa-da-vidimo-kako-ce-proci","status":"publish","type":"post","link":"https:\/\/radioljubuski.ba\/index.php\/2021\/08\/21\/dodik-neka-proba-bakir-izetbegovic-krenuti-na-republiku-srpsku-pa-da-vidimo-kako-ce-proci\/","title":{"rendered":"Dodik: Neka proba Bakir Izetbegovi\u0107 krenuti na Republiku Srpsku, pa da vidimo kako \u0107e pro\u0107i"},"content":{"rendered":"\n<p><strong>Srpski \u010dlan Predsjedni\u0161tva i predsjednik SNSD-a Milorad Dodik kazao je sino\u0107 da je skup na Kozari jasna poruka da SNSD ne odustaje, ne predaje se i ne prodaje nikom ni\u0161ta i da \u0107e pobijediti na izborima idu\u0107e godine, a da s Kozare kre\u0107e pobjeda.<\/strong><\/p>\n\n\n\n<p>\u201cZna\u010dajan investicijski poduhvat \u0107emo napraviti idu\u0107e godine, bez obzira na to koliko je te\u0161ka situacija. Slijede investicije u svakoj lokalnoj zajednici\u201d, rekao je Dodik u obra\u0107anju okupljenima na skupu pod sloganom \u201c\u017divjet \u0107e Srpska\u201d, koji je okupio vi\u0161e od 15.000 \u010dlanova SNSD-a iz svih krajeva Srpske.<\/p>\n\n\n\n<p>Dodik je naglasio da narod Kozare koji je stradao u Drugom svjetskom ratu, kao i 30.000 ljudi stradalih u Obrambeno-otad\u017ebinskom ratu ne smiju biti izdani i da je to ono \u0161to ga motivira za dalje vo\u0111enje politike.<\/p>\n\n\n\n<p>\u201cNa\u0161a politika je politika mira. Mir nam je potreban i nismo za nemir, rat i sukob i ne \u017eelimo zlo ni jednom \u010dovjeku, ma koje je vjere i nacije, ali nemojte nas dirati! To je zabranjeno! Zabranjeno je Republiku Srpsku izdati i omalova\u017eavati\u201d, poru\u010dio je Dodik.<\/p>\n\n\n\n<p>On je rekao da SNSD nikoga ne vrije\u0111a i ne dira, ali da nitko ne smije dirati ni Republiku Srpsku.<\/p>\n\n\n\n<p>\u201cNeka proba Bakir Izetbegovi\u0107 krenuti na Republiku Srpsku, pa da vidimo kako \u0107e pro\u0107i. I ta osveta o kojoj on pri\u010da, ja sam zadu\u017een za to, ni\u0161ta se vi ne sekirajte. Srpska mora biti samo ja\u010da, nikako slabija. Uporno \u0107emo se boriti da nam se vrati \u0161to nam je oduzeto i to nikada ne\u0107u prestati, jer Republiku Srpsku ostavljamo generaciji koja \u0107e biti generacija srpskih patriota. Kad to uradimo, lako je graditi ulice i puteve\u201d, poru\u010dio je Dodik.<\/p>\n\n\n\n<p>On je zahvalio svim \u010dlanovima SNSD-a koji su danas do\u0161li na Kozaru i naglasio da su oni snaga stranke, dodaju\u0107i da je bio ovdje na skupovima i devedesetih, ali da je sada ovdje vi\u0161e i volje i energije.<\/p>\n\n\n\n<p>\u201cOni koji misle da su drugi bolji, neka idu. I ne dajte im da se vrate! Ima me\u0111u nama bitangi i morate mi pomo\u0107i da ih ra\u0161\u010distimo. U SNSD-u ne mo\u017ee biti nitko, a da okre\u0107e glavu od bilo kojeg \u010dovjeka. Ja sam taj koji \u0107e provoditi va\u0161u volju. Va\u017eniji ste mi vi nego svi stranci koji se poredaju od Istoka do Zapada\u201d, poru\u010dio je Dodik.<\/p>\n\n\n\n<p>On je naveo da je ljudi iz oporbe ne bi ni mogli izdr\u017eati ovakvu energiju.<\/p>\n\n\n\n<p>\u201cOni staju u dva autobusa i rade na mre\u017eama. Ja se pitam, po\u0161to sam ja najstaromodniji, kako rade kad nestane struje. Ho\u0107emo li opet morati opoziciji dokazivati da nas ima ili je ova slika s Kozare dovoljna da ka\u017eu \u2018alal, majstore&#8217;\u201d, dodao je Dodik.<\/p>\n\n\n\n<p>Programu su prethodili sastanak vodstva SNSD-a s \u010delnim ljudima gradskih i op\u0107inskih odbora stranke i drugim du\u017enosnicima i polaganje vijenca kod spomen-plo\u010de s imenima poginulih boraca NOVJ i \u017ertava fa\u0161izma, nakon \u010dega je uslijedio koncert Milice Pavlovi\u0107 i OK Benda kod hotela \u201cMonument\u201d<\/p>\n\n\n\n<p>\/Srna\/HMS\/<\/p>\n","protected":false},"excerpt":{"rendered":"<p>Srpski \u010dlan Predsjedni\u0161tva i predsjednik SNSD-a Milorad Dodik kazao je sino\u0107 da je skup na Kozari jasna poruka da SNSD ne odustaje, ne predaje se i ne prodaje nikom ni\u0161ta i da \u0107e pobijediti na izborima idu\u0107e godine, a da s Kozare kre\u0107e pobjeda. \u201cZna\u010dajan investicijski poduhvat \u0107emo napraviti idu\u0107e godine, bez obzira na to [&hellip;]<\/p>\n","protected":false},"author":2,"featured_media":56072,"comment_status":"closed","ping_status":"closed","sticky":false,"template":"","format":"standard","meta":{"h5ap_radio_sources":[],"footnotes":""},"categories":[1],"tags":[],"class_list":["post-56071","post","type-post","status-publish","format-standard","has-post-thumbnail","hentry","category-bihiregija"],"yoast_head":"<!-- This site is optimized with the Yoast SEO plugin v27.5 - https:\/\/yoast.com\/product\/yoast-seo-wordpress\/ -->\n<title>Dodik: Neka proba Bakir Izetbegovi\u0107 krenuti na Republiku Srpsku, pa da vidimo kako \u0107e pro\u0107i - RADIO LJUBU\u0160KI<\/title>\n<meta name=\"robots\" content=\"index, follow, max-snippet:-1, max-image-preview:large, max-video-preview:-1\" \/>\n<link rel=\"canonical\" href=\"https:\/\/radioljubuski.ba\/index.php\/2021\/08\/21\/dodik-neka-proba-bakir-izetbegovic-krenuti-na-republiku-srpsku-pa-da-vidimo-kako-ce-proci\/\" \/>\n<meta property=\"og:locale\" content=\"hr_HR\" \/>\n<meta property=\"og:type\" content=\"article\" \/>\n<meta property=\"og:title\" content=\"Dodik: Neka proba Bakir Izetbegovi\u0107 krenuti na Republiku Srpsku, pa da vidimo kako \u0107e pro\u0107i - RADIO LJUBU\u0160KI\" \/>\n<meta property=\"og:description\" content=\"Srpski \u010dlan Predsjedni\u0161tva i predsjednik SNSD-a Milorad Dodik kazao je sino\u0107 da je skup na Kozari jasna poruka da SNSD ne odustaje, ne predaje se i ne prodaje nikom ni\u0161ta i da \u0107e pobijediti na izborima idu\u0107e godine, a da s Kozare kre\u0107e pobjeda. \u201cZna\u010dajan investicijski poduhvat \u0107emo napraviti idu\u0107e godine, bez obzira na to [&hellip;]\" \/>\n<meta property=\"og:url\" content=\"https:\/\/radioljubuski.ba\/index.php\/2021\/08\/21\/dodik-neka-proba-bakir-izetbegovic-krenuti-na-republiku-srpsku-pa-da-vidimo-kako-ce-proci\/\" \/>\n<meta property=\"og:site_name\" content=\"RADIO LJUBU\u0160KI\" \/>\n<meta property=\"article:publisher\" content=\"https:\/\/www.facebook.com\/Radiio-Ljubuski-1490835324566332\" \/>\n<meta property=\"article:published_time\" content=\"2021-08-21T22:50:08+00:00\" \/>\n<meta property=\"article:modified_time\" content=\"2021-08-21T22:50:09+00:00\" \/>\n<meta property=\"og:image\" content=\"https:\/\/radioljubuski.ba\/wp-content\/uploads\/2021\/08\/dodik-snsd.jpg\" \/>\n\t<meta property=\"og:image:width\" content=\"750\" \/>\n\t<meta property=\"og:image:height\" content=\"500\" \/>\n\t<meta property=\"og:image:type\" content=\"image\/jpeg\" \/>\n<meta name=\"author\" content=\"Radio Ljubu\u0161ki\" \/>\n<meta name=\"twitter:card\" content=\"summary_large_image\" \/>\n<meta name=\"twitter:creator\" content=\"@radioljubuski\" \/>\n<meta name=\"twitter:site\" content=\"@radioljubuski\" \/>\n<meta name=\"twitter:label1\" content=\"Napisao\/la\" \/>\n\t<meta name=\"twitter:data1\" content=\"Radio Ljubu\u0161ki\" \/>\n\t<meta name=\"twitter:label2\" content=\"Procijenjeno vrijeme \u010ditanja\" \/>\n\t<meta name=\"twitter:data2\" content=\"3 minute\" \/>\n<script type=\"application\/ld+json\" class=\"yoast-schema-graph\">{\"@context\":\"https:\\\/\\\/schema.org\",\"@graph\":[{\"@type\":\"Article\",\"@id\":\"https:\\\/\\\/radioljubuski.ba\\\/index.php\\\/2021\\\/08\\\/21\\\/dodik-neka-proba-bakir-izetbegovic-krenuti-na-republiku-srpsku-pa-da-vidimo-kako-ce-proci\\\/#article\",\"isPartOf\":{\"@id\":\"https:\\\/\\\/radioljubuski.ba\\\/index.php\\\/2021\\\/08\\\/21\\\/dodik-neka-proba-bakir-izetbegovic-krenuti-na-republiku-srpsku-pa-da-vidimo-kako-ce-proci\\\/\"},\"author\":{\"name\":\"Radio Ljubu\u0161ki\",\"@id\":\"https:\\\/\\\/radioljubuski.ba\\\/#\\\/schema\\\/person\\\/19fc700381a780f69665d7956c469e3b\"},\"headline\":\"Dodik: Neka proba Bakir Izetbegovi\u0107 krenuti na Republiku Srpsku, pa da vidimo kako \u0107e pro\u0107i\",\"datePublished\":\"2021-08-21T22:50:08+00:00\",\"dateModified\":\"2021-08-21T22:50:09+00:00\",\"mainEntityOfPage\":{\"@id\":\"https:\\\/\\\/radioljubuski.ba\\\/index.php\\\/2021\\\/08\\\/21\\\/dodik-neka-proba-bakir-izetbegovic-krenuti-na-republiku-srpsku-pa-da-vidimo-kako-ce-proci\\\/\"},\"wordCount\":535,\"publisher\":{\"@id\":\"https:\\\/\\\/radioljubuski.ba\\\/#organization\"},\"image\":{\"@id\":\"https:\\\/\\\/radioljubuski.ba\\\/index.php\\\/2021\\\/08\\\/21\\\/dodik-neka-proba-bakir-izetbegovic-krenuti-na-republiku-srpsku-pa-da-vidimo-kako-ce-proci\\\/#primaryimage\"},\"thumbnailUrl\":\"https:\\\/\\\/radioljubuski.ba\\\/wp-content\\\/uploads\\\/2021\\\/08\\\/dodik-snsd.jpg\",\"articleSection\":[\"BIH i regija\"],\"inLanguage\":\"hr\"},{\"@type\":\"WebPage\",\"@id\":\"https:\\\/\\\/radioljubuski.ba\\\/index.php\\\/2021\\\/08\\\/21\\\/dodik-neka-proba-bakir-izetbegovic-krenuti-na-republiku-srpsku-pa-da-vidimo-kako-ce-proci\\\/\",\"url\":\"https:\\\/\\\/radioljubuski.ba\\\/index.php\\\/2021\\\/08\\\/21\\\/dodik-neka-proba-bakir-izetbegovic-krenuti-na-republiku-srpsku-pa-da-vidimo-kako-ce-proci\\\/\",\"name\":\"Dodik: Neka proba Bakir Izetbegovi\u0107 krenuti na Republiku Srpsku, pa da vidimo kako \u0107e pro\u0107i - RADIO LJUBU\u0160KI\",\"isPartOf\":{\"@id\":\"https:\\\/\\\/radioljubuski.ba\\\/#website\"},\"primaryImageOfPage\":{\"@id\":\"https:\\\/\\\/radioljubuski.ba\\\/index.php\\\/2021\\\/08\\\/21\\\/dodik-neka-proba-bakir-izetbegovic-krenuti-na-republiku-srpsku-pa-da-vidimo-kako-ce-proci\\\/#primaryimage\"},\"image\":{\"@id\":\"https:\\\/\\\/radioljubuski.ba\\\/index.php\\\/2021\\\/08\\\/21\\\/dodik-neka-proba-bakir-izetbegovic-krenuti-na-republiku-srpsku-pa-da-vidimo-kako-ce-proci\\\/#primaryimage\"},\"thumbnailUrl\":\"https:\\\/\\\/radioljubuski.ba\\\/wp-content\\\/uploads\\\/2021\\\/08\\\/dodik-snsd.jpg\",\"datePublished\":\"2021-08-21T22:50:08+00:00\",\"dateModified\":\"2021-08-21T22:50:09+00:00\",\"breadcrumb\":{\"@id\":\"https:\\\/\\\/radioljubuski.ba\\\/index.php\\\/2021\\\/08\\\/21\\\/dodik-neka-proba-bakir-izetbegovic-krenuti-na-republiku-srpsku-pa-da-vidimo-kako-ce-proci\\\/#breadcrumb\"},\"inLanguage\":\"hr\",\"potentialAction\":[{\"@type\":\"ReadAction\",\"target\":[\"https:\\\/\\\/radioljubuski.ba\\\/index.php\\\/2021\\\/08\\\/21\\\/dodik-neka-proba-bakir-izetbegovic-krenuti-na-republiku-srpsku-pa-da-vidimo-kako-ce-proci\\\/\"]}]},{\"@type\":\"ImageObject\",\"inLanguage\":\"hr\",\"@id\":\"https:\\\/\\\/radioljubuski.ba\\\/index.php\\\/2021\\\/08\\\/21\\\/dodik-neka-proba-bakir-izetbegovic-krenuti-na-republiku-srpsku-pa-da-vidimo-kako-ce-proci\\\/#primaryimage\",\"url\":\"https:\\\/\\\/radioljubuski.ba\\\/wp-content\\\/uploads\\\/2021\\\/08\\\/dodik-snsd.jpg\",\"contentUrl\":\"https:\\\/\\\/radioljubuski.ba\\\/wp-content\\\/uploads\\\/2021\\\/08\\\/dodik-snsd.jpg\",\"width\":750,\"height\":500},{\"@type\":\"BreadcrumbList\",\"@id\":\"https:\\\/\\\/radioljubuski.ba\\\/index.php\\\/2021\\\/08\\\/21\\\/dodik-neka-proba-bakir-izetbegovic-krenuti-na-republiku-srpsku-pa-da-vidimo-kako-ce-proci\\\/#breadcrumb\",\"itemListElement\":[{\"@type\":\"ListItem\",\"position\":1,\"name\":\"Po\u010detna stranica\",\"item\":\"https:\\\/\\\/radioljubuski.ba\\\/\"},{\"@type\":\"ListItem\",\"position\":2,\"name\":\"Dodik: Neka proba Bakir Izetbegovi\u0107 krenuti na Republiku Srpsku, pa da vidimo kako \u0107e pro\u0107i\"}]},{\"@type\":\"WebSite\",\"@id\":\"https:\\\/\\\/radioljubuski.ba\\\/#website\",\"url\":\"https:\\\/\\\/radioljubuski.ba\\\/\",\"name\":\"Radio Ljubu\u0161ki\",\"description\":\"Sun\u010dana frekvencija Hercegovine\",\"publisher\":{\"@id\":\"https:\\\/\\\/radioljubuski.ba\\\/#organization\"},\"potentialAction\":[{\"@type\":\"SearchAction\",\"target\":{\"@type\":\"EntryPoint\",\"urlTemplate\":\"https:\\\/\\\/radioljubuski.ba\\\/?s={search_term_string}\"},\"query-input\":{\"@type\":\"PropertyValueSpecification\",\"valueRequired\":true,\"valueName\":\"search_term_string\"}}],\"inLanguage\":\"hr\"},{\"@type\":\"Organization\",\"@id\":\"https:\\\/\\\/radioljubuski.ba\\\/#organization\",\"name\":\"Radio Ljubu\u0161ki\",\"url\":\"https:\\\/\\\/radioljubuski.ba\\\/\",\"logo\":{\"@type\":\"ImageObject\",\"inLanguage\":\"hr\",\"@id\":\"https:\\\/\\\/radioljubuski.ba\\\/#\\\/schema\\\/logo\\\/image\\\/\",\"url\":\"https:\\\/\\\/radioljubuski.ba\\\/wp-content\\\/uploads\\\/2021\\\/02\\\/cropped-Radio_Ljubuski_logo1.jpg\",\"contentUrl\":\"https:\\\/\\\/radioljubuski.ba\\\/wp-content\\\/uploads\\\/2021\\\/02\\\/cropped-Radio_Ljubuski_logo1.jpg\",\"width\":512,\"height\":512,\"caption\":\"Radio Ljubu\u0161ki\"},\"image\":{\"@id\":\"https:\\\/\\\/radioljubuski.ba\\\/#\\\/schema\\\/logo\\\/image\\\/\"},\"sameAs\":[\"https:\\\/\\\/www.facebook.com\\\/Radiio-Ljubuski-1490835324566332\",\"https:\\\/\\\/x.com\\\/radioljubuski\",\"https:\\\/\\\/hr.linkedin.com\\\/company\\\/radio-ljubuski\",\"https:\\\/\\\/www.youtube.com\\\/channel\\\/UCHYaeO_n0Db3tjNGudGpXyw\"]},{\"@type\":\"Person\",\"@id\":\"https:\\\/\\\/radioljubuski.ba\\\/#\\\/schema\\\/person\\\/19fc700381a780f69665d7956c469e3b\",\"name\":\"Radio Ljubu\u0161ki\"}]}<\/script>\n<!-- \/ Yoast SEO plugin. -->","yoast_head_json":{"title":"Dodik: Neka proba Bakir Izetbegovi\u0107 krenuti na Republiku Srpsku, pa da vidimo kako \u0107e pro\u0107i - RADIO LJUBU\u0160KI","robots":{"index":"index","follow":"follow","max-snippet":"max-snippet:-1","max-image-preview":"max-image-preview:large","max-video-preview":"max-video-preview:-1"},"canonical":"https:\/\/radioljubuski.ba\/index.php\/2021\/08\/21\/dodik-neka-proba-bakir-izetbegovic-krenuti-na-republiku-srpsku-pa-da-vidimo-kako-ce-proci\/","og_locale":"hr_HR","og_type":"article","og_title":"Dodik: Neka proba Bakir Izetbegovi\u0107 krenuti na Republiku Srpsku, pa da vidimo kako \u0107e pro\u0107i - RADIO LJUBU\u0160KI","og_description":"Srpski \u010dlan Predsjedni\u0161tva i predsjednik SNSD-a Milorad Dodik kazao je sino\u0107 da je skup na Kozari jasna poruka da SNSD ne odustaje, ne predaje se i ne prodaje nikom ni\u0161ta i da \u0107e pobijediti na izborima idu\u0107e godine, a da s Kozare kre\u0107e pobjeda. \u201cZna\u010dajan investicijski poduhvat \u0107emo napraviti idu\u0107e godine, bez obzira na to [&hellip;]","og_url":"https:\/\/radioljubuski.ba\/index.php\/2021\/08\/21\/dodik-neka-proba-bakir-izetbegovic-krenuti-na-republiku-srpsku-pa-da-vidimo-kako-ce-proci\/","og_site_name":"RADIO LJUBU\u0160KI","article_publisher":"https:\/\/www.facebook.com\/Radiio-Ljubuski-1490835324566332","article_published_time":"2021-08-21T22:50:08+00:00","article_modified_time":"2021-08-21T22:50:09+00:00","og_image":[{"width":750,"height":500,"url":"https:\/\/radioljubuski.ba\/wp-content\/uploads\/2021\/08\/dodik-snsd.jpg","type":"image\/jpeg"}],"author":"Radio Ljubu\u0161ki","twitter_card":"summary_large_image","twitter_creator":"@radioljubuski","twitter_site":"@radioljubuski","twitter_misc":{"Napisao\/la":"Radio Ljubu\u0161ki","Procijenjeno vrijeme \u010ditanja":"3 minute"},"schema":{"@context":"https:\/\/schema.org","@graph":[{"@type":"Article","@id":"https:\/\/radioljubuski.ba\/index.php\/2021\/08\/21\/dodik-neka-proba-bakir-izetbegovic-krenuti-na-republiku-srpsku-pa-da-vidimo-kako-ce-proci\/#article","isPartOf":{"@id":"https:\/\/radioljubuski.ba\/index.php\/2021\/08\/21\/dodik-neka-proba-bakir-izetbegovic-krenuti-na-republiku-srpsku-pa-da-vidimo-kako-ce-proci\/"},"author":{"name":"Radio Ljubu\u0161ki","@id":"https:\/\/radioljubuski.ba\/#\/schema\/person\/19fc700381a780f69665d7956c469e3b"},"headline":"Dodik: Neka proba Bakir Izetbegovi\u0107 krenuti na Republiku Srpsku, pa da vidimo kako \u0107e pro\u0107i","datePublished":"2021-08-21T22:50:08+00:00","dateModified":"2021-08-21T22:50:09+00:00","mainEntityOfPage":{"@id":"https:\/\/radioljubuski.ba\/index.php\/2021\/08\/21\/dodik-neka-proba-bakir-izetbegovic-krenuti-na-republiku-srpsku-pa-da-vidimo-kako-ce-proci\/"},"wordCount":535,"publisher":{"@id":"https:\/\/radioljubuski.ba\/#organization"},"image":{"@id":"https:\/\/radioljubuski.ba\/index.php\/2021\/08\/21\/dodik-neka-proba-bakir-izetbegovic-krenuti-na-republiku-srpsku-pa-da-vidimo-kako-ce-proci\/#primaryimage"},"thumbnailUrl":"https:\/\/radioljubuski.ba\/wp-content\/uploads\/2021\/08\/dodik-snsd.jpg","articleSection":["BIH i regija"],"inLanguage":"hr"},{"@type":"WebPage","@id":"https:\/\/radioljubuski.ba\/index.php\/2021\/08\/21\/dodik-neka-proba-bakir-izetbegovic-krenuti-na-republiku-srpsku-pa-da-vidimo-kako-ce-proci\/","url":"https:\/\/radioljubuski.ba\/index.php\/2021\/08\/21\/dodik-neka-proba-bakir-izetbegovic-krenuti-na-republiku-srpsku-pa-da-vidimo-kako-ce-proci\/","name":"Dodik: Neka proba Bakir Izetbegovi\u0107 krenuti na Republiku Srpsku, pa da vidimo kako \u0107e pro\u0107i - RADIO LJUBU\u0160KI","isPartOf":{"@id":"https:\/\/radioljubuski.ba\/#website"},"primaryImageOfPage":{"@id":"https:\/\/radioljubuski.ba\/index.php\/2021\/08\/21\/dodik-neka-proba-bakir-izetbegovic-krenuti-na-republiku-srpsku-pa-da-vidimo-kako-ce-proci\/#primaryimage"},"image":{"@id":"https:\/\/radioljubuski.ba\/index.php\/2021\/08\/21\/dodik-neka-proba-bakir-izetbegovic-krenuti-na-republiku-srpsku-pa-da-vidimo-kako-ce-proci\/#primaryimage"},"thumbnailUrl":"https:\/\/radioljubuski.ba\/wp-content\/uploads\/2021\/08\/dodik-snsd.jpg","datePublished":"2021-08-21T22:50:08+00:00","dateModified":"2021-08-21T22:50:09+00:00","breadcrumb":{"@id":"https:\/\/radioljubuski.ba\/index.php\/2021\/08\/21\/dodik-neka-proba-bakir-izetbegovic-krenuti-na-republiku-srpsku-pa-da-vidimo-kako-ce-proci\/#breadcrumb"},"inLanguage":"hr","potentialAction":[{"@type":"ReadAction","target":["https:\/\/radioljubuski.ba\/index.php\/2021\/08\/21\/dodik-neka-proba-bakir-izetbegovic-krenuti-na-republiku-srpsku-pa-da-vidimo-kako-ce-proci\/"]}]},{"@type":"ImageObject","inLanguage":"hr","@id":"https:\/\/radioljubuski.ba\/index.php\/2021\/08\/21\/dodik-neka-proba-bakir-izetbegovic-krenuti-na-republiku-srpsku-pa-da-vidimo-kako-ce-proci\/#primaryimage","url":"https:\/\/radioljubuski.ba\/wp-content\/uploads\/2021\/08\/dodik-snsd.jpg","contentUrl":"https:\/\/radioljubuski.ba\/wp-content\/uploads\/2021\/08\/dodik-snsd.jpg","width":750,"height":500},{"@type":"BreadcrumbList","@id":"https:\/\/radioljubuski.ba\/index.php\/2021\/08\/21\/dodik-neka-proba-bakir-izetbegovic-krenuti-na-republiku-srpsku-pa-da-vidimo-kako-ce-proci\/#breadcrumb","itemListElement":[{"@type":"ListItem","position":1,"name":"Po\u010detna stranica","item":"https:\/\/radioljubuski.ba\/"},{"@type":"ListItem","position":2,"name":"Dodik: Neka proba Bakir Izetbegovi\u0107 krenuti na Republiku Srpsku, pa da vidimo kako \u0107e pro\u0107i"}]},{"@type":"WebSite","@id":"https:\/\/radioljubuski.ba\/#website","url":"https:\/\/radioljubuski.ba\/","name":"Radio Ljubu\u0161ki","description":"Sun\u010dana frekvencija Hercegovine","publisher":{"@id":"https:\/\/radioljubuski.ba\/#organization"},"potentialAction":[{"@type":"SearchAction","target":{"@type":"EntryPoint","urlTemplate":"https:\/\/radioljubuski.ba\/?s={search_term_string}"},"query-input":{"@type":"PropertyValueSpecification","valueRequired":true,"valueName":"search_term_string"}}],"inLanguage":"hr"},{"@type":"Organization","@id":"https:\/\/radioljubuski.ba\/#organization","name":"Radio Ljubu\u0161ki","url":"https:\/\/radioljubuski.ba\/","logo":{"@type":"ImageObject","inLanguage":"hr","@id":"https:\/\/radioljubuski.ba\/#\/schema\/logo\/image\/","url":"https:\/\/radioljubuski.ba\/wp-content\/uploads\/2021\/02\/cropped-Radio_Ljubuski_logo1.jpg","contentUrl":"https:\/\/radioljubuski.ba\/wp-content\/uploads\/2021\/02\/cropped-Radio_Ljubuski_logo1.jpg","width":512,"height":512,"caption":"Radio Ljubu\u0161ki"},"image":{"@id":"https:\/\/radioljubuski.ba\/#\/schema\/logo\/image\/"},"sameAs":["https:\/\/www.facebook.com\/Radiio-Ljubuski-1490835324566332","https:\/\/x.com\/radioljubuski","https:\/\/hr.linkedin.com\/company\/radio-ljubuski","https:\/\/www.youtube.com\/channel\/UCHYaeO_n0Db3tjNGudGpXyw"]},{"@type":"Person","@id":"https:\/\/radioljubuski.ba\/#\/schema\/person\/19fc700381a780f69665d7956c469e3b","name":"Radio Ljubu\u0161ki"}]}},"_links":{"self":[{"href":"https:\/\/radioljubuski.ba\/index.php\/wp-json\/wp\/v2\/posts\/56071","targetHints":{"allow":["GET"]}}],"collection":[{"href":"https:\/\/radioljubuski.ba\/index.php\/wp-json\/wp\/v2\/posts"}],"about":[{"href":"https:\/\/radioljubuski.ba\/index.php\/wp-json\/wp\/v2\/types\/post"}],"author":[{"embeddable":true,"href":"https:\/\/radioljubuski.ba\/index.php\/wp-json\/wp\/v2\/users\/2"}],"replies":[{"embeddable":true,"href":"https:\/\/radioljubuski.ba\/index.php\/wp-json\/wp\/v2\/comments?post=56071"}],"version-history":[{"count":1,"href":"https:\/\/radioljubuski.ba\/index.php\/wp-json\/wp\/v2\/posts\/56071\/revisions"}],"predecessor-version":[{"id":56073,"href":"https:\/\/radioljubuski.ba\/index.php\/wp-json\/wp\/v2\/posts\/56071\/revisions\/56073"}],"wp:featuredmedia":[{"embeddable":true,"href":"https:\/\/radioljubuski.ba\/index.php\/wp-json\/wp\/v2\/media\/56072"}],"wp:attachment":[{"href":"https:\/\/radioljubuski.ba\/index.php\/wp-json\/wp\/v2\/media?parent=56071"}],"wp:term":[{"taxonomy":"category","embeddable":true,"href":"https:\/\/radioljubuski.ba\/index.php\/wp-json\/wp\/v2\/categories?post=56071"},{"taxonomy":"post_tag","embeddable":true,"href":"https:\/\/radioljubuski.ba\/index.php\/wp-json\/wp\/v2\/tags?post=56071"}],"curies":[{"name":"wp","href":"https:\/\/api.w.org\/{rel}","templated":true}]}}