{"id":56117,"date":"2021-08-22T01:16:22","date_gmt":"2021-08-22T00:16:22","guid":{"rendered":"https:\/\/radioljubuski.ba\/?p=56117"},"modified":"2021-08-22T01:16:23","modified_gmt":"2021-08-22T00:16:23","slug":"lani-u-ovo-vrijeme-hrvatska-se-vec-oprostila-od-sezone-sada-je-premasila-2019","status":"publish","type":"post","link":"https:\/\/radioljubuski.ba\/index.php\/2021\/08\/22\/lani-u-ovo-vrijeme-hrvatska-se-vec-oprostila-od-sezone-sada-je-premasila-2019\/","title":{"rendered":"Lani u ovo vrijeme Hrvatska se ve\u0107 oprostila od sezone. Sada je prema\u0161ila 2019."},"content":{"rendered":"\n<p>Najve\u0107a kolona formirala se na izlazu prema Sloveniji, 5 km pred Maceljom, od prilazima naplatnoj postaji Trako\u0161\u0107an, sve do grani\u010dnog prijelaza na slovenskoj strani. No, me\u0111u onima koji izlaze je i mno\u0161tvo koje se vra\u0107a s praznika u susjedstvu, od Bosne do Turske.<\/p>\n\n\n\n<p>Ono \u0161to je najva\u017enije je da gu\u017eve prema moru nisu lo\u0161a nego dobra vijest. Lani u ovo vrijeme Hrvatska se ve\u0107 oprostila od sezone.<\/p>\n\n\n\n<p>Na dana\u0161nji dan 2020. krenuo je masovni egzodus Slovenaca i Austrijanaca \u2013 Slovenija je Hrvatsku ve\u0107 stavila na crvenu listu i to je ozna\u010dilo kraj. A sad se mo\u017eemo nadati jo\u0161 kojem solidnom tjednu. Hrvatska obala je jo\u0161 uvijek naran\u010dasta, a ni crvena oznaka ove godine i lani ne zna\u010de isto.<\/p>\n\n\n\n<p>Iako nitko ne u\u017eiva \u010dekati na suncu, jo\u0161 nismo \u010duli i povjerovali da je netko zbog toga odustao od praznika u Hrvatskoj.<br>Pomo\u0107nik direktora HAC-a: Nama je sezona bolja nego 2019.<\/p>\n\n\n\n<p>Pomo\u0107nik direktora HAC-a Kre\u0161imir Vuksan rekao je za N1 da je jo\u0161 uvijek ve\u0107i pritisak prema jugu.<\/p>\n\n\n\n<p>\u201cU petak smo imali sedam posto vi\u0161e vozila u odlasku nego na povratku, tako ne\u0161to se mo\u017ee re\u0107i i za subotu\u201d, kazao je Vuksan, dodav\u0161i kako je dosad u srpnju bilo jedan posto vozila nego 2019. godine.<\/p>\n\n\n\n<p>Kolovoz je gotovo identi\u010dan: \u201cPotiho se nadamo da \u0107e i kolovoz biti bolji.\u201d<\/p>\n\n\n\n<p>\u201cJedan posto vozila vi\u0161e je oti\u0161lo prema jugu, nama je sezona bolja nego 2019. godine. Ne\u0161to je bilo slabije do \u0161estog mjeseca. Vjerujem da \u0107e do 6. rujna biti dobri rezultati, kada o\u010dekujemo kampere\u201d, rekao je pomo\u0107nik direktora HAC-a.<br>MUP i HTZ dijelili vodu na granicama<\/p>\n\n\n\n<p>Hrvatska turisti\u010dka zajednica organizirala je dijeljenje vode na grani\u010dnim prijelazima Bregana, Macelj i Rupa, za turiste koji \u0107e tijekom dana u\u0107i u na\u0161u zemlju.<\/p>\n\n\n\n<p>Boce vode od 0,5l ozna\u010dene su i prigodnom porukom turistima \u201eStay safe!\u201c, odnosno \u201eOstanite sigurni!\u201c.<\/p>\n\n\n\n<p>Direktor HTZ-a Kristjan Stani\u010di\u0107 rekao je kako ovom akcijom \u017eele turistima, na\u0161im gostima, pokazati da smo zemlja ljubaznih i dobrih doma\u0107ina, te im se makar na simboli\u010dan na\u010din, zahvaliti na ukazanom povjerenju i odabiru Hrvatske kao kvalitetne i sigurne destinacije u kojoj \u0107e provesti svoj odmor.<\/p>\n\n\n\n<p>\u201cGu\u017eve na granicama su velike \u0161to je dodatna potvrda kako smo se zna\u010dajno pribli\u017eili rezultatima iz rekordne 2019. godine, a ovom malom gestom turistima, koliko je to mogu\u0107e, \u017eelimo olak\u0161ati vrijeme \u010dekanja\u201c, kazao je Stani\u010di\u0107.<\/p>\n\n\n\n<p>Izvor:N1<\/p>\n","protected":false},"excerpt":{"rendered":"<p>Najve\u0107a kolona formirala se na izlazu prema Sloveniji, 5 km pred Maceljom, od prilazima naplatnoj postaji Trako\u0161\u0107an, sve do grani\u010dnog prijelaza na slovenskoj strani. No, me\u0111u onima koji izlaze je i mno\u0161tvo koje se vra\u0107a s praznika u susjedstvu, od Bosne do Turske. Ono \u0161to je najva\u017enije je da gu\u017eve prema moru nisu lo\u0161a nego [&hellip;]<\/p>\n","protected":false},"author":2,"featured_media":56118,"comment_status":"closed","ping_status":"closed","sticky":false,"template":"","format":"standard","meta":{"h5ap_radio_sources":[],"footnotes":""},"categories":[1],"tags":[],"class_list":["post-56117","post","type-post","status-publish","format-standard","has-post-thumbnail","hentry","category-bihiregija"],"yoast_head":"<!-- This site is optimized with the Yoast SEO plugin v27.5 - https:\/\/yoast.com\/product\/yoast-seo-wordpress\/ -->\n<title>Lani u ovo vrijeme Hrvatska se ve\u0107 oprostila od sezone. Sada je prema\u0161ila 2019. - RADIO LJUBU\u0160KI<\/title>\n<meta name=\"robots\" content=\"index, follow, max-snippet:-1, max-image-preview:large, max-video-preview:-1\" \/>\n<link rel=\"canonical\" href=\"https:\/\/radioljubuski.ba\/index.php\/2021\/08\/22\/lani-u-ovo-vrijeme-hrvatska-se-vec-oprostila-od-sezone-sada-je-premasila-2019\/\" \/>\n<meta property=\"og:locale\" content=\"hr_HR\" \/>\n<meta property=\"og:type\" content=\"article\" \/>\n<meta property=\"og:title\" content=\"Lani u ovo vrijeme Hrvatska se ve\u0107 oprostila od sezone. Sada je prema\u0161ila 2019. - RADIO LJUBU\u0160KI\" \/>\n<meta property=\"og:description\" content=\"Najve\u0107a kolona formirala se na izlazu prema Sloveniji, 5 km pred Maceljom, od prilazima naplatnoj postaji Trako\u0161\u0107an, sve do grani\u010dnog prijelaza na slovenskoj strani. No, me\u0111u onima koji izlaze je i mno\u0161tvo koje se vra\u0107a s praznika u susjedstvu, od Bosne do Turske. Ono \u0161to je najva\u017enije je da gu\u017eve prema moru nisu lo\u0161a nego [&hellip;]\" \/>\n<meta property=\"og:url\" content=\"https:\/\/radioljubuski.ba\/index.php\/2021\/08\/22\/lani-u-ovo-vrijeme-hrvatska-se-vec-oprostila-od-sezone-sada-je-premasila-2019\/\" \/>\n<meta property=\"og:site_name\" content=\"RADIO LJUBU\u0160KI\" \/>\n<meta property=\"article:publisher\" content=\"https:\/\/www.facebook.com\/Radiio-Ljubuski-1490835324566332\" \/>\n<meta property=\"article:published_time\" content=\"2021-08-22T00:16:22+00:00\" \/>\n<meta property=\"article:modified_time\" content=\"2021-08-22T00:16:23+00:00\" \/>\n<meta property=\"og:image\" content=\"https:\/\/radioljubuski.ba\/wp-content\/uploads\/2021\/08\/4CDiWNlS_granicasrbija.jpg\" \/>\n\t<meta property=\"og:image:width\" content=\"1000\" \/>\n\t<meta property=\"og:image:height\" content=\"625\" \/>\n\t<meta property=\"og:image:type\" content=\"image\/jpeg\" \/>\n<meta name=\"author\" content=\"Radio Ljubu\u0161ki\" \/>\n<meta name=\"twitter:card\" content=\"summary_large_image\" \/>\n<meta name=\"twitter:creator\" content=\"@radioljubuski\" \/>\n<meta name=\"twitter:site\" content=\"@radioljubuski\" \/>\n<meta name=\"twitter:label1\" content=\"Napisao\/la\" \/>\n\t<meta name=\"twitter:data1\" content=\"Radio Ljubu\u0161ki\" \/>\n\t<meta name=\"twitter:label2\" content=\"Procijenjeno vrijeme \u010ditanja\" \/>\n\t<meta name=\"twitter:data2\" content=\"2 minute\" \/>\n<script type=\"application\/ld+json\" class=\"yoast-schema-graph\">{\"@context\":\"https:\\\/\\\/schema.org\",\"@graph\":[{\"@type\":\"Article\",\"@id\":\"https:\\\/\\\/radioljubuski.ba\\\/index.php\\\/2021\\\/08\\\/22\\\/lani-u-ovo-vrijeme-hrvatska-se-vec-oprostila-od-sezone-sada-je-premasila-2019\\\/#article\",\"isPartOf\":{\"@id\":\"https:\\\/\\\/radioljubuski.ba\\\/index.php\\\/2021\\\/08\\\/22\\\/lani-u-ovo-vrijeme-hrvatska-se-vec-oprostila-od-sezone-sada-je-premasila-2019\\\/\"},\"author\":{\"name\":\"Radio Ljubu\u0161ki\",\"@id\":\"https:\\\/\\\/radioljubuski.ba\\\/#\\\/schema\\\/person\\\/19fc700381a780f69665d7956c469e3b\"},\"headline\":\"Lani u ovo vrijeme Hrvatska se ve\u0107 oprostila od sezone. Sada je prema\u0161ila 2019.\",\"datePublished\":\"2021-08-22T00:16:22+00:00\",\"dateModified\":\"2021-08-22T00:16:23+00:00\",\"mainEntityOfPage\":{\"@id\":\"https:\\\/\\\/radioljubuski.ba\\\/index.php\\\/2021\\\/08\\\/22\\\/lani-u-ovo-vrijeme-hrvatska-se-vec-oprostila-od-sezone-sada-je-premasila-2019\\\/\"},\"wordCount\":436,\"publisher\":{\"@id\":\"https:\\\/\\\/radioljubuski.ba\\\/#organization\"},\"image\":{\"@id\":\"https:\\\/\\\/radioljubuski.ba\\\/index.php\\\/2021\\\/08\\\/22\\\/lani-u-ovo-vrijeme-hrvatska-se-vec-oprostila-od-sezone-sada-je-premasila-2019\\\/#primaryimage\"},\"thumbnailUrl\":\"https:\\\/\\\/radioljubuski.ba\\\/wp-content\\\/uploads\\\/2021\\\/08\\\/4CDiWNlS_granicasrbija.jpg\",\"articleSection\":[\"BIH i regija\"],\"inLanguage\":\"hr\"},{\"@type\":\"WebPage\",\"@id\":\"https:\\\/\\\/radioljubuski.ba\\\/index.php\\\/2021\\\/08\\\/22\\\/lani-u-ovo-vrijeme-hrvatska-se-vec-oprostila-od-sezone-sada-je-premasila-2019\\\/\",\"url\":\"https:\\\/\\\/radioljubuski.ba\\\/index.php\\\/2021\\\/08\\\/22\\\/lani-u-ovo-vrijeme-hrvatska-se-vec-oprostila-od-sezone-sada-je-premasila-2019\\\/\",\"name\":\"Lani u ovo vrijeme Hrvatska se ve\u0107 oprostila od sezone. Sada je prema\u0161ila 2019. - RADIO LJUBU\u0160KI\",\"isPartOf\":{\"@id\":\"https:\\\/\\\/radioljubuski.ba\\\/#website\"},\"primaryImageOfPage\":{\"@id\":\"https:\\\/\\\/radioljubuski.ba\\\/index.php\\\/2021\\\/08\\\/22\\\/lani-u-ovo-vrijeme-hrvatska-se-vec-oprostila-od-sezone-sada-je-premasila-2019\\\/#primaryimage\"},\"image\":{\"@id\":\"https:\\\/\\\/radioljubuski.ba\\\/index.php\\\/2021\\\/08\\\/22\\\/lani-u-ovo-vrijeme-hrvatska-se-vec-oprostila-od-sezone-sada-je-premasila-2019\\\/#primaryimage\"},\"thumbnailUrl\":\"https:\\\/\\\/radioljubuski.ba\\\/wp-content\\\/uploads\\\/2021\\\/08\\\/4CDiWNlS_granicasrbija.jpg\",\"datePublished\":\"2021-08-22T00:16:22+00:00\",\"dateModified\":\"2021-08-22T00:16:23+00:00\",\"breadcrumb\":{\"@id\":\"https:\\\/\\\/radioljubuski.ba\\\/index.php\\\/2021\\\/08\\\/22\\\/lani-u-ovo-vrijeme-hrvatska-se-vec-oprostila-od-sezone-sada-je-premasila-2019\\\/#breadcrumb\"},\"inLanguage\":\"hr\",\"potentialAction\":[{\"@type\":\"ReadAction\",\"target\":[\"https:\\\/\\\/radioljubuski.ba\\\/index.php\\\/2021\\\/08\\\/22\\\/lani-u-ovo-vrijeme-hrvatska-se-vec-oprostila-od-sezone-sada-je-premasila-2019\\\/\"]}]},{\"@type\":\"ImageObject\",\"inLanguage\":\"hr\",\"@id\":\"https:\\\/\\\/radioljubuski.ba\\\/index.php\\\/2021\\\/08\\\/22\\\/lani-u-ovo-vrijeme-hrvatska-se-vec-oprostila-od-sezone-sada-je-premasila-2019\\\/#primaryimage\",\"url\":\"https:\\\/\\\/radioljubuski.ba\\\/wp-content\\\/uploads\\\/2021\\\/08\\\/4CDiWNlS_granicasrbija.jpg\",\"contentUrl\":\"https:\\\/\\\/radioljubuski.ba\\\/wp-content\\\/uploads\\\/2021\\\/08\\\/4CDiWNlS_granicasrbija.jpg\",\"width\":1000,\"height\":625},{\"@type\":\"BreadcrumbList\",\"@id\":\"https:\\\/\\\/radioljubuski.ba\\\/index.php\\\/2021\\\/08\\\/22\\\/lani-u-ovo-vrijeme-hrvatska-se-vec-oprostila-od-sezone-sada-je-premasila-2019\\\/#breadcrumb\",\"itemListElement\":[{\"@type\":\"ListItem\",\"position\":1,\"name\":\"Po\u010detna stranica\",\"item\":\"https:\\\/\\\/radioljubuski.ba\\\/\"},{\"@type\":\"ListItem\",\"position\":2,\"name\":\"Lani u ovo vrijeme Hrvatska se ve\u0107 oprostila od sezone. Sada je prema\u0161ila 2019.\"}]},{\"@type\":\"WebSite\",\"@id\":\"https:\\\/\\\/radioljubuski.ba\\\/#website\",\"url\":\"https:\\\/\\\/radioljubuski.ba\\\/\",\"name\":\"Radio Ljubu\u0161ki\",\"description\":\"Sun\u010dana frekvencija Hercegovine\",\"publisher\":{\"@id\":\"https:\\\/\\\/radioljubuski.ba\\\/#organization\"},\"potentialAction\":[{\"@type\":\"SearchAction\",\"target\":{\"@type\":\"EntryPoint\",\"urlTemplate\":\"https:\\\/\\\/radioljubuski.ba\\\/?s={search_term_string}\"},\"query-input\":{\"@type\":\"PropertyValueSpecification\",\"valueRequired\":true,\"valueName\":\"search_term_string\"}}],\"inLanguage\":\"hr\"},{\"@type\":\"Organization\",\"@id\":\"https:\\\/\\\/radioljubuski.ba\\\/#organization\",\"name\":\"Radio Ljubu\u0161ki\",\"url\":\"https:\\\/\\\/radioljubuski.ba\\\/\",\"logo\":{\"@type\":\"ImageObject\",\"inLanguage\":\"hr\",\"@id\":\"https:\\\/\\\/radioljubuski.ba\\\/#\\\/schema\\\/logo\\\/image\\\/\",\"url\":\"https:\\\/\\\/radioljubuski.ba\\\/wp-content\\\/uploads\\\/2021\\\/02\\\/cropped-Radio_Ljubuski_logo1.jpg\",\"contentUrl\":\"https:\\\/\\\/radioljubuski.ba\\\/wp-content\\\/uploads\\\/2021\\\/02\\\/cropped-Radio_Ljubuski_logo1.jpg\",\"width\":512,\"height\":512,\"caption\":\"Radio Ljubu\u0161ki\"},\"image\":{\"@id\":\"https:\\\/\\\/radioljubuski.ba\\\/#\\\/schema\\\/logo\\\/image\\\/\"},\"sameAs\":[\"https:\\\/\\\/www.facebook.com\\\/Radiio-Ljubuski-1490835324566332\",\"https:\\\/\\\/x.com\\\/radioljubuski\",\"https:\\\/\\\/hr.linkedin.com\\\/company\\\/radio-ljubuski\",\"https:\\\/\\\/www.youtube.com\\\/channel\\\/UCHYaeO_n0Db3tjNGudGpXyw\"]},{\"@type\":\"Person\",\"@id\":\"https:\\\/\\\/radioljubuski.ba\\\/#\\\/schema\\\/person\\\/19fc700381a780f69665d7956c469e3b\",\"name\":\"Radio Ljubu\u0161ki\"}]}<\/script>\n<!-- \/ Yoast SEO plugin. -->","yoast_head_json":{"title":"Lani u ovo vrijeme Hrvatska se ve\u0107 oprostila od sezone. Sada je prema\u0161ila 2019. - RADIO LJUBU\u0160KI","robots":{"index":"index","follow":"follow","max-snippet":"max-snippet:-1","max-image-preview":"max-image-preview:large","max-video-preview":"max-video-preview:-1"},"canonical":"https:\/\/radioljubuski.ba\/index.php\/2021\/08\/22\/lani-u-ovo-vrijeme-hrvatska-se-vec-oprostila-od-sezone-sada-je-premasila-2019\/","og_locale":"hr_HR","og_type":"article","og_title":"Lani u ovo vrijeme Hrvatska se ve\u0107 oprostila od sezone. Sada je prema\u0161ila 2019. - RADIO LJUBU\u0160KI","og_description":"Najve\u0107a kolona formirala se na izlazu prema Sloveniji, 5 km pred Maceljom, od prilazima naplatnoj postaji Trako\u0161\u0107an, sve do grani\u010dnog prijelaza na slovenskoj strani. No, me\u0111u onima koji izlaze je i mno\u0161tvo koje se vra\u0107a s praznika u susjedstvu, od Bosne do Turske. Ono \u0161to je najva\u017enije je da gu\u017eve prema moru nisu lo\u0161a nego [&hellip;]","og_url":"https:\/\/radioljubuski.ba\/index.php\/2021\/08\/22\/lani-u-ovo-vrijeme-hrvatska-se-vec-oprostila-od-sezone-sada-je-premasila-2019\/","og_site_name":"RADIO LJUBU\u0160KI","article_publisher":"https:\/\/www.facebook.com\/Radiio-Ljubuski-1490835324566332","article_published_time":"2021-08-22T00:16:22+00:00","article_modified_time":"2021-08-22T00:16:23+00:00","og_image":[{"width":1000,"height":625,"url":"https:\/\/radioljubuski.ba\/wp-content\/uploads\/2021\/08\/4CDiWNlS_granicasrbija.jpg","type":"image\/jpeg"}],"author":"Radio Ljubu\u0161ki","twitter_card":"summary_large_image","twitter_creator":"@radioljubuski","twitter_site":"@radioljubuski","twitter_misc":{"Napisao\/la":"Radio Ljubu\u0161ki","Procijenjeno vrijeme \u010ditanja":"2 minute"},"schema":{"@context":"https:\/\/schema.org","@graph":[{"@type":"Article","@id":"https:\/\/radioljubuski.ba\/index.php\/2021\/08\/22\/lani-u-ovo-vrijeme-hrvatska-se-vec-oprostila-od-sezone-sada-je-premasila-2019\/#article","isPartOf":{"@id":"https:\/\/radioljubuski.ba\/index.php\/2021\/08\/22\/lani-u-ovo-vrijeme-hrvatska-se-vec-oprostila-od-sezone-sada-je-premasila-2019\/"},"author":{"name":"Radio Ljubu\u0161ki","@id":"https:\/\/radioljubuski.ba\/#\/schema\/person\/19fc700381a780f69665d7956c469e3b"},"headline":"Lani u ovo vrijeme Hrvatska se ve\u0107 oprostila od sezone. Sada je prema\u0161ila 2019.","datePublished":"2021-08-22T00:16:22+00:00","dateModified":"2021-08-22T00:16:23+00:00","mainEntityOfPage":{"@id":"https:\/\/radioljubuski.ba\/index.php\/2021\/08\/22\/lani-u-ovo-vrijeme-hrvatska-se-vec-oprostila-od-sezone-sada-je-premasila-2019\/"},"wordCount":436,"publisher":{"@id":"https:\/\/radioljubuski.ba\/#organization"},"image":{"@id":"https:\/\/radioljubuski.ba\/index.php\/2021\/08\/22\/lani-u-ovo-vrijeme-hrvatska-se-vec-oprostila-od-sezone-sada-je-premasila-2019\/#primaryimage"},"thumbnailUrl":"https:\/\/radioljubuski.ba\/wp-content\/uploads\/2021\/08\/4CDiWNlS_granicasrbija.jpg","articleSection":["BIH i regija"],"inLanguage":"hr"},{"@type":"WebPage","@id":"https:\/\/radioljubuski.ba\/index.php\/2021\/08\/22\/lani-u-ovo-vrijeme-hrvatska-se-vec-oprostila-od-sezone-sada-je-premasila-2019\/","url":"https:\/\/radioljubuski.ba\/index.php\/2021\/08\/22\/lani-u-ovo-vrijeme-hrvatska-se-vec-oprostila-od-sezone-sada-je-premasila-2019\/","name":"Lani u ovo vrijeme Hrvatska se ve\u0107 oprostila od sezone. Sada je prema\u0161ila 2019. - RADIO LJUBU\u0160KI","isPartOf":{"@id":"https:\/\/radioljubuski.ba\/#website"},"primaryImageOfPage":{"@id":"https:\/\/radioljubuski.ba\/index.php\/2021\/08\/22\/lani-u-ovo-vrijeme-hrvatska-se-vec-oprostila-od-sezone-sada-je-premasila-2019\/#primaryimage"},"image":{"@id":"https:\/\/radioljubuski.ba\/index.php\/2021\/08\/22\/lani-u-ovo-vrijeme-hrvatska-se-vec-oprostila-od-sezone-sada-je-premasila-2019\/#primaryimage"},"thumbnailUrl":"https:\/\/radioljubuski.ba\/wp-content\/uploads\/2021\/08\/4CDiWNlS_granicasrbija.jpg","datePublished":"2021-08-22T00:16:22+00:00","dateModified":"2021-08-22T00:16:23+00:00","breadcrumb":{"@id":"https:\/\/radioljubuski.ba\/index.php\/2021\/08\/22\/lani-u-ovo-vrijeme-hrvatska-se-vec-oprostila-od-sezone-sada-je-premasila-2019\/#breadcrumb"},"inLanguage":"hr","potentialAction":[{"@type":"ReadAction","target":["https:\/\/radioljubuski.ba\/index.php\/2021\/08\/22\/lani-u-ovo-vrijeme-hrvatska-se-vec-oprostila-od-sezone-sada-je-premasila-2019\/"]}]},{"@type":"ImageObject","inLanguage":"hr","@id":"https:\/\/radioljubuski.ba\/index.php\/2021\/08\/22\/lani-u-ovo-vrijeme-hrvatska-se-vec-oprostila-od-sezone-sada-je-premasila-2019\/#primaryimage","url":"https:\/\/radioljubuski.ba\/wp-content\/uploads\/2021\/08\/4CDiWNlS_granicasrbija.jpg","contentUrl":"https:\/\/radioljubuski.ba\/wp-content\/uploads\/2021\/08\/4CDiWNlS_granicasrbija.jpg","width":1000,"height":625},{"@type":"BreadcrumbList","@id":"https:\/\/radioljubuski.ba\/index.php\/2021\/08\/22\/lani-u-ovo-vrijeme-hrvatska-se-vec-oprostila-od-sezone-sada-je-premasila-2019\/#breadcrumb","itemListElement":[{"@type":"ListItem","position":1,"name":"Po\u010detna stranica","item":"https:\/\/radioljubuski.ba\/"},{"@type":"ListItem","position":2,"name":"Lani u ovo vrijeme Hrvatska se ve\u0107 oprostila od sezone. Sada je prema\u0161ila 2019."}]},{"@type":"WebSite","@id":"https:\/\/radioljubuski.ba\/#website","url":"https:\/\/radioljubuski.ba\/","name":"Radio Ljubu\u0161ki","description":"Sun\u010dana frekvencija Hercegovine","publisher":{"@id":"https:\/\/radioljubuski.ba\/#organization"},"potentialAction":[{"@type":"SearchAction","target":{"@type":"EntryPoint","urlTemplate":"https:\/\/radioljubuski.ba\/?s={search_term_string}"},"query-input":{"@type":"PropertyValueSpecification","valueRequired":true,"valueName":"search_term_string"}}],"inLanguage":"hr"},{"@type":"Organization","@id":"https:\/\/radioljubuski.ba\/#organization","name":"Radio Ljubu\u0161ki","url":"https:\/\/radioljubuski.ba\/","logo":{"@type":"ImageObject","inLanguage":"hr","@id":"https:\/\/radioljubuski.ba\/#\/schema\/logo\/image\/","url":"https:\/\/radioljubuski.ba\/wp-content\/uploads\/2021\/02\/cropped-Radio_Ljubuski_logo1.jpg","contentUrl":"https:\/\/radioljubuski.ba\/wp-content\/uploads\/2021\/02\/cropped-Radio_Ljubuski_logo1.jpg","width":512,"height":512,"caption":"Radio Ljubu\u0161ki"},"image":{"@id":"https:\/\/radioljubuski.ba\/#\/schema\/logo\/image\/"},"sameAs":["https:\/\/www.facebook.com\/Radiio-Ljubuski-1490835324566332","https:\/\/x.com\/radioljubuski","https:\/\/hr.linkedin.com\/company\/radio-ljubuski","https:\/\/www.youtube.com\/channel\/UCHYaeO_n0Db3tjNGudGpXyw"]},{"@type":"Person","@id":"https:\/\/radioljubuski.ba\/#\/schema\/person\/19fc700381a780f69665d7956c469e3b","name":"Radio Ljubu\u0161ki"}]}},"_links":{"self":[{"href":"https:\/\/radioljubuski.ba\/index.php\/wp-json\/wp\/v2\/posts\/56117","targetHints":{"allow":["GET"]}}],"collection":[{"href":"https:\/\/radioljubuski.ba\/index.php\/wp-json\/wp\/v2\/posts"}],"about":[{"href":"https:\/\/radioljubuski.ba\/index.php\/wp-json\/wp\/v2\/types\/post"}],"author":[{"embeddable":true,"href":"https:\/\/radioljubuski.ba\/index.php\/wp-json\/wp\/v2\/users\/2"}],"replies":[{"embeddable":true,"href":"https:\/\/radioljubuski.ba\/index.php\/wp-json\/wp\/v2\/comments?post=56117"}],"version-history":[{"count":1,"href":"https:\/\/radioljubuski.ba\/index.php\/wp-json\/wp\/v2\/posts\/56117\/revisions"}],"predecessor-version":[{"id":56119,"href":"https:\/\/radioljubuski.ba\/index.php\/wp-json\/wp\/v2\/posts\/56117\/revisions\/56119"}],"wp:featuredmedia":[{"embeddable":true,"href":"https:\/\/radioljubuski.ba\/index.php\/wp-json\/wp\/v2\/media\/56118"}],"wp:attachment":[{"href":"https:\/\/radioljubuski.ba\/index.php\/wp-json\/wp\/v2\/media?parent=56117"}],"wp:term":[{"taxonomy":"category","embeddable":true,"href":"https:\/\/radioljubuski.ba\/index.php\/wp-json\/wp\/v2\/categories?post=56117"},{"taxonomy":"post_tag","embeddable":true,"href":"https:\/\/radioljubuski.ba\/index.php\/wp-json\/wp\/v2\/tags?post=56117"}],"curies":[{"name":"wp","href":"https:\/\/api.w.org\/{rel}","templated":true}]}}