{"id":56166,"date":"2021-08-22T10:34:32","date_gmt":"2021-08-22T09:34:32","guid":{"rendered":"https:\/\/radioljubuski.ba\/?p=56166"},"modified":"2021-08-22T10:34:33","modified_gmt":"2021-08-22T09:34:33","slug":"kurz-protiv-primanja-jos-afganistanaca-u-austriju-dok-sam-ja-kancelar","status":"publish","type":"post","link":"https:\/\/radioljubuski.ba\/index.php\/2021\/08\/22\/kurz-protiv-primanja-jos-afganistanaca-u-austriju-dok-sam-ja-kancelar\/","title":{"rendered":"Kurz protiv primanja jo\u0161 Afganistanaca u Austriju: &#8216;Dok sam ja kancelar&#8230;&#8217;"},"content":{"rendered":"\n<p>Konzervativni austrijski kancelar Sebastian Kurz protivi se primanju jo\u0161 ljudi koji bje\u017ee iz Afganistana, nakon \u0161to su talibani preuzeli vlast u toj zemlji, rekao je on u nedjelju.<\/p>\n\n\n\n<p>U vrijeme migracijske krize 2015. i 2016. Austrija je prihvatila 90.000 tra\u017eitelja azila, \u0161to je vi\u0161e od jedan posto njezine populacije. Kurz je svoju karijeru izgradio na tvrdom stajali\u0161tu prema imigraciji, osvojiv\u0161i sve parlamentarne izbore od 2017.<\/p>\n\n\n\n<p>Dok se Europska unija bori s tim \u0161to u\u010diniti s Afganistancima koji su im pomagali u proteklih 20 godina, Kurz je rekao da dolazak u Austriju nije opcija.<\/p>\n\n\n\n<p>\u201cJasno se protivim tome da dobrovoljno prihvatimo jo\u0161 ljudi i to se ne\u0107e dogoditi dok sam ja kancelar\u201d, rekao je u intervjuu za televizijsku postaju Puls 24.<\/p>\n\n\n\n<p>Austrija ima vi\u0161e od 40.000 afganistanskih izbjeglica, najvi\u0161e u Europi nakon Njema\u010dke koja je primila 148.000, pokazuju podaci UNHCR-a za 2020.<\/p>\n\n\n\n<p>Austrija ima devet puta manje stanovnika od Njema\u010dke, neutralna je zemlja i nije \u010dlanica NATO-a te je u Afganistan poslala vrlo mali broj vojnika.<\/p>\n\n\n\n<p>\u201cNe mislim da bismo trebali prihvatiti jo\u0161 ljudi. Upravo suprotno\u201d, rekao je Kurz o Afganistancima koji bje\u017ee iz svoje zemlje.<\/p>\n\n\n\n<p>\u201cAustrija je dala nerazmjerno velik doprinos\u201d, dodao je referiraju\u0107i se na velik broj afganistanskih izbjeglica i tra\u017eitelja azila koji su ve\u0107 u zemlji.<\/p>\n\n\n\n<p>Rekao je da ljudi koji su napustili Afganistan trebaju ostati u regiji i podsjetio da su susjedni Turkmensitan i Uzbekistan prihvatili samo 14, odnosno 13 izbjeglica, \u0161to se podudara s podacima UNHCR-a.<\/p>\n\n\n\n<p>Izvor:pogled.ba<\/p>\n","protected":false},"excerpt":{"rendered":"<p>Konzervativni austrijski kancelar Sebastian Kurz protivi se primanju jo\u0161 ljudi koji bje\u017ee iz Afganistana, nakon \u0161to su talibani preuzeli vlast u toj zemlji, rekao je on u nedjelju. U vrijeme migracijske krize 2015. i 2016. Austrija je prihvatila 90.000 tra\u017eitelja azila, \u0161to je vi\u0161e od jedan posto njezine populacije. Kurz je svoju karijeru izgradio na [&hellip;]<\/p>\n","protected":false},"author":2,"featured_media":13656,"comment_status":"closed","ping_status":"closed","sticky":false,"template":"","format":"standard","meta":{"h5ap_radio_sources":[],"footnotes":""},"categories":[1],"tags":[],"class_list":["post-56166","post","type-post","status-publish","format-standard","has-post-thumbnail","hentry","category-bihiregija"],"yoast_head":"<!-- This site is optimized with the Yoast SEO plugin v27.5 - https:\/\/yoast.com\/product\/yoast-seo-wordpress\/ -->\n<title>Kurz protiv primanja jo\u0161 Afganistanaca u Austriju: &#039;Dok sam ja kancelar...&#039; - RADIO LJUBU\u0160KI<\/title>\n<meta name=\"robots\" content=\"index, follow, max-snippet:-1, max-image-preview:large, max-video-preview:-1\" \/>\n<link rel=\"canonical\" href=\"https:\/\/radioljubuski.ba\/index.php\/2021\/08\/22\/kurz-protiv-primanja-jos-afganistanaca-u-austriju-dok-sam-ja-kancelar\/\" \/>\n<meta property=\"og:locale\" content=\"hr_HR\" \/>\n<meta property=\"og:type\" content=\"article\" \/>\n<meta property=\"og:title\" content=\"Kurz protiv primanja jo\u0161 Afganistanaca u Austriju: &#039;Dok sam ja kancelar...&#039; - RADIO LJUBU\u0160KI\" \/>\n<meta property=\"og:description\" content=\"Konzervativni austrijski kancelar Sebastian Kurz protivi se primanju jo\u0161 ljudi koji bje\u017ee iz Afganistana, nakon \u0161to su talibani preuzeli vlast u toj zemlji, rekao je on u nedjelju. U vrijeme migracijske krize 2015. i 2016. Austrija je prihvatila 90.000 tra\u017eitelja azila, \u0161to je vi\u0161e od jedan posto njezine populacije. Kurz je svoju karijeru izgradio na [&hellip;]\" \/>\n<meta property=\"og:url\" content=\"https:\/\/radioljubuski.ba\/index.php\/2021\/08\/22\/kurz-protiv-primanja-jos-afganistanaca-u-austriju-dok-sam-ja-kancelar\/\" \/>\n<meta property=\"og:site_name\" content=\"RADIO LJUBU\u0160KI\" \/>\n<meta property=\"article:publisher\" content=\"https:\/\/www.facebook.com\/Radiio-Ljubuski-1490835324566332\" \/>\n<meta property=\"article:published_time\" content=\"2021-08-22T09:34:32+00:00\" \/>\n<meta property=\"article:modified_time\" content=\"2021-08-22T09:34:33+00:00\" \/>\n<meta property=\"og:image\" content=\"https:\/\/radioljubuski.ba\/wp-content\/uploads\/2021\/04\/kurz-hrlj.png\" \/>\n\t<meta property=\"og:image:width\" content=\"644\" \/>\n\t<meta property=\"og:image:height\" content=\"362\" \/>\n\t<meta property=\"og:image:type\" content=\"image\/png\" \/>\n<meta name=\"author\" content=\"Radio Ljubu\u0161ki\" \/>\n<meta name=\"twitter:card\" content=\"summary_large_image\" \/>\n<meta name=\"twitter:creator\" content=\"@radioljubuski\" \/>\n<meta name=\"twitter:site\" content=\"@radioljubuski\" \/>\n<meta name=\"twitter:label1\" content=\"Napisao\/la\" \/>\n\t<meta name=\"twitter:data1\" content=\"Radio Ljubu\u0161ki\" \/>\n\t<meta name=\"twitter:label2\" content=\"Procijenjeno vrijeme \u010ditanja\" \/>\n\t<meta name=\"twitter:data2\" content=\"2 minute\" \/>\n<script type=\"application\/ld+json\" class=\"yoast-schema-graph\">{\"@context\":\"https:\\\/\\\/schema.org\",\"@graph\":[{\"@type\":\"Article\",\"@id\":\"https:\\\/\\\/radioljubuski.ba\\\/index.php\\\/2021\\\/08\\\/22\\\/kurz-protiv-primanja-jos-afganistanaca-u-austriju-dok-sam-ja-kancelar\\\/#article\",\"isPartOf\":{\"@id\":\"https:\\\/\\\/radioljubuski.ba\\\/index.php\\\/2021\\\/08\\\/22\\\/kurz-protiv-primanja-jos-afganistanaca-u-austriju-dok-sam-ja-kancelar\\\/\"},\"author\":{\"name\":\"Radio Ljubu\u0161ki\",\"@id\":\"https:\\\/\\\/radioljubuski.ba\\\/#\\\/schema\\\/person\\\/19fc700381a780f69665d7956c469e3b\"},\"headline\":\"Kurz protiv primanja jo\u0161 Afganistanaca u Austriju: &#8216;Dok sam ja kancelar&#8230;&#8217;\",\"datePublished\":\"2021-08-22T09:34:32+00:00\",\"dateModified\":\"2021-08-22T09:34:33+00:00\",\"mainEntityOfPage\":{\"@id\":\"https:\\\/\\\/radioljubuski.ba\\\/index.php\\\/2021\\\/08\\\/22\\\/kurz-protiv-primanja-jos-afganistanaca-u-austriju-dok-sam-ja-kancelar\\\/\"},\"wordCount\":257,\"publisher\":{\"@id\":\"https:\\\/\\\/radioljubuski.ba\\\/#organization\"},\"image\":{\"@id\":\"https:\\\/\\\/radioljubuski.ba\\\/index.php\\\/2021\\\/08\\\/22\\\/kurz-protiv-primanja-jos-afganistanaca-u-austriju-dok-sam-ja-kancelar\\\/#primaryimage\"},\"thumbnailUrl\":\"https:\\\/\\\/radioljubuski.ba\\\/wp-content\\\/uploads\\\/2021\\\/04\\\/kurz-hrlj.png\",\"articleSection\":[\"BIH i regija\"],\"inLanguage\":\"hr\"},{\"@type\":\"WebPage\",\"@id\":\"https:\\\/\\\/radioljubuski.ba\\\/index.php\\\/2021\\\/08\\\/22\\\/kurz-protiv-primanja-jos-afganistanaca-u-austriju-dok-sam-ja-kancelar\\\/\",\"url\":\"https:\\\/\\\/radioljubuski.ba\\\/index.php\\\/2021\\\/08\\\/22\\\/kurz-protiv-primanja-jos-afganistanaca-u-austriju-dok-sam-ja-kancelar\\\/\",\"name\":\"Kurz protiv primanja jo\u0161 Afganistanaca u Austriju: 'Dok sam ja kancelar...' - RADIO LJUBU\u0160KI\",\"isPartOf\":{\"@id\":\"https:\\\/\\\/radioljubuski.ba\\\/#website\"},\"primaryImageOfPage\":{\"@id\":\"https:\\\/\\\/radioljubuski.ba\\\/index.php\\\/2021\\\/08\\\/22\\\/kurz-protiv-primanja-jos-afganistanaca-u-austriju-dok-sam-ja-kancelar\\\/#primaryimage\"},\"image\":{\"@id\":\"https:\\\/\\\/radioljubuski.ba\\\/index.php\\\/2021\\\/08\\\/22\\\/kurz-protiv-primanja-jos-afganistanaca-u-austriju-dok-sam-ja-kancelar\\\/#primaryimage\"},\"thumbnailUrl\":\"https:\\\/\\\/radioljubuski.ba\\\/wp-content\\\/uploads\\\/2021\\\/04\\\/kurz-hrlj.png\",\"datePublished\":\"2021-08-22T09:34:32+00:00\",\"dateModified\":\"2021-08-22T09:34:33+00:00\",\"breadcrumb\":{\"@id\":\"https:\\\/\\\/radioljubuski.ba\\\/index.php\\\/2021\\\/08\\\/22\\\/kurz-protiv-primanja-jos-afganistanaca-u-austriju-dok-sam-ja-kancelar\\\/#breadcrumb\"},\"inLanguage\":\"hr\",\"potentialAction\":[{\"@type\":\"ReadAction\",\"target\":[\"https:\\\/\\\/radioljubuski.ba\\\/index.php\\\/2021\\\/08\\\/22\\\/kurz-protiv-primanja-jos-afganistanaca-u-austriju-dok-sam-ja-kancelar\\\/\"]}]},{\"@type\":\"ImageObject\",\"inLanguage\":\"hr\",\"@id\":\"https:\\\/\\\/radioljubuski.ba\\\/index.php\\\/2021\\\/08\\\/22\\\/kurz-protiv-primanja-jos-afganistanaca-u-austriju-dok-sam-ja-kancelar\\\/#primaryimage\",\"url\":\"https:\\\/\\\/radioljubuski.ba\\\/wp-content\\\/uploads\\\/2021\\\/04\\\/kurz-hrlj.png\",\"contentUrl\":\"https:\\\/\\\/radioljubuski.ba\\\/wp-content\\\/uploads\\\/2021\\\/04\\\/kurz-hrlj.png\",\"width\":644,\"height\":362},{\"@type\":\"BreadcrumbList\",\"@id\":\"https:\\\/\\\/radioljubuski.ba\\\/index.php\\\/2021\\\/08\\\/22\\\/kurz-protiv-primanja-jos-afganistanaca-u-austriju-dok-sam-ja-kancelar\\\/#breadcrumb\",\"itemListElement\":[{\"@type\":\"ListItem\",\"position\":1,\"name\":\"Po\u010detna stranica\",\"item\":\"https:\\\/\\\/radioljubuski.ba\\\/\"},{\"@type\":\"ListItem\",\"position\":2,\"name\":\"Kurz protiv primanja jo\u0161 Afganistanaca u Austriju: &#8216;Dok sam ja kancelar&#8230;&#8217;\"}]},{\"@type\":\"WebSite\",\"@id\":\"https:\\\/\\\/radioljubuski.ba\\\/#website\",\"url\":\"https:\\\/\\\/radioljubuski.ba\\\/\",\"name\":\"Radio Ljubu\u0161ki\",\"description\":\"Sun\u010dana frekvencija Hercegovine\",\"publisher\":{\"@id\":\"https:\\\/\\\/radioljubuski.ba\\\/#organization\"},\"potentialAction\":[{\"@type\":\"SearchAction\",\"target\":{\"@type\":\"EntryPoint\",\"urlTemplate\":\"https:\\\/\\\/radioljubuski.ba\\\/?s={search_term_string}\"},\"query-input\":{\"@type\":\"PropertyValueSpecification\",\"valueRequired\":true,\"valueName\":\"search_term_string\"}}],\"inLanguage\":\"hr\"},{\"@type\":\"Organization\",\"@id\":\"https:\\\/\\\/radioljubuski.ba\\\/#organization\",\"name\":\"Radio Ljubu\u0161ki\",\"url\":\"https:\\\/\\\/radioljubuski.ba\\\/\",\"logo\":{\"@type\":\"ImageObject\",\"inLanguage\":\"hr\",\"@id\":\"https:\\\/\\\/radioljubuski.ba\\\/#\\\/schema\\\/logo\\\/image\\\/\",\"url\":\"https:\\\/\\\/radioljubuski.ba\\\/wp-content\\\/uploads\\\/2021\\\/02\\\/cropped-Radio_Ljubuski_logo1.jpg\",\"contentUrl\":\"https:\\\/\\\/radioljubuski.ba\\\/wp-content\\\/uploads\\\/2021\\\/02\\\/cropped-Radio_Ljubuski_logo1.jpg\",\"width\":512,\"height\":512,\"caption\":\"Radio Ljubu\u0161ki\"},\"image\":{\"@id\":\"https:\\\/\\\/radioljubuski.ba\\\/#\\\/schema\\\/logo\\\/image\\\/\"},\"sameAs\":[\"https:\\\/\\\/www.facebook.com\\\/Radiio-Ljubuski-1490835324566332\",\"https:\\\/\\\/x.com\\\/radioljubuski\",\"https:\\\/\\\/hr.linkedin.com\\\/company\\\/radio-ljubuski\",\"https:\\\/\\\/www.youtube.com\\\/channel\\\/UCHYaeO_n0Db3tjNGudGpXyw\"]},{\"@type\":\"Person\",\"@id\":\"https:\\\/\\\/radioljubuski.ba\\\/#\\\/schema\\\/person\\\/19fc700381a780f69665d7956c469e3b\",\"name\":\"Radio Ljubu\u0161ki\"}]}<\/script>\n<!-- \/ Yoast SEO plugin. -->","yoast_head_json":{"title":"Kurz protiv primanja jo\u0161 Afganistanaca u Austriju: 'Dok sam ja kancelar...' - RADIO LJUBU\u0160KI","robots":{"index":"index","follow":"follow","max-snippet":"max-snippet:-1","max-image-preview":"max-image-preview:large","max-video-preview":"max-video-preview:-1"},"canonical":"https:\/\/radioljubuski.ba\/index.php\/2021\/08\/22\/kurz-protiv-primanja-jos-afganistanaca-u-austriju-dok-sam-ja-kancelar\/","og_locale":"hr_HR","og_type":"article","og_title":"Kurz protiv primanja jo\u0161 Afganistanaca u Austriju: 'Dok sam ja kancelar...' - RADIO LJUBU\u0160KI","og_description":"Konzervativni austrijski kancelar Sebastian Kurz protivi se primanju jo\u0161 ljudi koji bje\u017ee iz Afganistana, nakon \u0161to su talibani preuzeli vlast u toj zemlji, rekao je on u nedjelju. U vrijeme migracijske krize 2015. i 2016. Austrija je prihvatila 90.000 tra\u017eitelja azila, \u0161to je vi\u0161e od jedan posto njezine populacije. Kurz je svoju karijeru izgradio na [&hellip;]","og_url":"https:\/\/radioljubuski.ba\/index.php\/2021\/08\/22\/kurz-protiv-primanja-jos-afganistanaca-u-austriju-dok-sam-ja-kancelar\/","og_site_name":"RADIO LJUBU\u0160KI","article_publisher":"https:\/\/www.facebook.com\/Radiio-Ljubuski-1490835324566332","article_published_time":"2021-08-22T09:34:32+00:00","article_modified_time":"2021-08-22T09:34:33+00:00","og_image":[{"width":644,"height":362,"url":"https:\/\/radioljubuski.ba\/wp-content\/uploads\/2021\/04\/kurz-hrlj.png","type":"image\/png"}],"author":"Radio Ljubu\u0161ki","twitter_card":"summary_large_image","twitter_creator":"@radioljubuski","twitter_site":"@radioljubuski","twitter_misc":{"Napisao\/la":"Radio Ljubu\u0161ki","Procijenjeno vrijeme \u010ditanja":"2 minute"},"schema":{"@context":"https:\/\/schema.org","@graph":[{"@type":"Article","@id":"https:\/\/radioljubuski.ba\/index.php\/2021\/08\/22\/kurz-protiv-primanja-jos-afganistanaca-u-austriju-dok-sam-ja-kancelar\/#article","isPartOf":{"@id":"https:\/\/radioljubuski.ba\/index.php\/2021\/08\/22\/kurz-protiv-primanja-jos-afganistanaca-u-austriju-dok-sam-ja-kancelar\/"},"author":{"name":"Radio Ljubu\u0161ki","@id":"https:\/\/radioljubuski.ba\/#\/schema\/person\/19fc700381a780f69665d7956c469e3b"},"headline":"Kurz protiv primanja jo\u0161 Afganistanaca u Austriju: &#8216;Dok sam ja kancelar&#8230;&#8217;","datePublished":"2021-08-22T09:34:32+00:00","dateModified":"2021-08-22T09:34:33+00:00","mainEntityOfPage":{"@id":"https:\/\/radioljubuski.ba\/index.php\/2021\/08\/22\/kurz-protiv-primanja-jos-afganistanaca-u-austriju-dok-sam-ja-kancelar\/"},"wordCount":257,"publisher":{"@id":"https:\/\/radioljubuski.ba\/#organization"},"image":{"@id":"https:\/\/radioljubuski.ba\/index.php\/2021\/08\/22\/kurz-protiv-primanja-jos-afganistanaca-u-austriju-dok-sam-ja-kancelar\/#primaryimage"},"thumbnailUrl":"https:\/\/radioljubuski.ba\/wp-content\/uploads\/2021\/04\/kurz-hrlj.png","articleSection":["BIH i regija"],"inLanguage":"hr"},{"@type":"WebPage","@id":"https:\/\/radioljubuski.ba\/index.php\/2021\/08\/22\/kurz-protiv-primanja-jos-afganistanaca-u-austriju-dok-sam-ja-kancelar\/","url":"https:\/\/radioljubuski.ba\/index.php\/2021\/08\/22\/kurz-protiv-primanja-jos-afganistanaca-u-austriju-dok-sam-ja-kancelar\/","name":"Kurz protiv primanja jo\u0161 Afganistanaca u Austriju: 'Dok sam ja kancelar...' - RADIO LJUBU\u0160KI","isPartOf":{"@id":"https:\/\/radioljubuski.ba\/#website"},"primaryImageOfPage":{"@id":"https:\/\/radioljubuski.ba\/index.php\/2021\/08\/22\/kurz-protiv-primanja-jos-afganistanaca-u-austriju-dok-sam-ja-kancelar\/#primaryimage"},"image":{"@id":"https:\/\/radioljubuski.ba\/index.php\/2021\/08\/22\/kurz-protiv-primanja-jos-afganistanaca-u-austriju-dok-sam-ja-kancelar\/#primaryimage"},"thumbnailUrl":"https:\/\/radioljubuski.ba\/wp-content\/uploads\/2021\/04\/kurz-hrlj.png","datePublished":"2021-08-22T09:34:32+00:00","dateModified":"2021-08-22T09:34:33+00:00","breadcrumb":{"@id":"https:\/\/radioljubuski.ba\/index.php\/2021\/08\/22\/kurz-protiv-primanja-jos-afganistanaca-u-austriju-dok-sam-ja-kancelar\/#breadcrumb"},"inLanguage":"hr","potentialAction":[{"@type":"ReadAction","target":["https:\/\/radioljubuski.ba\/index.php\/2021\/08\/22\/kurz-protiv-primanja-jos-afganistanaca-u-austriju-dok-sam-ja-kancelar\/"]}]},{"@type":"ImageObject","inLanguage":"hr","@id":"https:\/\/radioljubuski.ba\/index.php\/2021\/08\/22\/kurz-protiv-primanja-jos-afganistanaca-u-austriju-dok-sam-ja-kancelar\/#primaryimage","url":"https:\/\/radioljubuski.ba\/wp-content\/uploads\/2021\/04\/kurz-hrlj.png","contentUrl":"https:\/\/radioljubuski.ba\/wp-content\/uploads\/2021\/04\/kurz-hrlj.png","width":644,"height":362},{"@type":"BreadcrumbList","@id":"https:\/\/radioljubuski.ba\/index.php\/2021\/08\/22\/kurz-protiv-primanja-jos-afganistanaca-u-austriju-dok-sam-ja-kancelar\/#breadcrumb","itemListElement":[{"@type":"ListItem","position":1,"name":"Po\u010detna stranica","item":"https:\/\/radioljubuski.ba\/"},{"@type":"ListItem","position":2,"name":"Kurz protiv primanja jo\u0161 Afganistanaca u Austriju: &#8216;Dok sam ja kancelar&#8230;&#8217;"}]},{"@type":"WebSite","@id":"https:\/\/radioljubuski.ba\/#website","url":"https:\/\/radioljubuski.ba\/","name":"Radio Ljubu\u0161ki","description":"Sun\u010dana frekvencija Hercegovine","publisher":{"@id":"https:\/\/radioljubuski.ba\/#organization"},"potentialAction":[{"@type":"SearchAction","target":{"@type":"EntryPoint","urlTemplate":"https:\/\/radioljubuski.ba\/?s={search_term_string}"},"query-input":{"@type":"PropertyValueSpecification","valueRequired":true,"valueName":"search_term_string"}}],"inLanguage":"hr"},{"@type":"Organization","@id":"https:\/\/radioljubuski.ba\/#organization","name":"Radio Ljubu\u0161ki","url":"https:\/\/radioljubuski.ba\/","logo":{"@type":"ImageObject","inLanguage":"hr","@id":"https:\/\/radioljubuski.ba\/#\/schema\/logo\/image\/","url":"https:\/\/radioljubuski.ba\/wp-content\/uploads\/2021\/02\/cropped-Radio_Ljubuski_logo1.jpg","contentUrl":"https:\/\/radioljubuski.ba\/wp-content\/uploads\/2021\/02\/cropped-Radio_Ljubuski_logo1.jpg","width":512,"height":512,"caption":"Radio Ljubu\u0161ki"},"image":{"@id":"https:\/\/radioljubuski.ba\/#\/schema\/logo\/image\/"},"sameAs":["https:\/\/www.facebook.com\/Radiio-Ljubuski-1490835324566332","https:\/\/x.com\/radioljubuski","https:\/\/hr.linkedin.com\/company\/radio-ljubuski","https:\/\/www.youtube.com\/channel\/UCHYaeO_n0Db3tjNGudGpXyw"]},{"@type":"Person","@id":"https:\/\/radioljubuski.ba\/#\/schema\/person\/19fc700381a780f69665d7956c469e3b","name":"Radio Ljubu\u0161ki"}]}},"_links":{"self":[{"href":"https:\/\/radioljubuski.ba\/index.php\/wp-json\/wp\/v2\/posts\/56166","targetHints":{"allow":["GET"]}}],"collection":[{"href":"https:\/\/radioljubuski.ba\/index.php\/wp-json\/wp\/v2\/posts"}],"about":[{"href":"https:\/\/radioljubuski.ba\/index.php\/wp-json\/wp\/v2\/types\/post"}],"author":[{"embeddable":true,"href":"https:\/\/radioljubuski.ba\/index.php\/wp-json\/wp\/v2\/users\/2"}],"replies":[{"embeddable":true,"href":"https:\/\/radioljubuski.ba\/index.php\/wp-json\/wp\/v2\/comments?post=56166"}],"version-history":[{"count":1,"href":"https:\/\/radioljubuski.ba\/index.php\/wp-json\/wp\/v2\/posts\/56166\/revisions"}],"predecessor-version":[{"id":56167,"href":"https:\/\/radioljubuski.ba\/index.php\/wp-json\/wp\/v2\/posts\/56166\/revisions\/56167"}],"wp:featuredmedia":[{"embeddable":true,"href":"https:\/\/radioljubuski.ba\/index.php\/wp-json\/wp\/v2\/media\/13656"}],"wp:attachment":[{"href":"https:\/\/radioljubuski.ba\/index.php\/wp-json\/wp\/v2\/media?parent=56166"}],"wp:term":[{"taxonomy":"category","embeddable":true,"href":"https:\/\/radioljubuski.ba\/index.php\/wp-json\/wp\/v2\/categories?post=56166"},{"taxonomy":"post_tag","embeddable":true,"href":"https:\/\/radioljubuski.ba\/index.php\/wp-json\/wp\/v2\/tags?post=56166"}],"curies":[{"name":"wp","href":"https:\/\/api.w.org\/{rel}","templated":true}]}}