{"id":56168,"date":"2021-08-22T10:36:38","date_gmt":"2021-08-22T09:36:38","guid":{"rendered":"https:\/\/radioljubuski.ba\/?p=56168"},"modified":"2021-08-22T10:36:39","modified_gmt":"2021-08-22T09:36:39","slug":"raab-rusija-i-kina-potrebni-za-umjeren-utjecaj-na-talibane","status":"publish","type":"post","link":"https:\/\/radioljubuski.ba\/index.php\/2021\/08\/22\/raab-rusija-i-kina-potrebni-za-umjeren-utjecaj-na-talibane\/","title":{"rendered":"Raab: Rusija i Kina potrebni za &#8220;umjeren utjecaj&#8221; na talibane"},"content":{"rendered":"\n<p>Ujedinjeno Kraljevstvo moralo bi se obratiti Rusiji i Kini kako bi izvr\u0161ili &#8220;umjeren utjecaj&#8221; na talibane, unato\u010d nepovjerenju izme\u0111u tih vlada, rekao je britanski ministar vanjskih poslova Dominic Raab.<br><br><\/p>\n\n\n\n<p>&#8211; Morat \u0107emo dovesti zemlje s potencijalno umjerenim utjecajem poput Rusije i Kine, koliko god to bilo neugodno, kazao je Raab za The Sunday Telegraph.<\/p>\n\n\n\n<p>Talibani su pro\u0161log vikenda preuzeli vlast od vlade koju podr\u017eava SAD, poslav\u0161i tako tisu\u0107e ljudi u bijeg te potencijalno najavljuju\u0107i povratak strogoj i autokratskoj vladavini militanata od prije dva desetlje\u0107a.<\/p>\n\n\n\n<p>Britanija i Kina nedavno su se sukobile oko razli\u010ditih pitanja, uklju\u010duju\u0107i Hong Kong i navodna kr\u0161enja ljudskih prava protiv kineske ujgurske etni\u010dke skupine.<\/p>\n\n\n\n<p>Odnosi izme\u0111u Londona i Moskve tako\u0111er su produbljeni, jo\u0161 od trovanja biv\u0161eg dvostrukog agenta Sergeja Skripala sovjetskim \u017eiv\u010danim agensom Novichok. Odnosi izme\u0111u Britanije i Rusije dodatno su se pogor\u0161ali nakon \u0161to je novinaru BBC-a, koji je radio u Moskvi, re\u010deno da napusti zemlju.<\/p>\n\n\n\n<p>Britanske snage evakuirale su 3821 osobu iz Kabula od 13. kolovoza, prema navodima britanskog Ministarstva obrane, uklju\u010duju\u0107i i 1323 osobe koje su stigle u Veliku Britaniju. To uklju\u010duje osoblje veleposlanstva, britanske dr\u017eavljane i one koji ispunjavaju uvjete u okviru programa preseljenja i pomo\u0107i ARAP.<\/p>\n\n\n\n<p>Biv\u0161i britanski premijer Tony Blair rekao je da je &#8220;napu\u0161tanje&#8221; Afganistana &#8220;tragi\u010dno, opasno i nepotrebno&#8221;, dodav\u0161i da to nije u ni\u010dijem interesu.<\/p>\n\n\n\n<p>Biv\u0161i premijer, koji je poslao britanske trupe u Afganistan 2001. godine, rekao je da je odluka o povla\u010denju vo\u0111ena &#8220;ne velikom strategijom, ve\u0107 politikom&#8221;.<\/p>\n\n\n\n<p>Blair je dodao da je Britanija trebala ozbiljno razmisliti nakon, kako je opisao, &#8220;malo ili nimalo konzultacija&#8221; SAD-a u odluci o povla\u010denju iz Afganistana.<\/p>\n\n\n\n<p>&#8211; Mi (Britanija) u opasnosti smo od ispadanja u drugu podjelu globalnih sila. Mo\u017eda nam to ne smeta, ali odluku bismo trebali donijeti barem promi\u0161ljeno, kazao je Blair.<\/p>\n\n\n\n<p>Izvor:pogled.ba<\/p>\n","protected":false},"excerpt":{"rendered":"<p>Ujedinjeno Kraljevstvo moralo bi se obratiti Rusiji i Kini kako bi izvr\u0161ili &#8220;umjeren utjecaj&#8221; na talibane, unato\u010d nepovjerenju izme\u0111u tih vlada, rekao je britanski ministar vanjskih poslova Dominic Raab. &#8211; Morat \u0107emo dovesti zemlje s potencijalno umjerenim utjecajem poput Rusije i Kine, koliko god to bilo neugodno, kazao je Raab za The Sunday Telegraph. Talibani [&hellip;]<\/p>\n","protected":false},"author":2,"featured_media":0,"comment_status":"closed","ping_status":"closed","sticky":false,"template":"","format":"standard","meta":{"h5ap_radio_sources":[],"footnotes":""},"categories":[1],"tags":[],"class_list":["post-56168","post","type-post","status-publish","format-standard","hentry","category-bihiregija"],"yoast_head":"<!-- This site is optimized with the Yoast SEO plugin v27.5 - https:\/\/yoast.com\/product\/yoast-seo-wordpress\/ -->\n<title>Raab: Rusija i Kina potrebni za &quot;umjeren utjecaj&quot; na talibane - RADIO LJUBU\u0160KI<\/title>\n<meta name=\"robots\" content=\"index, follow, max-snippet:-1, max-image-preview:large, max-video-preview:-1\" \/>\n<link rel=\"canonical\" href=\"https:\/\/radioljubuski.ba\/index.php\/2021\/08\/22\/raab-rusija-i-kina-potrebni-za-umjeren-utjecaj-na-talibane\/\" \/>\n<meta property=\"og:locale\" content=\"hr_HR\" \/>\n<meta property=\"og:type\" content=\"article\" \/>\n<meta property=\"og:title\" content=\"Raab: Rusija i Kina potrebni za &quot;umjeren utjecaj&quot; na talibane - RADIO LJUBU\u0160KI\" \/>\n<meta property=\"og:description\" content=\"Ujedinjeno Kraljevstvo moralo bi se obratiti Rusiji i Kini kako bi izvr\u0161ili &#8220;umjeren utjecaj&#8221; na talibane, unato\u010d nepovjerenju izme\u0111u tih vlada, rekao je britanski ministar vanjskih poslova Dominic Raab. &#8211; Morat \u0107emo dovesti zemlje s potencijalno umjerenim utjecajem poput Rusije i Kine, koliko god to bilo neugodno, kazao je Raab za The Sunday Telegraph. Talibani [&hellip;]\" \/>\n<meta property=\"og:url\" content=\"https:\/\/radioljubuski.ba\/index.php\/2021\/08\/22\/raab-rusija-i-kina-potrebni-za-umjeren-utjecaj-na-talibane\/\" \/>\n<meta property=\"og:site_name\" content=\"RADIO LJUBU\u0160KI\" \/>\n<meta property=\"article:publisher\" content=\"https:\/\/www.facebook.com\/Radiio-Ljubuski-1490835324566332\" \/>\n<meta property=\"article:published_time\" content=\"2021-08-22T09:36:38+00:00\" \/>\n<meta property=\"article:modified_time\" content=\"2021-08-22T09:36:39+00:00\" \/>\n<meta property=\"og:image\" content=\"https:\/\/radioljubuski.ba\/wp-content\/uploads\/2021\/08\/rusija-i-kina-potrebni-za-umjeren-utjecaj-na-talibane-raab_6121f88f19561.jpg\" \/>\n\t<meta property=\"og:image:width\" content=\"604\" \/>\n\t<meta property=\"og:image:height\" content=\"345\" \/>\n\t<meta property=\"og:image:type\" content=\"image\/jpeg\" \/>\n<meta name=\"author\" content=\"Radio Ljubu\u0161ki\" \/>\n<meta name=\"twitter:card\" content=\"summary_large_image\" \/>\n<meta name=\"twitter:creator\" content=\"@radioljubuski\" \/>\n<meta name=\"twitter:site\" content=\"@radioljubuski\" \/>\n<meta name=\"twitter:label1\" content=\"Napisao\/la\" \/>\n\t<meta name=\"twitter:data1\" content=\"Radio Ljubu\u0161ki\" \/>\n\t<meta name=\"twitter:label2\" content=\"Procijenjeno vrijeme \u010ditanja\" \/>\n\t<meta name=\"twitter:data2\" content=\"2 minute\" \/>\n<script type=\"application\/ld+json\" class=\"yoast-schema-graph\">{\"@context\":\"https:\\\/\\\/schema.org\",\"@graph\":[{\"@type\":\"Article\",\"@id\":\"https:\\\/\\\/radioljubuski.ba\\\/index.php\\\/2021\\\/08\\\/22\\\/raab-rusija-i-kina-potrebni-za-umjeren-utjecaj-na-talibane\\\/#article\",\"isPartOf\":{\"@id\":\"https:\\\/\\\/radioljubuski.ba\\\/index.php\\\/2021\\\/08\\\/22\\\/raab-rusija-i-kina-potrebni-za-umjeren-utjecaj-na-talibane\\\/\"},\"author\":{\"name\":\"Radio Ljubu\u0161ki\",\"@id\":\"https:\\\/\\\/radioljubuski.ba\\\/#\\\/schema\\\/person\\\/19fc700381a780f69665d7956c469e3b\"},\"headline\":\"Raab: Rusija i Kina potrebni za &#8220;umjeren utjecaj&#8221; na talibane\",\"datePublished\":\"2021-08-22T09:36:38+00:00\",\"dateModified\":\"2021-08-22T09:36:39+00:00\",\"mainEntityOfPage\":{\"@id\":\"https:\\\/\\\/radioljubuski.ba\\\/index.php\\\/2021\\\/08\\\/22\\\/raab-rusija-i-kina-potrebni-za-umjeren-utjecaj-na-talibane\\\/\"},\"wordCount\":337,\"publisher\":{\"@id\":\"https:\\\/\\\/radioljubuski.ba\\\/#organization\"},\"articleSection\":[\"BIH i regija\"],\"inLanguage\":\"hr\"},{\"@type\":\"WebPage\",\"@id\":\"https:\\\/\\\/radioljubuski.ba\\\/index.php\\\/2021\\\/08\\\/22\\\/raab-rusija-i-kina-potrebni-za-umjeren-utjecaj-na-talibane\\\/\",\"url\":\"https:\\\/\\\/radioljubuski.ba\\\/index.php\\\/2021\\\/08\\\/22\\\/raab-rusija-i-kina-potrebni-za-umjeren-utjecaj-na-talibane\\\/\",\"name\":\"Raab: Rusija i Kina potrebni za \\\"umjeren utjecaj\\\" na talibane - RADIO LJUBU\u0160KI\",\"isPartOf\":{\"@id\":\"https:\\\/\\\/radioljubuski.ba\\\/#website\"},\"datePublished\":\"2021-08-22T09:36:38+00:00\",\"dateModified\":\"2021-08-22T09:36:39+00:00\",\"breadcrumb\":{\"@id\":\"https:\\\/\\\/radioljubuski.ba\\\/index.php\\\/2021\\\/08\\\/22\\\/raab-rusija-i-kina-potrebni-za-umjeren-utjecaj-na-talibane\\\/#breadcrumb\"},\"inLanguage\":\"hr\",\"potentialAction\":[{\"@type\":\"ReadAction\",\"target\":[\"https:\\\/\\\/radioljubuski.ba\\\/index.php\\\/2021\\\/08\\\/22\\\/raab-rusija-i-kina-potrebni-za-umjeren-utjecaj-na-talibane\\\/\"]}]},{\"@type\":\"BreadcrumbList\",\"@id\":\"https:\\\/\\\/radioljubuski.ba\\\/index.php\\\/2021\\\/08\\\/22\\\/raab-rusija-i-kina-potrebni-za-umjeren-utjecaj-na-talibane\\\/#breadcrumb\",\"itemListElement\":[{\"@type\":\"ListItem\",\"position\":1,\"name\":\"Po\u010detna stranica\",\"item\":\"https:\\\/\\\/radioljubuski.ba\\\/\"},{\"@type\":\"ListItem\",\"position\":2,\"name\":\"Raab: Rusija i Kina potrebni za &#8220;umjeren utjecaj&#8221; na talibane\"}]},{\"@type\":\"WebSite\",\"@id\":\"https:\\\/\\\/radioljubuski.ba\\\/#website\",\"url\":\"https:\\\/\\\/radioljubuski.ba\\\/\",\"name\":\"Radio Ljubu\u0161ki\",\"description\":\"Sun\u010dana frekvencija Hercegovine\",\"publisher\":{\"@id\":\"https:\\\/\\\/radioljubuski.ba\\\/#organization\"},\"potentialAction\":[{\"@type\":\"SearchAction\",\"target\":{\"@type\":\"EntryPoint\",\"urlTemplate\":\"https:\\\/\\\/radioljubuski.ba\\\/?s={search_term_string}\"},\"query-input\":{\"@type\":\"PropertyValueSpecification\",\"valueRequired\":true,\"valueName\":\"search_term_string\"}}],\"inLanguage\":\"hr\"},{\"@type\":\"Organization\",\"@id\":\"https:\\\/\\\/radioljubuski.ba\\\/#organization\",\"name\":\"Radio Ljubu\u0161ki\",\"url\":\"https:\\\/\\\/radioljubuski.ba\\\/\",\"logo\":{\"@type\":\"ImageObject\",\"inLanguage\":\"hr\",\"@id\":\"https:\\\/\\\/radioljubuski.ba\\\/#\\\/schema\\\/logo\\\/image\\\/\",\"url\":\"https:\\\/\\\/radioljubuski.ba\\\/wp-content\\\/uploads\\\/2021\\\/02\\\/cropped-Radio_Ljubuski_logo1.jpg\",\"contentUrl\":\"https:\\\/\\\/radioljubuski.ba\\\/wp-content\\\/uploads\\\/2021\\\/02\\\/cropped-Radio_Ljubuski_logo1.jpg\",\"width\":512,\"height\":512,\"caption\":\"Radio Ljubu\u0161ki\"},\"image\":{\"@id\":\"https:\\\/\\\/radioljubuski.ba\\\/#\\\/schema\\\/logo\\\/image\\\/\"},\"sameAs\":[\"https:\\\/\\\/www.facebook.com\\\/Radiio-Ljubuski-1490835324566332\",\"https:\\\/\\\/x.com\\\/radioljubuski\",\"https:\\\/\\\/hr.linkedin.com\\\/company\\\/radio-ljubuski\",\"https:\\\/\\\/www.youtube.com\\\/channel\\\/UCHYaeO_n0Db3tjNGudGpXyw\"]},{\"@type\":\"Person\",\"@id\":\"https:\\\/\\\/radioljubuski.ba\\\/#\\\/schema\\\/person\\\/19fc700381a780f69665d7956c469e3b\",\"name\":\"Radio Ljubu\u0161ki\"}]}<\/script>\n<!-- \/ Yoast SEO plugin. -->","yoast_head_json":{"title":"Raab: Rusija i Kina potrebni za \"umjeren utjecaj\" na talibane - RADIO LJUBU\u0160KI","robots":{"index":"index","follow":"follow","max-snippet":"max-snippet:-1","max-image-preview":"max-image-preview:large","max-video-preview":"max-video-preview:-1"},"canonical":"https:\/\/radioljubuski.ba\/index.php\/2021\/08\/22\/raab-rusija-i-kina-potrebni-za-umjeren-utjecaj-na-talibane\/","og_locale":"hr_HR","og_type":"article","og_title":"Raab: Rusija i Kina potrebni za \"umjeren utjecaj\" na talibane - RADIO LJUBU\u0160KI","og_description":"Ujedinjeno Kraljevstvo moralo bi se obratiti Rusiji i Kini kako bi izvr\u0161ili &#8220;umjeren utjecaj&#8221; na talibane, unato\u010d nepovjerenju izme\u0111u tih vlada, rekao je britanski ministar vanjskih poslova Dominic Raab. &#8211; Morat \u0107emo dovesti zemlje s potencijalno umjerenim utjecajem poput Rusije i Kine, koliko god to bilo neugodno, kazao je Raab za The Sunday Telegraph. Talibani [&hellip;]","og_url":"https:\/\/radioljubuski.ba\/index.php\/2021\/08\/22\/raab-rusija-i-kina-potrebni-za-umjeren-utjecaj-na-talibane\/","og_site_name":"RADIO LJUBU\u0160KI","article_publisher":"https:\/\/www.facebook.com\/Radiio-Ljubuski-1490835324566332","article_published_time":"2021-08-22T09:36:38+00:00","article_modified_time":"2021-08-22T09:36:39+00:00","og_image":[{"width":604,"height":345,"url":"https:\/\/radioljubuski.ba\/wp-content\/uploads\/2021\/08\/rusija-i-kina-potrebni-za-umjeren-utjecaj-na-talibane-raab_6121f88f19561.jpg","type":"image\/jpeg"}],"author":"Radio Ljubu\u0161ki","twitter_card":"summary_large_image","twitter_creator":"@radioljubuski","twitter_site":"@radioljubuski","twitter_misc":{"Napisao\/la":"Radio Ljubu\u0161ki","Procijenjeno vrijeme \u010ditanja":"2 minute"},"schema":{"@context":"https:\/\/schema.org","@graph":[{"@type":"Article","@id":"https:\/\/radioljubuski.ba\/index.php\/2021\/08\/22\/raab-rusija-i-kina-potrebni-za-umjeren-utjecaj-na-talibane\/#article","isPartOf":{"@id":"https:\/\/radioljubuski.ba\/index.php\/2021\/08\/22\/raab-rusija-i-kina-potrebni-za-umjeren-utjecaj-na-talibane\/"},"author":{"name":"Radio Ljubu\u0161ki","@id":"https:\/\/radioljubuski.ba\/#\/schema\/person\/19fc700381a780f69665d7956c469e3b"},"headline":"Raab: Rusija i Kina potrebni za &#8220;umjeren utjecaj&#8221; na talibane","datePublished":"2021-08-22T09:36:38+00:00","dateModified":"2021-08-22T09:36:39+00:00","mainEntityOfPage":{"@id":"https:\/\/radioljubuski.ba\/index.php\/2021\/08\/22\/raab-rusija-i-kina-potrebni-za-umjeren-utjecaj-na-talibane\/"},"wordCount":337,"publisher":{"@id":"https:\/\/radioljubuski.ba\/#organization"},"articleSection":["BIH i regija"],"inLanguage":"hr"},{"@type":"WebPage","@id":"https:\/\/radioljubuski.ba\/index.php\/2021\/08\/22\/raab-rusija-i-kina-potrebni-za-umjeren-utjecaj-na-talibane\/","url":"https:\/\/radioljubuski.ba\/index.php\/2021\/08\/22\/raab-rusija-i-kina-potrebni-za-umjeren-utjecaj-na-talibane\/","name":"Raab: Rusija i Kina potrebni za \"umjeren utjecaj\" na talibane - RADIO LJUBU\u0160KI","isPartOf":{"@id":"https:\/\/radioljubuski.ba\/#website"},"datePublished":"2021-08-22T09:36:38+00:00","dateModified":"2021-08-22T09:36:39+00:00","breadcrumb":{"@id":"https:\/\/radioljubuski.ba\/index.php\/2021\/08\/22\/raab-rusija-i-kina-potrebni-za-umjeren-utjecaj-na-talibane\/#breadcrumb"},"inLanguage":"hr","potentialAction":[{"@type":"ReadAction","target":["https:\/\/radioljubuski.ba\/index.php\/2021\/08\/22\/raab-rusija-i-kina-potrebni-za-umjeren-utjecaj-na-talibane\/"]}]},{"@type":"BreadcrumbList","@id":"https:\/\/radioljubuski.ba\/index.php\/2021\/08\/22\/raab-rusija-i-kina-potrebni-za-umjeren-utjecaj-na-talibane\/#breadcrumb","itemListElement":[{"@type":"ListItem","position":1,"name":"Po\u010detna stranica","item":"https:\/\/radioljubuski.ba\/"},{"@type":"ListItem","position":2,"name":"Raab: Rusija i Kina potrebni za &#8220;umjeren utjecaj&#8221; na talibane"}]},{"@type":"WebSite","@id":"https:\/\/radioljubuski.ba\/#website","url":"https:\/\/radioljubuski.ba\/","name":"Radio Ljubu\u0161ki","description":"Sun\u010dana frekvencija Hercegovine","publisher":{"@id":"https:\/\/radioljubuski.ba\/#organization"},"potentialAction":[{"@type":"SearchAction","target":{"@type":"EntryPoint","urlTemplate":"https:\/\/radioljubuski.ba\/?s={search_term_string}"},"query-input":{"@type":"PropertyValueSpecification","valueRequired":true,"valueName":"search_term_string"}}],"inLanguage":"hr"},{"@type":"Organization","@id":"https:\/\/radioljubuski.ba\/#organization","name":"Radio Ljubu\u0161ki","url":"https:\/\/radioljubuski.ba\/","logo":{"@type":"ImageObject","inLanguage":"hr","@id":"https:\/\/radioljubuski.ba\/#\/schema\/logo\/image\/","url":"https:\/\/radioljubuski.ba\/wp-content\/uploads\/2021\/02\/cropped-Radio_Ljubuski_logo1.jpg","contentUrl":"https:\/\/radioljubuski.ba\/wp-content\/uploads\/2021\/02\/cropped-Radio_Ljubuski_logo1.jpg","width":512,"height":512,"caption":"Radio Ljubu\u0161ki"},"image":{"@id":"https:\/\/radioljubuski.ba\/#\/schema\/logo\/image\/"},"sameAs":["https:\/\/www.facebook.com\/Radiio-Ljubuski-1490835324566332","https:\/\/x.com\/radioljubuski","https:\/\/hr.linkedin.com\/company\/radio-ljubuski","https:\/\/www.youtube.com\/channel\/UCHYaeO_n0Db3tjNGudGpXyw"]},{"@type":"Person","@id":"https:\/\/radioljubuski.ba\/#\/schema\/person\/19fc700381a780f69665d7956c469e3b","name":"Radio Ljubu\u0161ki"}]}},"_links":{"self":[{"href":"https:\/\/radioljubuski.ba\/index.php\/wp-json\/wp\/v2\/posts\/56168","targetHints":{"allow":["GET"]}}],"collection":[{"href":"https:\/\/radioljubuski.ba\/index.php\/wp-json\/wp\/v2\/posts"}],"about":[{"href":"https:\/\/radioljubuski.ba\/index.php\/wp-json\/wp\/v2\/types\/post"}],"author":[{"embeddable":true,"href":"https:\/\/radioljubuski.ba\/index.php\/wp-json\/wp\/v2\/users\/2"}],"replies":[{"embeddable":true,"href":"https:\/\/radioljubuski.ba\/index.php\/wp-json\/wp\/v2\/comments?post=56168"}],"version-history":[{"count":1,"href":"https:\/\/radioljubuski.ba\/index.php\/wp-json\/wp\/v2\/posts\/56168\/revisions"}],"predecessor-version":[{"id":56170,"href":"https:\/\/radioljubuski.ba\/index.php\/wp-json\/wp\/v2\/posts\/56168\/revisions\/56170"}],"wp:attachment":[{"href":"https:\/\/radioljubuski.ba\/index.php\/wp-json\/wp\/v2\/media?parent=56168"}],"wp:term":[{"taxonomy":"category","embeddable":true,"href":"https:\/\/radioljubuski.ba\/index.php\/wp-json\/wp\/v2\/categories?post=56168"},{"taxonomy":"post_tag","embeddable":true,"href":"https:\/\/radioljubuski.ba\/index.php\/wp-json\/wp\/v2\/tags?post=56168"}],"curies":[{"name":"wp","href":"https:\/\/api.w.org\/{rel}","templated":true}]}}