{"id":56231,"date":"2021-08-22T14:56:58","date_gmt":"2021-08-22T13:56:58","guid":{"rendered":"https:\/\/radioljubuski.ba\/?p=56231"},"modified":"2021-08-22T14:57:00","modified_gmt":"2021-08-22T13:57:00","slug":"prof-francois-balloux-ja-sam-korona-centrist-i-ocekujem-uskoro-kraj-pandemije","status":"publish","type":"post","link":"https:\/\/radioljubuski.ba\/index.php\/2021\/08\/22\/prof-francois-balloux-ja-sam-korona-centrist-i-ocekujem-uskoro-kraj-pandemije\/","title":{"rendered":"Prof. Francois Balloux: \u2018Ja sam korona centrist i o\u010dekujem uskoro kraj pandemije\u2019"},"content":{"rendered":"\n<p><strong>Na kraju je zamoljen da komentira vlastitu procjenu da \u0107e pandemija zavr\u0161iti do sredine ili krajem 2021. godine.<\/strong><\/p>\n\n\n\n<p><strong>\u2013 Rekao bih da je pandemija gotova kada covid-19 vi\u0161e ne bude uzrokovao zna\u010dajno ve\u0107u smrtnost od ostalih respiratornih virusa u cirkulaciji. To \u0107e se prvo dogoditi na mjestima poput Velike Britanije koja je imala privilegiju s nabavkom cjepiva i visoku procijepljenost. O\u010dekujem kraj pandemije najkasnije po\u010detkom idu\u0107e godine, rekao je prof. Balloux.&nbsp;<\/strong><\/p>\n\n\n\n<p>Znanstvenik Sveu\u010dili\u0161nog koled\u017ea u Londonu, profesor&nbsp;<strong>Francois Balloux<\/strong>&nbsp;s tamo\u0161njeg Instituta za genetiku, u velikom razgovoru za&nbsp;<strong><a href=\"https:\/\/www.theguardian.com\/world\/2021\/aug\/07\/prof-francois-balloux-the-pandemic-has-created-a-market-for-gloom-and-doom\" target=\"_blank\" rel=\"noreferrer noopener\">The Observer<\/a><\/strong>&nbsp;govorio je o opasnostima novih sojeva koronavirusa, psihosomatskoj naravi dugog covida te iznio procjene kada bi covid kriza mogla zavr\u0161iti, prenosi&nbsp;<a href=\"https:\/\/www.jutarnji.hr\/vijesti\/svijet\/ja-sam-militantni-korona-centrist-i-otkrit-cu-vam-kada-zapravo-zavrsava-pandemija-opasniji-soj-je-gotovo-nemoguc-15093626\">jutarnji.hr<\/a><\/p>\n\n\n\n<p>Njegov znanstveni rad fokusira se na rekonstruiranje izbijanja bolesti i epidemija. S kolegicom dr.&nbsp;<strong>Lucy van Dorp<\/strong>&nbsp;vodio je prvi veliki projekt sekvenciranja genoma Sars-CoV2. Tijekom pandemije istaknuo se kao cijenjeni znanstvenik, koji se na Twitteru predstavljao kao \u201cmilitantni korona centrist\u201d.<\/p>\n\n\n\n<p>Na pitanje jesu li nove ina\u010dice virusa i dalje glavna prijetnja izlasku iz pandemije odgovara:<\/p>\n\n\n\n<p>\u2013 Nismo imali novi soj ve\u0107 neko vrijeme. \u010cetiri zabrinjavaju\u0107e varijante su se pojavile u drugoj polovici 2020. godine i va\u017eno je imati na umu da se virusi cijelo vrijeme razvijaju nekakvim redovitim tempom. Me\u0111utim, s alfom se dogodilo ne\u0161to neo\u010dekivano; do\u0161lo je do naglog nakupljanja mutacija. Jedini razuman zaklju\u010dak je da je alfa nastala kao infekcija imunokompromitirane osobe ili nekoga tko je bio zara\u017een dulji vremenski period. Ostale tri zabrinjavaju\u0107e varijante (beta, gama i delta) pojavile su se postupnim nakupljanjem mutacija, rekao je.<\/p>\n\n\n\n<p>Isti\u010de kako je jako te\u0161ko predvidjeti \u0161ok kakav je bila alfa, odnosno britanski soj. Vrlo je jednostavno predvidjeti da \u0107e se mutacije i dalje pojavljivati i da \u0107e se virus postupno prenositi, a cjepiva \u0107e s vremenom postati manje u\u010dinkovita, poru\u010dio je.<\/p>\n\n\n\n<p>Zamoljen je da komentira navod iz izvje\u0161\u0107a britanskog SAGE-a (Znanstvena savjetodavna skupina za izvanredna stanja tamo\u0161nje vlade) da bi se mogla pojaviti izrazito smrtonosna varijanta, dok drugi znanstvenici umiruju govore\u0107i da je virus dosegnuo svoj potencijal te da \u0107e, ako se nastavi prenositi, da \u0107e izgubiti sposobnost su\u017eivota s doma\u0107inom.<\/p>\n\n\n\n<p>\u2013 Jako je va\u017eno uravnote\u017eiti zastra\u0161uju\u0107a predvi\u0111anja s vjerojatno\u0161\u0107u ostvarenja. Vjerojatnost da \u0107e se pojaviti virus 50 puta smrtonosniji od trenutnoga je iznimno nevjerojatna. Ka\u017eem to jer imamo 200 respiratornih virusa u cirkulaciji i ve\u0107ina nas se redovito inficira. Nikada nismo vidjeli takvu naglu promjenu u mortalitetu. Ne ka\u017eem da je nemogu\u0107e, ali imate ve\u0107e \u0161anse osvojiti na lotu vi\u0161e puta nego da se to dogodi, rekao je.<\/p>\n\n\n\n<p>\u2013 Kada su se pojavile varijante alfa i delta, o\u010dito su bile dobitne kombinacije mutacija za virus, iako znamo da se do sada nije pojavila nijedna druga prenosiva virusna linija unato\u010d milijunima infekcija i stalnom priljevu mutacija, rekao je.<\/p>\n\n\n\n<p>Govorio je i o zabrinutosti vezanoj za mutaciju koja omogu\u0107uje virusu da \u2018pobjegne\u2019 cjepivu.<\/p>\n\n\n\n<p>\u2013 Sekvencionirano je vi\u0161e od dva milijuna uzoraka virusa, a vjerojatno smo ve\u0107 vidjeli sve mutacije koje su tehni\u010dki mogu\u0107e. Iz na\u0161ih zapa\u017eanja znamo da se bijeg od cjepiva ne\u0107e pojaviti nakon jedne ili dviju mutacija. Bit \u0107e potrebno nakupljanje koje dovodi do prave kombinacije. Ne\u0107e se dogoditi da \u0107e jedan dan svi biti za\u0161ti\u0107eni a sljede\u0107ega \u0107e svi biti ranjivi. Imat \u0107emo vremena za a\u017euriranje cjepiva, rekao je.<\/p>\n\n\n\n<p>Istaknuo je da cjepiva, \u010dak i kada im virus uspije \u2018pobje\u0107i\u2019, ne\u0107e poni\u0161titi za\u0161titu od te\u0161kih bolesti i smrti koja pru\u017ea cjepivo i prethodna infekcija.<\/p>\n\n\n\n<p>Na pitanje \u0161to s cijepljenjem tinejd\u017eera odgovorio je:<\/p>\n\n\n\n<p>\u2013 To je majka svih pitanja. Postoje ljudi koji jako strastveno gledaju na tu problematiku s obiju strana. S obzirom na dostupne podatke, a nije cijepljeno puno tinejd\u017eera, mislim da je JCVI (Zajedni\u010dki odbor za cijepljenje i imunizaciju britanske vlade) vjerojatno bio u pravu kada je iz mjera opreza najprije preporu\u010dio cijepljenje za starije od 18 godina. Kako su imali vi\u0161e dostupnih podataka, preporu\u010dili su cijepljenje i za starije od 16 godina. Postoji problem s mogu\u0107om upalom srca kod mla\u0111ih mu\u0161karaca koji su primili mRNA cjepivo. Jedno od mogu\u0107ih rje\u0161enja bi bilo da se tinejd\u017eerima da samo jedna doza jer je ve\u0107ina nuspojava zabilje\u017eena nakon druge doze. Me\u0111utim, strategija jedne doze jo\u0161 nije testirana niti odobrena.<\/p>\n\n\n\n<p>Komentirao je vlastitu tvrdnju da je nemali broj slu\u010dajeva tzv. dugog Covida zapravo psihosomatske naravi.<\/p>\n\n\n\n<p>\u2013 Znamo da infekcije poput Covida dovode do postvirusnih sindroma. Riskiram da zazvu\u010dim neosjetljivo, ali iznenadilo bi me da ne postoji veza izme\u0111u te\u017eine bolesti i ozbiljnosti naknadnih simptoma. Poput tuberkuloze i gripe, za o\u010dekivati je da \u0107e se ljudi koji su imali te\u0161ki oblik Covida dugo oporavljati. A ponekad se osoba nikada ne oporavi do kraja, rekao je.<\/p>\n\n\n\n<p>\u2013 Situacija je slo\u017eenija s bla\u017eom infekcijom. Postvirusni simptomi su mogu\u0107i, ali \u010dini se malo vjerojatnim da se to doga\u0111a \u010desto. Po svoj prilici, neki su slu\u010dajevi psihosomatske prirode. Iako to ne \u010dini patnju manje stvarnom za one koji su pogo\u0111eni. Sve bolesti su stvarne, bez obzira na njihov uzrok, pojasnio je Balloux.<\/p>\n\n\n\n<p>\u2013 Zdravlje i bolest imaju i psihi\u010dku komponentu. Samo strah od toga da nam se ne\u0161to lo\u0161e dogodi mo\u017ee utjecati na to da se osje\u0107amo lo\u0161e. Izvanredan primjer za to je 30% ljudi koji su bili uklju\u010deni u skupinu za ispitivanje cjepiva Pfizer. Prijavili su glavobolju i umor unato\u010d tomu \u0161to nisu primili cjepivo, rekao je.<\/p>\n\n\n\n<p>Govorio je i o vlastitom iskustvu s Covidom i kako je ono utjecalo na njegove stavove.<\/p>\n\n\n\n<p>\u2013 Trudim se isklju\u010diti vlastito iskustvo kada razmi\u0161ljam o pitanjima javnog zdravstva. Ja bih se vjerojatno ubrojio u pacijente s dugim Covidom jer mi se \u0161est mjeseci od obolijevanja jo\u0161 nije u potpunosti vratilo osjetilo mirisa i okusa. \u017delim ovo naglasiti: ako imate ozbiljnu infekciju, ne o\u010dekujte nu\u017eno da \u0107ete se vratiti u kondiciju za tri mjeseca.<\/p>\n\n\n\n<p>U opisu njegova Twitter profila stoji da je \u201cmilitantni korona centrist\u201d.<\/p>\n\n\n\n<p>\u2013 Pandemija od samog po\u010detka ima polariziraju\u0107i efekt. Jedni ljudi su mislili da je treba prigrliti stoi\u010dki bez uplitanja, a drugi su mislili da se treba boriti da iskorijenimo virus u potpunosti. Te dvije skupine se bore ve\u0107 16 mjeseci i prili\u010dno je toksi\u010dno. Obje skupine su prili\u010dno ekstremne i nerealne. Uvijek sam mislio da bi vrlo pa\u017eljivo uvedene mjere mogle pandemiju dr\u017eati pod kontrolom dok ne stigne cjepivo. Tome su se pribli\u017eile samo neke zemlje, poput Singapura, Norve\u0161ke i Danske, izjavio je.<\/p>\n\n\n\n<p>Govorio je i o tome kako se promijenio status znanstvenika tijekom pandemije.<\/p>\n\n\n\n<p>\u2013 Prije pandemije, znanstvenike su rijetko ikada pitali za bilo \u0161to, ili su nas slu\u0161ali na pristojan i pomalo dosadan na\u010din. Sada se ljudi hvataju za rije\u010di znanstvenika, \u0161to mo\u017ee kod njih ote\u017eati promjenu mi\u0161ljenja. Mali je broj znanstvenika koji je promijenio stavove o covidu, a i kada se to dogodi, nisu dobro prihva\u0107eni. \u0160to se ti\u010de znanstvenika koji se pojavljuju u medijima, masa njihovih adoranata o\u010dekuje od njih da to ne \u010dine.<\/p>\n\n\n\n<p>Komentirao je predvi\u0111anja epidemiologa&nbsp;<strong>Neila Fergusona<\/strong>&nbsp;da bi Britanija nakon ubla\u017eavanja restrikcija 19. srpnja mogla imati 100.000 slu\u010dajeva dnevno, \u0161to je kasnije sam opovrgnuo, priznav\u0161i da je pretjerao nakon \u0161to je vidio da se brojevi zara\u017eenih zapravo smanjuju.<\/p>\n\n\n\n<p>\u2013 Poznajem Neila, bio mi je \u0161ef pet godina. Njegova su predvi\u0111anja bila prili\u010dno pesimisti\u010dna, ali on je sklon pesimizmu, a to nije kritika. Ako ste na poziciji autoriteta koji savjetuje vladu, doista \u017eelite grije\u0161iti s mjerom opreza.<\/p>\n\n\n\n<p>Objasnio je izraz \u201cznanstveni populizam\u201d.<\/p>\n\n\n\n<p>\u2013 Kako je pandemija napredovala, raspolo\u017eenje javnosti je postajalo mra\u010dnije i ispunjavalo se strahom i to je stvorilo tr\u017ei\u0161te za sumornu budu\u0107nost. To je lo\u0161e u jednakoj mjeri kao i u\u010dinci superoptimizma na po\u010detku \u2013 \u201costanite kod ku\u0107e dva tjedna, to je blaga bolest, nosite masku i sve \u0107e biti gotovo\u201d. Tako sam nekako ja zauzeo tr\u017ei\u0161te centristi\u010dkog stava oko korone, da ne bih bio sustavno optimisti\u010dan ili pesimisti\u010dan i da jasno dam do znanja da postoje velike neizvjesnosti.<\/p>\n\n\n\n<p>Na kraju je zamoljen da komentira vlastitu procjenu da \u0107e pandemija zavr\u0161iti do sredine ili krajem 2021. godine.<\/p>\n\n\n\n<p>\u2013 Rekao bih da je pandemija gotova kada covid-19 vi\u0161e ne bude uzrokovao zna\u010dajno ve\u0107u smrtnost od ostalih respiratornih virusa u cirkulaciji. To \u0107e se prvo dogoditi na mjestima poput Velike Britanije koja je imala privilegiju s nabavkom cjepiva i visoku procijepljenost. O\u010dekujem kraj pandemije najkasnije po\u010detkom idu\u0107e godine, rekao je.<\/p>\n\n\n\n<p><em>Izvor: narod.hr\/jutarnji.hr<\/em><\/p>\n","protected":false},"excerpt":{"rendered":"<p>Na kraju je zamoljen da komentira vlastitu procjenu da \u0107e pandemija zavr\u0161iti do sredine ili krajem 2021. godine. \u2013 Rekao bih da je pandemija gotova kada covid-19 vi\u0161e ne bude uzrokovao zna\u010dajno ve\u0107u smrtnost od ostalih respiratornih virusa u cirkulaciji. To \u0107e se prvo dogoditi na mjestima poput Velike Britanije koja je imala privilegiju s [&hellip;]<\/p>\n","protected":false},"author":2,"featured_media":56232,"comment_status":"closed","ping_status":"closed","sticky":false,"template":"","format":"standard","meta":{"h5ap_radio_sources":[],"footnotes":""},"categories":[1],"tags":[],"class_list":["post-56231","post","type-post","status-publish","format-standard","has-post-thumbnail","hentry","category-bihiregija"],"yoast_head":"<!-- This site is optimized with the Yoast SEO plugin v27.5 - https:\/\/yoast.com\/product\/yoast-seo-wordpress\/ -->\n<title>Prof. Francois Balloux: \u2018Ja sam korona centrist i o\u010dekujem uskoro kraj pandemije\u2019 - RADIO LJUBU\u0160KI<\/title>\n<meta name=\"robots\" content=\"index, follow, max-snippet:-1, max-image-preview:large, max-video-preview:-1\" \/>\n<link rel=\"canonical\" href=\"https:\/\/radioljubuski.ba\/index.php\/2021\/08\/22\/prof-francois-balloux-ja-sam-korona-centrist-i-ocekujem-uskoro-kraj-pandemije\/\" \/>\n<meta property=\"og:locale\" content=\"hr_HR\" \/>\n<meta property=\"og:type\" content=\"article\" \/>\n<meta property=\"og:title\" content=\"Prof. Francois Balloux: \u2018Ja sam korona centrist i o\u010dekujem uskoro kraj pandemije\u2019 - RADIO LJUBU\u0160KI\" \/>\n<meta property=\"og:description\" content=\"Na kraju je zamoljen da komentira vlastitu procjenu da \u0107e pandemija zavr\u0161iti do sredine ili krajem 2021. godine. \u2013 Rekao bih da je pandemija gotova kada covid-19 vi\u0161e ne bude uzrokovao zna\u010dajno ve\u0107u smrtnost od ostalih respiratornih virusa u cirkulaciji. To \u0107e se prvo dogoditi na mjestima poput Velike Britanije koja je imala privilegiju s [&hellip;]\" \/>\n<meta property=\"og:url\" content=\"https:\/\/radioljubuski.ba\/index.php\/2021\/08\/22\/prof-francois-balloux-ja-sam-korona-centrist-i-ocekujem-uskoro-kraj-pandemije\/\" \/>\n<meta property=\"og:site_name\" content=\"RADIO LJUBU\u0160KI\" \/>\n<meta property=\"article:publisher\" content=\"https:\/\/www.facebook.com\/Radiio-Ljubuski-1490835324566332\" \/>\n<meta property=\"article:published_time\" content=\"2021-08-22T13:56:58+00:00\" \/>\n<meta property=\"article:modified_time\" content=\"2021-08-22T13:57:00+00:00\" \/>\n<meta property=\"og:image\" content=\"https:\/\/radioljubuski.ba\/wp-content\/uploads\/2021\/08\/francois-balloux-696x401-1.jpg\" \/>\n\t<meta property=\"og:image:width\" content=\"696\" \/>\n\t<meta property=\"og:image:height\" content=\"401\" \/>\n\t<meta property=\"og:image:type\" content=\"image\/jpeg\" \/>\n<meta name=\"author\" content=\"Radio Ljubu\u0161ki\" \/>\n<meta name=\"twitter:card\" content=\"summary_large_image\" \/>\n<meta name=\"twitter:creator\" content=\"@radioljubuski\" \/>\n<meta name=\"twitter:site\" content=\"@radioljubuski\" \/>\n<meta name=\"twitter:label1\" content=\"Napisao\/la\" \/>\n\t<meta name=\"twitter:data1\" content=\"Radio Ljubu\u0161ki\" \/>\n\t<meta name=\"twitter:label2\" content=\"Procijenjeno vrijeme \u010ditanja\" \/>\n\t<meta name=\"twitter:data2\" content=\"6 minuta\" \/>\n<script type=\"application\/ld+json\" class=\"yoast-schema-graph\">{\"@context\":\"https:\\\/\\\/schema.org\",\"@graph\":[{\"@type\":\"Article\",\"@id\":\"https:\\\/\\\/radioljubuski.ba\\\/index.php\\\/2021\\\/08\\\/22\\\/prof-francois-balloux-ja-sam-korona-centrist-i-ocekujem-uskoro-kraj-pandemije\\\/#article\",\"isPartOf\":{\"@id\":\"https:\\\/\\\/radioljubuski.ba\\\/index.php\\\/2021\\\/08\\\/22\\\/prof-francois-balloux-ja-sam-korona-centrist-i-ocekujem-uskoro-kraj-pandemije\\\/\"},\"author\":{\"name\":\"Radio Ljubu\u0161ki\",\"@id\":\"https:\\\/\\\/radioljubuski.ba\\\/#\\\/schema\\\/person\\\/19fc700381a780f69665d7956c469e3b\"},\"headline\":\"Prof. Francois Balloux: \u2018Ja sam korona centrist i o\u010dekujem uskoro kraj pandemije\u2019\",\"datePublished\":\"2021-08-22T13:56:58+00:00\",\"dateModified\":\"2021-08-22T13:57:00+00:00\",\"mainEntityOfPage\":{\"@id\":\"https:\\\/\\\/radioljubuski.ba\\\/index.php\\\/2021\\\/08\\\/22\\\/prof-francois-balloux-ja-sam-korona-centrist-i-ocekujem-uskoro-kraj-pandemije\\\/\"},\"wordCount\":1498,\"publisher\":{\"@id\":\"https:\\\/\\\/radioljubuski.ba\\\/#organization\"},\"image\":{\"@id\":\"https:\\\/\\\/radioljubuski.ba\\\/index.php\\\/2021\\\/08\\\/22\\\/prof-francois-balloux-ja-sam-korona-centrist-i-ocekujem-uskoro-kraj-pandemije\\\/#primaryimage\"},\"thumbnailUrl\":\"https:\\\/\\\/radioljubuski.ba\\\/wp-content\\\/uploads\\\/2021\\\/08\\\/francois-balloux-696x401-1.jpg\",\"articleSection\":[\"BIH i regija\"],\"inLanguage\":\"hr\"},{\"@type\":\"WebPage\",\"@id\":\"https:\\\/\\\/radioljubuski.ba\\\/index.php\\\/2021\\\/08\\\/22\\\/prof-francois-balloux-ja-sam-korona-centrist-i-ocekujem-uskoro-kraj-pandemije\\\/\",\"url\":\"https:\\\/\\\/radioljubuski.ba\\\/index.php\\\/2021\\\/08\\\/22\\\/prof-francois-balloux-ja-sam-korona-centrist-i-ocekujem-uskoro-kraj-pandemije\\\/\",\"name\":\"Prof. Francois Balloux: \u2018Ja sam korona centrist i o\u010dekujem uskoro kraj pandemije\u2019 - RADIO LJUBU\u0160KI\",\"isPartOf\":{\"@id\":\"https:\\\/\\\/radioljubuski.ba\\\/#website\"},\"primaryImageOfPage\":{\"@id\":\"https:\\\/\\\/radioljubuski.ba\\\/index.php\\\/2021\\\/08\\\/22\\\/prof-francois-balloux-ja-sam-korona-centrist-i-ocekujem-uskoro-kraj-pandemije\\\/#primaryimage\"},\"image\":{\"@id\":\"https:\\\/\\\/radioljubuski.ba\\\/index.php\\\/2021\\\/08\\\/22\\\/prof-francois-balloux-ja-sam-korona-centrist-i-ocekujem-uskoro-kraj-pandemije\\\/#primaryimage\"},\"thumbnailUrl\":\"https:\\\/\\\/radioljubuski.ba\\\/wp-content\\\/uploads\\\/2021\\\/08\\\/francois-balloux-696x401-1.jpg\",\"datePublished\":\"2021-08-22T13:56:58+00:00\",\"dateModified\":\"2021-08-22T13:57:00+00:00\",\"breadcrumb\":{\"@id\":\"https:\\\/\\\/radioljubuski.ba\\\/index.php\\\/2021\\\/08\\\/22\\\/prof-francois-balloux-ja-sam-korona-centrist-i-ocekujem-uskoro-kraj-pandemije\\\/#breadcrumb\"},\"inLanguage\":\"hr\",\"potentialAction\":[{\"@type\":\"ReadAction\",\"target\":[\"https:\\\/\\\/radioljubuski.ba\\\/index.php\\\/2021\\\/08\\\/22\\\/prof-francois-balloux-ja-sam-korona-centrist-i-ocekujem-uskoro-kraj-pandemije\\\/\"]}]},{\"@type\":\"ImageObject\",\"inLanguage\":\"hr\",\"@id\":\"https:\\\/\\\/radioljubuski.ba\\\/index.php\\\/2021\\\/08\\\/22\\\/prof-francois-balloux-ja-sam-korona-centrist-i-ocekujem-uskoro-kraj-pandemije\\\/#primaryimage\",\"url\":\"https:\\\/\\\/radioljubuski.ba\\\/wp-content\\\/uploads\\\/2021\\\/08\\\/francois-balloux-696x401-1.jpg\",\"contentUrl\":\"https:\\\/\\\/radioljubuski.ba\\\/wp-content\\\/uploads\\\/2021\\\/08\\\/francois-balloux-696x401-1.jpg\",\"width\":696,\"height\":401},{\"@type\":\"BreadcrumbList\",\"@id\":\"https:\\\/\\\/radioljubuski.ba\\\/index.php\\\/2021\\\/08\\\/22\\\/prof-francois-balloux-ja-sam-korona-centrist-i-ocekujem-uskoro-kraj-pandemije\\\/#breadcrumb\",\"itemListElement\":[{\"@type\":\"ListItem\",\"position\":1,\"name\":\"Po\u010detna stranica\",\"item\":\"https:\\\/\\\/radioljubuski.ba\\\/\"},{\"@type\":\"ListItem\",\"position\":2,\"name\":\"Prof. Francois Balloux: \u2018Ja sam korona centrist i o\u010dekujem uskoro kraj pandemije\u2019\"}]},{\"@type\":\"WebSite\",\"@id\":\"https:\\\/\\\/radioljubuski.ba\\\/#website\",\"url\":\"https:\\\/\\\/radioljubuski.ba\\\/\",\"name\":\"Radio Ljubu\u0161ki\",\"description\":\"Sun\u010dana frekvencija Hercegovine\",\"publisher\":{\"@id\":\"https:\\\/\\\/radioljubuski.ba\\\/#organization\"},\"potentialAction\":[{\"@type\":\"SearchAction\",\"target\":{\"@type\":\"EntryPoint\",\"urlTemplate\":\"https:\\\/\\\/radioljubuski.ba\\\/?s={search_term_string}\"},\"query-input\":{\"@type\":\"PropertyValueSpecification\",\"valueRequired\":true,\"valueName\":\"search_term_string\"}}],\"inLanguage\":\"hr\"},{\"@type\":\"Organization\",\"@id\":\"https:\\\/\\\/radioljubuski.ba\\\/#organization\",\"name\":\"Radio Ljubu\u0161ki\",\"url\":\"https:\\\/\\\/radioljubuski.ba\\\/\",\"logo\":{\"@type\":\"ImageObject\",\"inLanguage\":\"hr\",\"@id\":\"https:\\\/\\\/radioljubuski.ba\\\/#\\\/schema\\\/logo\\\/image\\\/\",\"url\":\"https:\\\/\\\/radioljubuski.ba\\\/wp-content\\\/uploads\\\/2021\\\/02\\\/cropped-Radio_Ljubuski_logo1.jpg\",\"contentUrl\":\"https:\\\/\\\/radioljubuski.ba\\\/wp-content\\\/uploads\\\/2021\\\/02\\\/cropped-Radio_Ljubuski_logo1.jpg\",\"width\":512,\"height\":512,\"caption\":\"Radio Ljubu\u0161ki\"},\"image\":{\"@id\":\"https:\\\/\\\/radioljubuski.ba\\\/#\\\/schema\\\/logo\\\/image\\\/\"},\"sameAs\":[\"https:\\\/\\\/www.facebook.com\\\/Radiio-Ljubuski-1490835324566332\",\"https:\\\/\\\/x.com\\\/radioljubuski\",\"https:\\\/\\\/hr.linkedin.com\\\/company\\\/radio-ljubuski\",\"https:\\\/\\\/www.youtube.com\\\/channel\\\/UCHYaeO_n0Db3tjNGudGpXyw\"]},{\"@type\":\"Person\",\"@id\":\"https:\\\/\\\/radioljubuski.ba\\\/#\\\/schema\\\/person\\\/19fc700381a780f69665d7956c469e3b\",\"name\":\"Radio Ljubu\u0161ki\"}]}<\/script>\n<!-- \/ Yoast SEO plugin. -->","yoast_head_json":{"title":"Prof. Francois Balloux: \u2018Ja sam korona centrist i o\u010dekujem uskoro kraj pandemije\u2019 - RADIO LJUBU\u0160KI","robots":{"index":"index","follow":"follow","max-snippet":"max-snippet:-1","max-image-preview":"max-image-preview:large","max-video-preview":"max-video-preview:-1"},"canonical":"https:\/\/radioljubuski.ba\/index.php\/2021\/08\/22\/prof-francois-balloux-ja-sam-korona-centrist-i-ocekujem-uskoro-kraj-pandemije\/","og_locale":"hr_HR","og_type":"article","og_title":"Prof. Francois Balloux: \u2018Ja sam korona centrist i o\u010dekujem uskoro kraj pandemije\u2019 - RADIO LJUBU\u0160KI","og_description":"Na kraju je zamoljen da komentira vlastitu procjenu da \u0107e pandemija zavr\u0161iti do sredine ili krajem 2021. godine. \u2013 Rekao bih da je pandemija gotova kada covid-19 vi\u0161e ne bude uzrokovao zna\u010dajno ve\u0107u smrtnost od ostalih respiratornih virusa u cirkulaciji. To \u0107e se prvo dogoditi na mjestima poput Velike Britanije koja je imala privilegiju s [&hellip;]","og_url":"https:\/\/radioljubuski.ba\/index.php\/2021\/08\/22\/prof-francois-balloux-ja-sam-korona-centrist-i-ocekujem-uskoro-kraj-pandemije\/","og_site_name":"RADIO LJUBU\u0160KI","article_publisher":"https:\/\/www.facebook.com\/Radiio-Ljubuski-1490835324566332","article_published_time":"2021-08-22T13:56:58+00:00","article_modified_time":"2021-08-22T13:57:00+00:00","og_image":[{"width":696,"height":401,"url":"https:\/\/radioljubuski.ba\/wp-content\/uploads\/2021\/08\/francois-balloux-696x401-1.jpg","type":"image\/jpeg"}],"author":"Radio Ljubu\u0161ki","twitter_card":"summary_large_image","twitter_creator":"@radioljubuski","twitter_site":"@radioljubuski","twitter_misc":{"Napisao\/la":"Radio Ljubu\u0161ki","Procijenjeno vrijeme \u010ditanja":"6 minuta"},"schema":{"@context":"https:\/\/schema.org","@graph":[{"@type":"Article","@id":"https:\/\/radioljubuski.ba\/index.php\/2021\/08\/22\/prof-francois-balloux-ja-sam-korona-centrist-i-ocekujem-uskoro-kraj-pandemije\/#article","isPartOf":{"@id":"https:\/\/radioljubuski.ba\/index.php\/2021\/08\/22\/prof-francois-balloux-ja-sam-korona-centrist-i-ocekujem-uskoro-kraj-pandemije\/"},"author":{"name":"Radio Ljubu\u0161ki","@id":"https:\/\/radioljubuski.ba\/#\/schema\/person\/19fc700381a780f69665d7956c469e3b"},"headline":"Prof. Francois Balloux: \u2018Ja sam korona centrist i o\u010dekujem uskoro kraj pandemije\u2019","datePublished":"2021-08-22T13:56:58+00:00","dateModified":"2021-08-22T13:57:00+00:00","mainEntityOfPage":{"@id":"https:\/\/radioljubuski.ba\/index.php\/2021\/08\/22\/prof-francois-balloux-ja-sam-korona-centrist-i-ocekujem-uskoro-kraj-pandemije\/"},"wordCount":1498,"publisher":{"@id":"https:\/\/radioljubuski.ba\/#organization"},"image":{"@id":"https:\/\/radioljubuski.ba\/index.php\/2021\/08\/22\/prof-francois-balloux-ja-sam-korona-centrist-i-ocekujem-uskoro-kraj-pandemije\/#primaryimage"},"thumbnailUrl":"https:\/\/radioljubuski.ba\/wp-content\/uploads\/2021\/08\/francois-balloux-696x401-1.jpg","articleSection":["BIH i regija"],"inLanguage":"hr"},{"@type":"WebPage","@id":"https:\/\/radioljubuski.ba\/index.php\/2021\/08\/22\/prof-francois-balloux-ja-sam-korona-centrist-i-ocekujem-uskoro-kraj-pandemije\/","url":"https:\/\/radioljubuski.ba\/index.php\/2021\/08\/22\/prof-francois-balloux-ja-sam-korona-centrist-i-ocekujem-uskoro-kraj-pandemije\/","name":"Prof. Francois Balloux: \u2018Ja sam korona centrist i o\u010dekujem uskoro kraj pandemije\u2019 - RADIO LJUBU\u0160KI","isPartOf":{"@id":"https:\/\/radioljubuski.ba\/#website"},"primaryImageOfPage":{"@id":"https:\/\/radioljubuski.ba\/index.php\/2021\/08\/22\/prof-francois-balloux-ja-sam-korona-centrist-i-ocekujem-uskoro-kraj-pandemije\/#primaryimage"},"image":{"@id":"https:\/\/radioljubuski.ba\/index.php\/2021\/08\/22\/prof-francois-balloux-ja-sam-korona-centrist-i-ocekujem-uskoro-kraj-pandemije\/#primaryimage"},"thumbnailUrl":"https:\/\/radioljubuski.ba\/wp-content\/uploads\/2021\/08\/francois-balloux-696x401-1.jpg","datePublished":"2021-08-22T13:56:58+00:00","dateModified":"2021-08-22T13:57:00+00:00","breadcrumb":{"@id":"https:\/\/radioljubuski.ba\/index.php\/2021\/08\/22\/prof-francois-balloux-ja-sam-korona-centrist-i-ocekujem-uskoro-kraj-pandemije\/#breadcrumb"},"inLanguage":"hr","potentialAction":[{"@type":"ReadAction","target":["https:\/\/radioljubuski.ba\/index.php\/2021\/08\/22\/prof-francois-balloux-ja-sam-korona-centrist-i-ocekujem-uskoro-kraj-pandemije\/"]}]},{"@type":"ImageObject","inLanguage":"hr","@id":"https:\/\/radioljubuski.ba\/index.php\/2021\/08\/22\/prof-francois-balloux-ja-sam-korona-centrist-i-ocekujem-uskoro-kraj-pandemije\/#primaryimage","url":"https:\/\/radioljubuski.ba\/wp-content\/uploads\/2021\/08\/francois-balloux-696x401-1.jpg","contentUrl":"https:\/\/radioljubuski.ba\/wp-content\/uploads\/2021\/08\/francois-balloux-696x401-1.jpg","width":696,"height":401},{"@type":"BreadcrumbList","@id":"https:\/\/radioljubuski.ba\/index.php\/2021\/08\/22\/prof-francois-balloux-ja-sam-korona-centrist-i-ocekujem-uskoro-kraj-pandemije\/#breadcrumb","itemListElement":[{"@type":"ListItem","position":1,"name":"Po\u010detna stranica","item":"https:\/\/radioljubuski.ba\/"},{"@type":"ListItem","position":2,"name":"Prof. Francois Balloux: \u2018Ja sam korona centrist i o\u010dekujem uskoro kraj pandemije\u2019"}]},{"@type":"WebSite","@id":"https:\/\/radioljubuski.ba\/#website","url":"https:\/\/radioljubuski.ba\/","name":"Radio Ljubu\u0161ki","description":"Sun\u010dana frekvencija Hercegovine","publisher":{"@id":"https:\/\/radioljubuski.ba\/#organization"},"potentialAction":[{"@type":"SearchAction","target":{"@type":"EntryPoint","urlTemplate":"https:\/\/radioljubuski.ba\/?s={search_term_string}"},"query-input":{"@type":"PropertyValueSpecification","valueRequired":true,"valueName":"search_term_string"}}],"inLanguage":"hr"},{"@type":"Organization","@id":"https:\/\/radioljubuski.ba\/#organization","name":"Radio Ljubu\u0161ki","url":"https:\/\/radioljubuski.ba\/","logo":{"@type":"ImageObject","inLanguage":"hr","@id":"https:\/\/radioljubuski.ba\/#\/schema\/logo\/image\/","url":"https:\/\/radioljubuski.ba\/wp-content\/uploads\/2021\/02\/cropped-Radio_Ljubuski_logo1.jpg","contentUrl":"https:\/\/radioljubuski.ba\/wp-content\/uploads\/2021\/02\/cropped-Radio_Ljubuski_logo1.jpg","width":512,"height":512,"caption":"Radio Ljubu\u0161ki"},"image":{"@id":"https:\/\/radioljubuski.ba\/#\/schema\/logo\/image\/"},"sameAs":["https:\/\/www.facebook.com\/Radiio-Ljubuski-1490835324566332","https:\/\/x.com\/radioljubuski","https:\/\/hr.linkedin.com\/company\/radio-ljubuski","https:\/\/www.youtube.com\/channel\/UCHYaeO_n0Db3tjNGudGpXyw"]},{"@type":"Person","@id":"https:\/\/radioljubuski.ba\/#\/schema\/person\/19fc700381a780f69665d7956c469e3b","name":"Radio Ljubu\u0161ki"}]}},"_links":{"self":[{"href":"https:\/\/radioljubuski.ba\/index.php\/wp-json\/wp\/v2\/posts\/56231","targetHints":{"allow":["GET"]}}],"collection":[{"href":"https:\/\/radioljubuski.ba\/index.php\/wp-json\/wp\/v2\/posts"}],"about":[{"href":"https:\/\/radioljubuski.ba\/index.php\/wp-json\/wp\/v2\/types\/post"}],"author":[{"embeddable":true,"href":"https:\/\/radioljubuski.ba\/index.php\/wp-json\/wp\/v2\/users\/2"}],"replies":[{"embeddable":true,"href":"https:\/\/radioljubuski.ba\/index.php\/wp-json\/wp\/v2\/comments?post=56231"}],"version-history":[{"count":1,"href":"https:\/\/radioljubuski.ba\/index.php\/wp-json\/wp\/v2\/posts\/56231\/revisions"}],"predecessor-version":[{"id":56233,"href":"https:\/\/radioljubuski.ba\/index.php\/wp-json\/wp\/v2\/posts\/56231\/revisions\/56233"}],"wp:featuredmedia":[{"embeddable":true,"href":"https:\/\/radioljubuski.ba\/index.php\/wp-json\/wp\/v2\/media\/56232"}],"wp:attachment":[{"href":"https:\/\/radioljubuski.ba\/index.php\/wp-json\/wp\/v2\/media?parent=56231"}],"wp:term":[{"taxonomy":"category","embeddable":true,"href":"https:\/\/radioljubuski.ba\/index.php\/wp-json\/wp\/v2\/categories?post=56231"},{"taxonomy":"post_tag","embeddable":true,"href":"https:\/\/radioljubuski.ba\/index.php\/wp-json\/wp\/v2\/tags?post=56231"}],"curies":[{"name":"wp","href":"https:\/\/api.w.org\/{rel}","templated":true}]}}