{"id":56237,"date":"2021-08-22T14:59:26","date_gmt":"2021-08-22T13:59:26","guid":{"rendered":"https:\/\/radioljubuski.ba\/?p=56237"},"modified":"2021-08-22T14:59:27","modified_gmt":"2021-08-22T13:59:27","slug":"papa-franjo-nemojmo-se-cuditi-ako-smo-u-krizi-zabrinimo-se-ako-nije-tako","status":"publish","type":"post","link":"https:\/\/radioljubuski.ba\/index.php\/2021\/08\/22\/papa-franjo-nemojmo-se-cuditi-ako-smo-u-krizi-zabrinimo-se-ako-nije-tako\/","title":{"rendered":"Papa Franjo: \u2018Nemojmo se \u010duditi ako smo u krizi. Zabrinimo se ako nije tako\u2019"},"content":{"rendered":"\n<p><strong>\u201cNemojmo se \u010duditi ako nas Krist stavlja u krizu. Naprotiv, zabrinimo se ako nije tako\u201d, rekao je papa Franjo tijekom podnevnog Angelusa (molitve An\u0111eo Gospodnji) i tradicionalno vjernicima uputio prigodnu poruku.<\/strong><\/p>\n\n\n\n<p>Njegov govor prenosimo u cijelosti.<\/p>\n\n\n\n<p>\u201cEvan\u0111elje dana\u0161nje liturgije nam pokazuje odnos mno\u0161tva i u\u010denika nakon Isusova umna\u017eanja kruhova. Isus poziva da taj \u010din bude u svrhu vjere u Njega, u istinski kruh koji je s neba si\u0161ao, kruh \u017eivota; objavio je kako je kruh koji \u0107e nam On dati njegovo Tijelo i njegova Krv. Te rije\u010di se \u010dine nerazumljivima i nejasnima ljudima, do te mjere da mnogi ljudi odlaze od njega, prestaju slijediti U\u010ditelja. Zbog toga Isus pita dvanaestoricu: \u201eDa mo\u017eda i vi ne kanite oti\u0107i?\u201c, a Petar, u ime sviju, potvr\u0111uje odluku da \u017eele ostati s Njime: \u201eGospodine, kome da idemo? Ti ima\u0161 rije\u010di \u017eivota vje\u010dnoga. I mi vjerujemo i znamo, ti si svetac Bo\u017eji.\u201c<\/p>\n\n\n\n<p>Zaustavimo se nakratko na stavu ljudi koji prestaju slijediti Isusa. Odakle proizlazi njihova nevjera? Za\u0161to odbijaju Isusa?<\/p>\n\n\n\n<p>Isusove rije\u010di izazivaju sablazan: On ka\u017ee da se Bog izabrao objaviti i spasiti svijet preko ljudskog tijela. Upravo je Bo\u017eje utjelovljenje ono \u0161to u mno\u0161tvu izaziva sablazan, i nama samima ista stvar \u010desto predstavlja odre\u0111enu prepreku. Isus objavljuje kako je on istinsku kruh spasenja, koji donosi \u017divot Vje\u010dni, samo Njegovo Tijelo. Objavljuje kako je, kako bismo bili u zajedni\u0161tvu s Bogom, vi\u0161e od obdr\u017eavanja zakona i vjerskih propisa, va\u017eno biti u konkretnom i stvarnom zajedni\u0161tvu s Njime.<\/p>\n\n\n\n<p>To zna\u010di da Boga ne moramo promatrati u Njegovoj veli\u010dini i mo\u0107i, ve\u0107 ga je potrebno prepoznati u Isusovoj \u010dovje\u010dnosti, osnovno, u bra\u0107i i sestrama koje svakodnevno susre\u0107emo na na\u0161emu putu. Bog se utjelovio: ponizio se do te mjere da je postao \u010dovjekom kao \u0161to smo mi, ponizio se do te mjere da je na sebe uzeo na\u0161e patnje i na\u0161e grijehe. On \u017eeli da ga tra\u017eimo, no ne van na\u0161e povijesti i van na\u0161eg \u017eivota, ve\u0107 u odnosu s Kristom i bra\u0107om.<\/p>\n\n\n\n<p>I danas Bo\u017eja objava \u010dovje\u010danstvu mo\u017ee izazivati sablazan i neprihva\u0107anje. To je ono \u0161to sveti Pavao naziva ludo\u0161\u0107u evan\u0111elja za ljude koji tra\u017ee \u010duda i mudrost svijeta. Ta sablazan je danas vidljiva preko sakramenta euharistije: kakvog smisla ima, u o\u010dima svijeta, kle\u010dati pred komadi\u0107em kruha? Za\u0161to se hraniti tim kruhom?<\/p>\n\n\n\n<p>Nakon \u0161to je Isus umno\u017eio pet kruhova i dvije ribe, \u010dime je nahranio mno\u0161tvo, svi su mu se divili te su ga \u017eeljeli zakraljiti. No, nakon \u0161to Isus obja\u0161njava kako je taj \u010din gesta i znak \u017ertve, darivanja \u017eivota, darivanja njegova tijela i Njegove krvi, te kako je, ako ga \u017eelimo slijediti potrebno biti sli\u010dan Njemu, tada se isti Krist vi\u0161e ne svi\u0111a mno\u0161tvu. Draga bra\u0107o, nemojmo se \u010duditi ako nas Krist stavlja u krizu.<\/p>\n\n\n\n<p>Naprotiv, zabrinimo se ako nije tako, jer smo mo\u017eda ubla\u017eili Njegovu poruku. Molimo milost obra\u0107enja pred Kristovim rije\u010dima \u017eivota. Djevica Marija, koja je u svojemu tijelu nosila Tijelo Kristovo, i koja je bila ujedinjena s Njime u Njegovoj \u017ertvi, neka nam pomogne kako bismo mogli svjedo\u010diti vjeru u na\u0161em svakida\u0161njem \u017eivotu\u201d, rekao je papa.<\/p>\n\n\n\n<p><em>Izvor: narod.hr<\/em><\/p>\n","protected":false},"excerpt":{"rendered":"<p>\u201cNemojmo se \u010duditi ako nas Krist stavlja u krizu. Naprotiv, zabrinimo se ako nije tako\u201d, rekao je papa Franjo tijekom podnevnog Angelusa (molitve An\u0111eo Gospodnji) i tradicionalno vjernicima uputio prigodnu poruku. Njegov govor prenosimo u cijelosti. \u201cEvan\u0111elje dana\u0161nje liturgije nam pokazuje odnos mno\u0161tva i u\u010denika nakon Isusova umna\u017eanja kruhova. Isus poziva da taj \u010din bude [&hellip;]<\/p>\n","protected":false},"author":2,"featured_media":56238,"comment_status":"closed","ping_status":"closed","sticky":false,"template":"","format":"standard","meta":{"h5ap_radio_sources":[],"footnotes":""},"categories":[1],"tags":[],"class_list":["post-56237","post","type-post","status-publish","format-standard","has-post-thumbnail","hentry","category-bihiregija"],"yoast_head":"<!-- This site is optimized with the Yoast SEO plugin v27.5 - https:\/\/yoast.com\/product\/yoast-seo-wordpress\/ -->\n<title>Papa Franjo: \u2018Nemojmo se \u010duditi ako smo u krizi. Zabrinimo se ako nije tako\u2019 - RADIO LJUBU\u0160KI<\/title>\n<meta name=\"robots\" content=\"index, follow, max-snippet:-1, max-image-preview:large, max-video-preview:-1\" \/>\n<link rel=\"canonical\" href=\"https:\/\/radioljubuski.ba\/index.php\/2021\/08\/22\/papa-franjo-nemojmo-se-cuditi-ako-smo-u-krizi-zabrinimo-se-ako-nije-tako\/\" \/>\n<meta property=\"og:locale\" content=\"hr_HR\" \/>\n<meta property=\"og:type\" content=\"article\" \/>\n<meta property=\"og:title\" content=\"Papa Franjo: \u2018Nemojmo se \u010duditi ako smo u krizi. Zabrinimo se ako nije tako\u2019 - RADIO LJUBU\u0160KI\" \/>\n<meta property=\"og:description\" content=\"\u201cNemojmo se \u010duditi ako nas Krist stavlja u krizu. Naprotiv, zabrinimo se ako nije tako\u201d, rekao je papa Franjo tijekom podnevnog Angelusa (molitve An\u0111eo Gospodnji) i tradicionalno vjernicima uputio prigodnu poruku. Njegov govor prenosimo u cijelosti. \u201cEvan\u0111elje dana\u0161nje liturgije nam pokazuje odnos mno\u0161tva i u\u010denika nakon Isusova umna\u017eanja kruhova. Isus poziva da taj \u010din bude [&hellip;]\" \/>\n<meta property=\"og:url\" content=\"https:\/\/radioljubuski.ba\/index.php\/2021\/08\/22\/papa-franjo-nemojmo-se-cuditi-ako-smo-u-krizi-zabrinimo-se-ako-nije-tako\/\" \/>\n<meta property=\"og:site_name\" content=\"RADIO LJUBU\u0160KI\" \/>\n<meta property=\"article:publisher\" content=\"https:\/\/www.facebook.com\/Radiio-Ljubuski-1490835324566332\" \/>\n<meta property=\"article:published_time\" content=\"2021-08-22T13:59:26+00:00\" \/>\n<meta property=\"article:modified_time\" content=\"2021-08-22T13:59:27+00:00\" \/>\n<meta property=\"og:image\" content=\"https:\/\/radioljubuski.ba\/wp-content\/uploads\/2021\/08\/papa-Franjo-696x392-1.jpg\" \/>\n\t<meta property=\"og:image:width\" content=\"696\" \/>\n\t<meta property=\"og:image:height\" content=\"392\" \/>\n\t<meta property=\"og:image:type\" content=\"image\/jpeg\" \/>\n<meta name=\"author\" content=\"Radio Ljubu\u0161ki\" \/>\n<meta name=\"twitter:card\" content=\"summary_large_image\" \/>\n<meta name=\"twitter:creator\" content=\"@radioljubuski\" \/>\n<meta name=\"twitter:site\" content=\"@radioljubuski\" \/>\n<meta name=\"twitter:label1\" content=\"Napisao\/la\" \/>\n\t<meta name=\"twitter:data1\" content=\"Radio Ljubu\u0161ki\" \/>\n\t<meta name=\"twitter:label2\" content=\"Procijenjeno vrijeme \u010ditanja\" \/>\n\t<meta name=\"twitter:data2\" content=\"3 minute\" \/>\n<script type=\"application\/ld+json\" class=\"yoast-schema-graph\">{\"@context\":\"https:\\\/\\\/schema.org\",\"@graph\":[{\"@type\":\"Article\",\"@id\":\"https:\\\/\\\/radioljubuski.ba\\\/index.php\\\/2021\\\/08\\\/22\\\/papa-franjo-nemojmo-se-cuditi-ako-smo-u-krizi-zabrinimo-se-ako-nije-tako\\\/#article\",\"isPartOf\":{\"@id\":\"https:\\\/\\\/radioljubuski.ba\\\/index.php\\\/2021\\\/08\\\/22\\\/papa-franjo-nemojmo-se-cuditi-ako-smo-u-krizi-zabrinimo-se-ako-nije-tako\\\/\"},\"author\":{\"name\":\"Radio Ljubu\u0161ki\",\"@id\":\"https:\\\/\\\/radioljubuski.ba\\\/#\\\/schema\\\/person\\\/19fc700381a780f69665d7956c469e3b\"},\"headline\":\"Papa Franjo: \u2018Nemojmo se \u010duditi ako smo u krizi. Zabrinimo se ako nije tako\u2019\",\"datePublished\":\"2021-08-22T13:59:26+00:00\",\"dateModified\":\"2021-08-22T13:59:27+00:00\",\"mainEntityOfPage\":{\"@id\":\"https:\\\/\\\/radioljubuski.ba\\\/index.php\\\/2021\\\/08\\\/22\\\/papa-franjo-nemojmo-se-cuditi-ako-smo-u-krizi-zabrinimo-se-ako-nije-tako\\\/\"},\"wordCount\":586,\"publisher\":{\"@id\":\"https:\\\/\\\/radioljubuski.ba\\\/#organization\"},\"image\":{\"@id\":\"https:\\\/\\\/radioljubuski.ba\\\/index.php\\\/2021\\\/08\\\/22\\\/papa-franjo-nemojmo-se-cuditi-ako-smo-u-krizi-zabrinimo-se-ako-nije-tako\\\/#primaryimage\"},\"thumbnailUrl\":\"https:\\\/\\\/radioljubuski.ba\\\/wp-content\\\/uploads\\\/2021\\\/08\\\/papa-Franjo-696x392-1.jpg\",\"articleSection\":[\"BIH i regija\"],\"inLanguage\":\"hr\"},{\"@type\":\"WebPage\",\"@id\":\"https:\\\/\\\/radioljubuski.ba\\\/index.php\\\/2021\\\/08\\\/22\\\/papa-franjo-nemojmo-se-cuditi-ako-smo-u-krizi-zabrinimo-se-ako-nije-tako\\\/\",\"url\":\"https:\\\/\\\/radioljubuski.ba\\\/index.php\\\/2021\\\/08\\\/22\\\/papa-franjo-nemojmo-se-cuditi-ako-smo-u-krizi-zabrinimo-se-ako-nije-tako\\\/\",\"name\":\"Papa Franjo: \u2018Nemojmo se \u010duditi ako smo u krizi. Zabrinimo se ako nije tako\u2019 - RADIO LJUBU\u0160KI\",\"isPartOf\":{\"@id\":\"https:\\\/\\\/radioljubuski.ba\\\/#website\"},\"primaryImageOfPage\":{\"@id\":\"https:\\\/\\\/radioljubuski.ba\\\/index.php\\\/2021\\\/08\\\/22\\\/papa-franjo-nemojmo-se-cuditi-ako-smo-u-krizi-zabrinimo-se-ako-nije-tako\\\/#primaryimage\"},\"image\":{\"@id\":\"https:\\\/\\\/radioljubuski.ba\\\/index.php\\\/2021\\\/08\\\/22\\\/papa-franjo-nemojmo-se-cuditi-ako-smo-u-krizi-zabrinimo-se-ako-nije-tako\\\/#primaryimage\"},\"thumbnailUrl\":\"https:\\\/\\\/radioljubuski.ba\\\/wp-content\\\/uploads\\\/2021\\\/08\\\/papa-Franjo-696x392-1.jpg\",\"datePublished\":\"2021-08-22T13:59:26+00:00\",\"dateModified\":\"2021-08-22T13:59:27+00:00\",\"breadcrumb\":{\"@id\":\"https:\\\/\\\/radioljubuski.ba\\\/index.php\\\/2021\\\/08\\\/22\\\/papa-franjo-nemojmo-se-cuditi-ako-smo-u-krizi-zabrinimo-se-ako-nije-tako\\\/#breadcrumb\"},\"inLanguage\":\"hr\",\"potentialAction\":[{\"@type\":\"ReadAction\",\"target\":[\"https:\\\/\\\/radioljubuski.ba\\\/index.php\\\/2021\\\/08\\\/22\\\/papa-franjo-nemojmo-se-cuditi-ako-smo-u-krizi-zabrinimo-se-ako-nije-tako\\\/\"]}]},{\"@type\":\"ImageObject\",\"inLanguage\":\"hr\",\"@id\":\"https:\\\/\\\/radioljubuski.ba\\\/index.php\\\/2021\\\/08\\\/22\\\/papa-franjo-nemojmo-se-cuditi-ako-smo-u-krizi-zabrinimo-se-ako-nije-tako\\\/#primaryimage\",\"url\":\"https:\\\/\\\/radioljubuski.ba\\\/wp-content\\\/uploads\\\/2021\\\/08\\\/papa-Franjo-696x392-1.jpg\",\"contentUrl\":\"https:\\\/\\\/radioljubuski.ba\\\/wp-content\\\/uploads\\\/2021\\\/08\\\/papa-Franjo-696x392-1.jpg\",\"width\":696,\"height\":392},{\"@type\":\"BreadcrumbList\",\"@id\":\"https:\\\/\\\/radioljubuski.ba\\\/index.php\\\/2021\\\/08\\\/22\\\/papa-franjo-nemojmo-se-cuditi-ako-smo-u-krizi-zabrinimo-se-ako-nije-tako\\\/#breadcrumb\",\"itemListElement\":[{\"@type\":\"ListItem\",\"position\":1,\"name\":\"Po\u010detna stranica\",\"item\":\"https:\\\/\\\/radioljubuski.ba\\\/\"},{\"@type\":\"ListItem\",\"position\":2,\"name\":\"Papa Franjo: \u2018Nemojmo se \u010duditi ako smo u krizi. Zabrinimo se ako nije tako\u2019\"}]},{\"@type\":\"WebSite\",\"@id\":\"https:\\\/\\\/radioljubuski.ba\\\/#website\",\"url\":\"https:\\\/\\\/radioljubuski.ba\\\/\",\"name\":\"Radio Ljubu\u0161ki\",\"description\":\"Sun\u010dana frekvencija Hercegovine\",\"publisher\":{\"@id\":\"https:\\\/\\\/radioljubuski.ba\\\/#organization\"},\"potentialAction\":[{\"@type\":\"SearchAction\",\"target\":{\"@type\":\"EntryPoint\",\"urlTemplate\":\"https:\\\/\\\/radioljubuski.ba\\\/?s={search_term_string}\"},\"query-input\":{\"@type\":\"PropertyValueSpecification\",\"valueRequired\":true,\"valueName\":\"search_term_string\"}}],\"inLanguage\":\"hr\"},{\"@type\":\"Organization\",\"@id\":\"https:\\\/\\\/radioljubuski.ba\\\/#organization\",\"name\":\"Radio Ljubu\u0161ki\",\"url\":\"https:\\\/\\\/radioljubuski.ba\\\/\",\"logo\":{\"@type\":\"ImageObject\",\"inLanguage\":\"hr\",\"@id\":\"https:\\\/\\\/radioljubuski.ba\\\/#\\\/schema\\\/logo\\\/image\\\/\",\"url\":\"https:\\\/\\\/radioljubuski.ba\\\/wp-content\\\/uploads\\\/2021\\\/02\\\/cropped-Radio_Ljubuski_logo1.jpg\",\"contentUrl\":\"https:\\\/\\\/radioljubuski.ba\\\/wp-content\\\/uploads\\\/2021\\\/02\\\/cropped-Radio_Ljubuski_logo1.jpg\",\"width\":512,\"height\":512,\"caption\":\"Radio Ljubu\u0161ki\"},\"image\":{\"@id\":\"https:\\\/\\\/radioljubuski.ba\\\/#\\\/schema\\\/logo\\\/image\\\/\"},\"sameAs\":[\"https:\\\/\\\/www.facebook.com\\\/Radiio-Ljubuski-1490835324566332\",\"https:\\\/\\\/x.com\\\/radioljubuski\",\"https:\\\/\\\/hr.linkedin.com\\\/company\\\/radio-ljubuski\",\"https:\\\/\\\/www.youtube.com\\\/channel\\\/UCHYaeO_n0Db3tjNGudGpXyw\"]},{\"@type\":\"Person\",\"@id\":\"https:\\\/\\\/radioljubuski.ba\\\/#\\\/schema\\\/person\\\/19fc700381a780f69665d7956c469e3b\",\"name\":\"Radio Ljubu\u0161ki\"}]}<\/script>\n<!-- \/ Yoast SEO plugin. -->","yoast_head_json":{"title":"Papa Franjo: \u2018Nemojmo se \u010duditi ako smo u krizi. Zabrinimo se ako nije tako\u2019 - RADIO LJUBU\u0160KI","robots":{"index":"index","follow":"follow","max-snippet":"max-snippet:-1","max-image-preview":"max-image-preview:large","max-video-preview":"max-video-preview:-1"},"canonical":"https:\/\/radioljubuski.ba\/index.php\/2021\/08\/22\/papa-franjo-nemojmo-se-cuditi-ako-smo-u-krizi-zabrinimo-se-ako-nije-tako\/","og_locale":"hr_HR","og_type":"article","og_title":"Papa Franjo: \u2018Nemojmo se \u010duditi ako smo u krizi. Zabrinimo se ako nije tako\u2019 - RADIO LJUBU\u0160KI","og_description":"\u201cNemojmo se \u010duditi ako nas Krist stavlja u krizu. Naprotiv, zabrinimo se ako nije tako\u201d, rekao je papa Franjo tijekom podnevnog Angelusa (molitve An\u0111eo Gospodnji) i tradicionalno vjernicima uputio prigodnu poruku. Njegov govor prenosimo u cijelosti. \u201cEvan\u0111elje dana\u0161nje liturgije nam pokazuje odnos mno\u0161tva i u\u010denika nakon Isusova umna\u017eanja kruhova. Isus poziva da taj \u010din bude [&hellip;]","og_url":"https:\/\/radioljubuski.ba\/index.php\/2021\/08\/22\/papa-franjo-nemojmo-se-cuditi-ako-smo-u-krizi-zabrinimo-se-ako-nije-tako\/","og_site_name":"RADIO LJUBU\u0160KI","article_publisher":"https:\/\/www.facebook.com\/Radiio-Ljubuski-1490835324566332","article_published_time":"2021-08-22T13:59:26+00:00","article_modified_time":"2021-08-22T13:59:27+00:00","og_image":[{"width":696,"height":392,"url":"https:\/\/radioljubuski.ba\/wp-content\/uploads\/2021\/08\/papa-Franjo-696x392-1.jpg","type":"image\/jpeg"}],"author":"Radio Ljubu\u0161ki","twitter_card":"summary_large_image","twitter_creator":"@radioljubuski","twitter_site":"@radioljubuski","twitter_misc":{"Napisao\/la":"Radio Ljubu\u0161ki","Procijenjeno vrijeme \u010ditanja":"3 minute"},"schema":{"@context":"https:\/\/schema.org","@graph":[{"@type":"Article","@id":"https:\/\/radioljubuski.ba\/index.php\/2021\/08\/22\/papa-franjo-nemojmo-se-cuditi-ako-smo-u-krizi-zabrinimo-se-ako-nije-tako\/#article","isPartOf":{"@id":"https:\/\/radioljubuski.ba\/index.php\/2021\/08\/22\/papa-franjo-nemojmo-se-cuditi-ako-smo-u-krizi-zabrinimo-se-ako-nije-tako\/"},"author":{"name":"Radio Ljubu\u0161ki","@id":"https:\/\/radioljubuski.ba\/#\/schema\/person\/19fc700381a780f69665d7956c469e3b"},"headline":"Papa Franjo: \u2018Nemojmo se \u010duditi ako smo u krizi. Zabrinimo se ako nije tako\u2019","datePublished":"2021-08-22T13:59:26+00:00","dateModified":"2021-08-22T13:59:27+00:00","mainEntityOfPage":{"@id":"https:\/\/radioljubuski.ba\/index.php\/2021\/08\/22\/papa-franjo-nemojmo-se-cuditi-ako-smo-u-krizi-zabrinimo-se-ako-nije-tako\/"},"wordCount":586,"publisher":{"@id":"https:\/\/radioljubuski.ba\/#organization"},"image":{"@id":"https:\/\/radioljubuski.ba\/index.php\/2021\/08\/22\/papa-franjo-nemojmo-se-cuditi-ako-smo-u-krizi-zabrinimo-se-ako-nije-tako\/#primaryimage"},"thumbnailUrl":"https:\/\/radioljubuski.ba\/wp-content\/uploads\/2021\/08\/papa-Franjo-696x392-1.jpg","articleSection":["BIH i regija"],"inLanguage":"hr"},{"@type":"WebPage","@id":"https:\/\/radioljubuski.ba\/index.php\/2021\/08\/22\/papa-franjo-nemojmo-se-cuditi-ako-smo-u-krizi-zabrinimo-se-ako-nije-tako\/","url":"https:\/\/radioljubuski.ba\/index.php\/2021\/08\/22\/papa-franjo-nemojmo-se-cuditi-ako-smo-u-krizi-zabrinimo-se-ako-nije-tako\/","name":"Papa Franjo: \u2018Nemojmo se \u010duditi ako smo u krizi. Zabrinimo se ako nije tako\u2019 - RADIO LJUBU\u0160KI","isPartOf":{"@id":"https:\/\/radioljubuski.ba\/#website"},"primaryImageOfPage":{"@id":"https:\/\/radioljubuski.ba\/index.php\/2021\/08\/22\/papa-franjo-nemojmo-se-cuditi-ako-smo-u-krizi-zabrinimo-se-ako-nije-tako\/#primaryimage"},"image":{"@id":"https:\/\/radioljubuski.ba\/index.php\/2021\/08\/22\/papa-franjo-nemojmo-se-cuditi-ako-smo-u-krizi-zabrinimo-se-ako-nije-tako\/#primaryimage"},"thumbnailUrl":"https:\/\/radioljubuski.ba\/wp-content\/uploads\/2021\/08\/papa-Franjo-696x392-1.jpg","datePublished":"2021-08-22T13:59:26+00:00","dateModified":"2021-08-22T13:59:27+00:00","breadcrumb":{"@id":"https:\/\/radioljubuski.ba\/index.php\/2021\/08\/22\/papa-franjo-nemojmo-se-cuditi-ako-smo-u-krizi-zabrinimo-se-ako-nije-tako\/#breadcrumb"},"inLanguage":"hr","potentialAction":[{"@type":"ReadAction","target":["https:\/\/radioljubuski.ba\/index.php\/2021\/08\/22\/papa-franjo-nemojmo-se-cuditi-ako-smo-u-krizi-zabrinimo-se-ako-nije-tako\/"]}]},{"@type":"ImageObject","inLanguage":"hr","@id":"https:\/\/radioljubuski.ba\/index.php\/2021\/08\/22\/papa-franjo-nemojmo-se-cuditi-ako-smo-u-krizi-zabrinimo-se-ako-nije-tako\/#primaryimage","url":"https:\/\/radioljubuski.ba\/wp-content\/uploads\/2021\/08\/papa-Franjo-696x392-1.jpg","contentUrl":"https:\/\/radioljubuski.ba\/wp-content\/uploads\/2021\/08\/papa-Franjo-696x392-1.jpg","width":696,"height":392},{"@type":"BreadcrumbList","@id":"https:\/\/radioljubuski.ba\/index.php\/2021\/08\/22\/papa-franjo-nemojmo-se-cuditi-ako-smo-u-krizi-zabrinimo-se-ako-nije-tako\/#breadcrumb","itemListElement":[{"@type":"ListItem","position":1,"name":"Po\u010detna stranica","item":"https:\/\/radioljubuski.ba\/"},{"@type":"ListItem","position":2,"name":"Papa Franjo: \u2018Nemojmo se \u010duditi ako smo u krizi. Zabrinimo se ako nije tako\u2019"}]},{"@type":"WebSite","@id":"https:\/\/radioljubuski.ba\/#website","url":"https:\/\/radioljubuski.ba\/","name":"Radio Ljubu\u0161ki","description":"Sun\u010dana frekvencija Hercegovine","publisher":{"@id":"https:\/\/radioljubuski.ba\/#organization"},"potentialAction":[{"@type":"SearchAction","target":{"@type":"EntryPoint","urlTemplate":"https:\/\/radioljubuski.ba\/?s={search_term_string}"},"query-input":{"@type":"PropertyValueSpecification","valueRequired":true,"valueName":"search_term_string"}}],"inLanguage":"hr"},{"@type":"Organization","@id":"https:\/\/radioljubuski.ba\/#organization","name":"Radio Ljubu\u0161ki","url":"https:\/\/radioljubuski.ba\/","logo":{"@type":"ImageObject","inLanguage":"hr","@id":"https:\/\/radioljubuski.ba\/#\/schema\/logo\/image\/","url":"https:\/\/radioljubuski.ba\/wp-content\/uploads\/2021\/02\/cropped-Radio_Ljubuski_logo1.jpg","contentUrl":"https:\/\/radioljubuski.ba\/wp-content\/uploads\/2021\/02\/cropped-Radio_Ljubuski_logo1.jpg","width":512,"height":512,"caption":"Radio Ljubu\u0161ki"},"image":{"@id":"https:\/\/radioljubuski.ba\/#\/schema\/logo\/image\/"},"sameAs":["https:\/\/www.facebook.com\/Radiio-Ljubuski-1490835324566332","https:\/\/x.com\/radioljubuski","https:\/\/hr.linkedin.com\/company\/radio-ljubuski","https:\/\/www.youtube.com\/channel\/UCHYaeO_n0Db3tjNGudGpXyw"]},{"@type":"Person","@id":"https:\/\/radioljubuski.ba\/#\/schema\/person\/19fc700381a780f69665d7956c469e3b","name":"Radio Ljubu\u0161ki"}]}},"_links":{"self":[{"href":"https:\/\/radioljubuski.ba\/index.php\/wp-json\/wp\/v2\/posts\/56237","targetHints":{"allow":["GET"]}}],"collection":[{"href":"https:\/\/radioljubuski.ba\/index.php\/wp-json\/wp\/v2\/posts"}],"about":[{"href":"https:\/\/radioljubuski.ba\/index.php\/wp-json\/wp\/v2\/types\/post"}],"author":[{"embeddable":true,"href":"https:\/\/radioljubuski.ba\/index.php\/wp-json\/wp\/v2\/users\/2"}],"replies":[{"embeddable":true,"href":"https:\/\/radioljubuski.ba\/index.php\/wp-json\/wp\/v2\/comments?post=56237"}],"version-history":[{"count":1,"href":"https:\/\/radioljubuski.ba\/index.php\/wp-json\/wp\/v2\/posts\/56237\/revisions"}],"predecessor-version":[{"id":56239,"href":"https:\/\/radioljubuski.ba\/index.php\/wp-json\/wp\/v2\/posts\/56237\/revisions\/56239"}],"wp:featuredmedia":[{"embeddable":true,"href":"https:\/\/radioljubuski.ba\/index.php\/wp-json\/wp\/v2\/media\/56238"}],"wp:attachment":[{"href":"https:\/\/radioljubuski.ba\/index.php\/wp-json\/wp\/v2\/media?parent=56237"}],"wp:term":[{"taxonomy":"category","embeddable":true,"href":"https:\/\/radioljubuski.ba\/index.php\/wp-json\/wp\/v2\/categories?post=56237"},{"taxonomy":"post_tag","embeddable":true,"href":"https:\/\/radioljubuski.ba\/index.php\/wp-json\/wp\/v2\/tags?post=56237"}],"curies":[{"name":"wp","href":"https:\/\/api.w.org\/{rel}","templated":true}]}}