{"id":56282,"date":"2021-08-22T17:32:07","date_gmt":"2021-08-22T16:32:07","guid":{"rendered":"https:\/\/radioljubuski.ba\/?p=56282"},"modified":"2021-08-22T17:32:09","modified_gmt":"2021-08-22T16:32:09","slug":"cijene-u-capljini-krumpir-i-salata-drze-cijenu-smokve-potonule","status":"publish","type":"post","link":"https:\/\/radioljubuski.ba\/index.php\/2021\/08\/22\/cijene-u-capljini-krumpir-i-salata-drze-cijenu-smokve-potonule\/","title":{"rendered":"Cijene u \u010capljini: Krumpir i salata dr\u017ee cijenu, smokve \u201dpotonule\u201d"},"content":{"rendered":"\n<p>Vo\u0107e i povr\u0107e i ove subote na Veletr\u017enici u \u010capljini dr\u017ei visoku cijenu, odnosno bolje re\u0107i neuobi\u010dajenu cijenu za ovo doba godine, pi\u0161e<a href=\"https:\/\/caportal.net\/2021\/08\/21\/cijene-na-veletrznici-krumpir-i-salata-drze-cijenu-smokve-potonule\/?fbclid=IwAR2GZ1z1hBYxNLiQKRoEnXZ_gq2LHbKl85HKr-FsoKIVFv7NJeAS-CyHryw\" target=\"_blank\" rel=\"noreferrer noopener\">&nbsp;Caportal.<\/a><\/p>\n\n\n\n<p>U pore\u0111enju s proteklom subotom, ove subote zabilje\u017eili smo samo nekoliko pojeftinjenja, poput paprika roga koje su pale na 1 KM te patlid\u017eana koji se cijene po 0,40 KM.<\/p>\n\n\n\n<p>Najve\u0107e pojeftinjenje bilje\u017eimo kod smokava koje su sa vi\u0161e od 7 KM pro\u0161le subote pale na 2,40 KM.<\/p>\n\n\n\n<p>Kada su u pitanju poskupljenja zabilje\u017eili smo sljede\u0107e: Tikvica je 1 KM, krastavci 1,50 KM, paprike 1,40 KM, raj\u010dice 1,20 KM, zelena salata je 3 KM, krumpir je 0,60 KM, kupus je 1,30 KM.<\/p>\n\n\n\n<p>Cijene povr\u0107a: Mahune 5 KM, brokule 2,40 KM, bijeli luk 6 KM, crveni luk 1,20 KM, markva 1 KM, cikla 0,90 KM, per\u0161in, celer i \u0161pinat 3 KM, ra\u0161tika 2,60 KM.<\/p>\n\n\n\n<p>Cijene vo\u0107a: Bostan 0,80 KM, borovnice 8 KM, lubenice 0,40 KM, kru\u0161ke 1,50 KM, jabuke 1,50 KM, stolno gro\u0111\u017ee 1,30 KM, bostan 0,80 KM, breskve i nektarine 2,40 KM, \u0161ljive 1,50 KM.<\/p>\n\n\n\n<p>Cijena sira standardna: 5 KM mladi sir, 20 KM livanjski u kolutovima i suhi ov\u010dji s Morina, dimljeni vla\u0161i\u0107ki cijeni se 17 KM. Kajmak iz mijeha je bio 23 KM, a mije\u0161ani pv\u010dji i kravlji sir 13 KM.<\/p>\n\n\n\n<p>Izvor:caportal.net<\/p>\n","protected":false},"excerpt":{"rendered":"<p>Vo\u0107e i povr\u0107e i ove subote na Veletr\u017enici u \u010capljini dr\u017ei visoku cijenu, odnosno bolje re\u0107i neuobi\u010dajenu cijenu za ovo doba godine, pi\u0161e&nbsp;Caportal. U pore\u0111enju s proteklom subotom, ove subote zabilje\u017eili smo samo nekoliko pojeftinjenja, poput paprika roga koje su pale na 1 KM te patlid\u017eana koji se cijene po 0,40 KM. Najve\u0107e pojeftinjenje bilje\u017eimo [&hellip;]<\/p>\n","protected":false},"author":2,"featured_media":56283,"comment_status":"closed","ping_status":"closed","sticky":false,"template":"","format":"standard","meta":{"h5ap_radio_sources":[],"footnotes":""},"categories":[1],"tags":[],"class_list":["post-56282","post","type-post","status-publish","format-standard","has-post-thumbnail","hentry","category-bihiregija"],"yoast_head":"<!-- This site is optimized with the Yoast SEO plugin v27.5 - https:\/\/yoast.com\/product\/yoast-seo-wordpress\/ -->\n<title>Cijene u \u010capljini: Krumpir i salata dr\u017ee cijenu, smokve \u201dpotonule\u201d - RADIO LJUBU\u0160KI<\/title>\n<meta name=\"robots\" content=\"index, follow, max-snippet:-1, max-image-preview:large, max-video-preview:-1\" \/>\n<link rel=\"canonical\" href=\"https:\/\/radioljubuski.ba\/index.php\/2021\/08\/22\/cijene-u-capljini-krumpir-i-salata-drze-cijenu-smokve-potonule\/\" \/>\n<meta property=\"og:locale\" content=\"hr_HR\" \/>\n<meta property=\"og:type\" content=\"article\" \/>\n<meta property=\"og:title\" content=\"Cijene u \u010capljini: Krumpir i salata dr\u017ee cijenu, smokve \u201dpotonule\u201d - RADIO LJUBU\u0160KI\" \/>\n<meta property=\"og:description\" content=\"Vo\u0107e i povr\u0107e i ove subote na Veletr\u017enici u \u010capljini dr\u017ei visoku cijenu, odnosno bolje re\u0107i neuobi\u010dajenu cijenu za ovo doba godine, pi\u0161e&nbsp;Caportal. U pore\u0111enju s proteklom subotom, ove subote zabilje\u017eili smo samo nekoliko pojeftinjenja, poput paprika roga koje su pale na 1 KM te patlid\u017eana koji se cijene po 0,40 KM. Najve\u0107e pojeftinjenje bilje\u017eimo [&hellip;]\" \/>\n<meta property=\"og:url\" content=\"https:\/\/radioljubuski.ba\/index.php\/2021\/08\/22\/cijene-u-capljini-krumpir-i-salata-drze-cijenu-smokve-potonule\/\" \/>\n<meta property=\"og:site_name\" content=\"RADIO LJUBU\u0160KI\" \/>\n<meta property=\"article:publisher\" content=\"https:\/\/www.facebook.com\/Radiio-Ljubuski-1490835324566332\" \/>\n<meta property=\"article:published_time\" content=\"2021-08-22T16:32:07+00:00\" \/>\n<meta property=\"article:modified_time\" content=\"2021-08-22T16:32:09+00:00\" \/>\n<meta property=\"og:image\" content=\"https:\/\/radioljubuski.ba\/wp-content\/uploads\/2021\/08\/tMGDTEI8_krumpiri.jpg\" \/>\n\t<meta property=\"og:image:width\" content=\"1000\" \/>\n\t<meta property=\"og:image:height\" content=\"625\" \/>\n\t<meta property=\"og:image:type\" content=\"image\/jpeg\" \/>\n<meta name=\"author\" content=\"Radio Ljubu\u0161ki\" \/>\n<meta name=\"twitter:card\" content=\"summary_large_image\" \/>\n<meta name=\"twitter:creator\" content=\"@radioljubuski\" \/>\n<meta name=\"twitter:site\" content=\"@radioljubuski\" \/>\n<meta name=\"twitter:label1\" content=\"Napisao\/la\" \/>\n\t<meta name=\"twitter:data1\" content=\"Radio Ljubu\u0161ki\" \/>\n\t<meta name=\"twitter:label2\" content=\"Procijenjeno vrijeme \u010ditanja\" \/>\n\t<meta name=\"twitter:data2\" content=\"1 minuta\" \/>\n<script type=\"application\/ld+json\" class=\"yoast-schema-graph\">{\"@context\":\"https:\\\/\\\/schema.org\",\"@graph\":[{\"@type\":\"Article\",\"@id\":\"https:\\\/\\\/radioljubuski.ba\\\/index.php\\\/2021\\\/08\\\/22\\\/cijene-u-capljini-krumpir-i-salata-drze-cijenu-smokve-potonule\\\/#article\",\"isPartOf\":{\"@id\":\"https:\\\/\\\/radioljubuski.ba\\\/index.php\\\/2021\\\/08\\\/22\\\/cijene-u-capljini-krumpir-i-salata-drze-cijenu-smokve-potonule\\\/\"},\"author\":{\"name\":\"Radio Ljubu\u0161ki\",\"@id\":\"https:\\\/\\\/radioljubuski.ba\\\/#\\\/schema\\\/person\\\/19fc700381a780f69665d7956c469e3b\"},\"headline\":\"Cijene u \u010capljini: Krumpir i salata dr\u017ee cijenu, smokve \u201dpotonule\u201d\",\"datePublished\":\"2021-08-22T16:32:07+00:00\",\"dateModified\":\"2021-08-22T16:32:09+00:00\",\"mainEntityOfPage\":{\"@id\":\"https:\\\/\\\/radioljubuski.ba\\\/index.php\\\/2021\\\/08\\\/22\\\/cijene-u-capljini-krumpir-i-salata-drze-cijenu-smokve-potonule\\\/\"},\"wordCount\":216,\"publisher\":{\"@id\":\"https:\\\/\\\/radioljubuski.ba\\\/#organization\"},\"image\":{\"@id\":\"https:\\\/\\\/radioljubuski.ba\\\/index.php\\\/2021\\\/08\\\/22\\\/cijene-u-capljini-krumpir-i-salata-drze-cijenu-smokve-potonule\\\/#primaryimage\"},\"thumbnailUrl\":\"https:\\\/\\\/radioljubuski.ba\\\/wp-content\\\/uploads\\\/2021\\\/08\\\/tMGDTEI8_krumpiri.jpg\",\"articleSection\":[\"BIH i regija\"],\"inLanguage\":\"hr\"},{\"@type\":\"WebPage\",\"@id\":\"https:\\\/\\\/radioljubuski.ba\\\/index.php\\\/2021\\\/08\\\/22\\\/cijene-u-capljini-krumpir-i-salata-drze-cijenu-smokve-potonule\\\/\",\"url\":\"https:\\\/\\\/radioljubuski.ba\\\/index.php\\\/2021\\\/08\\\/22\\\/cijene-u-capljini-krumpir-i-salata-drze-cijenu-smokve-potonule\\\/\",\"name\":\"Cijene u \u010capljini: Krumpir i salata dr\u017ee cijenu, smokve \u201dpotonule\u201d - RADIO LJUBU\u0160KI\",\"isPartOf\":{\"@id\":\"https:\\\/\\\/radioljubuski.ba\\\/#website\"},\"primaryImageOfPage\":{\"@id\":\"https:\\\/\\\/radioljubuski.ba\\\/index.php\\\/2021\\\/08\\\/22\\\/cijene-u-capljini-krumpir-i-salata-drze-cijenu-smokve-potonule\\\/#primaryimage\"},\"image\":{\"@id\":\"https:\\\/\\\/radioljubuski.ba\\\/index.php\\\/2021\\\/08\\\/22\\\/cijene-u-capljini-krumpir-i-salata-drze-cijenu-smokve-potonule\\\/#primaryimage\"},\"thumbnailUrl\":\"https:\\\/\\\/radioljubuski.ba\\\/wp-content\\\/uploads\\\/2021\\\/08\\\/tMGDTEI8_krumpiri.jpg\",\"datePublished\":\"2021-08-22T16:32:07+00:00\",\"dateModified\":\"2021-08-22T16:32:09+00:00\",\"breadcrumb\":{\"@id\":\"https:\\\/\\\/radioljubuski.ba\\\/index.php\\\/2021\\\/08\\\/22\\\/cijene-u-capljini-krumpir-i-salata-drze-cijenu-smokve-potonule\\\/#breadcrumb\"},\"inLanguage\":\"hr\",\"potentialAction\":[{\"@type\":\"ReadAction\",\"target\":[\"https:\\\/\\\/radioljubuski.ba\\\/index.php\\\/2021\\\/08\\\/22\\\/cijene-u-capljini-krumpir-i-salata-drze-cijenu-smokve-potonule\\\/\"]}]},{\"@type\":\"ImageObject\",\"inLanguage\":\"hr\",\"@id\":\"https:\\\/\\\/radioljubuski.ba\\\/index.php\\\/2021\\\/08\\\/22\\\/cijene-u-capljini-krumpir-i-salata-drze-cijenu-smokve-potonule\\\/#primaryimage\",\"url\":\"https:\\\/\\\/radioljubuski.ba\\\/wp-content\\\/uploads\\\/2021\\\/08\\\/tMGDTEI8_krumpiri.jpg\",\"contentUrl\":\"https:\\\/\\\/radioljubuski.ba\\\/wp-content\\\/uploads\\\/2021\\\/08\\\/tMGDTEI8_krumpiri.jpg\",\"width\":1000,\"height\":625},{\"@type\":\"BreadcrumbList\",\"@id\":\"https:\\\/\\\/radioljubuski.ba\\\/index.php\\\/2021\\\/08\\\/22\\\/cijene-u-capljini-krumpir-i-salata-drze-cijenu-smokve-potonule\\\/#breadcrumb\",\"itemListElement\":[{\"@type\":\"ListItem\",\"position\":1,\"name\":\"Po\u010detna stranica\",\"item\":\"https:\\\/\\\/radioljubuski.ba\\\/\"},{\"@type\":\"ListItem\",\"position\":2,\"name\":\"Cijene u \u010capljini: Krumpir i salata dr\u017ee cijenu, smokve \u201dpotonule\u201d\"}]},{\"@type\":\"WebSite\",\"@id\":\"https:\\\/\\\/radioljubuski.ba\\\/#website\",\"url\":\"https:\\\/\\\/radioljubuski.ba\\\/\",\"name\":\"Radio Ljubu\u0161ki\",\"description\":\"Sun\u010dana frekvencija Hercegovine\",\"publisher\":{\"@id\":\"https:\\\/\\\/radioljubuski.ba\\\/#organization\"},\"potentialAction\":[{\"@type\":\"SearchAction\",\"target\":{\"@type\":\"EntryPoint\",\"urlTemplate\":\"https:\\\/\\\/radioljubuski.ba\\\/?s={search_term_string}\"},\"query-input\":{\"@type\":\"PropertyValueSpecification\",\"valueRequired\":true,\"valueName\":\"search_term_string\"}}],\"inLanguage\":\"hr\"},{\"@type\":\"Organization\",\"@id\":\"https:\\\/\\\/radioljubuski.ba\\\/#organization\",\"name\":\"Radio Ljubu\u0161ki\",\"url\":\"https:\\\/\\\/radioljubuski.ba\\\/\",\"logo\":{\"@type\":\"ImageObject\",\"inLanguage\":\"hr\",\"@id\":\"https:\\\/\\\/radioljubuski.ba\\\/#\\\/schema\\\/logo\\\/image\\\/\",\"url\":\"https:\\\/\\\/radioljubuski.ba\\\/wp-content\\\/uploads\\\/2021\\\/02\\\/cropped-Radio_Ljubuski_logo1.jpg\",\"contentUrl\":\"https:\\\/\\\/radioljubuski.ba\\\/wp-content\\\/uploads\\\/2021\\\/02\\\/cropped-Radio_Ljubuski_logo1.jpg\",\"width\":512,\"height\":512,\"caption\":\"Radio Ljubu\u0161ki\"},\"image\":{\"@id\":\"https:\\\/\\\/radioljubuski.ba\\\/#\\\/schema\\\/logo\\\/image\\\/\"},\"sameAs\":[\"https:\\\/\\\/www.facebook.com\\\/Radiio-Ljubuski-1490835324566332\",\"https:\\\/\\\/x.com\\\/radioljubuski\",\"https:\\\/\\\/hr.linkedin.com\\\/company\\\/radio-ljubuski\",\"https:\\\/\\\/www.youtube.com\\\/channel\\\/UCHYaeO_n0Db3tjNGudGpXyw\"]},{\"@type\":\"Person\",\"@id\":\"https:\\\/\\\/radioljubuski.ba\\\/#\\\/schema\\\/person\\\/19fc700381a780f69665d7956c469e3b\",\"name\":\"Radio Ljubu\u0161ki\"}]}<\/script>\n<!-- \/ Yoast SEO plugin. -->","yoast_head_json":{"title":"Cijene u \u010capljini: Krumpir i salata dr\u017ee cijenu, smokve \u201dpotonule\u201d - RADIO LJUBU\u0160KI","robots":{"index":"index","follow":"follow","max-snippet":"max-snippet:-1","max-image-preview":"max-image-preview:large","max-video-preview":"max-video-preview:-1"},"canonical":"https:\/\/radioljubuski.ba\/index.php\/2021\/08\/22\/cijene-u-capljini-krumpir-i-salata-drze-cijenu-smokve-potonule\/","og_locale":"hr_HR","og_type":"article","og_title":"Cijene u \u010capljini: Krumpir i salata dr\u017ee cijenu, smokve \u201dpotonule\u201d - RADIO LJUBU\u0160KI","og_description":"Vo\u0107e i povr\u0107e i ove subote na Veletr\u017enici u \u010capljini dr\u017ei visoku cijenu, odnosno bolje re\u0107i neuobi\u010dajenu cijenu za ovo doba godine, pi\u0161e&nbsp;Caportal. U pore\u0111enju s proteklom subotom, ove subote zabilje\u017eili smo samo nekoliko pojeftinjenja, poput paprika roga koje su pale na 1 KM te patlid\u017eana koji se cijene po 0,40 KM. Najve\u0107e pojeftinjenje bilje\u017eimo [&hellip;]","og_url":"https:\/\/radioljubuski.ba\/index.php\/2021\/08\/22\/cijene-u-capljini-krumpir-i-salata-drze-cijenu-smokve-potonule\/","og_site_name":"RADIO LJUBU\u0160KI","article_publisher":"https:\/\/www.facebook.com\/Radiio-Ljubuski-1490835324566332","article_published_time":"2021-08-22T16:32:07+00:00","article_modified_time":"2021-08-22T16:32:09+00:00","og_image":[{"width":1000,"height":625,"url":"https:\/\/radioljubuski.ba\/wp-content\/uploads\/2021\/08\/tMGDTEI8_krumpiri.jpg","type":"image\/jpeg"}],"author":"Radio Ljubu\u0161ki","twitter_card":"summary_large_image","twitter_creator":"@radioljubuski","twitter_site":"@radioljubuski","twitter_misc":{"Napisao\/la":"Radio Ljubu\u0161ki","Procijenjeno vrijeme \u010ditanja":"1 minuta"},"schema":{"@context":"https:\/\/schema.org","@graph":[{"@type":"Article","@id":"https:\/\/radioljubuski.ba\/index.php\/2021\/08\/22\/cijene-u-capljini-krumpir-i-salata-drze-cijenu-smokve-potonule\/#article","isPartOf":{"@id":"https:\/\/radioljubuski.ba\/index.php\/2021\/08\/22\/cijene-u-capljini-krumpir-i-salata-drze-cijenu-smokve-potonule\/"},"author":{"name":"Radio Ljubu\u0161ki","@id":"https:\/\/radioljubuski.ba\/#\/schema\/person\/19fc700381a780f69665d7956c469e3b"},"headline":"Cijene u \u010capljini: Krumpir i salata dr\u017ee cijenu, smokve \u201dpotonule\u201d","datePublished":"2021-08-22T16:32:07+00:00","dateModified":"2021-08-22T16:32:09+00:00","mainEntityOfPage":{"@id":"https:\/\/radioljubuski.ba\/index.php\/2021\/08\/22\/cijene-u-capljini-krumpir-i-salata-drze-cijenu-smokve-potonule\/"},"wordCount":216,"publisher":{"@id":"https:\/\/radioljubuski.ba\/#organization"},"image":{"@id":"https:\/\/radioljubuski.ba\/index.php\/2021\/08\/22\/cijene-u-capljini-krumpir-i-salata-drze-cijenu-smokve-potonule\/#primaryimage"},"thumbnailUrl":"https:\/\/radioljubuski.ba\/wp-content\/uploads\/2021\/08\/tMGDTEI8_krumpiri.jpg","articleSection":["BIH i regija"],"inLanguage":"hr"},{"@type":"WebPage","@id":"https:\/\/radioljubuski.ba\/index.php\/2021\/08\/22\/cijene-u-capljini-krumpir-i-salata-drze-cijenu-smokve-potonule\/","url":"https:\/\/radioljubuski.ba\/index.php\/2021\/08\/22\/cijene-u-capljini-krumpir-i-salata-drze-cijenu-smokve-potonule\/","name":"Cijene u \u010capljini: Krumpir i salata dr\u017ee cijenu, smokve \u201dpotonule\u201d - RADIO LJUBU\u0160KI","isPartOf":{"@id":"https:\/\/radioljubuski.ba\/#website"},"primaryImageOfPage":{"@id":"https:\/\/radioljubuski.ba\/index.php\/2021\/08\/22\/cijene-u-capljini-krumpir-i-salata-drze-cijenu-smokve-potonule\/#primaryimage"},"image":{"@id":"https:\/\/radioljubuski.ba\/index.php\/2021\/08\/22\/cijene-u-capljini-krumpir-i-salata-drze-cijenu-smokve-potonule\/#primaryimage"},"thumbnailUrl":"https:\/\/radioljubuski.ba\/wp-content\/uploads\/2021\/08\/tMGDTEI8_krumpiri.jpg","datePublished":"2021-08-22T16:32:07+00:00","dateModified":"2021-08-22T16:32:09+00:00","breadcrumb":{"@id":"https:\/\/radioljubuski.ba\/index.php\/2021\/08\/22\/cijene-u-capljini-krumpir-i-salata-drze-cijenu-smokve-potonule\/#breadcrumb"},"inLanguage":"hr","potentialAction":[{"@type":"ReadAction","target":["https:\/\/radioljubuski.ba\/index.php\/2021\/08\/22\/cijene-u-capljini-krumpir-i-salata-drze-cijenu-smokve-potonule\/"]}]},{"@type":"ImageObject","inLanguage":"hr","@id":"https:\/\/radioljubuski.ba\/index.php\/2021\/08\/22\/cijene-u-capljini-krumpir-i-salata-drze-cijenu-smokve-potonule\/#primaryimage","url":"https:\/\/radioljubuski.ba\/wp-content\/uploads\/2021\/08\/tMGDTEI8_krumpiri.jpg","contentUrl":"https:\/\/radioljubuski.ba\/wp-content\/uploads\/2021\/08\/tMGDTEI8_krumpiri.jpg","width":1000,"height":625},{"@type":"BreadcrumbList","@id":"https:\/\/radioljubuski.ba\/index.php\/2021\/08\/22\/cijene-u-capljini-krumpir-i-salata-drze-cijenu-smokve-potonule\/#breadcrumb","itemListElement":[{"@type":"ListItem","position":1,"name":"Po\u010detna stranica","item":"https:\/\/radioljubuski.ba\/"},{"@type":"ListItem","position":2,"name":"Cijene u \u010capljini: Krumpir i salata dr\u017ee cijenu, smokve \u201dpotonule\u201d"}]},{"@type":"WebSite","@id":"https:\/\/radioljubuski.ba\/#website","url":"https:\/\/radioljubuski.ba\/","name":"Radio Ljubu\u0161ki","description":"Sun\u010dana frekvencija Hercegovine","publisher":{"@id":"https:\/\/radioljubuski.ba\/#organization"},"potentialAction":[{"@type":"SearchAction","target":{"@type":"EntryPoint","urlTemplate":"https:\/\/radioljubuski.ba\/?s={search_term_string}"},"query-input":{"@type":"PropertyValueSpecification","valueRequired":true,"valueName":"search_term_string"}}],"inLanguage":"hr"},{"@type":"Organization","@id":"https:\/\/radioljubuski.ba\/#organization","name":"Radio Ljubu\u0161ki","url":"https:\/\/radioljubuski.ba\/","logo":{"@type":"ImageObject","inLanguage":"hr","@id":"https:\/\/radioljubuski.ba\/#\/schema\/logo\/image\/","url":"https:\/\/radioljubuski.ba\/wp-content\/uploads\/2021\/02\/cropped-Radio_Ljubuski_logo1.jpg","contentUrl":"https:\/\/radioljubuski.ba\/wp-content\/uploads\/2021\/02\/cropped-Radio_Ljubuski_logo1.jpg","width":512,"height":512,"caption":"Radio Ljubu\u0161ki"},"image":{"@id":"https:\/\/radioljubuski.ba\/#\/schema\/logo\/image\/"},"sameAs":["https:\/\/www.facebook.com\/Radiio-Ljubuski-1490835324566332","https:\/\/x.com\/radioljubuski","https:\/\/hr.linkedin.com\/company\/radio-ljubuski","https:\/\/www.youtube.com\/channel\/UCHYaeO_n0Db3tjNGudGpXyw"]},{"@type":"Person","@id":"https:\/\/radioljubuski.ba\/#\/schema\/person\/19fc700381a780f69665d7956c469e3b","name":"Radio Ljubu\u0161ki"}]}},"_links":{"self":[{"href":"https:\/\/radioljubuski.ba\/index.php\/wp-json\/wp\/v2\/posts\/56282","targetHints":{"allow":["GET"]}}],"collection":[{"href":"https:\/\/radioljubuski.ba\/index.php\/wp-json\/wp\/v2\/posts"}],"about":[{"href":"https:\/\/radioljubuski.ba\/index.php\/wp-json\/wp\/v2\/types\/post"}],"author":[{"embeddable":true,"href":"https:\/\/radioljubuski.ba\/index.php\/wp-json\/wp\/v2\/users\/2"}],"replies":[{"embeddable":true,"href":"https:\/\/radioljubuski.ba\/index.php\/wp-json\/wp\/v2\/comments?post=56282"}],"version-history":[{"count":1,"href":"https:\/\/radioljubuski.ba\/index.php\/wp-json\/wp\/v2\/posts\/56282\/revisions"}],"predecessor-version":[{"id":56284,"href":"https:\/\/radioljubuski.ba\/index.php\/wp-json\/wp\/v2\/posts\/56282\/revisions\/56284"}],"wp:featuredmedia":[{"embeddable":true,"href":"https:\/\/radioljubuski.ba\/index.php\/wp-json\/wp\/v2\/media\/56283"}],"wp:attachment":[{"href":"https:\/\/radioljubuski.ba\/index.php\/wp-json\/wp\/v2\/media?parent=56282"}],"wp:term":[{"taxonomy":"category","embeddable":true,"href":"https:\/\/radioljubuski.ba\/index.php\/wp-json\/wp\/v2\/categories?post=56282"},{"taxonomy":"post_tag","embeddable":true,"href":"https:\/\/radioljubuski.ba\/index.php\/wp-json\/wp\/v2\/tags?post=56282"}],"curies":[{"name":"wp","href":"https:\/\/api.w.org\/{rel}","templated":true}]}}