{"id":56343,"date":"2021-08-22T22:06:04","date_gmt":"2021-08-22T21:06:04","guid":{"rendered":"https:\/\/radioljubuski.ba\/?p=56343"},"modified":"2021-08-22T22:06:05","modified_gmt":"2021-08-22T21:06:05","slug":"mlinar-imamo-jos-prostora-za-napredak","status":"publish","type":"post","link":"https:\/\/radioljubuski.ba\/index.php\/2021\/08\/22\/mlinar-imamo-jos-prostora-za-napredak\/","title":{"rendered":"Mlinar: &#8220;Imamo jo\u0161 prostora za napredak&#8221;"},"content":{"rendered":"\n<p><strong>Tre\u0107a pobjeda Hrvatske u nizu, u zadarskoj skupini C Europskog prvenstva, pobjeda kojom je osiguran ulazak u drugi krug natjecanja i osmina finala. Nakon \u0160vicarske i Bjelorusije, hrvatske su odbojka\u0161ice i u tre\u0107em susretu svladale Slova\u010dku bez izgubljenog seta &#8211; 25:21, 25:14 i 25:13.<\/strong><\/p>\n\n\n\n<p>&#8211; Ovo je tre\u0107a utakmica u skupini i bodovno smo napravili rezultatski na\u0161 cilj. Da otvorimo turnir i da pobijedimo prve tri ekipe. Vjerujem da su Ma\u0111arska i Italija dvije ekipe koje su ispred nas ja\u010de od ovih ekipa do sada. Zadovoljna sam, iako imamo jo\u0161 prostora za napredak. Ono najbitnije je da skupljamo bodove te idemo u nove pobjede, izjavila je nakon utakmice&nbsp;<strong>Lucija Mlinar.<\/strong><\/p>\n\n\n\n<p>&#8211; Dana\u0161nja utakmica bila je ne\u0161to te\u017ea nego prija\u0161nje utakmice. Slova\u010dka je dosta dobro povela prvi set \u0161to nam je u\u010dinilo malu paniku te smo bile prisiljene krenuti u spa\u0161avanje prvog seta. Mislim da smo se jako dobro sna\u0161le kao ekipa te smo na\u0161le svoj put natrag da pobijedimo prvi set. Sljede\u0107a dva seta je bilo sli\u010dno te smo se uvijek vra\u0107ale i zaslu\u017eeno pobijedile, rekla je\u00a0<strong>Karla Klari\u0107.<\/strong><\/p>\n\n\n\n<iframe loading=\"lazy\" src=\"https:\/\/www.facebook.com\/plugins\/video.php?height=476&#038;href=https%3A%2F%2Fwww.facebook.com%2FHRTsport%2Fvideos%2F274249800789962%2F&#038;show_text=false&#038;width=476&#038;t=0\" width=\"476\" height=\"476\" style=\"border:none;overflow:hidden\" scrolling=\"no\" frameborder=\"0\" allowfullscreen=\"true\" allow=\"autoplay; clipboard-write; encrypted-media; picture-in-picture; web-share\" allowFullScreen=\"true\"><\/iframe>\n\n\n\n<p>&#8211; Utakmicu smo po\u010deli jako lo\u0161e. Jako smo dobro prou\u010dili ekipu Slova\u010dke. Na\u0161e igra\u010dice bile su spremne za dana\u0161nji me\u010d, no u igru smo u\u0161li jako lo\u0161e, pogotovo u obrani. Nakon izmjene, kada je u\u0161la Lucija Mlinar, koja je danas igrala jako dobro, u ekipi su se stvari po\u010dele mijenjati na bolje. Nakon prvog seta na\u0161a igra se pobolj\u0161ala i postala jednostavnija. Tada smo po\u010deli igrati na\u0161u pravu igru te nam se i obrana pobolj\u0161ala. Mi\u0161ljenja sam da smo danas odigrali jedan jako dobar me\u010d. Sretan sam reakcijom na\u0161e ekipe jer nije se lako oporaviti kada nam igra nije najbolja. Ovo nije prvi put da na\u0161e igra\u010dice poka\u017eu da mogu dati najbolje od sebe. Sretan sam zbog dana\u0161nje pobjede, ali i ukupne tre\u0107e pobjede zaredom na ovome natjecanju. To definitivno doprinos dobroj energiji u na\u0161oj ekipi, rekao je<strong>&nbsp;Daniele Santarelli,<\/strong>&nbsp;izbornik \u017eenske hrvatske odbojka\u0161ke reprezentacije.<\/p>\n\n\n\n<p>Izvor:hrt.hr<\/p>\n","protected":false},"excerpt":{"rendered":"<p>Tre\u0107a pobjeda Hrvatske u nizu, u zadarskoj skupini C Europskog prvenstva, pobjeda kojom je osiguran ulazak u drugi krug natjecanja i osmina finala. Nakon \u0160vicarske i Bjelorusije, hrvatske su odbojka\u0161ice i u tre\u0107em susretu svladale Slova\u010dku bez izgubljenog seta &#8211; 25:21, 25:14 i 25:13. &#8211; Ovo je tre\u0107a utakmica u skupini i bodovno smo napravili [&hellip;]<\/p>\n","protected":false},"author":2,"featured_media":56344,"comment_status":"closed","ping_status":"closed","sticky":false,"template":"","format":"standard","meta":{"h5ap_radio_sources":[],"footnotes":""},"categories":[7],"tags":[],"class_list":["post-56343","post","type-post","status-publish","format-standard","has-post-thumbnail","hentry","category-sport"],"yoast_head":"<!-- This site is optimized with the Yoast SEO plugin v27.5 - https:\/\/yoast.com\/product\/yoast-seo-wordpress\/ -->\n<title>Mlinar: &quot;Imamo jo\u0161 prostora za napredak&quot; - RADIO LJUBU\u0160KI<\/title>\n<meta name=\"robots\" content=\"index, follow, max-snippet:-1, max-image-preview:large, max-video-preview:-1\" \/>\n<link rel=\"canonical\" href=\"https:\/\/radioljubuski.ba\/index.php\/2021\/08\/22\/mlinar-imamo-jos-prostora-za-napredak\/\" \/>\n<meta property=\"og:locale\" content=\"hr_HR\" \/>\n<meta property=\"og:type\" content=\"article\" \/>\n<meta property=\"og:title\" content=\"Mlinar: &quot;Imamo jo\u0161 prostora za napredak&quot; - RADIO LJUBU\u0160KI\" \/>\n<meta property=\"og:description\" content=\"Tre\u0107a pobjeda Hrvatske u nizu, u zadarskoj skupini C Europskog prvenstva, pobjeda kojom je osiguran ulazak u drugi krug natjecanja i osmina finala. Nakon \u0160vicarske i Bjelorusije, hrvatske su odbojka\u0161ice i u tre\u0107em susretu svladale Slova\u010dku bez izgubljenog seta &#8211; 25:21, 25:14 i 25:13. &#8211; Ovo je tre\u0107a utakmica u skupini i bodovno smo napravili [&hellip;]\" \/>\n<meta property=\"og:url\" content=\"https:\/\/radioljubuski.ba\/index.php\/2021\/08\/22\/mlinar-imamo-jos-prostora-za-napredak\/\" \/>\n<meta property=\"og:site_name\" content=\"RADIO LJUBU\u0160KI\" \/>\n<meta property=\"article:publisher\" content=\"https:\/\/www.facebook.com\/Radiio-Ljubuski-1490835324566332\" \/>\n<meta property=\"article:published_time\" content=\"2021-08-22T21:06:04+00:00\" \/>\n<meta property=\"article:modified_time\" content=\"2021-08-22T21:06:05+00:00\" \/>\n<meta property=\"og:image\" content=\"https:\/\/radioljubuski.ba\/wp-content\/uploads\/2021\/08\/pxl-220821-34276269-20210822175353.jpg\" \/>\n\t<meta property=\"og:image:width\" content=\"1600\" \/>\n\t<meta property=\"og:image:height\" content=\"1066\" \/>\n\t<meta property=\"og:image:type\" content=\"image\/jpeg\" \/>\n<meta name=\"author\" content=\"Radio Ljubu\u0161ki\" \/>\n<meta name=\"twitter:card\" content=\"summary_large_image\" \/>\n<meta name=\"twitter:creator\" content=\"@radioljubuski\" \/>\n<meta name=\"twitter:site\" content=\"@radioljubuski\" \/>\n<meta name=\"twitter:label1\" content=\"Napisao\/la\" \/>\n\t<meta name=\"twitter:data1\" content=\"Radio Ljubu\u0161ki\" \/>\n\t<meta name=\"twitter:label2\" content=\"Procijenjeno vrijeme \u010ditanja\" \/>\n\t<meta name=\"twitter:data2\" content=\"2 minute\" \/>\n<script type=\"application\/ld+json\" class=\"yoast-schema-graph\">{\"@context\":\"https:\\\/\\\/schema.org\",\"@graph\":[{\"@type\":\"Article\",\"@id\":\"https:\\\/\\\/radioljubuski.ba\\\/index.php\\\/2021\\\/08\\\/22\\\/mlinar-imamo-jos-prostora-za-napredak\\\/#article\",\"isPartOf\":{\"@id\":\"https:\\\/\\\/radioljubuski.ba\\\/index.php\\\/2021\\\/08\\\/22\\\/mlinar-imamo-jos-prostora-za-napredak\\\/\"},\"author\":{\"name\":\"Radio Ljubu\u0161ki\",\"@id\":\"https:\\\/\\\/radioljubuski.ba\\\/#\\\/schema\\\/person\\\/19fc700381a780f69665d7956c469e3b\"},\"headline\":\"Mlinar: &#8220;Imamo jo\u0161 prostora za napredak&#8221;\",\"datePublished\":\"2021-08-22T21:06:04+00:00\",\"dateModified\":\"2021-08-22T21:06:05+00:00\",\"mainEntityOfPage\":{\"@id\":\"https:\\\/\\\/radioljubuski.ba\\\/index.php\\\/2021\\\/08\\\/22\\\/mlinar-imamo-jos-prostora-za-napredak\\\/\"},\"wordCount\":378,\"publisher\":{\"@id\":\"https:\\\/\\\/radioljubuski.ba\\\/#organization\"},\"image\":{\"@id\":\"https:\\\/\\\/radioljubuski.ba\\\/index.php\\\/2021\\\/08\\\/22\\\/mlinar-imamo-jos-prostora-za-napredak\\\/#primaryimage\"},\"thumbnailUrl\":\"https:\\\/\\\/radioljubuski.ba\\\/wp-content\\\/uploads\\\/2021\\\/08\\\/pxl-220821-34276269-20210822175353.jpg\",\"articleSection\":[\"\u0160port\"],\"inLanguage\":\"hr\"},{\"@type\":\"WebPage\",\"@id\":\"https:\\\/\\\/radioljubuski.ba\\\/index.php\\\/2021\\\/08\\\/22\\\/mlinar-imamo-jos-prostora-za-napredak\\\/\",\"url\":\"https:\\\/\\\/radioljubuski.ba\\\/index.php\\\/2021\\\/08\\\/22\\\/mlinar-imamo-jos-prostora-za-napredak\\\/\",\"name\":\"Mlinar: \\\"Imamo jo\u0161 prostora za napredak\\\" - RADIO LJUBU\u0160KI\",\"isPartOf\":{\"@id\":\"https:\\\/\\\/radioljubuski.ba\\\/#website\"},\"primaryImageOfPage\":{\"@id\":\"https:\\\/\\\/radioljubuski.ba\\\/index.php\\\/2021\\\/08\\\/22\\\/mlinar-imamo-jos-prostora-za-napredak\\\/#primaryimage\"},\"image\":{\"@id\":\"https:\\\/\\\/radioljubuski.ba\\\/index.php\\\/2021\\\/08\\\/22\\\/mlinar-imamo-jos-prostora-za-napredak\\\/#primaryimage\"},\"thumbnailUrl\":\"https:\\\/\\\/radioljubuski.ba\\\/wp-content\\\/uploads\\\/2021\\\/08\\\/pxl-220821-34276269-20210822175353.jpg\",\"datePublished\":\"2021-08-22T21:06:04+00:00\",\"dateModified\":\"2021-08-22T21:06:05+00:00\",\"breadcrumb\":{\"@id\":\"https:\\\/\\\/radioljubuski.ba\\\/index.php\\\/2021\\\/08\\\/22\\\/mlinar-imamo-jos-prostora-za-napredak\\\/#breadcrumb\"},\"inLanguage\":\"hr\",\"potentialAction\":[{\"@type\":\"ReadAction\",\"target\":[\"https:\\\/\\\/radioljubuski.ba\\\/index.php\\\/2021\\\/08\\\/22\\\/mlinar-imamo-jos-prostora-za-napredak\\\/\"]}]},{\"@type\":\"ImageObject\",\"inLanguage\":\"hr\",\"@id\":\"https:\\\/\\\/radioljubuski.ba\\\/index.php\\\/2021\\\/08\\\/22\\\/mlinar-imamo-jos-prostora-za-napredak\\\/#primaryimage\",\"url\":\"https:\\\/\\\/radioljubuski.ba\\\/wp-content\\\/uploads\\\/2021\\\/08\\\/pxl-220821-34276269-20210822175353.jpg\",\"contentUrl\":\"https:\\\/\\\/radioljubuski.ba\\\/wp-content\\\/uploads\\\/2021\\\/08\\\/pxl-220821-34276269-20210822175353.jpg\",\"width\":1600,\"height\":1066,\"caption\":\"22.08.2021., SC Visnjik, Dvorana Kresimir Cosic, Zadar - Europsko odbojkasko prvenstvo 2021 za zene - CEV EuroVolley Women 2021, skupina C, Hrvatska - Slovacka. Bozana Butigan Photo: Luka Stanzl\\\/PIXSELL\"},{\"@type\":\"BreadcrumbList\",\"@id\":\"https:\\\/\\\/radioljubuski.ba\\\/index.php\\\/2021\\\/08\\\/22\\\/mlinar-imamo-jos-prostora-za-napredak\\\/#breadcrumb\",\"itemListElement\":[{\"@type\":\"ListItem\",\"position\":1,\"name\":\"Po\u010detna stranica\",\"item\":\"https:\\\/\\\/radioljubuski.ba\\\/\"},{\"@type\":\"ListItem\",\"position\":2,\"name\":\"Mlinar: &#8220;Imamo jo\u0161 prostora za napredak&#8221;\"}]},{\"@type\":\"WebSite\",\"@id\":\"https:\\\/\\\/radioljubuski.ba\\\/#website\",\"url\":\"https:\\\/\\\/radioljubuski.ba\\\/\",\"name\":\"Radio Ljubu\u0161ki\",\"description\":\"Sun\u010dana frekvencija Hercegovine\",\"publisher\":{\"@id\":\"https:\\\/\\\/radioljubuski.ba\\\/#organization\"},\"potentialAction\":[{\"@type\":\"SearchAction\",\"target\":{\"@type\":\"EntryPoint\",\"urlTemplate\":\"https:\\\/\\\/radioljubuski.ba\\\/?s={search_term_string}\"},\"query-input\":{\"@type\":\"PropertyValueSpecification\",\"valueRequired\":true,\"valueName\":\"search_term_string\"}}],\"inLanguage\":\"hr\"},{\"@type\":\"Organization\",\"@id\":\"https:\\\/\\\/radioljubuski.ba\\\/#organization\",\"name\":\"Radio Ljubu\u0161ki\",\"url\":\"https:\\\/\\\/radioljubuski.ba\\\/\",\"logo\":{\"@type\":\"ImageObject\",\"inLanguage\":\"hr\",\"@id\":\"https:\\\/\\\/radioljubuski.ba\\\/#\\\/schema\\\/logo\\\/image\\\/\",\"url\":\"https:\\\/\\\/radioljubuski.ba\\\/wp-content\\\/uploads\\\/2021\\\/02\\\/cropped-Radio_Ljubuski_logo1.jpg\",\"contentUrl\":\"https:\\\/\\\/radioljubuski.ba\\\/wp-content\\\/uploads\\\/2021\\\/02\\\/cropped-Radio_Ljubuski_logo1.jpg\",\"width\":512,\"height\":512,\"caption\":\"Radio Ljubu\u0161ki\"},\"image\":{\"@id\":\"https:\\\/\\\/radioljubuski.ba\\\/#\\\/schema\\\/logo\\\/image\\\/\"},\"sameAs\":[\"https:\\\/\\\/www.facebook.com\\\/Radiio-Ljubuski-1490835324566332\",\"https:\\\/\\\/x.com\\\/radioljubuski\",\"https:\\\/\\\/hr.linkedin.com\\\/company\\\/radio-ljubuski\",\"https:\\\/\\\/www.youtube.com\\\/channel\\\/UCHYaeO_n0Db3tjNGudGpXyw\"]},{\"@type\":\"Person\",\"@id\":\"https:\\\/\\\/radioljubuski.ba\\\/#\\\/schema\\\/person\\\/19fc700381a780f69665d7956c469e3b\",\"name\":\"Radio Ljubu\u0161ki\"}]}<\/script>\n<!-- \/ Yoast SEO plugin. -->","yoast_head_json":{"title":"Mlinar: \"Imamo jo\u0161 prostora za napredak\" - RADIO LJUBU\u0160KI","robots":{"index":"index","follow":"follow","max-snippet":"max-snippet:-1","max-image-preview":"max-image-preview:large","max-video-preview":"max-video-preview:-1"},"canonical":"https:\/\/radioljubuski.ba\/index.php\/2021\/08\/22\/mlinar-imamo-jos-prostora-za-napredak\/","og_locale":"hr_HR","og_type":"article","og_title":"Mlinar: \"Imamo jo\u0161 prostora za napredak\" - RADIO LJUBU\u0160KI","og_description":"Tre\u0107a pobjeda Hrvatske u nizu, u zadarskoj skupini C Europskog prvenstva, pobjeda kojom je osiguran ulazak u drugi krug natjecanja i osmina finala. Nakon \u0160vicarske i Bjelorusije, hrvatske su odbojka\u0161ice i u tre\u0107em susretu svladale Slova\u010dku bez izgubljenog seta &#8211; 25:21, 25:14 i 25:13. &#8211; Ovo je tre\u0107a utakmica u skupini i bodovno smo napravili [&hellip;]","og_url":"https:\/\/radioljubuski.ba\/index.php\/2021\/08\/22\/mlinar-imamo-jos-prostora-za-napredak\/","og_site_name":"RADIO LJUBU\u0160KI","article_publisher":"https:\/\/www.facebook.com\/Radiio-Ljubuski-1490835324566332","article_published_time":"2021-08-22T21:06:04+00:00","article_modified_time":"2021-08-22T21:06:05+00:00","og_image":[{"width":1600,"height":1066,"url":"https:\/\/radioljubuski.ba\/wp-content\/uploads\/2021\/08\/pxl-220821-34276269-20210822175353.jpg","type":"image\/jpeg"}],"author":"Radio Ljubu\u0161ki","twitter_card":"summary_large_image","twitter_creator":"@radioljubuski","twitter_site":"@radioljubuski","twitter_misc":{"Napisao\/la":"Radio Ljubu\u0161ki","Procijenjeno vrijeme \u010ditanja":"2 minute"},"schema":{"@context":"https:\/\/schema.org","@graph":[{"@type":"Article","@id":"https:\/\/radioljubuski.ba\/index.php\/2021\/08\/22\/mlinar-imamo-jos-prostora-za-napredak\/#article","isPartOf":{"@id":"https:\/\/radioljubuski.ba\/index.php\/2021\/08\/22\/mlinar-imamo-jos-prostora-za-napredak\/"},"author":{"name":"Radio Ljubu\u0161ki","@id":"https:\/\/radioljubuski.ba\/#\/schema\/person\/19fc700381a780f69665d7956c469e3b"},"headline":"Mlinar: &#8220;Imamo jo\u0161 prostora za napredak&#8221;","datePublished":"2021-08-22T21:06:04+00:00","dateModified":"2021-08-22T21:06:05+00:00","mainEntityOfPage":{"@id":"https:\/\/radioljubuski.ba\/index.php\/2021\/08\/22\/mlinar-imamo-jos-prostora-za-napredak\/"},"wordCount":378,"publisher":{"@id":"https:\/\/radioljubuski.ba\/#organization"},"image":{"@id":"https:\/\/radioljubuski.ba\/index.php\/2021\/08\/22\/mlinar-imamo-jos-prostora-za-napredak\/#primaryimage"},"thumbnailUrl":"https:\/\/radioljubuski.ba\/wp-content\/uploads\/2021\/08\/pxl-220821-34276269-20210822175353.jpg","articleSection":["\u0160port"],"inLanguage":"hr"},{"@type":"WebPage","@id":"https:\/\/radioljubuski.ba\/index.php\/2021\/08\/22\/mlinar-imamo-jos-prostora-za-napredak\/","url":"https:\/\/radioljubuski.ba\/index.php\/2021\/08\/22\/mlinar-imamo-jos-prostora-za-napredak\/","name":"Mlinar: \"Imamo jo\u0161 prostora za napredak\" - RADIO LJUBU\u0160KI","isPartOf":{"@id":"https:\/\/radioljubuski.ba\/#website"},"primaryImageOfPage":{"@id":"https:\/\/radioljubuski.ba\/index.php\/2021\/08\/22\/mlinar-imamo-jos-prostora-za-napredak\/#primaryimage"},"image":{"@id":"https:\/\/radioljubuski.ba\/index.php\/2021\/08\/22\/mlinar-imamo-jos-prostora-za-napredak\/#primaryimage"},"thumbnailUrl":"https:\/\/radioljubuski.ba\/wp-content\/uploads\/2021\/08\/pxl-220821-34276269-20210822175353.jpg","datePublished":"2021-08-22T21:06:04+00:00","dateModified":"2021-08-22T21:06:05+00:00","breadcrumb":{"@id":"https:\/\/radioljubuski.ba\/index.php\/2021\/08\/22\/mlinar-imamo-jos-prostora-za-napredak\/#breadcrumb"},"inLanguage":"hr","potentialAction":[{"@type":"ReadAction","target":["https:\/\/radioljubuski.ba\/index.php\/2021\/08\/22\/mlinar-imamo-jos-prostora-za-napredak\/"]}]},{"@type":"ImageObject","inLanguage":"hr","@id":"https:\/\/radioljubuski.ba\/index.php\/2021\/08\/22\/mlinar-imamo-jos-prostora-za-napredak\/#primaryimage","url":"https:\/\/radioljubuski.ba\/wp-content\/uploads\/2021\/08\/pxl-220821-34276269-20210822175353.jpg","contentUrl":"https:\/\/radioljubuski.ba\/wp-content\/uploads\/2021\/08\/pxl-220821-34276269-20210822175353.jpg","width":1600,"height":1066,"caption":"22.08.2021., SC Visnjik, Dvorana Kresimir Cosic, Zadar - Europsko odbojkasko prvenstvo 2021 za zene - CEV EuroVolley Women 2021, skupina C, Hrvatska - Slovacka. Bozana Butigan Photo: Luka Stanzl\/PIXSELL"},{"@type":"BreadcrumbList","@id":"https:\/\/radioljubuski.ba\/index.php\/2021\/08\/22\/mlinar-imamo-jos-prostora-za-napredak\/#breadcrumb","itemListElement":[{"@type":"ListItem","position":1,"name":"Po\u010detna stranica","item":"https:\/\/radioljubuski.ba\/"},{"@type":"ListItem","position":2,"name":"Mlinar: &#8220;Imamo jo\u0161 prostora za napredak&#8221;"}]},{"@type":"WebSite","@id":"https:\/\/radioljubuski.ba\/#website","url":"https:\/\/radioljubuski.ba\/","name":"Radio Ljubu\u0161ki","description":"Sun\u010dana frekvencija Hercegovine","publisher":{"@id":"https:\/\/radioljubuski.ba\/#organization"},"potentialAction":[{"@type":"SearchAction","target":{"@type":"EntryPoint","urlTemplate":"https:\/\/radioljubuski.ba\/?s={search_term_string}"},"query-input":{"@type":"PropertyValueSpecification","valueRequired":true,"valueName":"search_term_string"}}],"inLanguage":"hr"},{"@type":"Organization","@id":"https:\/\/radioljubuski.ba\/#organization","name":"Radio Ljubu\u0161ki","url":"https:\/\/radioljubuski.ba\/","logo":{"@type":"ImageObject","inLanguage":"hr","@id":"https:\/\/radioljubuski.ba\/#\/schema\/logo\/image\/","url":"https:\/\/radioljubuski.ba\/wp-content\/uploads\/2021\/02\/cropped-Radio_Ljubuski_logo1.jpg","contentUrl":"https:\/\/radioljubuski.ba\/wp-content\/uploads\/2021\/02\/cropped-Radio_Ljubuski_logo1.jpg","width":512,"height":512,"caption":"Radio Ljubu\u0161ki"},"image":{"@id":"https:\/\/radioljubuski.ba\/#\/schema\/logo\/image\/"},"sameAs":["https:\/\/www.facebook.com\/Radiio-Ljubuski-1490835324566332","https:\/\/x.com\/radioljubuski","https:\/\/hr.linkedin.com\/company\/radio-ljubuski","https:\/\/www.youtube.com\/channel\/UCHYaeO_n0Db3tjNGudGpXyw"]},{"@type":"Person","@id":"https:\/\/radioljubuski.ba\/#\/schema\/person\/19fc700381a780f69665d7956c469e3b","name":"Radio Ljubu\u0161ki"}]}},"_links":{"self":[{"href":"https:\/\/radioljubuski.ba\/index.php\/wp-json\/wp\/v2\/posts\/56343","targetHints":{"allow":["GET"]}}],"collection":[{"href":"https:\/\/radioljubuski.ba\/index.php\/wp-json\/wp\/v2\/posts"}],"about":[{"href":"https:\/\/radioljubuski.ba\/index.php\/wp-json\/wp\/v2\/types\/post"}],"author":[{"embeddable":true,"href":"https:\/\/radioljubuski.ba\/index.php\/wp-json\/wp\/v2\/users\/2"}],"replies":[{"embeddable":true,"href":"https:\/\/radioljubuski.ba\/index.php\/wp-json\/wp\/v2\/comments?post=56343"}],"version-history":[{"count":1,"href":"https:\/\/radioljubuski.ba\/index.php\/wp-json\/wp\/v2\/posts\/56343\/revisions"}],"predecessor-version":[{"id":56345,"href":"https:\/\/radioljubuski.ba\/index.php\/wp-json\/wp\/v2\/posts\/56343\/revisions\/56345"}],"wp:featuredmedia":[{"embeddable":true,"href":"https:\/\/radioljubuski.ba\/index.php\/wp-json\/wp\/v2\/media\/56344"}],"wp:attachment":[{"href":"https:\/\/radioljubuski.ba\/index.php\/wp-json\/wp\/v2\/media?parent=56343"}],"wp:term":[{"taxonomy":"category","embeddable":true,"href":"https:\/\/radioljubuski.ba\/index.php\/wp-json\/wp\/v2\/categories?post=56343"},{"taxonomy":"post_tag","embeddable":true,"href":"https:\/\/radioljubuski.ba\/index.php\/wp-json\/wp\/v2\/tags?post=56343"}],"curies":[{"name":"wp","href":"https:\/\/api.w.org\/{rel}","templated":true}]}}