{"id":56365,"date":"2021-08-22T22:21:45","date_gmt":"2021-08-22T21:21:45","guid":{"rendered":"https:\/\/radioljubuski.ba\/?p=56365"},"modified":"2021-08-22T22:21:46","modified_gmt":"2021-08-22T21:21:46","slug":"lyon-prokockao-pobjedu","status":"publish","type":"post","link":"https:\/\/radioljubuski.ba\/index.php\/2021\/08\/22\/lyon-prokockao-pobjedu\/","title":{"rendered":"Lyon prokockao pobjedu"},"content":{"rendered":"\n<p><strong>Lyon i Clermont Foot su u nedjelju odigrali 3-3 u utakmici 3. kola francuskog prvenstva, iako je Lyon imao prednost od 3-1 do kraja utakmice.&nbsp;<\/strong><\/p>\n\n\n\n<p>Lyon je poveo u petoj minuti golom&nbsp;<strong>Dembelea<\/strong>, no&nbsp;<strong>Clermont&nbsp;<\/strong>je izjedna\u010dio u sedam minuta poslije, a strijelac je bio&nbsp;<strong>Diomande<\/strong>. Dembele je prednost Lyona pove\u0107ao na 2-1 u 21. minuti, a&nbsp;<strong>Paqueta&nbsp;<\/strong>je u suda\u010dkoj nadoknadi na kraju prvog poluvremena zabio za 3-1. Do 80. minute nije bilo pogodaka, a onda je&nbsp;<strong>Rashani&nbsp;<\/strong>zabio za 3-2 u 80. minuti i u suda\u010dkoj nadoknadi za 3-3.<\/p>\n\n\n\n<p>Nedjelja<\/p>\n\n\n\n<p>Olympique Lyon &#8211; Clermont Foot 3-3 (Dembele &#8216;5, &#8217;12, Paqueta &#8217;45+2\/Diomande &#8217;12, &#8217;80, 90+1 Rashani)<\/p>\n\n\n\n<p>Girondins Bordeaux &#8211; Angers SCO<\/p>\n\n\n\n<p>FC Metz &#8211; Stade de Reims<\/p>\n\n\n\n<p>Montpellier HSC &#8211; FC Lorient<\/p>\n\n\n\n<p>RC Strasbourg &#8211; ES Troyes<\/p>\n\n\n\n<p>Stade Rennes &#8211; FC Nantes<\/p>\n\n\n\n<p>Nica &#8211; Olympique Marseille<\/p>\n\n\n\n<p>Petak<\/p>\n\n\n\n<p>Stade Brest &#8211; Paris St. Germain 2-4<\/p>\n\n\n\n<p>Subota<\/p>\n\n\n\n<p>Monaco &#8211; RC Lens 0-2<\/p>\n\n\n\n<p>St. Etienne &#8211; OSC Lille 1-1<\/p>\n\n\n\n<p>1. Paris St. Germain 3 3 0 0 10:5 5 9<\/p>\n\n\n\n<p>2. Clermont Foot 3 2 1 0 7:3 4 7<\/p>\n\n\n\n<p>3. Angers SCO 2 2 0 0 5:0 5 6<\/p>\n\n\n\n<p>4. RC Lens 3 1 2 0 5:3 2 5<\/p>\n\n\n\n<p>5. OGC Nizza 2 1 1 0 4:0 4 4<\/p>\n\n\n\n<p>6. FC Nantes 2 1 1 0 3:1 2 4<\/p>\n\n\n\n<p>7. Olympique Marseille 2 1 1 0 5:4 1 4<\/p>\n\n\n\n<p>8. FC Lorient 2 1 1 0 2:1 1 4<\/p>\n\n\n\n<p>9. AS St. Etienne 3 0 3 0 4:4 0 3<\/p>\n\n\n\n<p>10. Stade de Reims 2 0 2 0 3:3 0 2<\/p>\n\n\n\n<p>11. Stade Rennes 2 0 2 0 2:2 0 2<\/p>\n\n\n\n<p>12. Stade Brest 3 0 2 1 4:6 -2 2<\/p>\n\n\n\n<p>13. Olympique Lyon 3 0 2 1 4:7 -3 2<\/p>\n\n\n\n<p>14. OSC Lille 3 0 2 1 4:8 -4 2<\/p>\n\n\n\n<p>15. Montpellier HSC 2 0 1 1 5:6 -1 1<\/p>\n\n\n\n<p>16. FC Metz 2 0 1 1 3:5 -2 1<\/p>\n\n\n\n<p>17. Girondins Bordeaux 2 0 1 1 2:4 -2 1<\/p>\n\n\n\n<p>18. AS Monaco 3 0 1 2 1:4 -3 1<\/p>\n\n\n\n<p>19. ES Troyes 2 0 0 2 1:4 -3 0<\/p>\n\n\n\n<p>20. RC Stra\u00dfburg 2 0 0 2 2:6 -4 0<\/p>\n\n\n\n<p>Izvor:hrt.hr<\/p>\n","protected":false},"excerpt":{"rendered":"<p>Lyon i Clermont Foot su u nedjelju odigrali 3-3 u utakmici 3. kola francuskog prvenstva, iako je Lyon imao prednost od 3-1 do kraja utakmice.&nbsp; Lyon je poveo u petoj minuti golom&nbsp;Dembelea, no&nbsp;Clermont&nbsp;je izjedna\u010dio u sedam minuta poslije, a strijelac je bio&nbsp;Diomande. Dembele je prednost Lyona pove\u0107ao na 2-1 u 21. minuti, a&nbsp;Paqueta&nbsp;je u suda\u010dkoj [&hellip;]<\/p>\n","protected":false},"author":2,"featured_media":56366,"comment_status":"closed","ping_status":"closed","sticky":false,"template":"","format":"standard","meta":{"h5ap_radio_sources":[],"footnotes":""},"categories":[7],"tags":[],"class_list":["post-56365","post","type-post","status-publish","format-standard","has-post-thumbnail","hentry","category-sport"],"yoast_head":"<!-- This site is optimized with the Yoast SEO plugin v27.5 - https:\/\/yoast.com\/product\/yoast-seo-wordpress\/ -->\n<title>Lyon prokockao pobjedu - RADIO LJUBU\u0160KI<\/title>\n<meta name=\"robots\" content=\"index, follow, max-snippet:-1, max-image-preview:large, max-video-preview:-1\" \/>\n<link rel=\"canonical\" href=\"https:\/\/radioljubuski.ba\/index.php\/2021\/08\/22\/lyon-prokockao-pobjedu\/\" \/>\n<meta property=\"og:locale\" content=\"hr_HR\" \/>\n<meta property=\"og:type\" content=\"article\" \/>\n<meta property=\"og:title\" content=\"Lyon prokockao pobjedu - RADIO LJUBU\u0160KI\" \/>\n<meta property=\"og:description\" content=\"Lyon i Clermont Foot su u nedjelju odigrali 3-3 u utakmici 3. kola francuskog prvenstva, iako je Lyon imao prednost od 3-1 do kraja utakmice.&nbsp; Lyon je poveo u petoj minuti golom&nbsp;Dembelea, no&nbsp;Clermont&nbsp;je izjedna\u010dio u sedam minuta poslije, a strijelac je bio&nbsp;Diomande. Dembele je prednost Lyona pove\u0107ao na 2-1 u 21. minuti, a&nbsp;Paqueta&nbsp;je u suda\u010dkoj [&hellip;]\" \/>\n<meta property=\"og:url\" content=\"https:\/\/radioljubuski.ba\/index.php\/2021\/08\/22\/lyon-prokockao-pobjedu\/\" \/>\n<meta property=\"og:site_name\" content=\"RADIO LJUBU\u0160KI\" \/>\n<meta property=\"article:publisher\" content=\"https:\/\/www.facebook.com\/Radiio-Ljubuski-1490835324566332\" \/>\n<meta property=\"article:published_time\" content=\"2021-08-22T21:21:45+00:00\" \/>\n<meta property=\"article:modified_time\" content=\"2021-08-22T21:21:46+00:00\" \/>\n<meta property=\"og:image\" content=\"https:\/\/radioljubuski.ba\/wp-content\/uploads\/2021\/08\/preuzmi-2-19.jpg\" \/>\n\t<meta property=\"og:image:width\" content=\"275\" \/>\n\t<meta property=\"og:image:height\" content=\"183\" \/>\n\t<meta property=\"og:image:type\" content=\"image\/jpeg\" \/>\n<meta name=\"author\" content=\"Radio Ljubu\u0161ki\" \/>\n<meta name=\"twitter:card\" content=\"summary_large_image\" \/>\n<meta name=\"twitter:creator\" content=\"@radioljubuski\" \/>\n<meta name=\"twitter:site\" content=\"@radioljubuski\" \/>\n<meta name=\"twitter:label1\" content=\"Napisao\/la\" \/>\n\t<meta name=\"twitter:data1\" content=\"Radio Ljubu\u0161ki\" \/>\n\t<meta name=\"twitter:label2\" content=\"Procijenjeno vrijeme \u010ditanja\" \/>\n\t<meta name=\"twitter:data2\" content=\"2 minute\" \/>\n<script type=\"application\/ld+json\" class=\"yoast-schema-graph\">{\"@context\":\"https:\\\/\\\/schema.org\",\"@graph\":[{\"@type\":\"Article\",\"@id\":\"https:\\\/\\\/radioljubuski.ba\\\/index.php\\\/2021\\\/08\\\/22\\\/lyon-prokockao-pobjedu\\\/#article\",\"isPartOf\":{\"@id\":\"https:\\\/\\\/radioljubuski.ba\\\/index.php\\\/2021\\\/08\\\/22\\\/lyon-prokockao-pobjedu\\\/\"},\"author\":{\"name\":\"Radio Ljubu\u0161ki\",\"@id\":\"https:\\\/\\\/radioljubuski.ba\\\/#\\\/schema\\\/person\\\/19fc700381a780f69665d7956c469e3b\"},\"headline\":\"Lyon prokockao pobjedu\",\"datePublished\":\"2021-08-22T21:21:45+00:00\",\"dateModified\":\"2021-08-22T21:21:46+00:00\",\"mainEntityOfPage\":{\"@id\":\"https:\\\/\\\/radioljubuski.ba\\\/index.php\\\/2021\\\/08\\\/22\\\/lyon-prokockao-pobjedu\\\/\"},\"wordCount\":220,\"publisher\":{\"@id\":\"https:\\\/\\\/radioljubuski.ba\\\/#organization\"},\"image\":{\"@id\":\"https:\\\/\\\/radioljubuski.ba\\\/index.php\\\/2021\\\/08\\\/22\\\/lyon-prokockao-pobjedu\\\/#primaryimage\"},\"thumbnailUrl\":\"https:\\\/\\\/radioljubuski.ba\\\/wp-content\\\/uploads\\\/2021\\\/08\\\/preuzmi-2-19.jpg\",\"articleSection\":[\"\u0160port\"],\"inLanguage\":\"hr\"},{\"@type\":\"WebPage\",\"@id\":\"https:\\\/\\\/radioljubuski.ba\\\/index.php\\\/2021\\\/08\\\/22\\\/lyon-prokockao-pobjedu\\\/\",\"url\":\"https:\\\/\\\/radioljubuski.ba\\\/index.php\\\/2021\\\/08\\\/22\\\/lyon-prokockao-pobjedu\\\/\",\"name\":\"Lyon prokockao pobjedu - RADIO LJUBU\u0160KI\",\"isPartOf\":{\"@id\":\"https:\\\/\\\/radioljubuski.ba\\\/#website\"},\"primaryImageOfPage\":{\"@id\":\"https:\\\/\\\/radioljubuski.ba\\\/index.php\\\/2021\\\/08\\\/22\\\/lyon-prokockao-pobjedu\\\/#primaryimage\"},\"image\":{\"@id\":\"https:\\\/\\\/radioljubuski.ba\\\/index.php\\\/2021\\\/08\\\/22\\\/lyon-prokockao-pobjedu\\\/#primaryimage\"},\"thumbnailUrl\":\"https:\\\/\\\/radioljubuski.ba\\\/wp-content\\\/uploads\\\/2021\\\/08\\\/preuzmi-2-19.jpg\",\"datePublished\":\"2021-08-22T21:21:45+00:00\",\"dateModified\":\"2021-08-22T21:21:46+00:00\",\"breadcrumb\":{\"@id\":\"https:\\\/\\\/radioljubuski.ba\\\/index.php\\\/2021\\\/08\\\/22\\\/lyon-prokockao-pobjedu\\\/#breadcrumb\"},\"inLanguage\":\"hr\",\"potentialAction\":[{\"@type\":\"ReadAction\",\"target\":[\"https:\\\/\\\/radioljubuski.ba\\\/index.php\\\/2021\\\/08\\\/22\\\/lyon-prokockao-pobjedu\\\/\"]}]},{\"@type\":\"ImageObject\",\"inLanguage\":\"hr\",\"@id\":\"https:\\\/\\\/radioljubuski.ba\\\/index.php\\\/2021\\\/08\\\/22\\\/lyon-prokockao-pobjedu\\\/#primaryimage\",\"url\":\"https:\\\/\\\/radioljubuski.ba\\\/wp-content\\\/uploads\\\/2021\\\/08\\\/preuzmi-2-19.jpg\",\"contentUrl\":\"https:\\\/\\\/radioljubuski.ba\\\/wp-content\\\/uploads\\\/2021\\\/08\\\/preuzmi-2-19.jpg\",\"width\":275,\"height\":183},{\"@type\":\"BreadcrumbList\",\"@id\":\"https:\\\/\\\/radioljubuski.ba\\\/index.php\\\/2021\\\/08\\\/22\\\/lyon-prokockao-pobjedu\\\/#breadcrumb\",\"itemListElement\":[{\"@type\":\"ListItem\",\"position\":1,\"name\":\"Po\u010detna stranica\",\"item\":\"https:\\\/\\\/radioljubuski.ba\\\/\"},{\"@type\":\"ListItem\",\"position\":2,\"name\":\"Lyon prokockao pobjedu\"}]},{\"@type\":\"WebSite\",\"@id\":\"https:\\\/\\\/radioljubuski.ba\\\/#website\",\"url\":\"https:\\\/\\\/radioljubuski.ba\\\/\",\"name\":\"Radio Ljubu\u0161ki\",\"description\":\"Sun\u010dana frekvencija Hercegovine\",\"publisher\":{\"@id\":\"https:\\\/\\\/radioljubuski.ba\\\/#organization\"},\"potentialAction\":[{\"@type\":\"SearchAction\",\"target\":{\"@type\":\"EntryPoint\",\"urlTemplate\":\"https:\\\/\\\/radioljubuski.ba\\\/?s={search_term_string}\"},\"query-input\":{\"@type\":\"PropertyValueSpecification\",\"valueRequired\":true,\"valueName\":\"search_term_string\"}}],\"inLanguage\":\"hr\"},{\"@type\":\"Organization\",\"@id\":\"https:\\\/\\\/radioljubuski.ba\\\/#organization\",\"name\":\"Radio Ljubu\u0161ki\",\"url\":\"https:\\\/\\\/radioljubuski.ba\\\/\",\"logo\":{\"@type\":\"ImageObject\",\"inLanguage\":\"hr\",\"@id\":\"https:\\\/\\\/radioljubuski.ba\\\/#\\\/schema\\\/logo\\\/image\\\/\",\"url\":\"https:\\\/\\\/radioljubuski.ba\\\/wp-content\\\/uploads\\\/2021\\\/02\\\/cropped-Radio_Ljubuski_logo1.jpg\",\"contentUrl\":\"https:\\\/\\\/radioljubuski.ba\\\/wp-content\\\/uploads\\\/2021\\\/02\\\/cropped-Radio_Ljubuski_logo1.jpg\",\"width\":512,\"height\":512,\"caption\":\"Radio Ljubu\u0161ki\"},\"image\":{\"@id\":\"https:\\\/\\\/radioljubuski.ba\\\/#\\\/schema\\\/logo\\\/image\\\/\"},\"sameAs\":[\"https:\\\/\\\/www.facebook.com\\\/Radiio-Ljubuski-1490835324566332\",\"https:\\\/\\\/x.com\\\/radioljubuski\",\"https:\\\/\\\/hr.linkedin.com\\\/company\\\/radio-ljubuski\",\"https:\\\/\\\/www.youtube.com\\\/channel\\\/UCHYaeO_n0Db3tjNGudGpXyw\"]},{\"@type\":\"Person\",\"@id\":\"https:\\\/\\\/radioljubuski.ba\\\/#\\\/schema\\\/person\\\/19fc700381a780f69665d7956c469e3b\",\"name\":\"Radio Ljubu\u0161ki\"}]}<\/script>\n<!-- \/ Yoast SEO plugin. -->","yoast_head_json":{"title":"Lyon prokockao pobjedu - RADIO LJUBU\u0160KI","robots":{"index":"index","follow":"follow","max-snippet":"max-snippet:-1","max-image-preview":"max-image-preview:large","max-video-preview":"max-video-preview:-1"},"canonical":"https:\/\/radioljubuski.ba\/index.php\/2021\/08\/22\/lyon-prokockao-pobjedu\/","og_locale":"hr_HR","og_type":"article","og_title":"Lyon prokockao pobjedu - RADIO LJUBU\u0160KI","og_description":"Lyon i Clermont Foot su u nedjelju odigrali 3-3 u utakmici 3. kola francuskog prvenstva, iako je Lyon imao prednost od 3-1 do kraja utakmice.&nbsp; Lyon je poveo u petoj minuti golom&nbsp;Dembelea, no&nbsp;Clermont&nbsp;je izjedna\u010dio u sedam minuta poslije, a strijelac je bio&nbsp;Diomande. Dembele je prednost Lyona pove\u0107ao na 2-1 u 21. minuti, a&nbsp;Paqueta&nbsp;je u suda\u010dkoj [&hellip;]","og_url":"https:\/\/radioljubuski.ba\/index.php\/2021\/08\/22\/lyon-prokockao-pobjedu\/","og_site_name":"RADIO LJUBU\u0160KI","article_publisher":"https:\/\/www.facebook.com\/Radiio-Ljubuski-1490835324566332","article_published_time":"2021-08-22T21:21:45+00:00","article_modified_time":"2021-08-22T21:21:46+00:00","og_image":[{"width":275,"height":183,"url":"https:\/\/radioljubuski.ba\/wp-content\/uploads\/2021\/08\/preuzmi-2-19.jpg","type":"image\/jpeg"}],"author":"Radio Ljubu\u0161ki","twitter_card":"summary_large_image","twitter_creator":"@radioljubuski","twitter_site":"@radioljubuski","twitter_misc":{"Napisao\/la":"Radio Ljubu\u0161ki","Procijenjeno vrijeme \u010ditanja":"2 minute"},"schema":{"@context":"https:\/\/schema.org","@graph":[{"@type":"Article","@id":"https:\/\/radioljubuski.ba\/index.php\/2021\/08\/22\/lyon-prokockao-pobjedu\/#article","isPartOf":{"@id":"https:\/\/radioljubuski.ba\/index.php\/2021\/08\/22\/lyon-prokockao-pobjedu\/"},"author":{"name":"Radio Ljubu\u0161ki","@id":"https:\/\/radioljubuski.ba\/#\/schema\/person\/19fc700381a780f69665d7956c469e3b"},"headline":"Lyon prokockao pobjedu","datePublished":"2021-08-22T21:21:45+00:00","dateModified":"2021-08-22T21:21:46+00:00","mainEntityOfPage":{"@id":"https:\/\/radioljubuski.ba\/index.php\/2021\/08\/22\/lyon-prokockao-pobjedu\/"},"wordCount":220,"publisher":{"@id":"https:\/\/radioljubuski.ba\/#organization"},"image":{"@id":"https:\/\/radioljubuski.ba\/index.php\/2021\/08\/22\/lyon-prokockao-pobjedu\/#primaryimage"},"thumbnailUrl":"https:\/\/radioljubuski.ba\/wp-content\/uploads\/2021\/08\/preuzmi-2-19.jpg","articleSection":["\u0160port"],"inLanguage":"hr"},{"@type":"WebPage","@id":"https:\/\/radioljubuski.ba\/index.php\/2021\/08\/22\/lyon-prokockao-pobjedu\/","url":"https:\/\/radioljubuski.ba\/index.php\/2021\/08\/22\/lyon-prokockao-pobjedu\/","name":"Lyon prokockao pobjedu - RADIO LJUBU\u0160KI","isPartOf":{"@id":"https:\/\/radioljubuski.ba\/#website"},"primaryImageOfPage":{"@id":"https:\/\/radioljubuski.ba\/index.php\/2021\/08\/22\/lyon-prokockao-pobjedu\/#primaryimage"},"image":{"@id":"https:\/\/radioljubuski.ba\/index.php\/2021\/08\/22\/lyon-prokockao-pobjedu\/#primaryimage"},"thumbnailUrl":"https:\/\/radioljubuski.ba\/wp-content\/uploads\/2021\/08\/preuzmi-2-19.jpg","datePublished":"2021-08-22T21:21:45+00:00","dateModified":"2021-08-22T21:21:46+00:00","breadcrumb":{"@id":"https:\/\/radioljubuski.ba\/index.php\/2021\/08\/22\/lyon-prokockao-pobjedu\/#breadcrumb"},"inLanguage":"hr","potentialAction":[{"@type":"ReadAction","target":["https:\/\/radioljubuski.ba\/index.php\/2021\/08\/22\/lyon-prokockao-pobjedu\/"]}]},{"@type":"ImageObject","inLanguage":"hr","@id":"https:\/\/radioljubuski.ba\/index.php\/2021\/08\/22\/lyon-prokockao-pobjedu\/#primaryimage","url":"https:\/\/radioljubuski.ba\/wp-content\/uploads\/2021\/08\/preuzmi-2-19.jpg","contentUrl":"https:\/\/radioljubuski.ba\/wp-content\/uploads\/2021\/08\/preuzmi-2-19.jpg","width":275,"height":183},{"@type":"BreadcrumbList","@id":"https:\/\/radioljubuski.ba\/index.php\/2021\/08\/22\/lyon-prokockao-pobjedu\/#breadcrumb","itemListElement":[{"@type":"ListItem","position":1,"name":"Po\u010detna stranica","item":"https:\/\/radioljubuski.ba\/"},{"@type":"ListItem","position":2,"name":"Lyon prokockao pobjedu"}]},{"@type":"WebSite","@id":"https:\/\/radioljubuski.ba\/#website","url":"https:\/\/radioljubuski.ba\/","name":"Radio Ljubu\u0161ki","description":"Sun\u010dana frekvencija Hercegovine","publisher":{"@id":"https:\/\/radioljubuski.ba\/#organization"},"potentialAction":[{"@type":"SearchAction","target":{"@type":"EntryPoint","urlTemplate":"https:\/\/radioljubuski.ba\/?s={search_term_string}"},"query-input":{"@type":"PropertyValueSpecification","valueRequired":true,"valueName":"search_term_string"}}],"inLanguage":"hr"},{"@type":"Organization","@id":"https:\/\/radioljubuski.ba\/#organization","name":"Radio Ljubu\u0161ki","url":"https:\/\/radioljubuski.ba\/","logo":{"@type":"ImageObject","inLanguage":"hr","@id":"https:\/\/radioljubuski.ba\/#\/schema\/logo\/image\/","url":"https:\/\/radioljubuski.ba\/wp-content\/uploads\/2021\/02\/cropped-Radio_Ljubuski_logo1.jpg","contentUrl":"https:\/\/radioljubuski.ba\/wp-content\/uploads\/2021\/02\/cropped-Radio_Ljubuski_logo1.jpg","width":512,"height":512,"caption":"Radio Ljubu\u0161ki"},"image":{"@id":"https:\/\/radioljubuski.ba\/#\/schema\/logo\/image\/"},"sameAs":["https:\/\/www.facebook.com\/Radiio-Ljubuski-1490835324566332","https:\/\/x.com\/radioljubuski","https:\/\/hr.linkedin.com\/company\/radio-ljubuski","https:\/\/www.youtube.com\/channel\/UCHYaeO_n0Db3tjNGudGpXyw"]},{"@type":"Person","@id":"https:\/\/radioljubuski.ba\/#\/schema\/person\/19fc700381a780f69665d7956c469e3b","name":"Radio Ljubu\u0161ki"}]}},"_links":{"self":[{"href":"https:\/\/radioljubuski.ba\/index.php\/wp-json\/wp\/v2\/posts\/56365","targetHints":{"allow":["GET"]}}],"collection":[{"href":"https:\/\/radioljubuski.ba\/index.php\/wp-json\/wp\/v2\/posts"}],"about":[{"href":"https:\/\/radioljubuski.ba\/index.php\/wp-json\/wp\/v2\/types\/post"}],"author":[{"embeddable":true,"href":"https:\/\/radioljubuski.ba\/index.php\/wp-json\/wp\/v2\/users\/2"}],"replies":[{"embeddable":true,"href":"https:\/\/radioljubuski.ba\/index.php\/wp-json\/wp\/v2\/comments?post=56365"}],"version-history":[{"count":1,"href":"https:\/\/radioljubuski.ba\/index.php\/wp-json\/wp\/v2\/posts\/56365\/revisions"}],"predecessor-version":[{"id":56367,"href":"https:\/\/radioljubuski.ba\/index.php\/wp-json\/wp\/v2\/posts\/56365\/revisions\/56367"}],"wp:featuredmedia":[{"embeddable":true,"href":"https:\/\/radioljubuski.ba\/index.php\/wp-json\/wp\/v2\/media\/56366"}],"wp:attachment":[{"href":"https:\/\/radioljubuski.ba\/index.php\/wp-json\/wp\/v2\/media?parent=56365"}],"wp:term":[{"taxonomy":"category","embeddable":true,"href":"https:\/\/radioljubuski.ba\/index.php\/wp-json\/wp\/v2\/categories?post=56365"},{"taxonomy":"post_tag","embeddable":true,"href":"https:\/\/radioljubuski.ba\/index.php\/wp-json\/wp\/v2\/tags?post=56365"}],"curies":[{"name":"wp","href":"https:\/\/api.w.org\/{rel}","templated":true}]}}