{"id":56374,"date":"2021-08-22T22:26:34","date_gmt":"2021-08-22T21:26:34","guid":{"rendered":"https:\/\/radioljubuski.ba\/?p=56374"},"modified":"2021-08-22T22:26:34","modified_gmt":"2021-08-22T21:26:34","slug":"asistencija-kramarica-u-remiju-hoffenheima","status":"publish","type":"post","link":"https:\/\/radioljubuski.ba\/index.php\/2021\/08\/22\/asistencija-kramarica-u-remiju-hoffenheima\/","title":{"rendered":"Asistencija Kramari\u0107a u remiju Hoffenheima"},"content":{"rendered":"\n<p><strong>Napada\u010d hrvatske nogometne reprezentacije Andrej Kramari\u0107 bio je asistent u 2-2 (2-1) doma\u0107em remiju Hoffenheima protiv Union Berlina u susretu 2. kola njema\u010dkog prvenstva.<\/strong><\/p>\n\n\n\n<p>Kramari\u0107 je u 30. minuti proigrao<strong>&nbsp;Bruuna Larsena&nbsp;<\/strong>za vodstvo Hoffenheima od 2-1. Prethodno je Union poveo golom&nbsp;<strong>Giesselmanna&nbsp;<\/strong>(10), na 1-1 izjedna\u010dio je&nbsp;<strong>Akpoguma&nbsp;<\/strong>(14), da bi u nastavku utakmice kona\u010dnih 2-2 postavio&nbsp;<strong>Awoniyi&nbsp;<\/strong>(47).<\/p>\n\n\n\n<p>Kramari\u0107 je odigrao svih 90 minuta za Hoffenheim koji je sada drugi na ljestvici s \u010detiri boda, dva manje od vode\u0107eg Wolfsburga, a isti u\u010dinak imaju tre\u0107i Bayer i \u010detvrti Freiburg. Union je 11. s dva boda.<\/p>\n\n\n\n<p>Kolo \u0107e kasnije u nedjelju zaklju\u010diti Bayern i K\u00f6ln.<\/p>\n\n\n\n<p>REZULTATI 2. KOLA,<\/p>\n\n\n\n<p>Petak:<\/p>\n\n\n\n<p>RB Leipzig &#8211; Stuttgart 4-0 (Szoboszlai 38, 52, Forsberg 46, Andre Silva 65-11m)<\/p>\n\n\n\n<p>Subota:<\/p>\n\n\n\n<p>Eintracht F. &#8211; Augsburg 0-0<\/p>\n\n\n\n<p>Freiburg &#8211; Borussia D. 2-1 (Grifo 6, Sallai 53 \/ Keitel 59-ag)<\/p>\n\n\n\n<p>Hertha &#8211; Wolfsburg 1-2 (Lukebakio 60-11m \/ Baku 74, Nmecha 88)<\/p>\n\n\n\n<p>Bochum &#8211; Mainz 05 2-0 (Holtmann 21, Polter 56)<\/p>\n\n\n\n<p>Greuther Fuerth &#8211; Arminia 1-1 (Hrgota 50-11m \/ Klos (45)<\/p>\n\n\n\n<p>Bayer &#8211; Borussia M. 4-0 (Sommer 3-ag, Schick 8, Diaby 55, Amiri 87)<\/p>\n\n\n\n<p>Nedjelja:<\/p>\n\n\n\n<p>Hoffenheim &#8211; Union Berlin 2-2 (Akpoguma 14, Bruun Larsen 30 \/ Giesselmann 10, Awoniyi 47)<\/p>\n\n\n\n<p>Kasnije igraju:<\/p>\n\n\n\n<p>Bayern &#8211; Koeln<\/p>\n\n\n\n<p>TABLICA:<\/p>\n\n\n\n<p>1. Wolfsburg 2 2 0 0 3-1 6<\/p>\n\n\n\n<p>2. Hoffenheim 2 1 1 0 6-2 4<\/p>\n\n\n\n<p>3. Bayer 2 1 1 0 5-1 4<\/p>\n\n\n\n<p>4. Freiburg 2 1 1 0 2-1 4<\/p>\n\n\n\n<p>5. RB Leipzig 2 1 0 1 4-1 3<\/p>\n\n\n\n<p>6. Borussia D. 2 1 0 1 6-4 3<\/p>\n\n\n\n<p>7. Koeln 1 1 0 0 3-1 3<\/p>\n\n\n\n<p>8. Bochum 2 1 0 1 2-1 3<\/p>\n\n\n\n<p>9. Stuttgart 2 1 0 1 5-5 3<\/p>\n\n\n\n<p>10. Mainz 05 2 1 0 1 1-2 3<\/p>\n\n\n\n<p>11. Union Berlin 2 0 2 0 3-3 2<\/p>\n\n\n\n<p>12. Arminia 2 0 2 0 1-1 2<\/p>\n\n\n\n<p>13. Bayern 1 0 1 0 1-1 1<\/p>\n\n\n\n<p>14. Eintracht F. 2 0 1 1 2-5 1<\/p>\n\n\n\n<p>15. Greuther Fuerth 2 0 1 1 2-6 1<\/p>\n\n\n\n<p>16. Borussia M. 2 0 1 1 1-5 1<\/p>\n\n\n\n<p>17. Augsburg 2 0 1 1 0-4 1<\/p>\n\n\n\n<p>18. Hertha 2 0 0 2 2-5 0<\/p>\n\n\n\n<p>Izvor:hrt.hr<\/p>\n","protected":false},"excerpt":{"rendered":"<p>Napada\u010d hrvatske nogometne reprezentacije Andrej Kramari\u0107 bio je asistent u 2-2 (2-1) doma\u0107em remiju Hoffenheima protiv Union Berlina u susretu 2. kola njema\u010dkog prvenstva. Kramari\u0107 je u 30. minuti proigrao&nbsp;Bruuna Larsena&nbsp;za vodstvo Hoffenheima od 2-1. Prethodno je Union poveo golom&nbsp;Giesselmanna&nbsp;(10), na 1-1 izjedna\u010dio je&nbsp;Akpoguma&nbsp;(14), da bi u nastavku utakmice kona\u010dnih 2-2 postavio&nbsp;Awoniyi&nbsp;(47). Kramari\u0107 je odigrao [&hellip;]<\/p>\n","protected":false},"author":2,"featured_media":56375,"comment_status":"closed","ping_status":"closed","sticky":false,"template":"","format":"standard","meta":{"h5ap_radio_sources":[],"footnotes":""},"categories":[7],"tags":[],"class_list":["post-56374","post","type-post","status-publish","format-standard","has-post-thumbnail","hentry","category-sport"],"yoast_head":"<!-- This site is optimized with the Yoast SEO plugin v27.5 - https:\/\/yoast.com\/product\/yoast-seo-wordpress\/ -->\n<title>Asistencija Kramari\u0107a u remiju Hoffenheima - RADIO LJUBU\u0160KI<\/title>\n<meta name=\"robots\" content=\"index, follow, max-snippet:-1, max-image-preview:large, max-video-preview:-1\" \/>\n<link rel=\"canonical\" href=\"https:\/\/radioljubuski.ba\/index.php\/2021\/08\/22\/asistencija-kramarica-u-remiju-hoffenheima\/\" \/>\n<meta property=\"og:locale\" content=\"hr_HR\" \/>\n<meta property=\"og:type\" content=\"article\" \/>\n<meta property=\"og:title\" content=\"Asistencija Kramari\u0107a u remiju Hoffenheima - RADIO LJUBU\u0160KI\" \/>\n<meta property=\"og:description\" content=\"Napada\u010d hrvatske nogometne reprezentacije Andrej Kramari\u0107 bio je asistent u 2-2 (2-1) doma\u0107em remiju Hoffenheima protiv Union Berlina u susretu 2. kola njema\u010dkog prvenstva. Kramari\u0107 je u 30. minuti proigrao&nbsp;Bruuna Larsena&nbsp;za vodstvo Hoffenheima od 2-1. Prethodno je Union poveo golom&nbsp;Giesselmanna&nbsp;(10), na 1-1 izjedna\u010dio je&nbsp;Akpoguma&nbsp;(14), da bi u nastavku utakmice kona\u010dnih 2-2 postavio&nbsp;Awoniyi&nbsp;(47). Kramari\u0107 je odigrao [&hellip;]\" \/>\n<meta property=\"og:url\" content=\"https:\/\/radioljubuski.ba\/index.php\/2021\/08\/22\/asistencija-kramarica-u-remiju-hoffenheima\/\" \/>\n<meta property=\"og:site_name\" content=\"RADIO LJUBU\u0160KI\" \/>\n<meta property=\"article:publisher\" content=\"https:\/\/www.facebook.com\/Radiio-Ljubuski-1490835324566332\" \/>\n<meta property=\"article:published_time\" content=\"2021-08-22T21:26:34+00:00\" \/>\n<meta property=\"og:image\" content=\"https:\/\/radioljubuski.ba\/wp-content\/uploads\/2021\/08\/pxl-nord-220821-34274451-20210822155219.jpg\" \/>\n\t<meta property=\"og:image:width\" content=\"1600\" \/>\n\t<meta property=\"og:image:height\" content=\"1243\" \/>\n\t<meta property=\"og:image:type\" content=\"image\/jpeg\" \/>\n<meta name=\"author\" content=\"Radio Ljubu\u0161ki\" \/>\n<meta name=\"twitter:card\" content=\"summary_large_image\" \/>\n<meta name=\"twitter:creator\" content=\"@radioljubuski\" \/>\n<meta name=\"twitter:site\" content=\"@radioljubuski\" \/>\n<meta name=\"twitter:label1\" content=\"Napisao\/la\" \/>\n\t<meta name=\"twitter:data1\" content=\"Radio Ljubu\u0161ki\" \/>\n\t<meta name=\"twitter:label2\" content=\"Procijenjeno vrijeme \u010ditanja\" \/>\n\t<meta name=\"twitter:data2\" content=\"2 minute\" \/>\n<script type=\"application\/ld+json\" class=\"yoast-schema-graph\">{\"@context\":\"https:\\\/\\\/schema.org\",\"@graph\":[{\"@type\":\"Article\",\"@id\":\"https:\\\/\\\/radioljubuski.ba\\\/index.php\\\/2021\\\/08\\\/22\\\/asistencija-kramarica-u-remiju-hoffenheima\\\/#article\",\"isPartOf\":{\"@id\":\"https:\\\/\\\/radioljubuski.ba\\\/index.php\\\/2021\\\/08\\\/22\\\/asistencija-kramarica-u-remiju-hoffenheima\\\/\"},\"author\":{\"name\":\"Radio Ljubu\u0161ki\",\"@id\":\"https:\\\/\\\/radioljubuski.ba\\\/#\\\/schema\\\/person\\\/19fc700381a780f69665d7956c469e3b\"},\"headline\":\"Asistencija Kramari\u0107a u remiju Hoffenheima\",\"datePublished\":\"2021-08-22T21:26:34+00:00\",\"mainEntityOfPage\":{\"@id\":\"https:\\\/\\\/radioljubuski.ba\\\/index.php\\\/2021\\\/08\\\/22\\\/asistencija-kramarica-u-remiju-hoffenheima\\\/\"},\"wordCount\":247,\"publisher\":{\"@id\":\"https:\\\/\\\/radioljubuski.ba\\\/#organization\"},\"image\":{\"@id\":\"https:\\\/\\\/radioljubuski.ba\\\/index.php\\\/2021\\\/08\\\/22\\\/asistencija-kramarica-u-remiju-hoffenheima\\\/#primaryimage\"},\"thumbnailUrl\":\"https:\\\/\\\/radioljubuski.ba\\\/wp-content\\\/uploads\\\/2021\\\/08\\\/pxl-nord-220821-34274451-20210822155219.jpg\",\"articleSection\":[\"\u0160port\"],\"inLanguage\":\"hr\"},{\"@type\":\"WebPage\",\"@id\":\"https:\\\/\\\/radioljubuski.ba\\\/index.php\\\/2021\\\/08\\\/22\\\/asistencija-kramarica-u-remiju-hoffenheima\\\/\",\"url\":\"https:\\\/\\\/radioljubuski.ba\\\/index.php\\\/2021\\\/08\\\/22\\\/asistencija-kramarica-u-remiju-hoffenheima\\\/\",\"name\":\"Asistencija Kramari\u0107a u remiju Hoffenheima - RADIO LJUBU\u0160KI\",\"isPartOf\":{\"@id\":\"https:\\\/\\\/radioljubuski.ba\\\/#website\"},\"primaryImageOfPage\":{\"@id\":\"https:\\\/\\\/radioljubuski.ba\\\/index.php\\\/2021\\\/08\\\/22\\\/asistencija-kramarica-u-remiju-hoffenheima\\\/#primaryimage\"},\"image\":{\"@id\":\"https:\\\/\\\/radioljubuski.ba\\\/index.php\\\/2021\\\/08\\\/22\\\/asistencija-kramarica-u-remiju-hoffenheima\\\/#primaryimage\"},\"thumbnailUrl\":\"https:\\\/\\\/radioljubuski.ba\\\/wp-content\\\/uploads\\\/2021\\\/08\\\/pxl-nord-220821-34274451-20210822155219.jpg\",\"datePublished\":\"2021-08-22T21:26:34+00:00\",\"breadcrumb\":{\"@id\":\"https:\\\/\\\/radioljubuski.ba\\\/index.php\\\/2021\\\/08\\\/22\\\/asistencija-kramarica-u-remiju-hoffenheima\\\/#breadcrumb\"},\"inLanguage\":\"hr\",\"potentialAction\":[{\"@type\":\"ReadAction\",\"target\":[\"https:\\\/\\\/radioljubuski.ba\\\/index.php\\\/2021\\\/08\\\/22\\\/asistencija-kramarica-u-remiju-hoffenheima\\\/\"]}]},{\"@type\":\"ImageObject\",\"inLanguage\":\"hr\",\"@id\":\"https:\\\/\\\/radioljubuski.ba\\\/index.php\\\/2021\\\/08\\\/22\\\/asistencija-kramarica-u-remiju-hoffenheima\\\/#primaryimage\",\"url\":\"https:\\\/\\\/radioljubuski.ba\\\/wp-content\\\/uploads\\\/2021\\\/08\\\/pxl-nord-220821-34274451-20210822155219.jpg\",\"contentUrl\":\"https:\\\/\\\/radioljubuski.ba\\\/wp-content\\\/uploads\\\/2021\\\/08\\\/pxl-nord-220821-34274451-20210822155219.jpg\",\"width\":1600,\"height\":1243,\"caption\":\"22.08.2021, PreZero-Arena, Sinsheim, GER, 1.FBL, TSG 1899 Hoffenheim vs Union Berlin , DFL regulations prohibit any use of photographs as image sequences and\\\/or quasi-video. im Bild Marvin Friedrich (Union Berlin), Andrej Kramaric (Hoffenheim) Foto \u00a9 nordphoto GmbH \\\/ Bratic *** Local Caption *** \\\/PIXSELL\"},{\"@type\":\"BreadcrumbList\",\"@id\":\"https:\\\/\\\/radioljubuski.ba\\\/index.php\\\/2021\\\/08\\\/22\\\/asistencija-kramarica-u-remiju-hoffenheima\\\/#breadcrumb\",\"itemListElement\":[{\"@type\":\"ListItem\",\"position\":1,\"name\":\"Po\u010detna stranica\",\"item\":\"https:\\\/\\\/radioljubuski.ba\\\/\"},{\"@type\":\"ListItem\",\"position\":2,\"name\":\"Asistencija Kramari\u0107a u remiju Hoffenheima\"}]},{\"@type\":\"WebSite\",\"@id\":\"https:\\\/\\\/radioljubuski.ba\\\/#website\",\"url\":\"https:\\\/\\\/radioljubuski.ba\\\/\",\"name\":\"Radio Ljubu\u0161ki\",\"description\":\"Sun\u010dana frekvencija Hercegovine\",\"publisher\":{\"@id\":\"https:\\\/\\\/radioljubuski.ba\\\/#organization\"},\"potentialAction\":[{\"@type\":\"SearchAction\",\"target\":{\"@type\":\"EntryPoint\",\"urlTemplate\":\"https:\\\/\\\/radioljubuski.ba\\\/?s={search_term_string}\"},\"query-input\":{\"@type\":\"PropertyValueSpecification\",\"valueRequired\":true,\"valueName\":\"search_term_string\"}}],\"inLanguage\":\"hr\"},{\"@type\":\"Organization\",\"@id\":\"https:\\\/\\\/radioljubuski.ba\\\/#organization\",\"name\":\"Radio Ljubu\u0161ki\",\"url\":\"https:\\\/\\\/radioljubuski.ba\\\/\",\"logo\":{\"@type\":\"ImageObject\",\"inLanguage\":\"hr\",\"@id\":\"https:\\\/\\\/radioljubuski.ba\\\/#\\\/schema\\\/logo\\\/image\\\/\",\"url\":\"https:\\\/\\\/radioljubuski.ba\\\/wp-content\\\/uploads\\\/2021\\\/02\\\/cropped-Radio_Ljubuski_logo1.jpg\",\"contentUrl\":\"https:\\\/\\\/radioljubuski.ba\\\/wp-content\\\/uploads\\\/2021\\\/02\\\/cropped-Radio_Ljubuski_logo1.jpg\",\"width\":512,\"height\":512,\"caption\":\"Radio Ljubu\u0161ki\"},\"image\":{\"@id\":\"https:\\\/\\\/radioljubuski.ba\\\/#\\\/schema\\\/logo\\\/image\\\/\"},\"sameAs\":[\"https:\\\/\\\/www.facebook.com\\\/Radiio-Ljubuski-1490835324566332\",\"https:\\\/\\\/x.com\\\/radioljubuski\",\"https:\\\/\\\/hr.linkedin.com\\\/company\\\/radio-ljubuski\",\"https:\\\/\\\/www.youtube.com\\\/channel\\\/UCHYaeO_n0Db3tjNGudGpXyw\"]},{\"@type\":\"Person\",\"@id\":\"https:\\\/\\\/radioljubuski.ba\\\/#\\\/schema\\\/person\\\/19fc700381a780f69665d7956c469e3b\",\"name\":\"Radio Ljubu\u0161ki\"}]}<\/script>\n<!-- \/ Yoast SEO plugin. -->","yoast_head_json":{"title":"Asistencija Kramari\u0107a u remiju Hoffenheima - RADIO LJUBU\u0160KI","robots":{"index":"index","follow":"follow","max-snippet":"max-snippet:-1","max-image-preview":"max-image-preview:large","max-video-preview":"max-video-preview:-1"},"canonical":"https:\/\/radioljubuski.ba\/index.php\/2021\/08\/22\/asistencija-kramarica-u-remiju-hoffenheima\/","og_locale":"hr_HR","og_type":"article","og_title":"Asistencija Kramari\u0107a u remiju Hoffenheima - RADIO LJUBU\u0160KI","og_description":"Napada\u010d hrvatske nogometne reprezentacije Andrej Kramari\u0107 bio je asistent u 2-2 (2-1) doma\u0107em remiju Hoffenheima protiv Union Berlina u susretu 2. kola njema\u010dkog prvenstva. Kramari\u0107 je u 30. minuti proigrao&nbsp;Bruuna Larsena&nbsp;za vodstvo Hoffenheima od 2-1. Prethodno je Union poveo golom&nbsp;Giesselmanna&nbsp;(10), na 1-1 izjedna\u010dio je&nbsp;Akpoguma&nbsp;(14), da bi u nastavku utakmice kona\u010dnih 2-2 postavio&nbsp;Awoniyi&nbsp;(47). Kramari\u0107 je odigrao [&hellip;]","og_url":"https:\/\/radioljubuski.ba\/index.php\/2021\/08\/22\/asistencija-kramarica-u-remiju-hoffenheima\/","og_site_name":"RADIO LJUBU\u0160KI","article_publisher":"https:\/\/www.facebook.com\/Radiio-Ljubuski-1490835324566332","article_published_time":"2021-08-22T21:26:34+00:00","og_image":[{"width":1600,"height":1243,"url":"https:\/\/radioljubuski.ba\/wp-content\/uploads\/2021\/08\/pxl-nord-220821-34274451-20210822155219.jpg","type":"image\/jpeg"}],"author":"Radio Ljubu\u0161ki","twitter_card":"summary_large_image","twitter_creator":"@radioljubuski","twitter_site":"@radioljubuski","twitter_misc":{"Napisao\/la":"Radio Ljubu\u0161ki","Procijenjeno vrijeme \u010ditanja":"2 minute"},"schema":{"@context":"https:\/\/schema.org","@graph":[{"@type":"Article","@id":"https:\/\/radioljubuski.ba\/index.php\/2021\/08\/22\/asistencija-kramarica-u-remiju-hoffenheima\/#article","isPartOf":{"@id":"https:\/\/radioljubuski.ba\/index.php\/2021\/08\/22\/asistencija-kramarica-u-remiju-hoffenheima\/"},"author":{"name":"Radio Ljubu\u0161ki","@id":"https:\/\/radioljubuski.ba\/#\/schema\/person\/19fc700381a780f69665d7956c469e3b"},"headline":"Asistencija Kramari\u0107a u remiju Hoffenheima","datePublished":"2021-08-22T21:26:34+00:00","mainEntityOfPage":{"@id":"https:\/\/radioljubuski.ba\/index.php\/2021\/08\/22\/asistencija-kramarica-u-remiju-hoffenheima\/"},"wordCount":247,"publisher":{"@id":"https:\/\/radioljubuski.ba\/#organization"},"image":{"@id":"https:\/\/radioljubuski.ba\/index.php\/2021\/08\/22\/asistencija-kramarica-u-remiju-hoffenheima\/#primaryimage"},"thumbnailUrl":"https:\/\/radioljubuski.ba\/wp-content\/uploads\/2021\/08\/pxl-nord-220821-34274451-20210822155219.jpg","articleSection":["\u0160port"],"inLanguage":"hr"},{"@type":"WebPage","@id":"https:\/\/radioljubuski.ba\/index.php\/2021\/08\/22\/asistencija-kramarica-u-remiju-hoffenheima\/","url":"https:\/\/radioljubuski.ba\/index.php\/2021\/08\/22\/asistencija-kramarica-u-remiju-hoffenheima\/","name":"Asistencija Kramari\u0107a u remiju Hoffenheima - RADIO LJUBU\u0160KI","isPartOf":{"@id":"https:\/\/radioljubuski.ba\/#website"},"primaryImageOfPage":{"@id":"https:\/\/radioljubuski.ba\/index.php\/2021\/08\/22\/asistencija-kramarica-u-remiju-hoffenheima\/#primaryimage"},"image":{"@id":"https:\/\/radioljubuski.ba\/index.php\/2021\/08\/22\/asistencija-kramarica-u-remiju-hoffenheima\/#primaryimage"},"thumbnailUrl":"https:\/\/radioljubuski.ba\/wp-content\/uploads\/2021\/08\/pxl-nord-220821-34274451-20210822155219.jpg","datePublished":"2021-08-22T21:26:34+00:00","breadcrumb":{"@id":"https:\/\/radioljubuski.ba\/index.php\/2021\/08\/22\/asistencija-kramarica-u-remiju-hoffenheima\/#breadcrumb"},"inLanguage":"hr","potentialAction":[{"@type":"ReadAction","target":["https:\/\/radioljubuski.ba\/index.php\/2021\/08\/22\/asistencija-kramarica-u-remiju-hoffenheima\/"]}]},{"@type":"ImageObject","inLanguage":"hr","@id":"https:\/\/radioljubuski.ba\/index.php\/2021\/08\/22\/asistencija-kramarica-u-remiju-hoffenheima\/#primaryimage","url":"https:\/\/radioljubuski.ba\/wp-content\/uploads\/2021\/08\/pxl-nord-220821-34274451-20210822155219.jpg","contentUrl":"https:\/\/radioljubuski.ba\/wp-content\/uploads\/2021\/08\/pxl-nord-220821-34274451-20210822155219.jpg","width":1600,"height":1243,"caption":"22.08.2021, PreZero-Arena, Sinsheim, GER, 1.FBL, TSG 1899 Hoffenheim vs Union Berlin , DFL regulations prohibit any use of photographs as image sequences and\/or quasi-video. im Bild Marvin Friedrich (Union Berlin), Andrej Kramaric (Hoffenheim) Foto \u00a9 nordphoto GmbH \/ Bratic *** Local Caption *** \/PIXSELL"},{"@type":"BreadcrumbList","@id":"https:\/\/radioljubuski.ba\/index.php\/2021\/08\/22\/asistencija-kramarica-u-remiju-hoffenheima\/#breadcrumb","itemListElement":[{"@type":"ListItem","position":1,"name":"Po\u010detna stranica","item":"https:\/\/radioljubuski.ba\/"},{"@type":"ListItem","position":2,"name":"Asistencija Kramari\u0107a u remiju Hoffenheima"}]},{"@type":"WebSite","@id":"https:\/\/radioljubuski.ba\/#website","url":"https:\/\/radioljubuski.ba\/","name":"Radio Ljubu\u0161ki","description":"Sun\u010dana frekvencija Hercegovine","publisher":{"@id":"https:\/\/radioljubuski.ba\/#organization"},"potentialAction":[{"@type":"SearchAction","target":{"@type":"EntryPoint","urlTemplate":"https:\/\/radioljubuski.ba\/?s={search_term_string}"},"query-input":{"@type":"PropertyValueSpecification","valueRequired":true,"valueName":"search_term_string"}}],"inLanguage":"hr"},{"@type":"Organization","@id":"https:\/\/radioljubuski.ba\/#organization","name":"Radio Ljubu\u0161ki","url":"https:\/\/radioljubuski.ba\/","logo":{"@type":"ImageObject","inLanguage":"hr","@id":"https:\/\/radioljubuski.ba\/#\/schema\/logo\/image\/","url":"https:\/\/radioljubuski.ba\/wp-content\/uploads\/2021\/02\/cropped-Radio_Ljubuski_logo1.jpg","contentUrl":"https:\/\/radioljubuski.ba\/wp-content\/uploads\/2021\/02\/cropped-Radio_Ljubuski_logo1.jpg","width":512,"height":512,"caption":"Radio Ljubu\u0161ki"},"image":{"@id":"https:\/\/radioljubuski.ba\/#\/schema\/logo\/image\/"},"sameAs":["https:\/\/www.facebook.com\/Radiio-Ljubuski-1490835324566332","https:\/\/x.com\/radioljubuski","https:\/\/hr.linkedin.com\/company\/radio-ljubuski","https:\/\/www.youtube.com\/channel\/UCHYaeO_n0Db3tjNGudGpXyw"]},{"@type":"Person","@id":"https:\/\/radioljubuski.ba\/#\/schema\/person\/19fc700381a780f69665d7956c469e3b","name":"Radio Ljubu\u0161ki"}]}},"_links":{"self":[{"href":"https:\/\/radioljubuski.ba\/index.php\/wp-json\/wp\/v2\/posts\/56374","targetHints":{"allow":["GET"]}}],"collection":[{"href":"https:\/\/radioljubuski.ba\/index.php\/wp-json\/wp\/v2\/posts"}],"about":[{"href":"https:\/\/radioljubuski.ba\/index.php\/wp-json\/wp\/v2\/types\/post"}],"author":[{"embeddable":true,"href":"https:\/\/radioljubuski.ba\/index.php\/wp-json\/wp\/v2\/users\/2"}],"replies":[{"embeddable":true,"href":"https:\/\/radioljubuski.ba\/index.php\/wp-json\/wp\/v2\/comments?post=56374"}],"version-history":[{"count":1,"href":"https:\/\/radioljubuski.ba\/index.php\/wp-json\/wp\/v2\/posts\/56374\/revisions"}],"predecessor-version":[{"id":56376,"href":"https:\/\/radioljubuski.ba\/index.php\/wp-json\/wp\/v2\/posts\/56374\/revisions\/56376"}],"wp:featuredmedia":[{"embeddable":true,"href":"https:\/\/radioljubuski.ba\/index.php\/wp-json\/wp\/v2\/media\/56375"}],"wp:attachment":[{"href":"https:\/\/radioljubuski.ba\/index.php\/wp-json\/wp\/v2\/media?parent=56374"}],"wp:term":[{"taxonomy":"category","embeddable":true,"href":"https:\/\/radioljubuski.ba\/index.php\/wp-json\/wp\/v2\/categories?post=56374"},{"taxonomy":"post_tag","embeddable":true,"href":"https:\/\/radioljubuski.ba\/index.php\/wp-json\/wp\/v2\/tags?post=56374"}],"curies":[{"name":"wp","href":"https:\/\/api.w.org\/{rel}","templated":true}]}}