{"id":56392,"date":"2021-08-22T22:38:39","date_gmt":"2021-08-22T21:38:39","guid":{"rendered":"https:\/\/radioljubuski.ba\/?p=56392"},"modified":"2021-08-22T22:38:41","modified_gmt":"2021-08-22T21:38:41","slug":"mourinho-krenuo-pobjedom-na-klupi-rome","status":"publish","type":"post","link":"https:\/\/radioljubuski.ba\/index.php\/2021\/08\/22\/mourinho-krenuo-pobjedom-na-klupi-rome\/","title":{"rendered":"Mourinho krenuo pobjedom na klupi Rome"},"content":{"rendered":"\n<p><strong>Karizmati\u010dni portugalski nogometni trener Kose Mourinho svoj je mandat na klupi Rome zapo\u010deo 3-1 (1-0) doma\u0107om pobjedom protiv Fiorentine u 1. kolu Serie A.<\/strong><\/p>\n\n\n\n<p>Mourinhu je u nedjelju bio izrazito naklonjen VAR jer prva dva gola Romi su priznata nakon dugotrajnih pregledavanja snimki nakon kojih je procijenjeno kako su linijski suci pogrije\u0161ili ozna\u010davaju\u0107i zale\u0111e&nbsp;<strong>Mkhitaryana<\/strong>, koji je pogodio za 1-0 u 26. minuti, odnosno&nbsp;<strong>Abrahama&nbsp;<\/strong>koji je asistirao&nbsp;<strong>Veretoutu&nbsp;<\/strong>za 2-1 u 64. minuti. Tako\u0111er, Roma je uz prili\u010dnu naklonost suca od 17. minute imala i igra\u010da vi\u0161e jer je vrlo strogo isklju\u010den vratar Fiorentine&nbsp;<strong>Dragowski<\/strong>. Broj\u010danu prednost Roma je imala do 52. minute kada je zbog dva \u017euta kartona isklju\u010den&nbsp;<strong>Zaniolo<\/strong>, a vrlo brzo potom&nbsp;<strong>Milenkovi\u0107&nbsp;<\/strong>je u 60. minuti pogodio za 1-1. No, tih 1-1 stajalo je samo \u010detiri minute, da bi Veretout u 79. minuti svojim drugim golom potvrdio pobjedu Rome od 3-1.<\/p>\n\n\n\n<p>Napoli je s 2-0 (0-0) na svom terenu svladao novaka u ligi Veneziju iako je od 23. minute igrao bez isklju\u010denog&nbsp;<strong>Osimhena<\/strong>.&nbsp;<strong>Insigne&nbsp;<\/strong>je u 56. minuti jo\u0161 proma\u0161io i kazneni udarac, no samo \u0161est minuta potom kapetan Napolija je dobio novu priliku s bijele to\u010dke koju je iskoristio za 1-0. Oba 11-erca dosu\u0111ena su zbog igranja rukom nogometa\u0161a Venezije. Kona\u010dnih 2-0 postavio je&nbsp;<strong>Elmas&nbsp;<\/strong>u 72. minuti.<\/p>\n\n\n\n<p>Ranije u nedjelju Juventus je ispustio je pobjedu na gostovanju kod Udinesea, na poluvremenu je vodio s 2-0, no utakmica je zavr\u0161ila rezultatom 2-2. Istovremeno, zanimljivo je bilo i u Bologni gdje je istoimeni doma\u0107in svladao novaka u ligi Salernitanu s 3-2 (0-0) uz tri crvena kartona.&nbsp;<\/p>\n\n\n\n<p>REZULTATI 1. KOLA,<\/p>\n\n\n\n<p>Subota:<\/p>\n\n\n\n<p>Inter &#8211; Genoa 4-0 (\u0160kriniar 6, Calhanoglu 14, Vidal 74, D\u017eeko 88)<\/p>\n\n\n\n<p>Verona &#8211; Sassuolo 2-3 (Zaccagni 71-11m, 90 \/ Raspadori 32, \u0110uri\u010di\u0107 51, Traore 77)<\/p>\n\n\n\n<p>Empoli &#8211; Lazio 1-3 (Bandinelli 4 \/ Milinkovi\u0107-Savi\u0107 6, Lazzari 31, Immobile 41-11m)<\/p>\n\n\n\n<p>Torino &#8211; Atalanta 1-2 (Belotti 79 \/ Muriel 6, Piccoli 90+3)<\/p>\n\n\n\n<p>Nedjelja:<\/p>\n\n\n\n<p>Bologna &#8211; Salernitana 3-2 (De Silvestri 59, 77, Arnautovi\u0107 74 \/ Bonazzoli 52, Coulibaly 70)<\/p>\n\n\n\n<p>Udinese &#8211; Juventus 2-2 (Pereyra 51-11m, Deulofeu 83 \/ Dybala 3, Cuadrado 23)<\/p>\n\n\n\n<p>Roma &#8211; Fiorentina 3-1 (Mhtarjan 26, Veretout 64, 79 \/ Milenkovi\u0107 60)<\/p>\n\n\n\n<p>Napoli &#8211; Venezia 2-0 (Insigne 62-11m, Elmas 72)<\/p>\n\n\n\n<p>Ponedjeljak:<\/p>\n\n\n\n<p>Cagliari &#8211; Spezia<\/p>\n\n\n\n<p>Sampdoria &#8211; Milan<\/p>\n\n\n\n<p>Izvor:hrt.hr<\/p>\n","protected":false},"excerpt":{"rendered":"<p>Karizmati\u010dni portugalski nogometni trener Kose Mourinho svoj je mandat na klupi Rome zapo\u010deo 3-1 (1-0) doma\u0107om pobjedom protiv Fiorentine u 1. kolu Serie A. Mourinhu je u nedjelju bio izrazito naklonjen VAR jer prva dva gola Romi su priznata nakon dugotrajnih pregledavanja snimki nakon kojih je procijenjeno kako su linijski suci pogrije\u0161ili ozna\u010davaju\u0107i zale\u0111e&nbsp;Mkhitaryana, koji [&hellip;]<\/p>\n","protected":false},"author":2,"featured_media":56393,"comment_status":"closed","ping_status":"closed","sticky":false,"template":"","format":"standard","meta":{"h5ap_radio_sources":[],"footnotes":""},"categories":[7],"tags":[],"class_list":["post-56392","post","type-post","status-publish","format-standard","has-post-thumbnail","hentry","category-sport"],"yoast_head":"<!-- This site is optimized with the Yoast SEO plugin v27.5 - https:\/\/yoast.com\/product\/yoast-seo-wordpress\/ -->\n<title>Mourinho krenuo pobjedom na klupi Rome - RADIO LJUBU\u0160KI<\/title>\n<meta name=\"robots\" content=\"index, follow, max-snippet:-1, max-image-preview:large, max-video-preview:-1\" \/>\n<link rel=\"canonical\" href=\"https:\/\/radioljubuski.ba\/index.php\/2021\/08\/22\/mourinho-krenuo-pobjedom-na-klupi-rome\/\" \/>\n<meta property=\"og:locale\" content=\"hr_HR\" \/>\n<meta property=\"og:type\" content=\"article\" \/>\n<meta property=\"og:title\" content=\"Mourinho krenuo pobjedom na klupi Rome - RADIO LJUBU\u0160KI\" \/>\n<meta property=\"og:description\" content=\"Karizmati\u010dni portugalski nogometni trener Kose Mourinho svoj je mandat na klupi Rome zapo\u010deo 3-1 (1-0) doma\u0107om pobjedom protiv Fiorentine u 1. kolu Serie A. Mourinhu je u nedjelju bio izrazito naklonjen VAR jer prva dva gola Romi su priznata nakon dugotrajnih pregledavanja snimki nakon kojih je procijenjeno kako su linijski suci pogrije\u0161ili ozna\u010davaju\u0107i zale\u0111e&nbsp;Mkhitaryana, koji [&hellip;]\" \/>\n<meta property=\"og:url\" content=\"https:\/\/radioljubuski.ba\/index.php\/2021\/08\/22\/mourinho-krenuo-pobjedom-na-klupi-rome\/\" \/>\n<meta property=\"og:site_name\" content=\"RADIO LJUBU\u0160KI\" \/>\n<meta property=\"article:publisher\" content=\"https:\/\/www.facebook.com\/Radiio-Ljubuski-1490835324566332\" \/>\n<meta property=\"article:published_time\" content=\"2021-08-22T21:38:39+00:00\" \/>\n<meta property=\"article:modified_time\" content=\"2021-08-22T21:38:41+00:00\" \/>\n<meta property=\"og:image\" content=\"https:\/\/radioljubuski.ba\/wp-content\/uploads\/2021\/08\/1629410818-mourinho-750x500-1.jpg\" \/>\n\t<meta property=\"og:image:width\" content=\"750\" \/>\n\t<meta property=\"og:image:height\" content=\"500\" \/>\n\t<meta property=\"og:image:type\" content=\"image\/jpeg\" \/>\n<meta name=\"author\" content=\"Radio Ljubu\u0161ki\" \/>\n<meta name=\"twitter:card\" content=\"summary_large_image\" \/>\n<meta name=\"twitter:creator\" content=\"@radioljubuski\" \/>\n<meta name=\"twitter:site\" content=\"@radioljubuski\" \/>\n<meta name=\"twitter:label1\" content=\"Napisao\/la\" \/>\n\t<meta name=\"twitter:data1\" content=\"Radio Ljubu\u0161ki\" \/>\n\t<meta name=\"twitter:label2\" content=\"Procijenjeno vrijeme \u010ditanja\" \/>\n\t<meta name=\"twitter:data2\" content=\"2 minute\" \/>\n<script type=\"application\/ld+json\" class=\"yoast-schema-graph\">{\"@context\":\"https:\\\/\\\/schema.org\",\"@graph\":[{\"@type\":\"Article\",\"@id\":\"https:\\\/\\\/radioljubuski.ba\\\/index.php\\\/2021\\\/08\\\/22\\\/mourinho-krenuo-pobjedom-na-klupi-rome\\\/#article\",\"isPartOf\":{\"@id\":\"https:\\\/\\\/radioljubuski.ba\\\/index.php\\\/2021\\\/08\\\/22\\\/mourinho-krenuo-pobjedom-na-klupi-rome\\\/\"},\"author\":{\"name\":\"Radio Ljubu\u0161ki\",\"@id\":\"https:\\\/\\\/radioljubuski.ba\\\/#\\\/schema\\\/person\\\/19fc700381a780f69665d7956c469e3b\"},\"headline\":\"Mourinho krenuo pobjedom na klupi Rome\",\"datePublished\":\"2021-08-22T21:38:39+00:00\",\"dateModified\":\"2021-08-22T21:38:41+00:00\",\"mainEntityOfPage\":{\"@id\":\"https:\\\/\\\/radioljubuski.ba\\\/index.php\\\/2021\\\/08\\\/22\\\/mourinho-krenuo-pobjedom-na-klupi-rome\\\/\"},\"wordCount\":380,\"publisher\":{\"@id\":\"https:\\\/\\\/radioljubuski.ba\\\/#organization\"},\"image\":{\"@id\":\"https:\\\/\\\/radioljubuski.ba\\\/index.php\\\/2021\\\/08\\\/22\\\/mourinho-krenuo-pobjedom-na-klupi-rome\\\/#primaryimage\"},\"thumbnailUrl\":\"https:\\\/\\\/radioljubuski.ba\\\/wp-content\\\/uploads\\\/2021\\\/08\\\/1629410818-mourinho-750x500-1.jpg\",\"articleSection\":[\"\u0160port\"],\"inLanguage\":\"hr\"},{\"@type\":\"WebPage\",\"@id\":\"https:\\\/\\\/radioljubuski.ba\\\/index.php\\\/2021\\\/08\\\/22\\\/mourinho-krenuo-pobjedom-na-klupi-rome\\\/\",\"url\":\"https:\\\/\\\/radioljubuski.ba\\\/index.php\\\/2021\\\/08\\\/22\\\/mourinho-krenuo-pobjedom-na-klupi-rome\\\/\",\"name\":\"Mourinho krenuo pobjedom na klupi Rome - RADIO LJUBU\u0160KI\",\"isPartOf\":{\"@id\":\"https:\\\/\\\/radioljubuski.ba\\\/#website\"},\"primaryImageOfPage\":{\"@id\":\"https:\\\/\\\/radioljubuski.ba\\\/index.php\\\/2021\\\/08\\\/22\\\/mourinho-krenuo-pobjedom-na-klupi-rome\\\/#primaryimage\"},\"image\":{\"@id\":\"https:\\\/\\\/radioljubuski.ba\\\/index.php\\\/2021\\\/08\\\/22\\\/mourinho-krenuo-pobjedom-na-klupi-rome\\\/#primaryimage\"},\"thumbnailUrl\":\"https:\\\/\\\/radioljubuski.ba\\\/wp-content\\\/uploads\\\/2021\\\/08\\\/1629410818-mourinho-750x500-1.jpg\",\"datePublished\":\"2021-08-22T21:38:39+00:00\",\"dateModified\":\"2021-08-22T21:38:41+00:00\",\"breadcrumb\":{\"@id\":\"https:\\\/\\\/radioljubuski.ba\\\/index.php\\\/2021\\\/08\\\/22\\\/mourinho-krenuo-pobjedom-na-klupi-rome\\\/#breadcrumb\"},\"inLanguage\":\"hr\",\"potentialAction\":[{\"@type\":\"ReadAction\",\"target\":[\"https:\\\/\\\/radioljubuski.ba\\\/index.php\\\/2021\\\/08\\\/22\\\/mourinho-krenuo-pobjedom-na-klupi-rome\\\/\"]}]},{\"@type\":\"ImageObject\",\"inLanguage\":\"hr\",\"@id\":\"https:\\\/\\\/radioljubuski.ba\\\/index.php\\\/2021\\\/08\\\/22\\\/mourinho-krenuo-pobjedom-na-klupi-rome\\\/#primaryimage\",\"url\":\"https:\\\/\\\/radioljubuski.ba\\\/wp-content\\\/uploads\\\/2021\\\/08\\\/1629410818-mourinho-750x500-1.jpg\",\"contentUrl\":\"https:\\\/\\\/radioljubuski.ba\\\/wp-content\\\/uploads\\\/2021\\\/08\\\/1629410818-mourinho-750x500-1.jpg\",\"width\":750,\"height\":500},{\"@type\":\"BreadcrumbList\",\"@id\":\"https:\\\/\\\/radioljubuski.ba\\\/index.php\\\/2021\\\/08\\\/22\\\/mourinho-krenuo-pobjedom-na-klupi-rome\\\/#breadcrumb\",\"itemListElement\":[{\"@type\":\"ListItem\",\"position\":1,\"name\":\"Po\u010detna stranica\",\"item\":\"https:\\\/\\\/radioljubuski.ba\\\/\"},{\"@type\":\"ListItem\",\"position\":2,\"name\":\"Mourinho krenuo pobjedom na klupi Rome\"}]},{\"@type\":\"WebSite\",\"@id\":\"https:\\\/\\\/radioljubuski.ba\\\/#website\",\"url\":\"https:\\\/\\\/radioljubuski.ba\\\/\",\"name\":\"Radio Ljubu\u0161ki\",\"description\":\"Sun\u010dana frekvencija Hercegovine\",\"publisher\":{\"@id\":\"https:\\\/\\\/radioljubuski.ba\\\/#organization\"},\"potentialAction\":[{\"@type\":\"SearchAction\",\"target\":{\"@type\":\"EntryPoint\",\"urlTemplate\":\"https:\\\/\\\/radioljubuski.ba\\\/?s={search_term_string}\"},\"query-input\":{\"@type\":\"PropertyValueSpecification\",\"valueRequired\":true,\"valueName\":\"search_term_string\"}}],\"inLanguage\":\"hr\"},{\"@type\":\"Organization\",\"@id\":\"https:\\\/\\\/radioljubuski.ba\\\/#organization\",\"name\":\"Radio Ljubu\u0161ki\",\"url\":\"https:\\\/\\\/radioljubuski.ba\\\/\",\"logo\":{\"@type\":\"ImageObject\",\"inLanguage\":\"hr\",\"@id\":\"https:\\\/\\\/radioljubuski.ba\\\/#\\\/schema\\\/logo\\\/image\\\/\",\"url\":\"https:\\\/\\\/radioljubuski.ba\\\/wp-content\\\/uploads\\\/2021\\\/02\\\/cropped-Radio_Ljubuski_logo1.jpg\",\"contentUrl\":\"https:\\\/\\\/radioljubuski.ba\\\/wp-content\\\/uploads\\\/2021\\\/02\\\/cropped-Radio_Ljubuski_logo1.jpg\",\"width\":512,\"height\":512,\"caption\":\"Radio Ljubu\u0161ki\"},\"image\":{\"@id\":\"https:\\\/\\\/radioljubuski.ba\\\/#\\\/schema\\\/logo\\\/image\\\/\"},\"sameAs\":[\"https:\\\/\\\/www.facebook.com\\\/Radiio-Ljubuski-1490835324566332\",\"https:\\\/\\\/x.com\\\/radioljubuski\",\"https:\\\/\\\/hr.linkedin.com\\\/company\\\/radio-ljubuski\",\"https:\\\/\\\/www.youtube.com\\\/channel\\\/UCHYaeO_n0Db3tjNGudGpXyw\"]},{\"@type\":\"Person\",\"@id\":\"https:\\\/\\\/radioljubuski.ba\\\/#\\\/schema\\\/person\\\/19fc700381a780f69665d7956c469e3b\",\"name\":\"Radio Ljubu\u0161ki\"}]}<\/script>\n<!-- \/ Yoast SEO plugin. -->","yoast_head_json":{"title":"Mourinho krenuo pobjedom na klupi Rome - RADIO LJUBU\u0160KI","robots":{"index":"index","follow":"follow","max-snippet":"max-snippet:-1","max-image-preview":"max-image-preview:large","max-video-preview":"max-video-preview:-1"},"canonical":"https:\/\/radioljubuski.ba\/index.php\/2021\/08\/22\/mourinho-krenuo-pobjedom-na-klupi-rome\/","og_locale":"hr_HR","og_type":"article","og_title":"Mourinho krenuo pobjedom na klupi Rome - RADIO LJUBU\u0160KI","og_description":"Karizmati\u010dni portugalski nogometni trener Kose Mourinho svoj je mandat na klupi Rome zapo\u010deo 3-1 (1-0) doma\u0107om pobjedom protiv Fiorentine u 1. kolu Serie A. Mourinhu je u nedjelju bio izrazito naklonjen VAR jer prva dva gola Romi su priznata nakon dugotrajnih pregledavanja snimki nakon kojih je procijenjeno kako su linijski suci pogrije\u0161ili ozna\u010davaju\u0107i zale\u0111e&nbsp;Mkhitaryana, koji [&hellip;]","og_url":"https:\/\/radioljubuski.ba\/index.php\/2021\/08\/22\/mourinho-krenuo-pobjedom-na-klupi-rome\/","og_site_name":"RADIO LJUBU\u0160KI","article_publisher":"https:\/\/www.facebook.com\/Radiio-Ljubuski-1490835324566332","article_published_time":"2021-08-22T21:38:39+00:00","article_modified_time":"2021-08-22T21:38:41+00:00","og_image":[{"width":750,"height":500,"url":"https:\/\/radioljubuski.ba\/wp-content\/uploads\/2021\/08\/1629410818-mourinho-750x500-1.jpg","type":"image\/jpeg"}],"author":"Radio Ljubu\u0161ki","twitter_card":"summary_large_image","twitter_creator":"@radioljubuski","twitter_site":"@radioljubuski","twitter_misc":{"Napisao\/la":"Radio Ljubu\u0161ki","Procijenjeno vrijeme \u010ditanja":"2 minute"},"schema":{"@context":"https:\/\/schema.org","@graph":[{"@type":"Article","@id":"https:\/\/radioljubuski.ba\/index.php\/2021\/08\/22\/mourinho-krenuo-pobjedom-na-klupi-rome\/#article","isPartOf":{"@id":"https:\/\/radioljubuski.ba\/index.php\/2021\/08\/22\/mourinho-krenuo-pobjedom-na-klupi-rome\/"},"author":{"name":"Radio Ljubu\u0161ki","@id":"https:\/\/radioljubuski.ba\/#\/schema\/person\/19fc700381a780f69665d7956c469e3b"},"headline":"Mourinho krenuo pobjedom na klupi Rome","datePublished":"2021-08-22T21:38:39+00:00","dateModified":"2021-08-22T21:38:41+00:00","mainEntityOfPage":{"@id":"https:\/\/radioljubuski.ba\/index.php\/2021\/08\/22\/mourinho-krenuo-pobjedom-na-klupi-rome\/"},"wordCount":380,"publisher":{"@id":"https:\/\/radioljubuski.ba\/#organization"},"image":{"@id":"https:\/\/radioljubuski.ba\/index.php\/2021\/08\/22\/mourinho-krenuo-pobjedom-na-klupi-rome\/#primaryimage"},"thumbnailUrl":"https:\/\/radioljubuski.ba\/wp-content\/uploads\/2021\/08\/1629410818-mourinho-750x500-1.jpg","articleSection":["\u0160port"],"inLanguage":"hr"},{"@type":"WebPage","@id":"https:\/\/radioljubuski.ba\/index.php\/2021\/08\/22\/mourinho-krenuo-pobjedom-na-klupi-rome\/","url":"https:\/\/radioljubuski.ba\/index.php\/2021\/08\/22\/mourinho-krenuo-pobjedom-na-klupi-rome\/","name":"Mourinho krenuo pobjedom na klupi Rome - RADIO LJUBU\u0160KI","isPartOf":{"@id":"https:\/\/radioljubuski.ba\/#website"},"primaryImageOfPage":{"@id":"https:\/\/radioljubuski.ba\/index.php\/2021\/08\/22\/mourinho-krenuo-pobjedom-na-klupi-rome\/#primaryimage"},"image":{"@id":"https:\/\/radioljubuski.ba\/index.php\/2021\/08\/22\/mourinho-krenuo-pobjedom-na-klupi-rome\/#primaryimage"},"thumbnailUrl":"https:\/\/radioljubuski.ba\/wp-content\/uploads\/2021\/08\/1629410818-mourinho-750x500-1.jpg","datePublished":"2021-08-22T21:38:39+00:00","dateModified":"2021-08-22T21:38:41+00:00","breadcrumb":{"@id":"https:\/\/radioljubuski.ba\/index.php\/2021\/08\/22\/mourinho-krenuo-pobjedom-na-klupi-rome\/#breadcrumb"},"inLanguage":"hr","potentialAction":[{"@type":"ReadAction","target":["https:\/\/radioljubuski.ba\/index.php\/2021\/08\/22\/mourinho-krenuo-pobjedom-na-klupi-rome\/"]}]},{"@type":"ImageObject","inLanguage":"hr","@id":"https:\/\/radioljubuski.ba\/index.php\/2021\/08\/22\/mourinho-krenuo-pobjedom-na-klupi-rome\/#primaryimage","url":"https:\/\/radioljubuski.ba\/wp-content\/uploads\/2021\/08\/1629410818-mourinho-750x500-1.jpg","contentUrl":"https:\/\/radioljubuski.ba\/wp-content\/uploads\/2021\/08\/1629410818-mourinho-750x500-1.jpg","width":750,"height":500},{"@type":"BreadcrumbList","@id":"https:\/\/radioljubuski.ba\/index.php\/2021\/08\/22\/mourinho-krenuo-pobjedom-na-klupi-rome\/#breadcrumb","itemListElement":[{"@type":"ListItem","position":1,"name":"Po\u010detna stranica","item":"https:\/\/radioljubuski.ba\/"},{"@type":"ListItem","position":2,"name":"Mourinho krenuo pobjedom na klupi Rome"}]},{"@type":"WebSite","@id":"https:\/\/radioljubuski.ba\/#website","url":"https:\/\/radioljubuski.ba\/","name":"Radio Ljubu\u0161ki","description":"Sun\u010dana frekvencija Hercegovine","publisher":{"@id":"https:\/\/radioljubuski.ba\/#organization"},"potentialAction":[{"@type":"SearchAction","target":{"@type":"EntryPoint","urlTemplate":"https:\/\/radioljubuski.ba\/?s={search_term_string}"},"query-input":{"@type":"PropertyValueSpecification","valueRequired":true,"valueName":"search_term_string"}}],"inLanguage":"hr"},{"@type":"Organization","@id":"https:\/\/radioljubuski.ba\/#organization","name":"Radio Ljubu\u0161ki","url":"https:\/\/radioljubuski.ba\/","logo":{"@type":"ImageObject","inLanguage":"hr","@id":"https:\/\/radioljubuski.ba\/#\/schema\/logo\/image\/","url":"https:\/\/radioljubuski.ba\/wp-content\/uploads\/2021\/02\/cropped-Radio_Ljubuski_logo1.jpg","contentUrl":"https:\/\/radioljubuski.ba\/wp-content\/uploads\/2021\/02\/cropped-Radio_Ljubuski_logo1.jpg","width":512,"height":512,"caption":"Radio Ljubu\u0161ki"},"image":{"@id":"https:\/\/radioljubuski.ba\/#\/schema\/logo\/image\/"},"sameAs":["https:\/\/www.facebook.com\/Radiio-Ljubuski-1490835324566332","https:\/\/x.com\/radioljubuski","https:\/\/hr.linkedin.com\/company\/radio-ljubuski","https:\/\/www.youtube.com\/channel\/UCHYaeO_n0Db3tjNGudGpXyw"]},{"@type":"Person","@id":"https:\/\/radioljubuski.ba\/#\/schema\/person\/19fc700381a780f69665d7956c469e3b","name":"Radio Ljubu\u0161ki"}]}},"_links":{"self":[{"href":"https:\/\/radioljubuski.ba\/index.php\/wp-json\/wp\/v2\/posts\/56392","targetHints":{"allow":["GET"]}}],"collection":[{"href":"https:\/\/radioljubuski.ba\/index.php\/wp-json\/wp\/v2\/posts"}],"about":[{"href":"https:\/\/radioljubuski.ba\/index.php\/wp-json\/wp\/v2\/types\/post"}],"author":[{"embeddable":true,"href":"https:\/\/radioljubuski.ba\/index.php\/wp-json\/wp\/v2\/users\/2"}],"replies":[{"embeddable":true,"href":"https:\/\/radioljubuski.ba\/index.php\/wp-json\/wp\/v2\/comments?post=56392"}],"version-history":[{"count":1,"href":"https:\/\/radioljubuski.ba\/index.php\/wp-json\/wp\/v2\/posts\/56392\/revisions"}],"predecessor-version":[{"id":56394,"href":"https:\/\/radioljubuski.ba\/index.php\/wp-json\/wp\/v2\/posts\/56392\/revisions\/56394"}],"wp:featuredmedia":[{"embeddable":true,"href":"https:\/\/radioljubuski.ba\/index.php\/wp-json\/wp\/v2\/media\/56393"}],"wp:attachment":[{"href":"https:\/\/radioljubuski.ba\/index.php\/wp-json\/wp\/v2\/media?parent=56392"}],"wp:term":[{"taxonomy":"category","embeddable":true,"href":"https:\/\/radioljubuski.ba\/index.php\/wp-json\/wp\/v2\/categories?post=56392"},{"taxonomy":"post_tag","embeddable":true,"href":"https:\/\/radioljubuski.ba\/index.php\/wp-json\/wp\/v2\/tags?post=56392"}],"curies":[{"name":"wp","href":"https:\/\/api.w.org\/{rel}","templated":true}]}}