{"id":56395,"date":"2021-08-22T22:40:51","date_gmt":"2021-08-22T21:40:51","guid":{"rendered":"https:\/\/radioljubuski.ba\/?p=56395"},"modified":"2021-08-22T22:40:51","modified_gmt":"2021-08-22T21:40:51","slug":"folkestad-bih-jeste-i-ostaje-jedinstvena-zemlja-s-dva-entiteta-i-tri-konstitutivna-naroda","status":"publish","type":"post","link":"https:\/\/radioljubuski.ba\/index.php\/2021\/08\/22\/folkestad-bih-jeste-i-ostaje-jedinstvena-zemlja-s-dva-entiteta-i-tri-konstitutivna-naroda\/","title":{"rendered":"Folkestad: BiH jeste i ostaje jedinstvena zemlja s dva entiteta i tri konstitutivna naroda"},"content":{"rendered":"\n<p>Brigadni general Eric Folkestad, zapovjednik NATO sto\u017eera i najvi\u0161i vojni predstavnik NATO-a u BiH, naglasio je da Bosna i Hercegovina jeste i ostaje jedinstvena zemlja s dva entiteta i tri konstitutivna naroda. &#8211; Pri\u010de o odcjepljenju ne samo da nisu korisne ve\u0107 i skre\u0107u pa\u017enju s pravih pitanja koja treba rje\u0161avati.<\/p>\n\n\n\n<p>Ono \u0161to je potrebno je suradnja u provo\u0111enju potrebnih reformi, na svakom nivou u BiH, koje \u0107e budu\u0107nost u\u010diniti sigurnijom, stabilnijom i prosperitetnijom. NATO i zemlje \u010dlanice pozivaju sve strane da svoje napore usmjere u tom pravcu. Ljudi s kojima razgovaram \u0161irom BiH samo \u017eele bolju budu\u0107nost za svoje porodice. \u017dele mir, sigurnost, prosperitet i prilike, a na liderima na svim nivoima je da to realiziraju &#8211; rekao je Folkestad u intervjuu za Fenu.<\/p>\n\n\n\n<p>Po njegovim rije\u010dima, ne treba posebno isticati da se BiH suo\u010dava sa sigurnosnim izazovima &#8211; kao i svaka druga zemlja. Od migracija, preko COVID-a, do dezinformacija i korupcije, u svemu tome BiH je u prvim redovima. &#8211; NATO i zemlje \u010dlanice \u0107e nastaviti pomagati, a pozivamo i vlasti na svim razinama da ovim problemima pristupaju u duhu suradnje i kompromisa i djeluju u pravcu zajedni\u010dkog dobra. Ako se tako ne radi, to ima reperkusije po radna mjesta, plate i ekonomiju &#8211; ka\u017ee Folkestad. Nagla\u0161ava da investitori \u017eele sigurnost, politi\u010dku stabilnost, i da znaju da se zakon po\u0161tuje i primjenjuje na otvoren i pravi\u010dan na\u010din \u2013 to je ono \u0161to im ulijeva povjerenje da investiraju i otvaraju radna mjesta, podi\u017eu \u017eivotni standard i \u010dine \u017eivot boljim za sve ljude u BiH.<\/p>\n\n\n\n<p>&#8211; Moj tim i ja, kao i veleposlanici zemalja \u010dlanica NATO-a, stalno zagovaramo reforme u ovim podru\u010djima. U \u0161irem smislu, izazovi s kojima se suo\u010davamo preveliki su i prekomplicirani za bilo koju zemlju pojedina\u010dno. Zbog toga su partnerstva poput partnerstva BiH i NATO-a te regionalne suradnje tako va\u017eni. A to i jeste ono \u0161to NATO najbolje radi. Mi svakodnevno uklju\u010dujemo zemlje u na\u0161e razgovore, \u010dak i one koje nisu \u010dlanice, kao \u0161to su Srbija i BiH. A kada izbije kriza, tu smo da jedni druge podr\u017eimo &#8211; kazao je Folkestad. Govore\u0107i o svojim prioritetima kao zapovjednik NATO sto\u017eera Sarajevo, navodi da je NATO ovdje po pozivu vlasti da pru\u017ea savjete i pomo\u0107 u procesu unapre\u0111enja i modernizacije rada ministarstava obrane i sigurnosti, kao i Oru\u017eanih snaga. To podrazumijeva savjetovanje o strukturi snaga, ljudstvu, obuci i na\u010dinima kako cijeli sistem u\u010diniti transparentnijim i odgovornim prema javnosti.<\/p>\n\n\n\n<p>U velikoj mjeri, prakti\u010dna zalaganja NATO sto\u017eera Sarajevo usmjerena su na pomo\u0107 Ministarstvu obrane da ostvari svoje ambicije vezano za razvoj Bataljonske grupe lake pje\u0161adije OS BiH, potpuno osposobljene u skladu s me\u0111unarodnim standardima u smislu ljudstva, opreme i obuke. &#8211; Radimo i sa zemljama \u010dlanicama NATO-a na uskla\u0111ivanju bilateralnih donacija i aktivnostima usmjerenim ka unapre\u0111enju Oru\u017eanih snaga. Me\u0111utim, za mene su ljudi ti koji su i temelj i du\u0161a Oru\u017eanih snaga i kada vodite brigu o svom ljudstvu, doga\u0111aju se dobre stvari, a onda se sve ostalo poslo\u017ei. Dakle, tu sam da zagovaram promjene koje \u0107e doprinijeti boljem \u017eivotu vojnika i oficira OS BiH i njihovih obitelji &#8211; poru\u010dio je Folkestad. Naveo je da su Oru\u017eane snage BiH pre\u0161le dug put, ali sustav sigurno nosi odre\u0111ene izazove i frustracije za pripadnike i pripadnice vojske &#8211; kao \u0161to je to slu\u010daj i s drugima \u0161irom BiH u njihovim svakodnevnim \u017eivotima.<\/p>\n\n\n\n<p>&#8211; Ali, posve\u0107enost i predanost Oru\u017eanih snaga u suo\u010davanju s takvim izazovima su pravo nadahnu\u0107e! \u017delio bih da promjene nagrade tu predanost. Moj tim i ja fokusirani smo na to da Oru\u017eanim snagama pomognemo da unaprijede i u\u010dvrste sustav koji slu\u017ei svima u BiH, sustav kojem se mladi ljudi \u017eele pridru\u017eiti te tako ostati ovdje. Sustav u kome se najbolji kandidati mogu prijaviti za unapre\u0111enje, a da ne moraju brinuti da li \u0107e im plata biti manja tijekom obuke, u kome \u017eene mogu ostvariti svoju punu i aktivnu ulogu u za\u0161titi BiH i njenih ljudi, sustav unutar koga \u0107e Oru\u017eane snage biti sposobne osigurati bolju zdravstvenu za\u0161titu, smje\u0161taj i prilike za razvoj karijere za svoje ljudstvo &#8211; rekao je. \u0160umski po\u017eari bukte \u0161irom BiH. Bilo je rije\u010di o tome da Predsjedni\u0161tvo nije dalo odobrenje za upotrebu helikoptera OS BiH, kao i da letenje na helikopterima OS BiH nije sigurno. General Folkestad ka\u017ee da OS BiH imaju ovu sposobnost.<\/p>\n\n\n\n<p>&#8211; Prije nekoliko dana sam posjetio 2. Helikopterski skvadron. Kao vojni pilot helikoptera s 25 godina iskustva, uklju\u010duju\u0107i i UH-1H, iste one koje koriste OS BiH, mogu s punim pouzdanjem re\u0107i da su te letjelice potpuno operativne, dobro odr\u017eavane i da su posade koje njima upravljaju kvalificirane i iskusne. Upoznao sam ih i oni su obu\u010deni, spremni i nestrpljivi da lete u bilo kojoj misiji podr\u0161ke civilnim organima vlasti u koju ih pozovu. Osim \u0161to sam to sam vidio, imam i tehni\u010dkog stru\u010dnjaka za vojnu avijaciju koji je dio mog tima ovdje i koji skoro sve svoje vrijeme provodi sa skvadronima OS BiH i redovno me informira o njihovim sposobnostima. Sada imamo preko 70 \u010detvornih kilometara po\u017eari\u0161ta \u0161irom BiH i bilo bi mi dra\u017ee da sam vidio ta vojna sredstva u zraku zajedno s helikopterima RS Helikopterskog servisa \u2013 rekao bih, \u0161to vi\u0161e letjelica, to manje spr\u017eene zemlje. Svaka jedinica OS BiH ima opis misije koji obuhva\u0107a re\u010denicu \u201ci po nare\u0111enju pru\u017ea pomo\u0107 civilnim vlastima tijekom prirodnih i drugim izvanrednih situacija\u201d. Ti su ljudi tu i spremni su da to urade, bilo da je rije\u010d o po\u017earima, potrazi i spa\u0161avanju ili medicinskoj evakuaciji &#8211; naveo je. Ranije ovog ljeta OS BiH su zavr\u0161ile svoju najve\u0107u bilateralnu vje\u017ebu do sada &#8211; vje\u017ebu IMMEDIATE RESPONSE s ameri\u010dkim oru\u017eanim snagama. General Folkestad ka\u017ee da je vje\u017eba bila izuzetno uspje\u0161na, a OS BiH su pokazale da su jednako sposobne, iskusne, posve\u0107ene i profesionalne. Bili su pravi veleposlanici BiH &#8211; i oni i svi u BiH bi trebali biti ponosni na ono \u0161to su postigli. Nastavljaju se i aktivnosti na izgradnji Bataljonske grupe lake pje\u0161adije, jedinice koja je u potpunosti osposobljena da djeluje u skladu s NATO standardima i procedurama i zvani\u010dno potvr\u0111ena kao \u201cborbeno spremna\u201d. Naredni veliki test napretka ove jedinice bit \u0107e vje\u017eba SEL-2 ili samoprocjena nivoa 2 koja \u0107e se odr\u017eati u septembru. Folkestad i njegov tim su vrlo optimisti\u010dni kad je rije\u010d o uspjehu vje\u017ebe.<\/p>\n\n\n\n<p>&#8211; Maloprije sam govorio o podr\u0161ci civilnim vlastima. Oru\u017eane snage nisu osposobljene samo za ga\u0161enje po\u017eara, one imaju i sjajne sposobnosti odgovora u slu\u010daju zemljotresa, poplava i drugih katastrofa, a bile su i vrlo aktivne \u2013 npr. poma\u017eu\u0107i u dezinfekciji javnih institucija \u2013 na po\u010detku pandemije COVID-a. Nedavno sam posjetio Ora\u0161je gdje su se vojnici obu\u010davali za pomo\u0107 stanovni\u0161tvu u slu\u010daju poplava, a vidio sam obuku i sposobnosti diljem zemlje koje \u0107e neposredno koristiti gra\u0111anima BiH u slu\u010daju da ih zadesi neka katastrofa. Posjetio sam sve brigade OS BiH i svaki put sam bio impresioniran njihovim posve\u0107eno\u0161\u0107u i pozitivnim stavom. Kao i u svim javnim institucijama, postoje sustavna ograni\u010denja, ali vojnici i oficiri \u2013 razli\u010dite pripadnosti i iz razli\u010ditih dijelova zemlje \u2013 zajedni\u010dki se trude da uspje\u0161no izvr\u0161e zadatke. To je ono \u0161to OS BiH \u010dini institucijom koja je primjer univerzalne uklju\u010divosti \u2013 a rezultati su impresivni &#8211; rekao je general Folkestad u intervjuu za Fenu.<\/p>\n\n\n\n<p>Izvor:pogled.ba<\/p>\n","protected":false},"excerpt":{"rendered":"<p>Brigadni general Eric Folkestad, zapovjednik NATO sto\u017eera i najvi\u0161i vojni predstavnik NATO-a u BiH, naglasio je da Bosna i Hercegovina jeste i ostaje jedinstvena zemlja s dva entiteta i tri konstitutivna naroda. &#8211; Pri\u010de o odcjepljenju ne samo da nisu korisne ve\u0107 i skre\u0107u pa\u017enju s pravih pitanja koja treba rje\u0161avati. Ono \u0161to je potrebno [&hellip;]<\/p>\n","protected":false},"author":2,"featured_media":56396,"comment_status":"closed","ping_status":"closed","sticky":false,"template":"","format":"standard","meta":{"h5ap_radio_sources":[],"footnotes":""},"categories":[1],"tags":[],"class_list":["post-56395","post","type-post","status-publish","format-standard","has-post-thumbnail","hentry","category-bihiregija"],"yoast_head":"<!-- This site is optimized with the Yoast SEO plugin v27.5 - https:\/\/yoast.com\/product\/yoast-seo-wordpress\/ -->\n<title>Folkestad: BiH jeste i ostaje jedinstvena zemlja s dva entiteta i tri konstitutivna naroda - RADIO LJUBU\u0160KI<\/title>\n<meta name=\"robots\" content=\"index, follow, max-snippet:-1, max-image-preview:large, max-video-preview:-1\" \/>\n<link rel=\"canonical\" href=\"https:\/\/radioljubuski.ba\/index.php\/2021\/08\/22\/folkestad-bih-jeste-i-ostaje-jedinstvena-zemlja-s-dva-entiteta-i-tri-konstitutivna-naroda\/\" \/>\n<meta property=\"og:locale\" content=\"hr_HR\" \/>\n<meta property=\"og:type\" content=\"article\" \/>\n<meta property=\"og:title\" content=\"Folkestad: BiH jeste i ostaje jedinstvena zemlja s dva entiteta i tri konstitutivna naroda - RADIO LJUBU\u0160KI\" \/>\n<meta property=\"og:description\" content=\"Brigadni general Eric Folkestad, zapovjednik NATO sto\u017eera i najvi\u0161i vojni predstavnik NATO-a u BiH, naglasio je da Bosna i Hercegovina jeste i ostaje jedinstvena zemlja s dva entiteta i tri konstitutivna naroda. &#8211; Pri\u010de o odcjepljenju ne samo da nisu korisne ve\u0107 i skre\u0107u pa\u017enju s pravih pitanja koja treba rje\u0161avati. Ono \u0161to je potrebno [&hellip;]\" \/>\n<meta property=\"og:url\" content=\"https:\/\/radioljubuski.ba\/index.php\/2021\/08\/22\/folkestad-bih-jeste-i-ostaje-jedinstvena-zemlja-s-dva-entiteta-i-tri-konstitutivna-naroda\/\" \/>\n<meta property=\"og:site_name\" content=\"RADIO LJUBU\u0160KI\" \/>\n<meta property=\"article:publisher\" content=\"https:\/\/www.facebook.com\/Radiio-Ljubuski-1490835324566332\" \/>\n<meta property=\"article:published_time\" content=\"2021-08-22T21:40:51+00:00\" \/>\n<meta property=\"og:image\" content=\"https:\/\/radioljubuski.ba\/wp-content\/uploads\/2021\/08\/8-2021-08-22-14-11-40-general.jpg\" \/>\n\t<meta property=\"og:image:width\" content=\"1000\" \/>\n\t<meta property=\"og:image:height\" content=\"625\" \/>\n\t<meta property=\"og:image:type\" content=\"image\/jpeg\" \/>\n<meta name=\"author\" content=\"Radio Ljubu\u0161ki\" \/>\n<meta name=\"twitter:card\" content=\"summary_large_image\" \/>\n<meta name=\"twitter:creator\" content=\"@radioljubuski\" \/>\n<meta name=\"twitter:site\" content=\"@radioljubuski\" \/>\n<meta name=\"twitter:label1\" content=\"Napisao\/la\" \/>\n\t<meta name=\"twitter:data1\" content=\"Radio Ljubu\u0161ki\" \/>\n\t<meta name=\"twitter:label2\" content=\"Procijenjeno vrijeme \u010ditanja\" \/>\n\t<meta name=\"twitter:data2\" content=\"6 minuta\" \/>\n<script type=\"application\/ld+json\" class=\"yoast-schema-graph\">{\"@context\":\"https:\\\/\\\/schema.org\",\"@graph\":[{\"@type\":\"Article\",\"@id\":\"https:\\\/\\\/radioljubuski.ba\\\/index.php\\\/2021\\\/08\\\/22\\\/folkestad-bih-jeste-i-ostaje-jedinstvena-zemlja-s-dva-entiteta-i-tri-konstitutivna-naroda\\\/#article\",\"isPartOf\":{\"@id\":\"https:\\\/\\\/radioljubuski.ba\\\/index.php\\\/2021\\\/08\\\/22\\\/folkestad-bih-jeste-i-ostaje-jedinstvena-zemlja-s-dva-entiteta-i-tri-konstitutivna-naroda\\\/\"},\"author\":{\"name\":\"Radio Ljubu\u0161ki\",\"@id\":\"https:\\\/\\\/radioljubuski.ba\\\/#\\\/schema\\\/person\\\/19fc700381a780f69665d7956c469e3b\"},\"headline\":\"Folkestad: BiH jeste i ostaje jedinstvena zemlja s dva entiteta i tri konstitutivna naroda\",\"datePublished\":\"2021-08-22T21:40:51+00:00\",\"mainEntityOfPage\":{\"@id\":\"https:\\\/\\\/radioljubuski.ba\\\/index.php\\\/2021\\\/08\\\/22\\\/folkestad-bih-jeste-i-ostaje-jedinstvena-zemlja-s-dva-entiteta-i-tri-konstitutivna-naroda\\\/\"},\"wordCount\":1322,\"publisher\":{\"@id\":\"https:\\\/\\\/radioljubuski.ba\\\/#organization\"},\"image\":{\"@id\":\"https:\\\/\\\/radioljubuski.ba\\\/index.php\\\/2021\\\/08\\\/22\\\/folkestad-bih-jeste-i-ostaje-jedinstvena-zemlja-s-dva-entiteta-i-tri-konstitutivna-naroda\\\/#primaryimage\"},\"thumbnailUrl\":\"https:\\\/\\\/radioljubuski.ba\\\/wp-content\\\/uploads\\\/2021\\\/08\\\/8-2021-08-22-14-11-40-general.jpg\",\"articleSection\":[\"BIH i regija\"],\"inLanguage\":\"hr\"},{\"@type\":\"WebPage\",\"@id\":\"https:\\\/\\\/radioljubuski.ba\\\/index.php\\\/2021\\\/08\\\/22\\\/folkestad-bih-jeste-i-ostaje-jedinstvena-zemlja-s-dva-entiteta-i-tri-konstitutivna-naroda\\\/\",\"url\":\"https:\\\/\\\/radioljubuski.ba\\\/index.php\\\/2021\\\/08\\\/22\\\/folkestad-bih-jeste-i-ostaje-jedinstvena-zemlja-s-dva-entiteta-i-tri-konstitutivna-naroda\\\/\",\"name\":\"Folkestad: BiH jeste i ostaje jedinstvena zemlja s dva entiteta i tri konstitutivna naroda - RADIO LJUBU\u0160KI\",\"isPartOf\":{\"@id\":\"https:\\\/\\\/radioljubuski.ba\\\/#website\"},\"primaryImageOfPage\":{\"@id\":\"https:\\\/\\\/radioljubuski.ba\\\/index.php\\\/2021\\\/08\\\/22\\\/folkestad-bih-jeste-i-ostaje-jedinstvena-zemlja-s-dva-entiteta-i-tri-konstitutivna-naroda\\\/#primaryimage\"},\"image\":{\"@id\":\"https:\\\/\\\/radioljubuski.ba\\\/index.php\\\/2021\\\/08\\\/22\\\/folkestad-bih-jeste-i-ostaje-jedinstvena-zemlja-s-dva-entiteta-i-tri-konstitutivna-naroda\\\/#primaryimage\"},\"thumbnailUrl\":\"https:\\\/\\\/radioljubuski.ba\\\/wp-content\\\/uploads\\\/2021\\\/08\\\/8-2021-08-22-14-11-40-general.jpg\",\"datePublished\":\"2021-08-22T21:40:51+00:00\",\"breadcrumb\":{\"@id\":\"https:\\\/\\\/radioljubuski.ba\\\/index.php\\\/2021\\\/08\\\/22\\\/folkestad-bih-jeste-i-ostaje-jedinstvena-zemlja-s-dva-entiteta-i-tri-konstitutivna-naroda\\\/#breadcrumb\"},\"inLanguage\":\"hr\",\"potentialAction\":[{\"@type\":\"ReadAction\",\"target\":[\"https:\\\/\\\/radioljubuski.ba\\\/index.php\\\/2021\\\/08\\\/22\\\/folkestad-bih-jeste-i-ostaje-jedinstvena-zemlja-s-dva-entiteta-i-tri-konstitutivna-naroda\\\/\"]}]},{\"@type\":\"ImageObject\",\"inLanguage\":\"hr\",\"@id\":\"https:\\\/\\\/radioljubuski.ba\\\/index.php\\\/2021\\\/08\\\/22\\\/folkestad-bih-jeste-i-ostaje-jedinstvena-zemlja-s-dva-entiteta-i-tri-konstitutivna-naroda\\\/#primaryimage\",\"url\":\"https:\\\/\\\/radioljubuski.ba\\\/wp-content\\\/uploads\\\/2021\\\/08\\\/8-2021-08-22-14-11-40-general.jpg\",\"contentUrl\":\"https:\\\/\\\/radioljubuski.ba\\\/wp-content\\\/uploads\\\/2021\\\/08\\\/8-2021-08-22-14-11-40-general.jpg\",\"width\":1000,\"height\":625},{\"@type\":\"BreadcrumbList\",\"@id\":\"https:\\\/\\\/radioljubuski.ba\\\/index.php\\\/2021\\\/08\\\/22\\\/folkestad-bih-jeste-i-ostaje-jedinstvena-zemlja-s-dva-entiteta-i-tri-konstitutivna-naroda\\\/#breadcrumb\",\"itemListElement\":[{\"@type\":\"ListItem\",\"position\":1,\"name\":\"Po\u010detna stranica\",\"item\":\"https:\\\/\\\/radioljubuski.ba\\\/\"},{\"@type\":\"ListItem\",\"position\":2,\"name\":\"Folkestad: BiH jeste i ostaje jedinstvena zemlja s dva entiteta i tri konstitutivna naroda\"}]},{\"@type\":\"WebSite\",\"@id\":\"https:\\\/\\\/radioljubuski.ba\\\/#website\",\"url\":\"https:\\\/\\\/radioljubuski.ba\\\/\",\"name\":\"Radio Ljubu\u0161ki\",\"description\":\"Sun\u010dana frekvencija Hercegovine\",\"publisher\":{\"@id\":\"https:\\\/\\\/radioljubuski.ba\\\/#organization\"},\"potentialAction\":[{\"@type\":\"SearchAction\",\"target\":{\"@type\":\"EntryPoint\",\"urlTemplate\":\"https:\\\/\\\/radioljubuski.ba\\\/?s={search_term_string}\"},\"query-input\":{\"@type\":\"PropertyValueSpecification\",\"valueRequired\":true,\"valueName\":\"search_term_string\"}}],\"inLanguage\":\"hr\"},{\"@type\":\"Organization\",\"@id\":\"https:\\\/\\\/radioljubuski.ba\\\/#organization\",\"name\":\"Radio Ljubu\u0161ki\",\"url\":\"https:\\\/\\\/radioljubuski.ba\\\/\",\"logo\":{\"@type\":\"ImageObject\",\"inLanguage\":\"hr\",\"@id\":\"https:\\\/\\\/radioljubuski.ba\\\/#\\\/schema\\\/logo\\\/image\\\/\",\"url\":\"https:\\\/\\\/radioljubuski.ba\\\/wp-content\\\/uploads\\\/2021\\\/02\\\/cropped-Radio_Ljubuski_logo1.jpg\",\"contentUrl\":\"https:\\\/\\\/radioljubuski.ba\\\/wp-content\\\/uploads\\\/2021\\\/02\\\/cropped-Radio_Ljubuski_logo1.jpg\",\"width\":512,\"height\":512,\"caption\":\"Radio Ljubu\u0161ki\"},\"image\":{\"@id\":\"https:\\\/\\\/radioljubuski.ba\\\/#\\\/schema\\\/logo\\\/image\\\/\"},\"sameAs\":[\"https:\\\/\\\/www.facebook.com\\\/Radiio-Ljubuski-1490835324566332\",\"https:\\\/\\\/x.com\\\/radioljubuski\",\"https:\\\/\\\/hr.linkedin.com\\\/company\\\/radio-ljubuski\",\"https:\\\/\\\/www.youtube.com\\\/channel\\\/UCHYaeO_n0Db3tjNGudGpXyw\"]},{\"@type\":\"Person\",\"@id\":\"https:\\\/\\\/radioljubuski.ba\\\/#\\\/schema\\\/person\\\/19fc700381a780f69665d7956c469e3b\",\"name\":\"Radio Ljubu\u0161ki\"}]}<\/script>\n<!-- \/ Yoast SEO plugin. -->","yoast_head_json":{"title":"Folkestad: BiH jeste i ostaje jedinstvena zemlja s dva entiteta i tri konstitutivna naroda - RADIO LJUBU\u0160KI","robots":{"index":"index","follow":"follow","max-snippet":"max-snippet:-1","max-image-preview":"max-image-preview:large","max-video-preview":"max-video-preview:-1"},"canonical":"https:\/\/radioljubuski.ba\/index.php\/2021\/08\/22\/folkestad-bih-jeste-i-ostaje-jedinstvena-zemlja-s-dva-entiteta-i-tri-konstitutivna-naroda\/","og_locale":"hr_HR","og_type":"article","og_title":"Folkestad: BiH jeste i ostaje jedinstvena zemlja s dva entiteta i tri konstitutivna naroda - RADIO LJUBU\u0160KI","og_description":"Brigadni general Eric Folkestad, zapovjednik NATO sto\u017eera i najvi\u0161i vojni predstavnik NATO-a u BiH, naglasio je da Bosna i Hercegovina jeste i ostaje jedinstvena zemlja s dva entiteta i tri konstitutivna naroda. &#8211; Pri\u010de o odcjepljenju ne samo da nisu korisne ve\u0107 i skre\u0107u pa\u017enju s pravih pitanja koja treba rje\u0161avati. Ono \u0161to je potrebno [&hellip;]","og_url":"https:\/\/radioljubuski.ba\/index.php\/2021\/08\/22\/folkestad-bih-jeste-i-ostaje-jedinstvena-zemlja-s-dva-entiteta-i-tri-konstitutivna-naroda\/","og_site_name":"RADIO LJUBU\u0160KI","article_publisher":"https:\/\/www.facebook.com\/Radiio-Ljubuski-1490835324566332","article_published_time":"2021-08-22T21:40:51+00:00","og_image":[{"width":1000,"height":625,"url":"https:\/\/radioljubuski.ba\/wp-content\/uploads\/2021\/08\/8-2021-08-22-14-11-40-general.jpg","type":"image\/jpeg"}],"author":"Radio Ljubu\u0161ki","twitter_card":"summary_large_image","twitter_creator":"@radioljubuski","twitter_site":"@radioljubuski","twitter_misc":{"Napisao\/la":"Radio Ljubu\u0161ki","Procijenjeno vrijeme \u010ditanja":"6 minuta"},"schema":{"@context":"https:\/\/schema.org","@graph":[{"@type":"Article","@id":"https:\/\/radioljubuski.ba\/index.php\/2021\/08\/22\/folkestad-bih-jeste-i-ostaje-jedinstvena-zemlja-s-dva-entiteta-i-tri-konstitutivna-naroda\/#article","isPartOf":{"@id":"https:\/\/radioljubuski.ba\/index.php\/2021\/08\/22\/folkestad-bih-jeste-i-ostaje-jedinstvena-zemlja-s-dva-entiteta-i-tri-konstitutivna-naroda\/"},"author":{"name":"Radio Ljubu\u0161ki","@id":"https:\/\/radioljubuski.ba\/#\/schema\/person\/19fc700381a780f69665d7956c469e3b"},"headline":"Folkestad: BiH jeste i ostaje jedinstvena zemlja s dva entiteta i tri konstitutivna naroda","datePublished":"2021-08-22T21:40:51+00:00","mainEntityOfPage":{"@id":"https:\/\/radioljubuski.ba\/index.php\/2021\/08\/22\/folkestad-bih-jeste-i-ostaje-jedinstvena-zemlja-s-dva-entiteta-i-tri-konstitutivna-naroda\/"},"wordCount":1322,"publisher":{"@id":"https:\/\/radioljubuski.ba\/#organization"},"image":{"@id":"https:\/\/radioljubuski.ba\/index.php\/2021\/08\/22\/folkestad-bih-jeste-i-ostaje-jedinstvena-zemlja-s-dva-entiteta-i-tri-konstitutivna-naroda\/#primaryimage"},"thumbnailUrl":"https:\/\/radioljubuski.ba\/wp-content\/uploads\/2021\/08\/8-2021-08-22-14-11-40-general.jpg","articleSection":["BIH i regija"],"inLanguage":"hr"},{"@type":"WebPage","@id":"https:\/\/radioljubuski.ba\/index.php\/2021\/08\/22\/folkestad-bih-jeste-i-ostaje-jedinstvena-zemlja-s-dva-entiteta-i-tri-konstitutivna-naroda\/","url":"https:\/\/radioljubuski.ba\/index.php\/2021\/08\/22\/folkestad-bih-jeste-i-ostaje-jedinstvena-zemlja-s-dva-entiteta-i-tri-konstitutivna-naroda\/","name":"Folkestad: BiH jeste i ostaje jedinstvena zemlja s dva entiteta i tri konstitutivna naroda - RADIO LJUBU\u0160KI","isPartOf":{"@id":"https:\/\/radioljubuski.ba\/#website"},"primaryImageOfPage":{"@id":"https:\/\/radioljubuski.ba\/index.php\/2021\/08\/22\/folkestad-bih-jeste-i-ostaje-jedinstvena-zemlja-s-dva-entiteta-i-tri-konstitutivna-naroda\/#primaryimage"},"image":{"@id":"https:\/\/radioljubuski.ba\/index.php\/2021\/08\/22\/folkestad-bih-jeste-i-ostaje-jedinstvena-zemlja-s-dva-entiteta-i-tri-konstitutivna-naroda\/#primaryimage"},"thumbnailUrl":"https:\/\/radioljubuski.ba\/wp-content\/uploads\/2021\/08\/8-2021-08-22-14-11-40-general.jpg","datePublished":"2021-08-22T21:40:51+00:00","breadcrumb":{"@id":"https:\/\/radioljubuski.ba\/index.php\/2021\/08\/22\/folkestad-bih-jeste-i-ostaje-jedinstvena-zemlja-s-dva-entiteta-i-tri-konstitutivna-naroda\/#breadcrumb"},"inLanguage":"hr","potentialAction":[{"@type":"ReadAction","target":["https:\/\/radioljubuski.ba\/index.php\/2021\/08\/22\/folkestad-bih-jeste-i-ostaje-jedinstvena-zemlja-s-dva-entiteta-i-tri-konstitutivna-naroda\/"]}]},{"@type":"ImageObject","inLanguage":"hr","@id":"https:\/\/radioljubuski.ba\/index.php\/2021\/08\/22\/folkestad-bih-jeste-i-ostaje-jedinstvena-zemlja-s-dva-entiteta-i-tri-konstitutivna-naroda\/#primaryimage","url":"https:\/\/radioljubuski.ba\/wp-content\/uploads\/2021\/08\/8-2021-08-22-14-11-40-general.jpg","contentUrl":"https:\/\/radioljubuski.ba\/wp-content\/uploads\/2021\/08\/8-2021-08-22-14-11-40-general.jpg","width":1000,"height":625},{"@type":"BreadcrumbList","@id":"https:\/\/radioljubuski.ba\/index.php\/2021\/08\/22\/folkestad-bih-jeste-i-ostaje-jedinstvena-zemlja-s-dva-entiteta-i-tri-konstitutivna-naroda\/#breadcrumb","itemListElement":[{"@type":"ListItem","position":1,"name":"Po\u010detna stranica","item":"https:\/\/radioljubuski.ba\/"},{"@type":"ListItem","position":2,"name":"Folkestad: BiH jeste i ostaje jedinstvena zemlja s dva entiteta i tri konstitutivna naroda"}]},{"@type":"WebSite","@id":"https:\/\/radioljubuski.ba\/#website","url":"https:\/\/radioljubuski.ba\/","name":"Radio Ljubu\u0161ki","description":"Sun\u010dana frekvencija Hercegovine","publisher":{"@id":"https:\/\/radioljubuski.ba\/#organization"},"potentialAction":[{"@type":"SearchAction","target":{"@type":"EntryPoint","urlTemplate":"https:\/\/radioljubuski.ba\/?s={search_term_string}"},"query-input":{"@type":"PropertyValueSpecification","valueRequired":true,"valueName":"search_term_string"}}],"inLanguage":"hr"},{"@type":"Organization","@id":"https:\/\/radioljubuski.ba\/#organization","name":"Radio Ljubu\u0161ki","url":"https:\/\/radioljubuski.ba\/","logo":{"@type":"ImageObject","inLanguage":"hr","@id":"https:\/\/radioljubuski.ba\/#\/schema\/logo\/image\/","url":"https:\/\/radioljubuski.ba\/wp-content\/uploads\/2021\/02\/cropped-Radio_Ljubuski_logo1.jpg","contentUrl":"https:\/\/radioljubuski.ba\/wp-content\/uploads\/2021\/02\/cropped-Radio_Ljubuski_logo1.jpg","width":512,"height":512,"caption":"Radio Ljubu\u0161ki"},"image":{"@id":"https:\/\/radioljubuski.ba\/#\/schema\/logo\/image\/"},"sameAs":["https:\/\/www.facebook.com\/Radiio-Ljubuski-1490835324566332","https:\/\/x.com\/radioljubuski","https:\/\/hr.linkedin.com\/company\/radio-ljubuski","https:\/\/www.youtube.com\/channel\/UCHYaeO_n0Db3tjNGudGpXyw"]},{"@type":"Person","@id":"https:\/\/radioljubuski.ba\/#\/schema\/person\/19fc700381a780f69665d7956c469e3b","name":"Radio Ljubu\u0161ki"}]}},"_links":{"self":[{"href":"https:\/\/radioljubuski.ba\/index.php\/wp-json\/wp\/v2\/posts\/56395","targetHints":{"allow":["GET"]}}],"collection":[{"href":"https:\/\/radioljubuski.ba\/index.php\/wp-json\/wp\/v2\/posts"}],"about":[{"href":"https:\/\/radioljubuski.ba\/index.php\/wp-json\/wp\/v2\/types\/post"}],"author":[{"embeddable":true,"href":"https:\/\/radioljubuski.ba\/index.php\/wp-json\/wp\/v2\/users\/2"}],"replies":[{"embeddable":true,"href":"https:\/\/radioljubuski.ba\/index.php\/wp-json\/wp\/v2\/comments?post=56395"}],"version-history":[{"count":1,"href":"https:\/\/radioljubuski.ba\/index.php\/wp-json\/wp\/v2\/posts\/56395\/revisions"}],"predecessor-version":[{"id":56397,"href":"https:\/\/radioljubuski.ba\/index.php\/wp-json\/wp\/v2\/posts\/56395\/revisions\/56397"}],"wp:featuredmedia":[{"embeddable":true,"href":"https:\/\/radioljubuski.ba\/index.php\/wp-json\/wp\/v2\/media\/56396"}],"wp:attachment":[{"href":"https:\/\/radioljubuski.ba\/index.php\/wp-json\/wp\/v2\/media?parent=56395"}],"wp:term":[{"taxonomy":"category","embeddable":true,"href":"https:\/\/radioljubuski.ba\/index.php\/wp-json\/wp\/v2\/categories?post=56395"},{"taxonomy":"post_tag","embeddable":true,"href":"https:\/\/radioljubuski.ba\/index.php\/wp-json\/wp\/v2\/tags?post=56395"}],"curies":[{"name":"wp","href":"https:\/\/api.w.org\/{rel}","templated":true}]}}