{"id":56410,"date":"2021-08-22T22:48:25","date_gmt":"2021-08-22T21:48:25","guid":{"rendered":"https:\/\/radioljubuski.ba\/?p=56410"},"modified":"2021-08-22T22:48:26","modified_gmt":"2021-08-22T21:48:26","slug":"zelenski-porucio-merkel-sjeverni-tok-2-je-opasno-geopoliticko-oruzje-kremlja","status":"publish","type":"post","link":"https:\/\/radioljubuski.ba\/index.php\/2021\/08\/22\/zelenski-porucio-merkel-sjeverni-tok-2-je-opasno-geopoliticko-oruzje-kremlja\/","title":{"rendered":"Zelenski poru\u010dio Merkel: Sjeverni tok 2 je opasno geopoliti\u010dko oru\u017eje Kremlja"},"content":{"rendered":"\n<p>Rusko-njema\u010dki plinovod Sjeverni tok 2 &#8220;opasno geopoliti\u010dko oru\u017eje Kremlja&#8221;, ustvrdio je u nedjelju ukrajinski predsjednik primaju\u0107i u Kijevu njema\u010dku kancelarku koja se zauzima za taj projekt.<\/p>\n\n\n\n<p>Taj podmorski plinovod u Balti\u010dkom moru koji je pred zavr\u0161etkom, izravno \u0107e povezivati Rusiju i Njema\u010dku, uzimaju\u0107i Ukrajini najmanje 1,5 milijarda dolara na godinu, koliko sada dobiva za tranzit ruskog plina preko svog teritorija i izbijaju\u0107i joj iz ruku sredstvo diplomatskog pritiska na ruskog takmaca.<\/p>\n\n\n\n<p>\u201cPropitujemo taj projekt isklju\u010divo u smislu sigurnosti i smatramo ga opasnim geopoliti\u010dkim oru\u017ejem Kremlja\u201d, rekao je Volodimir Zelenski na zajedni\u010dkoj tiskovnoj konferenciji s Angelom Merkel.<br>\u201cNajve\u0107im rizicima bit \u0107e izlo\u017eena Ukrajina\u201d<\/p>\n\n\n\n<p>\u201cNitko ne mo\u017ee nijekati da \u0107e najve\u0107im rizicima zbog dovr\u0161etka Sjevernog toka 2 biti izlo\u017eena Ukrajina\u201d, istaknuo je.<\/p>\n\n\n\n<p>Kancelarka koja na jesen odlazi s du\u017enosti, poku\u0161ala je jo\u0161 jednom umiriti Kijev, rekav\u0161i da je postignut dogovor sa Sjedinjenim Dr\u017eavama, koje su htjele zaustaviti projekt, kako bi se projekt nastavio, uz uvjet da se Moskva ne\u0107e koristiti njime za slabljenje Ukrajine i uz uvjet da produlji ugovor o provozu plina nakon 2024.<\/p>\n\n\n\n<p>Merkel je podsjetila da je u petak u Moskvi zatra\u017eila od predsjednika Vladimira Putina da se produlji \u201cugovor o provozu ruskog plina kroz Ukrajinu koji istje\u010de 2024.\u201d<\/p>\n\n\n\n<p>\u201cSuglasni smo s Amerikancima da se plinom ne smije koristiti kao geopoliti\u010dkim oru\u017ejem i to \u0107e na kraju biti u funkciji produljenja ugovora. \u0160to se to dogodi prije, bit \u0107e bolje\u201d, dodala je.<\/p>\n\n\n\n<p>No predsjednik Zelenski je rekao da je sve dosad o produljenju tranzitnog ugovora \u010duo \u201ctek op\u0107enite stvari\u201d.<br>Merkel ka\u017ee da razumije zabrinutost Zelenskog<\/p>\n\n\n\n<p>Kancelarka je rekla da razumije \u201cveliku zabrinutost\u201d predsjednika Zelenskog, istaknuv\u0161i da Berlin ima \u201cposebnu odgovornost\u201d u vezi s time.<\/p>\n\n\n\n<p>Njema\u010dko-ameri\u010dki dogovor omogu\u0107uje uvo\u0111enje \u201csankcija bude li se (plin) koristio kao oru\u017eje\u201d, rekla je.<\/p>\n\n\n\n<p>Angela Merkel je na kraju rekla da \u0107e ova obe\u0107anja biti \u201cobvezuju\u0107a i za budu\u0107e njema\u010dke vlade\u201d jer se kancelarka sprema na odlazak nakon 16 godina na vlasti.<\/p>\n\n\n\n<p>Ukrajina, saveznik Zapada, popri\u0161te je proruskog separatisti\u010dkog rata na istoku od 2014. koji je izbio nakon ruske aneksije ukrajinskog Krima.<\/p>\n\n\n\n<p>Premda su ukrajinske vlasti zahvalne Merkel na njezinoj potpori u sukobu s Moskvom, zamjeraju joj \u0161to je isklju\u010dila plinsko pitanje iz djelokruga europskih sankcija, nastoje\u0107i na izgradnji plinovoda Sjeverni tok 2.<\/p>\n\n\n\n<p>Izvor:pogled.ba<\/p>\n","protected":false},"excerpt":{"rendered":"<p>Rusko-njema\u010dki plinovod Sjeverni tok 2 &#8220;opasno geopoliti\u010dko oru\u017eje Kremlja&#8221;, ustvrdio je u nedjelju ukrajinski predsjednik primaju\u0107i u Kijevu njema\u010dku kancelarku koja se zauzima za taj projekt. Taj podmorski plinovod u Balti\u010dkom moru koji je pred zavr\u0161etkom, izravno \u0107e povezivati Rusiju i Njema\u010dku, uzimaju\u0107i Ukrajini najmanje 1,5 milijarda dolara na godinu, koliko sada dobiva za tranzit [&hellip;]<\/p>\n","protected":false},"author":2,"featured_media":56411,"comment_status":"closed","ping_status":"closed","sticky":false,"template":"","format":"standard","meta":{"h5ap_radio_sources":[],"footnotes":""},"categories":[1],"tags":[],"class_list":["post-56410","post","type-post","status-publish","format-standard","has-post-thumbnail","hentry","category-bihiregija"],"yoast_head":"<!-- This site is optimized with the Yoast SEO plugin v27.5 - https:\/\/yoast.com\/product\/yoast-seo-wordpress\/ -->\n<title>Zelenski poru\u010dio Merkel: Sjeverni tok 2 je opasno geopoliti\u010dko oru\u017eje Kremlja - RADIO LJUBU\u0160KI<\/title>\n<meta name=\"robots\" content=\"index, follow, max-snippet:-1, max-image-preview:large, max-video-preview:-1\" \/>\n<link rel=\"canonical\" href=\"https:\/\/radioljubuski.ba\/index.php\/2021\/08\/22\/zelenski-porucio-merkel-sjeverni-tok-2-je-opasno-geopoliticko-oruzje-kremlja\/\" \/>\n<meta property=\"og:locale\" content=\"hr_HR\" \/>\n<meta property=\"og:type\" content=\"article\" \/>\n<meta property=\"og:title\" content=\"Zelenski poru\u010dio Merkel: Sjeverni tok 2 je opasno geopoliti\u010dko oru\u017eje Kremlja - RADIO LJUBU\u0160KI\" \/>\n<meta property=\"og:description\" content=\"Rusko-njema\u010dki plinovod Sjeverni tok 2 &#8220;opasno geopoliti\u010dko oru\u017eje Kremlja&#8221;, ustvrdio je u nedjelju ukrajinski predsjednik primaju\u0107i u Kijevu njema\u010dku kancelarku koja se zauzima za taj projekt. Taj podmorski plinovod u Balti\u010dkom moru koji je pred zavr\u0161etkom, izravno \u0107e povezivati Rusiju i Njema\u010dku, uzimaju\u0107i Ukrajini najmanje 1,5 milijarda dolara na godinu, koliko sada dobiva za tranzit [&hellip;]\" \/>\n<meta property=\"og:url\" content=\"https:\/\/radioljubuski.ba\/index.php\/2021\/08\/22\/zelenski-porucio-merkel-sjeverni-tok-2-je-opasno-geopoliticko-oruzje-kremlja\/\" \/>\n<meta property=\"og:site_name\" content=\"RADIO LJUBU\u0160KI\" \/>\n<meta property=\"article:publisher\" content=\"https:\/\/www.facebook.com\/Radiio-Ljubuski-1490835324566332\" \/>\n<meta property=\"article:published_time\" content=\"2021-08-22T21:48:25+00:00\" \/>\n<meta property=\"article:modified_time\" content=\"2021-08-22T21:48:26+00:00\" \/>\n<meta property=\"og:image\" content=\"https:\/\/radioljubuski.ba\/wp-content\/uploads\/2021\/08\/VADny2xu_plin.jpg\" \/>\n\t<meta property=\"og:image:width\" content=\"1000\" \/>\n\t<meta property=\"og:image:height\" content=\"625\" \/>\n\t<meta property=\"og:image:type\" content=\"image\/jpeg\" \/>\n<meta name=\"author\" content=\"Radio Ljubu\u0161ki\" \/>\n<meta name=\"twitter:card\" content=\"summary_large_image\" \/>\n<meta name=\"twitter:creator\" content=\"@radioljubuski\" \/>\n<meta name=\"twitter:site\" content=\"@radioljubuski\" \/>\n<meta name=\"twitter:label1\" content=\"Napisao\/la\" \/>\n\t<meta name=\"twitter:data1\" content=\"Radio Ljubu\u0161ki\" \/>\n\t<meta name=\"twitter:label2\" content=\"Procijenjeno vrijeme \u010ditanja\" \/>\n\t<meta name=\"twitter:data2\" content=\"2 minute\" \/>\n<script type=\"application\/ld+json\" class=\"yoast-schema-graph\">{\"@context\":\"https:\\\/\\\/schema.org\",\"@graph\":[{\"@type\":\"Article\",\"@id\":\"https:\\\/\\\/radioljubuski.ba\\\/index.php\\\/2021\\\/08\\\/22\\\/zelenski-porucio-merkel-sjeverni-tok-2-je-opasno-geopoliticko-oruzje-kremlja\\\/#article\",\"isPartOf\":{\"@id\":\"https:\\\/\\\/radioljubuski.ba\\\/index.php\\\/2021\\\/08\\\/22\\\/zelenski-porucio-merkel-sjeverni-tok-2-je-opasno-geopoliticko-oruzje-kremlja\\\/\"},\"author\":{\"name\":\"Radio Ljubu\u0161ki\",\"@id\":\"https:\\\/\\\/radioljubuski.ba\\\/#\\\/schema\\\/person\\\/19fc700381a780f69665d7956c469e3b\"},\"headline\":\"Zelenski poru\u010dio Merkel: Sjeverni tok 2 je opasno geopoliti\u010dko oru\u017eje Kremlja\",\"datePublished\":\"2021-08-22T21:48:25+00:00\",\"dateModified\":\"2021-08-22T21:48:26+00:00\",\"mainEntityOfPage\":{\"@id\":\"https:\\\/\\\/radioljubuski.ba\\\/index.php\\\/2021\\\/08\\\/22\\\/zelenski-porucio-merkel-sjeverni-tok-2-je-opasno-geopoliticko-oruzje-kremlja\\\/\"},\"wordCount\":421,\"publisher\":{\"@id\":\"https:\\\/\\\/radioljubuski.ba\\\/#organization\"},\"image\":{\"@id\":\"https:\\\/\\\/radioljubuski.ba\\\/index.php\\\/2021\\\/08\\\/22\\\/zelenski-porucio-merkel-sjeverni-tok-2-je-opasno-geopoliticko-oruzje-kremlja\\\/#primaryimage\"},\"thumbnailUrl\":\"https:\\\/\\\/radioljubuski.ba\\\/wp-content\\\/uploads\\\/2021\\\/08\\\/VADny2xu_plin.jpg\",\"articleSection\":[\"BIH i regija\"],\"inLanguage\":\"hr\"},{\"@type\":\"WebPage\",\"@id\":\"https:\\\/\\\/radioljubuski.ba\\\/index.php\\\/2021\\\/08\\\/22\\\/zelenski-porucio-merkel-sjeverni-tok-2-je-opasno-geopoliticko-oruzje-kremlja\\\/\",\"url\":\"https:\\\/\\\/radioljubuski.ba\\\/index.php\\\/2021\\\/08\\\/22\\\/zelenski-porucio-merkel-sjeverni-tok-2-je-opasno-geopoliticko-oruzje-kremlja\\\/\",\"name\":\"Zelenski poru\u010dio Merkel: Sjeverni tok 2 je opasno geopoliti\u010dko oru\u017eje Kremlja - RADIO LJUBU\u0160KI\",\"isPartOf\":{\"@id\":\"https:\\\/\\\/radioljubuski.ba\\\/#website\"},\"primaryImageOfPage\":{\"@id\":\"https:\\\/\\\/radioljubuski.ba\\\/index.php\\\/2021\\\/08\\\/22\\\/zelenski-porucio-merkel-sjeverni-tok-2-je-opasno-geopoliticko-oruzje-kremlja\\\/#primaryimage\"},\"image\":{\"@id\":\"https:\\\/\\\/radioljubuski.ba\\\/index.php\\\/2021\\\/08\\\/22\\\/zelenski-porucio-merkel-sjeverni-tok-2-je-opasno-geopoliticko-oruzje-kremlja\\\/#primaryimage\"},\"thumbnailUrl\":\"https:\\\/\\\/radioljubuski.ba\\\/wp-content\\\/uploads\\\/2021\\\/08\\\/VADny2xu_plin.jpg\",\"datePublished\":\"2021-08-22T21:48:25+00:00\",\"dateModified\":\"2021-08-22T21:48:26+00:00\",\"breadcrumb\":{\"@id\":\"https:\\\/\\\/radioljubuski.ba\\\/index.php\\\/2021\\\/08\\\/22\\\/zelenski-porucio-merkel-sjeverni-tok-2-je-opasno-geopoliticko-oruzje-kremlja\\\/#breadcrumb\"},\"inLanguage\":\"hr\",\"potentialAction\":[{\"@type\":\"ReadAction\",\"target\":[\"https:\\\/\\\/radioljubuski.ba\\\/index.php\\\/2021\\\/08\\\/22\\\/zelenski-porucio-merkel-sjeverni-tok-2-je-opasno-geopoliticko-oruzje-kremlja\\\/\"]}]},{\"@type\":\"ImageObject\",\"inLanguage\":\"hr\",\"@id\":\"https:\\\/\\\/radioljubuski.ba\\\/index.php\\\/2021\\\/08\\\/22\\\/zelenski-porucio-merkel-sjeverni-tok-2-je-opasno-geopoliticko-oruzje-kremlja\\\/#primaryimage\",\"url\":\"https:\\\/\\\/radioljubuski.ba\\\/wp-content\\\/uploads\\\/2021\\\/08\\\/VADny2xu_plin.jpg\",\"contentUrl\":\"https:\\\/\\\/radioljubuski.ba\\\/wp-content\\\/uploads\\\/2021\\\/08\\\/VADny2xu_plin.jpg\",\"width\":1000,\"height\":625},{\"@type\":\"BreadcrumbList\",\"@id\":\"https:\\\/\\\/radioljubuski.ba\\\/index.php\\\/2021\\\/08\\\/22\\\/zelenski-porucio-merkel-sjeverni-tok-2-je-opasno-geopoliticko-oruzje-kremlja\\\/#breadcrumb\",\"itemListElement\":[{\"@type\":\"ListItem\",\"position\":1,\"name\":\"Po\u010detna stranica\",\"item\":\"https:\\\/\\\/radioljubuski.ba\\\/\"},{\"@type\":\"ListItem\",\"position\":2,\"name\":\"Zelenski poru\u010dio Merkel: Sjeverni tok 2 je opasno geopoliti\u010dko oru\u017eje Kremlja\"}]},{\"@type\":\"WebSite\",\"@id\":\"https:\\\/\\\/radioljubuski.ba\\\/#website\",\"url\":\"https:\\\/\\\/radioljubuski.ba\\\/\",\"name\":\"Radio Ljubu\u0161ki\",\"description\":\"Sun\u010dana frekvencija Hercegovine\",\"publisher\":{\"@id\":\"https:\\\/\\\/radioljubuski.ba\\\/#organization\"},\"potentialAction\":[{\"@type\":\"SearchAction\",\"target\":{\"@type\":\"EntryPoint\",\"urlTemplate\":\"https:\\\/\\\/radioljubuski.ba\\\/?s={search_term_string}\"},\"query-input\":{\"@type\":\"PropertyValueSpecification\",\"valueRequired\":true,\"valueName\":\"search_term_string\"}}],\"inLanguage\":\"hr\"},{\"@type\":\"Organization\",\"@id\":\"https:\\\/\\\/radioljubuski.ba\\\/#organization\",\"name\":\"Radio Ljubu\u0161ki\",\"url\":\"https:\\\/\\\/radioljubuski.ba\\\/\",\"logo\":{\"@type\":\"ImageObject\",\"inLanguage\":\"hr\",\"@id\":\"https:\\\/\\\/radioljubuski.ba\\\/#\\\/schema\\\/logo\\\/image\\\/\",\"url\":\"https:\\\/\\\/radioljubuski.ba\\\/wp-content\\\/uploads\\\/2021\\\/02\\\/cropped-Radio_Ljubuski_logo1.jpg\",\"contentUrl\":\"https:\\\/\\\/radioljubuski.ba\\\/wp-content\\\/uploads\\\/2021\\\/02\\\/cropped-Radio_Ljubuski_logo1.jpg\",\"width\":512,\"height\":512,\"caption\":\"Radio Ljubu\u0161ki\"},\"image\":{\"@id\":\"https:\\\/\\\/radioljubuski.ba\\\/#\\\/schema\\\/logo\\\/image\\\/\"},\"sameAs\":[\"https:\\\/\\\/www.facebook.com\\\/Radiio-Ljubuski-1490835324566332\",\"https:\\\/\\\/x.com\\\/radioljubuski\",\"https:\\\/\\\/hr.linkedin.com\\\/company\\\/radio-ljubuski\",\"https:\\\/\\\/www.youtube.com\\\/channel\\\/UCHYaeO_n0Db3tjNGudGpXyw\"]},{\"@type\":\"Person\",\"@id\":\"https:\\\/\\\/radioljubuski.ba\\\/#\\\/schema\\\/person\\\/19fc700381a780f69665d7956c469e3b\",\"name\":\"Radio Ljubu\u0161ki\"}]}<\/script>\n<!-- \/ Yoast SEO plugin. -->","yoast_head_json":{"title":"Zelenski poru\u010dio Merkel: Sjeverni tok 2 je opasno geopoliti\u010dko oru\u017eje Kremlja - RADIO LJUBU\u0160KI","robots":{"index":"index","follow":"follow","max-snippet":"max-snippet:-1","max-image-preview":"max-image-preview:large","max-video-preview":"max-video-preview:-1"},"canonical":"https:\/\/radioljubuski.ba\/index.php\/2021\/08\/22\/zelenski-porucio-merkel-sjeverni-tok-2-je-opasno-geopoliticko-oruzje-kremlja\/","og_locale":"hr_HR","og_type":"article","og_title":"Zelenski poru\u010dio Merkel: Sjeverni tok 2 je opasno geopoliti\u010dko oru\u017eje Kremlja - RADIO LJUBU\u0160KI","og_description":"Rusko-njema\u010dki plinovod Sjeverni tok 2 &#8220;opasno geopoliti\u010dko oru\u017eje Kremlja&#8221;, ustvrdio je u nedjelju ukrajinski predsjednik primaju\u0107i u Kijevu njema\u010dku kancelarku koja se zauzima za taj projekt. Taj podmorski plinovod u Balti\u010dkom moru koji je pred zavr\u0161etkom, izravno \u0107e povezivati Rusiju i Njema\u010dku, uzimaju\u0107i Ukrajini najmanje 1,5 milijarda dolara na godinu, koliko sada dobiva za tranzit [&hellip;]","og_url":"https:\/\/radioljubuski.ba\/index.php\/2021\/08\/22\/zelenski-porucio-merkel-sjeverni-tok-2-je-opasno-geopoliticko-oruzje-kremlja\/","og_site_name":"RADIO LJUBU\u0160KI","article_publisher":"https:\/\/www.facebook.com\/Radiio-Ljubuski-1490835324566332","article_published_time":"2021-08-22T21:48:25+00:00","article_modified_time":"2021-08-22T21:48:26+00:00","og_image":[{"width":1000,"height":625,"url":"https:\/\/radioljubuski.ba\/wp-content\/uploads\/2021\/08\/VADny2xu_plin.jpg","type":"image\/jpeg"}],"author":"Radio Ljubu\u0161ki","twitter_card":"summary_large_image","twitter_creator":"@radioljubuski","twitter_site":"@radioljubuski","twitter_misc":{"Napisao\/la":"Radio Ljubu\u0161ki","Procijenjeno vrijeme \u010ditanja":"2 minute"},"schema":{"@context":"https:\/\/schema.org","@graph":[{"@type":"Article","@id":"https:\/\/radioljubuski.ba\/index.php\/2021\/08\/22\/zelenski-porucio-merkel-sjeverni-tok-2-je-opasno-geopoliticko-oruzje-kremlja\/#article","isPartOf":{"@id":"https:\/\/radioljubuski.ba\/index.php\/2021\/08\/22\/zelenski-porucio-merkel-sjeverni-tok-2-je-opasno-geopoliticko-oruzje-kremlja\/"},"author":{"name":"Radio Ljubu\u0161ki","@id":"https:\/\/radioljubuski.ba\/#\/schema\/person\/19fc700381a780f69665d7956c469e3b"},"headline":"Zelenski poru\u010dio Merkel: Sjeverni tok 2 je opasno geopoliti\u010dko oru\u017eje Kremlja","datePublished":"2021-08-22T21:48:25+00:00","dateModified":"2021-08-22T21:48:26+00:00","mainEntityOfPage":{"@id":"https:\/\/radioljubuski.ba\/index.php\/2021\/08\/22\/zelenski-porucio-merkel-sjeverni-tok-2-je-opasno-geopoliticko-oruzje-kremlja\/"},"wordCount":421,"publisher":{"@id":"https:\/\/radioljubuski.ba\/#organization"},"image":{"@id":"https:\/\/radioljubuski.ba\/index.php\/2021\/08\/22\/zelenski-porucio-merkel-sjeverni-tok-2-je-opasno-geopoliticko-oruzje-kremlja\/#primaryimage"},"thumbnailUrl":"https:\/\/radioljubuski.ba\/wp-content\/uploads\/2021\/08\/VADny2xu_plin.jpg","articleSection":["BIH i regija"],"inLanguage":"hr"},{"@type":"WebPage","@id":"https:\/\/radioljubuski.ba\/index.php\/2021\/08\/22\/zelenski-porucio-merkel-sjeverni-tok-2-je-opasno-geopoliticko-oruzje-kremlja\/","url":"https:\/\/radioljubuski.ba\/index.php\/2021\/08\/22\/zelenski-porucio-merkel-sjeverni-tok-2-je-opasno-geopoliticko-oruzje-kremlja\/","name":"Zelenski poru\u010dio Merkel: Sjeverni tok 2 je opasno geopoliti\u010dko oru\u017eje Kremlja - RADIO LJUBU\u0160KI","isPartOf":{"@id":"https:\/\/radioljubuski.ba\/#website"},"primaryImageOfPage":{"@id":"https:\/\/radioljubuski.ba\/index.php\/2021\/08\/22\/zelenski-porucio-merkel-sjeverni-tok-2-je-opasno-geopoliticko-oruzje-kremlja\/#primaryimage"},"image":{"@id":"https:\/\/radioljubuski.ba\/index.php\/2021\/08\/22\/zelenski-porucio-merkel-sjeverni-tok-2-je-opasno-geopoliticko-oruzje-kremlja\/#primaryimage"},"thumbnailUrl":"https:\/\/radioljubuski.ba\/wp-content\/uploads\/2021\/08\/VADny2xu_plin.jpg","datePublished":"2021-08-22T21:48:25+00:00","dateModified":"2021-08-22T21:48:26+00:00","breadcrumb":{"@id":"https:\/\/radioljubuski.ba\/index.php\/2021\/08\/22\/zelenski-porucio-merkel-sjeverni-tok-2-je-opasno-geopoliticko-oruzje-kremlja\/#breadcrumb"},"inLanguage":"hr","potentialAction":[{"@type":"ReadAction","target":["https:\/\/radioljubuski.ba\/index.php\/2021\/08\/22\/zelenski-porucio-merkel-sjeverni-tok-2-je-opasno-geopoliticko-oruzje-kremlja\/"]}]},{"@type":"ImageObject","inLanguage":"hr","@id":"https:\/\/radioljubuski.ba\/index.php\/2021\/08\/22\/zelenski-porucio-merkel-sjeverni-tok-2-je-opasno-geopoliticko-oruzje-kremlja\/#primaryimage","url":"https:\/\/radioljubuski.ba\/wp-content\/uploads\/2021\/08\/VADny2xu_plin.jpg","contentUrl":"https:\/\/radioljubuski.ba\/wp-content\/uploads\/2021\/08\/VADny2xu_plin.jpg","width":1000,"height":625},{"@type":"BreadcrumbList","@id":"https:\/\/radioljubuski.ba\/index.php\/2021\/08\/22\/zelenski-porucio-merkel-sjeverni-tok-2-je-opasno-geopoliticko-oruzje-kremlja\/#breadcrumb","itemListElement":[{"@type":"ListItem","position":1,"name":"Po\u010detna stranica","item":"https:\/\/radioljubuski.ba\/"},{"@type":"ListItem","position":2,"name":"Zelenski poru\u010dio Merkel: Sjeverni tok 2 je opasno geopoliti\u010dko oru\u017eje Kremlja"}]},{"@type":"WebSite","@id":"https:\/\/radioljubuski.ba\/#website","url":"https:\/\/radioljubuski.ba\/","name":"Radio Ljubu\u0161ki","description":"Sun\u010dana frekvencija Hercegovine","publisher":{"@id":"https:\/\/radioljubuski.ba\/#organization"},"potentialAction":[{"@type":"SearchAction","target":{"@type":"EntryPoint","urlTemplate":"https:\/\/radioljubuski.ba\/?s={search_term_string}"},"query-input":{"@type":"PropertyValueSpecification","valueRequired":true,"valueName":"search_term_string"}}],"inLanguage":"hr"},{"@type":"Organization","@id":"https:\/\/radioljubuski.ba\/#organization","name":"Radio Ljubu\u0161ki","url":"https:\/\/radioljubuski.ba\/","logo":{"@type":"ImageObject","inLanguage":"hr","@id":"https:\/\/radioljubuski.ba\/#\/schema\/logo\/image\/","url":"https:\/\/radioljubuski.ba\/wp-content\/uploads\/2021\/02\/cropped-Radio_Ljubuski_logo1.jpg","contentUrl":"https:\/\/radioljubuski.ba\/wp-content\/uploads\/2021\/02\/cropped-Radio_Ljubuski_logo1.jpg","width":512,"height":512,"caption":"Radio Ljubu\u0161ki"},"image":{"@id":"https:\/\/radioljubuski.ba\/#\/schema\/logo\/image\/"},"sameAs":["https:\/\/www.facebook.com\/Radiio-Ljubuski-1490835324566332","https:\/\/x.com\/radioljubuski","https:\/\/hr.linkedin.com\/company\/radio-ljubuski","https:\/\/www.youtube.com\/channel\/UCHYaeO_n0Db3tjNGudGpXyw"]},{"@type":"Person","@id":"https:\/\/radioljubuski.ba\/#\/schema\/person\/19fc700381a780f69665d7956c469e3b","name":"Radio Ljubu\u0161ki"}]}},"_links":{"self":[{"href":"https:\/\/radioljubuski.ba\/index.php\/wp-json\/wp\/v2\/posts\/56410","targetHints":{"allow":["GET"]}}],"collection":[{"href":"https:\/\/radioljubuski.ba\/index.php\/wp-json\/wp\/v2\/posts"}],"about":[{"href":"https:\/\/radioljubuski.ba\/index.php\/wp-json\/wp\/v2\/types\/post"}],"author":[{"embeddable":true,"href":"https:\/\/radioljubuski.ba\/index.php\/wp-json\/wp\/v2\/users\/2"}],"replies":[{"embeddable":true,"href":"https:\/\/radioljubuski.ba\/index.php\/wp-json\/wp\/v2\/comments?post=56410"}],"version-history":[{"count":1,"href":"https:\/\/radioljubuski.ba\/index.php\/wp-json\/wp\/v2\/posts\/56410\/revisions"}],"predecessor-version":[{"id":56412,"href":"https:\/\/radioljubuski.ba\/index.php\/wp-json\/wp\/v2\/posts\/56410\/revisions\/56412"}],"wp:featuredmedia":[{"embeddable":true,"href":"https:\/\/radioljubuski.ba\/index.php\/wp-json\/wp\/v2\/media\/56411"}],"wp:attachment":[{"href":"https:\/\/radioljubuski.ba\/index.php\/wp-json\/wp\/v2\/media?parent=56410"}],"wp:term":[{"taxonomy":"category","embeddable":true,"href":"https:\/\/radioljubuski.ba\/index.php\/wp-json\/wp\/v2\/categories?post=56410"},{"taxonomy":"post_tag","embeddable":true,"href":"https:\/\/radioljubuski.ba\/index.php\/wp-json\/wp\/v2\/tags?post=56410"}],"curies":[{"name":"wp","href":"https:\/\/api.w.org\/{rel}","templated":true}]}}