{"id":56413,"date":"2021-08-22T22:49:26","date_gmt":"2021-08-22T21:49:26","guid":{"rendered":"https:\/\/radioljubuski.ba\/?p=56413"},"modified":"2021-08-22T22:49:27","modified_gmt":"2021-08-22T21:49:27","slug":"od-jeseni-poskupljuje-kruh-neke-pekarnice-u-bih-vec-ranije-digle-cijene","status":"publish","type":"post","link":"https:\/\/radioljubuski.ba\/index.php\/2021\/08\/22\/od-jeseni-poskupljuje-kruh-neke-pekarnice-u-bih-vec-ranije-digle-cijene\/","title":{"rendered":"Od jeseni poskupljuje kruh, neke pekarnice u BiH ve\u0107 ranije digle cijene"},"content":{"rendered":"\n<p>Jo\u0161 smo ljetos pisali o poskupljenju kruha u nekim sarajevskim pekarnicama za \u010dak 40 posto, pa je tako \u0161truca od 400 grama s dosada\u0161njih 50 poskupjela na 70 feninga, a kruh od kilograma bio je skuplji za 0,50 KM. Iako se radilo o dramati\u010dnom poskupljenju bez osnove, ono se dogodilo.<\/p>\n\n\n\n<p>Sada one pekarnice koje tada nisu podizale cijene najavljuju njihov rast, ali, navodno, ne bi trebalo biti dramati\u010dnih skokova. Radenko Pelemi\u0161, predsjednik Udruge pekara iz Bijeljine, za Ve\u010dernji list potvr\u0111uje kako bi zbog rasta cijena p\u0161enice na svjetskim burzama moglo do\u0107i do blagog pove\u0107anja cijena, pi\u0161e Ve\u010dernji list BiH.<\/p>\n\n\n\n<p>Urod p\u0161enice izvrstan &#8211; Na svjetskoj burzi dogodila su se poskupljenja, a iako je kod nas za sada situacija stabilna, u najavi su poskupljenja te se u nekom razdoblju od mjesec dana mo\u017ee o\u010dekivati blagi porast cijena kruha. Me\u0111utim, to ne\u0107e biti previ\u0161e jer je urod p\u0161enice ove godine relativno dobar. Pogotovo u okru\u017eenju. Primjerice, u Srbiji je urod p\u0161enice neka 3 milijuna tona. Toliko je ima na stanju, a njihove potrebe su milijun i pol tona, stoga je situacija s p\u0161enicom stabilna, ali su u najavi neka blaga poskupljenja &#8211; pri\u010da nam Pelemi\u0161.<\/p>\n\n\n\n<p>Ned\u017ead Bi\u0107o, predsjednik Udruge poljoprivrednika FBiH, ponavlja stav da u BiH nema potrebe za dramati\u010dnim poskupljenjima poput onog od pola marke koje smo imali ljetos u nekim pekarnicama. &#8211; Ponovit \u0107u ono \u0161to sam i prije govorio. Kruh i bra\u0161no ne bi trebali poskupjeti iz kuta gledanja poljoprivrednih proizvo\u0111a\u010da jer je p\u0161enica u otkupu poskupjela tek nekoliko feninga, a \u0161to pekarnice i mlinare jo\u0161 ko\u010di, to oni najbolje znaju. Me\u0111utim, isto to doga\u0111a se i poljoprivrednim proizvo\u0111a\u010dima. Ako ka\u017eemo da je poskupjela nafta, poskupjela je i poljoprivrednim proizvo\u0111a\u010dima, kao i sve ostalo, a svi isto tro\u0161imo u svojoj proizvodnji, tako da nema razloga za drasti\u010dnim poskupljenjima kao \u0161to je ono od 30 do 50 feninga ako je p\u0161enica poskupjela kod nas tek za 3 feninga &#8211; rezolutan je Bi\u0107o.<\/p>\n\n\n\n<p>Kako doznajemo, jedan od razloga za poskupljenje je i cijena ulja koja je u nekoliko mjeseci drasti\u010dno sko\u010dila. Primjerice, jestivo ulje, koje se prije godinu dana moglo prona\u0107i i po 2,50 KM, sada stoji od 3 do 3,50 KM, a u dobrim starim vremenima, prije 15 godina, litra ulja stajala je od 1,10 do 1,40 KM. Poreme\u0107aj u proizvodnji U susjednoj RH, koja od 1. rujna di\u017ee cijene kruha, naveli su vi\u0161e \u010dimbenika koji prisiljavaju na rast cijena. &#8211; Ponajvi\u0161e zbog pandemije koronavirusa, ali i posljedica klimatskih promjena (tu\u010de, mraza, poplava i sve \u010de\u0161\u0107ih i duljih su\u0161nih razdoblja na na\u0161em podru\u010dju) kojih smo svi svjedoci, na globalnoj, a tako i l<\/p>\n\n\n\n<p>okalnoj te regionalnoj razini, u posljednje vrijeme dolazi do zna\u010dajnih poreme\u0107aja u proizvodnji, prijevozu i trgovini raznih kategorija roba i usluga, a o \u010demu se govori i pi\u0161e ve\u0107 dulje i \u010dega su vjerojatno svjesni i na\u0161i kupci. Kad govorimo o na\u0161oj bran\u0161i, treba naglasiti da je u posljednjih godinu dana cijena p\u0161enice na burzama porasla 39%, \u0161to se logi\u010dno ogleda u na\u0161em svakodnevnom poslovanju, koje od nas, kao vode\u0107e pekarske industrije, tra\u017ei stalne prilagodbe. Upravo zato svakodnevno nastojimo optimizirati i na\u0107i potrebne prostore i neiskori\u0161tene potencijale u na\u0161em procesu nabave &#8211; istaknuli su za Index iz Mlinara. Tako\u0111er su naveli i da \u0107e se, unato\u010d tim poskupljenjima, nastojati djelovati odgovorno.<\/p>\n\n\n\n<p>&#8211; Dodatno, informacije koje trenuta\u010dno imamo vezano uz cijene \u017eitarica iz nove \u017eetve nisu povoljne za kupce bra\u0161na. Kao i mnoge druge industrije, svakodnevno svjedo\u010dimo odljevu i nedostatku kvalificirane radne snage te pove\u0107anju tro\u0161kova \u017eivota, a unutar \u010dega je potrebno kontinuirano vr\u0161iti uskla\u0111enja, a \u0161to, naravno, utje\u010de na pove\u0107anje cijena. Svjesni socijalne osjetljivosti na\u0161ih proizvoda, posebice u kategoriji osnovnih \u017eivotnih namirnica, onih bazi\u010dnijih vrsta kruha, nastojat \u0107emo da ovaj val poskupljenja najmanje zahvati na\u0161e kupce te djelovati kao dru\u0161tveno odgovorna kompanija &#8211; odgovor je iz Mlinara.<\/p>\n\n\n\n<p>S druge pak strane, potro\u0161a\u010di u BiH upozoravaju i na \u010dinjenicu da neke pekarnice mo\u017eda nisu mijenjale cijene svojih proizvoda godinama, ali su smanjivale grama\u017eu i postupno koli\u010dinu bra\u0161na u kruhu pa je to argument da bi najavljena poskupljenja trebala zaobi\u0107i ovu zemlju. Zasad, sve opcije su u igri.\u2022<\/p>\n\n\n\n<p>Izvor:vecernji.ba<\/p>\n","protected":false},"excerpt":{"rendered":"<p>Jo\u0161 smo ljetos pisali o poskupljenju kruha u nekim sarajevskim pekarnicama za \u010dak 40 posto, pa je tako \u0161truca od 400 grama s dosada\u0161njih 50 poskupjela na 70 feninga, a kruh od kilograma bio je skuplji za 0,50 KM. Iako se radilo o dramati\u010dnom poskupljenju bez osnove, ono se dogodilo. Sada one pekarnice koje tada [&hellip;]<\/p>\n","protected":false},"author":2,"featured_media":56414,"comment_status":"closed","ping_status":"closed","sticky":false,"template":"","format":"standard","meta":{"h5ap_radio_sources":[],"footnotes":""},"categories":[1],"tags":[],"class_list":["post-56413","post","type-post","status-publish","format-standard","has-post-thumbnail","hentry","category-bihiregija"],"yoast_head":"<!-- This site is optimized with the Yoast SEO plugin v27.5 - https:\/\/yoast.com\/product\/yoast-seo-wordpress\/ -->\n<title>Od jeseni poskupljuje kruh, neke pekarnice u BiH ve\u0107 ranije digle cijene - RADIO LJUBU\u0160KI<\/title>\n<meta name=\"robots\" content=\"index, follow, max-snippet:-1, max-image-preview:large, max-video-preview:-1\" \/>\n<link rel=\"canonical\" href=\"https:\/\/radioljubuski.ba\/index.php\/2021\/08\/22\/od-jeseni-poskupljuje-kruh-neke-pekarnice-u-bih-vec-ranije-digle-cijene\/\" \/>\n<meta property=\"og:locale\" content=\"hr_HR\" \/>\n<meta property=\"og:type\" content=\"article\" \/>\n<meta property=\"og:title\" content=\"Od jeseni poskupljuje kruh, neke pekarnice u BiH ve\u0107 ranije digle cijene - RADIO LJUBU\u0160KI\" \/>\n<meta property=\"og:description\" content=\"Jo\u0161 smo ljetos pisali o poskupljenju kruha u nekim sarajevskim pekarnicama za \u010dak 40 posto, pa je tako \u0161truca od 400 grama s dosada\u0161njih 50 poskupjela na 70 feninga, a kruh od kilograma bio je skuplji za 0,50 KM. Iako se radilo o dramati\u010dnom poskupljenju bez osnove, ono se dogodilo. Sada one pekarnice koje tada [&hellip;]\" \/>\n<meta property=\"og:url\" content=\"https:\/\/radioljubuski.ba\/index.php\/2021\/08\/22\/od-jeseni-poskupljuje-kruh-neke-pekarnice-u-bih-vec-ranije-digle-cijene\/\" \/>\n<meta property=\"og:site_name\" content=\"RADIO LJUBU\u0160KI\" \/>\n<meta property=\"article:publisher\" content=\"https:\/\/www.facebook.com\/Radiio-Ljubuski-1490835324566332\" \/>\n<meta property=\"article:published_time\" content=\"2021-08-22T21:49:26+00:00\" \/>\n<meta property=\"article:modified_time\" content=\"2021-08-22T21:49:27+00:00\" \/>\n<meta property=\"og:image\" content=\"https:\/\/radioljubuski.ba\/wp-content\/uploads\/2021\/08\/4fxpwTCH_kruh_hljeb_pekara.jpg\" \/>\n\t<meta property=\"og:image:width\" content=\"1000\" \/>\n\t<meta property=\"og:image:height\" content=\"625\" \/>\n\t<meta property=\"og:image:type\" content=\"image\/jpeg\" \/>\n<meta name=\"author\" content=\"Radio Ljubu\u0161ki\" \/>\n<meta name=\"twitter:card\" content=\"summary_large_image\" \/>\n<meta name=\"twitter:creator\" content=\"@radioljubuski\" \/>\n<meta name=\"twitter:site\" content=\"@radioljubuski\" \/>\n<meta name=\"twitter:label1\" content=\"Napisao\/la\" \/>\n\t<meta name=\"twitter:data1\" content=\"Radio Ljubu\u0161ki\" \/>\n\t<meta name=\"twitter:label2\" content=\"Procijenjeno vrijeme \u010ditanja\" \/>\n\t<meta name=\"twitter:data2\" content=\"3 minute\" \/>\n<script type=\"application\/ld+json\" class=\"yoast-schema-graph\">{\"@context\":\"https:\\\/\\\/schema.org\",\"@graph\":[{\"@type\":\"Article\",\"@id\":\"https:\\\/\\\/radioljubuski.ba\\\/index.php\\\/2021\\\/08\\\/22\\\/od-jeseni-poskupljuje-kruh-neke-pekarnice-u-bih-vec-ranije-digle-cijene\\\/#article\",\"isPartOf\":{\"@id\":\"https:\\\/\\\/radioljubuski.ba\\\/index.php\\\/2021\\\/08\\\/22\\\/od-jeseni-poskupljuje-kruh-neke-pekarnice-u-bih-vec-ranije-digle-cijene\\\/\"},\"author\":{\"name\":\"Radio Ljubu\u0161ki\",\"@id\":\"https:\\\/\\\/radioljubuski.ba\\\/#\\\/schema\\\/person\\\/19fc700381a780f69665d7956c469e3b\"},\"headline\":\"Od jeseni poskupljuje kruh, neke pekarnice u BiH ve\u0107 ranije digle cijene\",\"datePublished\":\"2021-08-22T21:49:26+00:00\",\"dateModified\":\"2021-08-22T21:49:27+00:00\",\"mainEntityOfPage\":{\"@id\":\"https:\\\/\\\/radioljubuski.ba\\\/index.php\\\/2021\\\/08\\\/22\\\/od-jeseni-poskupljuje-kruh-neke-pekarnice-u-bih-vec-ranije-digle-cijene\\\/\"},\"wordCount\":764,\"publisher\":{\"@id\":\"https:\\\/\\\/radioljubuski.ba\\\/#organization\"},\"image\":{\"@id\":\"https:\\\/\\\/radioljubuski.ba\\\/index.php\\\/2021\\\/08\\\/22\\\/od-jeseni-poskupljuje-kruh-neke-pekarnice-u-bih-vec-ranije-digle-cijene\\\/#primaryimage\"},\"thumbnailUrl\":\"https:\\\/\\\/radioljubuski.ba\\\/wp-content\\\/uploads\\\/2021\\\/08\\\/4fxpwTCH_kruh_hljeb_pekara.jpg\",\"articleSection\":[\"BIH i regija\"],\"inLanguage\":\"hr\"},{\"@type\":\"WebPage\",\"@id\":\"https:\\\/\\\/radioljubuski.ba\\\/index.php\\\/2021\\\/08\\\/22\\\/od-jeseni-poskupljuje-kruh-neke-pekarnice-u-bih-vec-ranije-digle-cijene\\\/\",\"url\":\"https:\\\/\\\/radioljubuski.ba\\\/index.php\\\/2021\\\/08\\\/22\\\/od-jeseni-poskupljuje-kruh-neke-pekarnice-u-bih-vec-ranije-digle-cijene\\\/\",\"name\":\"Od jeseni poskupljuje kruh, neke pekarnice u BiH ve\u0107 ranije digle cijene - RADIO LJUBU\u0160KI\",\"isPartOf\":{\"@id\":\"https:\\\/\\\/radioljubuski.ba\\\/#website\"},\"primaryImageOfPage\":{\"@id\":\"https:\\\/\\\/radioljubuski.ba\\\/index.php\\\/2021\\\/08\\\/22\\\/od-jeseni-poskupljuje-kruh-neke-pekarnice-u-bih-vec-ranije-digle-cijene\\\/#primaryimage\"},\"image\":{\"@id\":\"https:\\\/\\\/radioljubuski.ba\\\/index.php\\\/2021\\\/08\\\/22\\\/od-jeseni-poskupljuje-kruh-neke-pekarnice-u-bih-vec-ranije-digle-cijene\\\/#primaryimage\"},\"thumbnailUrl\":\"https:\\\/\\\/radioljubuski.ba\\\/wp-content\\\/uploads\\\/2021\\\/08\\\/4fxpwTCH_kruh_hljeb_pekara.jpg\",\"datePublished\":\"2021-08-22T21:49:26+00:00\",\"dateModified\":\"2021-08-22T21:49:27+00:00\",\"breadcrumb\":{\"@id\":\"https:\\\/\\\/radioljubuski.ba\\\/index.php\\\/2021\\\/08\\\/22\\\/od-jeseni-poskupljuje-kruh-neke-pekarnice-u-bih-vec-ranije-digle-cijene\\\/#breadcrumb\"},\"inLanguage\":\"hr\",\"potentialAction\":[{\"@type\":\"ReadAction\",\"target\":[\"https:\\\/\\\/radioljubuski.ba\\\/index.php\\\/2021\\\/08\\\/22\\\/od-jeseni-poskupljuje-kruh-neke-pekarnice-u-bih-vec-ranije-digle-cijene\\\/\"]}]},{\"@type\":\"ImageObject\",\"inLanguage\":\"hr\",\"@id\":\"https:\\\/\\\/radioljubuski.ba\\\/index.php\\\/2021\\\/08\\\/22\\\/od-jeseni-poskupljuje-kruh-neke-pekarnice-u-bih-vec-ranije-digle-cijene\\\/#primaryimage\",\"url\":\"https:\\\/\\\/radioljubuski.ba\\\/wp-content\\\/uploads\\\/2021\\\/08\\\/4fxpwTCH_kruh_hljeb_pekara.jpg\",\"contentUrl\":\"https:\\\/\\\/radioljubuski.ba\\\/wp-content\\\/uploads\\\/2021\\\/08\\\/4fxpwTCH_kruh_hljeb_pekara.jpg\",\"width\":1000,\"height\":625},{\"@type\":\"BreadcrumbList\",\"@id\":\"https:\\\/\\\/radioljubuski.ba\\\/index.php\\\/2021\\\/08\\\/22\\\/od-jeseni-poskupljuje-kruh-neke-pekarnice-u-bih-vec-ranije-digle-cijene\\\/#breadcrumb\",\"itemListElement\":[{\"@type\":\"ListItem\",\"position\":1,\"name\":\"Po\u010detna stranica\",\"item\":\"https:\\\/\\\/radioljubuski.ba\\\/\"},{\"@type\":\"ListItem\",\"position\":2,\"name\":\"Od jeseni poskupljuje kruh, neke pekarnice u BiH ve\u0107 ranije digle cijene\"}]},{\"@type\":\"WebSite\",\"@id\":\"https:\\\/\\\/radioljubuski.ba\\\/#website\",\"url\":\"https:\\\/\\\/radioljubuski.ba\\\/\",\"name\":\"Radio Ljubu\u0161ki\",\"description\":\"Sun\u010dana frekvencija Hercegovine\",\"publisher\":{\"@id\":\"https:\\\/\\\/radioljubuski.ba\\\/#organization\"},\"potentialAction\":[{\"@type\":\"SearchAction\",\"target\":{\"@type\":\"EntryPoint\",\"urlTemplate\":\"https:\\\/\\\/radioljubuski.ba\\\/?s={search_term_string}\"},\"query-input\":{\"@type\":\"PropertyValueSpecification\",\"valueRequired\":true,\"valueName\":\"search_term_string\"}}],\"inLanguage\":\"hr\"},{\"@type\":\"Organization\",\"@id\":\"https:\\\/\\\/radioljubuski.ba\\\/#organization\",\"name\":\"Radio Ljubu\u0161ki\",\"url\":\"https:\\\/\\\/radioljubuski.ba\\\/\",\"logo\":{\"@type\":\"ImageObject\",\"inLanguage\":\"hr\",\"@id\":\"https:\\\/\\\/radioljubuski.ba\\\/#\\\/schema\\\/logo\\\/image\\\/\",\"url\":\"https:\\\/\\\/radioljubuski.ba\\\/wp-content\\\/uploads\\\/2021\\\/02\\\/cropped-Radio_Ljubuski_logo1.jpg\",\"contentUrl\":\"https:\\\/\\\/radioljubuski.ba\\\/wp-content\\\/uploads\\\/2021\\\/02\\\/cropped-Radio_Ljubuski_logo1.jpg\",\"width\":512,\"height\":512,\"caption\":\"Radio Ljubu\u0161ki\"},\"image\":{\"@id\":\"https:\\\/\\\/radioljubuski.ba\\\/#\\\/schema\\\/logo\\\/image\\\/\"},\"sameAs\":[\"https:\\\/\\\/www.facebook.com\\\/Radiio-Ljubuski-1490835324566332\",\"https:\\\/\\\/x.com\\\/radioljubuski\",\"https:\\\/\\\/hr.linkedin.com\\\/company\\\/radio-ljubuski\",\"https:\\\/\\\/www.youtube.com\\\/channel\\\/UCHYaeO_n0Db3tjNGudGpXyw\"]},{\"@type\":\"Person\",\"@id\":\"https:\\\/\\\/radioljubuski.ba\\\/#\\\/schema\\\/person\\\/19fc700381a780f69665d7956c469e3b\",\"name\":\"Radio Ljubu\u0161ki\"}]}<\/script>\n<!-- \/ Yoast SEO plugin. -->","yoast_head_json":{"title":"Od jeseni poskupljuje kruh, neke pekarnice u BiH ve\u0107 ranije digle cijene - RADIO LJUBU\u0160KI","robots":{"index":"index","follow":"follow","max-snippet":"max-snippet:-1","max-image-preview":"max-image-preview:large","max-video-preview":"max-video-preview:-1"},"canonical":"https:\/\/radioljubuski.ba\/index.php\/2021\/08\/22\/od-jeseni-poskupljuje-kruh-neke-pekarnice-u-bih-vec-ranije-digle-cijene\/","og_locale":"hr_HR","og_type":"article","og_title":"Od jeseni poskupljuje kruh, neke pekarnice u BiH ve\u0107 ranije digle cijene - RADIO LJUBU\u0160KI","og_description":"Jo\u0161 smo ljetos pisali o poskupljenju kruha u nekim sarajevskim pekarnicama za \u010dak 40 posto, pa je tako \u0161truca od 400 grama s dosada\u0161njih 50 poskupjela na 70 feninga, a kruh od kilograma bio je skuplji za 0,50 KM. Iako se radilo o dramati\u010dnom poskupljenju bez osnove, ono se dogodilo. Sada one pekarnice koje tada [&hellip;]","og_url":"https:\/\/radioljubuski.ba\/index.php\/2021\/08\/22\/od-jeseni-poskupljuje-kruh-neke-pekarnice-u-bih-vec-ranije-digle-cijene\/","og_site_name":"RADIO LJUBU\u0160KI","article_publisher":"https:\/\/www.facebook.com\/Radiio-Ljubuski-1490835324566332","article_published_time":"2021-08-22T21:49:26+00:00","article_modified_time":"2021-08-22T21:49:27+00:00","og_image":[{"width":1000,"height":625,"url":"https:\/\/radioljubuski.ba\/wp-content\/uploads\/2021\/08\/4fxpwTCH_kruh_hljeb_pekara.jpg","type":"image\/jpeg"}],"author":"Radio Ljubu\u0161ki","twitter_card":"summary_large_image","twitter_creator":"@radioljubuski","twitter_site":"@radioljubuski","twitter_misc":{"Napisao\/la":"Radio Ljubu\u0161ki","Procijenjeno vrijeme \u010ditanja":"3 minute"},"schema":{"@context":"https:\/\/schema.org","@graph":[{"@type":"Article","@id":"https:\/\/radioljubuski.ba\/index.php\/2021\/08\/22\/od-jeseni-poskupljuje-kruh-neke-pekarnice-u-bih-vec-ranije-digle-cijene\/#article","isPartOf":{"@id":"https:\/\/radioljubuski.ba\/index.php\/2021\/08\/22\/od-jeseni-poskupljuje-kruh-neke-pekarnice-u-bih-vec-ranije-digle-cijene\/"},"author":{"name":"Radio Ljubu\u0161ki","@id":"https:\/\/radioljubuski.ba\/#\/schema\/person\/19fc700381a780f69665d7956c469e3b"},"headline":"Od jeseni poskupljuje kruh, neke pekarnice u BiH ve\u0107 ranije digle cijene","datePublished":"2021-08-22T21:49:26+00:00","dateModified":"2021-08-22T21:49:27+00:00","mainEntityOfPage":{"@id":"https:\/\/radioljubuski.ba\/index.php\/2021\/08\/22\/od-jeseni-poskupljuje-kruh-neke-pekarnice-u-bih-vec-ranije-digle-cijene\/"},"wordCount":764,"publisher":{"@id":"https:\/\/radioljubuski.ba\/#organization"},"image":{"@id":"https:\/\/radioljubuski.ba\/index.php\/2021\/08\/22\/od-jeseni-poskupljuje-kruh-neke-pekarnice-u-bih-vec-ranije-digle-cijene\/#primaryimage"},"thumbnailUrl":"https:\/\/radioljubuski.ba\/wp-content\/uploads\/2021\/08\/4fxpwTCH_kruh_hljeb_pekara.jpg","articleSection":["BIH i regija"],"inLanguage":"hr"},{"@type":"WebPage","@id":"https:\/\/radioljubuski.ba\/index.php\/2021\/08\/22\/od-jeseni-poskupljuje-kruh-neke-pekarnice-u-bih-vec-ranije-digle-cijene\/","url":"https:\/\/radioljubuski.ba\/index.php\/2021\/08\/22\/od-jeseni-poskupljuje-kruh-neke-pekarnice-u-bih-vec-ranije-digle-cijene\/","name":"Od jeseni poskupljuje kruh, neke pekarnice u BiH ve\u0107 ranije digle cijene - RADIO LJUBU\u0160KI","isPartOf":{"@id":"https:\/\/radioljubuski.ba\/#website"},"primaryImageOfPage":{"@id":"https:\/\/radioljubuski.ba\/index.php\/2021\/08\/22\/od-jeseni-poskupljuje-kruh-neke-pekarnice-u-bih-vec-ranije-digle-cijene\/#primaryimage"},"image":{"@id":"https:\/\/radioljubuski.ba\/index.php\/2021\/08\/22\/od-jeseni-poskupljuje-kruh-neke-pekarnice-u-bih-vec-ranije-digle-cijene\/#primaryimage"},"thumbnailUrl":"https:\/\/radioljubuski.ba\/wp-content\/uploads\/2021\/08\/4fxpwTCH_kruh_hljeb_pekara.jpg","datePublished":"2021-08-22T21:49:26+00:00","dateModified":"2021-08-22T21:49:27+00:00","breadcrumb":{"@id":"https:\/\/radioljubuski.ba\/index.php\/2021\/08\/22\/od-jeseni-poskupljuje-kruh-neke-pekarnice-u-bih-vec-ranije-digle-cijene\/#breadcrumb"},"inLanguage":"hr","potentialAction":[{"@type":"ReadAction","target":["https:\/\/radioljubuski.ba\/index.php\/2021\/08\/22\/od-jeseni-poskupljuje-kruh-neke-pekarnice-u-bih-vec-ranije-digle-cijene\/"]}]},{"@type":"ImageObject","inLanguage":"hr","@id":"https:\/\/radioljubuski.ba\/index.php\/2021\/08\/22\/od-jeseni-poskupljuje-kruh-neke-pekarnice-u-bih-vec-ranije-digle-cijene\/#primaryimage","url":"https:\/\/radioljubuski.ba\/wp-content\/uploads\/2021\/08\/4fxpwTCH_kruh_hljeb_pekara.jpg","contentUrl":"https:\/\/radioljubuski.ba\/wp-content\/uploads\/2021\/08\/4fxpwTCH_kruh_hljeb_pekara.jpg","width":1000,"height":625},{"@type":"BreadcrumbList","@id":"https:\/\/radioljubuski.ba\/index.php\/2021\/08\/22\/od-jeseni-poskupljuje-kruh-neke-pekarnice-u-bih-vec-ranije-digle-cijene\/#breadcrumb","itemListElement":[{"@type":"ListItem","position":1,"name":"Po\u010detna stranica","item":"https:\/\/radioljubuski.ba\/"},{"@type":"ListItem","position":2,"name":"Od jeseni poskupljuje kruh, neke pekarnice u BiH ve\u0107 ranije digle cijene"}]},{"@type":"WebSite","@id":"https:\/\/radioljubuski.ba\/#website","url":"https:\/\/radioljubuski.ba\/","name":"Radio Ljubu\u0161ki","description":"Sun\u010dana frekvencija Hercegovine","publisher":{"@id":"https:\/\/radioljubuski.ba\/#organization"},"potentialAction":[{"@type":"SearchAction","target":{"@type":"EntryPoint","urlTemplate":"https:\/\/radioljubuski.ba\/?s={search_term_string}"},"query-input":{"@type":"PropertyValueSpecification","valueRequired":true,"valueName":"search_term_string"}}],"inLanguage":"hr"},{"@type":"Organization","@id":"https:\/\/radioljubuski.ba\/#organization","name":"Radio Ljubu\u0161ki","url":"https:\/\/radioljubuski.ba\/","logo":{"@type":"ImageObject","inLanguage":"hr","@id":"https:\/\/radioljubuski.ba\/#\/schema\/logo\/image\/","url":"https:\/\/radioljubuski.ba\/wp-content\/uploads\/2021\/02\/cropped-Radio_Ljubuski_logo1.jpg","contentUrl":"https:\/\/radioljubuski.ba\/wp-content\/uploads\/2021\/02\/cropped-Radio_Ljubuski_logo1.jpg","width":512,"height":512,"caption":"Radio Ljubu\u0161ki"},"image":{"@id":"https:\/\/radioljubuski.ba\/#\/schema\/logo\/image\/"},"sameAs":["https:\/\/www.facebook.com\/Radiio-Ljubuski-1490835324566332","https:\/\/x.com\/radioljubuski","https:\/\/hr.linkedin.com\/company\/radio-ljubuski","https:\/\/www.youtube.com\/channel\/UCHYaeO_n0Db3tjNGudGpXyw"]},{"@type":"Person","@id":"https:\/\/radioljubuski.ba\/#\/schema\/person\/19fc700381a780f69665d7956c469e3b","name":"Radio Ljubu\u0161ki"}]}},"_links":{"self":[{"href":"https:\/\/radioljubuski.ba\/index.php\/wp-json\/wp\/v2\/posts\/56413","targetHints":{"allow":["GET"]}}],"collection":[{"href":"https:\/\/radioljubuski.ba\/index.php\/wp-json\/wp\/v2\/posts"}],"about":[{"href":"https:\/\/radioljubuski.ba\/index.php\/wp-json\/wp\/v2\/types\/post"}],"author":[{"embeddable":true,"href":"https:\/\/radioljubuski.ba\/index.php\/wp-json\/wp\/v2\/users\/2"}],"replies":[{"embeddable":true,"href":"https:\/\/radioljubuski.ba\/index.php\/wp-json\/wp\/v2\/comments?post=56413"}],"version-history":[{"count":1,"href":"https:\/\/radioljubuski.ba\/index.php\/wp-json\/wp\/v2\/posts\/56413\/revisions"}],"predecessor-version":[{"id":56415,"href":"https:\/\/radioljubuski.ba\/index.php\/wp-json\/wp\/v2\/posts\/56413\/revisions\/56415"}],"wp:featuredmedia":[{"embeddable":true,"href":"https:\/\/radioljubuski.ba\/index.php\/wp-json\/wp\/v2\/media\/56414"}],"wp:attachment":[{"href":"https:\/\/radioljubuski.ba\/index.php\/wp-json\/wp\/v2\/media?parent=56413"}],"wp:term":[{"taxonomy":"category","embeddable":true,"href":"https:\/\/radioljubuski.ba\/index.php\/wp-json\/wp\/v2\/categories?post=56413"},{"taxonomy":"post_tag","embeddable":true,"href":"https:\/\/radioljubuski.ba\/index.php\/wp-json\/wp\/v2\/tags?post=56413"}],"curies":[{"name":"wp","href":"https:\/\/api.w.org\/{rel}","templated":true}]}}