{"id":56459,"date":"2021-08-22T23:42:00","date_gmt":"2021-08-22T22:42:00","guid":{"rendered":"https:\/\/radioljubuski.ba\/?p=56459"},"modified":"2021-08-22T23:42:01","modified_gmt":"2021-08-22T22:42:01","slug":"broj-tvrtki-u-fbih-povecao-se-za-23-posto-a-obrtnika-za-1-posto","status":"publish","type":"post","link":"https:\/\/radioljubuski.ba\/index.php\/2021\/08\/22\/broj-tvrtki-u-fbih-povecao-se-za-23-posto-a-obrtnika-za-1-posto\/","title":{"rendered":"Broj tvrtki u FBiH pove\u0107ao se za 2,3 posto, a obrtnika za 1 posto"},"content":{"rendered":"\n<p>Broj poslovnih subjekata tijekom pro\u0161le godine na prostoru Federacije BiH je rastao unato\u010d pojavi pandemije koronavirusa. Pokazuju to podaci Federalnog zavoda za statistiku obra\u0111eni u dokumentu \u201cMakroekonomski pokazatelji po \u017eupanijama FBiH\u201d. &#8211; Ukupan broj poslovnih subjekata na dan 31. 12. 2020. iznosi 114.867, \u0161to je vi\u0161e za 1,7% u odnosu na prethodnu godinu, pi\u0161e Ve\u010dernji list BiH.<\/p>\n\n\n\n<p>Gdje ima najvi\u0161e subjekata Registriran broj pravnih osoba u FBiH na dan 31. 12. 2020. godine iznosi 62.180, \u0161to je vi\u0161e za 2,3% u odnosu na prethodnu godinu &#8211; navodi se u dokumentu. Dalje se isti\u010de kako su na dan 31. 12. 2020. godine u Federaciji BiH bile registrirane ukupno 30.773 poslovne jedinice u sastavu pravnih osoba ili 0,3% manje nego u 2019. godini. Pod jedinicama poslovnih subjekata podrazumijevaju se organizacijske jedinice u sastavu poslovnog subjekta (radionice, skladi\u0161ta, uredi, stovari\u0161ta, predstavni\u0161tva, prodajna mjesta itd.) smje\u0161tene na geografski odre\u0111enom mjestu. Fizi\u010dke osobe obrtnici jesu osobe koje samostalno vr\u0161e djelatnosti, obavljaju djelatnost obrta i slobodnih zanimanja u svoje ime i za svoj ra\u010dun.<\/p>\n\n\n\n<p>&#8211; Broj registriranih fizi\u010dkih osoba obrtnika u 2020. godini iznosio je 52.687, \u0161to je vi\u0161e za 1% u odnosu na 2019. &#8211; stoji u navedenom dokumentu. Kao i dosada\u0161njih godina, gledano po \u017eupanijama, najve\u0107i broj poslovnih subjekata na kraju 2020. registriran je u Sarajevskoj \u017eupaniji, i to s udjelom od 28,2% u odnosu na ukupan broj poslovnih subjekata u Federaciji BiH, zatim u Tuzlanskoj \u017eupaniji s udjelom od 18,4%, dok je najmanji udio registriran u Posavskoj \u017eupaniji s 1,4% i Bosansko-podrinjskoj s 0,9% u ukupnom broju poslovnih subjekata u Federaciji BiH.<\/p>\n\n\n\n<p>Poslovanje obrtnika<\/p>\n\n\n\n<p>Najve\u0107i broj pravnih osoba na kraju 2020. godine registriran je tako\u0111er u Sarajevskoj \u017eupaniji (32,3% u odnosu na ukupan broj pravnih osoba u Federaciji BiH), a najmanji broj u Bosansko-podrinjskoj \u017eupaniji (0,9% u odnosu na ukupan broj pravnih osoba u Federaciji BiH). Najve\u0107i broj fizi\u010dkih osoba obrtnika na kraju 2020. godine registriran je u Sarajevskoj \u017eupaniji (23,5% u odnosu na ukupan broj obrtnika u FBiH), a najmanji u Bosansko-podrinjskoj \u017eupaniji (0,9% u odnosu na ukupan broj obrtnika u Federaciji BiH). Srednjobosanska \u017eupanija tijekom pro\u0161le godine bilje\u017eila je 5318 pravnih i 5468 fizi\u010dkih osoba.<\/p>\n\n\n\n<p>Na podru\u010dju Hercegova\u010dko-neretvanske \u017eupanije tijekom pandemijske 2020. godine djelovale su 7463 pravne osobe i 6739 obrtnika, a na podru\u010dju Zapadnohercegova\u010dke \u017eupanije 3369 pravnih osoba i 2228 obrtnika. U Hercegbosanskoj \u017eupaniji, prema podacima iz dokumenta \u201cMakroekonomski pokazatelji po \u017eupanijama Federacije BiH\u201d, vidljivo je kako su tijekom 2020. godine poslovala 2232 pravna subjekta i 1375 obrtnika.<\/p>\n\n\n\n<p>Izvor:vecernji.ba<\/p>\n","protected":false},"excerpt":{"rendered":"<p>Broj poslovnih subjekata tijekom pro\u0161le godine na prostoru Federacije BiH je rastao unato\u010d pojavi pandemije koronavirusa. Pokazuju to podaci Federalnog zavoda za statistiku obra\u0111eni u dokumentu \u201cMakroekonomski pokazatelji po \u017eupanijama FBiH\u201d. &#8211; Ukupan broj poslovnih subjekata na dan 31. 12. 2020. iznosi 114.867, \u0161to je vi\u0161e za 1,7% u odnosu na prethodnu godinu, pi\u0161e Ve\u010dernji [&hellip;]<\/p>\n","protected":false},"author":2,"featured_media":56460,"comment_status":"closed","ping_status":"closed","sticky":false,"template":"","format":"standard","meta":{"h5ap_radio_sources":[],"footnotes":""},"categories":[1],"tags":[],"class_list":["post-56459","post","type-post","status-publish","format-standard","has-post-thumbnail","hentry","category-bihiregija"],"yoast_head":"<!-- This site is optimized with the Yoast SEO plugin v27.5 - https:\/\/yoast.com\/product\/yoast-seo-wordpress\/ -->\n<title>Broj tvrtki u FBiH pove\u0107ao se za 2,3 posto, a obrtnika za 1 posto - RADIO LJUBU\u0160KI<\/title>\n<meta name=\"robots\" content=\"index, follow, max-snippet:-1, max-image-preview:large, max-video-preview:-1\" \/>\n<link rel=\"canonical\" href=\"https:\/\/radioljubuski.ba\/index.php\/2021\/08\/22\/broj-tvrtki-u-fbih-povecao-se-za-23-posto-a-obrtnika-za-1-posto\/\" \/>\n<meta property=\"og:locale\" content=\"hr_HR\" \/>\n<meta property=\"og:type\" content=\"article\" \/>\n<meta property=\"og:title\" content=\"Broj tvrtki u FBiH pove\u0107ao se za 2,3 posto, a obrtnika za 1 posto - RADIO LJUBU\u0160KI\" \/>\n<meta property=\"og:description\" content=\"Broj poslovnih subjekata tijekom pro\u0161le godine na prostoru Federacije BiH je rastao unato\u010d pojavi pandemije koronavirusa. Pokazuju to podaci Federalnog zavoda za statistiku obra\u0111eni u dokumentu \u201cMakroekonomski pokazatelji po \u017eupanijama FBiH\u201d. &#8211; Ukupan broj poslovnih subjekata na dan 31. 12. 2020. iznosi 114.867, \u0161to je vi\u0161e za 1,7% u odnosu na prethodnu godinu, pi\u0161e Ve\u010dernji [&hellip;]\" \/>\n<meta property=\"og:url\" content=\"https:\/\/radioljubuski.ba\/index.php\/2021\/08\/22\/broj-tvrtki-u-fbih-povecao-se-za-23-posto-a-obrtnika-za-1-posto\/\" \/>\n<meta property=\"og:site_name\" content=\"RADIO LJUBU\u0160KI\" \/>\n<meta property=\"article:publisher\" content=\"https:\/\/www.facebook.com\/Radiio-Ljubuski-1490835324566332\" \/>\n<meta property=\"article:published_time\" content=\"2021-08-22T22:42:00+00:00\" \/>\n<meta property=\"article:modified_time\" content=\"2021-08-22T22:42:01+00:00\" \/>\n<meta property=\"og:image\" content=\"https:\/\/radioljubuski.ba\/wp-content\/uploads\/2021\/08\/TbvYFN9m_industrija_proiz44.jpg\" \/>\n\t<meta property=\"og:image:width\" content=\"1000\" \/>\n\t<meta property=\"og:image:height\" content=\"625\" \/>\n\t<meta property=\"og:image:type\" content=\"image\/jpeg\" \/>\n<meta name=\"author\" content=\"Radio Ljubu\u0161ki\" \/>\n<meta name=\"twitter:card\" content=\"summary_large_image\" \/>\n<meta name=\"twitter:creator\" content=\"@radioljubuski\" \/>\n<meta name=\"twitter:site\" content=\"@radioljubuski\" \/>\n<meta name=\"twitter:label1\" content=\"Napisao\/la\" \/>\n\t<meta name=\"twitter:data1\" content=\"Radio Ljubu\u0161ki\" \/>\n\t<meta name=\"twitter:label2\" content=\"Procijenjeno vrijeme \u010ditanja\" \/>\n\t<meta name=\"twitter:data2\" content=\"2 minute\" \/>\n<script type=\"application\/ld+json\" class=\"yoast-schema-graph\">{\"@context\":\"https:\\\/\\\/schema.org\",\"@graph\":[{\"@type\":\"Article\",\"@id\":\"https:\\\/\\\/radioljubuski.ba\\\/index.php\\\/2021\\\/08\\\/22\\\/broj-tvrtki-u-fbih-povecao-se-za-23-posto-a-obrtnika-za-1-posto\\\/#article\",\"isPartOf\":{\"@id\":\"https:\\\/\\\/radioljubuski.ba\\\/index.php\\\/2021\\\/08\\\/22\\\/broj-tvrtki-u-fbih-povecao-se-za-23-posto-a-obrtnika-za-1-posto\\\/\"},\"author\":{\"name\":\"Radio Ljubu\u0161ki\",\"@id\":\"https:\\\/\\\/radioljubuski.ba\\\/#\\\/schema\\\/person\\\/19fc700381a780f69665d7956c469e3b\"},\"headline\":\"Broj tvrtki u FBiH pove\u0107ao se za 2,3 posto, a obrtnika za 1 posto\",\"datePublished\":\"2021-08-22T22:42:00+00:00\",\"dateModified\":\"2021-08-22T22:42:01+00:00\",\"mainEntityOfPage\":{\"@id\":\"https:\\\/\\\/radioljubuski.ba\\\/index.php\\\/2021\\\/08\\\/22\\\/broj-tvrtki-u-fbih-povecao-se-za-23-posto-a-obrtnika-za-1-posto\\\/\"},\"wordCount\":414,\"publisher\":{\"@id\":\"https:\\\/\\\/radioljubuski.ba\\\/#organization\"},\"image\":{\"@id\":\"https:\\\/\\\/radioljubuski.ba\\\/index.php\\\/2021\\\/08\\\/22\\\/broj-tvrtki-u-fbih-povecao-se-za-23-posto-a-obrtnika-za-1-posto\\\/#primaryimage\"},\"thumbnailUrl\":\"https:\\\/\\\/radioljubuski.ba\\\/wp-content\\\/uploads\\\/2021\\\/08\\\/TbvYFN9m_industrija_proiz44.jpg\",\"articleSection\":[\"BIH i regija\"],\"inLanguage\":\"hr\"},{\"@type\":\"WebPage\",\"@id\":\"https:\\\/\\\/radioljubuski.ba\\\/index.php\\\/2021\\\/08\\\/22\\\/broj-tvrtki-u-fbih-povecao-se-za-23-posto-a-obrtnika-za-1-posto\\\/\",\"url\":\"https:\\\/\\\/radioljubuski.ba\\\/index.php\\\/2021\\\/08\\\/22\\\/broj-tvrtki-u-fbih-povecao-se-za-23-posto-a-obrtnika-za-1-posto\\\/\",\"name\":\"Broj tvrtki u FBiH pove\u0107ao se za 2,3 posto, a obrtnika za 1 posto - RADIO LJUBU\u0160KI\",\"isPartOf\":{\"@id\":\"https:\\\/\\\/radioljubuski.ba\\\/#website\"},\"primaryImageOfPage\":{\"@id\":\"https:\\\/\\\/radioljubuski.ba\\\/index.php\\\/2021\\\/08\\\/22\\\/broj-tvrtki-u-fbih-povecao-se-za-23-posto-a-obrtnika-za-1-posto\\\/#primaryimage\"},\"image\":{\"@id\":\"https:\\\/\\\/radioljubuski.ba\\\/index.php\\\/2021\\\/08\\\/22\\\/broj-tvrtki-u-fbih-povecao-se-za-23-posto-a-obrtnika-za-1-posto\\\/#primaryimage\"},\"thumbnailUrl\":\"https:\\\/\\\/radioljubuski.ba\\\/wp-content\\\/uploads\\\/2021\\\/08\\\/TbvYFN9m_industrija_proiz44.jpg\",\"datePublished\":\"2021-08-22T22:42:00+00:00\",\"dateModified\":\"2021-08-22T22:42:01+00:00\",\"breadcrumb\":{\"@id\":\"https:\\\/\\\/radioljubuski.ba\\\/index.php\\\/2021\\\/08\\\/22\\\/broj-tvrtki-u-fbih-povecao-se-za-23-posto-a-obrtnika-za-1-posto\\\/#breadcrumb\"},\"inLanguage\":\"hr\",\"potentialAction\":[{\"@type\":\"ReadAction\",\"target\":[\"https:\\\/\\\/radioljubuski.ba\\\/index.php\\\/2021\\\/08\\\/22\\\/broj-tvrtki-u-fbih-povecao-se-za-23-posto-a-obrtnika-za-1-posto\\\/\"]}]},{\"@type\":\"ImageObject\",\"inLanguage\":\"hr\",\"@id\":\"https:\\\/\\\/radioljubuski.ba\\\/index.php\\\/2021\\\/08\\\/22\\\/broj-tvrtki-u-fbih-povecao-se-za-23-posto-a-obrtnika-za-1-posto\\\/#primaryimage\",\"url\":\"https:\\\/\\\/radioljubuski.ba\\\/wp-content\\\/uploads\\\/2021\\\/08\\\/TbvYFN9m_industrija_proiz44.jpg\",\"contentUrl\":\"https:\\\/\\\/radioljubuski.ba\\\/wp-content\\\/uploads\\\/2021\\\/08\\\/TbvYFN9m_industrija_proiz44.jpg\",\"width\":1000,\"height\":625},{\"@type\":\"BreadcrumbList\",\"@id\":\"https:\\\/\\\/radioljubuski.ba\\\/index.php\\\/2021\\\/08\\\/22\\\/broj-tvrtki-u-fbih-povecao-se-za-23-posto-a-obrtnika-za-1-posto\\\/#breadcrumb\",\"itemListElement\":[{\"@type\":\"ListItem\",\"position\":1,\"name\":\"Po\u010detna stranica\",\"item\":\"https:\\\/\\\/radioljubuski.ba\\\/\"},{\"@type\":\"ListItem\",\"position\":2,\"name\":\"Broj tvrtki u FBiH pove\u0107ao se za 2,3 posto, a obrtnika za 1 posto\"}]},{\"@type\":\"WebSite\",\"@id\":\"https:\\\/\\\/radioljubuski.ba\\\/#website\",\"url\":\"https:\\\/\\\/radioljubuski.ba\\\/\",\"name\":\"Radio Ljubu\u0161ki\",\"description\":\"Sun\u010dana frekvencija Hercegovine\",\"publisher\":{\"@id\":\"https:\\\/\\\/radioljubuski.ba\\\/#organization\"},\"potentialAction\":[{\"@type\":\"SearchAction\",\"target\":{\"@type\":\"EntryPoint\",\"urlTemplate\":\"https:\\\/\\\/radioljubuski.ba\\\/?s={search_term_string}\"},\"query-input\":{\"@type\":\"PropertyValueSpecification\",\"valueRequired\":true,\"valueName\":\"search_term_string\"}}],\"inLanguage\":\"hr\"},{\"@type\":\"Organization\",\"@id\":\"https:\\\/\\\/radioljubuski.ba\\\/#organization\",\"name\":\"Radio Ljubu\u0161ki\",\"url\":\"https:\\\/\\\/radioljubuski.ba\\\/\",\"logo\":{\"@type\":\"ImageObject\",\"inLanguage\":\"hr\",\"@id\":\"https:\\\/\\\/radioljubuski.ba\\\/#\\\/schema\\\/logo\\\/image\\\/\",\"url\":\"https:\\\/\\\/radioljubuski.ba\\\/wp-content\\\/uploads\\\/2021\\\/02\\\/cropped-Radio_Ljubuski_logo1.jpg\",\"contentUrl\":\"https:\\\/\\\/radioljubuski.ba\\\/wp-content\\\/uploads\\\/2021\\\/02\\\/cropped-Radio_Ljubuski_logo1.jpg\",\"width\":512,\"height\":512,\"caption\":\"Radio Ljubu\u0161ki\"},\"image\":{\"@id\":\"https:\\\/\\\/radioljubuski.ba\\\/#\\\/schema\\\/logo\\\/image\\\/\"},\"sameAs\":[\"https:\\\/\\\/www.facebook.com\\\/Radiio-Ljubuski-1490835324566332\",\"https:\\\/\\\/x.com\\\/radioljubuski\",\"https:\\\/\\\/hr.linkedin.com\\\/company\\\/radio-ljubuski\",\"https:\\\/\\\/www.youtube.com\\\/channel\\\/UCHYaeO_n0Db3tjNGudGpXyw\"]},{\"@type\":\"Person\",\"@id\":\"https:\\\/\\\/radioljubuski.ba\\\/#\\\/schema\\\/person\\\/19fc700381a780f69665d7956c469e3b\",\"name\":\"Radio Ljubu\u0161ki\"}]}<\/script>\n<!-- \/ Yoast SEO plugin. -->","yoast_head_json":{"title":"Broj tvrtki u FBiH pove\u0107ao se za 2,3 posto, a obrtnika za 1 posto - RADIO LJUBU\u0160KI","robots":{"index":"index","follow":"follow","max-snippet":"max-snippet:-1","max-image-preview":"max-image-preview:large","max-video-preview":"max-video-preview:-1"},"canonical":"https:\/\/radioljubuski.ba\/index.php\/2021\/08\/22\/broj-tvrtki-u-fbih-povecao-se-za-23-posto-a-obrtnika-za-1-posto\/","og_locale":"hr_HR","og_type":"article","og_title":"Broj tvrtki u FBiH pove\u0107ao se za 2,3 posto, a obrtnika za 1 posto - RADIO LJUBU\u0160KI","og_description":"Broj poslovnih subjekata tijekom pro\u0161le godine na prostoru Federacije BiH je rastao unato\u010d pojavi pandemije koronavirusa. Pokazuju to podaci Federalnog zavoda za statistiku obra\u0111eni u dokumentu \u201cMakroekonomski pokazatelji po \u017eupanijama FBiH\u201d. &#8211; Ukupan broj poslovnih subjekata na dan 31. 12. 2020. iznosi 114.867, \u0161to je vi\u0161e za 1,7% u odnosu na prethodnu godinu, pi\u0161e Ve\u010dernji [&hellip;]","og_url":"https:\/\/radioljubuski.ba\/index.php\/2021\/08\/22\/broj-tvrtki-u-fbih-povecao-se-za-23-posto-a-obrtnika-za-1-posto\/","og_site_name":"RADIO LJUBU\u0160KI","article_publisher":"https:\/\/www.facebook.com\/Radiio-Ljubuski-1490835324566332","article_published_time":"2021-08-22T22:42:00+00:00","article_modified_time":"2021-08-22T22:42:01+00:00","og_image":[{"width":1000,"height":625,"url":"https:\/\/radioljubuski.ba\/wp-content\/uploads\/2021\/08\/TbvYFN9m_industrija_proiz44.jpg","type":"image\/jpeg"}],"author":"Radio Ljubu\u0161ki","twitter_card":"summary_large_image","twitter_creator":"@radioljubuski","twitter_site":"@radioljubuski","twitter_misc":{"Napisao\/la":"Radio Ljubu\u0161ki","Procijenjeno vrijeme \u010ditanja":"2 minute"},"schema":{"@context":"https:\/\/schema.org","@graph":[{"@type":"Article","@id":"https:\/\/radioljubuski.ba\/index.php\/2021\/08\/22\/broj-tvrtki-u-fbih-povecao-se-za-23-posto-a-obrtnika-za-1-posto\/#article","isPartOf":{"@id":"https:\/\/radioljubuski.ba\/index.php\/2021\/08\/22\/broj-tvrtki-u-fbih-povecao-se-za-23-posto-a-obrtnika-za-1-posto\/"},"author":{"name":"Radio Ljubu\u0161ki","@id":"https:\/\/radioljubuski.ba\/#\/schema\/person\/19fc700381a780f69665d7956c469e3b"},"headline":"Broj tvrtki u FBiH pove\u0107ao se za 2,3 posto, a obrtnika za 1 posto","datePublished":"2021-08-22T22:42:00+00:00","dateModified":"2021-08-22T22:42:01+00:00","mainEntityOfPage":{"@id":"https:\/\/radioljubuski.ba\/index.php\/2021\/08\/22\/broj-tvrtki-u-fbih-povecao-se-za-23-posto-a-obrtnika-za-1-posto\/"},"wordCount":414,"publisher":{"@id":"https:\/\/radioljubuski.ba\/#organization"},"image":{"@id":"https:\/\/radioljubuski.ba\/index.php\/2021\/08\/22\/broj-tvrtki-u-fbih-povecao-se-za-23-posto-a-obrtnika-za-1-posto\/#primaryimage"},"thumbnailUrl":"https:\/\/radioljubuski.ba\/wp-content\/uploads\/2021\/08\/TbvYFN9m_industrija_proiz44.jpg","articleSection":["BIH i regija"],"inLanguage":"hr"},{"@type":"WebPage","@id":"https:\/\/radioljubuski.ba\/index.php\/2021\/08\/22\/broj-tvrtki-u-fbih-povecao-se-za-23-posto-a-obrtnika-za-1-posto\/","url":"https:\/\/radioljubuski.ba\/index.php\/2021\/08\/22\/broj-tvrtki-u-fbih-povecao-se-za-23-posto-a-obrtnika-za-1-posto\/","name":"Broj tvrtki u FBiH pove\u0107ao se za 2,3 posto, a obrtnika za 1 posto - RADIO LJUBU\u0160KI","isPartOf":{"@id":"https:\/\/radioljubuski.ba\/#website"},"primaryImageOfPage":{"@id":"https:\/\/radioljubuski.ba\/index.php\/2021\/08\/22\/broj-tvrtki-u-fbih-povecao-se-za-23-posto-a-obrtnika-za-1-posto\/#primaryimage"},"image":{"@id":"https:\/\/radioljubuski.ba\/index.php\/2021\/08\/22\/broj-tvrtki-u-fbih-povecao-se-za-23-posto-a-obrtnika-za-1-posto\/#primaryimage"},"thumbnailUrl":"https:\/\/radioljubuski.ba\/wp-content\/uploads\/2021\/08\/TbvYFN9m_industrija_proiz44.jpg","datePublished":"2021-08-22T22:42:00+00:00","dateModified":"2021-08-22T22:42:01+00:00","breadcrumb":{"@id":"https:\/\/radioljubuski.ba\/index.php\/2021\/08\/22\/broj-tvrtki-u-fbih-povecao-se-za-23-posto-a-obrtnika-za-1-posto\/#breadcrumb"},"inLanguage":"hr","potentialAction":[{"@type":"ReadAction","target":["https:\/\/radioljubuski.ba\/index.php\/2021\/08\/22\/broj-tvrtki-u-fbih-povecao-se-za-23-posto-a-obrtnika-za-1-posto\/"]}]},{"@type":"ImageObject","inLanguage":"hr","@id":"https:\/\/radioljubuski.ba\/index.php\/2021\/08\/22\/broj-tvrtki-u-fbih-povecao-se-za-23-posto-a-obrtnika-za-1-posto\/#primaryimage","url":"https:\/\/radioljubuski.ba\/wp-content\/uploads\/2021\/08\/TbvYFN9m_industrija_proiz44.jpg","contentUrl":"https:\/\/radioljubuski.ba\/wp-content\/uploads\/2021\/08\/TbvYFN9m_industrija_proiz44.jpg","width":1000,"height":625},{"@type":"BreadcrumbList","@id":"https:\/\/radioljubuski.ba\/index.php\/2021\/08\/22\/broj-tvrtki-u-fbih-povecao-se-za-23-posto-a-obrtnika-za-1-posto\/#breadcrumb","itemListElement":[{"@type":"ListItem","position":1,"name":"Po\u010detna stranica","item":"https:\/\/radioljubuski.ba\/"},{"@type":"ListItem","position":2,"name":"Broj tvrtki u FBiH pove\u0107ao se za 2,3 posto, a obrtnika za 1 posto"}]},{"@type":"WebSite","@id":"https:\/\/radioljubuski.ba\/#website","url":"https:\/\/radioljubuski.ba\/","name":"Radio Ljubu\u0161ki","description":"Sun\u010dana frekvencija Hercegovine","publisher":{"@id":"https:\/\/radioljubuski.ba\/#organization"},"potentialAction":[{"@type":"SearchAction","target":{"@type":"EntryPoint","urlTemplate":"https:\/\/radioljubuski.ba\/?s={search_term_string}"},"query-input":{"@type":"PropertyValueSpecification","valueRequired":true,"valueName":"search_term_string"}}],"inLanguage":"hr"},{"@type":"Organization","@id":"https:\/\/radioljubuski.ba\/#organization","name":"Radio Ljubu\u0161ki","url":"https:\/\/radioljubuski.ba\/","logo":{"@type":"ImageObject","inLanguage":"hr","@id":"https:\/\/radioljubuski.ba\/#\/schema\/logo\/image\/","url":"https:\/\/radioljubuski.ba\/wp-content\/uploads\/2021\/02\/cropped-Radio_Ljubuski_logo1.jpg","contentUrl":"https:\/\/radioljubuski.ba\/wp-content\/uploads\/2021\/02\/cropped-Radio_Ljubuski_logo1.jpg","width":512,"height":512,"caption":"Radio Ljubu\u0161ki"},"image":{"@id":"https:\/\/radioljubuski.ba\/#\/schema\/logo\/image\/"},"sameAs":["https:\/\/www.facebook.com\/Radiio-Ljubuski-1490835324566332","https:\/\/x.com\/radioljubuski","https:\/\/hr.linkedin.com\/company\/radio-ljubuski","https:\/\/www.youtube.com\/channel\/UCHYaeO_n0Db3tjNGudGpXyw"]},{"@type":"Person","@id":"https:\/\/radioljubuski.ba\/#\/schema\/person\/19fc700381a780f69665d7956c469e3b","name":"Radio Ljubu\u0161ki"}]}},"_links":{"self":[{"href":"https:\/\/radioljubuski.ba\/index.php\/wp-json\/wp\/v2\/posts\/56459","targetHints":{"allow":["GET"]}}],"collection":[{"href":"https:\/\/radioljubuski.ba\/index.php\/wp-json\/wp\/v2\/posts"}],"about":[{"href":"https:\/\/radioljubuski.ba\/index.php\/wp-json\/wp\/v2\/types\/post"}],"author":[{"embeddable":true,"href":"https:\/\/radioljubuski.ba\/index.php\/wp-json\/wp\/v2\/users\/2"}],"replies":[{"embeddable":true,"href":"https:\/\/radioljubuski.ba\/index.php\/wp-json\/wp\/v2\/comments?post=56459"}],"version-history":[{"count":1,"href":"https:\/\/radioljubuski.ba\/index.php\/wp-json\/wp\/v2\/posts\/56459\/revisions"}],"predecessor-version":[{"id":56461,"href":"https:\/\/radioljubuski.ba\/index.php\/wp-json\/wp\/v2\/posts\/56459\/revisions\/56461"}],"wp:featuredmedia":[{"embeddable":true,"href":"https:\/\/radioljubuski.ba\/index.php\/wp-json\/wp\/v2\/media\/56460"}],"wp:attachment":[{"href":"https:\/\/radioljubuski.ba\/index.php\/wp-json\/wp\/v2\/media?parent=56459"}],"wp:term":[{"taxonomy":"category","embeddable":true,"href":"https:\/\/radioljubuski.ba\/index.php\/wp-json\/wp\/v2\/categories?post=56459"},{"taxonomy":"post_tag","embeddable":true,"href":"https:\/\/radioljubuski.ba\/index.php\/wp-json\/wp\/v2\/tags?post=56459"}],"curies":[{"name":"wp","href":"https:\/\/api.w.org\/{rel}","templated":true}]}}