{"id":56465,"date":"2021-08-22T23:44:53","date_gmt":"2021-08-22T22:44:53","guid":{"rendered":"https:\/\/radioljubuski.ba\/?p=56465"},"modified":"2021-08-22T23:44:54","modified_gmt":"2021-08-22T22:44:54","slug":"nakon-sto-je-zatrazio-ispisnicu-iz-dp-a-skoro-pjevao-na-svadbi-deurovog-sina-poljubio-ruku-bivsoj-predsjednici","status":"publish","type":"post","link":"https:\/\/radioljubuski.ba\/index.php\/2021\/08\/22\/nakon-sto-je-zatrazio-ispisnicu-iz-dp-a-skoro-pjevao-na-svadbi-deurovog-sina-poljubio-ruku-bivsoj-predsjednici\/","title":{"rendered":"Nakon \u0161to je zatra\u017eio ispisnicu iz DP-a, \u0160koro pjevao na svadbi Deurovog sina: Poljubio ruku biv\u0161oj predsjednici"},"content":{"rendered":"\n<p><strong>Biv\u0161i predsjednik Domovinskog pokreta i biv\u0161i kandidat za predsjednika Republike Hrvatske Miroslav \u0160koro pjevao je u subotu nave\u010der na svadbi sina HDZ-ovog saborskog zastupnika Ante Deura.<\/strong><\/p>\n\n\n\n<p>Nakon \u0161to je u subotu prijepodne Miroslav \u0160koro potvrdio da je slu\u017ebeno zatra\u017eio ispisnicu iz stranke koju je osnovao, \u010dime je de facto prestao biti \u010dlan Domovinskog pokreta, istog dana, u ve\u010dernjim satima, vratio se svom starom zanatu \u2013 u sesvetskom hotelu Phoenix zapjevao je nekoliko hitova na svadbi sina saborskog zastupnika HDZ-a Ante Deura. \u0160koro svoj nastup, naravno, nije naplatio jer je bio Deurov gost.<\/p>\n\n\n\n<figure class=\"wp-block-image\"><img decoding=\"async\" src=\"https:\/\/narod.hr\/wp-content\/uploads\/2021\/08\/cc00c69c-eb14-429f-9e2e-1840a6be18a3.jpg\" alt=\"\"\/><\/figure>\n\n\n\n<p>\u201cPrije nekoliko mjeseci ne\u0161to smo se okladili pa mi je \u0160koro obe\u0107ao da \u0107e do\u0107i na svadbu moga sina i otpjevati nekoliko pjesama\u201d, ka\u017ee Deur, a prenosi&nbsp;<a href=\"https:\/\/www.jutarnji.hr\/vijesti\/hrvatska\/skoro-ujutro-zatrazio-ispisnicu-iz-dp-a-navecer-zapjevao-na-svadbi-sina-hdz-ovog-zastupnika-kolindi-poljubio-ruku-15096586\">Jutarnji list<\/a>.<\/p>\n\n\n\n<p>Osim \u0161to je pjevao, \u0160koro se srda\u010dno pozdravio s biv\u0161om predsjednicom republike Kolindom Grabar-Kitarovi\u0107, a gosti su fotografijama zabilje\u017eili kako joj \u0160koro ljubi ruku.<\/p>\n\n\n\n<p>Poznato je da se \u0160koro tijekom predsjedni\u010dke kampanje \u017eestoko su\u010deljavao upravo s Kolindom Grabar-Kitarovi\u0107, a svoje bira\u010de nije \u017eelio pozvati da u drugom krugu daju glas za nju \u2013 \u010dime je, smatraju mnogi HDZ-ovci, otvorena ve\u0107a mogu\u0107nost za pobjedu aktualnog predsjednika Zorana Milanovi\u0107a.<\/p>\n\n\n\n<p>Na svadbi Deurovog sina \u0160koro je bio u dru\u0161tvu supruge Kim Ann \u0160koro.<\/p>\n\n\n\n<p><em>Izvor: narod.hr<\/em><\/p>\n","protected":false},"excerpt":{"rendered":"<p>Biv\u0161i predsjednik Domovinskog pokreta i biv\u0161i kandidat za predsjednika Republike Hrvatske Miroslav \u0160koro pjevao je u subotu nave\u010der na svadbi sina HDZ-ovog saborskog zastupnika Ante Deura. Nakon \u0161to je u subotu prijepodne Miroslav \u0160koro potvrdio da je slu\u017ebeno zatra\u017eio ispisnicu iz stranke koju je osnovao, \u010dime je de facto prestao biti \u010dlan Domovinskog pokreta, istog [&hellip;]<\/p>\n","protected":false},"author":2,"featured_media":56466,"comment_status":"closed","ping_status":"closed","sticky":false,"template":"","format":"standard","meta":{"h5ap_radio_sources":[],"footnotes":""},"categories":[1],"tags":[],"class_list":["post-56465","post","type-post","status-publish","format-standard","has-post-thumbnail","hentry","category-bihiregija"],"yoast_head":"<!-- This site is optimized with the Yoast SEO plugin v27.5 - https:\/\/yoast.com\/product\/yoast-seo-wordpress\/ -->\n<title>Nakon \u0161to je zatra\u017eio ispisnicu iz DP-a, \u0160koro pjevao na svadbi Deurovog sina: Poljubio ruku biv\u0161oj predsjednici - RADIO LJUBU\u0160KI<\/title>\n<meta name=\"robots\" content=\"index, follow, max-snippet:-1, max-image-preview:large, max-video-preview:-1\" \/>\n<link rel=\"canonical\" href=\"https:\/\/radioljubuski.ba\/index.php\/2021\/08\/22\/nakon-sto-je-zatrazio-ispisnicu-iz-dp-a-skoro-pjevao-na-svadbi-deurovog-sina-poljubio-ruku-bivsoj-predsjednici\/\" \/>\n<meta property=\"og:locale\" content=\"hr_HR\" \/>\n<meta property=\"og:type\" content=\"article\" \/>\n<meta property=\"og:title\" content=\"Nakon \u0161to je zatra\u017eio ispisnicu iz DP-a, \u0160koro pjevao na svadbi Deurovog sina: Poljubio ruku biv\u0161oj predsjednici - RADIO LJUBU\u0160KI\" \/>\n<meta property=\"og:description\" content=\"Biv\u0161i predsjednik Domovinskog pokreta i biv\u0161i kandidat za predsjednika Republike Hrvatske Miroslav \u0160koro pjevao je u subotu nave\u010der na svadbi sina HDZ-ovog saborskog zastupnika Ante Deura. Nakon \u0161to je u subotu prijepodne Miroslav \u0160koro potvrdio da je slu\u017ebeno zatra\u017eio ispisnicu iz stranke koju je osnovao, \u010dime je de facto prestao biti \u010dlan Domovinskog pokreta, istog [&hellip;]\" \/>\n<meta property=\"og:url\" content=\"https:\/\/radioljubuski.ba\/index.php\/2021\/08\/22\/nakon-sto-je-zatrazio-ispisnicu-iz-dp-a-skoro-pjevao-na-svadbi-deurovog-sina-poljubio-ruku-bivsoj-predsjednici\/\" \/>\n<meta property=\"og:site_name\" content=\"RADIO LJUBU\u0160KI\" \/>\n<meta property=\"article:publisher\" content=\"https:\/\/www.facebook.com\/Radiio-Ljubuski-1490835324566332\" \/>\n<meta property=\"article:published_time\" content=\"2021-08-22T22:44:53+00:00\" \/>\n<meta property=\"article:modified_time\" content=\"2021-08-22T22:44:54+00:00\" \/>\n<meta property=\"og:image\" content=\"https:\/\/radioljubuski.ba\/wp-content\/uploads\/2021\/08\/a325564d-7ea5-4a23-88e4-2ec721b4519a-1-696x381-1.jpg\" \/>\n\t<meta property=\"og:image:width\" content=\"696\" \/>\n\t<meta property=\"og:image:height\" content=\"381\" \/>\n\t<meta property=\"og:image:type\" content=\"image\/jpeg\" \/>\n<meta name=\"author\" content=\"Radio Ljubu\u0161ki\" \/>\n<meta name=\"twitter:card\" content=\"summary_large_image\" \/>\n<meta name=\"twitter:creator\" content=\"@radioljubuski\" \/>\n<meta name=\"twitter:site\" content=\"@radioljubuski\" \/>\n<meta name=\"twitter:label1\" content=\"Napisao\/la\" \/>\n\t<meta name=\"twitter:data1\" content=\"Radio Ljubu\u0161ki\" \/>\n\t<meta name=\"twitter:label2\" content=\"Procijenjeno vrijeme \u010ditanja\" \/>\n\t<meta name=\"twitter:data2\" content=\"2 minute\" \/>\n<script type=\"application\/ld+json\" class=\"yoast-schema-graph\">{\"@context\":\"https:\\\/\\\/schema.org\",\"@graph\":[{\"@type\":\"Article\",\"@id\":\"https:\\\/\\\/radioljubuski.ba\\\/index.php\\\/2021\\\/08\\\/22\\\/nakon-sto-je-zatrazio-ispisnicu-iz-dp-a-skoro-pjevao-na-svadbi-deurovog-sina-poljubio-ruku-bivsoj-predsjednici\\\/#article\",\"isPartOf\":{\"@id\":\"https:\\\/\\\/radioljubuski.ba\\\/index.php\\\/2021\\\/08\\\/22\\\/nakon-sto-je-zatrazio-ispisnicu-iz-dp-a-skoro-pjevao-na-svadbi-deurovog-sina-poljubio-ruku-bivsoj-predsjednici\\\/\"},\"author\":{\"name\":\"Radio Ljubu\u0161ki\",\"@id\":\"https:\\\/\\\/radioljubuski.ba\\\/#\\\/schema\\\/person\\\/19fc700381a780f69665d7956c469e3b\"},\"headline\":\"Nakon \u0161to je zatra\u017eio ispisnicu iz DP-a, \u0160koro pjevao na svadbi Deurovog sina: Poljubio ruku biv\u0161oj predsjednici\",\"datePublished\":\"2021-08-22T22:44:53+00:00\",\"dateModified\":\"2021-08-22T22:44:54+00:00\",\"mainEntityOfPage\":{\"@id\":\"https:\\\/\\\/radioljubuski.ba\\\/index.php\\\/2021\\\/08\\\/22\\\/nakon-sto-je-zatrazio-ispisnicu-iz-dp-a-skoro-pjevao-na-svadbi-deurovog-sina-poljubio-ruku-bivsoj-predsjednici\\\/\"},\"wordCount\":242,\"publisher\":{\"@id\":\"https:\\\/\\\/radioljubuski.ba\\\/#organization\"},\"image\":{\"@id\":\"https:\\\/\\\/radioljubuski.ba\\\/index.php\\\/2021\\\/08\\\/22\\\/nakon-sto-je-zatrazio-ispisnicu-iz-dp-a-skoro-pjevao-na-svadbi-deurovog-sina-poljubio-ruku-bivsoj-predsjednici\\\/#primaryimage\"},\"thumbnailUrl\":\"https:\\\/\\\/radioljubuski.ba\\\/wp-content\\\/uploads\\\/2021\\\/08\\\/a325564d-7ea5-4a23-88e4-2ec721b4519a-1-696x381-1.jpg\",\"articleSection\":[\"BIH i regija\"],\"inLanguage\":\"hr\"},{\"@type\":\"WebPage\",\"@id\":\"https:\\\/\\\/radioljubuski.ba\\\/index.php\\\/2021\\\/08\\\/22\\\/nakon-sto-je-zatrazio-ispisnicu-iz-dp-a-skoro-pjevao-na-svadbi-deurovog-sina-poljubio-ruku-bivsoj-predsjednici\\\/\",\"url\":\"https:\\\/\\\/radioljubuski.ba\\\/index.php\\\/2021\\\/08\\\/22\\\/nakon-sto-je-zatrazio-ispisnicu-iz-dp-a-skoro-pjevao-na-svadbi-deurovog-sina-poljubio-ruku-bivsoj-predsjednici\\\/\",\"name\":\"Nakon \u0161to je zatra\u017eio ispisnicu iz DP-a, \u0160koro pjevao na svadbi Deurovog sina: Poljubio ruku biv\u0161oj predsjednici - RADIO LJUBU\u0160KI\",\"isPartOf\":{\"@id\":\"https:\\\/\\\/radioljubuski.ba\\\/#website\"},\"primaryImageOfPage\":{\"@id\":\"https:\\\/\\\/radioljubuski.ba\\\/index.php\\\/2021\\\/08\\\/22\\\/nakon-sto-je-zatrazio-ispisnicu-iz-dp-a-skoro-pjevao-na-svadbi-deurovog-sina-poljubio-ruku-bivsoj-predsjednici\\\/#primaryimage\"},\"image\":{\"@id\":\"https:\\\/\\\/radioljubuski.ba\\\/index.php\\\/2021\\\/08\\\/22\\\/nakon-sto-je-zatrazio-ispisnicu-iz-dp-a-skoro-pjevao-na-svadbi-deurovog-sina-poljubio-ruku-bivsoj-predsjednici\\\/#primaryimage\"},\"thumbnailUrl\":\"https:\\\/\\\/radioljubuski.ba\\\/wp-content\\\/uploads\\\/2021\\\/08\\\/a325564d-7ea5-4a23-88e4-2ec721b4519a-1-696x381-1.jpg\",\"datePublished\":\"2021-08-22T22:44:53+00:00\",\"dateModified\":\"2021-08-22T22:44:54+00:00\",\"breadcrumb\":{\"@id\":\"https:\\\/\\\/radioljubuski.ba\\\/index.php\\\/2021\\\/08\\\/22\\\/nakon-sto-je-zatrazio-ispisnicu-iz-dp-a-skoro-pjevao-na-svadbi-deurovog-sina-poljubio-ruku-bivsoj-predsjednici\\\/#breadcrumb\"},\"inLanguage\":\"hr\",\"potentialAction\":[{\"@type\":\"ReadAction\",\"target\":[\"https:\\\/\\\/radioljubuski.ba\\\/index.php\\\/2021\\\/08\\\/22\\\/nakon-sto-je-zatrazio-ispisnicu-iz-dp-a-skoro-pjevao-na-svadbi-deurovog-sina-poljubio-ruku-bivsoj-predsjednici\\\/\"]}]},{\"@type\":\"ImageObject\",\"inLanguage\":\"hr\",\"@id\":\"https:\\\/\\\/radioljubuski.ba\\\/index.php\\\/2021\\\/08\\\/22\\\/nakon-sto-je-zatrazio-ispisnicu-iz-dp-a-skoro-pjevao-na-svadbi-deurovog-sina-poljubio-ruku-bivsoj-predsjednici\\\/#primaryimage\",\"url\":\"https:\\\/\\\/radioljubuski.ba\\\/wp-content\\\/uploads\\\/2021\\\/08\\\/a325564d-7ea5-4a23-88e4-2ec721b4519a-1-696x381-1.jpg\",\"contentUrl\":\"https:\\\/\\\/radioljubuski.ba\\\/wp-content\\\/uploads\\\/2021\\\/08\\\/a325564d-7ea5-4a23-88e4-2ec721b4519a-1-696x381-1.jpg\",\"width\":696,\"height\":381},{\"@type\":\"BreadcrumbList\",\"@id\":\"https:\\\/\\\/radioljubuski.ba\\\/index.php\\\/2021\\\/08\\\/22\\\/nakon-sto-je-zatrazio-ispisnicu-iz-dp-a-skoro-pjevao-na-svadbi-deurovog-sina-poljubio-ruku-bivsoj-predsjednici\\\/#breadcrumb\",\"itemListElement\":[{\"@type\":\"ListItem\",\"position\":1,\"name\":\"Po\u010detna stranica\",\"item\":\"https:\\\/\\\/radioljubuski.ba\\\/\"},{\"@type\":\"ListItem\",\"position\":2,\"name\":\"Nakon \u0161to je zatra\u017eio ispisnicu iz DP-a, \u0160koro pjevao na svadbi Deurovog sina: Poljubio ruku biv\u0161oj predsjednici\"}]},{\"@type\":\"WebSite\",\"@id\":\"https:\\\/\\\/radioljubuski.ba\\\/#website\",\"url\":\"https:\\\/\\\/radioljubuski.ba\\\/\",\"name\":\"Radio Ljubu\u0161ki\",\"description\":\"Sun\u010dana frekvencija Hercegovine\",\"publisher\":{\"@id\":\"https:\\\/\\\/radioljubuski.ba\\\/#organization\"},\"potentialAction\":[{\"@type\":\"SearchAction\",\"target\":{\"@type\":\"EntryPoint\",\"urlTemplate\":\"https:\\\/\\\/radioljubuski.ba\\\/?s={search_term_string}\"},\"query-input\":{\"@type\":\"PropertyValueSpecification\",\"valueRequired\":true,\"valueName\":\"search_term_string\"}}],\"inLanguage\":\"hr\"},{\"@type\":\"Organization\",\"@id\":\"https:\\\/\\\/radioljubuski.ba\\\/#organization\",\"name\":\"Radio Ljubu\u0161ki\",\"url\":\"https:\\\/\\\/radioljubuski.ba\\\/\",\"logo\":{\"@type\":\"ImageObject\",\"inLanguage\":\"hr\",\"@id\":\"https:\\\/\\\/radioljubuski.ba\\\/#\\\/schema\\\/logo\\\/image\\\/\",\"url\":\"https:\\\/\\\/radioljubuski.ba\\\/wp-content\\\/uploads\\\/2021\\\/02\\\/cropped-Radio_Ljubuski_logo1.jpg\",\"contentUrl\":\"https:\\\/\\\/radioljubuski.ba\\\/wp-content\\\/uploads\\\/2021\\\/02\\\/cropped-Radio_Ljubuski_logo1.jpg\",\"width\":512,\"height\":512,\"caption\":\"Radio Ljubu\u0161ki\"},\"image\":{\"@id\":\"https:\\\/\\\/radioljubuski.ba\\\/#\\\/schema\\\/logo\\\/image\\\/\"},\"sameAs\":[\"https:\\\/\\\/www.facebook.com\\\/Radiio-Ljubuski-1490835324566332\",\"https:\\\/\\\/x.com\\\/radioljubuski\",\"https:\\\/\\\/hr.linkedin.com\\\/company\\\/radio-ljubuski\",\"https:\\\/\\\/www.youtube.com\\\/channel\\\/UCHYaeO_n0Db3tjNGudGpXyw\"]},{\"@type\":\"Person\",\"@id\":\"https:\\\/\\\/radioljubuski.ba\\\/#\\\/schema\\\/person\\\/19fc700381a780f69665d7956c469e3b\",\"name\":\"Radio Ljubu\u0161ki\"}]}<\/script>\n<!-- \/ Yoast SEO plugin. -->","yoast_head_json":{"title":"Nakon \u0161to je zatra\u017eio ispisnicu iz DP-a, \u0160koro pjevao na svadbi Deurovog sina: Poljubio ruku biv\u0161oj predsjednici - RADIO LJUBU\u0160KI","robots":{"index":"index","follow":"follow","max-snippet":"max-snippet:-1","max-image-preview":"max-image-preview:large","max-video-preview":"max-video-preview:-1"},"canonical":"https:\/\/radioljubuski.ba\/index.php\/2021\/08\/22\/nakon-sto-je-zatrazio-ispisnicu-iz-dp-a-skoro-pjevao-na-svadbi-deurovog-sina-poljubio-ruku-bivsoj-predsjednici\/","og_locale":"hr_HR","og_type":"article","og_title":"Nakon \u0161to je zatra\u017eio ispisnicu iz DP-a, \u0160koro pjevao na svadbi Deurovog sina: Poljubio ruku biv\u0161oj predsjednici - RADIO LJUBU\u0160KI","og_description":"Biv\u0161i predsjednik Domovinskog pokreta i biv\u0161i kandidat za predsjednika Republike Hrvatske Miroslav \u0160koro pjevao je u subotu nave\u010der na svadbi sina HDZ-ovog saborskog zastupnika Ante Deura. Nakon \u0161to je u subotu prijepodne Miroslav \u0160koro potvrdio da je slu\u017ebeno zatra\u017eio ispisnicu iz stranke koju je osnovao, \u010dime je de facto prestao biti \u010dlan Domovinskog pokreta, istog [&hellip;]","og_url":"https:\/\/radioljubuski.ba\/index.php\/2021\/08\/22\/nakon-sto-je-zatrazio-ispisnicu-iz-dp-a-skoro-pjevao-na-svadbi-deurovog-sina-poljubio-ruku-bivsoj-predsjednici\/","og_site_name":"RADIO LJUBU\u0160KI","article_publisher":"https:\/\/www.facebook.com\/Radiio-Ljubuski-1490835324566332","article_published_time":"2021-08-22T22:44:53+00:00","article_modified_time":"2021-08-22T22:44:54+00:00","og_image":[{"width":696,"height":381,"url":"https:\/\/radioljubuski.ba\/wp-content\/uploads\/2021\/08\/a325564d-7ea5-4a23-88e4-2ec721b4519a-1-696x381-1.jpg","type":"image\/jpeg"}],"author":"Radio Ljubu\u0161ki","twitter_card":"summary_large_image","twitter_creator":"@radioljubuski","twitter_site":"@radioljubuski","twitter_misc":{"Napisao\/la":"Radio Ljubu\u0161ki","Procijenjeno vrijeme \u010ditanja":"2 minute"},"schema":{"@context":"https:\/\/schema.org","@graph":[{"@type":"Article","@id":"https:\/\/radioljubuski.ba\/index.php\/2021\/08\/22\/nakon-sto-je-zatrazio-ispisnicu-iz-dp-a-skoro-pjevao-na-svadbi-deurovog-sina-poljubio-ruku-bivsoj-predsjednici\/#article","isPartOf":{"@id":"https:\/\/radioljubuski.ba\/index.php\/2021\/08\/22\/nakon-sto-je-zatrazio-ispisnicu-iz-dp-a-skoro-pjevao-na-svadbi-deurovog-sina-poljubio-ruku-bivsoj-predsjednici\/"},"author":{"name":"Radio Ljubu\u0161ki","@id":"https:\/\/radioljubuski.ba\/#\/schema\/person\/19fc700381a780f69665d7956c469e3b"},"headline":"Nakon \u0161to je zatra\u017eio ispisnicu iz DP-a, \u0160koro pjevao na svadbi Deurovog sina: Poljubio ruku biv\u0161oj predsjednici","datePublished":"2021-08-22T22:44:53+00:00","dateModified":"2021-08-22T22:44:54+00:00","mainEntityOfPage":{"@id":"https:\/\/radioljubuski.ba\/index.php\/2021\/08\/22\/nakon-sto-je-zatrazio-ispisnicu-iz-dp-a-skoro-pjevao-na-svadbi-deurovog-sina-poljubio-ruku-bivsoj-predsjednici\/"},"wordCount":242,"publisher":{"@id":"https:\/\/radioljubuski.ba\/#organization"},"image":{"@id":"https:\/\/radioljubuski.ba\/index.php\/2021\/08\/22\/nakon-sto-je-zatrazio-ispisnicu-iz-dp-a-skoro-pjevao-na-svadbi-deurovog-sina-poljubio-ruku-bivsoj-predsjednici\/#primaryimage"},"thumbnailUrl":"https:\/\/radioljubuski.ba\/wp-content\/uploads\/2021\/08\/a325564d-7ea5-4a23-88e4-2ec721b4519a-1-696x381-1.jpg","articleSection":["BIH i regija"],"inLanguage":"hr"},{"@type":"WebPage","@id":"https:\/\/radioljubuski.ba\/index.php\/2021\/08\/22\/nakon-sto-je-zatrazio-ispisnicu-iz-dp-a-skoro-pjevao-na-svadbi-deurovog-sina-poljubio-ruku-bivsoj-predsjednici\/","url":"https:\/\/radioljubuski.ba\/index.php\/2021\/08\/22\/nakon-sto-je-zatrazio-ispisnicu-iz-dp-a-skoro-pjevao-na-svadbi-deurovog-sina-poljubio-ruku-bivsoj-predsjednici\/","name":"Nakon \u0161to je zatra\u017eio ispisnicu iz DP-a, \u0160koro pjevao na svadbi Deurovog sina: Poljubio ruku biv\u0161oj predsjednici - RADIO LJUBU\u0160KI","isPartOf":{"@id":"https:\/\/radioljubuski.ba\/#website"},"primaryImageOfPage":{"@id":"https:\/\/radioljubuski.ba\/index.php\/2021\/08\/22\/nakon-sto-je-zatrazio-ispisnicu-iz-dp-a-skoro-pjevao-na-svadbi-deurovog-sina-poljubio-ruku-bivsoj-predsjednici\/#primaryimage"},"image":{"@id":"https:\/\/radioljubuski.ba\/index.php\/2021\/08\/22\/nakon-sto-je-zatrazio-ispisnicu-iz-dp-a-skoro-pjevao-na-svadbi-deurovog-sina-poljubio-ruku-bivsoj-predsjednici\/#primaryimage"},"thumbnailUrl":"https:\/\/radioljubuski.ba\/wp-content\/uploads\/2021\/08\/a325564d-7ea5-4a23-88e4-2ec721b4519a-1-696x381-1.jpg","datePublished":"2021-08-22T22:44:53+00:00","dateModified":"2021-08-22T22:44:54+00:00","breadcrumb":{"@id":"https:\/\/radioljubuski.ba\/index.php\/2021\/08\/22\/nakon-sto-je-zatrazio-ispisnicu-iz-dp-a-skoro-pjevao-na-svadbi-deurovog-sina-poljubio-ruku-bivsoj-predsjednici\/#breadcrumb"},"inLanguage":"hr","potentialAction":[{"@type":"ReadAction","target":["https:\/\/radioljubuski.ba\/index.php\/2021\/08\/22\/nakon-sto-je-zatrazio-ispisnicu-iz-dp-a-skoro-pjevao-na-svadbi-deurovog-sina-poljubio-ruku-bivsoj-predsjednici\/"]}]},{"@type":"ImageObject","inLanguage":"hr","@id":"https:\/\/radioljubuski.ba\/index.php\/2021\/08\/22\/nakon-sto-je-zatrazio-ispisnicu-iz-dp-a-skoro-pjevao-na-svadbi-deurovog-sina-poljubio-ruku-bivsoj-predsjednici\/#primaryimage","url":"https:\/\/radioljubuski.ba\/wp-content\/uploads\/2021\/08\/a325564d-7ea5-4a23-88e4-2ec721b4519a-1-696x381-1.jpg","contentUrl":"https:\/\/radioljubuski.ba\/wp-content\/uploads\/2021\/08\/a325564d-7ea5-4a23-88e4-2ec721b4519a-1-696x381-1.jpg","width":696,"height":381},{"@type":"BreadcrumbList","@id":"https:\/\/radioljubuski.ba\/index.php\/2021\/08\/22\/nakon-sto-je-zatrazio-ispisnicu-iz-dp-a-skoro-pjevao-na-svadbi-deurovog-sina-poljubio-ruku-bivsoj-predsjednici\/#breadcrumb","itemListElement":[{"@type":"ListItem","position":1,"name":"Po\u010detna stranica","item":"https:\/\/radioljubuski.ba\/"},{"@type":"ListItem","position":2,"name":"Nakon \u0161to je zatra\u017eio ispisnicu iz DP-a, \u0160koro pjevao na svadbi Deurovog sina: Poljubio ruku biv\u0161oj predsjednici"}]},{"@type":"WebSite","@id":"https:\/\/radioljubuski.ba\/#website","url":"https:\/\/radioljubuski.ba\/","name":"Radio Ljubu\u0161ki","description":"Sun\u010dana frekvencija Hercegovine","publisher":{"@id":"https:\/\/radioljubuski.ba\/#organization"},"potentialAction":[{"@type":"SearchAction","target":{"@type":"EntryPoint","urlTemplate":"https:\/\/radioljubuski.ba\/?s={search_term_string}"},"query-input":{"@type":"PropertyValueSpecification","valueRequired":true,"valueName":"search_term_string"}}],"inLanguage":"hr"},{"@type":"Organization","@id":"https:\/\/radioljubuski.ba\/#organization","name":"Radio Ljubu\u0161ki","url":"https:\/\/radioljubuski.ba\/","logo":{"@type":"ImageObject","inLanguage":"hr","@id":"https:\/\/radioljubuski.ba\/#\/schema\/logo\/image\/","url":"https:\/\/radioljubuski.ba\/wp-content\/uploads\/2021\/02\/cropped-Radio_Ljubuski_logo1.jpg","contentUrl":"https:\/\/radioljubuski.ba\/wp-content\/uploads\/2021\/02\/cropped-Radio_Ljubuski_logo1.jpg","width":512,"height":512,"caption":"Radio Ljubu\u0161ki"},"image":{"@id":"https:\/\/radioljubuski.ba\/#\/schema\/logo\/image\/"},"sameAs":["https:\/\/www.facebook.com\/Radiio-Ljubuski-1490835324566332","https:\/\/x.com\/radioljubuski","https:\/\/hr.linkedin.com\/company\/radio-ljubuski","https:\/\/www.youtube.com\/channel\/UCHYaeO_n0Db3tjNGudGpXyw"]},{"@type":"Person","@id":"https:\/\/radioljubuski.ba\/#\/schema\/person\/19fc700381a780f69665d7956c469e3b","name":"Radio Ljubu\u0161ki"}]}},"_links":{"self":[{"href":"https:\/\/radioljubuski.ba\/index.php\/wp-json\/wp\/v2\/posts\/56465","targetHints":{"allow":["GET"]}}],"collection":[{"href":"https:\/\/radioljubuski.ba\/index.php\/wp-json\/wp\/v2\/posts"}],"about":[{"href":"https:\/\/radioljubuski.ba\/index.php\/wp-json\/wp\/v2\/types\/post"}],"author":[{"embeddable":true,"href":"https:\/\/radioljubuski.ba\/index.php\/wp-json\/wp\/v2\/users\/2"}],"replies":[{"embeddable":true,"href":"https:\/\/radioljubuski.ba\/index.php\/wp-json\/wp\/v2\/comments?post=56465"}],"version-history":[{"count":1,"href":"https:\/\/radioljubuski.ba\/index.php\/wp-json\/wp\/v2\/posts\/56465\/revisions"}],"predecessor-version":[{"id":56467,"href":"https:\/\/radioljubuski.ba\/index.php\/wp-json\/wp\/v2\/posts\/56465\/revisions\/56467"}],"wp:featuredmedia":[{"embeddable":true,"href":"https:\/\/radioljubuski.ba\/index.php\/wp-json\/wp\/v2\/media\/56466"}],"wp:attachment":[{"href":"https:\/\/radioljubuski.ba\/index.php\/wp-json\/wp\/v2\/media?parent=56465"}],"wp:term":[{"taxonomy":"category","embeddable":true,"href":"https:\/\/radioljubuski.ba\/index.php\/wp-json\/wp\/v2\/categories?post=56465"},{"taxonomy":"post_tag","embeddable":true,"href":"https:\/\/radioljubuski.ba\/index.php\/wp-json\/wp\/v2\/tags?post=56465"}],"curies":[{"name":"wp","href":"https:\/\/api.w.org\/{rel}","templated":true}]}}