{"id":56483,"date":"2021-08-22T23:52:25","date_gmt":"2021-08-22T22:52:25","guid":{"rendered":"https:\/\/radioljubuski.ba\/?p=56483"},"modified":"2021-08-22T23:52:26","modified_gmt":"2021-08-22T22:52:26","slug":"bjelica-vratar-nam-je-bio-igrac-utakmice-to-najbolje-pokazuje-kako-smo-igrali","status":"publish","type":"post","link":"https:\/\/radioljubuski.ba\/index.php\/2021\/08\/22\/bjelica-vratar-nam-je-bio-igrac-utakmice-to-najbolje-pokazuje-kako-smo-igrali\/","title":{"rendered":"Bjelica: Vratar nam je bio igra\u010d utakmice \u2013 to najbolje pokazuje kako smo igrali"},"content":{"rendered":"\n<p>Osijek je pora\u017een u Puli od Istre s 2:0, a pogotke za Istru postigli su Hassane Bande i Robert Mi\u0161kovi\u0107.<\/p>\n\n\n\n<p>\u201cIstra je apsolutno zaslu\u017eeno slavila, odigrala je odli\u010dnu utakmicu, za razliku od nas koji smo imali vrlo slab dan\u201d, rekao je trener Nenad Bjelica.<\/p>\n\n\n\n<p>\u201cNismo bili pravi, imali smo neke \u0161anse i kod 0:0 mogli smo prvi do\u0107i u vodstvo. \u010cinjenica je da nas je Ivu\u0161i\u0107 spa\u0161avao svojim obranama. To da nam je vratar bio najbolji igra\u010d dovoljno govori\u201d, zaklju\u010dio je.<\/p>\n\n\n\n<p><em>Izvor: narod.hr<\/em><\/p>\n","protected":false},"excerpt":{"rendered":"<p>Osijek je pora\u017een u Puli od Istre s 2:0, a pogotke za Istru postigli su Hassane Bande i Robert Mi\u0161kovi\u0107. \u201cIstra je apsolutno zaslu\u017eeno slavila, odigrala je odli\u010dnu utakmicu, za razliku od nas koji smo imali vrlo slab dan\u201d, rekao je trener Nenad Bjelica. \u201cNismo bili pravi, imali smo neke \u0161anse i kod 0:0 mogli [&hellip;]<\/p>\n","protected":false},"author":2,"featured_media":23864,"comment_status":"closed","ping_status":"closed","sticky":false,"template":"","format":"standard","meta":{"h5ap_radio_sources":[],"footnotes":""},"categories":[7],"tags":[],"class_list":["post-56483","post","type-post","status-publish","format-standard","has-post-thumbnail","hentry","category-sport"],"yoast_head":"<!-- This site is optimized with the Yoast SEO plugin v27.5 - https:\/\/yoast.com\/product\/yoast-seo-wordpress\/ -->\n<title>Bjelica: Vratar nam je bio igra\u010d utakmice \u2013 to najbolje pokazuje kako smo igrali - RADIO LJUBU\u0160KI<\/title>\n<meta name=\"robots\" content=\"index, follow, max-snippet:-1, max-image-preview:large, max-video-preview:-1\" \/>\n<link rel=\"canonical\" href=\"https:\/\/radioljubuski.ba\/index.php\/2021\/08\/22\/bjelica-vratar-nam-je-bio-igrac-utakmice-to-najbolje-pokazuje-kako-smo-igrali\/\" \/>\n<meta property=\"og:locale\" content=\"hr_HR\" \/>\n<meta property=\"og:type\" content=\"article\" \/>\n<meta property=\"og:title\" content=\"Bjelica: Vratar nam je bio igra\u010d utakmice \u2013 to najbolje pokazuje kako smo igrali - RADIO LJUBU\u0160KI\" \/>\n<meta property=\"og:description\" content=\"Osijek je pora\u017een u Puli od Istre s 2:0, a pogotke za Istru postigli su Hassane Bande i Robert Mi\u0161kovi\u0107. \u201cIstra je apsolutno zaslu\u017eeno slavila, odigrala je odli\u010dnu utakmicu, za razliku od nas koji smo imali vrlo slab dan\u201d, rekao je trener Nenad Bjelica. \u201cNismo bili pravi, imali smo neke \u0161anse i kod 0:0 mogli [&hellip;]\" \/>\n<meta property=\"og:url\" content=\"https:\/\/radioljubuski.ba\/index.php\/2021\/08\/22\/bjelica-vratar-nam-je-bio-igrac-utakmice-to-najbolje-pokazuje-kako-smo-igrali\/\" \/>\n<meta property=\"og:site_name\" content=\"RADIO LJUBU\u0160KI\" \/>\n<meta property=\"article:publisher\" content=\"https:\/\/www.facebook.com\/Radiio-Ljubuski-1490835324566332\" \/>\n<meta property=\"article:published_time\" content=\"2021-08-22T22:52:25+00:00\" \/>\n<meta property=\"article:modified_time\" content=\"2021-08-22T22:52:26+00:00\" \/>\n<meta property=\"og:image\" content=\"https:\/\/radioljubuski.ba\/wp-content\/uploads\/2021\/05\/61924542-nenad-bjelica.jpg\" \/>\n\t<meta property=\"og:image:width\" content=\"1920\" \/>\n\t<meta property=\"og:image:height\" content=\"1080\" \/>\n\t<meta property=\"og:image:type\" content=\"image\/jpeg\" \/>\n<meta name=\"author\" content=\"Radio Ljubu\u0161ki\" \/>\n<meta name=\"twitter:card\" content=\"summary_large_image\" \/>\n<meta name=\"twitter:creator\" content=\"@radioljubuski\" \/>\n<meta name=\"twitter:site\" content=\"@radioljubuski\" \/>\n<meta name=\"twitter:label1\" content=\"Napisao\/la\" \/>\n\t<meta name=\"twitter:data1\" content=\"Radio Ljubu\u0161ki\" \/>\n\t<meta name=\"twitter:label2\" content=\"Procijenjeno vrijeme \u010ditanja\" \/>\n\t<meta name=\"twitter:data2\" content=\"1 minuta\" \/>\n<script type=\"application\/ld+json\" class=\"yoast-schema-graph\">{\"@context\":\"https:\\\/\\\/schema.org\",\"@graph\":[{\"@type\":\"Article\",\"@id\":\"https:\\\/\\\/radioljubuski.ba\\\/index.php\\\/2021\\\/08\\\/22\\\/bjelica-vratar-nam-je-bio-igrac-utakmice-to-najbolje-pokazuje-kako-smo-igrali\\\/#article\",\"isPartOf\":{\"@id\":\"https:\\\/\\\/radioljubuski.ba\\\/index.php\\\/2021\\\/08\\\/22\\\/bjelica-vratar-nam-je-bio-igrac-utakmice-to-najbolje-pokazuje-kako-smo-igrali\\\/\"},\"author\":{\"name\":\"Radio Ljubu\u0161ki\",\"@id\":\"https:\\\/\\\/radioljubuski.ba\\\/#\\\/schema\\\/person\\\/19fc700381a780f69665d7956c469e3b\"},\"headline\":\"Bjelica: Vratar nam je bio igra\u010d utakmice \u2013 to najbolje pokazuje kako smo igrali\",\"datePublished\":\"2021-08-22T22:52:25+00:00\",\"dateModified\":\"2021-08-22T22:52:26+00:00\",\"mainEntityOfPage\":{\"@id\":\"https:\\\/\\\/radioljubuski.ba\\\/index.php\\\/2021\\\/08\\\/22\\\/bjelica-vratar-nam-je-bio-igrac-utakmice-to-najbolje-pokazuje-kako-smo-igrali\\\/\"},\"wordCount\":103,\"publisher\":{\"@id\":\"https:\\\/\\\/radioljubuski.ba\\\/#organization\"},\"image\":{\"@id\":\"https:\\\/\\\/radioljubuski.ba\\\/index.php\\\/2021\\\/08\\\/22\\\/bjelica-vratar-nam-je-bio-igrac-utakmice-to-najbolje-pokazuje-kako-smo-igrali\\\/#primaryimage\"},\"thumbnailUrl\":\"https:\\\/\\\/radioljubuski.ba\\\/wp-content\\\/uploads\\\/2021\\\/05\\\/61924542-nenad-bjelica.jpg\",\"articleSection\":[\"\u0160port\"],\"inLanguage\":\"hr\"},{\"@type\":\"WebPage\",\"@id\":\"https:\\\/\\\/radioljubuski.ba\\\/index.php\\\/2021\\\/08\\\/22\\\/bjelica-vratar-nam-je-bio-igrac-utakmice-to-najbolje-pokazuje-kako-smo-igrali\\\/\",\"url\":\"https:\\\/\\\/radioljubuski.ba\\\/index.php\\\/2021\\\/08\\\/22\\\/bjelica-vratar-nam-je-bio-igrac-utakmice-to-najbolje-pokazuje-kako-smo-igrali\\\/\",\"name\":\"Bjelica: Vratar nam je bio igra\u010d utakmice \u2013 to najbolje pokazuje kako smo igrali - RADIO LJUBU\u0160KI\",\"isPartOf\":{\"@id\":\"https:\\\/\\\/radioljubuski.ba\\\/#website\"},\"primaryImageOfPage\":{\"@id\":\"https:\\\/\\\/radioljubuski.ba\\\/index.php\\\/2021\\\/08\\\/22\\\/bjelica-vratar-nam-je-bio-igrac-utakmice-to-najbolje-pokazuje-kako-smo-igrali\\\/#primaryimage\"},\"image\":{\"@id\":\"https:\\\/\\\/radioljubuski.ba\\\/index.php\\\/2021\\\/08\\\/22\\\/bjelica-vratar-nam-je-bio-igrac-utakmice-to-najbolje-pokazuje-kako-smo-igrali\\\/#primaryimage\"},\"thumbnailUrl\":\"https:\\\/\\\/radioljubuski.ba\\\/wp-content\\\/uploads\\\/2021\\\/05\\\/61924542-nenad-bjelica.jpg\",\"datePublished\":\"2021-08-22T22:52:25+00:00\",\"dateModified\":\"2021-08-22T22:52:26+00:00\",\"breadcrumb\":{\"@id\":\"https:\\\/\\\/radioljubuski.ba\\\/index.php\\\/2021\\\/08\\\/22\\\/bjelica-vratar-nam-je-bio-igrac-utakmice-to-najbolje-pokazuje-kako-smo-igrali\\\/#breadcrumb\"},\"inLanguage\":\"hr\",\"potentialAction\":[{\"@type\":\"ReadAction\",\"target\":[\"https:\\\/\\\/radioljubuski.ba\\\/index.php\\\/2021\\\/08\\\/22\\\/bjelica-vratar-nam-je-bio-igrac-utakmice-to-najbolje-pokazuje-kako-smo-igrali\\\/\"]}]},{\"@type\":\"ImageObject\",\"inLanguage\":\"hr\",\"@id\":\"https:\\\/\\\/radioljubuski.ba\\\/index.php\\\/2021\\\/08\\\/22\\\/bjelica-vratar-nam-je-bio-igrac-utakmice-to-najbolje-pokazuje-kako-smo-igrali\\\/#primaryimage\",\"url\":\"https:\\\/\\\/radioljubuski.ba\\\/wp-content\\\/uploads\\\/2021\\\/05\\\/61924542-nenad-bjelica.jpg\",\"contentUrl\":\"https:\\\/\\\/radioljubuski.ba\\\/wp-content\\\/uploads\\\/2021\\\/05\\\/61924542-nenad-bjelica.jpg\",\"width\":1920,\"height\":1080},{\"@type\":\"BreadcrumbList\",\"@id\":\"https:\\\/\\\/radioljubuski.ba\\\/index.php\\\/2021\\\/08\\\/22\\\/bjelica-vratar-nam-je-bio-igrac-utakmice-to-najbolje-pokazuje-kako-smo-igrali\\\/#breadcrumb\",\"itemListElement\":[{\"@type\":\"ListItem\",\"position\":1,\"name\":\"Po\u010detna stranica\",\"item\":\"https:\\\/\\\/radioljubuski.ba\\\/\"},{\"@type\":\"ListItem\",\"position\":2,\"name\":\"Bjelica: Vratar nam je bio igra\u010d utakmice \u2013 to najbolje pokazuje kako smo igrali\"}]},{\"@type\":\"WebSite\",\"@id\":\"https:\\\/\\\/radioljubuski.ba\\\/#website\",\"url\":\"https:\\\/\\\/radioljubuski.ba\\\/\",\"name\":\"Radio Ljubu\u0161ki\",\"description\":\"Sun\u010dana frekvencija Hercegovine\",\"publisher\":{\"@id\":\"https:\\\/\\\/radioljubuski.ba\\\/#organization\"},\"potentialAction\":[{\"@type\":\"SearchAction\",\"target\":{\"@type\":\"EntryPoint\",\"urlTemplate\":\"https:\\\/\\\/radioljubuski.ba\\\/?s={search_term_string}\"},\"query-input\":{\"@type\":\"PropertyValueSpecification\",\"valueRequired\":true,\"valueName\":\"search_term_string\"}}],\"inLanguage\":\"hr\"},{\"@type\":\"Organization\",\"@id\":\"https:\\\/\\\/radioljubuski.ba\\\/#organization\",\"name\":\"Radio Ljubu\u0161ki\",\"url\":\"https:\\\/\\\/radioljubuski.ba\\\/\",\"logo\":{\"@type\":\"ImageObject\",\"inLanguage\":\"hr\",\"@id\":\"https:\\\/\\\/radioljubuski.ba\\\/#\\\/schema\\\/logo\\\/image\\\/\",\"url\":\"https:\\\/\\\/radioljubuski.ba\\\/wp-content\\\/uploads\\\/2021\\\/02\\\/cropped-Radio_Ljubuski_logo1.jpg\",\"contentUrl\":\"https:\\\/\\\/radioljubuski.ba\\\/wp-content\\\/uploads\\\/2021\\\/02\\\/cropped-Radio_Ljubuski_logo1.jpg\",\"width\":512,\"height\":512,\"caption\":\"Radio Ljubu\u0161ki\"},\"image\":{\"@id\":\"https:\\\/\\\/radioljubuski.ba\\\/#\\\/schema\\\/logo\\\/image\\\/\"},\"sameAs\":[\"https:\\\/\\\/www.facebook.com\\\/Radiio-Ljubuski-1490835324566332\",\"https:\\\/\\\/x.com\\\/radioljubuski\",\"https:\\\/\\\/hr.linkedin.com\\\/company\\\/radio-ljubuski\",\"https:\\\/\\\/www.youtube.com\\\/channel\\\/UCHYaeO_n0Db3tjNGudGpXyw\"]},{\"@type\":\"Person\",\"@id\":\"https:\\\/\\\/radioljubuski.ba\\\/#\\\/schema\\\/person\\\/19fc700381a780f69665d7956c469e3b\",\"name\":\"Radio Ljubu\u0161ki\"}]}<\/script>\n<!-- \/ Yoast SEO plugin. -->","yoast_head_json":{"title":"Bjelica: Vratar nam je bio igra\u010d utakmice \u2013 to najbolje pokazuje kako smo igrali - RADIO LJUBU\u0160KI","robots":{"index":"index","follow":"follow","max-snippet":"max-snippet:-1","max-image-preview":"max-image-preview:large","max-video-preview":"max-video-preview:-1"},"canonical":"https:\/\/radioljubuski.ba\/index.php\/2021\/08\/22\/bjelica-vratar-nam-je-bio-igrac-utakmice-to-najbolje-pokazuje-kako-smo-igrali\/","og_locale":"hr_HR","og_type":"article","og_title":"Bjelica: Vratar nam je bio igra\u010d utakmice \u2013 to najbolje pokazuje kako smo igrali - RADIO LJUBU\u0160KI","og_description":"Osijek je pora\u017een u Puli od Istre s 2:0, a pogotke za Istru postigli su Hassane Bande i Robert Mi\u0161kovi\u0107. \u201cIstra je apsolutno zaslu\u017eeno slavila, odigrala je odli\u010dnu utakmicu, za razliku od nas koji smo imali vrlo slab dan\u201d, rekao je trener Nenad Bjelica. \u201cNismo bili pravi, imali smo neke \u0161anse i kod 0:0 mogli [&hellip;]","og_url":"https:\/\/radioljubuski.ba\/index.php\/2021\/08\/22\/bjelica-vratar-nam-je-bio-igrac-utakmice-to-najbolje-pokazuje-kako-smo-igrali\/","og_site_name":"RADIO LJUBU\u0160KI","article_publisher":"https:\/\/www.facebook.com\/Radiio-Ljubuski-1490835324566332","article_published_time":"2021-08-22T22:52:25+00:00","article_modified_time":"2021-08-22T22:52:26+00:00","og_image":[{"width":1920,"height":1080,"url":"https:\/\/radioljubuski.ba\/wp-content\/uploads\/2021\/05\/61924542-nenad-bjelica.jpg","type":"image\/jpeg"}],"author":"Radio Ljubu\u0161ki","twitter_card":"summary_large_image","twitter_creator":"@radioljubuski","twitter_site":"@radioljubuski","twitter_misc":{"Napisao\/la":"Radio Ljubu\u0161ki","Procijenjeno vrijeme \u010ditanja":"1 minuta"},"schema":{"@context":"https:\/\/schema.org","@graph":[{"@type":"Article","@id":"https:\/\/radioljubuski.ba\/index.php\/2021\/08\/22\/bjelica-vratar-nam-je-bio-igrac-utakmice-to-najbolje-pokazuje-kako-smo-igrali\/#article","isPartOf":{"@id":"https:\/\/radioljubuski.ba\/index.php\/2021\/08\/22\/bjelica-vratar-nam-je-bio-igrac-utakmice-to-najbolje-pokazuje-kako-smo-igrali\/"},"author":{"name":"Radio Ljubu\u0161ki","@id":"https:\/\/radioljubuski.ba\/#\/schema\/person\/19fc700381a780f69665d7956c469e3b"},"headline":"Bjelica: Vratar nam je bio igra\u010d utakmice \u2013 to najbolje pokazuje kako smo igrali","datePublished":"2021-08-22T22:52:25+00:00","dateModified":"2021-08-22T22:52:26+00:00","mainEntityOfPage":{"@id":"https:\/\/radioljubuski.ba\/index.php\/2021\/08\/22\/bjelica-vratar-nam-je-bio-igrac-utakmice-to-najbolje-pokazuje-kako-smo-igrali\/"},"wordCount":103,"publisher":{"@id":"https:\/\/radioljubuski.ba\/#organization"},"image":{"@id":"https:\/\/radioljubuski.ba\/index.php\/2021\/08\/22\/bjelica-vratar-nam-je-bio-igrac-utakmice-to-najbolje-pokazuje-kako-smo-igrali\/#primaryimage"},"thumbnailUrl":"https:\/\/radioljubuski.ba\/wp-content\/uploads\/2021\/05\/61924542-nenad-bjelica.jpg","articleSection":["\u0160port"],"inLanguage":"hr"},{"@type":"WebPage","@id":"https:\/\/radioljubuski.ba\/index.php\/2021\/08\/22\/bjelica-vratar-nam-je-bio-igrac-utakmice-to-najbolje-pokazuje-kako-smo-igrali\/","url":"https:\/\/radioljubuski.ba\/index.php\/2021\/08\/22\/bjelica-vratar-nam-je-bio-igrac-utakmice-to-najbolje-pokazuje-kako-smo-igrali\/","name":"Bjelica: Vratar nam je bio igra\u010d utakmice \u2013 to najbolje pokazuje kako smo igrali - RADIO LJUBU\u0160KI","isPartOf":{"@id":"https:\/\/radioljubuski.ba\/#website"},"primaryImageOfPage":{"@id":"https:\/\/radioljubuski.ba\/index.php\/2021\/08\/22\/bjelica-vratar-nam-je-bio-igrac-utakmice-to-najbolje-pokazuje-kako-smo-igrali\/#primaryimage"},"image":{"@id":"https:\/\/radioljubuski.ba\/index.php\/2021\/08\/22\/bjelica-vratar-nam-je-bio-igrac-utakmice-to-najbolje-pokazuje-kako-smo-igrali\/#primaryimage"},"thumbnailUrl":"https:\/\/radioljubuski.ba\/wp-content\/uploads\/2021\/05\/61924542-nenad-bjelica.jpg","datePublished":"2021-08-22T22:52:25+00:00","dateModified":"2021-08-22T22:52:26+00:00","breadcrumb":{"@id":"https:\/\/radioljubuski.ba\/index.php\/2021\/08\/22\/bjelica-vratar-nam-je-bio-igrac-utakmice-to-najbolje-pokazuje-kako-smo-igrali\/#breadcrumb"},"inLanguage":"hr","potentialAction":[{"@type":"ReadAction","target":["https:\/\/radioljubuski.ba\/index.php\/2021\/08\/22\/bjelica-vratar-nam-je-bio-igrac-utakmice-to-najbolje-pokazuje-kako-smo-igrali\/"]}]},{"@type":"ImageObject","inLanguage":"hr","@id":"https:\/\/radioljubuski.ba\/index.php\/2021\/08\/22\/bjelica-vratar-nam-je-bio-igrac-utakmice-to-najbolje-pokazuje-kako-smo-igrali\/#primaryimage","url":"https:\/\/radioljubuski.ba\/wp-content\/uploads\/2021\/05\/61924542-nenad-bjelica.jpg","contentUrl":"https:\/\/radioljubuski.ba\/wp-content\/uploads\/2021\/05\/61924542-nenad-bjelica.jpg","width":1920,"height":1080},{"@type":"BreadcrumbList","@id":"https:\/\/radioljubuski.ba\/index.php\/2021\/08\/22\/bjelica-vratar-nam-je-bio-igrac-utakmice-to-najbolje-pokazuje-kako-smo-igrali\/#breadcrumb","itemListElement":[{"@type":"ListItem","position":1,"name":"Po\u010detna stranica","item":"https:\/\/radioljubuski.ba\/"},{"@type":"ListItem","position":2,"name":"Bjelica: Vratar nam je bio igra\u010d utakmice \u2013 to najbolje pokazuje kako smo igrali"}]},{"@type":"WebSite","@id":"https:\/\/radioljubuski.ba\/#website","url":"https:\/\/radioljubuski.ba\/","name":"Radio Ljubu\u0161ki","description":"Sun\u010dana frekvencija Hercegovine","publisher":{"@id":"https:\/\/radioljubuski.ba\/#organization"},"potentialAction":[{"@type":"SearchAction","target":{"@type":"EntryPoint","urlTemplate":"https:\/\/radioljubuski.ba\/?s={search_term_string}"},"query-input":{"@type":"PropertyValueSpecification","valueRequired":true,"valueName":"search_term_string"}}],"inLanguage":"hr"},{"@type":"Organization","@id":"https:\/\/radioljubuski.ba\/#organization","name":"Radio Ljubu\u0161ki","url":"https:\/\/radioljubuski.ba\/","logo":{"@type":"ImageObject","inLanguage":"hr","@id":"https:\/\/radioljubuski.ba\/#\/schema\/logo\/image\/","url":"https:\/\/radioljubuski.ba\/wp-content\/uploads\/2021\/02\/cropped-Radio_Ljubuski_logo1.jpg","contentUrl":"https:\/\/radioljubuski.ba\/wp-content\/uploads\/2021\/02\/cropped-Radio_Ljubuski_logo1.jpg","width":512,"height":512,"caption":"Radio Ljubu\u0161ki"},"image":{"@id":"https:\/\/radioljubuski.ba\/#\/schema\/logo\/image\/"},"sameAs":["https:\/\/www.facebook.com\/Radiio-Ljubuski-1490835324566332","https:\/\/x.com\/radioljubuski","https:\/\/hr.linkedin.com\/company\/radio-ljubuski","https:\/\/www.youtube.com\/channel\/UCHYaeO_n0Db3tjNGudGpXyw"]},{"@type":"Person","@id":"https:\/\/radioljubuski.ba\/#\/schema\/person\/19fc700381a780f69665d7956c469e3b","name":"Radio Ljubu\u0161ki"}]}},"_links":{"self":[{"href":"https:\/\/radioljubuski.ba\/index.php\/wp-json\/wp\/v2\/posts\/56483","targetHints":{"allow":["GET"]}}],"collection":[{"href":"https:\/\/radioljubuski.ba\/index.php\/wp-json\/wp\/v2\/posts"}],"about":[{"href":"https:\/\/radioljubuski.ba\/index.php\/wp-json\/wp\/v2\/types\/post"}],"author":[{"embeddable":true,"href":"https:\/\/radioljubuski.ba\/index.php\/wp-json\/wp\/v2\/users\/2"}],"replies":[{"embeddable":true,"href":"https:\/\/radioljubuski.ba\/index.php\/wp-json\/wp\/v2\/comments?post=56483"}],"version-history":[{"count":1,"href":"https:\/\/radioljubuski.ba\/index.php\/wp-json\/wp\/v2\/posts\/56483\/revisions"}],"predecessor-version":[{"id":56484,"href":"https:\/\/radioljubuski.ba\/index.php\/wp-json\/wp\/v2\/posts\/56483\/revisions\/56484"}],"wp:featuredmedia":[{"embeddable":true,"href":"https:\/\/radioljubuski.ba\/index.php\/wp-json\/wp\/v2\/media\/23864"}],"wp:attachment":[{"href":"https:\/\/radioljubuski.ba\/index.php\/wp-json\/wp\/v2\/media?parent=56483"}],"wp:term":[{"taxonomy":"category","embeddable":true,"href":"https:\/\/radioljubuski.ba\/index.php\/wp-json\/wp\/v2\/categories?post=56483"},{"taxonomy":"post_tag","embeddable":true,"href":"https:\/\/radioljubuski.ba\/index.php\/wp-json\/wp\/v2\/tags?post=56483"}],"curies":[{"name":"wp","href":"https:\/\/api.w.org\/{rel}","templated":true}]}}