{"id":56492,"date":"2021-08-22T23:57:18","date_gmt":"2021-08-22T22:57:18","guid":{"rendered":"https:\/\/radioljubuski.ba\/?p=56492"},"modified":"2021-08-22T23:57:19","modified_gmt":"2021-08-22T22:57:19","slug":"plenkovic-na-krimskoj-platformi-u-cijelosti-podrzavamo-teritorijalni-integritet-ukrajine","status":"publish","type":"post","link":"https:\/\/radioljubuski.ba\/index.php\/2021\/08\/22\/plenkovic-na-krimskoj-platformi-u-cijelosti-podrzavamo-teritorijalni-integritet-ukrajine\/","title":{"rendered":"Plenkovi\u0107 na Krimskoj platformi: \u2018U cijelosti podr\u017eavamo teritorijalni integritet Ukrajine\u2019"},"content":{"rendered":"\n<p><strong>Hrvatski premijer Andrej Plenkovi\u0107 u dvodnevnom je posjetu Ukrajini gdje \u0107e sudjelovati na Inauguracijskom samitu Krimske platforme u Kijevu. Po dolasku u Kijev hrvatski premijer susreo se s biv\u0161im ukrajinskim predsjednikom Petrom Poro\u0161enkom. Razgovarali su o situaciji u regiji. U ponedjeljak su predvi\u0111eni su susreti premijera s predsjednikom ukrajinske vlade Denisom \u0160mihalom i ukrajinskim predsjednikom Volodimirom Zelenskim<\/strong>, javlja&nbsp;<a href=\"https:\/\/vijesti.hrt.hr\/svijet\/plenkovic-na-summitu-krimske-platforme-2725860\">HRT<\/a>.<\/p>\n\n\n\n<p>Inauguracijski summit Krimske platforme, na kojem \u0107e sudjelovati i hrvatski premijer, okupit \u0107e predstavnike \u010dak 45 zemalja i me\u0111unarodnih organizacija. U Kijev dolazi 13 \u0161efova dr\u017eava i vlada. Me\u0111u glavnim temama summita bit \u0107e za\u0161tita lokalnog stanovni\u0161tva, sprje\u010davanje kr\u0161enja ljudskih prava, osiguravanje sigurne plovidbe Crnim morem kao i zaustavljanje militarizacije Krimskog poluotoka od strane Rusije.<\/p>\n\n\n\n<p>Ina\u010de, Krimska platforma je diplomatska inicijativa kojom se ponovno \u017eeli usmjeriti fokus me\u0111unarodne zajednice prema problemu ruske aneksije Krima i pritisnuti Rusiju da sjedne za pregovara\u010dki stol. Me\u0111utim ruske vlasti komentiraju kako poku\u0161aji vra\u0107anja Krima nisu legalni i ka\u017eu kako je u pitanju agresija prema Ruskoj federaciji i to pravdaju rezultatima referenduma iz 2014. koji su bojkotirali Ukrajinci i Tatari.<\/p>\n\n\n\n<p>\u2013 Drago mi je da sam ponovno u Kijevu. Sutra\u0161nji sastanak Krimske platforme jedna je va\u017ena inicijativa koja ima za cilj okupiti brojne aktere me\u0111unarodne zajednice, najprije da se emancipira pitanje Krima, naravno uz druga okupirana podru\u010dja -Donjeck i Luhansk . S te strane pozicija Hrvatske je jasna \u2013 mi u cijelosti podr\u017eavamo teritorijalni integritet Ukrajine, \u017eelimo vidjeti \u0161to se zajedni\u010dki mo\u017ee u\u010diniti kako bi se premostila te\u0161ka situacija ljudi koji tamo \u017eive ali i politi\u010dki i pravni aspekti ove teme, poru\u010dio je u Kijevu predsjednik Vlade RH Andrej Plenkovi\u0107.<\/p>\n\n\n\n<p>Zelenskij \u0107e u ponedjeljak predstaviti Krimsku platformu \u2013 novi, me\u0111unarodni koordinacijski format, \u010diji je cilj pobolj\u0161anje u\u010dinkovitosti me\u0111unarodnog odgovora na aneksiju Krima, odgovor na rastu\u0107e sigurnosne izazove, sprje\u010davanje daljnjeg kr\u0161enja ljudskih prava te osiguranje za\u0161tite \u017ertava, navodi se u vladinom priop\u0107enju.<\/p>\n\n\n\n<p>Platforma \u0107e djelovati na razini predsjednika dr\u017eava i vlada, ministara vanjskih poslova, me\u0111uparlamentarnih skupina i mre\u017ee stru\u010dnjaka.<\/p>\n\n\n\n<p>Tijekom samita predvi\u0111eno je usvajanje zajedni\u010dke deklaracije o potvr\u0111ivanju posve\u0107enosti neovisnosti i teritorijalnom integritetu Ukrajine i postavljanju okvira me\u0111unarodne politike prema Krimu.<\/p>\n\n\n\n<p>Samit se odr\u017eava uo\u010di 30. obljetnice neovisnosti Ukrajine, a o\u010dekuje se dolazak oko 40 stranih delegacija, navodi se na slu\u017ebenoj stranici ukrajinskog predsjednika.<\/p>\n\n\n\n<p>S premijerom putuju \u0161ef hrvatske diplomacije Gordan Grli\u0107 Radman i ministar obrane Mario Bano\u017ei\u0107.<\/p>\n\n\n\n<p><strong>\u201cS Ukrajinom \u0107e se vratiti \u017eivot na Krim\u201d<\/strong><\/p>\n\n\n\n<p>Nekoliko dana uo\u010di Inauguracijskog samita Krimske platforme, Zelenskij je rekao da \u0107e se \u201cs Ukrajinom vratiti \u017eivot na Krim\u201d.<\/p>\n\n\n\n<p>U okviru Krimske platforme trebao bi se razmotriti status krimskih Tatara, odgovoriti na militarizaciju poluotoka, raditi na osloba\u0111anju vi\u0161e od stotinu ukrajinskih politi\u010dkih zatvorenika, rekao je ukrajinski predsjednik i dodao da je za \u201cnapredak\u201d u potonjem pitanju nu\u017ean razgovor s ruskim predsjednikom Vladimirom Putinom.<\/p>\n\n\n\n<p>Odnosi Kijeva i Moskve napeti su od ruske aneksije Krima 2014. godine. U sukobima ukrajinskih snaga i proruskih separatista koji su uslijedili poginulo je vi\u0161e od 13.000 ljudi.<\/p>\n\n\n\n<p>Sedam godina od aneksije Krima, Sjedinjene Dr\u017eave i Europska unija stoje uz Ukrajinu i nastavljaju produljivati sankcije Rusiji.<\/p>\n\n\n\n<p><strong>Zelenski Merkel: Sjeverni tok 2 je rusko \u201copasno geopoliti\u010dko oru\u017eje\u201d<\/strong><\/p>\n\n\n\n<p>\u2013 Rusko-njema\u010dki plinovod Sjeverni tok 2 \u201copasno geopoliti\u010dko oru\u017eje Kremlja\u201d, ustvrdio je u nedjelju ukrajinski predsjednik primaju\u0107i u Kijevu njema\u010dku kancelarku koja se zauzima za taj projekt.<\/p>\n\n\n\n<p>Taj podmorski plinovod u Balti\u010dkom moru koji je pred zavr\u0161etkom, izravno \u0107e povezivati Rusiju i Njema\u010dku, uzimaju\u0107i Ukrajini najmanje 1,5 milijarda dolara na godinu, koliko sada dobiva za tranzit ruskog plina preko svog teritorija i izbijaju\u0107i joj iz ruku sredstvo diplomatskog pritiska na ruskog takmaca.<\/p>\n\n\n\n<p>\u2013 Propitujemo taj projekt isklju\u010divo u smislu sigurnosti i smatramo ga opasnim geopoliti\u010dkim oru\u017ejem Kremlja, rekao je Volodimir Zelenski na zajedni\u010dkoj tiskovnoj konferenciji s Angelom Merkel. Nitko ne mo\u017ee nijekati da \u0107e najve\u0107im rizicima zbog dovr\u0161etka Sjevernog toka 2 biti izlo\u017eena Ukrajina, istaknuo je.<\/p>\n\n\n\n<p>Kancelarka koja na jesen odlazi s du\u017enosti, poku\u0161ala je jo\u0161 jednom umiriti Kijev, rekav\u0161i da je postignut dogovor sa Sjedinjenim Dr\u017eavama, koje su htjele zaustaviti projekt, kako bi se projekt nastavio, uz uvjet da se Moskva ne\u0107e koristiti njime za slabljenje Ukrajine i uz uvjet da produlji ugovor o provozu plina nakon 2024. Merkel je podsjetila da je u petak u Moskvi zatra\u017eila od predsjednika Vladimira Putina da se produlji \u201cugovor o provozu ruskog plina kroz Ukrajinu koji istje\u010de 2024.\u201d<\/p>\n\n\n\n<p>\u2013 Suglasni smo s Amerikancima da se plinom ne smije koristiti kao geopoliti\u010dkim oru\u017ejem i to \u0107e na kraju biti u funkciji produljenja ugovora. \u0160to se to dogodi prije, bit \u0107e bolje, dodala je.<\/p>\n\n\n\n<p>No predsjednik Zelenski je rekao da je sve dosad o produljenju tranzitnog ugovora \u010duo \u201ctek op\u0107enite stvari\u201d. Kancelarka je rekla da razumije \u201cveliku zabrinutost\u201d predsjednika Zelenskog, istaknuv\u0161i da Berlin ima \u201cposebnu odgovornost\u201d u vezi s time.<\/p>\n\n\n\n<p>\u2013 Njema\u010dko-ameri\u010dki dogovor omogu\u0107uje uvo\u0111enje \u201csankcija bude li se (plin) koristio kao oru\u017eje, rekla je.<\/p>\n\n\n\n<p>Angela Merkel je na kraju rekla da \u0107e ova obe\u0107anja biti \u201cobvezuju\u0107a i za budu\u0107e njema\u010dke vlade\u201d jer se kancelarka sprema na odlazak nakon 16 godina na vlasti.<\/p>\n\n\n\n<p>Ukrajina, saveznik Zapada, popri\u0161te je proruskog separatisti\u010dkog rata na istoku od 2014. koji je izbio nakon ruske aneksije ukrajinskog Krima. Premda su ukrajinske vlasti zahvalne Merkel na njezinoj potpori u sukobu s Moskvom, zamjeraju joj \u0161to je isklju\u010dila plinsko pitanje iz djelokruga europskih sankcija, nastoje\u0107i na izgradnji plinovoda Sjeverni tok 2.<\/p>\n\n\n\n<p><em>Izvor: narod.hr\/vijesti.hrt.hr<\/em><\/p>\n","protected":false},"excerpt":{"rendered":"<p>Hrvatski premijer Andrej Plenkovi\u0107 u dvodnevnom je posjetu Ukrajini gdje \u0107e sudjelovati na Inauguracijskom samitu Krimske platforme u Kijevu. Po dolasku u Kijev hrvatski premijer susreo se s biv\u0161im ukrajinskim predsjednikom Petrom Poro\u0161enkom. Razgovarali su o situaciji u regiji. U ponedjeljak su predvi\u0111eni su susreti premijera s predsjednikom ukrajinske vlade Denisom \u0160mihalom i ukrajinskim predsjednikom [&hellip;]<\/p>\n","protected":false},"author":2,"featured_media":56493,"comment_status":"closed","ping_status":"closed","sticky":false,"template":"","format":"standard","meta":{"h5ap_radio_sources":[],"footnotes":""},"categories":[1],"tags":[],"class_list":["post-56492","post","type-post","status-publish","format-standard","has-post-thumbnail","hentry","category-bihiregija"],"yoast_head":"<!-- This site is optimized with the Yoast SEO plugin v27.5 - https:\/\/yoast.com\/product\/yoast-seo-wordpress\/ -->\n<title>Plenkovi\u0107 na Krimskoj platformi: \u2018U cijelosti podr\u017eavamo teritorijalni integritet Ukrajine\u2019 - RADIO LJUBU\u0160KI<\/title>\n<meta name=\"robots\" content=\"index, follow, max-snippet:-1, max-image-preview:large, max-video-preview:-1\" \/>\n<link rel=\"canonical\" href=\"https:\/\/radioljubuski.ba\/index.php\/2021\/08\/22\/plenkovic-na-krimskoj-platformi-u-cijelosti-podrzavamo-teritorijalni-integritet-ukrajine\/\" \/>\n<meta property=\"og:locale\" content=\"hr_HR\" \/>\n<meta property=\"og:type\" content=\"article\" \/>\n<meta property=\"og:title\" content=\"Plenkovi\u0107 na Krimskoj platformi: \u2018U cijelosti podr\u017eavamo teritorijalni integritet Ukrajine\u2019 - RADIO LJUBU\u0160KI\" \/>\n<meta property=\"og:description\" content=\"Hrvatski premijer Andrej Plenkovi\u0107 u dvodnevnom je posjetu Ukrajini gdje \u0107e sudjelovati na Inauguracijskom samitu Krimske platforme u Kijevu. Po dolasku u Kijev hrvatski premijer susreo se s biv\u0161im ukrajinskim predsjednikom Petrom Poro\u0161enkom. Razgovarali su o situaciji u regiji. U ponedjeljak su predvi\u0111eni su susreti premijera s predsjednikom ukrajinske vlade Denisom \u0160mihalom i ukrajinskim predsjednikom [&hellip;]\" \/>\n<meta property=\"og:url\" content=\"https:\/\/radioljubuski.ba\/index.php\/2021\/08\/22\/plenkovic-na-krimskoj-platformi-u-cijelosti-podrzavamo-teritorijalni-integritet-ukrajine\/\" \/>\n<meta property=\"og:site_name\" content=\"RADIO LJUBU\u0160KI\" \/>\n<meta property=\"article:publisher\" content=\"https:\/\/www.facebook.com\/Radiio-Ljubuski-1490835324566332\" \/>\n<meta property=\"article:published_time\" content=\"2021-08-22T22:57:18+00:00\" \/>\n<meta property=\"article:modified_time\" content=\"2021-08-22T22:57:19+00:00\" \/>\n<meta property=\"og:image\" content=\"https:\/\/radioljubuski.ba\/wp-content\/uploads\/2021\/08\/HN20210818159653-1-696x442-1.jpg\" \/>\n\t<meta property=\"og:image:width\" content=\"696\" \/>\n\t<meta property=\"og:image:height\" content=\"442\" \/>\n\t<meta property=\"og:image:type\" content=\"image\/jpeg\" \/>\n<meta name=\"author\" content=\"Radio Ljubu\u0161ki\" \/>\n<meta name=\"twitter:card\" content=\"summary_large_image\" \/>\n<meta name=\"twitter:creator\" content=\"@radioljubuski\" \/>\n<meta name=\"twitter:site\" content=\"@radioljubuski\" \/>\n<meta name=\"twitter:label1\" content=\"Napisao\/la\" \/>\n\t<meta name=\"twitter:data1\" content=\"Radio Ljubu\u0161ki\" \/>\n\t<meta name=\"twitter:label2\" content=\"Procijenjeno vrijeme \u010ditanja\" \/>\n\t<meta name=\"twitter:data2\" content=\"4 minute\" \/>\n<script type=\"application\/ld+json\" class=\"yoast-schema-graph\">{\"@context\":\"https:\\\/\\\/schema.org\",\"@graph\":[{\"@type\":\"Article\",\"@id\":\"https:\\\/\\\/radioljubuski.ba\\\/index.php\\\/2021\\\/08\\\/22\\\/plenkovic-na-krimskoj-platformi-u-cijelosti-podrzavamo-teritorijalni-integritet-ukrajine\\\/#article\",\"isPartOf\":{\"@id\":\"https:\\\/\\\/radioljubuski.ba\\\/index.php\\\/2021\\\/08\\\/22\\\/plenkovic-na-krimskoj-platformi-u-cijelosti-podrzavamo-teritorijalni-integritet-ukrajine\\\/\"},\"author\":{\"name\":\"Radio Ljubu\u0161ki\",\"@id\":\"https:\\\/\\\/radioljubuski.ba\\\/#\\\/schema\\\/person\\\/19fc700381a780f69665d7956c469e3b\"},\"headline\":\"Plenkovi\u0107 na Krimskoj platformi: \u2018U cijelosti podr\u017eavamo teritorijalni integritet Ukrajine\u2019\",\"datePublished\":\"2021-08-22T22:57:18+00:00\",\"dateModified\":\"2021-08-22T22:57:19+00:00\",\"mainEntityOfPage\":{\"@id\":\"https:\\\/\\\/radioljubuski.ba\\\/index.php\\\/2021\\\/08\\\/22\\\/plenkovic-na-krimskoj-platformi-u-cijelosti-podrzavamo-teritorijalni-integritet-ukrajine\\\/\"},\"wordCount\":964,\"publisher\":{\"@id\":\"https:\\\/\\\/radioljubuski.ba\\\/#organization\"},\"image\":{\"@id\":\"https:\\\/\\\/radioljubuski.ba\\\/index.php\\\/2021\\\/08\\\/22\\\/plenkovic-na-krimskoj-platformi-u-cijelosti-podrzavamo-teritorijalni-integritet-ukrajine\\\/#primaryimage\"},\"thumbnailUrl\":\"https:\\\/\\\/radioljubuski.ba\\\/wp-content\\\/uploads\\\/2021\\\/08\\\/HN20210818159653-1-696x442-1.jpg\",\"articleSection\":[\"BIH i regija\"],\"inLanguage\":\"hr\"},{\"@type\":\"WebPage\",\"@id\":\"https:\\\/\\\/radioljubuski.ba\\\/index.php\\\/2021\\\/08\\\/22\\\/plenkovic-na-krimskoj-platformi-u-cijelosti-podrzavamo-teritorijalni-integritet-ukrajine\\\/\",\"url\":\"https:\\\/\\\/radioljubuski.ba\\\/index.php\\\/2021\\\/08\\\/22\\\/plenkovic-na-krimskoj-platformi-u-cijelosti-podrzavamo-teritorijalni-integritet-ukrajine\\\/\",\"name\":\"Plenkovi\u0107 na Krimskoj platformi: \u2018U cijelosti podr\u017eavamo teritorijalni integritet Ukrajine\u2019 - RADIO LJUBU\u0160KI\",\"isPartOf\":{\"@id\":\"https:\\\/\\\/radioljubuski.ba\\\/#website\"},\"primaryImageOfPage\":{\"@id\":\"https:\\\/\\\/radioljubuski.ba\\\/index.php\\\/2021\\\/08\\\/22\\\/plenkovic-na-krimskoj-platformi-u-cijelosti-podrzavamo-teritorijalni-integritet-ukrajine\\\/#primaryimage\"},\"image\":{\"@id\":\"https:\\\/\\\/radioljubuski.ba\\\/index.php\\\/2021\\\/08\\\/22\\\/plenkovic-na-krimskoj-platformi-u-cijelosti-podrzavamo-teritorijalni-integritet-ukrajine\\\/#primaryimage\"},\"thumbnailUrl\":\"https:\\\/\\\/radioljubuski.ba\\\/wp-content\\\/uploads\\\/2021\\\/08\\\/HN20210818159653-1-696x442-1.jpg\",\"datePublished\":\"2021-08-22T22:57:18+00:00\",\"dateModified\":\"2021-08-22T22:57:19+00:00\",\"breadcrumb\":{\"@id\":\"https:\\\/\\\/radioljubuski.ba\\\/index.php\\\/2021\\\/08\\\/22\\\/plenkovic-na-krimskoj-platformi-u-cijelosti-podrzavamo-teritorijalni-integritet-ukrajine\\\/#breadcrumb\"},\"inLanguage\":\"hr\",\"potentialAction\":[{\"@type\":\"ReadAction\",\"target\":[\"https:\\\/\\\/radioljubuski.ba\\\/index.php\\\/2021\\\/08\\\/22\\\/plenkovic-na-krimskoj-platformi-u-cijelosti-podrzavamo-teritorijalni-integritet-ukrajine\\\/\"]}]},{\"@type\":\"ImageObject\",\"inLanguage\":\"hr\",\"@id\":\"https:\\\/\\\/radioljubuski.ba\\\/index.php\\\/2021\\\/08\\\/22\\\/plenkovic-na-krimskoj-platformi-u-cijelosti-podrzavamo-teritorijalni-integritet-ukrajine\\\/#primaryimage\",\"url\":\"https:\\\/\\\/radioljubuski.ba\\\/wp-content\\\/uploads\\\/2021\\\/08\\\/HN20210818159653-1-696x442-1.jpg\",\"contentUrl\":\"https:\\\/\\\/radioljubuski.ba\\\/wp-content\\\/uploads\\\/2021\\\/08\\\/HN20210818159653-1-696x442-1.jpg\",\"width\":696,\"height\":442},{\"@type\":\"BreadcrumbList\",\"@id\":\"https:\\\/\\\/radioljubuski.ba\\\/index.php\\\/2021\\\/08\\\/22\\\/plenkovic-na-krimskoj-platformi-u-cijelosti-podrzavamo-teritorijalni-integritet-ukrajine\\\/#breadcrumb\",\"itemListElement\":[{\"@type\":\"ListItem\",\"position\":1,\"name\":\"Po\u010detna stranica\",\"item\":\"https:\\\/\\\/radioljubuski.ba\\\/\"},{\"@type\":\"ListItem\",\"position\":2,\"name\":\"Plenkovi\u0107 na Krimskoj platformi: \u2018U cijelosti podr\u017eavamo teritorijalni integritet Ukrajine\u2019\"}]},{\"@type\":\"WebSite\",\"@id\":\"https:\\\/\\\/radioljubuski.ba\\\/#website\",\"url\":\"https:\\\/\\\/radioljubuski.ba\\\/\",\"name\":\"Radio Ljubu\u0161ki\",\"description\":\"Sun\u010dana frekvencija Hercegovine\",\"publisher\":{\"@id\":\"https:\\\/\\\/radioljubuski.ba\\\/#organization\"},\"potentialAction\":[{\"@type\":\"SearchAction\",\"target\":{\"@type\":\"EntryPoint\",\"urlTemplate\":\"https:\\\/\\\/radioljubuski.ba\\\/?s={search_term_string}\"},\"query-input\":{\"@type\":\"PropertyValueSpecification\",\"valueRequired\":true,\"valueName\":\"search_term_string\"}}],\"inLanguage\":\"hr\"},{\"@type\":\"Organization\",\"@id\":\"https:\\\/\\\/radioljubuski.ba\\\/#organization\",\"name\":\"Radio Ljubu\u0161ki\",\"url\":\"https:\\\/\\\/radioljubuski.ba\\\/\",\"logo\":{\"@type\":\"ImageObject\",\"inLanguage\":\"hr\",\"@id\":\"https:\\\/\\\/radioljubuski.ba\\\/#\\\/schema\\\/logo\\\/image\\\/\",\"url\":\"https:\\\/\\\/radioljubuski.ba\\\/wp-content\\\/uploads\\\/2021\\\/02\\\/cropped-Radio_Ljubuski_logo1.jpg\",\"contentUrl\":\"https:\\\/\\\/radioljubuski.ba\\\/wp-content\\\/uploads\\\/2021\\\/02\\\/cropped-Radio_Ljubuski_logo1.jpg\",\"width\":512,\"height\":512,\"caption\":\"Radio Ljubu\u0161ki\"},\"image\":{\"@id\":\"https:\\\/\\\/radioljubuski.ba\\\/#\\\/schema\\\/logo\\\/image\\\/\"},\"sameAs\":[\"https:\\\/\\\/www.facebook.com\\\/Radiio-Ljubuski-1490835324566332\",\"https:\\\/\\\/x.com\\\/radioljubuski\",\"https:\\\/\\\/hr.linkedin.com\\\/company\\\/radio-ljubuski\",\"https:\\\/\\\/www.youtube.com\\\/channel\\\/UCHYaeO_n0Db3tjNGudGpXyw\"]},{\"@type\":\"Person\",\"@id\":\"https:\\\/\\\/radioljubuski.ba\\\/#\\\/schema\\\/person\\\/19fc700381a780f69665d7956c469e3b\",\"name\":\"Radio Ljubu\u0161ki\"}]}<\/script>\n<!-- \/ Yoast SEO plugin. -->","yoast_head_json":{"title":"Plenkovi\u0107 na Krimskoj platformi: \u2018U cijelosti podr\u017eavamo teritorijalni integritet Ukrajine\u2019 - RADIO LJUBU\u0160KI","robots":{"index":"index","follow":"follow","max-snippet":"max-snippet:-1","max-image-preview":"max-image-preview:large","max-video-preview":"max-video-preview:-1"},"canonical":"https:\/\/radioljubuski.ba\/index.php\/2021\/08\/22\/plenkovic-na-krimskoj-platformi-u-cijelosti-podrzavamo-teritorijalni-integritet-ukrajine\/","og_locale":"hr_HR","og_type":"article","og_title":"Plenkovi\u0107 na Krimskoj platformi: \u2018U cijelosti podr\u017eavamo teritorijalni integritet Ukrajine\u2019 - RADIO LJUBU\u0160KI","og_description":"Hrvatski premijer Andrej Plenkovi\u0107 u dvodnevnom je posjetu Ukrajini gdje \u0107e sudjelovati na Inauguracijskom samitu Krimske platforme u Kijevu. Po dolasku u Kijev hrvatski premijer susreo se s biv\u0161im ukrajinskim predsjednikom Petrom Poro\u0161enkom. Razgovarali su o situaciji u regiji. U ponedjeljak su predvi\u0111eni su susreti premijera s predsjednikom ukrajinske vlade Denisom \u0160mihalom i ukrajinskim predsjednikom [&hellip;]","og_url":"https:\/\/radioljubuski.ba\/index.php\/2021\/08\/22\/plenkovic-na-krimskoj-platformi-u-cijelosti-podrzavamo-teritorijalni-integritet-ukrajine\/","og_site_name":"RADIO LJUBU\u0160KI","article_publisher":"https:\/\/www.facebook.com\/Radiio-Ljubuski-1490835324566332","article_published_time":"2021-08-22T22:57:18+00:00","article_modified_time":"2021-08-22T22:57:19+00:00","og_image":[{"width":696,"height":442,"url":"https:\/\/radioljubuski.ba\/wp-content\/uploads\/2021\/08\/HN20210818159653-1-696x442-1.jpg","type":"image\/jpeg"}],"author":"Radio Ljubu\u0161ki","twitter_card":"summary_large_image","twitter_creator":"@radioljubuski","twitter_site":"@radioljubuski","twitter_misc":{"Napisao\/la":"Radio Ljubu\u0161ki","Procijenjeno vrijeme \u010ditanja":"4 minute"},"schema":{"@context":"https:\/\/schema.org","@graph":[{"@type":"Article","@id":"https:\/\/radioljubuski.ba\/index.php\/2021\/08\/22\/plenkovic-na-krimskoj-platformi-u-cijelosti-podrzavamo-teritorijalni-integritet-ukrajine\/#article","isPartOf":{"@id":"https:\/\/radioljubuski.ba\/index.php\/2021\/08\/22\/plenkovic-na-krimskoj-platformi-u-cijelosti-podrzavamo-teritorijalni-integritet-ukrajine\/"},"author":{"name":"Radio Ljubu\u0161ki","@id":"https:\/\/radioljubuski.ba\/#\/schema\/person\/19fc700381a780f69665d7956c469e3b"},"headline":"Plenkovi\u0107 na Krimskoj platformi: \u2018U cijelosti podr\u017eavamo teritorijalni integritet Ukrajine\u2019","datePublished":"2021-08-22T22:57:18+00:00","dateModified":"2021-08-22T22:57:19+00:00","mainEntityOfPage":{"@id":"https:\/\/radioljubuski.ba\/index.php\/2021\/08\/22\/plenkovic-na-krimskoj-platformi-u-cijelosti-podrzavamo-teritorijalni-integritet-ukrajine\/"},"wordCount":964,"publisher":{"@id":"https:\/\/radioljubuski.ba\/#organization"},"image":{"@id":"https:\/\/radioljubuski.ba\/index.php\/2021\/08\/22\/plenkovic-na-krimskoj-platformi-u-cijelosti-podrzavamo-teritorijalni-integritet-ukrajine\/#primaryimage"},"thumbnailUrl":"https:\/\/radioljubuski.ba\/wp-content\/uploads\/2021\/08\/HN20210818159653-1-696x442-1.jpg","articleSection":["BIH i regija"],"inLanguage":"hr"},{"@type":"WebPage","@id":"https:\/\/radioljubuski.ba\/index.php\/2021\/08\/22\/plenkovic-na-krimskoj-platformi-u-cijelosti-podrzavamo-teritorijalni-integritet-ukrajine\/","url":"https:\/\/radioljubuski.ba\/index.php\/2021\/08\/22\/plenkovic-na-krimskoj-platformi-u-cijelosti-podrzavamo-teritorijalni-integritet-ukrajine\/","name":"Plenkovi\u0107 na Krimskoj platformi: \u2018U cijelosti podr\u017eavamo teritorijalni integritet Ukrajine\u2019 - RADIO LJUBU\u0160KI","isPartOf":{"@id":"https:\/\/radioljubuski.ba\/#website"},"primaryImageOfPage":{"@id":"https:\/\/radioljubuski.ba\/index.php\/2021\/08\/22\/plenkovic-na-krimskoj-platformi-u-cijelosti-podrzavamo-teritorijalni-integritet-ukrajine\/#primaryimage"},"image":{"@id":"https:\/\/radioljubuski.ba\/index.php\/2021\/08\/22\/plenkovic-na-krimskoj-platformi-u-cijelosti-podrzavamo-teritorijalni-integritet-ukrajine\/#primaryimage"},"thumbnailUrl":"https:\/\/radioljubuski.ba\/wp-content\/uploads\/2021\/08\/HN20210818159653-1-696x442-1.jpg","datePublished":"2021-08-22T22:57:18+00:00","dateModified":"2021-08-22T22:57:19+00:00","breadcrumb":{"@id":"https:\/\/radioljubuski.ba\/index.php\/2021\/08\/22\/plenkovic-na-krimskoj-platformi-u-cijelosti-podrzavamo-teritorijalni-integritet-ukrajine\/#breadcrumb"},"inLanguage":"hr","potentialAction":[{"@type":"ReadAction","target":["https:\/\/radioljubuski.ba\/index.php\/2021\/08\/22\/plenkovic-na-krimskoj-platformi-u-cijelosti-podrzavamo-teritorijalni-integritet-ukrajine\/"]}]},{"@type":"ImageObject","inLanguage":"hr","@id":"https:\/\/radioljubuski.ba\/index.php\/2021\/08\/22\/plenkovic-na-krimskoj-platformi-u-cijelosti-podrzavamo-teritorijalni-integritet-ukrajine\/#primaryimage","url":"https:\/\/radioljubuski.ba\/wp-content\/uploads\/2021\/08\/HN20210818159653-1-696x442-1.jpg","contentUrl":"https:\/\/radioljubuski.ba\/wp-content\/uploads\/2021\/08\/HN20210818159653-1-696x442-1.jpg","width":696,"height":442},{"@type":"BreadcrumbList","@id":"https:\/\/radioljubuski.ba\/index.php\/2021\/08\/22\/plenkovic-na-krimskoj-platformi-u-cijelosti-podrzavamo-teritorijalni-integritet-ukrajine\/#breadcrumb","itemListElement":[{"@type":"ListItem","position":1,"name":"Po\u010detna stranica","item":"https:\/\/radioljubuski.ba\/"},{"@type":"ListItem","position":2,"name":"Plenkovi\u0107 na Krimskoj platformi: \u2018U cijelosti podr\u017eavamo teritorijalni integritet Ukrajine\u2019"}]},{"@type":"WebSite","@id":"https:\/\/radioljubuski.ba\/#website","url":"https:\/\/radioljubuski.ba\/","name":"Radio Ljubu\u0161ki","description":"Sun\u010dana frekvencija Hercegovine","publisher":{"@id":"https:\/\/radioljubuski.ba\/#organization"},"potentialAction":[{"@type":"SearchAction","target":{"@type":"EntryPoint","urlTemplate":"https:\/\/radioljubuski.ba\/?s={search_term_string}"},"query-input":{"@type":"PropertyValueSpecification","valueRequired":true,"valueName":"search_term_string"}}],"inLanguage":"hr"},{"@type":"Organization","@id":"https:\/\/radioljubuski.ba\/#organization","name":"Radio Ljubu\u0161ki","url":"https:\/\/radioljubuski.ba\/","logo":{"@type":"ImageObject","inLanguage":"hr","@id":"https:\/\/radioljubuski.ba\/#\/schema\/logo\/image\/","url":"https:\/\/radioljubuski.ba\/wp-content\/uploads\/2021\/02\/cropped-Radio_Ljubuski_logo1.jpg","contentUrl":"https:\/\/radioljubuski.ba\/wp-content\/uploads\/2021\/02\/cropped-Radio_Ljubuski_logo1.jpg","width":512,"height":512,"caption":"Radio Ljubu\u0161ki"},"image":{"@id":"https:\/\/radioljubuski.ba\/#\/schema\/logo\/image\/"},"sameAs":["https:\/\/www.facebook.com\/Radiio-Ljubuski-1490835324566332","https:\/\/x.com\/radioljubuski","https:\/\/hr.linkedin.com\/company\/radio-ljubuski","https:\/\/www.youtube.com\/channel\/UCHYaeO_n0Db3tjNGudGpXyw"]},{"@type":"Person","@id":"https:\/\/radioljubuski.ba\/#\/schema\/person\/19fc700381a780f69665d7956c469e3b","name":"Radio Ljubu\u0161ki"}]}},"_links":{"self":[{"href":"https:\/\/radioljubuski.ba\/index.php\/wp-json\/wp\/v2\/posts\/56492","targetHints":{"allow":["GET"]}}],"collection":[{"href":"https:\/\/radioljubuski.ba\/index.php\/wp-json\/wp\/v2\/posts"}],"about":[{"href":"https:\/\/radioljubuski.ba\/index.php\/wp-json\/wp\/v2\/types\/post"}],"author":[{"embeddable":true,"href":"https:\/\/radioljubuski.ba\/index.php\/wp-json\/wp\/v2\/users\/2"}],"replies":[{"embeddable":true,"href":"https:\/\/radioljubuski.ba\/index.php\/wp-json\/wp\/v2\/comments?post=56492"}],"version-history":[{"count":1,"href":"https:\/\/radioljubuski.ba\/index.php\/wp-json\/wp\/v2\/posts\/56492\/revisions"}],"predecessor-version":[{"id":56494,"href":"https:\/\/radioljubuski.ba\/index.php\/wp-json\/wp\/v2\/posts\/56492\/revisions\/56494"}],"wp:featuredmedia":[{"embeddable":true,"href":"https:\/\/radioljubuski.ba\/index.php\/wp-json\/wp\/v2\/media\/56493"}],"wp:attachment":[{"href":"https:\/\/radioljubuski.ba\/index.php\/wp-json\/wp\/v2\/media?parent=56492"}],"wp:term":[{"taxonomy":"category","embeddable":true,"href":"https:\/\/radioljubuski.ba\/index.php\/wp-json\/wp\/v2\/categories?post=56492"},{"taxonomy":"post_tag","embeddable":true,"href":"https:\/\/radioljubuski.ba\/index.php\/wp-json\/wp\/v2\/tags?post=56492"}],"curies":[{"name":"wp","href":"https:\/\/api.w.org\/{rel}","templated":true}]}}