{"id":5672,"date":"2021-03-21T22:41:07","date_gmt":"2021-03-21T21:41:07","guid":{"rendered":"https:\/\/radioljubuski.ba\/?p=5672"},"modified":"2021-03-21T22:41:08","modified_gmt":"2021-03-21T21:41:08","slug":"lovas-23-godisnjica-pokopa-zrtava","status":"publish","type":"post","link":"https:\/\/radioljubuski.ba\/index.php\/2021\/03\/21\/lovas-23-godisnjica-pokopa-zrtava\/","title":{"rendered":"Lovas: 23. godi\u0161njica pokopa \u017ertava"},"content":{"rendered":"\n<p><strong>Op\u0107ina Lovas obilje\u017eava 23. tu\u017enu godi\u0161njicu pokopa \u017ertava masovne i pojedina\u010dnih grobnica u tom naselju.<\/strong><\/p>\n\n\n\n<p>U spomen stradalima i nestalima u Domovinskom ratu kod spomen-obilje\u017eja polo\u017eeni su vijenci i zapaljene svije\u0107e, nakon \u010dega je odr\u017ean Kri\u017eni put na katoli\u010dkom groblju.<br><br>&#8211; Ostala sam bez 2 sina. Najmla\u0111i je poginuo u Tovarniku, a Goran je odveden iz Vukovarske bolnice. I sve sam napravila \u0161to sam mogla i poruka sam imala svakakvih s one strane &#8211; ali do istine jo\u0161 nisam do\u0161la, rekla je Jelena Baketa.<br><br>Ekshumirano je 68 \u017ertava iz masovne i 10 iz pojedina\u010dnih grobnica. Me\u0111u njima i obitelj Adama Renduli\u0107a.<br><br>&#8211; Tu\u017ene su uspomene nakon 23 god. Jer tada je pokopano ovdje 78 ljudi, na\u0161ih mje\u0161tana. Na\u017ealost, me\u0111u njima i moj otac, polubrat i moja snaha. To je dan sje\u0107anja na na\u0161e Lovaske \u017ertve srbo\u010detni\u010dke agresije, ka\u017ee Renduli\u0107.<br><br>Od susjeda je doznao pojedinosti o sudbini svojih najmilijih &#8211; smogao je snage oprostiti neprijatelju.<br><br>&#8211; I ljudski i kr\u0161\u0107anski je da se ne\u0161to oprostiti mo\u017ee, ali da se ne smije nikada zaboraviti, da to ostane trajno u generacijama kako je do\u0161lo do slobode hrvatske dr\u017eave, poru\u010duje Renduli\u0107.<br><br>Komemorativnim programom i kri\u017enim putem &#8211; obilje\u017eena je tu\u017ena godi\u0161njica. I nakon 23 godine &#8211; osje\u0107aji su jednako sna\u017eni.<br><br>&#8211; Na\u017ealost to nije bila tragi\u010dna bilanca stradanja mje\u0161tana Op\u0107ine Lovas jer znamo da je iz Lovasa i Opatovca ubijeno ukupno 89 mje\u0161tana i 1 osoba se vodi kao nestala, rekla je&nbsp;<strong>Tanja Cibra<\/strong>, na\u010delnica Op\u0107ine Lovas.<br><br>Za stra\u0161ne zlo\u010dine i masakr nad 69 civila u Lovasu dosu\u0111ene su tek 23 godine zatvora. Od 14 osumnji\u010denika &#8211; sud u Beogradu osudio je samo \u0161estoricu.<\/p>\n\n\n\n<p>Izvor.hrt.hr<\/p>\n","protected":false},"excerpt":{"rendered":"<p>Op\u0107ina Lovas obilje\u017eava 23. tu\u017enu godi\u0161njicu pokopa \u017ertava masovne i pojedina\u010dnih grobnica u tom naselju. U spomen stradalima i nestalima u Domovinskom ratu kod spomen-obilje\u017eja polo\u017eeni su vijenci i zapaljene svije\u0107e, nakon \u010dega je odr\u017ean Kri\u017eni put na katoli\u010dkom groblju. &#8211; Ostala sam bez 2 sina. Najmla\u0111i je poginuo u Tovarniku, a Goran je odveden [&hellip;]<\/p>\n","protected":false},"author":2,"featured_media":5674,"comment_status":"closed","ping_status":"closed","sticky":false,"template":"","format":"standard","meta":{"h5ap_radio_sources":[],"footnotes":""},"categories":[1],"tags":[],"class_list":["post-5672","post","type-post","status-publish","format-standard","has-post-thumbnail","hentry","category-bihiregija"],"yoast_head":"<!-- This site is optimized with the Yoast SEO plugin v27.4 - https:\/\/yoast.com\/product\/yoast-seo-wordpress\/ -->\n<title>Lovas: 23. godi\u0161njica pokopa \u017ertava - RADIO LJUBU\u0160KI<\/title>\n<meta name=\"robots\" content=\"index, follow, max-snippet:-1, max-image-preview:large, max-video-preview:-1\" \/>\n<link rel=\"canonical\" href=\"https:\/\/radioljubuski.ba\/index.php\/2021\/03\/21\/lovas-23-godisnjica-pokopa-zrtava\/\" \/>\n<meta property=\"og:locale\" content=\"hr_HR\" \/>\n<meta property=\"og:type\" content=\"article\" \/>\n<meta property=\"og:title\" content=\"Lovas: 23. godi\u0161njica pokopa \u017ertava - RADIO LJUBU\u0160KI\" \/>\n<meta property=\"og:description\" content=\"Op\u0107ina Lovas obilje\u017eava 23. tu\u017enu godi\u0161njicu pokopa \u017ertava masovne i pojedina\u010dnih grobnica u tom naselju. U spomen stradalima i nestalima u Domovinskom ratu kod spomen-obilje\u017eja polo\u017eeni su vijenci i zapaljene svije\u0107e, nakon \u010dega je odr\u017ean Kri\u017eni put na katoli\u010dkom groblju. &#8211; Ostala sam bez 2 sina. Najmla\u0111i je poginuo u Tovarniku, a Goran je odveden [&hellip;]\" \/>\n<meta property=\"og:url\" content=\"https:\/\/radioljubuski.ba\/index.php\/2021\/03\/21\/lovas-23-godisnjica-pokopa-zrtava\/\" \/>\n<meta property=\"og:site_name\" content=\"RADIO LJUBU\u0160KI\" \/>\n<meta property=\"article:publisher\" content=\"https:\/\/www.facebook.com\/Radiio-Ljubuski-1490835324566332\" \/>\n<meta property=\"article:published_time\" content=\"2021-03-21T21:41:07+00:00\" \/>\n<meta property=\"article:modified_time\" content=\"2021-03-21T21:41:08+00:00\" \/>\n<meta property=\"og:image\" content=\"https:\/\/radioljubuski.ba\/wp-content\/uploads\/2021\/03\/22-1.jpg\" \/>\n\t<meta property=\"og:image:width\" content=\"600\" \/>\n\t<meta property=\"og:image:height\" content=\"338\" \/>\n\t<meta property=\"og:image:type\" content=\"image\/jpeg\" \/>\n<meta name=\"author\" content=\"Radio Ljubu\u0161ki\" \/>\n<meta name=\"twitter:card\" content=\"summary_large_image\" \/>\n<meta name=\"twitter:creator\" content=\"@radioljubuski\" \/>\n<meta name=\"twitter:site\" content=\"@radioljubuski\" \/>\n<meta name=\"twitter:label1\" content=\"Napisao\/la\" \/>\n\t<meta name=\"twitter:data1\" content=\"Radio Ljubu\u0161ki\" \/>\n\t<meta name=\"twitter:label2\" content=\"Procijenjeno vrijeme \u010ditanja\" \/>\n\t<meta name=\"twitter:data2\" content=\"2 minute\" \/>\n<script type=\"application\/ld+json\" class=\"yoast-schema-graph\">{\"@context\":\"https:\\\/\\\/schema.org\",\"@graph\":[{\"@type\":\"Article\",\"@id\":\"https:\\\/\\\/radioljubuski.ba\\\/index.php\\\/2021\\\/03\\\/21\\\/lovas-23-godisnjica-pokopa-zrtava\\\/#article\",\"isPartOf\":{\"@id\":\"https:\\\/\\\/radioljubuski.ba\\\/index.php\\\/2021\\\/03\\\/21\\\/lovas-23-godisnjica-pokopa-zrtava\\\/\"},\"author\":{\"name\":\"Radio Ljubu\u0161ki\",\"@id\":\"https:\\\/\\\/radioljubuski.ba\\\/#\\\/schema\\\/person\\\/19fc700381a780f69665d7956c469e3b\"},\"headline\":\"Lovas: 23. godi\u0161njica pokopa \u017ertava\",\"datePublished\":\"2021-03-21T21:41:07+00:00\",\"dateModified\":\"2021-03-21T21:41:08+00:00\",\"mainEntityOfPage\":{\"@id\":\"https:\\\/\\\/radioljubuski.ba\\\/index.php\\\/2021\\\/03\\\/21\\\/lovas-23-godisnjica-pokopa-zrtava\\\/\"},\"wordCount\":316,\"publisher\":{\"@id\":\"https:\\\/\\\/radioljubuski.ba\\\/#organization\"},\"image\":{\"@id\":\"https:\\\/\\\/radioljubuski.ba\\\/index.php\\\/2021\\\/03\\\/21\\\/lovas-23-godisnjica-pokopa-zrtava\\\/#primaryimage\"},\"thumbnailUrl\":\"https:\\\/\\\/radioljubuski.ba\\\/wp-content\\\/uploads\\\/2021\\\/03\\\/22-1.jpg\",\"articleSection\":[\"BIH i regija\"],\"inLanguage\":\"hr\"},{\"@type\":\"WebPage\",\"@id\":\"https:\\\/\\\/radioljubuski.ba\\\/index.php\\\/2021\\\/03\\\/21\\\/lovas-23-godisnjica-pokopa-zrtava\\\/\",\"url\":\"https:\\\/\\\/radioljubuski.ba\\\/index.php\\\/2021\\\/03\\\/21\\\/lovas-23-godisnjica-pokopa-zrtava\\\/\",\"name\":\"Lovas: 23. godi\u0161njica pokopa \u017ertava - RADIO LJUBU\u0160KI\",\"isPartOf\":{\"@id\":\"https:\\\/\\\/radioljubuski.ba\\\/#website\"},\"primaryImageOfPage\":{\"@id\":\"https:\\\/\\\/radioljubuski.ba\\\/index.php\\\/2021\\\/03\\\/21\\\/lovas-23-godisnjica-pokopa-zrtava\\\/#primaryimage\"},\"image\":{\"@id\":\"https:\\\/\\\/radioljubuski.ba\\\/index.php\\\/2021\\\/03\\\/21\\\/lovas-23-godisnjica-pokopa-zrtava\\\/#primaryimage\"},\"thumbnailUrl\":\"https:\\\/\\\/radioljubuski.ba\\\/wp-content\\\/uploads\\\/2021\\\/03\\\/22-1.jpg\",\"datePublished\":\"2021-03-21T21:41:07+00:00\",\"dateModified\":\"2021-03-21T21:41:08+00:00\",\"breadcrumb\":{\"@id\":\"https:\\\/\\\/radioljubuski.ba\\\/index.php\\\/2021\\\/03\\\/21\\\/lovas-23-godisnjica-pokopa-zrtava\\\/#breadcrumb\"},\"inLanguage\":\"hr\",\"potentialAction\":[{\"@type\":\"ReadAction\",\"target\":[\"https:\\\/\\\/radioljubuski.ba\\\/index.php\\\/2021\\\/03\\\/21\\\/lovas-23-godisnjica-pokopa-zrtava\\\/\"]}]},{\"@type\":\"ImageObject\",\"inLanguage\":\"hr\",\"@id\":\"https:\\\/\\\/radioljubuski.ba\\\/index.php\\\/2021\\\/03\\\/21\\\/lovas-23-godisnjica-pokopa-zrtava\\\/#primaryimage\",\"url\":\"https:\\\/\\\/radioljubuski.ba\\\/wp-content\\\/uploads\\\/2021\\\/03\\\/22-1.jpg\",\"contentUrl\":\"https:\\\/\\\/radioljubuski.ba\\\/wp-content\\\/uploads\\\/2021\\\/03\\\/22-1.jpg\",\"width\":600,\"height\":338},{\"@type\":\"BreadcrumbList\",\"@id\":\"https:\\\/\\\/radioljubuski.ba\\\/index.php\\\/2021\\\/03\\\/21\\\/lovas-23-godisnjica-pokopa-zrtava\\\/#breadcrumb\",\"itemListElement\":[{\"@type\":\"ListItem\",\"position\":1,\"name\":\"Po\u010detna stranica\",\"item\":\"https:\\\/\\\/radioljubuski.ba\\\/\"},{\"@type\":\"ListItem\",\"position\":2,\"name\":\"Lovas: 23. godi\u0161njica pokopa \u017ertava\"}]},{\"@type\":\"WebSite\",\"@id\":\"https:\\\/\\\/radioljubuski.ba\\\/#website\",\"url\":\"https:\\\/\\\/radioljubuski.ba\\\/\",\"name\":\"Radio Ljubu\u0161ki\",\"description\":\"Sun\u010dana frekvencija Hercegovine\",\"publisher\":{\"@id\":\"https:\\\/\\\/radioljubuski.ba\\\/#organization\"},\"potentialAction\":[{\"@type\":\"SearchAction\",\"target\":{\"@type\":\"EntryPoint\",\"urlTemplate\":\"https:\\\/\\\/radioljubuski.ba\\\/?s={search_term_string}\"},\"query-input\":{\"@type\":\"PropertyValueSpecification\",\"valueRequired\":true,\"valueName\":\"search_term_string\"}}],\"inLanguage\":\"hr\"},{\"@type\":\"Organization\",\"@id\":\"https:\\\/\\\/radioljubuski.ba\\\/#organization\",\"name\":\"Radio Ljubu\u0161ki\",\"url\":\"https:\\\/\\\/radioljubuski.ba\\\/\",\"logo\":{\"@type\":\"ImageObject\",\"inLanguage\":\"hr\",\"@id\":\"https:\\\/\\\/radioljubuski.ba\\\/#\\\/schema\\\/logo\\\/image\\\/\",\"url\":\"https:\\\/\\\/radioljubuski.ba\\\/wp-content\\\/uploads\\\/2021\\\/02\\\/cropped-Radio_Ljubuski_logo1.jpg\",\"contentUrl\":\"https:\\\/\\\/radioljubuski.ba\\\/wp-content\\\/uploads\\\/2021\\\/02\\\/cropped-Radio_Ljubuski_logo1.jpg\",\"width\":512,\"height\":512,\"caption\":\"Radio Ljubu\u0161ki\"},\"image\":{\"@id\":\"https:\\\/\\\/radioljubuski.ba\\\/#\\\/schema\\\/logo\\\/image\\\/\"},\"sameAs\":[\"https:\\\/\\\/www.facebook.com\\\/Radiio-Ljubuski-1490835324566332\",\"https:\\\/\\\/x.com\\\/radioljubuski\",\"https:\\\/\\\/hr.linkedin.com\\\/company\\\/radio-ljubuski\",\"https:\\\/\\\/www.youtube.com\\\/channel\\\/UCHYaeO_n0Db3tjNGudGpXyw\"]},{\"@type\":\"Person\",\"@id\":\"https:\\\/\\\/radioljubuski.ba\\\/#\\\/schema\\\/person\\\/19fc700381a780f69665d7956c469e3b\",\"name\":\"Radio Ljubu\u0161ki\"}]}<\/script>\n<!-- \/ Yoast SEO plugin. -->","yoast_head_json":{"title":"Lovas: 23. godi\u0161njica pokopa \u017ertava - RADIO LJUBU\u0160KI","robots":{"index":"index","follow":"follow","max-snippet":"max-snippet:-1","max-image-preview":"max-image-preview:large","max-video-preview":"max-video-preview:-1"},"canonical":"https:\/\/radioljubuski.ba\/index.php\/2021\/03\/21\/lovas-23-godisnjica-pokopa-zrtava\/","og_locale":"hr_HR","og_type":"article","og_title":"Lovas: 23. godi\u0161njica pokopa \u017ertava - RADIO LJUBU\u0160KI","og_description":"Op\u0107ina Lovas obilje\u017eava 23. tu\u017enu godi\u0161njicu pokopa \u017ertava masovne i pojedina\u010dnih grobnica u tom naselju. U spomen stradalima i nestalima u Domovinskom ratu kod spomen-obilje\u017eja polo\u017eeni su vijenci i zapaljene svije\u0107e, nakon \u010dega je odr\u017ean Kri\u017eni put na katoli\u010dkom groblju. &#8211; Ostala sam bez 2 sina. Najmla\u0111i je poginuo u Tovarniku, a Goran je odveden [&hellip;]","og_url":"https:\/\/radioljubuski.ba\/index.php\/2021\/03\/21\/lovas-23-godisnjica-pokopa-zrtava\/","og_site_name":"RADIO LJUBU\u0160KI","article_publisher":"https:\/\/www.facebook.com\/Radiio-Ljubuski-1490835324566332","article_published_time":"2021-03-21T21:41:07+00:00","article_modified_time":"2021-03-21T21:41:08+00:00","og_image":[{"width":600,"height":338,"url":"https:\/\/radioljubuski.ba\/wp-content\/uploads\/2021\/03\/22-1.jpg","type":"image\/jpeg"}],"author":"Radio Ljubu\u0161ki","twitter_card":"summary_large_image","twitter_creator":"@radioljubuski","twitter_site":"@radioljubuski","twitter_misc":{"Napisao\/la":"Radio Ljubu\u0161ki","Procijenjeno vrijeme \u010ditanja":"2 minute"},"schema":{"@context":"https:\/\/schema.org","@graph":[{"@type":"Article","@id":"https:\/\/radioljubuski.ba\/index.php\/2021\/03\/21\/lovas-23-godisnjica-pokopa-zrtava\/#article","isPartOf":{"@id":"https:\/\/radioljubuski.ba\/index.php\/2021\/03\/21\/lovas-23-godisnjica-pokopa-zrtava\/"},"author":{"name":"Radio Ljubu\u0161ki","@id":"https:\/\/radioljubuski.ba\/#\/schema\/person\/19fc700381a780f69665d7956c469e3b"},"headline":"Lovas: 23. godi\u0161njica pokopa \u017ertava","datePublished":"2021-03-21T21:41:07+00:00","dateModified":"2021-03-21T21:41:08+00:00","mainEntityOfPage":{"@id":"https:\/\/radioljubuski.ba\/index.php\/2021\/03\/21\/lovas-23-godisnjica-pokopa-zrtava\/"},"wordCount":316,"publisher":{"@id":"https:\/\/radioljubuski.ba\/#organization"},"image":{"@id":"https:\/\/radioljubuski.ba\/index.php\/2021\/03\/21\/lovas-23-godisnjica-pokopa-zrtava\/#primaryimage"},"thumbnailUrl":"https:\/\/radioljubuski.ba\/wp-content\/uploads\/2021\/03\/22-1.jpg","articleSection":["BIH i regija"],"inLanguage":"hr"},{"@type":"WebPage","@id":"https:\/\/radioljubuski.ba\/index.php\/2021\/03\/21\/lovas-23-godisnjica-pokopa-zrtava\/","url":"https:\/\/radioljubuski.ba\/index.php\/2021\/03\/21\/lovas-23-godisnjica-pokopa-zrtava\/","name":"Lovas: 23. godi\u0161njica pokopa \u017ertava - RADIO LJUBU\u0160KI","isPartOf":{"@id":"https:\/\/radioljubuski.ba\/#website"},"primaryImageOfPage":{"@id":"https:\/\/radioljubuski.ba\/index.php\/2021\/03\/21\/lovas-23-godisnjica-pokopa-zrtava\/#primaryimage"},"image":{"@id":"https:\/\/radioljubuski.ba\/index.php\/2021\/03\/21\/lovas-23-godisnjica-pokopa-zrtava\/#primaryimage"},"thumbnailUrl":"https:\/\/radioljubuski.ba\/wp-content\/uploads\/2021\/03\/22-1.jpg","datePublished":"2021-03-21T21:41:07+00:00","dateModified":"2021-03-21T21:41:08+00:00","breadcrumb":{"@id":"https:\/\/radioljubuski.ba\/index.php\/2021\/03\/21\/lovas-23-godisnjica-pokopa-zrtava\/#breadcrumb"},"inLanguage":"hr","potentialAction":[{"@type":"ReadAction","target":["https:\/\/radioljubuski.ba\/index.php\/2021\/03\/21\/lovas-23-godisnjica-pokopa-zrtava\/"]}]},{"@type":"ImageObject","inLanguage":"hr","@id":"https:\/\/radioljubuski.ba\/index.php\/2021\/03\/21\/lovas-23-godisnjica-pokopa-zrtava\/#primaryimage","url":"https:\/\/radioljubuski.ba\/wp-content\/uploads\/2021\/03\/22-1.jpg","contentUrl":"https:\/\/radioljubuski.ba\/wp-content\/uploads\/2021\/03\/22-1.jpg","width":600,"height":338},{"@type":"BreadcrumbList","@id":"https:\/\/radioljubuski.ba\/index.php\/2021\/03\/21\/lovas-23-godisnjica-pokopa-zrtava\/#breadcrumb","itemListElement":[{"@type":"ListItem","position":1,"name":"Po\u010detna stranica","item":"https:\/\/radioljubuski.ba\/"},{"@type":"ListItem","position":2,"name":"Lovas: 23. godi\u0161njica pokopa \u017ertava"}]},{"@type":"WebSite","@id":"https:\/\/radioljubuski.ba\/#website","url":"https:\/\/radioljubuski.ba\/","name":"Radio Ljubu\u0161ki","description":"Sun\u010dana frekvencija Hercegovine","publisher":{"@id":"https:\/\/radioljubuski.ba\/#organization"},"potentialAction":[{"@type":"SearchAction","target":{"@type":"EntryPoint","urlTemplate":"https:\/\/radioljubuski.ba\/?s={search_term_string}"},"query-input":{"@type":"PropertyValueSpecification","valueRequired":true,"valueName":"search_term_string"}}],"inLanguage":"hr"},{"@type":"Organization","@id":"https:\/\/radioljubuski.ba\/#organization","name":"Radio Ljubu\u0161ki","url":"https:\/\/radioljubuski.ba\/","logo":{"@type":"ImageObject","inLanguage":"hr","@id":"https:\/\/radioljubuski.ba\/#\/schema\/logo\/image\/","url":"https:\/\/radioljubuski.ba\/wp-content\/uploads\/2021\/02\/cropped-Radio_Ljubuski_logo1.jpg","contentUrl":"https:\/\/radioljubuski.ba\/wp-content\/uploads\/2021\/02\/cropped-Radio_Ljubuski_logo1.jpg","width":512,"height":512,"caption":"Radio Ljubu\u0161ki"},"image":{"@id":"https:\/\/radioljubuski.ba\/#\/schema\/logo\/image\/"},"sameAs":["https:\/\/www.facebook.com\/Radiio-Ljubuski-1490835324566332","https:\/\/x.com\/radioljubuski","https:\/\/hr.linkedin.com\/company\/radio-ljubuski","https:\/\/www.youtube.com\/channel\/UCHYaeO_n0Db3tjNGudGpXyw"]},{"@type":"Person","@id":"https:\/\/radioljubuski.ba\/#\/schema\/person\/19fc700381a780f69665d7956c469e3b","name":"Radio Ljubu\u0161ki"}]}},"_links":{"self":[{"href":"https:\/\/radioljubuski.ba\/index.php\/wp-json\/wp\/v2\/posts\/5672","targetHints":{"allow":["GET"]}}],"collection":[{"href":"https:\/\/radioljubuski.ba\/index.php\/wp-json\/wp\/v2\/posts"}],"about":[{"href":"https:\/\/radioljubuski.ba\/index.php\/wp-json\/wp\/v2\/types\/post"}],"author":[{"embeddable":true,"href":"https:\/\/radioljubuski.ba\/index.php\/wp-json\/wp\/v2\/users\/2"}],"replies":[{"embeddable":true,"href":"https:\/\/radioljubuski.ba\/index.php\/wp-json\/wp\/v2\/comments?post=5672"}],"version-history":[{"count":1,"href":"https:\/\/radioljubuski.ba\/index.php\/wp-json\/wp\/v2\/posts\/5672\/revisions"}],"predecessor-version":[{"id":5675,"href":"https:\/\/radioljubuski.ba\/index.php\/wp-json\/wp\/v2\/posts\/5672\/revisions\/5675"}],"wp:featuredmedia":[{"embeddable":true,"href":"https:\/\/radioljubuski.ba\/index.php\/wp-json\/wp\/v2\/media\/5674"}],"wp:attachment":[{"href":"https:\/\/radioljubuski.ba\/index.php\/wp-json\/wp\/v2\/media?parent=5672"}],"wp:term":[{"taxonomy":"category","embeddable":true,"href":"https:\/\/radioljubuski.ba\/index.php\/wp-json\/wp\/v2\/categories?post=5672"},{"taxonomy":"post_tag","embeddable":true,"href":"https:\/\/radioljubuski.ba\/index.php\/wp-json\/wp\/v2\/tags?post=5672"}],"curies":[{"name":"wp","href":"https:\/\/api.w.org\/{rel}","templated":true}]}}