{"id":5710,"date":"2021-03-22T01:01:01","date_gmt":"2021-03-22T00:01:01","guid":{"rendered":"https:\/\/radioljubuski.ba\/?p=5710"},"modified":"2021-03-22T01:01:02","modified_gmt":"2021-03-22T00:01:02","slug":"zasto-bosnjaci-ciste-puske","status":"publish","type":"post","link":"https:\/\/radioljubuski.ba\/index.php\/2021\/03\/22\/zasto-bosnjaci-ciste-puske\/","title":{"rendered":"Za\u0161to Bo\u0161njaci \u201c\u010diste pu\u0161ke\u201d?!"},"content":{"rendered":"\n<p><strong>Pogled na semafor reisovim o\u010dima otkriva da se referendumliji iz \u201eboljeg dijela BiH\u201c uop\u0107e ne \u017euri. Vrijeme radi za Srbe. A ove tzv. probosanske snage \u201e\u010diste pu\u0161ke\u201c iz ve\u0107 znanih \u2013 populisti\u010dkih \u2013 pobuda. Treba (jo\u0161) samo vidjeti je li Alija bio u pravu kada je govorio: Narod nije ble\u0107ak!<\/strong><\/p>\n\n\n\n<p><strong>Pi\u0161e:&nbsp;<\/strong><em><strong>Josip Vri\u010dko<\/strong><\/em><strong>,<a href=\"https:\/\/www.nedjelja.ba\/hr\/nek-se-zna\/zasto-bosnjaci-ciste-puske\/19847\">&nbsp;Katoli\u010dki tjednik<\/a><\/strong><\/p>\n\n\n\n<p>U malom politi\u010dkom horoskopu potkraj pro\u0161le godine glasoviti, neko\u0107 YU, a onda u ratu i pora\u0107u sve do danas bo\u0161nja\u010dki obavje\u0161tajac Fikret Muslimovi\u0107 otkrio nam je u tjedniku Stav kako zvijezde u 2021. ne\u0107e biti naklonjen sunarodnjacima mu. Nema, tvrdi on, nikakvih naznaka kako \u0107e u ovoj godini biti zaustavljena tendencija pogor\u0161avanja odnosa me\u0111u bo\u0161nja\u010dkim politi\u010dkim subjektima i liderima, uklju\u010duju\u0107i i odnose multietni\u010dkih subjekata koji ve\u0107inom okupljaju Bo\u0161njake.<\/p>\n\n\n\n<p>\u201eNema elemenata da \u0107e me\u0111u njima prestati nerazumni sukobi izvan onih koji se mogu opravdati demokratskim principima i vrijednostima. U toj oblasti stanja u bosanskohercegova\u010dkom dru\u0161tvu ima najvi\u0161e elemenata liderske nezrelosti i neodgovornosti. Nema osnova za predvi\u0111anje da se mo\u017ee dogoditi sastanak Izetbegovi\u0107a, Konakovi\u0107a, Nik\u0161i\u0107a, \u0160epi\u0107a, Radon\u010di\u0107a\u2026 s ciljem dogovora radi pobolj\u0161anja politi\u010dke kulture u odnosima ljudi razli\u010ditih ideolo\u0161kih i politi\u010dkih uvjerenja, odnosno nema osnova za predvi\u0111anje da se iz svojih domoljubnih razloga mogu dogovoriti o najmanjem zajedni\u010dkom imenitelju svojih razli\u010ditih ideolo\u0161kih i politi\u010dkih orijentacija\u201c, predvi\u0111ao je Muslimovi\u0107, navje\u0161\u0107uju\u0107i \u2013 \u010dak! \u2013 i mogu\u0107nost novih bo\u0161nja\u010dkih politi\u010dkih stranaka, a potom onda i novih \u2013 sukoba.<\/p>\n\n\n\n<p><strong>Reis: Sve vas volim \u2013 podjednako!<\/strong><\/p>\n\n\n\n<p>Potencijalni politi\u010dki rat u Bo\u0161njaka prenuo je i reisu-l-ulemu Islamske zajednice u BiH, Husein ef. Kavazovi\u0107, koji je kao, predmnijevam, pozorni Muslimovi\u0107ev \u010ditatelj detektirao kako je prvo tromjese\u010dje pokazalo da se predvi\u0111anje, (mo\u017eda i) novog bh. Nostradamusa, ispunjava. Bo\u0161nja\u010dki su subjekti, \u0161to bi kazao Muslimovi\u0107, k\u2019o rogovi u vre\u0107i. Slijedom \u010dega je po\u010detkom o\u017eujka postrojio posva\u0111ane bo\u0161nja\u010dke prvake. Zanimljivo, iako je reis na svoj minder posjeo i edsepeovskoga lidera Nik\u0161i\u0107a, njegova je stranka taj potez IZ-e u BiH ocijenila nedopustivim izravnim mije\u0161anjem vjerskog lidera Bo\u0161njaka u politi\u010dke tijekove i odnose. (\u0160to je, dakako, zaostali tik iz vremena kada su s te adrese tvrdili da je religija opijum za narod.)<\/p>\n\n\n\n<p>Uz to, neki su iz bo\u0161nja\u010dkih redova efendijin potez razumjeli kao spa\u0161avanje SDA u trenutcima kada se za tu temeljnu stranku gotovo neprestano ve\u017eu nove i nove afere, a neki od strana\u010dkih odli\u010dnika vi\u0161e vremena provode na sudu negoli na radnom mjestu \u2013 u, primjerice,Vladi FBiH.<\/p>\n\n\n\n<p>Tako se i sastanak s kojega su svi trebali iza\u0107i s maslinovom gran\u010dicom prometnuo u novu sva\u0111u, koja je, ipak, u me\u0111uvremenu sondirana tako \u0161to je partijski glas(nik) amnestirao Kavazovi\u0107a od tajnog pakta s Izetbegovi\u0107em. \u201eOkupljanje na poziv ef. Kavazovi\u0107a ima jednu va\u017enu dimenziju. Pojedini analiti\u010dari u tome vide po\u010detak novog, balansiranog odnosa IZ BiH prema svim bo\u0161nja\u010dkim i probosanskim strankama i politi\u010darima, gdje vi\u0161e ne bi smjelo biti ekskluzivne i nekriti\u010dke bliskosti Islamske zajednice sa SDA i njenim liderom\u201c, uzda se, eto, Avaz kako je reis, pozvav\u0161i \u010delnike bo\u0161nja\u010dkih partija plus tzv. multietni\u010dki SDP, kanio poru\u010diti: Sve vas volim \u2013 podjednako!<\/p>\n\n\n\n<p><strong>Lo\u0161a iskustva s \u201emirovnim misijama\u201c<\/strong><\/p>\n\n\n\n<p>Vidjet \u0107emo kako \u0107e se ta pri\u010da dalje rasplitati, ali Kavazovi\u0107ava ustrajnost glede mirenja je vrijedna po\u0161tovanja. Poglavito jer su raniji poku\u0161aji davali samo trenuta\u010dni rezultat. Jo\u0161 tamo u jesen 2015., reis je mirio Izetbegovi\u0107a II. i Radon\u010di\u0107a na, sad ve\u0107, famoznom bajramskom ru\u010dku Kod Kibeta. Pomirenje je zasla\u0111eno i bajramskom baklavom. A ex-reis Mustafa ef. Ceri\u0107 ispalio je kako je to najva\u017eniji doga\u0111aj u posljednjih 50 godina. Samo u Bo\u0161njaka, dodu\u0161e! No ni tri mjeseca kasnije, neimar se Fahro uvjerio kako ne treba Bakiru vjerovati ni kad baklave nosi. Uhitilo ga je potkraj sije\u010dnja na Ilid\u017ei dok se vra\u0107ao sa zaslu\u017eenog ladanja u jednoj od svojih, s mukom i u te\u0161kim uvjetima ste\u010denih, vila. Proveo je malo u (pravom) zatvoru malo u ku\u0107nom pritvoru\u2026 I nije pro\u0161lo dugo, pred Bo\u017ei\u0107 2019. postao je \u2013 zahvaljuju\u0107i koaliciji s SDA-om \u2013 ministar sigurnosti. Baklave se tim povodom (vi\u0161e) nisu jele.<\/p>\n\n\n\n<p>Pro\u0161le se godine, me\u0111utim, posva\u0111ao sa \u0160efikom D\u017eaferovi\u0107em glede migranata iz Pakistana, pa je demonstrativno i teatralno odstupio iz te vru\u0107e fotelje. \u0160to, jasno, nije naro\u010dito dirnulo njegova jarana s bajramskog objeda te je \u017eurno instalirao vi\u0161estruko spornoga Selmu Cikoti\u0107a.<\/p>\n\n\n\n<p><strong>Ne pla\u0161e se Dodika!<\/strong><\/p>\n\n\n\n<p>No vratimo se Muslimovi\u0107u, koji je, \u010dini se ohrabren efendijinom mirovnom misijom, malo prepravio bo\u0161nja\u010dki horoskop za 2021. \u017durno je reagirao je na srpski horoskop u kojemu Milorad Dodik, takore\u0107i baba Vanga iz Lakta\u0161a, po tko zna koji put, navje\u0161\u0107uje kako \u0107e \u2013 ve\u0107 prvo prigodom \u2013 do\u0107i do prekr\u0161tavanja Republike Srpske. Za tim imenom, zapravo, ne\u0107e biti potrebe. Sve od Lakta\u0161a pa do Po\u017earevca \u2013 bit \u0107e (maj\u010dica) Srbija. \u0160to je, ipak, (malo) reducirano u odnosu na onu parolu iz ranih devedesetih: Srbi(ja) do Tokija!<\/p>\n\n\n\n<p>Na \u0161to Muslimovi\u0107 ovih dana uzvra\u0107a: \u201eAko su stratezi specijalnog rata protiv BiH u patriotske sredine ubacili stav da odbacuju me\u0111usobnu suradnju, politi\u010dka praksa potvr\u0111uje da su takva njihova o\u010dekivanja uzaludna, kako po osnovu slabljenja politi\u010dkih subjekata koji odbacuju suradnju, tako i po osnovu pozitivne diferencijacije u kojoj ja\u010daju snage koje se zala\u017eu za suradnju, razvojno sigurnosno i obrambeno jedinstvo. Prema tome, uzaludna su Dodikova o\u010dekivanja da se snage identificirane s vrijednostima svoje domovine ne bi uspje\u0161no organizirale za obranu dr\u017eave Bosne i Hercegovine\u201c, siguran je (ina\u010de i) general Muslimovi\u0107.<\/p>\n\n\n\n<p>Na \u0161to se logi\u010dno, jer je taj bh. James Bond \u010dlan Savjeta Temeljne u Bo\u0161njaka te biv\u0161i (?) savjetnik Izetbegovi\u0107a mla\u0111eg, nadovezala i SDA. \u201e\u2026 Svima mora biti jasno da se bh. patriote ne pla\u0161e Dodika i da su spremne u svakom trenutku, svim sredstvima i po svaku cijenu, obraniti Bosnu i Hercegovinu i njezine vrijednosti\u201c, uzvratili su Lakta\u0161ima iz sarajevske Ulice Mehmeda Spahe, mo\u017eda i posljednjeg, ali svakako jednog od rijetkih suvislih bo\u0161nja\u010dkih politi\u010dara u XX., a, evo, i XXI. stolje\u0107u.<\/p>\n\n\n\n<p><strong>Hajde, Mile, raspi\u0161i ga!<\/strong><\/p>\n\n\n\n<p>A kud svi Bo\u0161njaci tud i stranka Ljiljana Zlatnog. Naime, zamjenik predsjedavaju\u0107eg Kluba zastupnika Kom\u0161i\u0107eva DF-a, Zlatan Begi\u0107, koji se, shvativ\u0161i kako je lakta\u0161ka lola, ipak, homogenizirao Bo\u0161njake, o\u010ditovao i glede budu\u0107e gotovo pa neupitne mobilizacije. \u201eHajde, Mile, raspi\u0161i ga, da odigramo drugo poluvrijeme!\u201c, poru\u010dio je Kom\u0161i\u0107ev doglavnik.<\/p>\n\n\n\n<p>I kad smo ve\u0107 kod \u201edrugog poluvremena\u201c, dojam je kako reis Kavazovi\u0107 dr\u017ei da je, u biti, u tijeku suda\u010dka nadoknada nakon koje slijedi neumitni kraj. Makar kada je rije\u010d o Bo\u0161njacima u tzv. manjem entitetu.<\/p>\n\n\n\n<p>\u201eNa\u0161a istra\u017eivanja unutar Islamske zajednice govore da je oko 80% na\u0161e populacije, d\u017eematlija u tim podru\u010djima, starije od 65 godina, \u0161to bi zna\u010dilo da \u0107emo za 10 do 15 godina tamo biti svedeni na statisti\u010dku gre\u0161ku. Odavde, s Drine, gdje se i vodi najve\u0107a borba za odr\u017eiv opstanak na\u0161eg naroda, \u017eelimo poru\u010diti na\u0161em narodu u domovini i dijaspori da predstoji vrlo te\u0161ka borba da se to ne dogodi, da nas se ne eliminira s ovih podru\u010dja\u201c, zavapio je pro\u0161loga tjedna u Gora\u017edu.<\/p>\n\n\n\n<p>Dakle, pogled na semafor reisovim o\u010dima otkriva da se referendumliji iz \u201eboljeg dijela BiH\u201c uop\u0107e ne \u017euri. Vrijeme, vidjeli smo, radi za Srbe. A ove tzv. probosanske snage \u201e\u010diste pu\u0161ke\u201c iz ve\u0107 znanih \u2013 populisti\u010dkih \u2013 pobuda. Treba (jo\u0161) samo vidjeti je li Alija bio u pravu kada je govorio: Narod nije ble\u0107ak!<\/p>\n\n\n\n<p>Narod, naime, do sada nije opravdao povjerenje Izetbegovi\u0107a<\/p>\n\n\n\n<p>.\/HMS\/<\/p>\n","protected":false},"excerpt":{"rendered":"<p>Pogled na semafor reisovim o\u010dima otkriva da se referendumliji iz \u201eboljeg dijela BiH\u201c uop\u0107e ne \u017euri. Vrijeme radi za Srbe. A ove tzv. probosanske snage \u201e\u010diste pu\u0161ke\u201c iz ve\u0107 znanih \u2013 populisti\u010dkih \u2013 pobuda. Treba (jo\u0161) samo vidjeti je li Alija bio u pravu kada je govorio: Narod nije ble\u0107ak! Pi\u0161e:&nbsp;Josip Vri\u010dko,&nbsp;Katoli\u010dki tjednik U malom [&hellip;]<\/p>\n","protected":false},"author":2,"featured_media":5711,"comment_status":"closed","ping_status":"closed","sticky":false,"template":"","format":"standard","meta":{"h5ap_radio_sources":[],"footnotes":""},"categories":[1],"tags":[],"class_list":["post-5710","post","type-post","status-publish","format-standard","has-post-thumbnail","hentry","category-bihiregija"],"yoast_head":"<!-- This site is optimized with the Yoast SEO plugin v27.4 - https:\/\/yoast.com\/product\/yoast-seo-wordpress\/ -->\n<title>Za\u0161to Bo\u0161njaci \u201c\u010diste pu\u0161ke\u201d?! - RADIO LJUBU\u0160KI<\/title>\n<meta name=\"robots\" content=\"index, follow, max-snippet:-1, max-image-preview:large, max-video-preview:-1\" \/>\n<link rel=\"canonical\" href=\"https:\/\/radioljubuski.ba\/index.php\/2021\/03\/22\/zasto-bosnjaci-ciste-puske\/\" \/>\n<meta property=\"og:locale\" content=\"hr_HR\" \/>\n<meta property=\"og:type\" content=\"article\" \/>\n<meta property=\"og:title\" content=\"Za\u0161to Bo\u0161njaci \u201c\u010diste pu\u0161ke\u201d?! - RADIO LJUBU\u0160KI\" \/>\n<meta property=\"og:description\" content=\"Pogled na semafor reisovim o\u010dima otkriva da se referendumliji iz \u201eboljeg dijela BiH\u201c uop\u0107e ne \u017euri. Vrijeme radi za Srbe. A ove tzv. probosanske snage \u201e\u010diste pu\u0161ke\u201c iz ve\u0107 znanih \u2013 populisti\u010dkih \u2013 pobuda. Treba (jo\u0161) samo vidjeti je li Alija bio u pravu kada je govorio: Narod nije ble\u0107ak! Pi\u0161e:&nbsp;Josip Vri\u010dko,&nbsp;Katoli\u010dki tjednik U malom [&hellip;]\" \/>\n<meta property=\"og:url\" content=\"https:\/\/radioljubuski.ba\/index.php\/2021\/03\/22\/zasto-bosnjaci-ciste-puske\/\" \/>\n<meta property=\"og:site_name\" content=\"RADIO LJUBU\u0160KI\" \/>\n<meta property=\"article:publisher\" content=\"https:\/\/www.facebook.com\/Radiio-Ljubuski-1490835324566332\" \/>\n<meta property=\"article:published_time\" content=\"2021-03-22T00:01:01+00:00\" \/>\n<meta property=\"article:modified_time\" content=\"2021-03-22T00:01:02+00:00\" \/>\n<meta property=\"og:image\" content=\"https:\/\/radioljubuski.ba\/wp-content\/uploads\/2021\/03\/komentar-granate.jpg\" \/>\n\t<meta property=\"og:image:width\" content=\"1024\" \/>\n\t<meta property=\"og:image:height\" content=\"719\" \/>\n\t<meta property=\"og:image:type\" content=\"image\/jpeg\" \/>\n<meta name=\"author\" content=\"Radio Ljubu\u0161ki\" \/>\n<meta name=\"twitter:card\" content=\"summary_large_image\" \/>\n<meta name=\"twitter:creator\" content=\"@radioljubuski\" \/>\n<meta name=\"twitter:site\" content=\"@radioljubuski\" \/>\n<meta name=\"twitter:label1\" content=\"Napisao\/la\" \/>\n\t<meta name=\"twitter:data1\" content=\"Radio Ljubu\u0161ki\" \/>\n\t<meta name=\"twitter:label2\" content=\"Procijenjeno vrijeme \u010ditanja\" \/>\n\t<meta name=\"twitter:data2\" content=\"6 minuta\" \/>\n<script type=\"application\/ld+json\" class=\"yoast-schema-graph\">{\"@context\":\"https:\\\/\\\/schema.org\",\"@graph\":[{\"@type\":\"Article\",\"@id\":\"https:\\\/\\\/radioljubuski.ba\\\/index.php\\\/2021\\\/03\\\/22\\\/zasto-bosnjaci-ciste-puske\\\/#article\",\"isPartOf\":{\"@id\":\"https:\\\/\\\/radioljubuski.ba\\\/index.php\\\/2021\\\/03\\\/22\\\/zasto-bosnjaci-ciste-puske\\\/\"},\"author\":{\"name\":\"Radio Ljubu\u0161ki\",\"@id\":\"https:\\\/\\\/radioljubuski.ba\\\/#\\\/schema\\\/person\\\/19fc700381a780f69665d7956c469e3b\"},\"headline\":\"Za\u0161to Bo\u0161njaci \u201c\u010diste pu\u0161ke\u201d?!\",\"datePublished\":\"2021-03-22T00:01:01+00:00\",\"dateModified\":\"2021-03-22T00:01:02+00:00\",\"mainEntityOfPage\":{\"@id\":\"https:\\\/\\\/radioljubuski.ba\\\/index.php\\\/2021\\\/03\\\/22\\\/zasto-bosnjaci-ciste-puske\\\/\"},\"wordCount\":1379,\"publisher\":{\"@id\":\"https:\\\/\\\/radioljubuski.ba\\\/#organization\"},\"image\":{\"@id\":\"https:\\\/\\\/radioljubuski.ba\\\/index.php\\\/2021\\\/03\\\/22\\\/zasto-bosnjaci-ciste-puske\\\/#primaryimage\"},\"thumbnailUrl\":\"https:\\\/\\\/radioljubuski.ba\\\/wp-content\\\/uploads\\\/2021\\\/03\\\/komentar-granate.jpg\",\"articleSection\":[\"BIH i regija\"],\"inLanguage\":\"hr\"},{\"@type\":\"WebPage\",\"@id\":\"https:\\\/\\\/radioljubuski.ba\\\/index.php\\\/2021\\\/03\\\/22\\\/zasto-bosnjaci-ciste-puske\\\/\",\"url\":\"https:\\\/\\\/radioljubuski.ba\\\/index.php\\\/2021\\\/03\\\/22\\\/zasto-bosnjaci-ciste-puske\\\/\",\"name\":\"Za\u0161to Bo\u0161njaci \u201c\u010diste pu\u0161ke\u201d?! - RADIO LJUBU\u0160KI\",\"isPartOf\":{\"@id\":\"https:\\\/\\\/radioljubuski.ba\\\/#website\"},\"primaryImageOfPage\":{\"@id\":\"https:\\\/\\\/radioljubuski.ba\\\/index.php\\\/2021\\\/03\\\/22\\\/zasto-bosnjaci-ciste-puske\\\/#primaryimage\"},\"image\":{\"@id\":\"https:\\\/\\\/radioljubuski.ba\\\/index.php\\\/2021\\\/03\\\/22\\\/zasto-bosnjaci-ciste-puske\\\/#primaryimage\"},\"thumbnailUrl\":\"https:\\\/\\\/radioljubuski.ba\\\/wp-content\\\/uploads\\\/2021\\\/03\\\/komentar-granate.jpg\",\"datePublished\":\"2021-03-22T00:01:01+00:00\",\"dateModified\":\"2021-03-22T00:01:02+00:00\",\"breadcrumb\":{\"@id\":\"https:\\\/\\\/radioljubuski.ba\\\/index.php\\\/2021\\\/03\\\/22\\\/zasto-bosnjaci-ciste-puske\\\/#breadcrumb\"},\"inLanguage\":\"hr\",\"potentialAction\":[{\"@type\":\"ReadAction\",\"target\":[\"https:\\\/\\\/radioljubuski.ba\\\/index.php\\\/2021\\\/03\\\/22\\\/zasto-bosnjaci-ciste-puske\\\/\"]}]},{\"@type\":\"ImageObject\",\"inLanguage\":\"hr\",\"@id\":\"https:\\\/\\\/radioljubuski.ba\\\/index.php\\\/2021\\\/03\\\/22\\\/zasto-bosnjaci-ciste-puske\\\/#primaryimage\",\"url\":\"https:\\\/\\\/radioljubuski.ba\\\/wp-content\\\/uploads\\\/2021\\\/03\\\/komentar-granate.jpg\",\"contentUrl\":\"https:\\\/\\\/radioljubuski.ba\\\/wp-content\\\/uploads\\\/2021\\\/03\\\/komentar-granate.jpg\",\"width\":1024,\"height\":719},{\"@type\":\"BreadcrumbList\",\"@id\":\"https:\\\/\\\/radioljubuski.ba\\\/index.php\\\/2021\\\/03\\\/22\\\/zasto-bosnjaci-ciste-puske\\\/#breadcrumb\",\"itemListElement\":[{\"@type\":\"ListItem\",\"position\":1,\"name\":\"Po\u010detna stranica\",\"item\":\"https:\\\/\\\/radioljubuski.ba\\\/\"},{\"@type\":\"ListItem\",\"position\":2,\"name\":\"Za\u0161to Bo\u0161njaci \u201c\u010diste pu\u0161ke\u201d?!\"}]},{\"@type\":\"WebSite\",\"@id\":\"https:\\\/\\\/radioljubuski.ba\\\/#website\",\"url\":\"https:\\\/\\\/radioljubuski.ba\\\/\",\"name\":\"Radio Ljubu\u0161ki\",\"description\":\"Sun\u010dana frekvencija Hercegovine\",\"publisher\":{\"@id\":\"https:\\\/\\\/radioljubuski.ba\\\/#organization\"},\"potentialAction\":[{\"@type\":\"SearchAction\",\"target\":{\"@type\":\"EntryPoint\",\"urlTemplate\":\"https:\\\/\\\/radioljubuski.ba\\\/?s={search_term_string}\"},\"query-input\":{\"@type\":\"PropertyValueSpecification\",\"valueRequired\":true,\"valueName\":\"search_term_string\"}}],\"inLanguage\":\"hr\"},{\"@type\":\"Organization\",\"@id\":\"https:\\\/\\\/radioljubuski.ba\\\/#organization\",\"name\":\"Radio Ljubu\u0161ki\",\"url\":\"https:\\\/\\\/radioljubuski.ba\\\/\",\"logo\":{\"@type\":\"ImageObject\",\"inLanguage\":\"hr\",\"@id\":\"https:\\\/\\\/radioljubuski.ba\\\/#\\\/schema\\\/logo\\\/image\\\/\",\"url\":\"https:\\\/\\\/radioljubuski.ba\\\/wp-content\\\/uploads\\\/2021\\\/02\\\/cropped-Radio_Ljubuski_logo1.jpg\",\"contentUrl\":\"https:\\\/\\\/radioljubuski.ba\\\/wp-content\\\/uploads\\\/2021\\\/02\\\/cropped-Radio_Ljubuski_logo1.jpg\",\"width\":512,\"height\":512,\"caption\":\"Radio Ljubu\u0161ki\"},\"image\":{\"@id\":\"https:\\\/\\\/radioljubuski.ba\\\/#\\\/schema\\\/logo\\\/image\\\/\"},\"sameAs\":[\"https:\\\/\\\/www.facebook.com\\\/Radiio-Ljubuski-1490835324566332\",\"https:\\\/\\\/x.com\\\/radioljubuski\",\"https:\\\/\\\/hr.linkedin.com\\\/company\\\/radio-ljubuski\",\"https:\\\/\\\/www.youtube.com\\\/channel\\\/UCHYaeO_n0Db3tjNGudGpXyw\"]},{\"@type\":\"Person\",\"@id\":\"https:\\\/\\\/radioljubuski.ba\\\/#\\\/schema\\\/person\\\/19fc700381a780f69665d7956c469e3b\",\"name\":\"Radio Ljubu\u0161ki\"}]}<\/script>\n<!-- \/ Yoast SEO plugin. -->","yoast_head_json":{"title":"Za\u0161to Bo\u0161njaci \u201c\u010diste pu\u0161ke\u201d?! - RADIO LJUBU\u0160KI","robots":{"index":"index","follow":"follow","max-snippet":"max-snippet:-1","max-image-preview":"max-image-preview:large","max-video-preview":"max-video-preview:-1"},"canonical":"https:\/\/radioljubuski.ba\/index.php\/2021\/03\/22\/zasto-bosnjaci-ciste-puske\/","og_locale":"hr_HR","og_type":"article","og_title":"Za\u0161to Bo\u0161njaci \u201c\u010diste pu\u0161ke\u201d?! - RADIO LJUBU\u0160KI","og_description":"Pogled na semafor reisovim o\u010dima otkriva da se referendumliji iz \u201eboljeg dijela BiH\u201c uop\u0107e ne \u017euri. Vrijeme radi za Srbe. A ove tzv. probosanske snage \u201e\u010diste pu\u0161ke\u201c iz ve\u0107 znanih \u2013 populisti\u010dkih \u2013 pobuda. Treba (jo\u0161) samo vidjeti je li Alija bio u pravu kada je govorio: Narod nije ble\u0107ak! Pi\u0161e:&nbsp;Josip Vri\u010dko,&nbsp;Katoli\u010dki tjednik U malom [&hellip;]","og_url":"https:\/\/radioljubuski.ba\/index.php\/2021\/03\/22\/zasto-bosnjaci-ciste-puske\/","og_site_name":"RADIO LJUBU\u0160KI","article_publisher":"https:\/\/www.facebook.com\/Radiio-Ljubuski-1490835324566332","article_published_time":"2021-03-22T00:01:01+00:00","article_modified_time":"2021-03-22T00:01:02+00:00","og_image":[{"width":1024,"height":719,"url":"https:\/\/radioljubuski.ba\/wp-content\/uploads\/2021\/03\/komentar-granate.jpg","type":"image\/jpeg"}],"author":"Radio Ljubu\u0161ki","twitter_card":"summary_large_image","twitter_creator":"@radioljubuski","twitter_site":"@radioljubuski","twitter_misc":{"Napisao\/la":"Radio Ljubu\u0161ki","Procijenjeno vrijeme \u010ditanja":"6 minuta"},"schema":{"@context":"https:\/\/schema.org","@graph":[{"@type":"Article","@id":"https:\/\/radioljubuski.ba\/index.php\/2021\/03\/22\/zasto-bosnjaci-ciste-puske\/#article","isPartOf":{"@id":"https:\/\/radioljubuski.ba\/index.php\/2021\/03\/22\/zasto-bosnjaci-ciste-puske\/"},"author":{"name":"Radio Ljubu\u0161ki","@id":"https:\/\/radioljubuski.ba\/#\/schema\/person\/19fc700381a780f69665d7956c469e3b"},"headline":"Za\u0161to Bo\u0161njaci \u201c\u010diste pu\u0161ke\u201d?!","datePublished":"2021-03-22T00:01:01+00:00","dateModified":"2021-03-22T00:01:02+00:00","mainEntityOfPage":{"@id":"https:\/\/radioljubuski.ba\/index.php\/2021\/03\/22\/zasto-bosnjaci-ciste-puske\/"},"wordCount":1379,"publisher":{"@id":"https:\/\/radioljubuski.ba\/#organization"},"image":{"@id":"https:\/\/radioljubuski.ba\/index.php\/2021\/03\/22\/zasto-bosnjaci-ciste-puske\/#primaryimage"},"thumbnailUrl":"https:\/\/radioljubuski.ba\/wp-content\/uploads\/2021\/03\/komentar-granate.jpg","articleSection":["BIH i regija"],"inLanguage":"hr"},{"@type":"WebPage","@id":"https:\/\/radioljubuski.ba\/index.php\/2021\/03\/22\/zasto-bosnjaci-ciste-puske\/","url":"https:\/\/radioljubuski.ba\/index.php\/2021\/03\/22\/zasto-bosnjaci-ciste-puske\/","name":"Za\u0161to Bo\u0161njaci \u201c\u010diste pu\u0161ke\u201d?! - RADIO LJUBU\u0160KI","isPartOf":{"@id":"https:\/\/radioljubuski.ba\/#website"},"primaryImageOfPage":{"@id":"https:\/\/radioljubuski.ba\/index.php\/2021\/03\/22\/zasto-bosnjaci-ciste-puske\/#primaryimage"},"image":{"@id":"https:\/\/radioljubuski.ba\/index.php\/2021\/03\/22\/zasto-bosnjaci-ciste-puske\/#primaryimage"},"thumbnailUrl":"https:\/\/radioljubuski.ba\/wp-content\/uploads\/2021\/03\/komentar-granate.jpg","datePublished":"2021-03-22T00:01:01+00:00","dateModified":"2021-03-22T00:01:02+00:00","breadcrumb":{"@id":"https:\/\/radioljubuski.ba\/index.php\/2021\/03\/22\/zasto-bosnjaci-ciste-puske\/#breadcrumb"},"inLanguage":"hr","potentialAction":[{"@type":"ReadAction","target":["https:\/\/radioljubuski.ba\/index.php\/2021\/03\/22\/zasto-bosnjaci-ciste-puske\/"]}]},{"@type":"ImageObject","inLanguage":"hr","@id":"https:\/\/radioljubuski.ba\/index.php\/2021\/03\/22\/zasto-bosnjaci-ciste-puske\/#primaryimage","url":"https:\/\/radioljubuski.ba\/wp-content\/uploads\/2021\/03\/komentar-granate.jpg","contentUrl":"https:\/\/radioljubuski.ba\/wp-content\/uploads\/2021\/03\/komentar-granate.jpg","width":1024,"height":719},{"@type":"BreadcrumbList","@id":"https:\/\/radioljubuski.ba\/index.php\/2021\/03\/22\/zasto-bosnjaci-ciste-puske\/#breadcrumb","itemListElement":[{"@type":"ListItem","position":1,"name":"Po\u010detna stranica","item":"https:\/\/radioljubuski.ba\/"},{"@type":"ListItem","position":2,"name":"Za\u0161to Bo\u0161njaci \u201c\u010diste pu\u0161ke\u201d?!"}]},{"@type":"WebSite","@id":"https:\/\/radioljubuski.ba\/#website","url":"https:\/\/radioljubuski.ba\/","name":"Radio Ljubu\u0161ki","description":"Sun\u010dana frekvencija Hercegovine","publisher":{"@id":"https:\/\/radioljubuski.ba\/#organization"},"potentialAction":[{"@type":"SearchAction","target":{"@type":"EntryPoint","urlTemplate":"https:\/\/radioljubuski.ba\/?s={search_term_string}"},"query-input":{"@type":"PropertyValueSpecification","valueRequired":true,"valueName":"search_term_string"}}],"inLanguage":"hr"},{"@type":"Organization","@id":"https:\/\/radioljubuski.ba\/#organization","name":"Radio Ljubu\u0161ki","url":"https:\/\/radioljubuski.ba\/","logo":{"@type":"ImageObject","inLanguage":"hr","@id":"https:\/\/radioljubuski.ba\/#\/schema\/logo\/image\/","url":"https:\/\/radioljubuski.ba\/wp-content\/uploads\/2021\/02\/cropped-Radio_Ljubuski_logo1.jpg","contentUrl":"https:\/\/radioljubuski.ba\/wp-content\/uploads\/2021\/02\/cropped-Radio_Ljubuski_logo1.jpg","width":512,"height":512,"caption":"Radio Ljubu\u0161ki"},"image":{"@id":"https:\/\/radioljubuski.ba\/#\/schema\/logo\/image\/"},"sameAs":["https:\/\/www.facebook.com\/Radiio-Ljubuski-1490835324566332","https:\/\/x.com\/radioljubuski","https:\/\/hr.linkedin.com\/company\/radio-ljubuski","https:\/\/www.youtube.com\/channel\/UCHYaeO_n0Db3tjNGudGpXyw"]},{"@type":"Person","@id":"https:\/\/radioljubuski.ba\/#\/schema\/person\/19fc700381a780f69665d7956c469e3b","name":"Radio Ljubu\u0161ki"}]}},"_links":{"self":[{"href":"https:\/\/radioljubuski.ba\/index.php\/wp-json\/wp\/v2\/posts\/5710","targetHints":{"allow":["GET"]}}],"collection":[{"href":"https:\/\/radioljubuski.ba\/index.php\/wp-json\/wp\/v2\/posts"}],"about":[{"href":"https:\/\/radioljubuski.ba\/index.php\/wp-json\/wp\/v2\/types\/post"}],"author":[{"embeddable":true,"href":"https:\/\/radioljubuski.ba\/index.php\/wp-json\/wp\/v2\/users\/2"}],"replies":[{"embeddable":true,"href":"https:\/\/radioljubuski.ba\/index.php\/wp-json\/wp\/v2\/comments?post=5710"}],"version-history":[{"count":1,"href":"https:\/\/radioljubuski.ba\/index.php\/wp-json\/wp\/v2\/posts\/5710\/revisions"}],"predecessor-version":[{"id":5712,"href":"https:\/\/radioljubuski.ba\/index.php\/wp-json\/wp\/v2\/posts\/5710\/revisions\/5712"}],"wp:featuredmedia":[{"embeddable":true,"href":"https:\/\/radioljubuski.ba\/index.php\/wp-json\/wp\/v2\/media\/5711"}],"wp:attachment":[{"href":"https:\/\/radioljubuski.ba\/index.php\/wp-json\/wp\/v2\/media?parent=5710"}],"wp:term":[{"taxonomy":"category","embeddable":true,"href":"https:\/\/radioljubuski.ba\/index.php\/wp-json\/wp\/v2\/categories?post=5710"},{"taxonomy":"post_tag","embeddable":true,"href":"https:\/\/radioljubuski.ba\/index.php\/wp-json\/wp\/v2\/tags?post=5710"}],"curies":[{"name":"wp","href":"https:\/\/api.w.org\/{rel}","templated":true}]}}