{"id":578,"date":"2021-03-01T20:43:10","date_gmt":"2021-03-01T20:43:10","guid":{"rendered":"https:\/\/radioljubuski.ba\/?p=578"},"modified":"2021-03-01T20:43:11","modified_gmt":"2021-03-01T20:43:11","slug":"vlada-brckog-osudila-vandalsko-ponasanje-na-krscanskim-objektima","status":"publish","type":"post","link":"https:\/\/radioljubuski.ba\/index.php\/2021\/03\/01\/vlada-brckog-osudila-vandalsko-ponasanje-na-krscanskim-objektima\/","title":{"rendered":"Vlada Br\u010dkog osudila vandalsko pona\u0161anje na kr\u0161\u0107anskim objektima"},"content":{"rendered":"\n<p>Vlada Br\u010dko distrikta osudila je u ponedjeljak ponovne slu\u010dajeve vandalskog pona\u0161anja na objektima crkve&nbsp; Presvetog Srca Isusova u Br\u010dkom kao i na kapeli pravoslavnog groblja u Ulici J. Jovanovi\u0107a Zmaja.<br>&nbsp;<br>Policija Br\u010dko distrikta BiH je na jutro\u0161njem zasjedanju izvijestila Kolegij Vlade o zaprimljenoj prijavi da je u no\u0107i 26.\/27. velja\u010de 2021. godine od strane nepoznate osobe s kapele u pravoslavnom groblju u Ulici J. Jovanovi\u0107a Zmaja otu\u0111eno 5 bakrenih slivnika.<br>&nbsp;<br>Tako\u0111er, policija je zaprimila jo\u0161 jednu prijavu da je u no\u0107i 28. velja\u010de\/1. o\u017eujka 2021. godine nepoznata osoba poku\u0161ala otu\u0111iti oluke s katoli\u010dke crkve, pri \u010demu su isti polomljeni, navodi se u priop\u0107enju Vlade Br\u010dko distrikta.&nbsp;<br>&nbsp;<br>Nadalje se isti\u010de da kolegij Vlade iskazuje punu potporu Policiji i Tu\u017eiteljstvu Distrikta za \u017eurno rasvjetljavanje ponovnih slu\u010dajeva vandalskog pona\u0161anja te identificiranje po\u010dinitelja kao i njihovo procesuiranje.<br>&nbsp;<br>Predstavnici izvr\u0161ne vlasti Br\u010dko distrikta BiH tako\u0111er apeliraju na pobolj\u0161anje za\u0161tite vjerskih objekata i drugih objekata od zna\u010daja za crkve i vjerske zajednice.<\/p>\n\n\n\n<p>Izvor:pogled.ba<\/p>\n","protected":false},"excerpt":{"rendered":"<p>Vlada Br\u010dko distrikta osudila je u ponedjeljak ponovne slu\u010dajeve vandalskog pona\u0161anja na objektima crkve&nbsp; Presvetog Srca Isusova u Br\u010dkom kao i na kapeli pravoslavnog groblja u Ulici J. Jovanovi\u0107a Zmaja.&nbsp;Policija Br\u010dko distrikta BiH je na jutro\u0161njem zasjedanju izvijestila Kolegij Vlade o zaprimljenoj prijavi da je u no\u0107i 26.\/27. velja\u010de 2021. godine od strane nepoznate osobe [&hellip;]<\/p>\n","protected":false},"author":2,"featured_media":579,"comment_status":"closed","ping_status":"closed","sticky":false,"template":"","format":"standard","meta":{"h5ap_radio_sources":[],"footnotes":""},"categories":[1],"tags":[],"class_list":["post-578","post","type-post","status-publish","format-standard","has-post-thumbnail","hentry","category-bihiregija"],"yoast_head":"<!-- This site is optimized with the Yoast SEO plugin v27.4 - https:\/\/yoast.com\/product\/yoast-seo-wordpress\/ -->\n<title>Vlada Br\u010dkog osudila vandalsko pona\u0161anje na kr\u0161\u0107anskim objektima - RADIO LJUBU\u0160KI<\/title>\n<meta name=\"robots\" content=\"index, follow, max-snippet:-1, max-image-preview:large, max-video-preview:-1\" \/>\n<link rel=\"canonical\" href=\"https:\/\/radioljubuski.ba\/index.php\/2021\/03\/01\/vlada-brckog-osudila-vandalsko-ponasanje-na-krscanskim-objektima\/\" \/>\n<meta property=\"og:locale\" content=\"hr_HR\" \/>\n<meta property=\"og:type\" content=\"article\" \/>\n<meta property=\"og:title\" content=\"Vlada Br\u010dkog osudila vandalsko pona\u0161anje na kr\u0161\u0107anskim objektima - RADIO LJUBU\u0160KI\" \/>\n<meta property=\"og:description\" content=\"Vlada Br\u010dko distrikta osudila je u ponedjeljak ponovne slu\u010dajeve vandalskog pona\u0161anja na objektima crkve&nbsp; Presvetog Srca Isusova u Br\u010dkom kao i na kapeli pravoslavnog groblja u Ulici J. Jovanovi\u0107a Zmaja.&nbsp;Policija Br\u010dko distrikta BiH je na jutro\u0161njem zasjedanju izvijestila Kolegij Vlade o zaprimljenoj prijavi da je u no\u0107i 26.\/27. velja\u010de 2021. godine od strane nepoznate osobe [&hellip;]\" \/>\n<meta property=\"og:url\" content=\"https:\/\/radioljubuski.ba\/index.php\/2021\/03\/01\/vlada-brckog-osudila-vandalsko-ponasanje-na-krscanskim-objektima\/\" \/>\n<meta property=\"og:site_name\" content=\"RADIO LJUBU\u0160KI\" \/>\n<meta property=\"article:publisher\" content=\"https:\/\/www.facebook.com\/Radiio-Ljubuski-1490835324566332\" \/>\n<meta property=\"article:published_time\" content=\"2021-03-01T20:43:10+00:00\" \/>\n<meta property=\"article:modified_time\" content=\"2021-03-01T20:43:11+00:00\" \/>\n<meta property=\"og:image\" content=\"https:\/\/radioljubuski.ba\/wp-content\/uploads\/2021\/03\/Bxbinha5_preuzmi_35_475_316_85_s_c1.jpg\" \/>\n\t<meta property=\"og:image:width\" content=\"475\" \/>\n\t<meta property=\"og:image:height\" content=\"316\" \/>\n\t<meta property=\"og:image:type\" content=\"image\/jpeg\" \/>\n<meta name=\"author\" content=\"Radio Ljubu\u0161ki\" \/>\n<meta name=\"twitter:card\" content=\"summary_large_image\" \/>\n<meta name=\"twitter:creator\" content=\"@radioljubuski\" \/>\n<meta name=\"twitter:site\" content=\"@radioljubuski\" \/>\n<meta name=\"twitter:label1\" content=\"Napisao\/la\" \/>\n\t<meta name=\"twitter:data1\" content=\"Radio Ljubu\u0161ki\" \/>\n\t<meta name=\"twitter:label2\" content=\"Procijenjeno vrijeme \u010ditanja\" \/>\n\t<meta name=\"twitter:data2\" content=\"1 minuta\" \/>\n<script type=\"application\/ld+json\" class=\"yoast-schema-graph\">{\"@context\":\"https:\\\/\\\/schema.org\",\"@graph\":[{\"@type\":\"Article\",\"@id\":\"https:\\\/\\\/radioljubuski.ba\\\/index.php\\\/2021\\\/03\\\/01\\\/vlada-brckog-osudila-vandalsko-ponasanje-na-krscanskim-objektima\\\/#article\",\"isPartOf\":{\"@id\":\"https:\\\/\\\/radioljubuski.ba\\\/index.php\\\/2021\\\/03\\\/01\\\/vlada-brckog-osudila-vandalsko-ponasanje-na-krscanskim-objektima\\\/\"},\"author\":{\"name\":\"Radio Ljubu\u0161ki\",\"@id\":\"https:\\\/\\\/radioljubuski.ba\\\/#\\\/schema\\\/person\\\/19fc700381a780f69665d7956c469e3b\"},\"headline\":\"Vlada Br\u010dkog osudila vandalsko pona\u0161anje na kr\u0161\u0107anskim objektima\",\"datePublished\":\"2021-03-01T20:43:10+00:00\",\"dateModified\":\"2021-03-01T20:43:11+00:00\",\"mainEntityOfPage\":{\"@id\":\"https:\\\/\\\/radioljubuski.ba\\\/index.php\\\/2021\\\/03\\\/01\\\/vlada-brckog-osudila-vandalsko-ponasanje-na-krscanskim-objektima\\\/\"},\"wordCount\":202,\"publisher\":{\"@id\":\"https:\\\/\\\/radioljubuski.ba\\\/#organization\"},\"image\":{\"@id\":\"https:\\\/\\\/radioljubuski.ba\\\/index.php\\\/2021\\\/03\\\/01\\\/vlada-brckog-osudila-vandalsko-ponasanje-na-krscanskim-objektima\\\/#primaryimage\"},\"thumbnailUrl\":\"https:\\\/\\\/radioljubuski.ba\\\/wp-content\\\/uploads\\\/2021\\\/03\\\/Bxbinha5_preuzmi_35_475_316_85_s_c1.jpg\",\"articleSection\":[\"BIH i regija\"],\"inLanguage\":\"hr\"},{\"@type\":\"WebPage\",\"@id\":\"https:\\\/\\\/radioljubuski.ba\\\/index.php\\\/2021\\\/03\\\/01\\\/vlada-brckog-osudila-vandalsko-ponasanje-na-krscanskim-objektima\\\/\",\"url\":\"https:\\\/\\\/radioljubuski.ba\\\/index.php\\\/2021\\\/03\\\/01\\\/vlada-brckog-osudila-vandalsko-ponasanje-na-krscanskim-objektima\\\/\",\"name\":\"Vlada Br\u010dkog osudila vandalsko pona\u0161anje na kr\u0161\u0107anskim objektima - RADIO LJUBU\u0160KI\",\"isPartOf\":{\"@id\":\"https:\\\/\\\/radioljubuski.ba\\\/#website\"},\"primaryImageOfPage\":{\"@id\":\"https:\\\/\\\/radioljubuski.ba\\\/index.php\\\/2021\\\/03\\\/01\\\/vlada-brckog-osudila-vandalsko-ponasanje-na-krscanskim-objektima\\\/#primaryimage\"},\"image\":{\"@id\":\"https:\\\/\\\/radioljubuski.ba\\\/index.php\\\/2021\\\/03\\\/01\\\/vlada-brckog-osudila-vandalsko-ponasanje-na-krscanskim-objektima\\\/#primaryimage\"},\"thumbnailUrl\":\"https:\\\/\\\/radioljubuski.ba\\\/wp-content\\\/uploads\\\/2021\\\/03\\\/Bxbinha5_preuzmi_35_475_316_85_s_c1.jpg\",\"datePublished\":\"2021-03-01T20:43:10+00:00\",\"dateModified\":\"2021-03-01T20:43:11+00:00\",\"breadcrumb\":{\"@id\":\"https:\\\/\\\/radioljubuski.ba\\\/index.php\\\/2021\\\/03\\\/01\\\/vlada-brckog-osudila-vandalsko-ponasanje-na-krscanskim-objektima\\\/#breadcrumb\"},\"inLanguage\":\"hr\",\"potentialAction\":[{\"@type\":\"ReadAction\",\"target\":[\"https:\\\/\\\/radioljubuski.ba\\\/index.php\\\/2021\\\/03\\\/01\\\/vlada-brckog-osudila-vandalsko-ponasanje-na-krscanskim-objektima\\\/\"]}]},{\"@type\":\"ImageObject\",\"inLanguage\":\"hr\",\"@id\":\"https:\\\/\\\/radioljubuski.ba\\\/index.php\\\/2021\\\/03\\\/01\\\/vlada-brckog-osudila-vandalsko-ponasanje-na-krscanskim-objektima\\\/#primaryimage\",\"url\":\"https:\\\/\\\/radioljubuski.ba\\\/wp-content\\\/uploads\\\/2021\\\/03\\\/Bxbinha5_preuzmi_35_475_316_85_s_c1.jpg\",\"contentUrl\":\"https:\\\/\\\/radioljubuski.ba\\\/wp-content\\\/uploads\\\/2021\\\/03\\\/Bxbinha5_preuzmi_35_475_316_85_s_c1.jpg\",\"width\":475,\"height\":316},{\"@type\":\"BreadcrumbList\",\"@id\":\"https:\\\/\\\/radioljubuski.ba\\\/index.php\\\/2021\\\/03\\\/01\\\/vlada-brckog-osudila-vandalsko-ponasanje-na-krscanskim-objektima\\\/#breadcrumb\",\"itemListElement\":[{\"@type\":\"ListItem\",\"position\":1,\"name\":\"Po\u010detna stranica\",\"item\":\"https:\\\/\\\/radioljubuski.ba\\\/\"},{\"@type\":\"ListItem\",\"position\":2,\"name\":\"Vlada Br\u010dkog osudila vandalsko pona\u0161anje na kr\u0161\u0107anskim objektima\"}]},{\"@type\":\"WebSite\",\"@id\":\"https:\\\/\\\/radioljubuski.ba\\\/#website\",\"url\":\"https:\\\/\\\/radioljubuski.ba\\\/\",\"name\":\"Radio Ljubu\u0161ki\",\"description\":\"Sun\u010dana frekvencija Hercegovine\",\"publisher\":{\"@id\":\"https:\\\/\\\/radioljubuski.ba\\\/#organization\"},\"potentialAction\":[{\"@type\":\"SearchAction\",\"target\":{\"@type\":\"EntryPoint\",\"urlTemplate\":\"https:\\\/\\\/radioljubuski.ba\\\/?s={search_term_string}\"},\"query-input\":{\"@type\":\"PropertyValueSpecification\",\"valueRequired\":true,\"valueName\":\"search_term_string\"}}],\"inLanguage\":\"hr\"},{\"@type\":\"Organization\",\"@id\":\"https:\\\/\\\/radioljubuski.ba\\\/#organization\",\"name\":\"Radio Ljubu\u0161ki\",\"url\":\"https:\\\/\\\/radioljubuski.ba\\\/\",\"logo\":{\"@type\":\"ImageObject\",\"inLanguage\":\"hr\",\"@id\":\"https:\\\/\\\/radioljubuski.ba\\\/#\\\/schema\\\/logo\\\/image\\\/\",\"url\":\"https:\\\/\\\/radioljubuski.ba\\\/wp-content\\\/uploads\\\/2021\\\/02\\\/cropped-Radio_Ljubuski_logo1.jpg\",\"contentUrl\":\"https:\\\/\\\/radioljubuski.ba\\\/wp-content\\\/uploads\\\/2021\\\/02\\\/cropped-Radio_Ljubuski_logo1.jpg\",\"width\":512,\"height\":512,\"caption\":\"Radio Ljubu\u0161ki\"},\"image\":{\"@id\":\"https:\\\/\\\/radioljubuski.ba\\\/#\\\/schema\\\/logo\\\/image\\\/\"},\"sameAs\":[\"https:\\\/\\\/www.facebook.com\\\/Radiio-Ljubuski-1490835324566332\",\"https:\\\/\\\/x.com\\\/radioljubuski\",\"https:\\\/\\\/hr.linkedin.com\\\/company\\\/radio-ljubuski\",\"https:\\\/\\\/www.youtube.com\\\/channel\\\/UCHYaeO_n0Db3tjNGudGpXyw\"]},{\"@type\":\"Person\",\"@id\":\"https:\\\/\\\/radioljubuski.ba\\\/#\\\/schema\\\/person\\\/19fc700381a780f69665d7956c469e3b\",\"name\":\"Radio Ljubu\u0161ki\"}]}<\/script>\n<!-- \/ Yoast SEO plugin. -->","yoast_head_json":{"title":"Vlada Br\u010dkog osudila vandalsko pona\u0161anje na kr\u0161\u0107anskim objektima - RADIO LJUBU\u0160KI","robots":{"index":"index","follow":"follow","max-snippet":"max-snippet:-1","max-image-preview":"max-image-preview:large","max-video-preview":"max-video-preview:-1"},"canonical":"https:\/\/radioljubuski.ba\/index.php\/2021\/03\/01\/vlada-brckog-osudila-vandalsko-ponasanje-na-krscanskim-objektima\/","og_locale":"hr_HR","og_type":"article","og_title":"Vlada Br\u010dkog osudila vandalsko pona\u0161anje na kr\u0161\u0107anskim objektima - RADIO LJUBU\u0160KI","og_description":"Vlada Br\u010dko distrikta osudila je u ponedjeljak ponovne slu\u010dajeve vandalskog pona\u0161anja na objektima crkve&nbsp; Presvetog Srca Isusova u Br\u010dkom kao i na kapeli pravoslavnog groblja u Ulici J. Jovanovi\u0107a Zmaja.&nbsp;Policija Br\u010dko distrikta BiH je na jutro\u0161njem zasjedanju izvijestila Kolegij Vlade o zaprimljenoj prijavi da je u no\u0107i 26.\/27. velja\u010de 2021. godine od strane nepoznate osobe [&hellip;]","og_url":"https:\/\/radioljubuski.ba\/index.php\/2021\/03\/01\/vlada-brckog-osudila-vandalsko-ponasanje-na-krscanskim-objektima\/","og_site_name":"RADIO LJUBU\u0160KI","article_publisher":"https:\/\/www.facebook.com\/Radiio-Ljubuski-1490835324566332","article_published_time":"2021-03-01T20:43:10+00:00","article_modified_time":"2021-03-01T20:43:11+00:00","og_image":[{"width":475,"height":316,"url":"https:\/\/radioljubuski.ba\/wp-content\/uploads\/2021\/03\/Bxbinha5_preuzmi_35_475_316_85_s_c1.jpg","type":"image\/jpeg"}],"author":"Radio Ljubu\u0161ki","twitter_card":"summary_large_image","twitter_creator":"@radioljubuski","twitter_site":"@radioljubuski","twitter_misc":{"Napisao\/la":"Radio Ljubu\u0161ki","Procijenjeno vrijeme \u010ditanja":"1 minuta"},"schema":{"@context":"https:\/\/schema.org","@graph":[{"@type":"Article","@id":"https:\/\/radioljubuski.ba\/index.php\/2021\/03\/01\/vlada-brckog-osudila-vandalsko-ponasanje-na-krscanskim-objektima\/#article","isPartOf":{"@id":"https:\/\/radioljubuski.ba\/index.php\/2021\/03\/01\/vlada-brckog-osudila-vandalsko-ponasanje-na-krscanskim-objektima\/"},"author":{"name":"Radio Ljubu\u0161ki","@id":"https:\/\/radioljubuski.ba\/#\/schema\/person\/19fc700381a780f69665d7956c469e3b"},"headline":"Vlada Br\u010dkog osudila vandalsko pona\u0161anje na kr\u0161\u0107anskim objektima","datePublished":"2021-03-01T20:43:10+00:00","dateModified":"2021-03-01T20:43:11+00:00","mainEntityOfPage":{"@id":"https:\/\/radioljubuski.ba\/index.php\/2021\/03\/01\/vlada-brckog-osudila-vandalsko-ponasanje-na-krscanskim-objektima\/"},"wordCount":202,"publisher":{"@id":"https:\/\/radioljubuski.ba\/#organization"},"image":{"@id":"https:\/\/radioljubuski.ba\/index.php\/2021\/03\/01\/vlada-brckog-osudila-vandalsko-ponasanje-na-krscanskim-objektima\/#primaryimage"},"thumbnailUrl":"https:\/\/radioljubuski.ba\/wp-content\/uploads\/2021\/03\/Bxbinha5_preuzmi_35_475_316_85_s_c1.jpg","articleSection":["BIH i regija"],"inLanguage":"hr"},{"@type":"WebPage","@id":"https:\/\/radioljubuski.ba\/index.php\/2021\/03\/01\/vlada-brckog-osudila-vandalsko-ponasanje-na-krscanskim-objektima\/","url":"https:\/\/radioljubuski.ba\/index.php\/2021\/03\/01\/vlada-brckog-osudila-vandalsko-ponasanje-na-krscanskim-objektima\/","name":"Vlada Br\u010dkog osudila vandalsko pona\u0161anje na kr\u0161\u0107anskim objektima - RADIO LJUBU\u0160KI","isPartOf":{"@id":"https:\/\/radioljubuski.ba\/#website"},"primaryImageOfPage":{"@id":"https:\/\/radioljubuski.ba\/index.php\/2021\/03\/01\/vlada-brckog-osudila-vandalsko-ponasanje-na-krscanskim-objektima\/#primaryimage"},"image":{"@id":"https:\/\/radioljubuski.ba\/index.php\/2021\/03\/01\/vlada-brckog-osudila-vandalsko-ponasanje-na-krscanskim-objektima\/#primaryimage"},"thumbnailUrl":"https:\/\/radioljubuski.ba\/wp-content\/uploads\/2021\/03\/Bxbinha5_preuzmi_35_475_316_85_s_c1.jpg","datePublished":"2021-03-01T20:43:10+00:00","dateModified":"2021-03-01T20:43:11+00:00","breadcrumb":{"@id":"https:\/\/radioljubuski.ba\/index.php\/2021\/03\/01\/vlada-brckog-osudila-vandalsko-ponasanje-na-krscanskim-objektima\/#breadcrumb"},"inLanguage":"hr","potentialAction":[{"@type":"ReadAction","target":["https:\/\/radioljubuski.ba\/index.php\/2021\/03\/01\/vlada-brckog-osudila-vandalsko-ponasanje-na-krscanskim-objektima\/"]}]},{"@type":"ImageObject","inLanguage":"hr","@id":"https:\/\/radioljubuski.ba\/index.php\/2021\/03\/01\/vlada-brckog-osudila-vandalsko-ponasanje-na-krscanskim-objektima\/#primaryimage","url":"https:\/\/radioljubuski.ba\/wp-content\/uploads\/2021\/03\/Bxbinha5_preuzmi_35_475_316_85_s_c1.jpg","contentUrl":"https:\/\/radioljubuski.ba\/wp-content\/uploads\/2021\/03\/Bxbinha5_preuzmi_35_475_316_85_s_c1.jpg","width":475,"height":316},{"@type":"BreadcrumbList","@id":"https:\/\/radioljubuski.ba\/index.php\/2021\/03\/01\/vlada-brckog-osudila-vandalsko-ponasanje-na-krscanskim-objektima\/#breadcrumb","itemListElement":[{"@type":"ListItem","position":1,"name":"Po\u010detna stranica","item":"https:\/\/radioljubuski.ba\/"},{"@type":"ListItem","position":2,"name":"Vlada Br\u010dkog osudila vandalsko pona\u0161anje na kr\u0161\u0107anskim objektima"}]},{"@type":"WebSite","@id":"https:\/\/radioljubuski.ba\/#website","url":"https:\/\/radioljubuski.ba\/","name":"Radio Ljubu\u0161ki","description":"Sun\u010dana frekvencija Hercegovine","publisher":{"@id":"https:\/\/radioljubuski.ba\/#organization"},"potentialAction":[{"@type":"SearchAction","target":{"@type":"EntryPoint","urlTemplate":"https:\/\/radioljubuski.ba\/?s={search_term_string}"},"query-input":{"@type":"PropertyValueSpecification","valueRequired":true,"valueName":"search_term_string"}}],"inLanguage":"hr"},{"@type":"Organization","@id":"https:\/\/radioljubuski.ba\/#organization","name":"Radio Ljubu\u0161ki","url":"https:\/\/radioljubuski.ba\/","logo":{"@type":"ImageObject","inLanguage":"hr","@id":"https:\/\/radioljubuski.ba\/#\/schema\/logo\/image\/","url":"https:\/\/radioljubuski.ba\/wp-content\/uploads\/2021\/02\/cropped-Radio_Ljubuski_logo1.jpg","contentUrl":"https:\/\/radioljubuski.ba\/wp-content\/uploads\/2021\/02\/cropped-Radio_Ljubuski_logo1.jpg","width":512,"height":512,"caption":"Radio Ljubu\u0161ki"},"image":{"@id":"https:\/\/radioljubuski.ba\/#\/schema\/logo\/image\/"},"sameAs":["https:\/\/www.facebook.com\/Radiio-Ljubuski-1490835324566332","https:\/\/x.com\/radioljubuski","https:\/\/hr.linkedin.com\/company\/radio-ljubuski","https:\/\/www.youtube.com\/channel\/UCHYaeO_n0Db3tjNGudGpXyw"]},{"@type":"Person","@id":"https:\/\/radioljubuski.ba\/#\/schema\/person\/19fc700381a780f69665d7956c469e3b","name":"Radio Ljubu\u0161ki"}]}},"_links":{"self":[{"href":"https:\/\/radioljubuski.ba\/index.php\/wp-json\/wp\/v2\/posts\/578","targetHints":{"allow":["GET"]}}],"collection":[{"href":"https:\/\/radioljubuski.ba\/index.php\/wp-json\/wp\/v2\/posts"}],"about":[{"href":"https:\/\/radioljubuski.ba\/index.php\/wp-json\/wp\/v2\/types\/post"}],"author":[{"embeddable":true,"href":"https:\/\/radioljubuski.ba\/index.php\/wp-json\/wp\/v2\/users\/2"}],"replies":[{"embeddable":true,"href":"https:\/\/radioljubuski.ba\/index.php\/wp-json\/wp\/v2\/comments?post=578"}],"version-history":[{"count":1,"href":"https:\/\/radioljubuski.ba\/index.php\/wp-json\/wp\/v2\/posts\/578\/revisions"}],"predecessor-version":[{"id":580,"href":"https:\/\/radioljubuski.ba\/index.php\/wp-json\/wp\/v2\/posts\/578\/revisions\/580"}],"wp:featuredmedia":[{"embeddable":true,"href":"https:\/\/radioljubuski.ba\/index.php\/wp-json\/wp\/v2\/media\/579"}],"wp:attachment":[{"href":"https:\/\/radioljubuski.ba\/index.php\/wp-json\/wp\/v2\/media?parent=578"}],"wp:term":[{"taxonomy":"category","embeddable":true,"href":"https:\/\/radioljubuski.ba\/index.php\/wp-json\/wp\/v2\/categories?post=578"},{"taxonomy":"post_tag","embeddable":true,"href":"https:\/\/radioljubuski.ba\/index.php\/wp-json\/wp\/v2\/tags?post=578"}],"curies":[{"name":"wp","href":"https:\/\/api.w.org\/{rel}","templated":true}]}}