{"id":581,"date":"2021-03-01T23:32:11","date_gmt":"2021-03-01T23:32:11","guid":{"rendered":"https:\/\/radioljubuski.ba\/?p=581"},"modified":"2021-03-01T23:32:12","modified_gmt":"2021-03-01T23:32:12","slug":"real-iscupao-bod-protiv-sociedada","status":"publish","type":"post","link":"https:\/\/radioljubuski.ba\/index.php\/2021\/03\/01\/real-iscupao-bod-protiv-sociedada\/","title":{"rendered":"Real &#8220;i\u0161\u010dupao&#8221; bod protiv Sociedada"},"content":{"rendered":"\n<p><strong>Real Madrid je uspio i\u0161\u010dupati bod u zadnjem susretu 25. kola \u0161panjolskog prvenstva protiv Real Sociedada s kojim je u ponedjeljak kod ku\u0107e odigrao 1-1.<\/strong><\/p>\n\n\n\n<p><br>Iako su igra\u010di&nbsp;<strong>Zin\u00e9dinea Zidanea<\/strong>&nbsp;dominirali u prvom poluvremenu, Real Sociedad je poveo u 55. minuti pogotkom&nbsp;<strong>Cristiana Portua.<\/strong>&nbsp;Izjedna\u010denje i bod Kraljevskom klubu donio je u 89. minuti&nbsp;<strong>Vinicius<\/strong>. Kapetan hrvatske reprezentacije&nbsp;<strong>Luka Modri\u0107<\/strong>&nbsp;igrao je do 76. minute.<\/p>\n\n\n\n<p>Zahvalju\u0107i tom bodu Real Madrid se izjedna\u010dio s Barcelonom na drugom mjestu (53 bodova) i ima pet bodova manje od vode\u0107eg Atl\u00e9tica (58) s kojim igra u nedjelju.<br><br><\/p>\n\n\n\n<p>\u0160panjolska &#8211; 25. kolo:<\/p>\n\n\n\n<p>Real M. &#8211; Real S. (Vincius Junior 89\/Cristian Portu 55)<\/p>\n\n\n\n<p>Nedjelja:<\/p>\n\n\n\n<p>Villarreal &#8211; Atletico M. 0-2 (Pedraza 25-ag, Felix 69)<\/p>\n\n\n\n<p>Granada &#8211; Elche 2-1 (Quina 31, Puertas 79 \/ Boye 40)<\/p>\n\n\n\n<p>Cadiz &#8211; Betis 0-1 (Juanmi 84)<\/p>\n\n\n\n<p>Celta V. &#8211; Valladolid 1-1 (Murillo 90+4 \/ Orellana 70)<\/p>\n\n\n\n<p>Odigrano prije:<\/p>\n\n\n\n<p>Eibar &#8211; Huesca 1-1 (Diop 83 \/ Ramirez 81)<\/p>\n\n\n\n<p>Sevilla &#8211; Barcelona 0-2 (O. Dembele 29, Messi 85)<\/p>\n\n\n\n<p>Alaves &#8211; Osasuna 0-1 (Barja 77)<\/p>\n\n\n\n<p>Getafe &#8211; Valencia 3-0 (Arambarri 39, Mata 55, Alena 87)<\/p>\n\n\n\n<p>Levante &#8211; Athletic 1-1 (Roger 33-11m \/ R. Garcia 56-11m)<\/p>\n\n\n\n<p>Ljestvica:<\/p>\n\n\n\n<p>&nbsp; 1 Atl\u00e9tico 24 18 4 2 47 16 58<\/p>\n\n\n\n<p>&nbsp; 2 Barcelona 25 16 5 4 55 22 53<\/p>\n\n\n\n<p>&nbsp; 3 Real Madrid 25 16 5 4 43 20 53<\/p>\n\n\n\n<p>&nbsp; 4 Sevilla 24 15 3 6 34 18 48<\/p>\n\n\n\n<p>&#8230;&#8230;&#8230;&#8230;&#8230;&#8230;&#8230;&#8230;&#8230;&#8230;&#8230;&#8230;&#8230;&#8230;&#8230;.<\/p>\n\n\n\n<p>&nbsp; 5 Real Sociedad 25 11 9 5 42 21 42<\/p>\n\n\n\n<p>&#8230;&#8230;&#8230;&#8230;&#8230;&#8230;&#8230;&#8230;&#8230;&#8230;&#8230;&#8230;&#8230;&#8230;&#8230;.<\/p>\n\n\n\n<p>&nbsp; 6 Betis 25 12 3 10 33 38 39<\/p>\n\n\n\n<p>&#8230;&#8230;&#8230;&#8230;&#8230;&#8230;&#8230;&#8230;&#8230;&#8230;&#8230;&#8230;&#8230;&#8230;&#8230;.<\/p>\n\n\n\n<p>&nbsp; 7 Villarreal 25 8 13 4 33 27 37<\/p>\n\n\n\n<p>&#8230;&#8230;&#8230;&#8230;&#8230;&#8230;&#8230;&#8230;&#8230;&#8230;&#8230;&#8230;&#8230;&#8230;&#8230;.<\/p>\n\n\n\n<p>&nbsp; 8 Granada 25 9 6 10 31 42 33<\/p>\n\n\n\n<p>&nbsp; 9 Levante 25 7 11 7 35 34 32<\/p>\n\n\n\n<p>10 Athletic Club 24 8 6 10 34 28 30<\/p>\n\n\n\n<p>11 Celta Vigo 25 7 9 9 30 37 30<\/p>\n\n\n\n<p>12 Osasuna 25 7 7 11 23 33 28<\/p>\n\n\n\n<p>13 Getafe 25 7 6 12 20 30 27<\/p>\n\n\n\n<p>14 Valencia 25 6 9 10 30 35 27<\/p>\n\n\n\n<p>15 C\u00e1diz 25 6 7 12 21 41 25<\/p>\n\n\n\n<p>16 Eibar 25 4 10 11 20 28 22<\/p>\n\n\n\n<p>17 Valladolid 25 4 10 11 23 36 22<\/p>\n\n\n\n<p>18 Alav\u00e9s 25 5 7 13 20 39 22<\/p>\n\n\n\n<p>&#8230;&#8230;&#8230;&#8230;&#8230;&#8230;&#8230;&#8230;&#8230;&#8230;&#8230;&#8230;&#8230;&#8230;&#8230;.<\/p>\n\n\n\n<p>19 Elche 24 4 9 11 21 36 21<\/p>\n\n\n\n<p>20 Huesca 25 3 11 11 22 36 20<\/p>\n\n\n\n<p>Izvor:hrt.hr<\/p>\n","protected":false},"excerpt":{"rendered":"<p>Real Madrid je uspio i\u0161\u010dupati bod u zadnjem susretu 25. kola \u0161panjolskog prvenstva protiv Real Sociedada s kojim je u ponedjeljak kod ku\u0107e odigrao 1-1. Iako su igra\u010di&nbsp;Zin\u00e9dinea Zidanea&nbsp;dominirali u prvom poluvremenu, Real Sociedad je poveo u 55. minuti pogotkom&nbsp;Cristiana Portua.&nbsp;Izjedna\u010denje i bod Kraljevskom klubu donio je u 89. minuti&nbsp;Vinicius. Kapetan hrvatske reprezentacije&nbsp;Luka Modri\u0107&nbsp;igrao je [&hellip;]<\/p>\n","protected":false},"author":2,"featured_media":582,"comment_status":"closed","ping_status":"closed","sticky":false,"template":"","format":"standard","meta":{"h5ap_radio_sources":[],"footnotes":""},"categories":[1],"tags":[],"class_list":["post-581","post","type-post","status-publish","format-standard","has-post-thumbnail","hentry","category-bihiregija"],"yoast_head":"<!-- This site is optimized with the Yoast SEO plugin v27.4 - https:\/\/yoast.com\/product\/yoast-seo-wordpress\/ -->\n<title>Real &quot;i\u0161\u010dupao&quot; bod protiv Sociedada - RADIO LJUBU\u0160KI<\/title>\n<meta name=\"robots\" content=\"index, follow, max-snippet:-1, max-image-preview:large, max-video-preview:-1\" \/>\n<link rel=\"canonical\" href=\"https:\/\/radioljubuski.ba\/index.php\/2021\/03\/01\/real-iscupao-bod-protiv-sociedada\/\" \/>\n<meta property=\"og:locale\" content=\"hr_HR\" \/>\n<meta property=\"og:type\" content=\"article\" \/>\n<meta property=\"og:title\" content=\"Real &quot;i\u0161\u010dupao&quot; bod protiv Sociedada - RADIO LJUBU\u0160KI\" \/>\n<meta property=\"og:description\" content=\"Real Madrid je uspio i\u0161\u010dupati bod u zadnjem susretu 25. kola \u0161panjolskog prvenstva protiv Real Sociedada s kojim je u ponedjeljak kod ku\u0107e odigrao 1-1. Iako su igra\u010di&nbsp;Zin\u00e9dinea Zidanea&nbsp;dominirali u prvom poluvremenu, Real Sociedad je poveo u 55. minuti pogotkom&nbsp;Cristiana Portua.&nbsp;Izjedna\u010denje i bod Kraljevskom klubu donio je u 89. minuti&nbsp;Vinicius. Kapetan hrvatske reprezentacije&nbsp;Luka Modri\u0107&nbsp;igrao je [&hellip;]\" \/>\n<meta property=\"og:url\" content=\"https:\/\/radioljubuski.ba\/index.php\/2021\/03\/01\/real-iscupao-bod-protiv-sociedada\/\" \/>\n<meta property=\"og:site_name\" content=\"RADIO LJUBU\u0160KI\" \/>\n<meta property=\"article:publisher\" content=\"https:\/\/www.facebook.com\/Radiio-Ljubuski-1490835324566332\" \/>\n<meta property=\"article:published_time\" content=\"2021-03-01T23:32:11+00:00\" \/>\n<meta property=\"article:modified_time\" content=\"2021-03-01T23:32:12+00:00\" \/>\n<meta property=\"og:image\" content=\"https:\/\/radioljubuski.ba\/wp-content\/uploads\/2021\/03\/7d5913701a5d7b0ebd25.jpeg\" \/>\n\t<meta property=\"og:image:width\" content=\"612\" \/>\n\t<meta property=\"og:image:height\" content=\"408\" \/>\n\t<meta property=\"og:image:type\" content=\"image\/jpeg\" \/>\n<meta name=\"author\" content=\"Radio Ljubu\u0161ki\" \/>\n<meta name=\"twitter:card\" content=\"summary_large_image\" \/>\n<meta name=\"twitter:creator\" content=\"@radioljubuski\" \/>\n<meta name=\"twitter:site\" content=\"@radioljubuski\" \/>\n<meta name=\"twitter:label1\" content=\"Napisao\/la\" \/>\n\t<meta name=\"twitter:data1\" content=\"Radio Ljubu\u0161ki\" \/>\n\t<meta name=\"twitter:label2\" content=\"Procijenjeno vrijeme \u010ditanja\" \/>\n\t<meta name=\"twitter:data2\" content=\"2 minute\" \/>\n<script type=\"application\/ld+json\" class=\"yoast-schema-graph\">{\"@context\":\"https:\\\/\\\/schema.org\",\"@graph\":[{\"@type\":\"Article\",\"@id\":\"https:\\\/\\\/radioljubuski.ba\\\/index.php\\\/2021\\\/03\\\/01\\\/real-iscupao-bod-protiv-sociedada\\\/#article\",\"isPartOf\":{\"@id\":\"https:\\\/\\\/radioljubuski.ba\\\/index.php\\\/2021\\\/03\\\/01\\\/real-iscupao-bod-protiv-sociedada\\\/\"},\"author\":{\"name\":\"Radio Ljubu\u0161ki\",\"@id\":\"https:\\\/\\\/radioljubuski.ba\\\/#\\\/schema\\\/person\\\/19fc700381a780f69665d7956c469e3b\"},\"headline\":\"Real &#8220;i\u0161\u010dupao&#8221; bod protiv Sociedada\",\"datePublished\":\"2021-03-01T23:32:11+00:00\",\"dateModified\":\"2021-03-01T23:32:12+00:00\",\"mainEntityOfPage\":{\"@id\":\"https:\\\/\\\/radioljubuski.ba\\\/index.php\\\/2021\\\/03\\\/01\\\/real-iscupao-bod-protiv-sociedada\\\/\"},\"wordCount\":227,\"publisher\":{\"@id\":\"https:\\\/\\\/radioljubuski.ba\\\/#organization\"},\"image\":{\"@id\":\"https:\\\/\\\/radioljubuski.ba\\\/index.php\\\/2021\\\/03\\\/01\\\/real-iscupao-bod-protiv-sociedada\\\/#primaryimage\"},\"thumbnailUrl\":\"https:\\\/\\\/radioljubuski.ba\\\/wp-content\\\/uploads\\\/2021\\\/03\\\/7d5913701a5d7b0ebd25.jpeg\",\"articleSection\":[\"BIH i regija\"],\"inLanguage\":\"hr\"},{\"@type\":\"WebPage\",\"@id\":\"https:\\\/\\\/radioljubuski.ba\\\/index.php\\\/2021\\\/03\\\/01\\\/real-iscupao-bod-protiv-sociedada\\\/\",\"url\":\"https:\\\/\\\/radioljubuski.ba\\\/index.php\\\/2021\\\/03\\\/01\\\/real-iscupao-bod-protiv-sociedada\\\/\",\"name\":\"Real \\\"i\u0161\u010dupao\\\" bod protiv Sociedada - RADIO LJUBU\u0160KI\",\"isPartOf\":{\"@id\":\"https:\\\/\\\/radioljubuski.ba\\\/#website\"},\"primaryImageOfPage\":{\"@id\":\"https:\\\/\\\/radioljubuski.ba\\\/index.php\\\/2021\\\/03\\\/01\\\/real-iscupao-bod-protiv-sociedada\\\/#primaryimage\"},\"image\":{\"@id\":\"https:\\\/\\\/radioljubuski.ba\\\/index.php\\\/2021\\\/03\\\/01\\\/real-iscupao-bod-protiv-sociedada\\\/#primaryimage\"},\"thumbnailUrl\":\"https:\\\/\\\/radioljubuski.ba\\\/wp-content\\\/uploads\\\/2021\\\/03\\\/7d5913701a5d7b0ebd25.jpeg\",\"datePublished\":\"2021-03-01T23:32:11+00:00\",\"dateModified\":\"2021-03-01T23:32:12+00:00\",\"breadcrumb\":{\"@id\":\"https:\\\/\\\/radioljubuski.ba\\\/index.php\\\/2021\\\/03\\\/01\\\/real-iscupao-bod-protiv-sociedada\\\/#breadcrumb\"},\"inLanguage\":\"hr\",\"potentialAction\":[{\"@type\":\"ReadAction\",\"target\":[\"https:\\\/\\\/radioljubuski.ba\\\/index.php\\\/2021\\\/03\\\/01\\\/real-iscupao-bod-protiv-sociedada\\\/\"]}]},{\"@type\":\"ImageObject\",\"inLanguage\":\"hr\",\"@id\":\"https:\\\/\\\/radioljubuski.ba\\\/index.php\\\/2021\\\/03\\\/01\\\/real-iscupao-bod-protiv-sociedada\\\/#primaryimage\",\"url\":\"https:\\\/\\\/radioljubuski.ba\\\/wp-content\\\/uploads\\\/2021\\\/03\\\/7d5913701a5d7b0ebd25.jpeg\",\"contentUrl\":\"https:\\\/\\\/radioljubuski.ba\\\/wp-content\\\/uploads\\\/2021\\\/03\\\/7d5913701a5d7b0ebd25.jpeg\",\"width\":612,\"height\":408},{\"@type\":\"BreadcrumbList\",\"@id\":\"https:\\\/\\\/radioljubuski.ba\\\/index.php\\\/2021\\\/03\\\/01\\\/real-iscupao-bod-protiv-sociedada\\\/#breadcrumb\",\"itemListElement\":[{\"@type\":\"ListItem\",\"position\":1,\"name\":\"Po\u010detna stranica\",\"item\":\"https:\\\/\\\/radioljubuski.ba\\\/\"},{\"@type\":\"ListItem\",\"position\":2,\"name\":\"Real &#8220;i\u0161\u010dupao&#8221; bod protiv Sociedada\"}]},{\"@type\":\"WebSite\",\"@id\":\"https:\\\/\\\/radioljubuski.ba\\\/#website\",\"url\":\"https:\\\/\\\/radioljubuski.ba\\\/\",\"name\":\"Radio Ljubu\u0161ki\",\"description\":\"Sun\u010dana frekvencija Hercegovine\",\"publisher\":{\"@id\":\"https:\\\/\\\/radioljubuski.ba\\\/#organization\"},\"potentialAction\":[{\"@type\":\"SearchAction\",\"target\":{\"@type\":\"EntryPoint\",\"urlTemplate\":\"https:\\\/\\\/radioljubuski.ba\\\/?s={search_term_string}\"},\"query-input\":{\"@type\":\"PropertyValueSpecification\",\"valueRequired\":true,\"valueName\":\"search_term_string\"}}],\"inLanguage\":\"hr\"},{\"@type\":\"Organization\",\"@id\":\"https:\\\/\\\/radioljubuski.ba\\\/#organization\",\"name\":\"Radio Ljubu\u0161ki\",\"url\":\"https:\\\/\\\/radioljubuski.ba\\\/\",\"logo\":{\"@type\":\"ImageObject\",\"inLanguage\":\"hr\",\"@id\":\"https:\\\/\\\/radioljubuski.ba\\\/#\\\/schema\\\/logo\\\/image\\\/\",\"url\":\"https:\\\/\\\/radioljubuski.ba\\\/wp-content\\\/uploads\\\/2021\\\/02\\\/cropped-Radio_Ljubuski_logo1.jpg\",\"contentUrl\":\"https:\\\/\\\/radioljubuski.ba\\\/wp-content\\\/uploads\\\/2021\\\/02\\\/cropped-Radio_Ljubuski_logo1.jpg\",\"width\":512,\"height\":512,\"caption\":\"Radio Ljubu\u0161ki\"},\"image\":{\"@id\":\"https:\\\/\\\/radioljubuski.ba\\\/#\\\/schema\\\/logo\\\/image\\\/\"},\"sameAs\":[\"https:\\\/\\\/www.facebook.com\\\/Radiio-Ljubuski-1490835324566332\",\"https:\\\/\\\/x.com\\\/radioljubuski\",\"https:\\\/\\\/hr.linkedin.com\\\/company\\\/radio-ljubuski\",\"https:\\\/\\\/www.youtube.com\\\/channel\\\/UCHYaeO_n0Db3tjNGudGpXyw\"]},{\"@type\":\"Person\",\"@id\":\"https:\\\/\\\/radioljubuski.ba\\\/#\\\/schema\\\/person\\\/19fc700381a780f69665d7956c469e3b\",\"name\":\"Radio Ljubu\u0161ki\"}]}<\/script>\n<!-- \/ Yoast SEO plugin. -->","yoast_head_json":{"title":"Real \"i\u0161\u010dupao\" bod protiv Sociedada - RADIO LJUBU\u0160KI","robots":{"index":"index","follow":"follow","max-snippet":"max-snippet:-1","max-image-preview":"max-image-preview:large","max-video-preview":"max-video-preview:-1"},"canonical":"https:\/\/radioljubuski.ba\/index.php\/2021\/03\/01\/real-iscupao-bod-protiv-sociedada\/","og_locale":"hr_HR","og_type":"article","og_title":"Real \"i\u0161\u010dupao\" bod protiv Sociedada - RADIO LJUBU\u0160KI","og_description":"Real Madrid je uspio i\u0161\u010dupati bod u zadnjem susretu 25. kola \u0161panjolskog prvenstva protiv Real Sociedada s kojim je u ponedjeljak kod ku\u0107e odigrao 1-1. Iako su igra\u010di&nbsp;Zin\u00e9dinea Zidanea&nbsp;dominirali u prvom poluvremenu, Real Sociedad je poveo u 55. minuti pogotkom&nbsp;Cristiana Portua.&nbsp;Izjedna\u010denje i bod Kraljevskom klubu donio je u 89. minuti&nbsp;Vinicius. Kapetan hrvatske reprezentacije&nbsp;Luka Modri\u0107&nbsp;igrao je [&hellip;]","og_url":"https:\/\/radioljubuski.ba\/index.php\/2021\/03\/01\/real-iscupao-bod-protiv-sociedada\/","og_site_name":"RADIO LJUBU\u0160KI","article_publisher":"https:\/\/www.facebook.com\/Radiio-Ljubuski-1490835324566332","article_published_time":"2021-03-01T23:32:11+00:00","article_modified_time":"2021-03-01T23:32:12+00:00","og_image":[{"width":612,"height":408,"url":"https:\/\/radioljubuski.ba\/wp-content\/uploads\/2021\/03\/7d5913701a5d7b0ebd25.jpeg","type":"image\/jpeg"}],"author":"Radio Ljubu\u0161ki","twitter_card":"summary_large_image","twitter_creator":"@radioljubuski","twitter_site":"@radioljubuski","twitter_misc":{"Napisao\/la":"Radio Ljubu\u0161ki","Procijenjeno vrijeme \u010ditanja":"2 minute"},"schema":{"@context":"https:\/\/schema.org","@graph":[{"@type":"Article","@id":"https:\/\/radioljubuski.ba\/index.php\/2021\/03\/01\/real-iscupao-bod-protiv-sociedada\/#article","isPartOf":{"@id":"https:\/\/radioljubuski.ba\/index.php\/2021\/03\/01\/real-iscupao-bod-protiv-sociedada\/"},"author":{"name":"Radio Ljubu\u0161ki","@id":"https:\/\/radioljubuski.ba\/#\/schema\/person\/19fc700381a780f69665d7956c469e3b"},"headline":"Real &#8220;i\u0161\u010dupao&#8221; bod protiv Sociedada","datePublished":"2021-03-01T23:32:11+00:00","dateModified":"2021-03-01T23:32:12+00:00","mainEntityOfPage":{"@id":"https:\/\/radioljubuski.ba\/index.php\/2021\/03\/01\/real-iscupao-bod-protiv-sociedada\/"},"wordCount":227,"publisher":{"@id":"https:\/\/radioljubuski.ba\/#organization"},"image":{"@id":"https:\/\/radioljubuski.ba\/index.php\/2021\/03\/01\/real-iscupao-bod-protiv-sociedada\/#primaryimage"},"thumbnailUrl":"https:\/\/radioljubuski.ba\/wp-content\/uploads\/2021\/03\/7d5913701a5d7b0ebd25.jpeg","articleSection":["BIH i regija"],"inLanguage":"hr"},{"@type":"WebPage","@id":"https:\/\/radioljubuski.ba\/index.php\/2021\/03\/01\/real-iscupao-bod-protiv-sociedada\/","url":"https:\/\/radioljubuski.ba\/index.php\/2021\/03\/01\/real-iscupao-bod-protiv-sociedada\/","name":"Real \"i\u0161\u010dupao\" bod protiv Sociedada - RADIO LJUBU\u0160KI","isPartOf":{"@id":"https:\/\/radioljubuski.ba\/#website"},"primaryImageOfPage":{"@id":"https:\/\/radioljubuski.ba\/index.php\/2021\/03\/01\/real-iscupao-bod-protiv-sociedada\/#primaryimage"},"image":{"@id":"https:\/\/radioljubuski.ba\/index.php\/2021\/03\/01\/real-iscupao-bod-protiv-sociedada\/#primaryimage"},"thumbnailUrl":"https:\/\/radioljubuski.ba\/wp-content\/uploads\/2021\/03\/7d5913701a5d7b0ebd25.jpeg","datePublished":"2021-03-01T23:32:11+00:00","dateModified":"2021-03-01T23:32:12+00:00","breadcrumb":{"@id":"https:\/\/radioljubuski.ba\/index.php\/2021\/03\/01\/real-iscupao-bod-protiv-sociedada\/#breadcrumb"},"inLanguage":"hr","potentialAction":[{"@type":"ReadAction","target":["https:\/\/radioljubuski.ba\/index.php\/2021\/03\/01\/real-iscupao-bod-protiv-sociedada\/"]}]},{"@type":"ImageObject","inLanguage":"hr","@id":"https:\/\/radioljubuski.ba\/index.php\/2021\/03\/01\/real-iscupao-bod-protiv-sociedada\/#primaryimage","url":"https:\/\/radioljubuski.ba\/wp-content\/uploads\/2021\/03\/7d5913701a5d7b0ebd25.jpeg","contentUrl":"https:\/\/radioljubuski.ba\/wp-content\/uploads\/2021\/03\/7d5913701a5d7b0ebd25.jpeg","width":612,"height":408},{"@type":"BreadcrumbList","@id":"https:\/\/radioljubuski.ba\/index.php\/2021\/03\/01\/real-iscupao-bod-protiv-sociedada\/#breadcrumb","itemListElement":[{"@type":"ListItem","position":1,"name":"Po\u010detna stranica","item":"https:\/\/radioljubuski.ba\/"},{"@type":"ListItem","position":2,"name":"Real &#8220;i\u0161\u010dupao&#8221; bod protiv Sociedada"}]},{"@type":"WebSite","@id":"https:\/\/radioljubuski.ba\/#website","url":"https:\/\/radioljubuski.ba\/","name":"Radio Ljubu\u0161ki","description":"Sun\u010dana frekvencija Hercegovine","publisher":{"@id":"https:\/\/radioljubuski.ba\/#organization"},"potentialAction":[{"@type":"SearchAction","target":{"@type":"EntryPoint","urlTemplate":"https:\/\/radioljubuski.ba\/?s={search_term_string}"},"query-input":{"@type":"PropertyValueSpecification","valueRequired":true,"valueName":"search_term_string"}}],"inLanguage":"hr"},{"@type":"Organization","@id":"https:\/\/radioljubuski.ba\/#organization","name":"Radio Ljubu\u0161ki","url":"https:\/\/radioljubuski.ba\/","logo":{"@type":"ImageObject","inLanguage":"hr","@id":"https:\/\/radioljubuski.ba\/#\/schema\/logo\/image\/","url":"https:\/\/radioljubuski.ba\/wp-content\/uploads\/2021\/02\/cropped-Radio_Ljubuski_logo1.jpg","contentUrl":"https:\/\/radioljubuski.ba\/wp-content\/uploads\/2021\/02\/cropped-Radio_Ljubuski_logo1.jpg","width":512,"height":512,"caption":"Radio Ljubu\u0161ki"},"image":{"@id":"https:\/\/radioljubuski.ba\/#\/schema\/logo\/image\/"},"sameAs":["https:\/\/www.facebook.com\/Radiio-Ljubuski-1490835324566332","https:\/\/x.com\/radioljubuski","https:\/\/hr.linkedin.com\/company\/radio-ljubuski","https:\/\/www.youtube.com\/channel\/UCHYaeO_n0Db3tjNGudGpXyw"]},{"@type":"Person","@id":"https:\/\/radioljubuski.ba\/#\/schema\/person\/19fc700381a780f69665d7956c469e3b","name":"Radio Ljubu\u0161ki"}]}},"_links":{"self":[{"href":"https:\/\/radioljubuski.ba\/index.php\/wp-json\/wp\/v2\/posts\/581","targetHints":{"allow":["GET"]}}],"collection":[{"href":"https:\/\/radioljubuski.ba\/index.php\/wp-json\/wp\/v2\/posts"}],"about":[{"href":"https:\/\/radioljubuski.ba\/index.php\/wp-json\/wp\/v2\/types\/post"}],"author":[{"embeddable":true,"href":"https:\/\/radioljubuski.ba\/index.php\/wp-json\/wp\/v2\/users\/2"}],"replies":[{"embeddable":true,"href":"https:\/\/radioljubuski.ba\/index.php\/wp-json\/wp\/v2\/comments?post=581"}],"version-history":[{"count":1,"href":"https:\/\/radioljubuski.ba\/index.php\/wp-json\/wp\/v2\/posts\/581\/revisions"}],"predecessor-version":[{"id":583,"href":"https:\/\/radioljubuski.ba\/index.php\/wp-json\/wp\/v2\/posts\/581\/revisions\/583"}],"wp:featuredmedia":[{"embeddable":true,"href":"https:\/\/radioljubuski.ba\/index.php\/wp-json\/wp\/v2\/media\/582"}],"wp:attachment":[{"href":"https:\/\/radioljubuski.ba\/index.php\/wp-json\/wp\/v2\/media?parent=581"}],"wp:term":[{"taxonomy":"category","embeddable":true,"href":"https:\/\/radioljubuski.ba\/index.php\/wp-json\/wp\/v2\/categories?post=581"},{"taxonomy":"post_tag","embeddable":true,"href":"https:\/\/radioljubuski.ba\/index.php\/wp-json\/wp\/v2\/tags?post=581"}],"curies":[{"name":"wp","href":"https:\/\/api.w.org\/{rel}","templated":true}]}}