{"id":59335,"date":"2021-08-31T09:29:02","date_gmt":"2021-08-31T08:29:02","guid":{"rendered":"https:\/\/radioljubuski.ba\/?p=59335"},"modified":"2021-08-31T09:29:04","modified_gmt":"2021-08-31T08:29:04","slug":"ljubusaci-miro-petrovic-i-azemina-krehic-dobitnici-nagrada-fondacije-za-izdavastvo-bih","status":"publish","type":"post","link":"https:\/\/radioljubuski.ba\/index.php\/2021\/08\/31\/ljubusaci-miro-petrovic-i-azemina-krehic-dobitnici-nagrada-fondacije-za-izdavastvo-bih\/","title":{"rendered":"Ljubu\u0161aci Miro Petrovi\u0107 i Azemina Krehi\u0107 dobitnici nagrada Fondacije za izdava\u0161tvo BiH"},"content":{"rendered":"\n<p>Fondacija za izdava\u0161tvo u Sarajevu svake godine raspisuje natje\u010daj za nova neobjavljena djela doma\u0107ih autora. Prijave su anonimne a ove godine je nagra\u0111eno dvanaest rukopisa.<\/p>\n\n\n\n<p>Nagra\u0111eni su oni rukopisi, odnosno autori kojima je tro\u010dlano povjerenstvo ( Jagoda Ili\u010di\u0107, Tina Laco, Nehrudin Rebihi\u0107) dodijelilo najvi\u0161e bodova a to su : Zlatko Top\u010di\u0107, Azemina Krehi\u0107, Izet Perviz, \u0160efik Husagi\u0107, \u017deljko Ivankovi\u0107, Mujo Musagi\u0107, Emina \u0110elilovi\u0107 \u2013 Kevri\u0107, Nikolina Todorovi\u0107, Indira Ku\u010duk Sorgu\u010d, Emina Selimovi\u0107, Miro Petrovi\u0107, Safija Vehabovi\u0107 Parganlija.<\/p>\n\n\n\n<p>Nagra\u0111en je rukopis poezije Mire Petrovi\u0107a naziva \u201d Spomenar\u201d prijavljen pod \u0161ifrom \u201cVojna tajna\u201d.<br>Tako\u0111er je nagra\u0111en rukopis poezije naziva \u201cZrcalo od mjedi\u201d prijavljen pod \u0161ifrom \u201cPreobra\u017eenja\u201d, autorice Azemine Krehi\u0107.<\/p>\n\n\n\n<p>Miro Petrovi\u0107\u00a0(Klobuk kraj\u00a0Ljubu\u0161kog, 5. januar 1954.)\u00a0je bosanskohercegova\u010dki\u00a0novinar, pjesnik, urednik i pedagog.<br>Zavr\u0161io je Pedago\u0161ku akademiju i kratko radio u \u0161kolama u\u00a0Fojnici,\u00a0Sarajevu\u00a0i Vitini. Do rata u Hrvatskoj je \u017eivio u Sarajevu kao samostalni umjetnik. Bavio se novinarstvom pi\u0161u\u0107i priloge o kulturi u sarajevskom listu\u00a0Oslobo\u0111enje\u00a0i na\u00a0Radio Sarajevu. Tako\u0111er je bio voditelj sarajevske gradske knji\u017eevne tribine \u201cIzme\u0111u korica\u201d i tajnik \u010dasopisa\u00a0Lica, a pred sam rat se zapo\u0161ljava kao direktor Narodnog univerziteta i Gradske biblioteke u Fojnici. Od 1996. radio je kao voditelj marketinga\u00a0Hrvatskog narodnog kazali\u0161ta\u00a0u\u00a0Mostaru\u00a0i bio \u010dlan uredni\u0161tva sarajevskog knji\u017eevnog \u010dasopisa\u00a0\u017divot, \u010diji izdava\u010d je\u00a0Dru\u0161tvo pisaca Bosne i Hercegovine.<br>Zajedno s Kre\u0161imirom \u0160egom pokrenuo je i kao izvr\u0161ni urednik ure\u0111uje dva bosanskohercegova\u010dka dje\u010dija lista s hrvatskim kulturnim identitetom:\u00a0Cvitak\u00a0\u2013 list za sretno djetinjstvo i\u00a0\u0160kolarac\u00a0\u2013 lista za cure i dje\u010dake. Glavni i odgovorni je urednik Motri\u0161ta, \u010dasopisa\u00a0Matice hrvatske Mostar.<\/p>\n\n\n\n<figure class=\"wp-block-image\"><img decoding=\"async\" src=\"https:\/\/akademija-art.hr\/wp-content\/uploads\/2020\/10\/3.-Miro-Petrovic-1026x1200.jpg\" alt=\"MIRO PETROVI\u0106 u pjesni\u010dkoj antologiji u redakciji T.M. Bilosni\u0107a \u2022  Akademija Art Zagreb\"\/><\/figure>\n\n\n\n<p>Azemina Krehi\u0107 vi\u0161estruko je nagra\u0111ivana pjesnikinja, ro\u0111ena 1992. u Metkovi\u0107u.<br>Dobitnica je nagrade sveu\u010dili\u0161nih profesora u Trstu 2019.<br>Dobitnica je i tre\u0107e nagrade \u201cSlovo Gor\u010dina\u201d za 2020.<br>Zastupljena je u \u201cRukopisima 44\u201d 2021.<\/p>\n\n\n\n<p>Izbor: Kemal Mahi\u0107<\/p>\n\n\n\n<p>Izvor:ljubusaci.com<\/p>\n","protected":false},"excerpt":{"rendered":"<p>Fondacija za izdava\u0161tvo u Sarajevu svake godine raspisuje natje\u010daj za nova neobjavljena djela doma\u0107ih autora. Prijave su anonimne a ove godine je nagra\u0111eno dvanaest rukopisa. Nagra\u0111eni su oni rukopisi, odnosno autori kojima je tro\u010dlano povjerenstvo ( Jagoda Ili\u010di\u0107, Tina Laco, Nehrudin Rebihi\u0107) dodijelilo najvi\u0161e bodova a to su : Zlatko Top\u010di\u0107, Azemina Krehi\u0107, Izet Perviz, [&hellip;]<\/p>\n","protected":false},"author":2,"featured_media":59340,"comment_status":"closed","ping_status":"closed","sticky":false,"template":"","format":"standard","meta":{"h5ap_radio_sources":[],"footnotes":""},"categories":[3],"tags":[],"class_list":["post-59335","post","type-post","status-publish","format-standard","has-post-thumbnail","hentry","category-ljubuski"],"yoast_head":"<!-- This site is optimized with the Yoast SEO plugin v27.5 - https:\/\/yoast.com\/product\/yoast-seo-wordpress\/ -->\n<title>Ljubu\u0161aci Miro Petrovi\u0107 i Azemina Krehi\u0107 dobitnici nagrada Fondacije za izdava\u0161tvo BiH - RADIO LJUBU\u0160KI<\/title>\n<meta name=\"robots\" content=\"index, follow, max-snippet:-1, max-image-preview:large, max-video-preview:-1\" \/>\n<link rel=\"canonical\" href=\"https:\/\/radioljubuski.ba\/index.php\/2021\/08\/31\/ljubusaci-miro-petrovic-i-azemina-krehic-dobitnici-nagrada-fondacije-za-izdavastvo-bih\/\" \/>\n<meta property=\"og:locale\" content=\"hr_HR\" \/>\n<meta property=\"og:type\" content=\"article\" \/>\n<meta property=\"og:title\" content=\"Ljubu\u0161aci Miro Petrovi\u0107 i Azemina Krehi\u0107 dobitnici nagrada Fondacije za izdava\u0161tvo BiH - RADIO LJUBU\u0160KI\" \/>\n<meta property=\"og:description\" content=\"Fondacija za izdava\u0161tvo u Sarajevu svake godine raspisuje natje\u010daj za nova neobjavljena djela doma\u0107ih autora. Prijave su anonimne a ove godine je nagra\u0111eno dvanaest rukopisa. Nagra\u0111eni su oni rukopisi, odnosno autori kojima je tro\u010dlano povjerenstvo ( Jagoda Ili\u010di\u0107, Tina Laco, Nehrudin Rebihi\u0107) dodijelilo najvi\u0161e bodova a to su : Zlatko Top\u010di\u0107, Azemina Krehi\u0107, Izet Perviz, [&hellip;]\" \/>\n<meta property=\"og:url\" content=\"https:\/\/radioljubuski.ba\/index.php\/2021\/08\/31\/ljubusaci-miro-petrovic-i-azemina-krehic-dobitnici-nagrada-fondacije-za-izdavastvo-bih\/\" \/>\n<meta property=\"og:site_name\" content=\"RADIO LJUBU\u0160KI\" \/>\n<meta property=\"article:publisher\" content=\"https:\/\/www.facebook.com\/Radiio-Ljubuski-1490835324566332\" \/>\n<meta property=\"article:published_time\" content=\"2021-08-31T08:29:02+00:00\" \/>\n<meta property=\"article:modified_time\" content=\"2021-08-31T08:29:04+00:00\" \/>\n<meta property=\"og:image\" content=\"https:\/\/radioljubuski.ba\/wp-content\/uploads\/2021\/08\/Azemina2-721x385-1.jpg\" \/>\n\t<meta property=\"og:image:width\" content=\"721\" \/>\n\t<meta property=\"og:image:height\" content=\"385\" \/>\n\t<meta property=\"og:image:type\" content=\"image\/jpeg\" \/>\n<meta name=\"author\" content=\"Radio Ljubu\u0161ki\" \/>\n<meta name=\"twitter:card\" content=\"summary_large_image\" \/>\n<meta name=\"twitter:creator\" content=\"@radioljubuski\" \/>\n<meta name=\"twitter:site\" content=\"@radioljubuski\" \/>\n<meta name=\"twitter:label1\" content=\"Napisao\/la\" \/>\n\t<meta name=\"twitter:data1\" content=\"Radio Ljubu\u0161ki\" \/>\n\t<meta name=\"twitter:label2\" content=\"Procijenjeno vrijeme \u010ditanja\" \/>\n\t<meta name=\"twitter:data2\" content=\"2 minute\" \/>\n<script type=\"application\/ld+json\" class=\"yoast-schema-graph\">{\"@context\":\"https:\\\/\\\/schema.org\",\"@graph\":[{\"@type\":\"Article\",\"@id\":\"https:\\\/\\\/radioljubuski.ba\\\/index.php\\\/2021\\\/08\\\/31\\\/ljubusaci-miro-petrovic-i-azemina-krehic-dobitnici-nagrada-fondacije-za-izdavastvo-bih\\\/#article\",\"isPartOf\":{\"@id\":\"https:\\\/\\\/radioljubuski.ba\\\/index.php\\\/2021\\\/08\\\/31\\\/ljubusaci-miro-petrovic-i-azemina-krehic-dobitnici-nagrada-fondacije-za-izdavastvo-bih\\\/\"},\"author\":{\"name\":\"Radio Ljubu\u0161ki\",\"@id\":\"https:\\\/\\\/radioljubuski.ba\\\/#\\\/schema\\\/person\\\/19fc700381a780f69665d7956c469e3b\"},\"headline\":\"Ljubu\u0161aci Miro Petrovi\u0107 i Azemina Krehi\u0107 dobitnici nagrada Fondacije za izdava\u0161tvo BiH\",\"datePublished\":\"2021-08-31T08:29:02+00:00\",\"dateModified\":\"2021-08-31T08:29:04+00:00\",\"mainEntityOfPage\":{\"@id\":\"https:\\\/\\\/radioljubuski.ba\\\/index.php\\\/2021\\\/08\\\/31\\\/ljubusaci-miro-petrovic-i-azemina-krehic-dobitnici-nagrada-fondacije-za-izdavastvo-bih\\\/\"},\"wordCount\":346,\"publisher\":{\"@id\":\"https:\\\/\\\/radioljubuski.ba\\\/#organization\"},\"image\":{\"@id\":\"https:\\\/\\\/radioljubuski.ba\\\/index.php\\\/2021\\\/08\\\/31\\\/ljubusaci-miro-petrovic-i-azemina-krehic-dobitnici-nagrada-fondacije-za-izdavastvo-bih\\\/#primaryimage\"},\"thumbnailUrl\":\"https:\\\/\\\/radioljubuski.ba\\\/wp-content\\\/uploads\\\/2021\\\/08\\\/Azemina2-721x385-1.jpg\",\"articleSection\":[\"Ljubu\u0161ki\"],\"inLanguage\":\"hr\"},{\"@type\":\"WebPage\",\"@id\":\"https:\\\/\\\/radioljubuski.ba\\\/index.php\\\/2021\\\/08\\\/31\\\/ljubusaci-miro-petrovic-i-azemina-krehic-dobitnici-nagrada-fondacije-za-izdavastvo-bih\\\/\",\"url\":\"https:\\\/\\\/radioljubuski.ba\\\/index.php\\\/2021\\\/08\\\/31\\\/ljubusaci-miro-petrovic-i-azemina-krehic-dobitnici-nagrada-fondacije-za-izdavastvo-bih\\\/\",\"name\":\"Ljubu\u0161aci Miro Petrovi\u0107 i Azemina Krehi\u0107 dobitnici nagrada Fondacije za izdava\u0161tvo BiH - RADIO LJUBU\u0160KI\",\"isPartOf\":{\"@id\":\"https:\\\/\\\/radioljubuski.ba\\\/#website\"},\"primaryImageOfPage\":{\"@id\":\"https:\\\/\\\/radioljubuski.ba\\\/index.php\\\/2021\\\/08\\\/31\\\/ljubusaci-miro-petrovic-i-azemina-krehic-dobitnici-nagrada-fondacije-za-izdavastvo-bih\\\/#primaryimage\"},\"image\":{\"@id\":\"https:\\\/\\\/radioljubuski.ba\\\/index.php\\\/2021\\\/08\\\/31\\\/ljubusaci-miro-petrovic-i-azemina-krehic-dobitnici-nagrada-fondacije-za-izdavastvo-bih\\\/#primaryimage\"},\"thumbnailUrl\":\"https:\\\/\\\/radioljubuski.ba\\\/wp-content\\\/uploads\\\/2021\\\/08\\\/Azemina2-721x385-1.jpg\",\"datePublished\":\"2021-08-31T08:29:02+00:00\",\"dateModified\":\"2021-08-31T08:29:04+00:00\",\"breadcrumb\":{\"@id\":\"https:\\\/\\\/radioljubuski.ba\\\/index.php\\\/2021\\\/08\\\/31\\\/ljubusaci-miro-petrovic-i-azemina-krehic-dobitnici-nagrada-fondacije-za-izdavastvo-bih\\\/#breadcrumb\"},\"inLanguage\":\"hr\",\"potentialAction\":[{\"@type\":\"ReadAction\",\"target\":[\"https:\\\/\\\/radioljubuski.ba\\\/index.php\\\/2021\\\/08\\\/31\\\/ljubusaci-miro-petrovic-i-azemina-krehic-dobitnici-nagrada-fondacije-za-izdavastvo-bih\\\/\"]}]},{\"@type\":\"ImageObject\",\"inLanguage\":\"hr\",\"@id\":\"https:\\\/\\\/radioljubuski.ba\\\/index.php\\\/2021\\\/08\\\/31\\\/ljubusaci-miro-petrovic-i-azemina-krehic-dobitnici-nagrada-fondacije-za-izdavastvo-bih\\\/#primaryimage\",\"url\":\"https:\\\/\\\/radioljubuski.ba\\\/wp-content\\\/uploads\\\/2021\\\/08\\\/Azemina2-721x385-1.jpg\",\"contentUrl\":\"https:\\\/\\\/radioljubuski.ba\\\/wp-content\\\/uploads\\\/2021\\\/08\\\/Azemina2-721x385-1.jpg\",\"width\":721,\"height\":385},{\"@type\":\"BreadcrumbList\",\"@id\":\"https:\\\/\\\/radioljubuski.ba\\\/index.php\\\/2021\\\/08\\\/31\\\/ljubusaci-miro-petrovic-i-azemina-krehic-dobitnici-nagrada-fondacije-za-izdavastvo-bih\\\/#breadcrumb\",\"itemListElement\":[{\"@type\":\"ListItem\",\"position\":1,\"name\":\"Po\u010detna stranica\",\"item\":\"https:\\\/\\\/radioljubuski.ba\\\/\"},{\"@type\":\"ListItem\",\"position\":2,\"name\":\"Ljubu\u0161aci Miro Petrovi\u0107 i Azemina Krehi\u0107 dobitnici nagrada Fondacije za izdava\u0161tvo BiH\"}]},{\"@type\":\"WebSite\",\"@id\":\"https:\\\/\\\/radioljubuski.ba\\\/#website\",\"url\":\"https:\\\/\\\/radioljubuski.ba\\\/\",\"name\":\"Radio Ljubu\u0161ki\",\"description\":\"Sun\u010dana frekvencija Hercegovine\",\"publisher\":{\"@id\":\"https:\\\/\\\/radioljubuski.ba\\\/#organization\"},\"potentialAction\":[{\"@type\":\"SearchAction\",\"target\":{\"@type\":\"EntryPoint\",\"urlTemplate\":\"https:\\\/\\\/radioljubuski.ba\\\/?s={search_term_string}\"},\"query-input\":{\"@type\":\"PropertyValueSpecification\",\"valueRequired\":true,\"valueName\":\"search_term_string\"}}],\"inLanguage\":\"hr\"},{\"@type\":\"Organization\",\"@id\":\"https:\\\/\\\/radioljubuski.ba\\\/#organization\",\"name\":\"Radio Ljubu\u0161ki\",\"url\":\"https:\\\/\\\/radioljubuski.ba\\\/\",\"logo\":{\"@type\":\"ImageObject\",\"inLanguage\":\"hr\",\"@id\":\"https:\\\/\\\/radioljubuski.ba\\\/#\\\/schema\\\/logo\\\/image\\\/\",\"url\":\"https:\\\/\\\/radioljubuski.ba\\\/wp-content\\\/uploads\\\/2021\\\/02\\\/cropped-Radio_Ljubuski_logo1.jpg\",\"contentUrl\":\"https:\\\/\\\/radioljubuski.ba\\\/wp-content\\\/uploads\\\/2021\\\/02\\\/cropped-Radio_Ljubuski_logo1.jpg\",\"width\":512,\"height\":512,\"caption\":\"Radio Ljubu\u0161ki\"},\"image\":{\"@id\":\"https:\\\/\\\/radioljubuski.ba\\\/#\\\/schema\\\/logo\\\/image\\\/\"},\"sameAs\":[\"https:\\\/\\\/www.facebook.com\\\/Radiio-Ljubuski-1490835324566332\",\"https:\\\/\\\/x.com\\\/radioljubuski\",\"https:\\\/\\\/hr.linkedin.com\\\/company\\\/radio-ljubuski\",\"https:\\\/\\\/www.youtube.com\\\/channel\\\/UCHYaeO_n0Db3tjNGudGpXyw\"]},{\"@type\":\"Person\",\"@id\":\"https:\\\/\\\/radioljubuski.ba\\\/#\\\/schema\\\/person\\\/19fc700381a780f69665d7956c469e3b\",\"name\":\"Radio Ljubu\u0161ki\"}]}<\/script>\n<!-- \/ Yoast SEO plugin. -->","yoast_head_json":{"title":"Ljubu\u0161aci Miro Petrovi\u0107 i Azemina Krehi\u0107 dobitnici nagrada Fondacije za izdava\u0161tvo BiH - RADIO LJUBU\u0160KI","robots":{"index":"index","follow":"follow","max-snippet":"max-snippet:-1","max-image-preview":"max-image-preview:large","max-video-preview":"max-video-preview:-1"},"canonical":"https:\/\/radioljubuski.ba\/index.php\/2021\/08\/31\/ljubusaci-miro-petrovic-i-azemina-krehic-dobitnici-nagrada-fondacije-za-izdavastvo-bih\/","og_locale":"hr_HR","og_type":"article","og_title":"Ljubu\u0161aci Miro Petrovi\u0107 i Azemina Krehi\u0107 dobitnici nagrada Fondacije za izdava\u0161tvo BiH - RADIO LJUBU\u0160KI","og_description":"Fondacija za izdava\u0161tvo u Sarajevu svake godine raspisuje natje\u010daj za nova neobjavljena djela doma\u0107ih autora. Prijave su anonimne a ove godine je nagra\u0111eno dvanaest rukopisa. Nagra\u0111eni su oni rukopisi, odnosno autori kojima je tro\u010dlano povjerenstvo ( Jagoda Ili\u010di\u0107, Tina Laco, Nehrudin Rebihi\u0107) dodijelilo najvi\u0161e bodova a to su : Zlatko Top\u010di\u0107, Azemina Krehi\u0107, Izet Perviz, [&hellip;]","og_url":"https:\/\/radioljubuski.ba\/index.php\/2021\/08\/31\/ljubusaci-miro-petrovic-i-azemina-krehic-dobitnici-nagrada-fondacije-za-izdavastvo-bih\/","og_site_name":"RADIO LJUBU\u0160KI","article_publisher":"https:\/\/www.facebook.com\/Radiio-Ljubuski-1490835324566332","article_published_time":"2021-08-31T08:29:02+00:00","article_modified_time":"2021-08-31T08:29:04+00:00","og_image":[{"width":721,"height":385,"url":"https:\/\/radioljubuski.ba\/wp-content\/uploads\/2021\/08\/Azemina2-721x385-1.jpg","type":"image\/jpeg"}],"author":"Radio Ljubu\u0161ki","twitter_card":"summary_large_image","twitter_creator":"@radioljubuski","twitter_site":"@radioljubuski","twitter_misc":{"Napisao\/la":"Radio Ljubu\u0161ki","Procijenjeno vrijeme \u010ditanja":"2 minute"},"schema":{"@context":"https:\/\/schema.org","@graph":[{"@type":"Article","@id":"https:\/\/radioljubuski.ba\/index.php\/2021\/08\/31\/ljubusaci-miro-petrovic-i-azemina-krehic-dobitnici-nagrada-fondacije-za-izdavastvo-bih\/#article","isPartOf":{"@id":"https:\/\/radioljubuski.ba\/index.php\/2021\/08\/31\/ljubusaci-miro-petrovic-i-azemina-krehic-dobitnici-nagrada-fondacije-za-izdavastvo-bih\/"},"author":{"name":"Radio Ljubu\u0161ki","@id":"https:\/\/radioljubuski.ba\/#\/schema\/person\/19fc700381a780f69665d7956c469e3b"},"headline":"Ljubu\u0161aci Miro Petrovi\u0107 i Azemina Krehi\u0107 dobitnici nagrada Fondacije za izdava\u0161tvo BiH","datePublished":"2021-08-31T08:29:02+00:00","dateModified":"2021-08-31T08:29:04+00:00","mainEntityOfPage":{"@id":"https:\/\/radioljubuski.ba\/index.php\/2021\/08\/31\/ljubusaci-miro-petrovic-i-azemina-krehic-dobitnici-nagrada-fondacije-za-izdavastvo-bih\/"},"wordCount":346,"publisher":{"@id":"https:\/\/radioljubuski.ba\/#organization"},"image":{"@id":"https:\/\/radioljubuski.ba\/index.php\/2021\/08\/31\/ljubusaci-miro-petrovic-i-azemina-krehic-dobitnici-nagrada-fondacije-za-izdavastvo-bih\/#primaryimage"},"thumbnailUrl":"https:\/\/radioljubuski.ba\/wp-content\/uploads\/2021\/08\/Azemina2-721x385-1.jpg","articleSection":["Ljubu\u0161ki"],"inLanguage":"hr"},{"@type":"WebPage","@id":"https:\/\/radioljubuski.ba\/index.php\/2021\/08\/31\/ljubusaci-miro-petrovic-i-azemina-krehic-dobitnici-nagrada-fondacije-za-izdavastvo-bih\/","url":"https:\/\/radioljubuski.ba\/index.php\/2021\/08\/31\/ljubusaci-miro-petrovic-i-azemina-krehic-dobitnici-nagrada-fondacije-za-izdavastvo-bih\/","name":"Ljubu\u0161aci Miro Petrovi\u0107 i Azemina Krehi\u0107 dobitnici nagrada Fondacije za izdava\u0161tvo BiH - RADIO LJUBU\u0160KI","isPartOf":{"@id":"https:\/\/radioljubuski.ba\/#website"},"primaryImageOfPage":{"@id":"https:\/\/radioljubuski.ba\/index.php\/2021\/08\/31\/ljubusaci-miro-petrovic-i-azemina-krehic-dobitnici-nagrada-fondacije-za-izdavastvo-bih\/#primaryimage"},"image":{"@id":"https:\/\/radioljubuski.ba\/index.php\/2021\/08\/31\/ljubusaci-miro-petrovic-i-azemina-krehic-dobitnici-nagrada-fondacije-za-izdavastvo-bih\/#primaryimage"},"thumbnailUrl":"https:\/\/radioljubuski.ba\/wp-content\/uploads\/2021\/08\/Azemina2-721x385-1.jpg","datePublished":"2021-08-31T08:29:02+00:00","dateModified":"2021-08-31T08:29:04+00:00","breadcrumb":{"@id":"https:\/\/radioljubuski.ba\/index.php\/2021\/08\/31\/ljubusaci-miro-petrovic-i-azemina-krehic-dobitnici-nagrada-fondacije-za-izdavastvo-bih\/#breadcrumb"},"inLanguage":"hr","potentialAction":[{"@type":"ReadAction","target":["https:\/\/radioljubuski.ba\/index.php\/2021\/08\/31\/ljubusaci-miro-petrovic-i-azemina-krehic-dobitnici-nagrada-fondacije-za-izdavastvo-bih\/"]}]},{"@type":"ImageObject","inLanguage":"hr","@id":"https:\/\/radioljubuski.ba\/index.php\/2021\/08\/31\/ljubusaci-miro-petrovic-i-azemina-krehic-dobitnici-nagrada-fondacije-za-izdavastvo-bih\/#primaryimage","url":"https:\/\/radioljubuski.ba\/wp-content\/uploads\/2021\/08\/Azemina2-721x385-1.jpg","contentUrl":"https:\/\/radioljubuski.ba\/wp-content\/uploads\/2021\/08\/Azemina2-721x385-1.jpg","width":721,"height":385},{"@type":"BreadcrumbList","@id":"https:\/\/radioljubuski.ba\/index.php\/2021\/08\/31\/ljubusaci-miro-petrovic-i-azemina-krehic-dobitnici-nagrada-fondacije-za-izdavastvo-bih\/#breadcrumb","itemListElement":[{"@type":"ListItem","position":1,"name":"Po\u010detna stranica","item":"https:\/\/radioljubuski.ba\/"},{"@type":"ListItem","position":2,"name":"Ljubu\u0161aci Miro Petrovi\u0107 i Azemina Krehi\u0107 dobitnici nagrada Fondacije za izdava\u0161tvo BiH"}]},{"@type":"WebSite","@id":"https:\/\/radioljubuski.ba\/#website","url":"https:\/\/radioljubuski.ba\/","name":"Radio Ljubu\u0161ki","description":"Sun\u010dana frekvencija Hercegovine","publisher":{"@id":"https:\/\/radioljubuski.ba\/#organization"},"potentialAction":[{"@type":"SearchAction","target":{"@type":"EntryPoint","urlTemplate":"https:\/\/radioljubuski.ba\/?s={search_term_string}"},"query-input":{"@type":"PropertyValueSpecification","valueRequired":true,"valueName":"search_term_string"}}],"inLanguage":"hr"},{"@type":"Organization","@id":"https:\/\/radioljubuski.ba\/#organization","name":"Radio Ljubu\u0161ki","url":"https:\/\/radioljubuski.ba\/","logo":{"@type":"ImageObject","inLanguage":"hr","@id":"https:\/\/radioljubuski.ba\/#\/schema\/logo\/image\/","url":"https:\/\/radioljubuski.ba\/wp-content\/uploads\/2021\/02\/cropped-Radio_Ljubuski_logo1.jpg","contentUrl":"https:\/\/radioljubuski.ba\/wp-content\/uploads\/2021\/02\/cropped-Radio_Ljubuski_logo1.jpg","width":512,"height":512,"caption":"Radio Ljubu\u0161ki"},"image":{"@id":"https:\/\/radioljubuski.ba\/#\/schema\/logo\/image\/"},"sameAs":["https:\/\/www.facebook.com\/Radiio-Ljubuski-1490835324566332","https:\/\/x.com\/radioljubuski","https:\/\/hr.linkedin.com\/company\/radio-ljubuski","https:\/\/www.youtube.com\/channel\/UCHYaeO_n0Db3tjNGudGpXyw"]},{"@type":"Person","@id":"https:\/\/radioljubuski.ba\/#\/schema\/person\/19fc700381a780f69665d7956c469e3b","name":"Radio Ljubu\u0161ki"}]}},"_links":{"self":[{"href":"https:\/\/radioljubuski.ba\/index.php\/wp-json\/wp\/v2\/posts\/59335","targetHints":{"allow":["GET"]}}],"collection":[{"href":"https:\/\/radioljubuski.ba\/index.php\/wp-json\/wp\/v2\/posts"}],"about":[{"href":"https:\/\/radioljubuski.ba\/index.php\/wp-json\/wp\/v2\/types\/post"}],"author":[{"embeddable":true,"href":"https:\/\/radioljubuski.ba\/index.php\/wp-json\/wp\/v2\/users\/2"}],"replies":[{"embeddable":true,"href":"https:\/\/radioljubuski.ba\/index.php\/wp-json\/wp\/v2\/comments?post=59335"}],"version-history":[{"count":1,"href":"https:\/\/radioljubuski.ba\/index.php\/wp-json\/wp\/v2\/posts\/59335\/revisions"}],"predecessor-version":[{"id":59342,"href":"https:\/\/radioljubuski.ba\/index.php\/wp-json\/wp\/v2\/posts\/59335\/revisions\/59342"}],"wp:featuredmedia":[{"embeddable":true,"href":"https:\/\/radioljubuski.ba\/index.php\/wp-json\/wp\/v2\/media\/59340"}],"wp:attachment":[{"href":"https:\/\/radioljubuski.ba\/index.php\/wp-json\/wp\/v2\/media?parent=59335"}],"wp:term":[{"taxonomy":"category","embeddable":true,"href":"https:\/\/radioljubuski.ba\/index.php\/wp-json\/wp\/v2\/categories?post=59335"},{"taxonomy":"post_tag","embeddable":true,"href":"https:\/\/radioljubuski.ba\/index.php\/wp-json\/wp\/v2\/tags?post=59335"}],"curies":[{"name":"wp","href":"https:\/\/api.w.org\/{rel}","templated":true}]}}