{"id":59534,"date":"2021-08-31T20:43:09","date_gmt":"2021-08-31T19:43:09","guid":{"rendered":"https:\/\/radioljubuski.ba\/?p=59534"},"modified":"2021-08-31T20:43:11","modified_gmt":"2021-08-31T19:43:11","slug":"maric-i-kordic-pitanje-oko-izborne-komisije-se-previse-politizira","status":"publish","type":"post","link":"https:\/\/radioljubuski.ba\/index.php\/2021\/08\/31\/maric-i-kordic-pitanje-oko-izborne-komisije-se-previse-politizira\/","title":{"rendered":"Mari\u0107 i Kordi\u0107: Pitanje oko izborne komisije se previ\u0161e politizira"},"content":{"rendered":"\n<p>Predsjednik Gradskog vije\u0107a Mostara Salem Mari\u0107 izjavio je u utorak kako nema ni\u0161ta sporno oko Odluke o raspisivanju javnog natje\u010daja za izbor \u010dlanova izborne komisije Grada Mostara koja je usvojena na dana\u0161njoj sjednici Vije\u0107a naglasiv\u0161i da u tu odluku ni\u0161ta nije stavljeno mimo uputa koje su dobili od Sredi\u0161nje izborne komisije (SIK).<\/p>\n\n\n\n<p>&#8211; Mi smo od Sredi\u0161nje izborne komisije dobili jedno obavje\u0161tenje, ustvari hitan akt da zavr\u0161imo izbor Gradske izborne komisije do 30. Listopada ove godine, jer ova Gradska izborna komisija ima privremeni karakter koji joj je dala Sredi\u0161nja izborna komisija i ako mi to ne uradimo do 30. listopada onda SIK ka\u017ee da \u0107e oni izvr\u0161iti imenovanja drugih \u010dlanova te izborne komisije &#8211; naglasio je Mari\u0107.<\/p>\n\n\n\n<p>Dodao je kako su se isklju\u010divo vodili zakonima koji tretiraju ovu oblast, kao i uputama koje su dobili od SIK-a o na\u010dinu provo\u0111enja natje\u010daja za izbor kandidata u Gradsku izbornu komisiju.<\/p>\n\n\n\n<p>&#8211; Isklju\u010divo smo se vodili tim uputama i ni\u0161ta mimo te upute nije stavljeno u ovu odluku iz koje \u0107e se proizvesti i ovaj konkurs koji \u0107e biti objavljen u Slu\u017ebenom glasniku i dvije dnevne novine u FBiH &#8211; utvrdio je Mari\u0107, te dodao kako neki politi\u010dki subjekti na ovom pitanju \u017eele da uberu politi\u010dke bodove.<\/p>\n\n\n\n<p>Da se ova tema previ\u0161e politizira mi\u0161ljenja je i gradona\u010delnik Mostara Mario Kordi\u0107, koji ka\u017ee kako su ispo\u0161tovane sve procedure te da tu trenutno ne vidi nikakav problem.<\/p>\n\n\n\n<p>&#8211; Izbori su 2022. i mislim da sad to ne\u0161to ne bi trebali problematizirati. To je jedna vrlo logi\u010dna komisija koja \u0107e se baviti izborom kandidata za \u010dlanove Izborne komisije Grada Mostara. Ne vidim tu nikakav problem i mislim da se ova tema trenutno previ\u0161e politizira. Osobno, ovo bi se sve rije\u0161ilo vjerojatno da imamo elektronsko glasanje i onda ne bi pri\u010dali o ovome toliko \u017eustro. Mislim da su ispo\u0161tovane sve regule, sve procedure i dajte da izaberemo komisiju, pa mo\u017eda onda ako bude bilo kakvih sumnji da to i problematiziramo &#8211; poru\u010dio je Kordi\u0107.<\/p>\n\n\n\nhttps:\/\/www.youtube.com\/watch?v=Pf8DjQ1TbOE\n\n\n\n<p>Izvor:pogled.ba<\/p>\n","protected":false},"excerpt":{"rendered":"<p>Predsjednik Gradskog vije\u0107a Mostara Salem Mari\u0107 izjavio je u utorak kako nema ni\u0161ta sporno oko Odluke o raspisivanju javnog natje\u010daja za izbor \u010dlanova izborne komisije Grada Mostara koja je usvojena na dana\u0161njoj sjednici Vije\u0107a naglasiv\u0161i da u tu odluku ni\u0161ta nije stavljeno mimo uputa koje su dobili od Sredi\u0161nje izborne komisije (SIK). &#8211; Mi smo [&hellip;]<\/p>\n","protected":false},"author":2,"featured_media":59535,"comment_status":"closed","ping_status":"closed","sticky":false,"template":"","format":"standard","meta":{"h5ap_radio_sources":[],"footnotes":""},"categories":[1],"tags":[],"class_list":["post-59534","post","type-post","status-publish","format-standard","has-post-thumbnail","hentry","category-bihiregija"],"yoast_head":"<!-- This site is optimized with the Yoast SEO plugin v27.5 - https:\/\/yoast.com\/product\/yoast-seo-wordpress\/ -->\n<title>Mari\u0107 i Kordi\u0107: Pitanje oko izborne komisije se previ\u0161e politizira - RADIO LJUBU\u0160KI<\/title>\n<meta name=\"robots\" content=\"index, follow, max-snippet:-1, max-image-preview:large, max-video-preview:-1\" \/>\n<link rel=\"canonical\" href=\"https:\/\/radioljubuski.ba\/index.php\/2021\/08\/31\/maric-i-kordic-pitanje-oko-izborne-komisije-se-previse-politizira\/\" \/>\n<meta property=\"og:locale\" content=\"hr_HR\" \/>\n<meta property=\"og:type\" content=\"article\" \/>\n<meta property=\"og:title\" content=\"Mari\u0107 i Kordi\u0107: Pitanje oko izborne komisije se previ\u0161e politizira - RADIO LJUBU\u0160KI\" \/>\n<meta property=\"og:description\" content=\"Predsjednik Gradskog vije\u0107a Mostara Salem Mari\u0107 izjavio je u utorak kako nema ni\u0161ta sporno oko Odluke o raspisivanju javnog natje\u010daja za izbor \u010dlanova izborne komisije Grada Mostara koja je usvojena na dana\u0161njoj sjednici Vije\u0107a naglasiv\u0161i da u tu odluku ni\u0161ta nije stavljeno mimo uputa koje su dobili od Sredi\u0161nje izborne komisije (SIK). &#8211; Mi smo [&hellip;]\" \/>\n<meta property=\"og:url\" content=\"https:\/\/radioljubuski.ba\/index.php\/2021\/08\/31\/maric-i-kordic-pitanje-oko-izborne-komisije-se-previse-politizira\/\" \/>\n<meta property=\"og:site_name\" content=\"RADIO LJUBU\u0160KI\" \/>\n<meta property=\"article:publisher\" content=\"https:\/\/www.facebook.com\/Radiio-Ljubuski-1490835324566332\" \/>\n<meta property=\"article:published_time\" content=\"2021-08-31T19:43:09+00:00\" \/>\n<meta property=\"article:modified_time\" content=\"2021-08-31T19:43:11+00:00\" \/>\n<meta property=\"og:image\" content=\"https:\/\/radioljubuski.ba\/wp-content\/uploads\/2021\/08\/7-2021-08-31-16-18-37-FNA_147023.jpg\" \/>\n\t<meta property=\"og:image:width\" content=\"1000\" \/>\n\t<meta property=\"og:image:height\" content=\"625\" \/>\n\t<meta property=\"og:image:type\" content=\"image\/jpeg\" \/>\n<meta name=\"author\" content=\"Radio Ljubu\u0161ki\" \/>\n<meta name=\"twitter:card\" content=\"summary_large_image\" \/>\n<meta name=\"twitter:creator\" content=\"@radioljubuski\" \/>\n<meta name=\"twitter:site\" content=\"@radioljubuski\" \/>\n<meta name=\"twitter:label1\" content=\"Napisao\/la\" \/>\n\t<meta name=\"twitter:data1\" content=\"Radio Ljubu\u0161ki\" \/>\n\t<meta name=\"twitter:label2\" content=\"Procijenjeno vrijeme \u010ditanja\" \/>\n\t<meta name=\"twitter:data2\" content=\"2 minute\" \/>\n<script type=\"application\/ld+json\" class=\"yoast-schema-graph\">{\"@context\":\"https:\\\/\\\/schema.org\",\"@graph\":[{\"@type\":\"Article\",\"@id\":\"https:\\\/\\\/radioljubuski.ba\\\/index.php\\\/2021\\\/08\\\/31\\\/maric-i-kordic-pitanje-oko-izborne-komisije-se-previse-politizira\\\/#article\",\"isPartOf\":{\"@id\":\"https:\\\/\\\/radioljubuski.ba\\\/index.php\\\/2021\\\/08\\\/31\\\/maric-i-kordic-pitanje-oko-izborne-komisije-se-previse-politizira\\\/\"},\"author\":{\"name\":\"Radio Ljubu\u0161ki\",\"@id\":\"https:\\\/\\\/radioljubuski.ba\\\/#\\\/schema\\\/person\\\/19fc700381a780f69665d7956c469e3b\"},\"headline\":\"Mari\u0107 i Kordi\u0107: Pitanje oko izborne komisije se previ\u0161e politizira\",\"datePublished\":\"2021-08-31T19:43:09+00:00\",\"dateModified\":\"2021-08-31T19:43:11+00:00\",\"mainEntityOfPage\":{\"@id\":\"https:\\\/\\\/radioljubuski.ba\\\/index.php\\\/2021\\\/08\\\/31\\\/maric-i-kordic-pitanje-oko-izborne-komisije-se-previse-politizira\\\/\"},\"wordCount\":383,\"publisher\":{\"@id\":\"https:\\\/\\\/radioljubuski.ba\\\/#organization\"},\"image\":{\"@id\":\"https:\\\/\\\/radioljubuski.ba\\\/index.php\\\/2021\\\/08\\\/31\\\/maric-i-kordic-pitanje-oko-izborne-komisije-se-previse-politizira\\\/#primaryimage\"},\"thumbnailUrl\":\"https:\\\/\\\/radioljubuski.ba\\\/wp-content\\\/uploads\\\/2021\\\/08\\\/7-2021-08-31-16-18-37-FNA_147023.jpg\",\"articleSection\":[\"BIH i regija\"],\"inLanguage\":\"hr\"},{\"@type\":\"WebPage\",\"@id\":\"https:\\\/\\\/radioljubuski.ba\\\/index.php\\\/2021\\\/08\\\/31\\\/maric-i-kordic-pitanje-oko-izborne-komisije-se-previse-politizira\\\/\",\"url\":\"https:\\\/\\\/radioljubuski.ba\\\/index.php\\\/2021\\\/08\\\/31\\\/maric-i-kordic-pitanje-oko-izborne-komisije-se-previse-politizira\\\/\",\"name\":\"Mari\u0107 i Kordi\u0107: Pitanje oko izborne komisije se previ\u0161e politizira - RADIO LJUBU\u0160KI\",\"isPartOf\":{\"@id\":\"https:\\\/\\\/radioljubuski.ba\\\/#website\"},\"primaryImageOfPage\":{\"@id\":\"https:\\\/\\\/radioljubuski.ba\\\/index.php\\\/2021\\\/08\\\/31\\\/maric-i-kordic-pitanje-oko-izborne-komisije-se-previse-politizira\\\/#primaryimage\"},\"image\":{\"@id\":\"https:\\\/\\\/radioljubuski.ba\\\/index.php\\\/2021\\\/08\\\/31\\\/maric-i-kordic-pitanje-oko-izborne-komisije-se-previse-politizira\\\/#primaryimage\"},\"thumbnailUrl\":\"https:\\\/\\\/radioljubuski.ba\\\/wp-content\\\/uploads\\\/2021\\\/08\\\/7-2021-08-31-16-18-37-FNA_147023.jpg\",\"datePublished\":\"2021-08-31T19:43:09+00:00\",\"dateModified\":\"2021-08-31T19:43:11+00:00\",\"breadcrumb\":{\"@id\":\"https:\\\/\\\/radioljubuski.ba\\\/index.php\\\/2021\\\/08\\\/31\\\/maric-i-kordic-pitanje-oko-izborne-komisije-se-previse-politizira\\\/#breadcrumb\"},\"inLanguage\":\"hr\",\"potentialAction\":[{\"@type\":\"ReadAction\",\"target\":[\"https:\\\/\\\/radioljubuski.ba\\\/index.php\\\/2021\\\/08\\\/31\\\/maric-i-kordic-pitanje-oko-izborne-komisije-se-previse-politizira\\\/\"]}]},{\"@type\":\"ImageObject\",\"inLanguage\":\"hr\",\"@id\":\"https:\\\/\\\/radioljubuski.ba\\\/index.php\\\/2021\\\/08\\\/31\\\/maric-i-kordic-pitanje-oko-izborne-komisije-se-previse-politizira\\\/#primaryimage\",\"url\":\"https:\\\/\\\/radioljubuski.ba\\\/wp-content\\\/uploads\\\/2021\\\/08\\\/7-2021-08-31-16-18-37-FNA_147023.jpg\",\"contentUrl\":\"https:\\\/\\\/radioljubuski.ba\\\/wp-content\\\/uploads\\\/2021\\\/08\\\/7-2021-08-31-16-18-37-FNA_147023.jpg\",\"width\":1000,\"height\":625},{\"@type\":\"BreadcrumbList\",\"@id\":\"https:\\\/\\\/radioljubuski.ba\\\/index.php\\\/2021\\\/08\\\/31\\\/maric-i-kordic-pitanje-oko-izborne-komisije-se-previse-politizira\\\/#breadcrumb\",\"itemListElement\":[{\"@type\":\"ListItem\",\"position\":1,\"name\":\"Po\u010detna stranica\",\"item\":\"https:\\\/\\\/radioljubuski.ba\\\/\"},{\"@type\":\"ListItem\",\"position\":2,\"name\":\"Mari\u0107 i Kordi\u0107: Pitanje oko izborne komisije se previ\u0161e politizira\"}]},{\"@type\":\"WebSite\",\"@id\":\"https:\\\/\\\/radioljubuski.ba\\\/#website\",\"url\":\"https:\\\/\\\/radioljubuski.ba\\\/\",\"name\":\"Radio Ljubu\u0161ki\",\"description\":\"Sun\u010dana frekvencija Hercegovine\",\"publisher\":{\"@id\":\"https:\\\/\\\/radioljubuski.ba\\\/#organization\"},\"potentialAction\":[{\"@type\":\"SearchAction\",\"target\":{\"@type\":\"EntryPoint\",\"urlTemplate\":\"https:\\\/\\\/radioljubuski.ba\\\/?s={search_term_string}\"},\"query-input\":{\"@type\":\"PropertyValueSpecification\",\"valueRequired\":true,\"valueName\":\"search_term_string\"}}],\"inLanguage\":\"hr\"},{\"@type\":\"Organization\",\"@id\":\"https:\\\/\\\/radioljubuski.ba\\\/#organization\",\"name\":\"Radio Ljubu\u0161ki\",\"url\":\"https:\\\/\\\/radioljubuski.ba\\\/\",\"logo\":{\"@type\":\"ImageObject\",\"inLanguage\":\"hr\",\"@id\":\"https:\\\/\\\/radioljubuski.ba\\\/#\\\/schema\\\/logo\\\/image\\\/\",\"url\":\"https:\\\/\\\/radioljubuski.ba\\\/wp-content\\\/uploads\\\/2021\\\/02\\\/cropped-Radio_Ljubuski_logo1.jpg\",\"contentUrl\":\"https:\\\/\\\/radioljubuski.ba\\\/wp-content\\\/uploads\\\/2021\\\/02\\\/cropped-Radio_Ljubuski_logo1.jpg\",\"width\":512,\"height\":512,\"caption\":\"Radio Ljubu\u0161ki\"},\"image\":{\"@id\":\"https:\\\/\\\/radioljubuski.ba\\\/#\\\/schema\\\/logo\\\/image\\\/\"},\"sameAs\":[\"https:\\\/\\\/www.facebook.com\\\/Radiio-Ljubuski-1490835324566332\",\"https:\\\/\\\/x.com\\\/radioljubuski\",\"https:\\\/\\\/hr.linkedin.com\\\/company\\\/radio-ljubuski\",\"https:\\\/\\\/www.youtube.com\\\/channel\\\/UCHYaeO_n0Db3tjNGudGpXyw\"]},{\"@type\":\"Person\",\"@id\":\"https:\\\/\\\/radioljubuski.ba\\\/#\\\/schema\\\/person\\\/19fc700381a780f69665d7956c469e3b\",\"name\":\"Radio Ljubu\u0161ki\"}]}<\/script>\n<!-- \/ Yoast SEO plugin. -->","yoast_head_json":{"title":"Mari\u0107 i Kordi\u0107: Pitanje oko izborne komisije se previ\u0161e politizira - RADIO LJUBU\u0160KI","robots":{"index":"index","follow":"follow","max-snippet":"max-snippet:-1","max-image-preview":"max-image-preview:large","max-video-preview":"max-video-preview:-1"},"canonical":"https:\/\/radioljubuski.ba\/index.php\/2021\/08\/31\/maric-i-kordic-pitanje-oko-izborne-komisije-se-previse-politizira\/","og_locale":"hr_HR","og_type":"article","og_title":"Mari\u0107 i Kordi\u0107: Pitanje oko izborne komisije se previ\u0161e politizira - RADIO LJUBU\u0160KI","og_description":"Predsjednik Gradskog vije\u0107a Mostara Salem Mari\u0107 izjavio je u utorak kako nema ni\u0161ta sporno oko Odluke o raspisivanju javnog natje\u010daja za izbor \u010dlanova izborne komisije Grada Mostara koja je usvojena na dana\u0161njoj sjednici Vije\u0107a naglasiv\u0161i da u tu odluku ni\u0161ta nije stavljeno mimo uputa koje su dobili od Sredi\u0161nje izborne komisije (SIK). &#8211; Mi smo [&hellip;]","og_url":"https:\/\/radioljubuski.ba\/index.php\/2021\/08\/31\/maric-i-kordic-pitanje-oko-izborne-komisije-se-previse-politizira\/","og_site_name":"RADIO LJUBU\u0160KI","article_publisher":"https:\/\/www.facebook.com\/Radiio-Ljubuski-1490835324566332","article_published_time":"2021-08-31T19:43:09+00:00","article_modified_time":"2021-08-31T19:43:11+00:00","og_image":[{"width":1000,"height":625,"url":"https:\/\/radioljubuski.ba\/wp-content\/uploads\/2021\/08\/7-2021-08-31-16-18-37-FNA_147023.jpg","type":"image\/jpeg"}],"author":"Radio Ljubu\u0161ki","twitter_card":"summary_large_image","twitter_creator":"@radioljubuski","twitter_site":"@radioljubuski","twitter_misc":{"Napisao\/la":"Radio Ljubu\u0161ki","Procijenjeno vrijeme \u010ditanja":"2 minute"},"schema":{"@context":"https:\/\/schema.org","@graph":[{"@type":"Article","@id":"https:\/\/radioljubuski.ba\/index.php\/2021\/08\/31\/maric-i-kordic-pitanje-oko-izborne-komisije-se-previse-politizira\/#article","isPartOf":{"@id":"https:\/\/radioljubuski.ba\/index.php\/2021\/08\/31\/maric-i-kordic-pitanje-oko-izborne-komisije-se-previse-politizira\/"},"author":{"name":"Radio Ljubu\u0161ki","@id":"https:\/\/radioljubuski.ba\/#\/schema\/person\/19fc700381a780f69665d7956c469e3b"},"headline":"Mari\u0107 i Kordi\u0107: Pitanje oko izborne komisije se previ\u0161e politizira","datePublished":"2021-08-31T19:43:09+00:00","dateModified":"2021-08-31T19:43:11+00:00","mainEntityOfPage":{"@id":"https:\/\/radioljubuski.ba\/index.php\/2021\/08\/31\/maric-i-kordic-pitanje-oko-izborne-komisije-se-previse-politizira\/"},"wordCount":383,"publisher":{"@id":"https:\/\/radioljubuski.ba\/#organization"},"image":{"@id":"https:\/\/radioljubuski.ba\/index.php\/2021\/08\/31\/maric-i-kordic-pitanje-oko-izborne-komisije-se-previse-politizira\/#primaryimage"},"thumbnailUrl":"https:\/\/radioljubuski.ba\/wp-content\/uploads\/2021\/08\/7-2021-08-31-16-18-37-FNA_147023.jpg","articleSection":["BIH i regija"],"inLanguage":"hr"},{"@type":"WebPage","@id":"https:\/\/radioljubuski.ba\/index.php\/2021\/08\/31\/maric-i-kordic-pitanje-oko-izborne-komisije-se-previse-politizira\/","url":"https:\/\/radioljubuski.ba\/index.php\/2021\/08\/31\/maric-i-kordic-pitanje-oko-izborne-komisije-se-previse-politizira\/","name":"Mari\u0107 i Kordi\u0107: Pitanje oko izborne komisije se previ\u0161e politizira - RADIO LJUBU\u0160KI","isPartOf":{"@id":"https:\/\/radioljubuski.ba\/#website"},"primaryImageOfPage":{"@id":"https:\/\/radioljubuski.ba\/index.php\/2021\/08\/31\/maric-i-kordic-pitanje-oko-izborne-komisije-se-previse-politizira\/#primaryimage"},"image":{"@id":"https:\/\/radioljubuski.ba\/index.php\/2021\/08\/31\/maric-i-kordic-pitanje-oko-izborne-komisije-se-previse-politizira\/#primaryimage"},"thumbnailUrl":"https:\/\/radioljubuski.ba\/wp-content\/uploads\/2021\/08\/7-2021-08-31-16-18-37-FNA_147023.jpg","datePublished":"2021-08-31T19:43:09+00:00","dateModified":"2021-08-31T19:43:11+00:00","breadcrumb":{"@id":"https:\/\/radioljubuski.ba\/index.php\/2021\/08\/31\/maric-i-kordic-pitanje-oko-izborne-komisije-se-previse-politizira\/#breadcrumb"},"inLanguage":"hr","potentialAction":[{"@type":"ReadAction","target":["https:\/\/radioljubuski.ba\/index.php\/2021\/08\/31\/maric-i-kordic-pitanje-oko-izborne-komisije-se-previse-politizira\/"]}]},{"@type":"ImageObject","inLanguage":"hr","@id":"https:\/\/radioljubuski.ba\/index.php\/2021\/08\/31\/maric-i-kordic-pitanje-oko-izborne-komisije-se-previse-politizira\/#primaryimage","url":"https:\/\/radioljubuski.ba\/wp-content\/uploads\/2021\/08\/7-2021-08-31-16-18-37-FNA_147023.jpg","contentUrl":"https:\/\/radioljubuski.ba\/wp-content\/uploads\/2021\/08\/7-2021-08-31-16-18-37-FNA_147023.jpg","width":1000,"height":625},{"@type":"BreadcrumbList","@id":"https:\/\/radioljubuski.ba\/index.php\/2021\/08\/31\/maric-i-kordic-pitanje-oko-izborne-komisije-se-previse-politizira\/#breadcrumb","itemListElement":[{"@type":"ListItem","position":1,"name":"Po\u010detna stranica","item":"https:\/\/radioljubuski.ba\/"},{"@type":"ListItem","position":2,"name":"Mari\u0107 i Kordi\u0107: Pitanje oko izborne komisije se previ\u0161e politizira"}]},{"@type":"WebSite","@id":"https:\/\/radioljubuski.ba\/#website","url":"https:\/\/radioljubuski.ba\/","name":"Radio Ljubu\u0161ki","description":"Sun\u010dana frekvencija Hercegovine","publisher":{"@id":"https:\/\/radioljubuski.ba\/#organization"},"potentialAction":[{"@type":"SearchAction","target":{"@type":"EntryPoint","urlTemplate":"https:\/\/radioljubuski.ba\/?s={search_term_string}"},"query-input":{"@type":"PropertyValueSpecification","valueRequired":true,"valueName":"search_term_string"}}],"inLanguage":"hr"},{"@type":"Organization","@id":"https:\/\/radioljubuski.ba\/#organization","name":"Radio Ljubu\u0161ki","url":"https:\/\/radioljubuski.ba\/","logo":{"@type":"ImageObject","inLanguage":"hr","@id":"https:\/\/radioljubuski.ba\/#\/schema\/logo\/image\/","url":"https:\/\/radioljubuski.ba\/wp-content\/uploads\/2021\/02\/cropped-Radio_Ljubuski_logo1.jpg","contentUrl":"https:\/\/radioljubuski.ba\/wp-content\/uploads\/2021\/02\/cropped-Radio_Ljubuski_logo1.jpg","width":512,"height":512,"caption":"Radio Ljubu\u0161ki"},"image":{"@id":"https:\/\/radioljubuski.ba\/#\/schema\/logo\/image\/"},"sameAs":["https:\/\/www.facebook.com\/Radiio-Ljubuski-1490835324566332","https:\/\/x.com\/radioljubuski","https:\/\/hr.linkedin.com\/company\/radio-ljubuski","https:\/\/www.youtube.com\/channel\/UCHYaeO_n0Db3tjNGudGpXyw"]},{"@type":"Person","@id":"https:\/\/radioljubuski.ba\/#\/schema\/person\/19fc700381a780f69665d7956c469e3b","name":"Radio Ljubu\u0161ki"}]}},"_links":{"self":[{"href":"https:\/\/radioljubuski.ba\/index.php\/wp-json\/wp\/v2\/posts\/59534","targetHints":{"allow":["GET"]}}],"collection":[{"href":"https:\/\/radioljubuski.ba\/index.php\/wp-json\/wp\/v2\/posts"}],"about":[{"href":"https:\/\/radioljubuski.ba\/index.php\/wp-json\/wp\/v2\/types\/post"}],"author":[{"embeddable":true,"href":"https:\/\/radioljubuski.ba\/index.php\/wp-json\/wp\/v2\/users\/2"}],"replies":[{"embeddable":true,"href":"https:\/\/radioljubuski.ba\/index.php\/wp-json\/wp\/v2\/comments?post=59534"}],"version-history":[{"count":1,"href":"https:\/\/radioljubuski.ba\/index.php\/wp-json\/wp\/v2\/posts\/59534\/revisions"}],"predecessor-version":[{"id":59536,"href":"https:\/\/radioljubuski.ba\/index.php\/wp-json\/wp\/v2\/posts\/59534\/revisions\/59536"}],"wp:featuredmedia":[{"embeddable":true,"href":"https:\/\/radioljubuski.ba\/index.php\/wp-json\/wp\/v2\/media\/59535"}],"wp:attachment":[{"href":"https:\/\/radioljubuski.ba\/index.php\/wp-json\/wp\/v2\/media?parent=59534"}],"wp:term":[{"taxonomy":"category","embeddable":true,"href":"https:\/\/radioljubuski.ba\/index.php\/wp-json\/wp\/v2\/categories?post=59534"},{"taxonomy":"post_tag","embeddable":true,"href":"https:\/\/radioljubuski.ba\/index.php\/wp-json\/wp\/v2\/tags?post=59534"}],"curies":[{"name":"wp","href":"https:\/\/api.w.org\/{rel}","templated":true}]}}