{"id":59540,"date":"2021-08-31T21:16:39","date_gmt":"2021-08-31T20:16:39","guid":{"rendered":"https:\/\/radioljubuski.ba\/?p=59540"},"modified":"2021-09-02T09:35:16","modified_gmt":"2021-09-02T08:35:16","slug":"razvoj-cikloturizma-zzh-ustupljena-bicikla-za-turisticke-svrhe","status":"publish","type":"post","link":"https:\/\/radioljubuski.ba\/index.php\/2021\/08\/31\/razvoj-cikloturizma-zzh-ustupljena-bicikla-za-turisticke-svrhe\/","title":{"rendered":"Razvoj cikloturizma: \u017dZH ustupljena bicikla za turisti\u010dke svrhe"},"content":{"rendered":"\n<p>U prostorijama Op\u0107ine Posu\u0161je u ponedjeljak je uprili\u010deno potpisivanje poslovno- tehni\u010dkih ugovora izme\u0111u Ureda Vlade \u017dupanije Zapadnohercegova\u010dke za europske integracije, gradova \u0160iroki Brijeg i Ljubu\u0161ki, te op\u0107ina Posu\u0161je i Grude.<\/p>\n\n\n\n<p>Ovim ugovorima partnerima se ustupaju bicikla koja su nabavljena u okviru projekta Cycling Rural i bit \u0107e kori\u0161tena u turisti\u010dke svrhe, a sve u cilju promocije i razvoja cikloturizma u Zapadnohercegova\u010dkoj \u017eupaniji.<\/p>\n\n\n\n<p>Svakom partneru kroz projekt je dodijeljeno po pet bicikla za brdski biciklizam koja \u0107e se iznajmljivati svim zainteresiranim gra\u0111anima, a lokalni biciklisti\u010dki klubovi mo\u0107i \u0107e ih koristiti za natjecanja i razli\u010dite biciklisti\u010dke doga\u0111aje.<\/p>\n\n\n\n<figure class=\"wp-block-image\"><img decoding=\"async\" src=\"http:\/\/www.eui-zzh.ba\/images\/novosti\/2021\/Photo_Sastanak_30.8._2_600_x_400.jpg\" alt=\"Photo Sastanak 30.8. 2 600 x 400\"\/><\/figure>\n\n\n\n<p>Isto tako, na \u010detiri lokacije u navedenim lokalnim zajednicama postavljene su stanice za popravke bicikla s potrebnim alatom i mogu\u0107no\u0161\u0107u punjenja baterija za bicikl, mobitele i sli\u010dno, koje su tako\u0111er financirane sredstvima Europske unije.<\/p>\n\n\n\n<p>U suradnji s lokalnim biciklisti\u010dkim klubovima u navedenim gradovima i op\u0107inama, svim zainteresiranim bit \u0107e omogu\u0107en najam bicikala, kao i kori\u0161tenje usluga ciklovodi\u010da certificiranih kroz obuke u projektu Cycling Rural.<\/p>\n\n\n\n<figure class=\"wp-block-image\"><img decoding=\"async\" src=\"http:\/\/www.eui-zzh.ba\/images\/novosti\/2021\/Photo_Sastanak_30.8._3_600_x_400.jpg\" alt=\"Photo Sastanak 30.8. 3 600 x 400\"\/><\/figure>\n\n\n\n<p>Ovo je jo\u0161 jedna u nizu aktivnosti u okviru projekta prekograni\u010dne suradnje &#8220;Biciklisti\u010dke rute za unapre\u0111enje prirodne i kulturne ba\u0161tine Hercegovine i Crne Gore \u2013 Cycling Rural\u201d, financiranog od strane Europske unije, priop\u0107eno je iz Op\u0107ine Posu\u0161je.<\/p>\n\n\n\n<p>Kako je istaknuto, sve zavr\u0161ene aktivnosti doprinose i uvo\u0111enju standarda kvalitete &#8220;Bike Friendly Concept&#8221;, \u0161to \u0107e pobolj\u0161ati turisti\u010dku ponudu cijele regije i izravno doprinijeti pove\u0107anju aktivnosti u ruralnim podru\u010djima Herceg Novog i Zapadnohercegova\u010dke \u017eupanije.<\/p>\n\n\n\n<figure class=\"wp-block-image\"><img decoding=\"async\" src=\"http:\/\/www.eui-zzh.ba\/images\/novosti\/2021\/Photo_Sastanak_30.8._4_600_x_400.jpg\" alt=\"Photo Sastanak 30.8. 4 600 x 400\"\/><\/figure>\n\n\n\n<p>Projekt &#8220;Biciklisti\u010dke rute za unapre\u0111enje prirodne i kulturne ba\u0161tine Hercegovine i Crne Gore \u2013 CyclingRural&#8221; je slu\u017ebeno zapo\u010deo 1. listopada 2019. godine, a provedba \u0107e trajati 24 mjeseca. Ukupna vrijednost projekta je 495.000 eura, od \u010dega Europska unija financira 400.000 eura bespovratnih sredstava.<\/p>\n\n\n\n<p>Partneri na projektu su Ured Vlade \u017dupanije Zapadnohercegova\u010dke za europske integracije kao nositelj projekta, gradovi \u0160iroki Brijeg i Ljubu\u0161ki, op\u0107ine Posu\u0161je i Grude, te Turisti\u010dka organizacija Herceg Novi (CG), stoji u priop\u0107enju.<\/p>\n\n\n\n<p>Izvor:pogled.ba<\/p>\n","protected":false},"excerpt":{"rendered":"<p>U prostorijama Op\u0107ine Posu\u0161je u ponedjeljak je uprili\u010deno potpisivanje poslovno- tehni\u010dkih ugovora izme\u0111u Ureda Vlade \u017dupanije Zapadnohercegova\u010dke za europske integracije, gradova \u0160iroki Brijeg i Ljubu\u0161ki, te op\u0107ina Posu\u0161je i Grude. Ovim ugovorima partnerima se ustupaju bicikla koja su nabavljena u okviru projekta Cycling Rural i bit \u0107e kori\u0161tena u turisti\u010dke svrhe, a sve u cilju [&hellip;]<\/p>\n","protected":false},"author":2,"featured_media":59541,"comment_status":"closed","ping_status":"closed","sticky":false,"template":"","format":"standard","meta":{"h5ap_radio_sources":[],"footnotes":""},"categories":[1],"tags":[],"class_list":["post-59540","post","type-post","status-publish","format-standard","has-post-thumbnail","hentry","category-bihiregija"],"yoast_head":"<!-- This site is optimized with the Yoast SEO plugin v27.5 - https:\/\/yoast.com\/product\/yoast-seo-wordpress\/ -->\n<title>Razvoj cikloturizma: \u017dZH ustupljena bicikla za turisti\u010dke svrhe - RADIO LJUBU\u0160KI<\/title>\n<meta name=\"robots\" content=\"index, follow, max-snippet:-1, max-image-preview:large, max-video-preview:-1\" \/>\n<link rel=\"canonical\" href=\"https:\/\/radioljubuski.ba\/index.php\/2021\/08\/31\/razvoj-cikloturizma-zzh-ustupljena-bicikla-za-turisticke-svrhe\/\" \/>\n<meta property=\"og:locale\" content=\"hr_HR\" \/>\n<meta property=\"og:type\" content=\"article\" \/>\n<meta property=\"og:title\" content=\"Razvoj cikloturizma: \u017dZH ustupljena bicikla za turisti\u010dke svrhe - RADIO LJUBU\u0160KI\" \/>\n<meta property=\"og:description\" content=\"U prostorijama Op\u0107ine Posu\u0161je u ponedjeljak je uprili\u010deno potpisivanje poslovno- tehni\u010dkih ugovora izme\u0111u Ureda Vlade \u017dupanije Zapadnohercegova\u010dke za europske integracije, gradova \u0160iroki Brijeg i Ljubu\u0161ki, te op\u0107ina Posu\u0161je i Grude. Ovim ugovorima partnerima se ustupaju bicikla koja su nabavljena u okviru projekta Cycling Rural i bit \u0107e kori\u0161tena u turisti\u010dke svrhe, a sve u cilju [&hellip;]\" \/>\n<meta property=\"og:url\" content=\"https:\/\/radioljubuski.ba\/index.php\/2021\/08\/31\/razvoj-cikloturizma-zzh-ustupljena-bicikla-za-turisticke-svrhe\/\" \/>\n<meta property=\"og:site_name\" content=\"RADIO LJUBU\u0160KI\" \/>\n<meta property=\"article:publisher\" content=\"https:\/\/www.facebook.com\/Radiio-Ljubuski-1490835324566332\" \/>\n<meta property=\"article:published_time\" content=\"2021-08-31T20:16:39+00:00\" \/>\n<meta property=\"article:modified_time\" content=\"2021-09-02T08:35:16+00:00\" \/>\n<meta property=\"og:image\" content=\"https:\/\/radioljubuski.ba\/wp-content\/uploads\/2021\/08\/Photo_Sastanak_30.8._1_600_x_400-1.jpg\" \/>\n\t<meta property=\"og:image:width\" content=\"600\" \/>\n\t<meta property=\"og:image:height\" content=\"400\" \/>\n\t<meta property=\"og:image:type\" content=\"image\/jpeg\" \/>\n<meta name=\"author\" content=\"Radio Ljubu\u0161ki\" \/>\n<meta name=\"twitter:card\" content=\"summary_large_image\" \/>\n<meta name=\"twitter:creator\" content=\"@radioljubuski\" \/>\n<meta name=\"twitter:site\" content=\"@radioljubuski\" \/>\n<meta name=\"twitter:label1\" content=\"Napisao\/la\" \/>\n\t<meta name=\"twitter:data1\" content=\"Radio Ljubu\u0161ki\" \/>\n\t<meta name=\"twitter:label2\" content=\"Procijenjeno vrijeme \u010ditanja\" \/>\n\t<meta name=\"twitter:data2\" content=\"2 minute\" \/>\n<script type=\"application\/ld+json\" class=\"yoast-schema-graph\">{\"@context\":\"https:\\\/\\\/schema.org\",\"@graph\":[{\"@type\":\"Article\",\"@id\":\"https:\\\/\\\/radioljubuski.ba\\\/index.php\\\/2021\\\/08\\\/31\\\/razvoj-cikloturizma-zzh-ustupljena-bicikla-za-turisticke-svrhe\\\/#article\",\"isPartOf\":{\"@id\":\"https:\\\/\\\/radioljubuski.ba\\\/index.php\\\/2021\\\/08\\\/31\\\/razvoj-cikloturizma-zzh-ustupljena-bicikla-za-turisticke-svrhe\\\/\"},\"author\":{\"name\":\"Radio Ljubu\u0161ki\",\"@id\":\"https:\\\/\\\/radioljubuski.ba\\\/#\\\/schema\\\/person\\\/19fc700381a780f69665d7956c469e3b\"},\"headline\":\"Razvoj cikloturizma: \u017dZH ustupljena bicikla za turisti\u010dke svrhe\",\"datePublished\":\"2021-08-31T20:16:39+00:00\",\"dateModified\":\"2021-09-02T08:35:16+00:00\",\"mainEntityOfPage\":{\"@id\":\"https:\\\/\\\/radioljubuski.ba\\\/index.php\\\/2021\\\/08\\\/31\\\/razvoj-cikloturizma-zzh-ustupljena-bicikla-za-turisticke-svrhe\\\/\"},\"wordCount\":362,\"publisher\":{\"@id\":\"https:\\\/\\\/radioljubuski.ba\\\/#organization\"},\"image\":{\"@id\":\"https:\\\/\\\/radioljubuski.ba\\\/index.php\\\/2021\\\/08\\\/31\\\/razvoj-cikloturizma-zzh-ustupljena-bicikla-za-turisticke-svrhe\\\/#primaryimage\"},\"thumbnailUrl\":\"https:\\\/\\\/radioljubuski.ba\\\/wp-content\\\/uploads\\\/2021\\\/08\\\/Photo_Sastanak_30.8._1_600_x_400-1.jpg\",\"articleSection\":[\"BIH i regija\"],\"inLanguage\":\"hr\"},{\"@type\":\"WebPage\",\"@id\":\"https:\\\/\\\/radioljubuski.ba\\\/index.php\\\/2021\\\/08\\\/31\\\/razvoj-cikloturizma-zzh-ustupljena-bicikla-za-turisticke-svrhe\\\/\",\"url\":\"https:\\\/\\\/radioljubuski.ba\\\/index.php\\\/2021\\\/08\\\/31\\\/razvoj-cikloturizma-zzh-ustupljena-bicikla-za-turisticke-svrhe\\\/\",\"name\":\"Razvoj cikloturizma: \u017dZH ustupljena bicikla za turisti\u010dke svrhe - RADIO LJUBU\u0160KI\",\"isPartOf\":{\"@id\":\"https:\\\/\\\/radioljubuski.ba\\\/#website\"},\"primaryImageOfPage\":{\"@id\":\"https:\\\/\\\/radioljubuski.ba\\\/index.php\\\/2021\\\/08\\\/31\\\/razvoj-cikloturizma-zzh-ustupljena-bicikla-za-turisticke-svrhe\\\/#primaryimage\"},\"image\":{\"@id\":\"https:\\\/\\\/radioljubuski.ba\\\/index.php\\\/2021\\\/08\\\/31\\\/razvoj-cikloturizma-zzh-ustupljena-bicikla-za-turisticke-svrhe\\\/#primaryimage\"},\"thumbnailUrl\":\"https:\\\/\\\/radioljubuski.ba\\\/wp-content\\\/uploads\\\/2021\\\/08\\\/Photo_Sastanak_30.8._1_600_x_400-1.jpg\",\"datePublished\":\"2021-08-31T20:16:39+00:00\",\"dateModified\":\"2021-09-02T08:35:16+00:00\",\"breadcrumb\":{\"@id\":\"https:\\\/\\\/radioljubuski.ba\\\/index.php\\\/2021\\\/08\\\/31\\\/razvoj-cikloturizma-zzh-ustupljena-bicikla-za-turisticke-svrhe\\\/#breadcrumb\"},\"inLanguage\":\"hr\",\"potentialAction\":[{\"@type\":\"ReadAction\",\"target\":[\"https:\\\/\\\/radioljubuski.ba\\\/index.php\\\/2021\\\/08\\\/31\\\/razvoj-cikloturizma-zzh-ustupljena-bicikla-za-turisticke-svrhe\\\/\"]}]},{\"@type\":\"ImageObject\",\"inLanguage\":\"hr\",\"@id\":\"https:\\\/\\\/radioljubuski.ba\\\/index.php\\\/2021\\\/08\\\/31\\\/razvoj-cikloturizma-zzh-ustupljena-bicikla-za-turisticke-svrhe\\\/#primaryimage\",\"url\":\"https:\\\/\\\/radioljubuski.ba\\\/wp-content\\\/uploads\\\/2021\\\/08\\\/Photo_Sastanak_30.8._1_600_x_400-1.jpg\",\"contentUrl\":\"https:\\\/\\\/radioljubuski.ba\\\/wp-content\\\/uploads\\\/2021\\\/08\\\/Photo_Sastanak_30.8._1_600_x_400-1.jpg\",\"width\":600,\"height\":400},{\"@type\":\"BreadcrumbList\",\"@id\":\"https:\\\/\\\/radioljubuski.ba\\\/index.php\\\/2021\\\/08\\\/31\\\/razvoj-cikloturizma-zzh-ustupljena-bicikla-za-turisticke-svrhe\\\/#breadcrumb\",\"itemListElement\":[{\"@type\":\"ListItem\",\"position\":1,\"name\":\"Po\u010detna stranica\",\"item\":\"https:\\\/\\\/radioljubuski.ba\\\/\"},{\"@type\":\"ListItem\",\"position\":2,\"name\":\"Razvoj cikloturizma: \u017dZH ustupljena bicikla za turisti\u010dke svrhe\"}]},{\"@type\":\"WebSite\",\"@id\":\"https:\\\/\\\/radioljubuski.ba\\\/#website\",\"url\":\"https:\\\/\\\/radioljubuski.ba\\\/\",\"name\":\"Radio Ljubu\u0161ki\",\"description\":\"Sun\u010dana frekvencija Hercegovine\",\"publisher\":{\"@id\":\"https:\\\/\\\/radioljubuski.ba\\\/#organization\"},\"potentialAction\":[{\"@type\":\"SearchAction\",\"target\":{\"@type\":\"EntryPoint\",\"urlTemplate\":\"https:\\\/\\\/radioljubuski.ba\\\/?s={search_term_string}\"},\"query-input\":{\"@type\":\"PropertyValueSpecification\",\"valueRequired\":true,\"valueName\":\"search_term_string\"}}],\"inLanguage\":\"hr\"},{\"@type\":\"Organization\",\"@id\":\"https:\\\/\\\/radioljubuski.ba\\\/#organization\",\"name\":\"Radio Ljubu\u0161ki\",\"url\":\"https:\\\/\\\/radioljubuski.ba\\\/\",\"logo\":{\"@type\":\"ImageObject\",\"inLanguage\":\"hr\",\"@id\":\"https:\\\/\\\/radioljubuski.ba\\\/#\\\/schema\\\/logo\\\/image\\\/\",\"url\":\"https:\\\/\\\/radioljubuski.ba\\\/wp-content\\\/uploads\\\/2021\\\/02\\\/cropped-Radio_Ljubuski_logo1.jpg\",\"contentUrl\":\"https:\\\/\\\/radioljubuski.ba\\\/wp-content\\\/uploads\\\/2021\\\/02\\\/cropped-Radio_Ljubuski_logo1.jpg\",\"width\":512,\"height\":512,\"caption\":\"Radio Ljubu\u0161ki\"},\"image\":{\"@id\":\"https:\\\/\\\/radioljubuski.ba\\\/#\\\/schema\\\/logo\\\/image\\\/\"},\"sameAs\":[\"https:\\\/\\\/www.facebook.com\\\/Radiio-Ljubuski-1490835324566332\",\"https:\\\/\\\/x.com\\\/radioljubuski\",\"https:\\\/\\\/hr.linkedin.com\\\/company\\\/radio-ljubuski\",\"https:\\\/\\\/www.youtube.com\\\/channel\\\/UCHYaeO_n0Db3tjNGudGpXyw\"]},{\"@type\":\"Person\",\"@id\":\"https:\\\/\\\/radioljubuski.ba\\\/#\\\/schema\\\/person\\\/19fc700381a780f69665d7956c469e3b\",\"name\":\"Radio Ljubu\u0161ki\"}]}<\/script>\n<!-- \/ Yoast SEO plugin. -->","yoast_head_json":{"title":"Razvoj cikloturizma: \u017dZH ustupljena bicikla za turisti\u010dke svrhe - RADIO LJUBU\u0160KI","robots":{"index":"index","follow":"follow","max-snippet":"max-snippet:-1","max-image-preview":"max-image-preview:large","max-video-preview":"max-video-preview:-1"},"canonical":"https:\/\/radioljubuski.ba\/index.php\/2021\/08\/31\/razvoj-cikloturizma-zzh-ustupljena-bicikla-za-turisticke-svrhe\/","og_locale":"hr_HR","og_type":"article","og_title":"Razvoj cikloturizma: \u017dZH ustupljena bicikla za turisti\u010dke svrhe - RADIO LJUBU\u0160KI","og_description":"U prostorijama Op\u0107ine Posu\u0161je u ponedjeljak je uprili\u010deno potpisivanje poslovno- tehni\u010dkih ugovora izme\u0111u Ureda Vlade \u017dupanije Zapadnohercegova\u010dke za europske integracije, gradova \u0160iroki Brijeg i Ljubu\u0161ki, te op\u0107ina Posu\u0161je i Grude. Ovim ugovorima partnerima se ustupaju bicikla koja su nabavljena u okviru projekta Cycling Rural i bit \u0107e kori\u0161tena u turisti\u010dke svrhe, a sve u cilju [&hellip;]","og_url":"https:\/\/radioljubuski.ba\/index.php\/2021\/08\/31\/razvoj-cikloturizma-zzh-ustupljena-bicikla-za-turisticke-svrhe\/","og_site_name":"RADIO LJUBU\u0160KI","article_publisher":"https:\/\/www.facebook.com\/Radiio-Ljubuski-1490835324566332","article_published_time":"2021-08-31T20:16:39+00:00","article_modified_time":"2021-09-02T08:35:16+00:00","og_image":[{"width":600,"height":400,"url":"https:\/\/radioljubuski.ba\/wp-content\/uploads\/2021\/08\/Photo_Sastanak_30.8._1_600_x_400-1.jpg","type":"image\/jpeg"}],"author":"Radio Ljubu\u0161ki","twitter_card":"summary_large_image","twitter_creator":"@radioljubuski","twitter_site":"@radioljubuski","twitter_misc":{"Napisao\/la":"Radio Ljubu\u0161ki","Procijenjeno vrijeme \u010ditanja":"2 minute"},"schema":{"@context":"https:\/\/schema.org","@graph":[{"@type":"Article","@id":"https:\/\/radioljubuski.ba\/index.php\/2021\/08\/31\/razvoj-cikloturizma-zzh-ustupljena-bicikla-za-turisticke-svrhe\/#article","isPartOf":{"@id":"https:\/\/radioljubuski.ba\/index.php\/2021\/08\/31\/razvoj-cikloturizma-zzh-ustupljena-bicikla-za-turisticke-svrhe\/"},"author":{"name":"Radio Ljubu\u0161ki","@id":"https:\/\/radioljubuski.ba\/#\/schema\/person\/19fc700381a780f69665d7956c469e3b"},"headline":"Razvoj cikloturizma: \u017dZH ustupljena bicikla za turisti\u010dke svrhe","datePublished":"2021-08-31T20:16:39+00:00","dateModified":"2021-09-02T08:35:16+00:00","mainEntityOfPage":{"@id":"https:\/\/radioljubuski.ba\/index.php\/2021\/08\/31\/razvoj-cikloturizma-zzh-ustupljena-bicikla-za-turisticke-svrhe\/"},"wordCount":362,"publisher":{"@id":"https:\/\/radioljubuski.ba\/#organization"},"image":{"@id":"https:\/\/radioljubuski.ba\/index.php\/2021\/08\/31\/razvoj-cikloturizma-zzh-ustupljena-bicikla-za-turisticke-svrhe\/#primaryimage"},"thumbnailUrl":"https:\/\/radioljubuski.ba\/wp-content\/uploads\/2021\/08\/Photo_Sastanak_30.8._1_600_x_400-1.jpg","articleSection":["BIH i regija"],"inLanguage":"hr"},{"@type":"WebPage","@id":"https:\/\/radioljubuski.ba\/index.php\/2021\/08\/31\/razvoj-cikloturizma-zzh-ustupljena-bicikla-za-turisticke-svrhe\/","url":"https:\/\/radioljubuski.ba\/index.php\/2021\/08\/31\/razvoj-cikloturizma-zzh-ustupljena-bicikla-za-turisticke-svrhe\/","name":"Razvoj cikloturizma: \u017dZH ustupljena bicikla za turisti\u010dke svrhe - RADIO LJUBU\u0160KI","isPartOf":{"@id":"https:\/\/radioljubuski.ba\/#website"},"primaryImageOfPage":{"@id":"https:\/\/radioljubuski.ba\/index.php\/2021\/08\/31\/razvoj-cikloturizma-zzh-ustupljena-bicikla-za-turisticke-svrhe\/#primaryimage"},"image":{"@id":"https:\/\/radioljubuski.ba\/index.php\/2021\/08\/31\/razvoj-cikloturizma-zzh-ustupljena-bicikla-za-turisticke-svrhe\/#primaryimage"},"thumbnailUrl":"https:\/\/radioljubuski.ba\/wp-content\/uploads\/2021\/08\/Photo_Sastanak_30.8._1_600_x_400-1.jpg","datePublished":"2021-08-31T20:16:39+00:00","dateModified":"2021-09-02T08:35:16+00:00","breadcrumb":{"@id":"https:\/\/radioljubuski.ba\/index.php\/2021\/08\/31\/razvoj-cikloturizma-zzh-ustupljena-bicikla-za-turisticke-svrhe\/#breadcrumb"},"inLanguage":"hr","potentialAction":[{"@type":"ReadAction","target":["https:\/\/radioljubuski.ba\/index.php\/2021\/08\/31\/razvoj-cikloturizma-zzh-ustupljena-bicikla-za-turisticke-svrhe\/"]}]},{"@type":"ImageObject","inLanguage":"hr","@id":"https:\/\/radioljubuski.ba\/index.php\/2021\/08\/31\/razvoj-cikloturizma-zzh-ustupljena-bicikla-za-turisticke-svrhe\/#primaryimage","url":"https:\/\/radioljubuski.ba\/wp-content\/uploads\/2021\/08\/Photo_Sastanak_30.8._1_600_x_400-1.jpg","contentUrl":"https:\/\/radioljubuski.ba\/wp-content\/uploads\/2021\/08\/Photo_Sastanak_30.8._1_600_x_400-1.jpg","width":600,"height":400},{"@type":"BreadcrumbList","@id":"https:\/\/radioljubuski.ba\/index.php\/2021\/08\/31\/razvoj-cikloturizma-zzh-ustupljena-bicikla-za-turisticke-svrhe\/#breadcrumb","itemListElement":[{"@type":"ListItem","position":1,"name":"Po\u010detna stranica","item":"https:\/\/radioljubuski.ba\/"},{"@type":"ListItem","position":2,"name":"Razvoj cikloturizma: \u017dZH ustupljena bicikla za turisti\u010dke svrhe"}]},{"@type":"WebSite","@id":"https:\/\/radioljubuski.ba\/#website","url":"https:\/\/radioljubuski.ba\/","name":"Radio Ljubu\u0161ki","description":"Sun\u010dana frekvencija Hercegovine","publisher":{"@id":"https:\/\/radioljubuski.ba\/#organization"},"potentialAction":[{"@type":"SearchAction","target":{"@type":"EntryPoint","urlTemplate":"https:\/\/radioljubuski.ba\/?s={search_term_string}"},"query-input":{"@type":"PropertyValueSpecification","valueRequired":true,"valueName":"search_term_string"}}],"inLanguage":"hr"},{"@type":"Organization","@id":"https:\/\/radioljubuski.ba\/#organization","name":"Radio Ljubu\u0161ki","url":"https:\/\/radioljubuski.ba\/","logo":{"@type":"ImageObject","inLanguage":"hr","@id":"https:\/\/radioljubuski.ba\/#\/schema\/logo\/image\/","url":"https:\/\/radioljubuski.ba\/wp-content\/uploads\/2021\/02\/cropped-Radio_Ljubuski_logo1.jpg","contentUrl":"https:\/\/radioljubuski.ba\/wp-content\/uploads\/2021\/02\/cropped-Radio_Ljubuski_logo1.jpg","width":512,"height":512,"caption":"Radio Ljubu\u0161ki"},"image":{"@id":"https:\/\/radioljubuski.ba\/#\/schema\/logo\/image\/"},"sameAs":["https:\/\/www.facebook.com\/Radiio-Ljubuski-1490835324566332","https:\/\/x.com\/radioljubuski","https:\/\/hr.linkedin.com\/company\/radio-ljubuski","https:\/\/www.youtube.com\/channel\/UCHYaeO_n0Db3tjNGudGpXyw"]},{"@type":"Person","@id":"https:\/\/radioljubuski.ba\/#\/schema\/person\/19fc700381a780f69665d7956c469e3b","name":"Radio Ljubu\u0161ki"}]}},"_links":{"self":[{"href":"https:\/\/radioljubuski.ba\/index.php\/wp-json\/wp\/v2\/posts\/59540","targetHints":{"allow":["GET"]}}],"collection":[{"href":"https:\/\/radioljubuski.ba\/index.php\/wp-json\/wp\/v2\/posts"}],"about":[{"href":"https:\/\/radioljubuski.ba\/index.php\/wp-json\/wp\/v2\/types\/post"}],"author":[{"embeddable":true,"href":"https:\/\/radioljubuski.ba\/index.php\/wp-json\/wp\/v2\/users\/2"}],"replies":[{"embeddable":true,"href":"https:\/\/radioljubuski.ba\/index.php\/wp-json\/wp\/v2\/comments?post=59540"}],"version-history":[{"count":2,"href":"https:\/\/radioljubuski.ba\/index.php\/wp-json\/wp\/v2\/posts\/59540\/revisions"}],"predecessor-version":[{"id":59908,"href":"https:\/\/radioljubuski.ba\/index.php\/wp-json\/wp\/v2\/posts\/59540\/revisions\/59908"}],"wp:featuredmedia":[{"embeddable":true,"href":"https:\/\/radioljubuski.ba\/index.php\/wp-json\/wp\/v2\/media\/59541"}],"wp:attachment":[{"href":"https:\/\/radioljubuski.ba\/index.php\/wp-json\/wp\/v2\/media?parent=59540"}],"wp:term":[{"taxonomy":"category","embeddable":true,"href":"https:\/\/radioljubuski.ba\/index.php\/wp-json\/wp\/v2\/categories?post=59540"},{"taxonomy":"post_tag","embeddable":true,"href":"https:\/\/radioljubuski.ba\/index.php\/wp-json\/wp\/v2\/tags?post=59540"}],"curies":[{"name":"wp","href":"https:\/\/api.w.org\/{rel}","templated":true}]}}