{"id":59543,"date":"2021-08-31T21:18:35","date_gmt":"2021-08-31T20:18:35","guid":{"rendered":"https:\/\/radioljubuski.ba\/?p=59543"},"modified":"2021-08-31T21:18:36","modified_gmt":"2021-08-31T20:18:36","slug":"dzaferovic-trazi-od-ohr-a-smjenu-dodika","status":"publish","type":"post","link":"https:\/\/radioljubuski.ba\/index.php\/2021\/08\/31\/dzaferovic-trazi-od-ohr-a-smjenu-dodika\/","title":{"rendered":"D\u017eaferovi\u0107 tra\u017ei od OHR-a smjenu Dodika"},"content":{"rendered":"\n<p>Ni jedna odluka nije usvojena na dana\u0161njoj sjednici Predsjedni\u0161tva Bosne i Hercegovine jer \u010dlan Predsjedni\u0161tva BiH Milorad Dodik nije glasao ni za jednu, a sve to\u010dke dnevnog reda odnosile su se na vanjsku politiku.<\/p>\n\n\n\n<p>Epilog je to dana\u0161nje sjednice Predsjedni\u0161tva kojoj je Dodik nazo\u010dio, ali je odbio glasati za bilo koju odluku te \u0107e one sada i\u0107i u drugi krug glasanja.<\/p>\n\n\n\n<p>To je novinarima nakon sjednice potvrdio \u010dlan Predsjedni\u0161tva Bosne i Hercegovine \u0160efik D\u017eaferovi\u0107 koji je dodao da su \u010dlanovi Predsjedni\u0161tva danas trebali donijeti odluke koje se ti\u010du obrane za \u0161ta je potreban konsenzus, ali i protiv toga je Dodik glasao.<\/p>\n\n\n\n<p>-Usvojene su jedino dvije informacije gdje nije potreban konsenzus i gdje je mogu\u0107e ve\u0107inskim glasanjem donijeti odluku. Radi se o o\u010diglednoj blokadi institucije Predsjedni\u0161tva BiH. Nismo zavr\u0161ili proces imenovanja veleposlanika, davanje agremana veleposlanicima koje su druge dr\u017eave imenovale u BiH. To zna\u010di da je ugro\u017eena nadle\u017enost Predsjedni\u0161tva BiH &#8211; kazao je D\u017eaferovi\u0107.<\/p>\n\n\n\n<p>Ocijenio je i da je u pitanju zlouporaba institucije jer nitko nije biran u Predsjedni\u0161tvo da se na ovaj na\u010din pona\u0161a nego da izvr\u0161ava svoje ustavne ovlasti i sada je BiH u kriti\u010dnoj situaciji u kojoj treba reagirati onaj mehanizam me\u0111unarodne zajednice koji je zadu\u017een za provedbu Daytonskog mirovnog sporazuma.<\/p>\n\n\n\n<p>-Ovo je blokada dr\u017eave BiH i o\u010dekujem da me\u0111unarodna zajednica poduzme odre\u0111ene aktivnosti, prije svih visoki predstavnik u BiH Christian Schmidt kako bi se ova situacija razrije\u0161ila i da BiH normalno funkcionira &#8211; naglasio je D\u017eaferovi\u0107.<\/p>\n\n\n\n<p>Pojasnio je da nitko nije biran u Predsjedni\u0161tvo BiH da ne dozvoli uporabu helikoptera Oru\u017eanih snaga BiH u ga\u0161enju po\u017eara u trenutku kada gori \u0161uma, \u0161to je samo jedan primjer opstrukcije te D\u017eaferovi\u0107 ka\u017ee da bi me\u0111unarodna zajednica trebala reagirati u skladu s nadle\u017enostima pa ako treba i razmotriti smjene.<\/p>\n\n\n\n<p>Izvor:pogled.ba<\/p>\n","protected":false},"excerpt":{"rendered":"<p>Ni jedna odluka nije usvojena na dana\u0161njoj sjednici Predsjedni\u0161tva Bosne i Hercegovine jer \u010dlan Predsjedni\u0161tva BiH Milorad Dodik nije glasao ni za jednu, a sve to\u010dke dnevnog reda odnosile su se na vanjsku politiku. Epilog je to dana\u0161nje sjednice Predsjedni\u0161tva kojoj je Dodik nazo\u010dio, ali je odbio glasati za bilo koju odluku te \u0107e one [&hellip;]<\/p>\n","protected":false},"author":2,"featured_media":59544,"comment_status":"closed","ping_status":"closed","sticky":false,"template":"","format":"standard","meta":{"h5ap_radio_sources":[],"footnotes":""},"categories":[1],"tags":[],"class_list":["post-59543","post","type-post","status-publish","format-standard","has-post-thumbnail","hentry","category-bihiregija"],"yoast_head":"<!-- This site is optimized with the Yoast SEO plugin v27.5 - https:\/\/yoast.com\/product\/yoast-seo-wordpress\/ -->\n<title>D\u017eaferovi\u0107 tra\u017ei od OHR-a smjenu Dodika - RADIO LJUBU\u0160KI<\/title>\n<meta name=\"robots\" content=\"index, follow, max-snippet:-1, max-image-preview:large, max-video-preview:-1\" \/>\n<link rel=\"canonical\" href=\"https:\/\/radioljubuski.ba\/index.php\/2021\/08\/31\/dzaferovic-trazi-od-ohr-a-smjenu-dodika\/\" \/>\n<meta property=\"og:locale\" content=\"hr_HR\" \/>\n<meta property=\"og:type\" content=\"article\" \/>\n<meta property=\"og:title\" content=\"D\u017eaferovi\u0107 tra\u017ei od OHR-a smjenu Dodika - RADIO LJUBU\u0160KI\" \/>\n<meta property=\"og:description\" content=\"Ni jedna odluka nije usvojena na dana\u0161njoj sjednici Predsjedni\u0161tva Bosne i Hercegovine jer \u010dlan Predsjedni\u0161tva BiH Milorad Dodik nije glasao ni za jednu, a sve to\u010dke dnevnog reda odnosile su se na vanjsku politiku. Epilog je to dana\u0161nje sjednice Predsjedni\u0161tva kojoj je Dodik nazo\u010dio, ali je odbio glasati za bilo koju odluku te \u0107e one [&hellip;]\" \/>\n<meta property=\"og:url\" content=\"https:\/\/radioljubuski.ba\/index.php\/2021\/08\/31\/dzaferovic-trazi-od-ohr-a-smjenu-dodika\/\" \/>\n<meta property=\"og:site_name\" content=\"RADIO LJUBU\u0160KI\" \/>\n<meta property=\"article:publisher\" content=\"https:\/\/www.facebook.com\/Radiio-Ljubuski-1490835324566332\" \/>\n<meta property=\"article:published_time\" content=\"2021-08-31T20:18:35+00:00\" \/>\n<meta property=\"article:modified_time\" content=\"2021-08-31T20:18:36+00:00\" \/>\n<meta property=\"og:image\" content=\"https:\/\/radioljubuski.ba\/wp-content\/uploads\/2021\/08\/tPJ4lD7g_predsjednitvo.jpg\" \/>\n\t<meta property=\"og:image:width\" content=\"1000\" \/>\n\t<meta property=\"og:image:height\" content=\"625\" \/>\n\t<meta property=\"og:image:type\" content=\"image\/jpeg\" \/>\n<meta name=\"author\" content=\"Radio Ljubu\u0161ki\" \/>\n<meta name=\"twitter:card\" content=\"summary_large_image\" \/>\n<meta name=\"twitter:creator\" content=\"@radioljubuski\" \/>\n<meta name=\"twitter:site\" content=\"@radioljubuski\" \/>\n<meta name=\"twitter:label1\" content=\"Napisao\/la\" \/>\n\t<meta name=\"twitter:data1\" content=\"Radio Ljubu\u0161ki\" \/>\n\t<meta name=\"twitter:label2\" content=\"Procijenjeno vrijeme \u010ditanja\" \/>\n\t<meta name=\"twitter:data2\" content=\"2 minute\" \/>\n<script type=\"application\/ld+json\" class=\"yoast-schema-graph\">{\"@context\":\"https:\\\/\\\/schema.org\",\"@graph\":[{\"@type\":\"Article\",\"@id\":\"https:\\\/\\\/radioljubuski.ba\\\/index.php\\\/2021\\\/08\\\/31\\\/dzaferovic-trazi-od-ohr-a-smjenu-dodika\\\/#article\",\"isPartOf\":{\"@id\":\"https:\\\/\\\/radioljubuski.ba\\\/index.php\\\/2021\\\/08\\\/31\\\/dzaferovic-trazi-od-ohr-a-smjenu-dodika\\\/\"},\"author\":{\"name\":\"Radio Ljubu\u0161ki\",\"@id\":\"https:\\\/\\\/radioljubuski.ba\\\/#\\\/schema\\\/person\\\/19fc700381a780f69665d7956c469e3b\"},\"headline\":\"D\u017eaferovi\u0107 tra\u017ei od OHR-a smjenu Dodika\",\"datePublished\":\"2021-08-31T20:18:35+00:00\",\"dateModified\":\"2021-08-31T20:18:36+00:00\",\"mainEntityOfPage\":{\"@id\":\"https:\\\/\\\/radioljubuski.ba\\\/index.php\\\/2021\\\/08\\\/31\\\/dzaferovic-trazi-od-ohr-a-smjenu-dodika\\\/\"},\"wordCount\":344,\"publisher\":{\"@id\":\"https:\\\/\\\/radioljubuski.ba\\\/#organization\"},\"image\":{\"@id\":\"https:\\\/\\\/radioljubuski.ba\\\/index.php\\\/2021\\\/08\\\/31\\\/dzaferovic-trazi-od-ohr-a-smjenu-dodika\\\/#primaryimage\"},\"thumbnailUrl\":\"https:\\\/\\\/radioljubuski.ba\\\/wp-content\\\/uploads\\\/2021\\\/08\\\/tPJ4lD7g_predsjednitvo.jpg\",\"articleSection\":[\"BIH i regija\"],\"inLanguage\":\"hr\"},{\"@type\":\"WebPage\",\"@id\":\"https:\\\/\\\/radioljubuski.ba\\\/index.php\\\/2021\\\/08\\\/31\\\/dzaferovic-trazi-od-ohr-a-smjenu-dodika\\\/\",\"url\":\"https:\\\/\\\/radioljubuski.ba\\\/index.php\\\/2021\\\/08\\\/31\\\/dzaferovic-trazi-od-ohr-a-smjenu-dodika\\\/\",\"name\":\"D\u017eaferovi\u0107 tra\u017ei od OHR-a smjenu Dodika - RADIO LJUBU\u0160KI\",\"isPartOf\":{\"@id\":\"https:\\\/\\\/radioljubuski.ba\\\/#website\"},\"primaryImageOfPage\":{\"@id\":\"https:\\\/\\\/radioljubuski.ba\\\/index.php\\\/2021\\\/08\\\/31\\\/dzaferovic-trazi-od-ohr-a-smjenu-dodika\\\/#primaryimage\"},\"image\":{\"@id\":\"https:\\\/\\\/radioljubuski.ba\\\/index.php\\\/2021\\\/08\\\/31\\\/dzaferovic-trazi-od-ohr-a-smjenu-dodika\\\/#primaryimage\"},\"thumbnailUrl\":\"https:\\\/\\\/radioljubuski.ba\\\/wp-content\\\/uploads\\\/2021\\\/08\\\/tPJ4lD7g_predsjednitvo.jpg\",\"datePublished\":\"2021-08-31T20:18:35+00:00\",\"dateModified\":\"2021-08-31T20:18:36+00:00\",\"breadcrumb\":{\"@id\":\"https:\\\/\\\/radioljubuski.ba\\\/index.php\\\/2021\\\/08\\\/31\\\/dzaferovic-trazi-od-ohr-a-smjenu-dodika\\\/#breadcrumb\"},\"inLanguage\":\"hr\",\"potentialAction\":[{\"@type\":\"ReadAction\",\"target\":[\"https:\\\/\\\/radioljubuski.ba\\\/index.php\\\/2021\\\/08\\\/31\\\/dzaferovic-trazi-od-ohr-a-smjenu-dodika\\\/\"]}]},{\"@type\":\"ImageObject\",\"inLanguage\":\"hr\",\"@id\":\"https:\\\/\\\/radioljubuski.ba\\\/index.php\\\/2021\\\/08\\\/31\\\/dzaferovic-trazi-od-ohr-a-smjenu-dodika\\\/#primaryimage\",\"url\":\"https:\\\/\\\/radioljubuski.ba\\\/wp-content\\\/uploads\\\/2021\\\/08\\\/tPJ4lD7g_predsjednitvo.jpg\",\"contentUrl\":\"https:\\\/\\\/radioljubuski.ba\\\/wp-content\\\/uploads\\\/2021\\\/08\\\/tPJ4lD7g_predsjednitvo.jpg\",\"width\":1000,\"height\":625},{\"@type\":\"BreadcrumbList\",\"@id\":\"https:\\\/\\\/radioljubuski.ba\\\/index.php\\\/2021\\\/08\\\/31\\\/dzaferovic-trazi-od-ohr-a-smjenu-dodika\\\/#breadcrumb\",\"itemListElement\":[{\"@type\":\"ListItem\",\"position\":1,\"name\":\"Po\u010detna stranica\",\"item\":\"https:\\\/\\\/radioljubuski.ba\\\/\"},{\"@type\":\"ListItem\",\"position\":2,\"name\":\"D\u017eaferovi\u0107 tra\u017ei od OHR-a smjenu Dodika\"}]},{\"@type\":\"WebSite\",\"@id\":\"https:\\\/\\\/radioljubuski.ba\\\/#website\",\"url\":\"https:\\\/\\\/radioljubuski.ba\\\/\",\"name\":\"Radio Ljubu\u0161ki\",\"description\":\"Sun\u010dana frekvencija Hercegovine\",\"publisher\":{\"@id\":\"https:\\\/\\\/radioljubuski.ba\\\/#organization\"},\"potentialAction\":[{\"@type\":\"SearchAction\",\"target\":{\"@type\":\"EntryPoint\",\"urlTemplate\":\"https:\\\/\\\/radioljubuski.ba\\\/?s={search_term_string}\"},\"query-input\":{\"@type\":\"PropertyValueSpecification\",\"valueRequired\":true,\"valueName\":\"search_term_string\"}}],\"inLanguage\":\"hr\"},{\"@type\":\"Organization\",\"@id\":\"https:\\\/\\\/radioljubuski.ba\\\/#organization\",\"name\":\"Radio Ljubu\u0161ki\",\"url\":\"https:\\\/\\\/radioljubuski.ba\\\/\",\"logo\":{\"@type\":\"ImageObject\",\"inLanguage\":\"hr\",\"@id\":\"https:\\\/\\\/radioljubuski.ba\\\/#\\\/schema\\\/logo\\\/image\\\/\",\"url\":\"https:\\\/\\\/radioljubuski.ba\\\/wp-content\\\/uploads\\\/2021\\\/02\\\/cropped-Radio_Ljubuski_logo1.jpg\",\"contentUrl\":\"https:\\\/\\\/radioljubuski.ba\\\/wp-content\\\/uploads\\\/2021\\\/02\\\/cropped-Radio_Ljubuski_logo1.jpg\",\"width\":512,\"height\":512,\"caption\":\"Radio Ljubu\u0161ki\"},\"image\":{\"@id\":\"https:\\\/\\\/radioljubuski.ba\\\/#\\\/schema\\\/logo\\\/image\\\/\"},\"sameAs\":[\"https:\\\/\\\/www.facebook.com\\\/Radiio-Ljubuski-1490835324566332\",\"https:\\\/\\\/x.com\\\/radioljubuski\",\"https:\\\/\\\/hr.linkedin.com\\\/company\\\/radio-ljubuski\",\"https:\\\/\\\/www.youtube.com\\\/channel\\\/UCHYaeO_n0Db3tjNGudGpXyw\"]},{\"@type\":\"Person\",\"@id\":\"https:\\\/\\\/radioljubuski.ba\\\/#\\\/schema\\\/person\\\/19fc700381a780f69665d7956c469e3b\",\"name\":\"Radio Ljubu\u0161ki\"}]}<\/script>\n<!-- \/ Yoast SEO plugin. -->","yoast_head_json":{"title":"D\u017eaferovi\u0107 tra\u017ei od OHR-a smjenu Dodika - RADIO LJUBU\u0160KI","robots":{"index":"index","follow":"follow","max-snippet":"max-snippet:-1","max-image-preview":"max-image-preview:large","max-video-preview":"max-video-preview:-1"},"canonical":"https:\/\/radioljubuski.ba\/index.php\/2021\/08\/31\/dzaferovic-trazi-od-ohr-a-smjenu-dodika\/","og_locale":"hr_HR","og_type":"article","og_title":"D\u017eaferovi\u0107 tra\u017ei od OHR-a smjenu Dodika - RADIO LJUBU\u0160KI","og_description":"Ni jedna odluka nije usvojena na dana\u0161njoj sjednici Predsjedni\u0161tva Bosne i Hercegovine jer \u010dlan Predsjedni\u0161tva BiH Milorad Dodik nije glasao ni za jednu, a sve to\u010dke dnevnog reda odnosile su se na vanjsku politiku. Epilog je to dana\u0161nje sjednice Predsjedni\u0161tva kojoj je Dodik nazo\u010dio, ali je odbio glasati za bilo koju odluku te \u0107e one [&hellip;]","og_url":"https:\/\/radioljubuski.ba\/index.php\/2021\/08\/31\/dzaferovic-trazi-od-ohr-a-smjenu-dodika\/","og_site_name":"RADIO LJUBU\u0160KI","article_publisher":"https:\/\/www.facebook.com\/Radiio-Ljubuski-1490835324566332","article_published_time":"2021-08-31T20:18:35+00:00","article_modified_time":"2021-08-31T20:18:36+00:00","og_image":[{"width":1000,"height":625,"url":"https:\/\/radioljubuski.ba\/wp-content\/uploads\/2021\/08\/tPJ4lD7g_predsjednitvo.jpg","type":"image\/jpeg"}],"author":"Radio Ljubu\u0161ki","twitter_card":"summary_large_image","twitter_creator":"@radioljubuski","twitter_site":"@radioljubuski","twitter_misc":{"Napisao\/la":"Radio Ljubu\u0161ki","Procijenjeno vrijeme \u010ditanja":"2 minute"},"schema":{"@context":"https:\/\/schema.org","@graph":[{"@type":"Article","@id":"https:\/\/radioljubuski.ba\/index.php\/2021\/08\/31\/dzaferovic-trazi-od-ohr-a-smjenu-dodika\/#article","isPartOf":{"@id":"https:\/\/radioljubuski.ba\/index.php\/2021\/08\/31\/dzaferovic-trazi-od-ohr-a-smjenu-dodika\/"},"author":{"name":"Radio Ljubu\u0161ki","@id":"https:\/\/radioljubuski.ba\/#\/schema\/person\/19fc700381a780f69665d7956c469e3b"},"headline":"D\u017eaferovi\u0107 tra\u017ei od OHR-a smjenu Dodika","datePublished":"2021-08-31T20:18:35+00:00","dateModified":"2021-08-31T20:18:36+00:00","mainEntityOfPage":{"@id":"https:\/\/radioljubuski.ba\/index.php\/2021\/08\/31\/dzaferovic-trazi-od-ohr-a-smjenu-dodika\/"},"wordCount":344,"publisher":{"@id":"https:\/\/radioljubuski.ba\/#organization"},"image":{"@id":"https:\/\/radioljubuski.ba\/index.php\/2021\/08\/31\/dzaferovic-trazi-od-ohr-a-smjenu-dodika\/#primaryimage"},"thumbnailUrl":"https:\/\/radioljubuski.ba\/wp-content\/uploads\/2021\/08\/tPJ4lD7g_predsjednitvo.jpg","articleSection":["BIH i regija"],"inLanguage":"hr"},{"@type":"WebPage","@id":"https:\/\/radioljubuski.ba\/index.php\/2021\/08\/31\/dzaferovic-trazi-od-ohr-a-smjenu-dodika\/","url":"https:\/\/radioljubuski.ba\/index.php\/2021\/08\/31\/dzaferovic-trazi-od-ohr-a-smjenu-dodika\/","name":"D\u017eaferovi\u0107 tra\u017ei od OHR-a smjenu Dodika - RADIO LJUBU\u0160KI","isPartOf":{"@id":"https:\/\/radioljubuski.ba\/#website"},"primaryImageOfPage":{"@id":"https:\/\/radioljubuski.ba\/index.php\/2021\/08\/31\/dzaferovic-trazi-od-ohr-a-smjenu-dodika\/#primaryimage"},"image":{"@id":"https:\/\/radioljubuski.ba\/index.php\/2021\/08\/31\/dzaferovic-trazi-od-ohr-a-smjenu-dodika\/#primaryimage"},"thumbnailUrl":"https:\/\/radioljubuski.ba\/wp-content\/uploads\/2021\/08\/tPJ4lD7g_predsjednitvo.jpg","datePublished":"2021-08-31T20:18:35+00:00","dateModified":"2021-08-31T20:18:36+00:00","breadcrumb":{"@id":"https:\/\/radioljubuski.ba\/index.php\/2021\/08\/31\/dzaferovic-trazi-od-ohr-a-smjenu-dodika\/#breadcrumb"},"inLanguage":"hr","potentialAction":[{"@type":"ReadAction","target":["https:\/\/radioljubuski.ba\/index.php\/2021\/08\/31\/dzaferovic-trazi-od-ohr-a-smjenu-dodika\/"]}]},{"@type":"ImageObject","inLanguage":"hr","@id":"https:\/\/radioljubuski.ba\/index.php\/2021\/08\/31\/dzaferovic-trazi-od-ohr-a-smjenu-dodika\/#primaryimage","url":"https:\/\/radioljubuski.ba\/wp-content\/uploads\/2021\/08\/tPJ4lD7g_predsjednitvo.jpg","contentUrl":"https:\/\/radioljubuski.ba\/wp-content\/uploads\/2021\/08\/tPJ4lD7g_predsjednitvo.jpg","width":1000,"height":625},{"@type":"BreadcrumbList","@id":"https:\/\/radioljubuski.ba\/index.php\/2021\/08\/31\/dzaferovic-trazi-od-ohr-a-smjenu-dodika\/#breadcrumb","itemListElement":[{"@type":"ListItem","position":1,"name":"Po\u010detna stranica","item":"https:\/\/radioljubuski.ba\/"},{"@type":"ListItem","position":2,"name":"D\u017eaferovi\u0107 tra\u017ei od OHR-a smjenu Dodika"}]},{"@type":"WebSite","@id":"https:\/\/radioljubuski.ba\/#website","url":"https:\/\/radioljubuski.ba\/","name":"Radio Ljubu\u0161ki","description":"Sun\u010dana frekvencija Hercegovine","publisher":{"@id":"https:\/\/radioljubuski.ba\/#organization"},"potentialAction":[{"@type":"SearchAction","target":{"@type":"EntryPoint","urlTemplate":"https:\/\/radioljubuski.ba\/?s={search_term_string}"},"query-input":{"@type":"PropertyValueSpecification","valueRequired":true,"valueName":"search_term_string"}}],"inLanguage":"hr"},{"@type":"Organization","@id":"https:\/\/radioljubuski.ba\/#organization","name":"Radio Ljubu\u0161ki","url":"https:\/\/radioljubuski.ba\/","logo":{"@type":"ImageObject","inLanguage":"hr","@id":"https:\/\/radioljubuski.ba\/#\/schema\/logo\/image\/","url":"https:\/\/radioljubuski.ba\/wp-content\/uploads\/2021\/02\/cropped-Radio_Ljubuski_logo1.jpg","contentUrl":"https:\/\/radioljubuski.ba\/wp-content\/uploads\/2021\/02\/cropped-Radio_Ljubuski_logo1.jpg","width":512,"height":512,"caption":"Radio Ljubu\u0161ki"},"image":{"@id":"https:\/\/radioljubuski.ba\/#\/schema\/logo\/image\/"},"sameAs":["https:\/\/www.facebook.com\/Radiio-Ljubuski-1490835324566332","https:\/\/x.com\/radioljubuski","https:\/\/hr.linkedin.com\/company\/radio-ljubuski","https:\/\/www.youtube.com\/channel\/UCHYaeO_n0Db3tjNGudGpXyw"]},{"@type":"Person","@id":"https:\/\/radioljubuski.ba\/#\/schema\/person\/19fc700381a780f69665d7956c469e3b","name":"Radio Ljubu\u0161ki"}]}},"_links":{"self":[{"href":"https:\/\/radioljubuski.ba\/index.php\/wp-json\/wp\/v2\/posts\/59543","targetHints":{"allow":["GET"]}}],"collection":[{"href":"https:\/\/radioljubuski.ba\/index.php\/wp-json\/wp\/v2\/posts"}],"about":[{"href":"https:\/\/radioljubuski.ba\/index.php\/wp-json\/wp\/v2\/types\/post"}],"author":[{"embeddable":true,"href":"https:\/\/radioljubuski.ba\/index.php\/wp-json\/wp\/v2\/users\/2"}],"replies":[{"embeddable":true,"href":"https:\/\/radioljubuski.ba\/index.php\/wp-json\/wp\/v2\/comments?post=59543"}],"version-history":[{"count":1,"href":"https:\/\/radioljubuski.ba\/index.php\/wp-json\/wp\/v2\/posts\/59543\/revisions"}],"predecessor-version":[{"id":59545,"href":"https:\/\/radioljubuski.ba\/index.php\/wp-json\/wp\/v2\/posts\/59543\/revisions\/59545"}],"wp:featuredmedia":[{"embeddable":true,"href":"https:\/\/radioljubuski.ba\/index.php\/wp-json\/wp\/v2\/media\/59544"}],"wp:attachment":[{"href":"https:\/\/radioljubuski.ba\/index.php\/wp-json\/wp\/v2\/media?parent=59543"}],"wp:term":[{"taxonomy":"category","embeddable":true,"href":"https:\/\/radioljubuski.ba\/index.php\/wp-json\/wp\/v2\/categories?post=59543"},{"taxonomy":"post_tag","embeddable":true,"href":"https:\/\/radioljubuski.ba\/index.php\/wp-json\/wp\/v2\/tags?post=59543"}],"curies":[{"name":"wp","href":"https:\/\/api.w.org\/{rel}","templated":true}]}}