{"id":59730,"date":"2021-09-01T08:21:32","date_gmt":"2021-09-01T07:21:32","guid":{"rendered":"https:\/\/radioljubuski.ba\/?p=59730"},"modified":"2021-09-01T08:21:33","modified_gmt":"2021-09-01T07:21:33","slug":"u-italiju-dosao-raditi-kao-dostavljac-pizze-a-sada-ce-s-milanom-igrati-ligu-prvaka","status":"publish","type":"post","link":"https:\/\/radioljubuski.ba\/index.php\/2021\/09\/01\/u-italiju-dosao-raditi-kao-dostavljac-pizze-a-sada-ce-s-milanom-igrati-ligu-prvaka\/","title":{"rendered":"U Italiju do\u0161ao raditi kao dostavlja\u010d pizze, a sada \u0107e s Milanom igrati Ligu prvaka"},"content":{"rendered":"\n<p>\u010cesto se ka\u017ee da je &#8220;bolje ikad nego nikad &#8221; i vjerojatno ne postoji izraz koji bolje obuhva\u0107a i predstavlja parabolu o Junioru Messiasu, novom poja\u010danju Milana.<\/p>\n\n\n\n<p>Messias je u Milan do\u0161ao posljednjeg dana prijelaznog roka za 10 milijuna eura. Lovili su Rossoneri na toj poziciji zvu\u010dnija imena, na kraju ipak doveli brazilskog nogometa\u0161a iz Crotonea.<\/p>\n\n\n\n<p>Messias ima 30 godina i mnogi \u0107e mo\u017eda tek danas prvi put \u010duti za njega. Ro\u0111en je u Belo Horizonteu, ali je prije 10 godina stigao u Italiju iz svog rodnog Brazila. I tu po\u010dinje jedna luda pri\u010da.<\/p>\n\n\n\n<p>Po\u010deo je  raditi kao dostavlja\u010d pizze, a usput je igrao za jedan lokalni, amaterski klub. 2015. godine je zapo\u010deo seniorsku karijeru, da bi se njegov tim Gozzano u sezoni 2017\/18 plasirao u Seriju C. On je potom pre\u0161ao u Crotone, za koji debitirau Seriji B 2019. godine.<\/p>\n\n\n\n<p>Ovog ljeta mu se eto iznenada ukazala \u0161ansa da obu\u010de dres slavnog Milana i da zaigra Ligu prvaka.<\/p>\n\n\n\n<p>Poput mnogih zemljaka, od malena je bio strastveni fanatik prema nogometu, u\u017eivao igraju\u0107i se na ulici s prijateljima, ne slute\u0107i da \u0107e jednog dana biti \u010dlan kluba kao \u0161to je Milan.<\/p>\n\n\n\n<p>Njegov za\u0161titni znak je dribling, pa je pro\u0161le sezone bio u samom vrhu igra\u010da Serije A po broju uspje\u0161nih driblinga. Njegov biv\u0161i trener iz Crotonea Giovanni Stroppa je rekao da je &#8220;Messias netko za koga ne postoje granice&#8221;.<\/p>\n\n\n\n<p>Kako god se sve ovo s njim i Milanom zavr\u0161i, jedno je sigurno: Brazilac je netko tko nikada nije odustajao od svojih snova.<\/p>\n\n\n\n<p>izvor: sportsport.ba<\/p>\n","protected":false},"excerpt":{"rendered":"<p>\u010cesto se ka\u017ee da je &#8220;bolje ikad nego nikad &#8221; i vjerojatno ne postoji izraz koji bolje obuhva\u0107a i predstavlja parabolu o Junioru Messiasu, novom poja\u010danju Milana. Messias je u Milan do\u0161ao posljednjeg dana prijelaznog roka za 10 milijuna eura. Lovili su Rossoneri na toj poziciji zvu\u010dnija imena, na kraju ipak doveli brazilskog nogometa\u0161a iz [&hellip;]<\/p>\n","protected":false},"author":2,"featured_media":59731,"comment_status":"closed","ping_status":"closed","sticky":false,"template":"","format":"standard","meta":{"h5ap_radio_sources":[],"footnotes":""},"categories":[7],"tags":[],"class_list":["post-59730","post","type-post","status-publish","format-standard","has-post-thumbnail","hentry","category-sport"],"yoast_head":"<!-- This site is optimized with the Yoast SEO plugin v27.5 - https:\/\/yoast.com\/product\/yoast-seo-wordpress\/ -->\n<title>U Italiju do\u0161ao raditi kao dostavlja\u010d pizze, a sada \u0107e s Milanom igrati Ligu prvaka - RADIO LJUBU\u0160KI<\/title>\n<meta name=\"robots\" content=\"index, follow, max-snippet:-1, max-image-preview:large, max-video-preview:-1\" \/>\n<link rel=\"canonical\" href=\"https:\/\/radioljubuski.ba\/index.php\/2021\/09\/01\/u-italiju-dosao-raditi-kao-dostavljac-pizze-a-sada-ce-s-milanom-igrati-ligu-prvaka\/\" \/>\n<meta property=\"og:locale\" content=\"hr_HR\" \/>\n<meta property=\"og:type\" content=\"article\" \/>\n<meta property=\"og:title\" content=\"U Italiju do\u0161ao raditi kao dostavlja\u010d pizze, a sada \u0107e s Milanom igrati Ligu prvaka - RADIO LJUBU\u0160KI\" \/>\n<meta property=\"og:description\" content=\"\u010cesto se ka\u017ee da je &#8220;bolje ikad nego nikad &#8221; i vjerojatno ne postoji izraz koji bolje obuhva\u0107a i predstavlja parabolu o Junioru Messiasu, novom poja\u010danju Milana. Messias je u Milan do\u0161ao posljednjeg dana prijelaznog roka za 10 milijuna eura. Lovili su Rossoneri na toj poziciji zvu\u010dnija imena, na kraju ipak doveli brazilskog nogometa\u0161a iz [&hellip;]\" \/>\n<meta property=\"og:url\" content=\"https:\/\/radioljubuski.ba\/index.php\/2021\/09\/01\/u-italiju-dosao-raditi-kao-dostavljac-pizze-a-sada-ce-s-milanom-igrati-ligu-prvaka\/\" \/>\n<meta property=\"og:site_name\" content=\"RADIO LJUBU\u0160KI\" \/>\n<meta property=\"article:publisher\" content=\"https:\/\/www.facebook.com\/Radiio-Ljubuski-1490835324566332\" \/>\n<meta property=\"article:published_time\" content=\"2021-09-01T07:21:32+00:00\" \/>\n<meta property=\"article:modified_time\" content=\"2021-09-01T07:21:33+00:00\" \/>\n<meta property=\"og:image\" content=\"https:\/\/radioljubuski.ba\/wp-content\/uploads\/2021\/09\/messias.jpg\" \/>\n\t<meta property=\"og:image:width\" content=\"300\" \/>\n\t<meta property=\"og:image:height\" content=\"168\" \/>\n\t<meta property=\"og:image:type\" content=\"image\/jpeg\" \/>\n<meta name=\"author\" content=\"Radio Ljubu\u0161ki\" \/>\n<meta name=\"twitter:card\" content=\"summary_large_image\" \/>\n<meta name=\"twitter:creator\" content=\"@radioljubuski\" \/>\n<meta name=\"twitter:site\" content=\"@radioljubuski\" \/>\n<meta name=\"twitter:label1\" content=\"Napisao\/la\" \/>\n\t<meta name=\"twitter:data1\" content=\"Radio Ljubu\u0161ki\" \/>\n\t<meta name=\"twitter:label2\" content=\"Procijenjeno vrijeme \u010ditanja\" \/>\n\t<meta name=\"twitter:data2\" content=\"2 minute\" \/>\n<script type=\"application\/ld+json\" class=\"yoast-schema-graph\">{\"@context\":\"https:\\\/\\\/schema.org\",\"@graph\":[{\"@type\":\"Article\",\"@id\":\"https:\\\/\\\/radioljubuski.ba\\\/index.php\\\/2021\\\/09\\\/01\\\/u-italiju-dosao-raditi-kao-dostavljac-pizze-a-sada-ce-s-milanom-igrati-ligu-prvaka\\\/#article\",\"isPartOf\":{\"@id\":\"https:\\\/\\\/radioljubuski.ba\\\/index.php\\\/2021\\\/09\\\/01\\\/u-italiju-dosao-raditi-kao-dostavljac-pizze-a-sada-ce-s-milanom-igrati-ligu-prvaka\\\/\"},\"author\":{\"name\":\"Radio Ljubu\u0161ki\",\"@id\":\"https:\\\/\\\/radioljubuski.ba\\\/#\\\/schema\\\/person\\\/19fc700381a780f69665d7956c469e3b\"},\"headline\":\"U Italiju do\u0161ao raditi kao dostavlja\u010d pizze, a sada \u0107e s Milanom igrati Ligu prvaka\",\"datePublished\":\"2021-09-01T07:21:32+00:00\",\"dateModified\":\"2021-09-01T07:21:33+00:00\",\"mainEntityOfPage\":{\"@id\":\"https:\\\/\\\/radioljubuski.ba\\\/index.php\\\/2021\\\/09\\\/01\\\/u-italiju-dosao-raditi-kao-dostavljac-pizze-a-sada-ce-s-milanom-igrati-ligu-prvaka\\\/\"},\"wordCount\":286,\"publisher\":{\"@id\":\"https:\\\/\\\/radioljubuski.ba\\\/#organization\"},\"image\":{\"@id\":\"https:\\\/\\\/radioljubuski.ba\\\/index.php\\\/2021\\\/09\\\/01\\\/u-italiju-dosao-raditi-kao-dostavljac-pizze-a-sada-ce-s-milanom-igrati-ligu-prvaka\\\/#primaryimage\"},\"thumbnailUrl\":\"https:\\\/\\\/radioljubuski.ba\\\/wp-content\\\/uploads\\\/2021\\\/09\\\/messias.jpg\",\"articleSection\":[\"\u0160port\"],\"inLanguage\":\"hr\"},{\"@type\":\"WebPage\",\"@id\":\"https:\\\/\\\/radioljubuski.ba\\\/index.php\\\/2021\\\/09\\\/01\\\/u-italiju-dosao-raditi-kao-dostavljac-pizze-a-sada-ce-s-milanom-igrati-ligu-prvaka\\\/\",\"url\":\"https:\\\/\\\/radioljubuski.ba\\\/index.php\\\/2021\\\/09\\\/01\\\/u-italiju-dosao-raditi-kao-dostavljac-pizze-a-sada-ce-s-milanom-igrati-ligu-prvaka\\\/\",\"name\":\"U Italiju do\u0161ao raditi kao dostavlja\u010d pizze, a sada \u0107e s Milanom igrati Ligu prvaka - RADIO LJUBU\u0160KI\",\"isPartOf\":{\"@id\":\"https:\\\/\\\/radioljubuski.ba\\\/#website\"},\"primaryImageOfPage\":{\"@id\":\"https:\\\/\\\/radioljubuski.ba\\\/index.php\\\/2021\\\/09\\\/01\\\/u-italiju-dosao-raditi-kao-dostavljac-pizze-a-sada-ce-s-milanom-igrati-ligu-prvaka\\\/#primaryimage\"},\"image\":{\"@id\":\"https:\\\/\\\/radioljubuski.ba\\\/index.php\\\/2021\\\/09\\\/01\\\/u-italiju-dosao-raditi-kao-dostavljac-pizze-a-sada-ce-s-milanom-igrati-ligu-prvaka\\\/#primaryimage\"},\"thumbnailUrl\":\"https:\\\/\\\/radioljubuski.ba\\\/wp-content\\\/uploads\\\/2021\\\/09\\\/messias.jpg\",\"datePublished\":\"2021-09-01T07:21:32+00:00\",\"dateModified\":\"2021-09-01T07:21:33+00:00\",\"breadcrumb\":{\"@id\":\"https:\\\/\\\/radioljubuski.ba\\\/index.php\\\/2021\\\/09\\\/01\\\/u-italiju-dosao-raditi-kao-dostavljac-pizze-a-sada-ce-s-milanom-igrati-ligu-prvaka\\\/#breadcrumb\"},\"inLanguage\":\"hr\",\"potentialAction\":[{\"@type\":\"ReadAction\",\"target\":[\"https:\\\/\\\/radioljubuski.ba\\\/index.php\\\/2021\\\/09\\\/01\\\/u-italiju-dosao-raditi-kao-dostavljac-pizze-a-sada-ce-s-milanom-igrati-ligu-prvaka\\\/\"]}]},{\"@type\":\"ImageObject\",\"inLanguage\":\"hr\",\"@id\":\"https:\\\/\\\/radioljubuski.ba\\\/index.php\\\/2021\\\/09\\\/01\\\/u-italiju-dosao-raditi-kao-dostavljac-pizze-a-sada-ce-s-milanom-igrati-ligu-prvaka\\\/#primaryimage\",\"url\":\"https:\\\/\\\/radioljubuski.ba\\\/wp-content\\\/uploads\\\/2021\\\/09\\\/messias.jpg\",\"contentUrl\":\"https:\\\/\\\/radioljubuski.ba\\\/wp-content\\\/uploads\\\/2021\\\/09\\\/messias.jpg\",\"width\":300,\"height\":168},{\"@type\":\"BreadcrumbList\",\"@id\":\"https:\\\/\\\/radioljubuski.ba\\\/index.php\\\/2021\\\/09\\\/01\\\/u-italiju-dosao-raditi-kao-dostavljac-pizze-a-sada-ce-s-milanom-igrati-ligu-prvaka\\\/#breadcrumb\",\"itemListElement\":[{\"@type\":\"ListItem\",\"position\":1,\"name\":\"Po\u010detna stranica\",\"item\":\"https:\\\/\\\/radioljubuski.ba\\\/\"},{\"@type\":\"ListItem\",\"position\":2,\"name\":\"U Italiju do\u0161ao raditi kao dostavlja\u010d pizze, a sada \u0107e s Milanom igrati Ligu prvaka\"}]},{\"@type\":\"WebSite\",\"@id\":\"https:\\\/\\\/radioljubuski.ba\\\/#website\",\"url\":\"https:\\\/\\\/radioljubuski.ba\\\/\",\"name\":\"Radio Ljubu\u0161ki\",\"description\":\"Sun\u010dana frekvencija Hercegovine\",\"publisher\":{\"@id\":\"https:\\\/\\\/radioljubuski.ba\\\/#organization\"},\"potentialAction\":[{\"@type\":\"SearchAction\",\"target\":{\"@type\":\"EntryPoint\",\"urlTemplate\":\"https:\\\/\\\/radioljubuski.ba\\\/?s={search_term_string}\"},\"query-input\":{\"@type\":\"PropertyValueSpecification\",\"valueRequired\":true,\"valueName\":\"search_term_string\"}}],\"inLanguage\":\"hr\"},{\"@type\":\"Organization\",\"@id\":\"https:\\\/\\\/radioljubuski.ba\\\/#organization\",\"name\":\"Radio Ljubu\u0161ki\",\"url\":\"https:\\\/\\\/radioljubuski.ba\\\/\",\"logo\":{\"@type\":\"ImageObject\",\"inLanguage\":\"hr\",\"@id\":\"https:\\\/\\\/radioljubuski.ba\\\/#\\\/schema\\\/logo\\\/image\\\/\",\"url\":\"https:\\\/\\\/radioljubuski.ba\\\/wp-content\\\/uploads\\\/2021\\\/02\\\/cropped-Radio_Ljubuski_logo1.jpg\",\"contentUrl\":\"https:\\\/\\\/radioljubuski.ba\\\/wp-content\\\/uploads\\\/2021\\\/02\\\/cropped-Radio_Ljubuski_logo1.jpg\",\"width\":512,\"height\":512,\"caption\":\"Radio Ljubu\u0161ki\"},\"image\":{\"@id\":\"https:\\\/\\\/radioljubuski.ba\\\/#\\\/schema\\\/logo\\\/image\\\/\"},\"sameAs\":[\"https:\\\/\\\/www.facebook.com\\\/Radiio-Ljubuski-1490835324566332\",\"https:\\\/\\\/x.com\\\/radioljubuski\",\"https:\\\/\\\/hr.linkedin.com\\\/company\\\/radio-ljubuski\",\"https:\\\/\\\/www.youtube.com\\\/channel\\\/UCHYaeO_n0Db3tjNGudGpXyw\"]},{\"@type\":\"Person\",\"@id\":\"https:\\\/\\\/radioljubuski.ba\\\/#\\\/schema\\\/person\\\/19fc700381a780f69665d7956c469e3b\",\"name\":\"Radio Ljubu\u0161ki\"}]}<\/script>\n<!-- \/ Yoast SEO plugin. -->","yoast_head_json":{"title":"U Italiju do\u0161ao raditi kao dostavlja\u010d pizze, a sada \u0107e s Milanom igrati Ligu prvaka - RADIO LJUBU\u0160KI","robots":{"index":"index","follow":"follow","max-snippet":"max-snippet:-1","max-image-preview":"max-image-preview:large","max-video-preview":"max-video-preview:-1"},"canonical":"https:\/\/radioljubuski.ba\/index.php\/2021\/09\/01\/u-italiju-dosao-raditi-kao-dostavljac-pizze-a-sada-ce-s-milanom-igrati-ligu-prvaka\/","og_locale":"hr_HR","og_type":"article","og_title":"U Italiju do\u0161ao raditi kao dostavlja\u010d pizze, a sada \u0107e s Milanom igrati Ligu prvaka - RADIO LJUBU\u0160KI","og_description":"\u010cesto se ka\u017ee da je &#8220;bolje ikad nego nikad &#8221; i vjerojatno ne postoji izraz koji bolje obuhva\u0107a i predstavlja parabolu o Junioru Messiasu, novom poja\u010danju Milana. Messias je u Milan do\u0161ao posljednjeg dana prijelaznog roka za 10 milijuna eura. Lovili su Rossoneri na toj poziciji zvu\u010dnija imena, na kraju ipak doveli brazilskog nogometa\u0161a iz [&hellip;]","og_url":"https:\/\/radioljubuski.ba\/index.php\/2021\/09\/01\/u-italiju-dosao-raditi-kao-dostavljac-pizze-a-sada-ce-s-milanom-igrati-ligu-prvaka\/","og_site_name":"RADIO LJUBU\u0160KI","article_publisher":"https:\/\/www.facebook.com\/Radiio-Ljubuski-1490835324566332","article_published_time":"2021-09-01T07:21:32+00:00","article_modified_time":"2021-09-01T07:21:33+00:00","og_image":[{"width":300,"height":168,"url":"https:\/\/radioljubuski.ba\/wp-content\/uploads\/2021\/09\/messias.jpg","type":"image\/jpeg"}],"author":"Radio Ljubu\u0161ki","twitter_card":"summary_large_image","twitter_creator":"@radioljubuski","twitter_site":"@radioljubuski","twitter_misc":{"Napisao\/la":"Radio Ljubu\u0161ki","Procijenjeno vrijeme \u010ditanja":"2 minute"},"schema":{"@context":"https:\/\/schema.org","@graph":[{"@type":"Article","@id":"https:\/\/radioljubuski.ba\/index.php\/2021\/09\/01\/u-italiju-dosao-raditi-kao-dostavljac-pizze-a-sada-ce-s-milanom-igrati-ligu-prvaka\/#article","isPartOf":{"@id":"https:\/\/radioljubuski.ba\/index.php\/2021\/09\/01\/u-italiju-dosao-raditi-kao-dostavljac-pizze-a-sada-ce-s-milanom-igrati-ligu-prvaka\/"},"author":{"name":"Radio Ljubu\u0161ki","@id":"https:\/\/radioljubuski.ba\/#\/schema\/person\/19fc700381a780f69665d7956c469e3b"},"headline":"U Italiju do\u0161ao raditi kao dostavlja\u010d pizze, a sada \u0107e s Milanom igrati Ligu prvaka","datePublished":"2021-09-01T07:21:32+00:00","dateModified":"2021-09-01T07:21:33+00:00","mainEntityOfPage":{"@id":"https:\/\/radioljubuski.ba\/index.php\/2021\/09\/01\/u-italiju-dosao-raditi-kao-dostavljac-pizze-a-sada-ce-s-milanom-igrati-ligu-prvaka\/"},"wordCount":286,"publisher":{"@id":"https:\/\/radioljubuski.ba\/#organization"},"image":{"@id":"https:\/\/radioljubuski.ba\/index.php\/2021\/09\/01\/u-italiju-dosao-raditi-kao-dostavljac-pizze-a-sada-ce-s-milanom-igrati-ligu-prvaka\/#primaryimage"},"thumbnailUrl":"https:\/\/radioljubuski.ba\/wp-content\/uploads\/2021\/09\/messias.jpg","articleSection":["\u0160port"],"inLanguage":"hr"},{"@type":"WebPage","@id":"https:\/\/radioljubuski.ba\/index.php\/2021\/09\/01\/u-italiju-dosao-raditi-kao-dostavljac-pizze-a-sada-ce-s-milanom-igrati-ligu-prvaka\/","url":"https:\/\/radioljubuski.ba\/index.php\/2021\/09\/01\/u-italiju-dosao-raditi-kao-dostavljac-pizze-a-sada-ce-s-milanom-igrati-ligu-prvaka\/","name":"U Italiju do\u0161ao raditi kao dostavlja\u010d pizze, a sada \u0107e s Milanom igrati Ligu prvaka - RADIO LJUBU\u0160KI","isPartOf":{"@id":"https:\/\/radioljubuski.ba\/#website"},"primaryImageOfPage":{"@id":"https:\/\/radioljubuski.ba\/index.php\/2021\/09\/01\/u-italiju-dosao-raditi-kao-dostavljac-pizze-a-sada-ce-s-milanom-igrati-ligu-prvaka\/#primaryimage"},"image":{"@id":"https:\/\/radioljubuski.ba\/index.php\/2021\/09\/01\/u-italiju-dosao-raditi-kao-dostavljac-pizze-a-sada-ce-s-milanom-igrati-ligu-prvaka\/#primaryimage"},"thumbnailUrl":"https:\/\/radioljubuski.ba\/wp-content\/uploads\/2021\/09\/messias.jpg","datePublished":"2021-09-01T07:21:32+00:00","dateModified":"2021-09-01T07:21:33+00:00","breadcrumb":{"@id":"https:\/\/radioljubuski.ba\/index.php\/2021\/09\/01\/u-italiju-dosao-raditi-kao-dostavljac-pizze-a-sada-ce-s-milanom-igrati-ligu-prvaka\/#breadcrumb"},"inLanguage":"hr","potentialAction":[{"@type":"ReadAction","target":["https:\/\/radioljubuski.ba\/index.php\/2021\/09\/01\/u-italiju-dosao-raditi-kao-dostavljac-pizze-a-sada-ce-s-milanom-igrati-ligu-prvaka\/"]}]},{"@type":"ImageObject","inLanguage":"hr","@id":"https:\/\/radioljubuski.ba\/index.php\/2021\/09\/01\/u-italiju-dosao-raditi-kao-dostavljac-pizze-a-sada-ce-s-milanom-igrati-ligu-prvaka\/#primaryimage","url":"https:\/\/radioljubuski.ba\/wp-content\/uploads\/2021\/09\/messias.jpg","contentUrl":"https:\/\/radioljubuski.ba\/wp-content\/uploads\/2021\/09\/messias.jpg","width":300,"height":168},{"@type":"BreadcrumbList","@id":"https:\/\/radioljubuski.ba\/index.php\/2021\/09\/01\/u-italiju-dosao-raditi-kao-dostavljac-pizze-a-sada-ce-s-milanom-igrati-ligu-prvaka\/#breadcrumb","itemListElement":[{"@type":"ListItem","position":1,"name":"Po\u010detna stranica","item":"https:\/\/radioljubuski.ba\/"},{"@type":"ListItem","position":2,"name":"U Italiju do\u0161ao raditi kao dostavlja\u010d pizze, a sada \u0107e s Milanom igrati Ligu prvaka"}]},{"@type":"WebSite","@id":"https:\/\/radioljubuski.ba\/#website","url":"https:\/\/radioljubuski.ba\/","name":"Radio Ljubu\u0161ki","description":"Sun\u010dana frekvencija Hercegovine","publisher":{"@id":"https:\/\/radioljubuski.ba\/#organization"},"potentialAction":[{"@type":"SearchAction","target":{"@type":"EntryPoint","urlTemplate":"https:\/\/radioljubuski.ba\/?s={search_term_string}"},"query-input":{"@type":"PropertyValueSpecification","valueRequired":true,"valueName":"search_term_string"}}],"inLanguage":"hr"},{"@type":"Organization","@id":"https:\/\/radioljubuski.ba\/#organization","name":"Radio Ljubu\u0161ki","url":"https:\/\/radioljubuski.ba\/","logo":{"@type":"ImageObject","inLanguage":"hr","@id":"https:\/\/radioljubuski.ba\/#\/schema\/logo\/image\/","url":"https:\/\/radioljubuski.ba\/wp-content\/uploads\/2021\/02\/cropped-Radio_Ljubuski_logo1.jpg","contentUrl":"https:\/\/radioljubuski.ba\/wp-content\/uploads\/2021\/02\/cropped-Radio_Ljubuski_logo1.jpg","width":512,"height":512,"caption":"Radio Ljubu\u0161ki"},"image":{"@id":"https:\/\/radioljubuski.ba\/#\/schema\/logo\/image\/"},"sameAs":["https:\/\/www.facebook.com\/Radiio-Ljubuski-1490835324566332","https:\/\/x.com\/radioljubuski","https:\/\/hr.linkedin.com\/company\/radio-ljubuski","https:\/\/www.youtube.com\/channel\/UCHYaeO_n0Db3tjNGudGpXyw"]},{"@type":"Person","@id":"https:\/\/radioljubuski.ba\/#\/schema\/person\/19fc700381a780f69665d7956c469e3b","name":"Radio Ljubu\u0161ki"}]}},"_links":{"self":[{"href":"https:\/\/radioljubuski.ba\/index.php\/wp-json\/wp\/v2\/posts\/59730","targetHints":{"allow":["GET"]}}],"collection":[{"href":"https:\/\/radioljubuski.ba\/index.php\/wp-json\/wp\/v2\/posts"}],"about":[{"href":"https:\/\/radioljubuski.ba\/index.php\/wp-json\/wp\/v2\/types\/post"}],"author":[{"embeddable":true,"href":"https:\/\/radioljubuski.ba\/index.php\/wp-json\/wp\/v2\/users\/2"}],"replies":[{"embeddable":true,"href":"https:\/\/radioljubuski.ba\/index.php\/wp-json\/wp\/v2\/comments?post=59730"}],"version-history":[{"count":1,"href":"https:\/\/radioljubuski.ba\/index.php\/wp-json\/wp\/v2\/posts\/59730\/revisions"}],"predecessor-version":[{"id":59732,"href":"https:\/\/radioljubuski.ba\/index.php\/wp-json\/wp\/v2\/posts\/59730\/revisions\/59732"}],"wp:featuredmedia":[{"embeddable":true,"href":"https:\/\/radioljubuski.ba\/index.php\/wp-json\/wp\/v2\/media\/59731"}],"wp:attachment":[{"href":"https:\/\/radioljubuski.ba\/index.php\/wp-json\/wp\/v2\/media?parent=59730"}],"wp:term":[{"taxonomy":"category","embeddable":true,"href":"https:\/\/radioljubuski.ba\/index.php\/wp-json\/wp\/v2\/categories?post=59730"},{"taxonomy":"post_tag","embeddable":true,"href":"https:\/\/radioljubuski.ba\/index.php\/wp-json\/wp\/v2\/tags?post=59730"}],"curies":[{"name":"wp","href":"https:\/\/api.w.org\/{rel}","templated":true}]}}