{"id":59789,"date":"2021-09-01T10:32:07","date_gmt":"2021-09-01T09:32:07","guid":{"rendered":"https:\/\/radioljubuski.ba\/?p=59789"},"modified":"2021-09-01T10:32:08","modified_gmt":"2021-09-01T09:32:08","slug":"kovacic-gradanski-odgoj-neophodan-ali-je-program-napisan-za-zagrebacke-skole-manjkav","status":"publish","type":"post","link":"https:\/\/radioljubuski.ba\/index.php\/2021\/09\/01\/kovacic-gradanski-odgoj-neophodan-ali-je-program-napisan-za-zagrebacke-skole-manjkav\/","title":{"rendered":"Kova\u010di\u0107: Gra\u0111anski odgoj neophodan, ali je program napisan za zagreba\u010dke \u0161kole manjkav"},"content":{"rendered":"\n<p>Zagreba\u010dki gradona\u010delnik Tomislav Toma\u0161evi\u0107 najavio je uvo\u0111enje gra\u0111anskog odgoja i obrazovanja u \u0161kole u kojima u\u010denici i roditelji poka\u017eu zanimanje za takvu izvannastavnu aktivnost. U\u010denici koji to budu htjeli, gra\u0111anski \u0107e odgoj slu\u0161ati ve\u0107 ove \u0161kolske godine. Znanstvenik s Instituta za dru\u0161tvena istra\u017eivanja Marko Kova\u010di\u0107 u emisiji &#8220;Studio 4&#8221; rekao je da je gra\u0111anski odgoj u \u0161kolama neophodan, no smatra da je program koji je napisan za zagreba\u010dke \u0161kole manjkav.<\/p>\n\n\n\n<p><strong>Marko Kova\u010di\u0107<\/strong>&nbsp;s Instituta&nbsp; za dru\u0161tvena istra\u017eivanja, gostuju\u0107i u emisiji &#8220;Studio 4&#8221;, rekao je kako sva relevantna istra\u017eivanja pokazuju da mladima u Hrvatskoj nedostaje politi\u010dke kompetencije te svaki pomak u smjeru razvijanja politi\u010dkih znanja i demokratskih stavova smatra korakom naprijed. Me\u0111utim zabrinjava ga prema kojem \u0107e se kurikulumu to provoditi i tko \u0107e taj predmet predavati, odnosno ima li Zagreb plan na koji \u0107e na\u010din educirati nastavnike.<br><br>&#8211; Pozdravljam napore aktualne vlasti da se razvije gra\u0111anska kompetencija mladih, ali bih upozorio na to \u0161to \u0107e se prenositi i na koji na\u010din, rekao je.<br><br>Podsjetio je kako od 1999. postoje napori i zalaganja za uvo\u0111enje sadr\u017eaja koji \u0107e omogu\u0107iti gra\u0111anima da iskoriste sva prava i obveze. U sklopu kurikularne reforme ministrice Divjak 2019. uvedena je me\u0111upredmetna tema koja se zove Gra\u0111anski odgoj i obrazovanje, no istra\u017eivanja su pokazala, ka\u017ee Kova\u010di\u0107, da to nije polu\u010dilo pretjerane rezultate. Posljednje istra\u017eivanje Instituta za dru\u0161tvena istra\u017eivanja pokazalo je da je stupanj gra\u0111anskih kompetencija mladih vrlo nizak.<br><br>&#8211; Rijeka je uvela gra\u0111anski odgoj 2015. godine, a taj model su preuzeli Krapinsko-zagorska \u017eupanija, Sisak, Osijek i drugi gradovi koji su prepoznali da me\u0111upredmetni model nije adekvatan i kompetentan dovoljno da odgovori na sve izazove s kojima se mladi susre\u0107u.<br><br>&#8211; Gra\u0111anski odgoj zna\u010di da gra\u0111ani znaju za \u0161to, primjerice, slu\u017ee pravobranitelji, da postoji povjerenik HRT-a i da se mogu njima javiti, da se isto tako mogu obratiti Savjetu mladih. Razvoj gra\u0111anskih kompetencija podrazumijeva osim znanja i razvoj odre\u0111enih vje\u0161tina,&nbsp; npr. kako napisati dopis, koja je razlika izme\u0111u \u017eiro i teku\u0107eg ra\u010duna, na koji na\u010din se mo\u017ee realizirati kredit, kako ostvariti svoja prava u okviru stambene politike. Zna\u010di sve ono \u0161to mi kao gra\u0111ani, neovisno gdje \u017eivimo, trebamo imati. Gra\u0111anski odgoj i obrazovanje nije samo za one koji \u017eive u gradovima, nego za sve koji su dio politi\u010dke zajednice, a to smo svi, pojasnio je Kova\u010di\u0107.<br><br>Je li gra\u0111anski odgoj ideolo\u0161ko pitanje? Kova\u010di\u0107 ka\u017ee kako je Hrvatska jedna od rijetkih dr\u017eava koja nema kvalitetni odgoj i obrazovanje za demokraciju.&nbsp;<br><br>&#8211; Ljudi koji ne znaju o \u010demu se radi i s ciljem iskori\u0161tavanja odre\u0111enih tema za svoj osobni probitak \u010desto u javnost pu\u0161taju balone na koji se priklju\u010dio dio dru\u0161tva koji nije toliko kompetentan. Mi nominalno imamo me\u0111upredmetne teme. Ne znam kome bi moglo smetati da na\u0161i u\u010denici znaju \u010demu slu\u017ei savjet mladih, na koji na\u010din se otvara kredit i sl. Ja uop\u0107e ne znam koje su osjetljive teme. Znanstveno je nepobitna \u010dinjenica da je gra\u0111anski odgoj i obrazovanje potreban i da ga je dr\u017eava, s obzirom na razli\u010dite potpisane deklaracije, du\u017ena implementirati u obrazovni sustav, rekao je Kova\u010di\u0107.<\/p>\n\n\n\n<p><strong>Niz manjkavosti u programu<\/strong><br><br>Istaknuo je kako u postoje\u0107em programu gra\u0111anskog odgoja koji se uvodi u Zagrebu vidi puno manjkavosti u sadr\u017eajnom, terminolo\u0161kom i metodi\u010dkom smislu.&nbsp;<\/p>\n\n\n\n<p><br>&#8211; Ne bih rekao da vidim pretjerano ultrakr\u0161\u0107anske vrednote u programu, ali je puno manjkavosti. Program je otprilike na razini seminarskog rada studenta prve godine pedagogije ili politologije. Nedostaju klju\u010dne stvari, o savjetu mladih, pravobraniteljima, manjine nisu spomenute niti jednom rije\u010dju osim u kontekstu sintagme vi\u0161esavjetnih agencija za nacionalne manjine, nedostaje rodne ravnopravnosti, nije napisano kako se pristupa pravobraniteljima. Brojne teme su samo spomenute, nisu razra\u0111ene metode. Hrpetina terminolo\u0161kih nedostataka, rekao je Kova\u010di\u0107.<br><br>&#8211; Cijelo vrijeme se govori o gradu Zagrebu i gradskom vije\u0107u, Grad Zagreb nema vije\u0107e nego Gradsku skup\u0161tinu. Nema ni\u0161ta re\u010deno vezano za civilno dru\u0161tvo, udruge nisu spomenute. Neke stvari su samo copy paste, spominje se samo Dinamo kao zagreba\u010dki klub, ne spominje se NK Zagreb ili Cibona kao ko\u0161arka\u0161ki klub. Rije\u010d je o jednom mi\u0161-ma\u0161u svega i mene kao znanstvenika zabrinjava \u010dinjenica da je Ministarstvo, odnosno Agencija dala pozitivno mi\u0161ljenje na jedan tako nekompetentan konglomerat svega i sva\u010dega, dodao je.<br><br>Kova\u010di\u0107 je apelirao na zagreba\u010dku gradsku vlast da pristupi reviziji programa.<br><br>&#8211; Po\u010deti ispo\u010detka, prvo maknuti sve literarne forme u priru\u010dniku. Nema kvalitetnih specifikacija ni kompetencija po niti jednom teoreti\u010daru koji se bavi kurikularnom pristupu. Meni nije jasno kako netko svojim imenom i prezimenom mo\u017ee stati iza ne\u010deg tako lo\u0161eg napisanog, smatra.<br><br>Kova\u010di\u0107 je poru\u010dio kako platforma Mo\u017eemo, koja je tijekom predizborne kampanje nagla\u0161avala da \u017eeli aktivno gra\u0111anstvo, to sigurno ne\u0107e dobiti postoje\u0107im programom.<\/p>\n\n\n\n<p><strong>Provedba i edukacija\u00a0<\/strong><br><br>Kova\u010di\u0107 je rekao kako bi provedba gra\u0111anskog odgoja i edukacija u\u010ditelja mogla biti izazovna prvenstveno jer su istra\u017eivanja vezana za Agenciju za odgoj i obrazovanje i njihove edukacije pokazala da u\u010ditelji nisu zadovoljni na\u010dinom na koji se podu\u010davaju teme iz tog podru\u010dja.<br><br>&#8211; Izrazito je izazovno, gotovo nemogu\u0107e gra\u0111anski odgoj na kvalitetan i strukturiran na\u010din uvesti ove \u0161kolske godine. Meni se \u010dini da je ponekad bolje po\u017euriti polako, poru\u010dio je.<br><br>&#8211; Mislim da \u0107e platforma Mo\u017eemo i nova gradska vlast poslati poziv svim ravnateljima da se poka\u017ee interes, a onda izdvojiti sredstva za edukaciju nastavnika i pisanje programa, dodao je Kova\u010di\u0107.<br><br>Postavlja se pitanje i tko \u0107e gra\u0111anski odgoj predavati.<br><br>&#8211; To uglavnom predaju nastavnici etike, filozofije te politike\u00a0 i gospodarstva koji ne postoje u osnovnim \u0161kolama. Na kraju \u0107e to ispasti da \u0107e predavati oni kojima nedostaje satnice, koji nisu nu\u017eno intrinzi\u010dno motivirani ili kompetentni. Nadam se da \u0107e Agencija za odgoj i obrazovanje napraviti kvalitetniji program usavr\u0161avanja nastavnika ne samo u Zagrebu, a za zagreba\u010dke nastavnike \u0107e se o\u010dito morati unajmiti edukatori koji \u0107e mo\u0107i prenijeti nastavnicima kompetencije, rekao je Kova\u010di\u0107 dodaju\u0107i da takva edukacija treba trajati godinu dana.<\/p>\n\n\n\n<div style=\"width: 640px;\" class=\"wp-video\"><video class=\"wp-video-shortcode\" id=\"video-59789-1\" width=\"640\" height=\"360\" preload=\"metadata\" controls=\"controls\"><source type=\"video\/mp4\" src=\"https:\/\/api.hrt.hr\/media\/4f\/fe\/st4-kovacic-0109-20210901080200.mp4?_=1\" \/><a href=\"https:\/\/api.hrt.hr\/media\/4f\/fe\/st4-kovacic-0109-20210901080200.mp4\">https:\/\/api.hrt.hr\/media\/4f\/fe\/st4-kovacic-0109-20210901080200.mp4<\/a><\/video><\/div>\n\n\n\n<p><strong>Gra\u0111anski odgoj i obrazovanje u Rijeci<\/strong><strong><br><br>Lana Golob<\/strong>, iz Odjela za \u0161kolstvo grada Rijeke, rekla je da se s uvo\u0111enjem gra\u0111anskog odgoja u Hrvatskoj kasni vi\u0161e od 20 godina.<br><br>&#8211; Ako \u017eelimo \u017eivjeti u demokratskom dru\u0161tvu, moramo imati gra\u0111ane koji su spremni preuzeti svoju ulogu u takvom ure\u0111enju. Rupa u obrazovnom sustavu je postojalo i nije bilo vi\u0161e vremena \u010dekati da se na nacionalnoj razini to prepozna i ne\u0161to napravi. Na\u0161 prvi korak bila je detekcija i analiza stanja i na\u017ealost u Hrvatskoj nije postojao priru\u010dnik namijenjen u\u010denicima koji na jednom mjestu objedinjava svih \u0161est dimenzija koje \u010dine gra\u0111anski odgoj i obrazovanje i obra\u0111uje ih na u\u010denicima primjeren na\u010din. Pristupili smo formiranju radne skupine koja je obuhvatila cijelu obrazovnu vertikalu, izradili smo priru\u010dnik za u\u010denike i kurikulum za u\u010ditelje. Dodatno smo uklju\u010dili stru\u010dnjake kako bi bili sigurni da je sve napravljeno kako treba, prilago\u0111eno dobi i zanimljivo u\u010denicima, rekla je Golob.<br><br>Istaknula je da je Rijeka ustupila priru\u010dnik 12 drugih gradova i \u017eupanija i jednoj \u0161koli te su ga svi, kako je rekla, nastavili koristiti.&nbsp;<br><br>&#8211; Mi smo priru\u010dnik napravili tako da nije ni na koji na\u010din vezan samo za Rijeku, nego je primjenjiv na razini cijele Hrvatske, otkrila je.<br><br>Uvo\u0111enje ovog predmeta u rije\u010dke \u0161kole po\u010delo je eksperimentalno, na 88 u\u010denika u \u0161est \u0161kola, jer je cilj bio ispitati koliko su pripremljeni materijali uspje\u0161ni te ostvaruju li se \u017eeljeni ishodi.<br><br>Gra\u0111anski odgoj i obrazovanje prije epidemije provodio se u 24 od 25 rije\u010dkih \u0161kola, a poha\u0111alo ga je malo manje od 800 u\u010denika. U 2020. ga je poha\u0111alo, zbog ote\u017eanih uvjeta, malo manje od 500 u\u010denika.<br><br>&#8211; Bilo nam je va\u017eno uvesti gra\u0111anski odgoj kao izvannastavnu aktivnost jer predstavlja ne\u0161to fluidniji oblik nastave koji ne stavlja u fokus ocjene, usvajanje \u010dinjenica radi \u010dinjenica, nego mi radimo na iskustvenom u\u010denju. U centru su emocionalni, kognitivni i psiholo\u0161ki razvoj u\u010denika i u\u010denici su sukreatori sadr\u017eaja. Nema ocjena. To su u\u010denici i prepoznali, u evaluacijama su isticali da im je ovo prvi predmet na kojem se osje\u0107aju ugodno i da imaju osje\u0107aj da u\u010de za sebe, a ne za ocjenu, rekla je Golob.<br><br>Na upit smatra li da je gra\u0111anski odgoj ideolo\u0161ko pitanje kako neki ka\u017eu, Golob je rekla da ga smatra op\u0107eljudskim pitanjem jer nas u\u010di va\u017enosti prihva\u0107anja, razumijevanja i tolerancije.<br><br>&#8211; Ne vidim ni\u0161ta \u0161to bi ikome bilo sporno. Poanta gra\u0111anskog odgoja je aktivno dru\u0161tvo i pravednija i solidarnija zajednica, zaklju\u010dila je.<\/p>\n\n\n\n<p>Izvor:hrt.hr<\/p>\n","protected":false},"excerpt":{"rendered":"<p>Zagreba\u010dki gradona\u010delnik Tomislav Toma\u0161evi\u0107 najavio je uvo\u0111enje gra\u0111anskog odgoja i obrazovanja u \u0161kole u kojima u\u010denici i roditelji poka\u017eu zanimanje za takvu izvannastavnu aktivnost. U\u010denici koji to budu htjeli, gra\u0111anski \u0107e odgoj slu\u0161ati ve\u0107 ove \u0161kolske godine. Znanstvenik s Instituta za dru\u0161tvena istra\u017eivanja Marko Kova\u010di\u0107 u emisiji &#8220;Studio 4&#8221; rekao je da je gra\u0111anski odgoj [&hellip;]<\/p>\n","protected":false},"author":2,"featured_media":59790,"comment_status":"closed","ping_status":"closed","sticky":false,"template":"","format":"standard","meta":{"h5ap_radio_sources":[],"footnotes":""},"categories":[1],"tags":[],"class_list":["post-59789","post","type-post","status-publish","format-standard","has-post-thumbnail","hentry","category-bihiregija"],"yoast_head":"<!-- This site is optimized with the Yoast SEO plugin v27.5 - https:\/\/yoast.com\/product\/yoast-seo-wordpress\/ -->\n<title>Kova\u010di\u0107: Gra\u0111anski odgoj neophodan, ali je program napisan za zagreba\u010dke \u0161kole manjkav - RADIO LJUBU\u0160KI<\/title>\n<meta name=\"robots\" content=\"index, follow, max-snippet:-1, max-image-preview:large, max-video-preview:-1\" \/>\n<link rel=\"canonical\" href=\"https:\/\/radioljubuski.ba\/index.php\/2021\/09\/01\/kovacic-gradanski-odgoj-neophodan-ali-je-program-napisan-za-zagrebacke-skole-manjkav\/\" \/>\n<meta property=\"og:locale\" content=\"hr_HR\" \/>\n<meta property=\"og:type\" content=\"article\" \/>\n<meta property=\"og:title\" content=\"Kova\u010di\u0107: Gra\u0111anski odgoj neophodan, ali je program napisan za zagreba\u010dke \u0161kole manjkav - RADIO LJUBU\u0160KI\" \/>\n<meta property=\"og:description\" content=\"Zagreba\u010dki gradona\u010delnik Tomislav Toma\u0161evi\u0107 najavio je uvo\u0111enje gra\u0111anskog odgoja i obrazovanja u \u0161kole u kojima u\u010denici i roditelji poka\u017eu zanimanje za takvu izvannastavnu aktivnost. U\u010denici koji to budu htjeli, gra\u0111anski \u0107e odgoj slu\u0161ati ve\u0107 ove \u0161kolske godine. Znanstvenik s Instituta za dru\u0161tvena istra\u017eivanja Marko Kova\u010di\u0107 u emisiji &#8220;Studio 4&#8221; rekao je da je gra\u0111anski odgoj [&hellip;]\" \/>\n<meta property=\"og:url\" content=\"https:\/\/radioljubuski.ba\/index.php\/2021\/09\/01\/kovacic-gradanski-odgoj-neophodan-ali-je-program-napisan-za-zagrebacke-skole-manjkav\/\" \/>\n<meta property=\"og:site_name\" content=\"RADIO LJUBU\u0160KI\" \/>\n<meta property=\"article:publisher\" content=\"https:\/\/www.facebook.com\/Radiio-Ljubuski-1490835324566332\" \/>\n<meta property=\"article:published_time\" content=\"2021-09-01T09:32:07+00:00\" \/>\n<meta property=\"article:modified_time\" content=\"2021-09-01T09:32:08+00:00\" \/>\n<meta property=\"og:image\" content=\"https:\/\/radioljubuski.ba\/wp-content\/uploads\/2021\/09\/indeksiraj.jpg\" \/>\n\t<meta property=\"og:image:width\" content=\"297\" \/>\n\t<meta property=\"og:image:height\" content=\"170\" \/>\n\t<meta property=\"og:image:type\" content=\"image\/jpeg\" \/>\n<meta name=\"author\" content=\"Radio Ljubu\u0161ki\" \/>\n<meta name=\"twitter:card\" content=\"summary_large_image\" \/>\n<meta name=\"twitter:creator\" content=\"@radioljubuski\" \/>\n<meta name=\"twitter:site\" content=\"@radioljubuski\" \/>\n<meta name=\"twitter:label1\" content=\"Napisao\/la\" \/>\n\t<meta name=\"twitter:data1\" content=\"Radio Ljubu\u0161ki\" \/>\n\t<meta name=\"twitter:label2\" content=\"Procijenjeno vrijeme \u010ditanja\" \/>\n\t<meta name=\"twitter:data2\" content=\"8 minuta\" \/>\n<script type=\"application\/ld+json\" class=\"yoast-schema-graph\">{\"@context\":\"https:\\\/\\\/schema.org\",\"@graph\":[{\"@type\":\"Article\",\"@id\":\"https:\\\/\\\/radioljubuski.ba\\\/index.php\\\/2021\\\/09\\\/01\\\/kovacic-gradanski-odgoj-neophodan-ali-je-program-napisan-za-zagrebacke-skole-manjkav\\\/#article\",\"isPartOf\":{\"@id\":\"https:\\\/\\\/radioljubuski.ba\\\/index.php\\\/2021\\\/09\\\/01\\\/kovacic-gradanski-odgoj-neophodan-ali-je-program-napisan-za-zagrebacke-skole-manjkav\\\/\"},\"author\":{\"name\":\"Radio Ljubu\u0161ki\",\"@id\":\"https:\\\/\\\/radioljubuski.ba\\\/#\\\/schema\\\/person\\\/19fc700381a780f69665d7956c469e3b\"},\"headline\":\"Kova\u010di\u0107: Gra\u0111anski odgoj neophodan, ali je program napisan za zagreba\u010dke \u0161kole manjkav\",\"datePublished\":\"2021-09-01T09:32:07+00:00\",\"dateModified\":\"2021-09-01T09:32:08+00:00\",\"mainEntityOfPage\":{\"@id\":\"https:\\\/\\\/radioljubuski.ba\\\/index.php\\\/2021\\\/09\\\/01\\\/kovacic-gradanski-odgoj-neophodan-ali-je-program-napisan-za-zagrebacke-skole-manjkav\\\/\"},\"wordCount\":1580,\"publisher\":{\"@id\":\"https:\\\/\\\/radioljubuski.ba\\\/#organization\"},\"image\":{\"@id\":\"https:\\\/\\\/radioljubuski.ba\\\/index.php\\\/2021\\\/09\\\/01\\\/kovacic-gradanski-odgoj-neophodan-ali-je-program-napisan-za-zagrebacke-skole-manjkav\\\/#primaryimage\"},\"thumbnailUrl\":\"https:\\\/\\\/radioljubuski.ba\\\/wp-content\\\/uploads\\\/2021\\\/09\\\/indeksiraj.jpg\",\"articleSection\":[\"BIH i regija\"],\"inLanguage\":\"hr\"},{\"@type\":\"WebPage\",\"@id\":\"https:\\\/\\\/radioljubuski.ba\\\/index.php\\\/2021\\\/09\\\/01\\\/kovacic-gradanski-odgoj-neophodan-ali-je-program-napisan-za-zagrebacke-skole-manjkav\\\/\",\"url\":\"https:\\\/\\\/radioljubuski.ba\\\/index.php\\\/2021\\\/09\\\/01\\\/kovacic-gradanski-odgoj-neophodan-ali-je-program-napisan-za-zagrebacke-skole-manjkav\\\/\",\"name\":\"Kova\u010di\u0107: Gra\u0111anski odgoj neophodan, ali je program napisan za zagreba\u010dke \u0161kole manjkav - RADIO LJUBU\u0160KI\",\"isPartOf\":{\"@id\":\"https:\\\/\\\/radioljubuski.ba\\\/#website\"},\"primaryImageOfPage\":{\"@id\":\"https:\\\/\\\/radioljubuski.ba\\\/index.php\\\/2021\\\/09\\\/01\\\/kovacic-gradanski-odgoj-neophodan-ali-je-program-napisan-za-zagrebacke-skole-manjkav\\\/#primaryimage\"},\"image\":{\"@id\":\"https:\\\/\\\/radioljubuski.ba\\\/index.php\\\/2021\\\/09\\\/01\\\/kovacic-gradanski-odgoj-neophodan-ali-je-program-napisan-za-zagrebacke-skole-manjkav\\\/#primaryimage\"},\"thumbnailUrl\":\"https:\\\/\\\/radioljubuski.ba\\\/wp-content\\\/uploads\\\/2021\\\/09\\\/indeksiraj.jpg\",\"datePublished\":\"2021-09-01T09:32:07+00:00\",\"dateModified\":\"2021-09-01T09:32:08+00:00\",\"breadcrumb\":{\"@id\":\"https:\\\/\\\/radioljubuski.ba\\\/index.php\\\/2021\\\/09\\\/01\\\/kovacic-gradanski-odgoj-neophodan-ali-je-program-napisan-za-zagrebacke-skole-manjkav\\\/#breadcrumb\"},\"inLanguage\":\"hr\",\"potentialAction\":[{\"@type\":\"ReadAction\",\"target\":[\"https:\\\/\\\/radioljubuski.ba\\\/index.php\\\/2021\\\/09\\\/01\\\/kovacic-gradanski-odgoj-neophodan-ali-je-program-napisan-za-zagrebacke-skole-manjkav\\\/\"]}]},{\"@type\":\"ImageObject\",\"inLanguage\":\"hr\",\"@id\":\"https:\\\/\\\/radioljubuski.ba\\\/index.php\\\/2021\\\/09\\\/01\\\/kovacic-gradanski-odgoj-neophodan-ali-je-program-napisan-za-zagrebacke-skole-manjkav\\\/#primaryimage\",\"url\":\"https:\\\/\\\/radioljubuski.ba\\\/wp-content\\\/uploads\\\/2021\\\/09\\\/indeksiraj.jpg\",\"contentUrl\":\"https:\\\/\\\/radioljubuski.ba\\\/wp-content\\\/uploads\\\/2021\\\/09\\\/indeksiraj.jpg\",\"width\":297,\"height\":170},{\"@type\":\"BreadcrumbList\",\"@id\":\"https:\\\/\\\/radioljubuski.ba\\\/index.php\\\/2021\\\/09\\\/01\\\/kovacic-gradanski-odgoj-neophodan-ali-je-program-napisan-za-zagrebacke-skole-manjkav\\\/#breadcrumb\",\"itemListElement\":[{\"@type\":\"ListItem\",\"position\":1,\"name\":\"Po\u010detna stranica\",\"item\":\"https:\\\/\\\/radioljubuski.ba\\\/\"},{\"@type\":\"ListItem\",\"position\":2,\"name\":\"Kova\u010di\u0107: Gra\u0111anski odgoj neophodan, ali je program napisan za zagreba\u010dke \u0161kole manjkav\"}]},{\"@type\":\"WebSite\",\"@id\":\"https:\\\/\\\/radioljubuski.ba\\\/#website\",\"url\":\"https:\\\/\\\/radioljubuski.ba\\\/\",\"name\":\"Radio Ljubu\u0161ki\",\"description\":\"Sun\u010dana frekvencija Hercegovine\",\"publisher\":{\"@id\":\"https:\\\/\\\/radioljubuski.ba\\\/#organization\"},\"potentialAction\":[{\"@type\":\"SearchAction\",\"target\":{\"@type\":\"EntryPoint\",\"urlTemplate\":\"https:\\\/\\\/radioljubuski.ba\\\/?s={search_term_string}\"},\"query-input\":{\"@type\":\"PropertyValueSpecification\",\"valueRequired\":true,\"valueName\":\"search_term_string\"}}],\"inLanguage\":\"hr\"},{\"@type\":\"Organization\",\"@id\":\"https:\\\/\\\/radioljubuski.ba\\\/#organization\",\"name\":\"Radio Ljubu\u0161ki\",\"url\":\"https:\\\/\\\/radioljubuski.ba\\\/\",\"logo\":{\"@type\":\"ImageObject\",\"inLanguage\":\"hr\",\"@id\":\"https:\\\/\\\/radioljubuski.ba\\\/#\\\/schema\\\/logo\\\/image\\\/\",\"url\":\"https:\\\/\\\/radioljubuski.ba\\\/wp-content\\\/uploads\\\/2021\\\/02\\\/cropped-Radio_Ljubuski_logo1.jpg\",\"contentUrl\":\"https:\\\/\\\/radioljubuski.ba\\\/wp-content\\\/uploads\\\/2021\\\/02\\\/cropped-Radio_Ljubuski_logo1.jpg\",\"width\":512,\"height\":512,\"caption\":\"Radio Ljubu\u0161ki\"},\"image\":{\"@id\":\"https:\\\/\\\/radioljubuski.ba\\\/#\\\/schema\\\/logo\\\/image\\\/\"},\"sameAs\":[\"https:\\\/\\\/www.facebook.com\\\/Radiio-Ljubuski-1490835324566332\",\"https:\\\/\\\/x.com\\\/radioljubuski\",\"https:\\\/\\\/hr.linkedin.com\\\/company\\\/radio-ljubuski\",\"https:\\\/\\\/www.youtube.com\\\/channel\\\/UCHYaeO_n0Db3tjNGudGpXyw\"]},{\"@type\":\"Person\",\"@id\":\"https:\\\/\\\/radioljubuski.ba\\\/#\\\/schema\\\/person\\\/19fc700381a780f69665d7956c469e3b\",\"name\":\"Radio Ljubu\u0161ki\"}]}<\/script>\n<!-- \/ Yoast SEO plugin. -->","yoast_head_json":{"title":"Kova\u010di\u0107: Gra\u0111anski odgoj neophodan, ali je program napisan za zagreba\u010dke \u0161kole manjkav - RADIO LJUBU\u0160KI","robots":{"index":"index","follow":"follow","max-snippet":"max-snippet:-1","max-image-preview":"max-image-preview:large","max-video-preview":"max-video-preview:-1"},"canonical":"https:\/\/radioljubuski.ba\/index.php\/2021\/09\/01\/kovacic-gradanski-odgoj-neophodan-ali-je-program-napisan-za-zagrebacke-skole-manjkav\/","og_locale":"hr_HR","og_type":"article","og_title":"Kova\u010di\u0107: Gra\u0111anski odgoj neophodan, ali je program napisan za zagreba\u010dke \u0161kole manjkav - RADIO LJUBU\u0160KI","og_description":"Zagreba\u010dki gradona\u010delnik Tomislav Toma\u0161evi\u0107 najavio je uvo\u0111enje gra\u0111anskog odgoja i obrazovanja u \u0161kole u kojima u\u010denici i roditelji poka\u017eu zanimanje za takvu izvannastavnu aktivnost. U\u010denici koji to budu htjeli, gra\u0111anski \u0107e odgoj slu\u0161ati ve\u0107 ove \u0161kolske godine. Znanstvenik s Instituta za dru\u0161tvena istra\u017eivanja Marko Kova\u010di\u0107 u emisiji &#8220;Studio 4&#8221; rekao je da je gra\u0111anski odgoj [&hellip;]","og_url":"https:\/\/radioljubuski.ba\/index.php\/2021\/09\/01\/kovacic-gradanski-odgoj-neophodan-ali-je-program-napisan-za-zagrebacke-skole-manjkav\/","og_site_name":"RADIO LJUBU\u0160KI","article_publisher":"https:\/\/www.facebook.com\/Radiio-Ljubuski-1490835324566332","article_published_time":"2021-09-01T09:32:07+00:00","article_modified_time":"2021-09-01T09:32:08+00:00","og_image":[{"width":297,"height":170,"url":"https:\/\/radioljubuski.ba\/wp-content\/uploads\/2021\/09\/indeksiraj.jpg","type":"image\/jpeg"}],"author":"Radio Ljubu\u0161ki","twitter_card":"summary_large_image","twitter_creator":"@radioljubuski","twitter_site":"@radioljubuski","twitter_misc":{"Napisao\/la":"Radio Ljubu\u0161ki","Procijenjeno vrijeme \u010ditanja":"8 minuta"},"schema":{"@context":"https:\/\/schema.org","@graph":[{"@type":"Article","@id":"https:\/\/radioljubuski.ba\/index.php\/2021\/09\/01\/kovacic-gradanski-odgoj-neophodan-ali-je-program-napisan-za-zagrebacke-skole-manjkav\/#article","isPartOf":{"@id":"https:\/\/radioljubuski.ba\/index.php\/2021\/09\/01\/kovacic-gradanski-odgoj-neophodan-ali-je-program-napisan-za-zagrebacke-skole-manjkav\/"},"author":{"name":"Radio Ljubu\u0161ki","@id":"https:\/\/radioljubuski.ba\/#\/schema\/person\/19fc700381a780f69665d7956c469e3b"},"headline":"Kova\u010di\u0107: Gra\u0111anski odgoj neophodan, ali je program napisan za zagreba\u010dke \u0161kole manjkav","datePublished":"2021-09-01T09:32:07+00:00","dateModified":"2021-09-01T09:32:08+00:00","mainEntityOfPage":{"@id":"https:\/\/radioljubuski.ba\/index.php\/2021\/09\/01\/kovacic-gradanski-odgoj-neophodan-ali-je-program-napisan-za-zagrebacke-skole-manjkav\/"},"wordCount":1580,"publisher":{"@id":"https:\/\/radioljubuski.ba\/#organization"},"image":{"@id":"https:\/\/radioljubuski.ba\/index.php\/2021\/09\/01\/kovacic-gradanski-odgoj-neophodan-ali-je-program-napisan-za-zagrebacke-skole-manjkav\/#primaryimage"},"thumbnailUrl":"https:\/\/radioljubuski.ba\/wp-content\/uploads\/2021\/09\/indeksiraj.jpg","articleSection":["BIH i regija"],"inLanguage":"hr"},{"@type":"WebPage","@id":"https:\/\/radioljubuski.ba\/index.php\/2021\/09\/01\/kovacic-gradanski-odgoj-neophodan-ali-je-program-napisan-za-zagrebacke-skole-manjkav\/","url":"https:\/\/radioljubuski.ba\/index.php\/2021\/09\/01\/kovacic-gradanski-odgoj-neophodan-ali-je-program-napisan-za-zagrebacke-skole-manjkav\/","name":"Kova\u010di\u0107: Gra\u0111anski odgoj neophodan, ali je program napisan za zagreba\u010dke \u0161kole manjkav - RADIO LJUBU\u0160KI","isPartOf":{"@id":"https:\/\/radioljubuski.ba\/#website"},"primaryImageOfPage":{"@id":"https:\/\/radioljubuski.ba\/index.php\/2021\/09\/01\/kovacic-gradanski-odgoj-neophodan-ali-je-program-napisan-za-zagrebacke-skole-manjkav\/#primaryimage"},"image":{"@id":"https:\/\/radioljubuski.ba\/index.php\/2021\/09\/01\/kovacic-gradanski-odgoj-neophodan-ali-je-program-napisan-za-zagrebacke-skole-manjkav\/#primaryimage"},"thumbnailUrl":"https:\/\/radioljubuski.ba\/wp-content\/uploads\/2021\/09\/indeksiraj.jpg","datePublished":"2021-09-01T09:32:07+00:00","dateModified":"2021-09-01T09:32:08+00:00","breadcrumb":{"@id":"https:\/\/radioljubuski.ba\/index.php\/2021\/09\/01\/kovacic-gradanski-odgoj-neophodan-ali-je-program-napisan-za-zagrebacke-skole-manjkav\/#breadcrumb"},"inLanguage":"hr","potentialAction":[{"@type":"ReadAction","target":["https:\/\/radioljubuski.ba\/index.php\/2021\/09\/01\/kovacic-gradanski-odgoj-neophodan-ali-je-program-napisan-za-zagrebacke-skole-manjkav\/"]}]},{"@type":"ImageObject","inLanguage":"hr","@id":"https:\/\/radioljubuski.ba\/index.php\/2021\/09\/01\/kovacic-gradanski-odgoj-neophodan-ali-je-program-napisan-za-zagrebacke-skole-manjkav\/#primaryimage","url":"https:\/\/radioljubuski.ba\/wp-content\/uploads\/2021\/09\/indeksiraj.jpg","contentUrl":"https:\/\/radioljubuski.ba\/wp-content\/uploads\/2021\/09\/indeksiraj.jpg","width":297,"height":170},{"@type":"BreadcrumbList","@id":"https:\/\/radioljubuski.ba\/index.php\/2021\/09\/01\/kovacic-gradanski-odgoj-neophodan-ali-je-program-napisan-za-zagrebacke-skole-manjkav\/#breadcrumb","itemListElement":[{"@type":"ListItem","position":1,"name":"Po\u010detna stranica","item":"https:\/\/radioljubuski.ba\/"},{"@type":"ListItem","position":2,"name":"Kova\u010di\u0107: Gra\u0111anski odgoj neophodan, ali je program napisan za zagreba\u010dke \u0161kole manjkav"}]},{"@type":"WebSite","@id":"https:\/\/radioljubuski.ba\/#website","url":"https:\/\/radioljubuski.ba\/","name":"Radio Ljubu\u0161ki","description":"Sun\u010dana frekvencija Hercegovine","publisher":{"@id":"https:\/\/radioljubuski.ba\/#organization"},"potentialAction":[{"@type":"SearchAction","target":{"@type":"EntryPoint","urlTemplate":"https:\/\/radioljubuski.ba\/?s={search_term_string}"},"query-input":{"@type":"PropertyValueSpecification","valueRequired":true,"valueName":"search_term_string"}}],"inLanguage":"hr"},{"@type":"Organization","@id":"https:\/\/radioljubuski.ba\/#organization","name":"Radio Ljubu\u0161ki","url":"https:\/\/radioljubuski.ba\/","logo":{"@type":"ImageObject","inLanguage":"hr","@id":"https:\/\/radioljubuski.ba\/#\/schema\/logo\/image\/","url":"https:\/\/radioljubuski.ba\/wp-content\/uploads\/2021\/02\/cropped-Radio_Ljubuski_logo1.jpg","contentUrl":"https:\/\/radioljubuski.ba\/wp-content\/uploads\/2021\/02\/cropped-Radio_Ljubuski_logo1.jpg","width":512,"height":512,"caption":"Radio Ljubu\u0161ki"},"image":{"@id":"https:\/\/radioljubuski.ba\/#\/schema\/logo\/image\/"},"sameAs":["https:\/\/www.facebook.com\/Radiio-Ljubuski-1490835324566332","https:\/\/x.com\/radioljubuski","https:\/\/hr.linkedin.com\/company\/radio-ljubuski","https:\/\/www.youtube.com\/channel\/UCHYaeO_n0Db3tjNGudGpXyw"]},{"@type":"Person","@id":"https:\/\/radioljubuski.ba\/#\/schema\/person\/19fc700381a780f69665d7956c469e3b","name":"Radio Ljubu\u0161ki"}]}},"_links":{"self":[{"href":"https:\/\/radioljubuski.ba\/index.php\/wp-json\/wp\/v2\/posts\/59789","targetHints":{"allow":["GET"]}}],"collection":[{"href":"https:\/\/radioljubuski.ba\/index.php\/wp-json\/wp\/v2\/posts"}],"about":[{"href":"https:\/\/radioljubuski.ba\/index.php\/wp-json\/wp\/v2\/types\/post"}],"author":[{"embeddable":true,"href":"https:\/\/radioljubuski.ba\/index.php\/wp-json\/wp\/v2\/users\/2"}],"replies":[{"embeddable":true,"href":"https:\/\/radioljubuski.ba\/index.php\/wp-json\/wp\/v2\/comments?post=59789"}],"version-history":[{"count":1,"href":"https:\/\/radioljubuski.ba\/index.php\/wp-json\/wp\/v2\/posts\/59789\/revisions"}],"predecessor-version":[{"id":59791,"href":"https:\/\/radioljubuski.ba\/index.php\/wp-json\/wp\/v2\/posts\/59789\/revisions\/59791"}],"wp:featuredmedia":[{"embeddable":true,"href":"https:\/\/radioljubuski.ba\/index.php\/wp-json\/wp\/v2\/media\/59790"}],"wp:attachment":[{"href":"https:\/\/radioljubuski.ba\/index.php\/wp-json\/wp\/v2\/media?parent=59789"}],"wp:term":[{"taxonomy":"category","embeddable":true,"href":"https:\/\/radioljubuski.ba\/index.php\/wp-json\/wp\/v2\/categories?post=59789"},{"taxonomy":"post_tag","embeddable":true,"href":"https:\/\/radioljubuski.ba\/index.php\/wp-json\/wp\/v2\/tags?post=59789"}],"curies":[{"name":"wp","href":"https:\/\/api.w.org\/{rel}","templated":true}]}}