{"id":5979,"date":"2021-03-22T22:15:54","date_gmt":"2021-03-22T21:15:54","guid":{"rendered":"https:\/\/radioljubuski.ba\/?p=5979"},"modified":"2021-03-22T22:15:56","modified_gmt":"2021-03-22T21:15:56","slug":"gazde-posvetile-pjesmu-djevojcici-anamariji-jedinoj-zrtvi-proslogodisnjeg-potresa-u-zagrebu","status":"publish","type":"post","link":"https:\/\/radioljubuski.ba\/index.php\/2021\/03\/22\/gazde-posvetile-pjesmu-djevojcici-anamariji-jedinoj-zrtvi-proslogodisnjeg-potresa-u-zagrebu\/","title":{"rendered":"Gazde posvetile pjesmu djevoj\u010dici Anamariji, jedinoj \u017ertvi pro\u0161logodi\u0161njeg potresa u Zagrebu"},"content":{"rendered":"\n<p>\u017divot djevoj\u010dice&nbsp;<strong>Anamarije Carevi\u0107<\/strong>&nbsp;(15) iz \u0110or\u0111i\u0107eve ulice u centru Zagreba ugasio se u ponedjeljak 23. o\u017eujka 2020. godine nakon razornog potresa koji je dan ranije, na dana\u0161nji dan prije to\u010dno godinu dana, pogodio metropolu u jutarnjim satima. Na nju su se uru\u0161ili komadi dimnjaka dok je spavala. Hitna ju je odvela u bolnicu, ali ozljede su bile prete\u0161ke. Preminula je drugi dan.<\/p>\n\n\n\n<p><em>Ova posebna pjesma posve\u0107ena je petnaestogodi\u0161njoj djevoj\u010dici Anamariji, jedinoj tragi\u010dno preminuloj od posljedica zagreba\u010dkog potresa koji je pogodio Zagreb na prvi dan prolje\u0107a 22.03.2020. ujutro u 06:22 s epicentrom u Marku\u0161evcu, podsljemenskom naselju u kojem \u017eive svi \u010dlanovi Gazda. Pjesma je nastala u danima nakon potresa, a Gazde ju objavljuju na njegovu prvu godi\u0161njicu.<\/em><\/p>\n\n\n\n<p>Gazde<\/p>\n\n\n\n<figure class=\"wp-block-embed is-type-video is-provider-youtube wp-block-embed-youtube wp-embed-aspect-16-9 wp-has-aspect-ratio\"><div class=\"wp-block-embed__wrapper\">\n<iframe loading=\"lazy\" title=\"Gazde - Anamarija [OFFICIAL VIDEO]\" width=\"640\" height=\"360\" src=\"https:\/\/www.youtube.com\/embed\/ZujZ4cNKx7U?feature=oembed\" frameborder=\"0\" allow=\"accelerometer; autoplay; clipboard-write; encrypted-media; gyroscope; picture-in-picture; web-share\" referrerpolicy=\"strict-origin-when-cross-origin\" allowfullscreen><\/iframe>\n<\/div><\/figure>\n\n\n\n<p>Spot je snimljen na autenti\u010dnim zagreba\u010dkim lokacijama uz sudjelovanje u\u010denica Nadbiskupske klasi\u010dne gimnazije iz Zagreba, Anamarijinih prijateljica, koje su za snimanje po svojoj \u017eelji napravile frizure kakvu je Anamarija uvijek imala u \u0161koli.<\/p>\n\n\n\n<p><em>Zahvaljujemo svima koji su nam pomogli oko realizacije snimanja: Nadbiskupska klasi\u010dna gimnazija, GNK Dinamo, Javna ustanova Maksimir, Kula Lotr\u0161\u010dak, Zagreba\u010dki elektri\u010dni tramvaj, Zagrep\u010danka poslovni objekti.<\/em><\/p>\n\n\n\n<p>Gazde<em><\/em><\/p>\n\n\n\n<p>FOTO:&nbsp;<a href=\"https:\/\/web.facebook.com\/permalink.php?story_fbid=10160845858070760&amp;id=130885045759\">Gazde (Facebook)<\/a><\/p>\n","protected":false},"excerpt":{"rendered":"<p>\u017divot djevoj\u010dice&nbsp;Anamarije Carevi\u0107&nbsp;(15) iz \u0110or\u0111i\u0107eve ulice u centru Zagreba ugasio se u ponedjeljak 23. o\u017eujka 2020. godine nakon razornog potresa koji je dan ranije, na dana\u0161nji dan prije to\u010dno godinu dana, pogodio metropolu u jutarnjim satima. Na nju su se uru\u0161ili komadi dimnjaka dok je spavala. Hitna ju je odvela u bolnicu, ali ozljede su [&hellip;]<\/p>\n","protected":false},"author":2,"featured_media":5980,"comment_status":"closed","ping_status":"closed","sticky":false,"template":"","format":"standard","meta":{"h5ap_radio_sources":[],"footnotes":""},"categories":[1],"tags":[],"class_list":["post-5979","post","type-post","status-publish","format-standard","has-post-thumbnail","hentry","category-bihiregija"],"yoast_head":"<!-- This site is optimized with the Yoast SEO plugin v27.5 - https:\/\/yoast.com\/product\/yoast-seo-wordpress\/ -->\n<title>Gazde posvetile pjesmu djevoj\u010dici Anamariji, jedinoj \u017ertvi pro\u0161logodi\u0161njeg potresa u Zagrebu - RADIO LJUBU\u0160KI<\/title>\n<meta name=\"robots\" content=\"index, follow, max-snippet:-1, max-image-preview:large, max-video-preview:-1\" \/>\n<link rel=\"canonical\" href=\"https:\/\/radioljubuski.ba\/index.php\/2021\/03\/22\/gazde-posvetile-pjesmu-djevojcici-anamariji-jedinoj-zrtvi-proslogodisnjeg-potresa-u-zagrebu\/\" \/>\n<meta property=\"og:locale\" content=\"hr_HR\" \/>\n<meta property=\"og:type\" content=\"article\" \/>\n<meta property=\"og:title\" content=\"Gazde posvetile pjesmu djevoj\u010dici Anamariji, jedinoj \u017ertvi pro\u0161logodi\u0161njeg potresa u Zagrebu - RADIO LJUBU\u0160KI\" \/>\n<meta property=\"og:description\" content=\"\u017divot djevoj\u010dice&nbsp;Anamarije Carevi\u0107&nbsp;(15) iz \u0110or\u0111i\u0107eve ulice u centru Zagreba ugasio se u ponedjeljak 23. o\u017eujka 2020. godine nakon razornog potresa koji je dan ranije, na dana\u0161nji dan prije to\u010dno godinu dana, pogodio metropolu u jutarnjim satima. Na nju su se uru\u0161ili komadi dimnjaka dok je spavala. Hitna ju je odvela u bolnicu, ali ozljede su [&hellip;]\" \/>\n<meta property=\"og:url\" content=\"https:\/\/radioljubuski.ba\/index.php\/2021\/03\/22\/gazde-posvetile-pjesmu-djevojcici-anamariji-jedinoj-zrtvi-proslogodisnjeg-potresa-u-zagrebu\/\" \/>\n<meta property=\"og:site_name\" content=\"RADIO LJUBU\u0160KI\" \/>\n<meta property=\"article:publisher\" content=\"https:\/\/www.facebook.com\/Radiio-Ljubuski-1490835324566332\" \/>\n<meta property=\"article:published_time\" content=\"2021-03-22T21:15:54+00:00\" \/>\n<meta property=\"article:modified_time\" content=\"2021-03-22T21:15:56+00:00\" \/>\n<meta property=\"og:image\" content=\"https:\/\/radioljubuski.ba\/wp-content\/uploads\/2021\/03\/163418866_10160845858035760_2985519054614613024_o.jpg\" \/>\n\t<meta property=\"og:image:width\" content=\"1440\" \/>\n\t<meta property=\"og:image:height\" content=\"959\" \/>\n\t<meta property=\"og:image:type\" content=\"image\/jpeg\" \/>\n<meta name=\"author\" content=\"Radio Ljubu\u0161ki\" \/>\n<meta name=\"twitter:card\" content=\"summary_large_image\" \/>\n<meta name=\"twitter:creator\" content=\"@radioljubuski\" \/>\n<meta name=\"twitter:site\" content=\"@radioljubuski\" \/>\n<meta name=\"twitter:label1\" content=\"Napisao\/la\" \/>\n\t<meta name=\"twitter:data1\" content=\"Radio Ljubu\u0161ki\" \/>\n\t<meta name=\"twitter:label2\" content=\"Procijenjeno vrijeme \u010ditanja\" \/>\n\t<meta name=\"twitter:data2\" content=\"1 minuta\" \/>\n<script type=\"application\/ld+json\" class=\"yoast-schema-graph\">{\"@context\":\"https:\\\/\\\/schema.org\",\"@graph\":[{\"@type\":\"Article\",\"@id\":\"https:\\\/\\\/radioljubuski.ba\\\/index.php\\\/2021\\\/03\\\/22\\\/gazde-posvetile-pjesmu-djevojcici-anamariji-jedinoj-zrtvi-proslogodisnjeg-potresa-u-zagrebu\\\/#article\",\"isPartOf\":{\"@id\":\"https:\\\/\\\/radioljubuski.ba\\\/index.php\\\/2021\\\/03\\\/22\\\/gazde-posvetile-pjesmu-djevojcici-anamariji-jedinoj-zrtvi-proslogodisnjeg-potresa-u-zagrebu\\\/\"},\"author\":{\"name\":\"Radio Ljubu\u0161ki\",\"@id\":\"https:\\\/\\\/radioljubuski.ba\\\/#\\\/schema\\\/person\\\/19fc700381a780f69665d7956c469e3b\"},\"headline\":\"Gazde posvetile pjesmu djevoj\u010dici Anamariji, jedinoj \u017ertvi pro\u0161logodi\u0161njeg potresa u Zagrebu\",\"datePublished\":\"2021-03-22T21:15:54+00:00\",\"dateModified\":\"2021-03-22T21:15:56+00:00\",\"mainEntityOfPage\":{\"@id\":\"https:\\\/\\\/radioljubuski.ba\\\/index.php\\\/2021\\\/03\\\/22\\\/gazde-posvetile-pjesmu-djevojcici-anamariji-jedinoj-zrtvi-proslogodisnjeg-potresa-u-zagrebu\\\/\"},\"wordCount\":226,\"publisher\":{\"@id\":\"https:\\\/\\\/radioljubuski.ba\\\/#organization\"},\"image\":{\"@id\":\"https:\\\/\\\/radioljubuski.ba\\\/index.php\\\/2021\\\/03\\\/22\\\/gazde-posvetile-pjesmu-djevojcici-anamariji-jedinoj-zrtvi-proslogodisnjeg-potresa-u-zagrebu\\\/#primaryimage\"},\"thumbnailUrl\":\"https:\\\/\\\/radioljubuski.ba\\\/wp-content\\\/uploads\\\/2021\\\/03\\\/163418866_10160845858035760_2985519054614613024_o.jpg\",\"articleSection\":[\"BIH i regija\"],\"inLanguage\":\"hr\"},{\"@type\":\"WebPage\",\"@id\":\"https:\\\/\\\/radioljubuski.ba\\\/index.php\\\/2021\\\/03\\\/22\\\/gazde-posvetile-pjesmu-djevojcici-anamariji-jedinoj-zrtvi-proslogodisnjeg-potresa-u-zagrebu\\\/\",\"url\":\"https:\\\/\\\/radioljubuski.ba\\\/index.php\\\/2021\\\/03\\\/22\\\/gazde-posvetile-pjesmu-djevojcici-anamariji-jedinoj-zrtvi-proslogodisnjeg-potresa-u-zagrebu\\\/\",\"name\":\"Gazde posvetile pjesmu djevoj\u010dici Anamariji, jedinoj \u017ertvi pro\u0161logodi\u0161njeg potresa u Zagrebu - RADIO LJUBU\u0160KI\",\"isPartOf\":{\"@id\":\"https:\\\/\\\/radioljubuski.ba\\\/#website\"},\"primaryImageOfPage\":{\"@id\":\"https:\\\/\\\/radioljubuski.ba\\\/index.php\\\/2021\\\/03\\\/22\\\/gazde-posvetile-pjesmu-djevojcici-anamariji-jedinoj-zrtvi-proslogodisnjeg-potresa-u-zagrebu\\\/#primaryimage\"},\"image\":{\"@id\":\"https:\\\/\\\/radioljubuski.ba\\\/index.php\\\/2021\\\/03\\\/22\\\/gazde-posvetile-pjesmu-djevojcici-anamariji-jedinoj-zrtvi-proslogodisnjeg-potresa-u-zagrebu\\\/#primaryimage\"},\"thumbnailUrl\":\"https:\\\/\\\/radioljubuski.ba\\\/wp-content\\\/uploads\\\/2021\\\/03\\\/163418866_10160845858035760_2985519054614613024_o.jpg\",\"datePublished\":\"2021-03-22T21:15:54+00:00\",\"dateModified\":\"2021-03-22T21:15:56+00:00\",\"breadcrumb\":{\"@id\":\"https:\\\/\\\/radioljubuski.ba\\\/index.php\\\/2021\\\/03\\\/22\\\/gazde-posvetile-pjesmu-djevojcici-anamariji-jedinoj-zrtvi-proslogodisnjeg-potresa-u-zagrebu\\\/#breadcrumb\"},\"inLanguage\":\"hr\",\"potentialAction\":[{\"@type\":\"ReadAction\",\"target\":[\"https:\\\/\\\/radioljubuski.ba\\\/index.php\\\/2021\\\/03\\\/22\\\/gazde-posvetile-pjesmu-djevojcici-anamariji-jedinoj-zrtvi-proslogodisnjeg-potresa-u-zagrebu\\\/\"]}]},{\"@type\":\"ImageObject\",\"inLanguage\":\"hr\",\"@id\":\"https:\\\/\\\/radioljubuski.ba\\\/index.php\\\/2021\\\/03\\\/22\\\/gazde-posvetile-pjesmu-djevojcici-anamariji-jedinoj-zrtvi-proslogodisnjeg-potresa-u-zagrebu\\\/#primaryimage\",\"url\":\"https:\\\/\\\/radioljubuski.ba\\\/wp-content\\\/uploads\\\/2021\\\/03\\\/163418866_10160845858035760_2985519054614613024_o.jpg\",\"contentUrl\":\"https:\\\/\\\/radioljubuski.ba\\\/wp-content\\\/uploads\\\/2021\\\/03\\\/163418866_10160845858035760_2985519054614613024_o.jpg\",\"width\":1440,\"height\":959},{\"@type\":\"BreadcrumbList\",\"@id\":\"https:\\\/\\\/radioljubuski.ba\\\/index.php\\\/2021\\\/03\\\/22\\\/gazde-posvetile-pjesmu-djevojcici-anamariji-jedinoj-zrtvi-proslogodisnjeg-potresa-u-zagrebu\\\/#breadcrumb\",\"itemListElement\":[{\"@type\":\"ListItem\",\"position\":1,\"name\":\"Po\u010detna stranica\",\"item\":\"https:\\\/\\\/radioljubuski.ba\\\/\"},{\"@type\":\"ListItem\",\"position\":2,\"name\":\"Gazde posvetile pjesmu djevoj\u010dici Anamariji, jedinoj \u017ertvi pro\u0161logodi\u0161njeg potresa u Zagrebu\"}]},{\"@type\":\"WebSite\",\"@id\":\"https:\\\/\\\/radioljubuski.ba\\\/#website\",\"url\":\"https:\\\/\\\/radioljubuski.ba\\\/\",\"name\":\"Radio Ljubu\u0161ki\",\"description\":\"Sun\u010dana frekvencija Hercegovine\",\"publisher\":{\"@id\":\"https:\\\/\\\/radioljubuski.ba\\\/#organization\"},\"potentialAction\":[{\"@type\":\"SearchAction\",\"target\":{\"@type\":\"EntryPoint\",\"urlTemplate\":\"https:\\\/\\\/radioljubuski.ba\\\/?s={search_term_string}\"},\"query-input\":{\"@type\":\"PropertyValueSpecification\",\"valueRequired\":true,\"valueName\":\"search_term_string\"}}],\"inLanguage\":\"hr\"},{\"@type\":\"Organization\",\"@id\":\"https:\\\/\\\/radioljubuski.ba\\\/#organization\",\"name\":\"Radio Ljubu\u0161ki\",\"url\":\"https:\\\/\\\/radioljubuski.ba\\\/\",\"logo\":{\"@type\":\"ImageObject\",\"inLanguage\":\"hr\",\"@id\":\"https:\\\/\\\/radioljubuski.ba\\\/#\\\/schema\\\/logo\\\/image\\\/\",\"url\":\"https:\\\/\\\/radioljubuski.ba\\\/wp-content\\\/uploads\\\/2021\\\/02\\\/cropped-Radio_Ljubuski_logo1.jpg\",\"contentUrl\":\"https:\\\/\\\/radioljubuski.ba\\\/wp-content\\\/uploads\\\/2021\\\/02\\\/cropped-Radio_Ljubuski_logo1.jpg\",\"width\":512,\"height\":512,\"caption\":\"Radio Ljubu\u0161ki\"},\"image\":{\"@id\":\"https:\\\/\\\/radioljubuski.ba\\\/#\\\/schema\\\/logo\\\/image\\\/\"},\"sameAs\":[\"https:\\\/\\\/www.facebook.com\\\/Radiio-Ljubuski-1490835324566332\",\"https:\\\/\\\/x.com\\\/radioljubuski\",\"https:\\\/\\\/hr.linkedin.com\\\/company\\\/radio-ljubuski\",\"https:\\\/\\\/www.youtube.com\\\/channel\\\/UCHYaeO_n0Db3tjNGudGpXyw\"]},{\"@type\":\"Person\",\"@id\":\"https:\\\/\\\/radioljubuski.ba\\\/#\\\/schema\\\/person\\\/19fc700381a780f69665d7956c469e3b\",\"name\":\"Radio Ljubu\u0161ki\"}]}<\/script>\n<!-- \/ Yoast SEO plugin. -->","yoast_head_json":{"title":"Gazde posvetile pjesmu djevoj\u010dici Anamariji, jedinoj \u017ertvi pro\u0161logodi\u0161njeg potresa u Zagrebu - RADIO LJUBU\u0160KI","robots":{"index":"index","follow":"follow","max-snippet":"max-snippet:-1","max-image-preview":"max-image-preview:large","max-video-preview":"max-video-preview:-1"},"canonical":"https:\/\/radioljubuski.ba\/index.php\/2021\/03\/22\/gazde-posvetile-pjesmu-djevojcici-anamariji-jedinoj-zrtvi-proslogodisnjeg-potresa-u-zagrebu\/","og_locale":"hr_HR","og_type":"article","og_title":"Gazde posvetile pjesmu djevoj\u010dici Anamariji, jedinoj \u017ertvi pro\u0161logodi\u0161njeg potresa u Zagrebu - RADIO LJUBU\u0160KI","og_description":"\u017divot djevoj\u010dice&nbsp;Anamarije Carevi\u0107&nbsp;(15) iz \u0110or\u0111i\u0107eve ulice u centru Zagreba ugasio se u ponedjeljak 23. o\u017eujka 2020. godine nakon razornog potresa koji je dan ranije, na dana\u0161nji dan prije to\u010dno godinu dana, pogodio metropolu u jutarnjim satima. Na nju su se uru\u0161ili komadi dimnjaka dok je spavala. Hitna ju je odvela u bolnicu, ali ozljede su [&hellip;]","og_url":"https:\/\/radioljubuski.ba\/index.php\/2021\/03\/22\/gazde-posvetile-pjesmu-djevojcici-anamariji-jedinoj-zrtvi-proslogodisnjeg-potresa-u-zagrebu\/","og_site_name":"RADIO LJUBU\u0160KI","article_publisher":"https:\/\/www.facebook.com\/Radiio-Ljubuski-1490835324566332","article_published_time":"2021-03-22T21:15:54+00:00","article_modified_time":"2021-03-22T21:15:56+00:00","og_image":[{"width":1440,"height":959,"url":"https:\/\/radioljubuski.ba\/wp-content\/uploads\/2021\/03\/163418866_10160845858035760_2985519054614613024_o.jpg","type":"image\/jpeg"}],"author":"Radio Ljubu\u0161ki","twitter_card":"summary_large_image","twitter_creator":"@radioljubuski","twitter_site":"@radioljubuski","twitter_misc":{"Napisao\/la":"Radio Ljubu\u0161ki","Procijenjeno vrijeme \u010ditanja":"1 minuta"},"schema":{"@context":"https:\/\/schema.org","@graph":[{"@type":"Article","@id":"https:\/\/radioljubuski.ba\/index.php\/2021\/03\/22\/gazde-posvetile-pjesmu-djevojcici-anamariji-jedinoj-zrtvi-proslogodisnjeg-potresa-u-zagrebu\/#article","isPartOf":{"@id":"https:\/\/radioljubuski.ba\/index.php\/2021\/03\/22\/gazde-posvetile-pjesmu-djevojcici-anamariji-jedinoj-zrtvi-proslogodisnjeg-potresa-u-zagrebu\/"},"author":{"name":"Radio Ljubu\u0161ki","@id":"https:\/\/radioljubuski.ba\/#\/schema\/person\/19fc700381a780f69665d7956c469e3b"},"headline":"Gazde posvetile pjesmu djevoj\u010dici Anamariji, jedinoj \u017ertvi pro\u0161logodi\u0161njeg potresa u Zagrebu","datePublished":"2021-03-22T21:15:54+00:00","dateModified":"2021-03-22T21:15:56+00:00","mainEntityOfPage":{"@id":"https:\/\/radioljubuski.ba\/index.php\/2021\/03\/22\/gazde-posvetile-pjesmu-djevojcici-anamariji-jedinoj-zrtvi-proslogodisnjeg-potresa-u-zagrebu\/"},"wordCount":226,"publisher":{"@id":"https:\/\/radioljubuski.ba\/#organization"},"image":{"@id":"https:\/\/radioljubuski.ba\/index.php\/2021\/03\/22\/gazde-posvetile-pjesmu-djevojcici-anamariji-jedinoj-zrtvi-proslogodisnjeg-potresa-u-zagrebu\/#primaryimage"},"thumbnailUrl":"https:\/\/radioljubuski.ba\/wp-content\/uploads\/2021\/03\/163418866_10160845858035760_2985519054614613024_o.jpg","articleSection":["BIH i regija"],"inLanguage":"hr"},{"@type":"WebPage","@id":"https:\/\/radioljubuski.ba\/index.php\/2021\/03\/22\/gazde-posvetile-pjesmu-djevojcici-anamariji-jedinoj-zrtvi-proslogodisnjeg-potresa-u-zagrebu\/","url":"https:\/\/radioljubuski.ba\/index.php\/2021\/03\/22\/gazde-posvetile-pjesmu-djevojcici-anamariji-jedinoj-zrtvi-proslogodisnjeg-potresa-u-zagrebu\/","name":"Gazde posvetile pjesmu djevoj\u010dici Anamariji, jedinoj \u017ertvi pro\u0161logodi\u0161njeg potresa u Zagrebu - RADIO LJUBU\u0160KI","isPartOf":{"@id":"https:\/\/radioljubuski.ba\/#website"},"primaryImageOfPage":{"@id":"https:\/\/radioljubuski.ba\/index.php\/2021\/03\/22\/gazde-posvetile-pjesmu-djevojcici-anamariji-jedinoj-zrtvi-proslogodisnjeg-potresa-u-zagrebu\/#primaryimage"},"image":{"@id":"https:\/\/radioljubuski.ba\/index.php\/2021\/03\/22\/gazde-posvetile-pjesmu-djevojcici-anamariji-jedinoj-zrtvi-proslogodisnjeg-potresa-u-zagrebu\/#primaryimage"},"thumbnailUrl":"https:\/\/radioljubuski.ba\/wp-content\/uploads\/2021\/03\/163418866_10160845858035760_2985519054614613024_o.jpg","datePublished":"2021-03-22T21:15:54+00:00","dateModified":"2021-03-22T21:15:56+00:00","breadcrumb":{"@id":"https:\/\/radioljubuski.ba\/index.php\/2021\/03\/22\/gazde-posvetile-pjesmu-djevojcici-anamariji-jedinoj-zrtvi-proslogodisnjeg-potresa-u-zagrebu\/#breadcrumb"},"inLanguage":"hr","potentialAction":[{"@type":"ReadAction","target":["https:\/\/radioljubuski.ba\/index.php\/2021\/03\/22\/gazde-posvetile-pjesmu-djevojcici-anamariji-jedinoj-zrtvi-proslogodisnjeg-potresa-u-zagrebu\/"]}]},{"@type":"ImageObject","inLanguage":"hr","@id":"https:\/\/radioljubuski.ba\/index.php\/2021\/03\/22\/gazde-posvetile-pjesmu-djevojcici-anamariji-jedinoj-zrtvi-proslogodisnjeg-potresa-u-zagrebu\/#primaryimage","url":"https:\/\/radioljubuski.ba\/wp-content\/uploads\/2021\/03\/163418866_10160845858035760_2985519054614613024_o.jpg","contentUrl":"https:\/\/radioljubuski.ba\/wp-content\/uploads\/2021\/03\/163418866_10160845858035760_2985519054614613024_o.jpg","width":1440,"height":959},{"@type":"BreadcrumbList","@id":"https:\/\/radioljubuski.ba\/index.php\/2021\/03\/22\/gazde-posvetile-pjesmu-djevojcici-anamariji-jedinoj-zrtvi-proslogodisnjeg-potresa-u-zagrebu\/#breadcrumb","itemListElement":[{"@type":"ListItem","position":1,"name":"Po\u010detna stranica","item":"https:\/\/radioljubuski.ba\/"},{"@type":"ListItem","position":2,"name":"Gazde posvetile pjesmu djevoj\u010dici Anamariji, jedinoj \u017ertvi pro\u0161logodi\u0161njeg potresa u Zagrebu"}]},{"@type":"WebSite","@id":"https:\/\/radioljubuski.ba\/#website","url":"https:\/\/radioljubuski.ba\/","name":"Radio Ljubu\u0161ki","description":"Sun\u010dana frekvencija Hercegovine","publisher":{"@id":"https:\/\/radioljubuski.ba\/#organization"},"potentialAction":[{"@type":"SearchAction","target":{"@type":"EntryPoint","urlTemplate":"https:\/\/radioljubuski.ba\/?s={search_term_string}"},"query-input":{"@type":"PropertyValueSpecification","valueRequired":true,"valueName":"search_term_string"}}],"inLanguage":"hr"},{"@type":"Organization","@id":"https:\/\/radioljubuski.ba\/#organization","name":"Radio Ljubu\u0161ki","url":"https:\/\/radioljubuski.ba\/","logo":{"@type":"ImageObject","inLanguage":"hr","@id":"https:\/\/radioljubuski.ba\/#\/schema\/logo\/image\/","url":"https:\/\/radioljubuski.ba\/wp-content\/uploads\/2021\/02\/cropped-Radio_Ljubuski_logo1.jpg","contentUrl":"https:\/\/radioljubuski.ba\/wp-content\/uploads\/2021\/02\/cropped-Radio_Ljubuski_logo1.jpg","width":512,"height":512,"caption":"Radio Ljubu\u0161ki"},"image":{"@id":"https:\/\/radioljubuski.ba\/#\/schema\/logo\/image\/"},"sameAs":["https:\/\/www.facebook.com\/Radiio-Ljubuski-1490835324566332","https:\/\/x.com\/radioljubuski","https:\/\/hr.linkedin.com\/company\/radio-ljubuski","https:\/\/www.youtube.com\/channel\/UCHYaeO_n0Db3tjNGudGpXyw"]},{"@type":"Person","@id":"https:\/\/radioljubuski.ba\/#\/schema\/person\/19fc700381a780f69665d7956c469e3b","name":"Radio Ljubu\u0161ki"}]}},"_links":{"self":[{"href":"https:\/\/radioljubuski.ba\/index.php\/wp-json\/wp\/v2\/posts\/5979","targetHints":{"allow":["GET"]}}],"collection":[{"href":"https:\/\/radioljubuski.ba\/index.php\/wp-json\/wp\/v2\/posts"}],"about":[{"href":"https:\/\/radioljubuski.ba\/index.php\/wp-json\/wp\/v2\/types\/post"}],"author":[{"embeddable":true,"href":"https:\/\/radioljubuski.ba\/index.php\/wp-json\/wp\/v2\/users\/2"}],"replies":[{"embeddable":true,"href":"https:\/\/radioljubuski.ba\/index.php\/wp-json\/wp\/v2\/comments?post=5979"}],"version-history":[{"count":1,"href":"https:\/\/radioljubuski.ba\/index.php\/wp-json\/wp\/v2\/posts\/5979\/revisions"}],"predecessor-version":[{"id":5981,"href":"https:\/\/radioljubuski.ba\/index.php\/wp-json\/wp\/v2\/posts\/5979\/revisions\/5981"}],"wp:featuredmedia":[{"embeddable":true,"href":"https:\/\/radioljubuski.ba\/index.php\/wp-json\/wp\/v2\/media\/5980"}],"wp:attachment":[{"href":"https:\/\/radioljubuski.ba\/index.php\/wp-json\/wp\/v2\/media?parent=5979"}],"wp:term":[{"taxonomy":"category","embeddable":true,"href":"https:\/\/radioljubuski.ba\/index.php\/wp-json\/wp\/v2\/categories?post=5979"},{"taxonomy":"post_tag","embeddable":true,"href":"https:\/\/radioljubuski.ba\/index.php\/wp-json\/wp\/v2\/tags?post=5979"}],"curies":[{"name":"wp","href":"https:\/\/api.w.org\/{rel}","templated":true}]}}