{"id":59792,"date":"2021-09-01T10:33:48","date_gmt":"2021-09-01T09:33:48","guid":{"rendered":"https:\/\/radioljubuski.ba\/?p=59792"},"modified":"2021-09-01T10:33:49","modified_gmt":"2021-09-01T09:33:49","slug":"klaric-medu-najlosije-procijepljenim-zemljama-smo-a-popustamo-mjere","status":"publish","type":"post","link":"https:\/\/radioljubuski.ba\/index.php\/2021\/09\/01\/klaric-medu-najlosije-procijepljenim-zemljama-smo-a-popustamo-mjere\/","title":{"rendered":"Klari\u0107: Me\u0111u najlo\u0161ije procijepljenim zemljama smo, a popu\u0161tamo mjere"},"content":{"rendered":"\n<p>Ljeto je pomalo iza nas, osvrti na dobre turisti\u010dke podatke uskoro \u0107e vjerojatno zamijeniti oni o pogor\u0161anju epidemiolo\u0161ke situacije, a s njima i niz politi\u010dkih pritisaka iz oporbe. Kakva \u0107e nam biti politi\u010dka jesen, \u0161to pokazuje rejting stranaka prema kojemu se nitko iz oporbenih stranaka jo\u0161 uvijek ne uspijeva ni pribli\u017eiti vladaju\u0107ima &#8211; samo su neke od tema koje je u Studiju 4 komentirao Jasmin Klari\u0107, kolumnist i novinar Telegrama.<\/p>\n\n\n\n<p>&#8211; Pitanje je koliko je pametno popu\u0161tati mjere u situaciji kad, maknimo sad sa strane to \u0161to brojevi zara\u017eenih rastu, jer je nekako op\u0107i zaklju\u010dak da to vi\u0161e nije klju\u010dan podatak, da je klju\u010dni podatak o hospitalizacijama i ozbiljnim komplikacijama. Mi u ovom trenutku, ako se ne varam, imamo trostruko vi\u0161e ljudi u bolnicama i dvostruko vi\u0161e ljudi na respiratorima nego \u0161to smo imali prije godinu dana. Nisam siguran koliko je pametno u tim okolnostima dodatno popu\u0161tati mjere, ali vidim da se op\u0107enito ide, ne samo kod nas nego i u Europi, na popu\u0161tanje mjera. Samo \u0161to tu postoji jedan mali ke\u010d, a to je da smo mi me\u0111u najlo\u0161ije procijepljenim zemljama i doista postoji jako puno razloga za veliki strah od onog \u0161to nas opet \u010deka od ove jeseni i zime s pandemijom, rekao je.<br><br>&#8211; Mogu\u0107e je da smo negdje na sredini \u0161to se mjera ti\u010de, nemamo ni najstro\u017ee ni najbla\u017ee mjere. Me\u0111utim, problem je \u0161to nismo na sredini po procijepljenosti. I otud ta zabrinutost za naredne tjedne i epidemiolo\u0161ku sliku kod nas, smatra.<br><br>&#8211; Nisam siguran da je dobar razlog za zadovoljstvo HDZ-a to \u0161to oko 30 posto gra\u0111ana podupire politiku Vlade. S obzirom na to da im je rejting bio ve\u0107i do prije nekoliko dana. S druge strane \u010dinjenica je da se nit jedna oporbena stranka pojedina\u010dno niti ne uspijeva pribli\u017eiti tim brojkama. Mislim da je po zadnjim istra\u017eivanjima Mo\u017eemo na nekih 16-tak posto. Ali jo\u0161 su tri godine do izbora. Ti rejtinzi u ovom trenutku ne zna\u010de previ\u0161e. Oni su pokazatelji nekog smjera, gruba orijentacija za ono \u0161to slijedi. Tako se u Njema\u010dkoj primjerice sve okrenulo u nekoliko tjedana, rekao je.<br><br>&#8211; U zadnje vrijeme i premijer Plenkovi\u0107 istupa na pravcu predsjednika Milanovi\u0107a, uop\u0107e se ne konfrontiraju oko toga da zastupaju cijepljenje, ali i popu\u0161tanje mjera. O\u010dito je i logika koja stoji iza toga je ista. Cjepiva ima dovoljno, svatko se mo\u017ee cijepiti besplatno, za\u0161to bi onda ote\u017eavali \u017eivot ljudima koji su se cijepili i koji mogu puno normalnije obavljati nekakve svakodnevne aktivnosti s manjim rizikom od zaraze. No nije to jedina stvar na kojoj se njih dvojica pribli\u017eavaju. Vidjeli smo ju\u010der imenovali su zajedno, zajedni\u010dki potpis, predstojnika Ureda za nacionalnu sigurnost gospodina Franji\u0107a, zna\u010di o\u010dito je nekakva suradnja po\u010dela. O\u010dito je taj led koji se stvarao mjesecima pa i vi\u0161e od godinu dana, taj led tvrde kohabitacije po\u010deo popu\u0161tati jer jednostavno dr\u017eava mora funkcionirati. Kad vidimo \u0161to se zbiva u svijetu, koje geopoliti\u010dke promjene se de\u0161avaju ili kuhaju, jasno je da Hrvatska ne mo\u017ee biti bez \u010dovjeka koji je predstojnik Ureda za nacionalnu sigurnost zato jer su predsjednik i premijer jedan drugom preko medija poru\u010divali: plameni jazavac, pedesetpetogodi\u0161nji \u0161mrkavac i ostale divote kojima su nas zabavljali ovih godinu dana. No, znalo se da \u0107e u nekom trenutku neke odluke morati donijeti zajedno. Mogu\u0107e je da sad dolazi mirno razdoblje za njih, ali jo\u0161 je izvjesnije da \u0107e to mirno razdoblje u nekom trenutku zavr\u0161iti i da \u0107emo opet imati vatromet u izjavama i sukobima jer sukob izme\u0111u Milanovi\u0107a i Plenkovi\u0107a ve\u0107 dugo nije samo politi\u010dki, on je \u010dak i osoban. Ali dobro je da nisu ljudi toliko nezreli, ali bilo bi doista smije\u0161no i iluzorno o\u010dekivati da su toliko nezreli, da dr\u017eava ne mo\u017ee nikako funkcionirati zbog njihove sva\u0111e. Evo pokazuje se da se ipak neke stvari odra\u0111uju, istaknuo je.<\/p>\n\n\n\n<div style=\"width: 640px;\" class=\"wp-video\"><video class=\"wp-video-shortcode\" id=\"video-59792-1\" width=\"640\" height=\"360\" preload=\"metadata\" controls=\"controls\"><source type=\"video\/mp4\" src=\"https:\/\/api.hrt.hr\/media\/7a\/fa\/st4-klaric-0109-20210901084042.mp4?_=1\" \/><a href=\"https:\/\/api.hrt.hr\/media\/7a\/fa\/st4-klaric-0109-20210901084042.mp4\">https:\/\/api.hrt.hr\/media\/7a\/fa\/st4-klaric-0109-20210901084042.mp4<\/a><\/video><\/div>\n\n\n\n<p>Izvor:hrt.hr<\/p>\n","protected":false},"excerpt":{"rendered":"<p>Ljeto je pomalo iza nas, osvrti na dobre turisti\u010dke podatke uskoro \u0107e vjerojatno zamijeniti oni o pogor\u0161anju epidemiolo\u0161ke situacije, a s njima i niz politi\u010dkih pritisaka iz oporbe. Kakva \u0107e nam biti politi\u010dka jesen, \u0161to pokazuje rejting stranaka prema kojemu se nitko iz oporbenih stranaka jo\u0161 uvijek ne uspijeva ni pribli\u017eiti vladaju\u0107ima &#8211; samo su [&hellip;]<\/p>\n","protected":false},"author":2,"featured_media":59793,"comment_status":"closed","ping_status":"closed","sticky":false,"template":"","format":"standard","meta":{"h5ap_radio_sources":[],"footnotes":""},"categories":[1],"tags":[],"class_list":["post-59792","post","type-post","status-publish","format-standard","has-post-thumbnail","hentry","category-bihiregija"],"yoast_head":"<!-- This site is optimized with the Yoast SEO plugin v27.5 - https:\/\/yoast.com\/product\/yoast-seo-wordpress\/ -->\n<title>Klari\u0107: Me\u0111u najlo\u0161ije procijepljenim zemljama smo, a popu\u0161tamo mjere - RADIO LJUBU\u0160KI<\/title>\n<meta name=\"robots\" content=\"index, follow, max-snippet:-1, max-image-preview:large, max-video-preview:-1\" \/>\n<link rel=\"canonical\" href=\"https:\/\/radioljubuski.ba\/index.php\/2021\/09\/01\/klaric-medu-najlosije-procijepljenim-zemljama-smo-a-popustamo-mjere\/\" \/>\n<meta property=\"og:locale\" content=\"hr_HR\" \/>\n<meta property=\"og:type\" content=\"article\" \/>\n<meta property=\"og:title\" content=\"Klari\u0107: Me\u0111u najlo\u0161ije procijepljenim zemljama smo, a popu\u0161tamo mjere - RADIO LJUBU\u0160KI\" \/>\n<meta property=\"og:description\" content=\"Ljeto je pomalo iza nas, osvrti na dobre turisti\u010dke podatke uskoro \u0107e vjerojatno zamijeniti oni o pogor\u0161anju epidemiolo\u0161ke situacije, a s njima i niz politi\u010dkih pritisaka iz oporbe. Kakva \u0107e nam biti politi\u010dka jesen, \u0161to pokazuje rejting stranaka prema kojemu se nitko iz oporbenih stranaka jo\u0161 uvijek ne uspijeva ni pribli\u017eiti vladaju\u0107ima &#8211; samo su [&hellip;]\" \/>\n<meta property=\"og:url\" content=\"https:\/\/radioljubuski.ba\/index.php\/2021\/09\/01\/klaric-medu-najlosije-procijepljenim-zemljama-smo-a-popustamo-mjere\/\" \/>\n<meta property=\"og:site_name\" content=\"RADIO LJUBU\u0160KI\" \/>\n<meta property=\"article:publisher\" content=\"https:\/\/www.facebook.com\/Radiio-Ljubuski-1490835324566332\" \/>\n<meta property=\"article:published_time\" content=\"2021-09-01T09:33:48+00:00\" \/>\n<meta property=\"article:modified_time\" content=\"2021-09-01T09:33:49+00:00\" \/>\n<meta property=\"og:image\" content=\"https:\/\/radioljubuski.ba\/wp-content\/uploads\/2021\/09\/dsaa-20210901081357.jpg\" \/>\n\t<meta property=\"og:image:width\" content=\"1278\" \/>\n\t<meta property=\"og:image:height\" content=\"722\" \/>\n\t<meta property=\"og:image:type\" content=\"image\/jpeg\" \/>\n<meta name=\"author\" content=\"Radio Ljubu\u0161ki\" \/>\n<meta name=\"twitter:card\" content=\"summary_large_image\" \/>\n<meta name=\"twitter:creator\" content=\"@radioljubuski\" \/>\n<meta name=\"twitter:site\" content=\"@radioljubuski\" \/>\n<meta name=\"twitter:label1\" content=\"Napisao\/la\" \/>\n\t<meta name=\"twitter:data1\" content=\"Radio Ljubu\u0161ki\" \/>\n\t<meta name=\"twitter:label2\" content=\"Procijenjeno vrijeme \u010ditanja\" \/>\n\t<meta name=\"twitter:data2\" content=\"3 minute\" \/>\n<script type=\"application\/ld+json\" class=\"yoast-schema-graph\">{\"@context\":\"https:\\\/\\\/schema.org\",\"@graph\":[{\"@type\":\"Article\",\"@id\":\"https:\\\/\\\/radioljubuski.ba\\\/index.php\\\/2021\\\/09\\\/01\\\/klaric-medu-najlosije-procijepljenim-zemljama-smo-a-popustamo-mjere\\\/#article\",\"isPartOf\":{\"@id\":\"https:\\\/\\\/radioljubuski.ba\\\/index.php\\\/2021\\\/09\\\/01\\\/klaric-medu-najlosije-procijepljenim-zemljama-smo-a-popustamo-mjere\\\/\"},\"author\":{\"name\":\"Radio Ljubu\u0161ki\",\"@id\":\"https:\\\/\\\/radioljubuski.ba\\\/#\\\/schema\\\/person\\\/19fc700381a780f69665d7956c469e3b\"},\"headline\":\"Klari\u0107: Me\u0111u najlo\u0161ije procijepljenim zemljama smo, a popu\u0161tamo mjere\",\"datePublished\":\"2021-09-01T09:33:48+00:00\",\"dateModified\":\"2021-09-01T09:33:49+00:00\",\"mainEntityOfPage\":{\"@id\":\"https:\\\/\\\/radioljubuski.ba\\\/index.php\\\/2021\\\/09\\\/01\\\/klaric-medu-najlosije-procijepljenim-zemljama-smo-a-popustamo-mjere\\\/\"},\"wordCount\":722,\"publisher\":{\"@id\":\"https:\\\/\\\/radioljubuski.ba\\\/#organization\"},\"image\":{\"@id\":\"https:\\\/\\\/radioljubuski.ba\\\/index.php\\\/2021\\\/09\\\/01\\\/klaric-medu-najlosije-procijepljenim-zemljama-smo-a-popustamo-mjere\\\/#primaryimage\"},\"thumbnailUrl\":\"https:\\\/\\\/radioljubuski.ba\\\/wp-content\\\/uploads\\\/2021\\\/09\\\/dsaa-20210901081357.jpg\",\"articleSection\":[\"BIH i regija\"],\"inLanguage\":\"hr\"},{\"@type\":\"WebPage\",\"@id\":\"https:\\\/\\\/radioljubuski.ba\\\/index.php\\\/2021\\\/09\\\/01\\\/klaric-medu-najlosije-procijepljenim-zemljama-smo-a-popustamo-mjere\\\/\",\"url\":\"https:\\\/\\\/radioljubuski.ba\\\/index.php\\\/2021\\\/09\\\/01\\\/klaric-medu-najlosije-procijepljenim-zemljama-smo-a-popustamo-mjere\\\/\",\"name\":\"Klari\u0107: Me\u0111u najlo\u0161ije procijepljenim zemljama smo, a popu\u0161tamo mjere - RADIO LJUBU\u0160KI\",\"isPartOf\":{\"@id\":\"https:\\\/\\\/radioljubuski.ba\\\/#website\"},\"primaryImageOfPage\":{\"@id\":\"https:\\\/\\\/radioljubuski.ba\\\/index.php\\\/2021\\\/09\\\/01\\\/klaric-medu-najlosije-procijepljenim-zemljama-smo-a-popustamo-mjere\\\/#primaryimage\"},\"image\":{\"@id\":\"https:\\\/\\\/radioljubuski.ba\\\/index.php\\\/2021\\\/09\\\/01\\\/klaric-medu-najlosije-procijepljenim-zemljama-smo-a-popustamo-mjere\\\/#primaryimage\"},\"thumbnailUrl\":\"https:\\\/\\\/radioljubuski.ba\\\/wp-content\\\/uploads\\\/2021\\\/09\\\/dsaa-20210901081357.jpg\",\"datePublished\":\"2021-09-01T09:33:48+00:00\",\"dateModified\":\"2021-09-01T09:33:49+00:00\",\"breadcrumb\":{\"@id\":\"https:\\\/\\\/radioljubuski.ba\\\/index.php\\\/2021\\\/09\\\/01\\\/klaric-medu-najlosije-procijepljenim-zemljama-smo-a-popustamo-mjere\\\/#breadcrumb\"},\"inLanguage\":\"hr\",\"potentialAction\":[{\"@type\":\"ReadAction\",\"target\":[\"https:\\\/\\\/radioljubuski.ba\\\/index.php\\\/2021\\\/09\\\/01\\\/klaric-medu-najlosije-procijepljenim-zemljama-smo-a-popustamo-mjere\\\/\"]}]},{\"@type\":\"ImageObject\",\"inLanguage\":\"hr\",\"@id\":\"https:\\\/\\\/radioljubuski.ba\\\/index.php\\\/2021\\\/09\\\/01\\\/klaric-medu-najlosije-procijepljenim-zemljama-smo-a-popustamo-mjere\\\/#primaryimage\",\"url\":\"https:\\\/\\\/radioljubuski.ba\\\/wp-content\\\/uploads\\\/2021\\\/09\\\/dsaa-20210901081357.jpg\",\"contentUrl\":\"https:\\\/\\\/radioljubuski.ba\\\/wp-content\\\/uploads\\\/2021\\\/09\\\/dsaa-20210901081357.jpg\",\"width\":1278,\"height\":722},{\"@type\":\"BreadcrumbList\",\"@id\":\"https:\\\/\\\/radioljubuski.ba\\\/index.php\\\/2021\\\/09\\\/01\\\/klaric-medu-najlosije-procijepljenim-zemljama-smo-a-popustamo-mjere\\\/#breadcrumb\",\"itemListElement\":[{\"@type\":\"ListItem\",\"position\":1,\"name\":\"Po\u010detna stranica\",\"item\":\"https:\\\/\\\/radioljubuski.ba\\\/\"},{\"@type\":\"ListItem\",\"position\":2,\"name\":\"Klari\u0107: Me\u0111u najlo\u0161ije procijepljenim zemljama smo, a popu\u0161tamo mjere\"}]},{\"@type\":\"WebSite\",\"@id\":\"https:\\\/\\\/radioljubuski.ba\\\/#website\",\"url\":\"https:\\\/\\\/radioljubuski.ba\\\/\",\"name\":\"Radio Ljubu\u0161ki\",\"description\":\"Sun\u010dana frekvencija Hercegovine\",\"publisher\":{\"@id\":\"https:\\\/\\\/radioljubuski.ba\\\/#organization\"},\"potentialAction\":[{\"@type\":\"SearchAction\",\"target\":{\"@type\":\"EntryPoint\",\"urlTemplate\":\"https:\\\/\\\/radioljubuski.ba\\\/?s={search_term_string}\"},\"query-input\":{\"@type\":\"PropertyValueSpecification\",\"valueRequired\":true,\"valueName\":\"search_term_string\"}}],\"inLanguage\":\"hr\"},{\"@type\":\"Organization\",\"@id\":\"https:\\\/\\\/radioljubuski.ba\\\/#organization\",\"name\":\"Radio Ljubu\u0161ki\",\"url\":\"https:\\\/\\\/radioljubuski.ba\\\/\",\"logo\":{\"@type\":\"ImageObject\",\"inLanguage\":\"hr\",\"@id\":\"https:\\\/\\\/radioljubuski.ba\\\/#\\\/schema\\\/logo\\\/image\\\/\",\"url\":\"https:\\\/\\\/radioljubuski.ba\\\/wp-content\\\/uploads\\\/2021\\\/02\\\/cropped-Radio_Ljubuski_logo1.jpg\",\"contentUrl\":\"https:\\\/\\\/radioljubuski.ba\\\/wp-content\\\/uploads\\\/2021\\\/02\\\/cropped-Radio_Ljubuski_logo1.jpg\",\"width\":512,\"height\":512,\"caption\":\"Radio Ljubu\u0161ki\"},\"image\":{\"@id\":\"https:\\\/\\\/radioljubuski.ba\\\/#\\\/schema\\\/logo\\\/image\\\/\"},\"sameAs\":[\"https:\\\/\\\/www.facebook.com\\\/Radiio-Ljubuski-1490835324566332\",\"https:\\\/\\\/x.com\\\/radioljubuski\",\"https:\\\/\\\/hr.linkedin.com\\\/company\\\/radio-ljubuski\",\"https:\\\/\\\/www.youtube.com\\\/channel\\\/UCHYaeO_n0Db3tjNGudGpXyw\"]},{\"@type\":\"Person\",\"@id\":\"https:\\\/\\\/radioljubuski.ba\\\/#\\\/schema\\\/person\\\/19fc700381a780f69665d7956c469e3b\",\"name\":\"Radio Ljubu\u0161ki\"}]}<\/script>\n<!-- \/ Yoast SEO plugin. -->","yoast_head_json":{"title":"Klari\u0107: Me\u0111u najlo\u0161ije procijepljenim zemljama smo, a popu\u0161tamo mjere - RADIO LJUBU\u0160KI","robots":{"index":"index","follow":"follow","max-snippet":"max-snippet:-1","max-image-preview":"max-image-preview:large","max-video-preview":"max-video-preview:-1"},"canonical":"https:\/\/radioljubuski.ba\/index.php\/2021\/09\/01\/klaric-medu-najlosije-procijepljenim-zemljama-smo-a-popustamo-mjere\/","og_locale":"hr_HR","og_type":"article","og_title":"Klari\u0107: Me\u0111u najlo\u0161ije procijepljenim zemljama smo, a popu\u0161tamo mjere - RADIO LJUBU\u0160KI","og_description":"Ljeto je pomalo iza nas, osvrti na dobre turisti\u010dke podatke uskoro \u0107e vjerojatno zamijeniti oni o pogor\u0161anju epidemiolo\u0161ke situacije, a s njima i niz politi\u010dkih pritisaka iz oporbe. Kakva \u0107e nam biti politi\u010dka jesen, \u0161to pokazuje rejting stranaka prema kojemu se nitko iz oporbenih stranaka jo\u0161 uvijek ne uspijeva ni pribli\u017eiti vladaju\u0107ima &#8211; samo su [&hellip;]","og_url":"https:\/\/radioljubuski.ba\/index.php\/2021\/09\/01\/klaric-medu-najlosije-procijepljenim-zemljama-smo-a-popustamo-mjere\/","og_site_name":"RADIO LJUBU\u0160KI","article_publisher":"https:\/\/www.facebook.com\/Radiio-Ljubuski-1490835324566332","article_published_time":"2021-09-01T09:33:48+00:00","article_modified_time":"2021-09-01T09:33:49+00:00","og_image":[{"width":1278,"height":722,"url":"https:\/\/radioljubuski.ba\/wp-content\/uploads\/2021\/09\/dsaa-20210901081357.jpg","type":"image\/jpeg"}],"author":"Radio Ljubu\u0161ki","twitter_card":"summary_large_image","twitter_creator":"@radioljubuski","twitter_site":"@radioljubuski","twitter_misc":{"Napisao\/la":"Radio Ljubu\u0161ki","Procijenjeno vrijeme \u010ditanja":"3 minute"},"schema":{"@context":"https:\/\/schema.org","@graph":[{"@type":"Article","@id":"https:\/\/radioljubuski.ba\/index.php\/2021\/09\/01\/klaric-medu-najlosije-procijepljenim-zemljama-smo-a-popustamo-mjere\/#article","isPartOf":{"@id":"https:\/\/radioljubuski.ba\/index.php\/2021\/09\/01\/klaric-medu-najlosije-procijepljenim-zemljama-smo-a-popustamo-mjere\/"},"author":{"name":"Radio Ljubu\u0161ki","@id":"https:\/\/radioljubuski.ba\/#\/schema\/person\/19fc700381a780f69665d7956c469e3b"},"headline":"Klari\u0107: Me\u0111u najlo\u0161ije procijepljenim zemljama smo, a popu\u0161tamo mjere","datePublished":"2021-09-01T09:33:48+00:00","dateModified":"2021-09-01T09:33:49+00:00","mainEntityOfPage":{"@id":"https:\/\/radioljubuski.ba\/index.php\/2021\/09\/01\/klaric-medu-najlosije-procijepljenim-zemljama-smo-a-popustamo-mjere\/"},"wordCount":722,"publisher":{"@id":"https:\/\/radioljubuski.ba\/#organization"},"image":{"@id":"https:\/\/radioljubuski.ba\/index.php\/2021\/09\/01\/klaric-medu-najlosije-procijepljenim-zemljama-smo-a-popustamo-mjere\/#primaryimage"},"thumbnailUrl":"https:\/\/radioljubuski.ba\/wp-content\/uploads\/2021\/09\/dsaa-20210901081357.jpg","articleSection":["BIH i regija"],"inLanguage":"hr"},{"@type":"WebPage","@id":"https:\/\/radioljubuski.ba\/index.php\/2021\/09\/01\/klaric-medu-najlosije-procijepljenim-zemljama-smo-a-popustamo-mjere\/","url":"https:\/\/radioljubuski.ba\/index.php\/2021\/09\/01\/klaric-medu-najlosije-procijepljenim-zemljama-smo-a-popustamo-mjere\/","name":"Klari\u0107: Me\u0111u najlo\u0161ije procijepljenim zemljama smo, a popu\u0161tamo mjere - RADIO LJUBU\u0160KI","isPartOf":{"@id":"https:\/\/radioljubuski.ba\/#website"},"primaryImageOfPage":{"@id":"https:\/\/radioljubuski.ba\/index.php\/2021\/09\/01\/klaric-medu-najlosije-procijepljenim-zemljama-smo-a-popustamo-mjere\/#primaryimage"},"image":{"@id":"https:\/\/radioljubuski.ba\/index.php\/2021\/09\/01\/klaric-medu-najlosije-procijepljenim-zemljama-smo-a-popustamo-mjere\/#primaryimage"},"thumbnailUrl":"https:\/\/radioljubuski.ba\/wp-content\/uploads\/2021\/09\/dsaa-20210901081357.jpg","datePublished":"2021-09-01T09:33:48+00:00","dateModified":"2021-09-01T09:33:49+00:00","breadcrumb":{"@id":"https:\/\/radioljubuski.ba\/index.php\/2021\/09\/01\/klaric-medu-najlosije-procijepljenim-zemljama-smo-a-popustamo-mjere\/#breadcrumb"},"inLanguage":"hr","potentialAction":[{"@type":"ReadAction","target":["https:\/\/radioljubuski.ba\/index.php\/2021\/09\/01\/klaric-medu-najlosije-procijepljenim-zemljama-smo-a-popustamo-mjere\/"]}]},{"@type":"ImageObject","inLanguage":"hr","@id":"https:\/\/radioljubuski.ba\/index.php\/2021\/09\/01\/klaric-medu-najlosije-procijepljenim-zemljama-smo-a-popustamo-mjere\/#primaryimage","url":"https:\/\/radioljubuski.ba\/wp-content\/uploads\/2021\/09\/dsaa-20210901081357.jpg","contentUrl":"https:\/\/radioljubuski.ba\/wp-content\/uploads\/2021\/09\/dsaa-20210901081357.jpg","width":1278,"height":722},{"@type":"BreadcrumbList","@id":"https:\/\/radioljubuski.ba\/index.php\/2021\/09\/01\/klaric-medu-najlosije-procijepljenim-zemljama-smo-a-popustamo-mjere\/#breadcrumb","itemListElement":[{"@type":"ListItem","position":1,"name":"Po\u010detna stranica","item":"https:\/\/radioljubuski.ba\/"},{"@type":"ListItem","position":2,"name":"Klari\u0107: Me\u0111u najlo\u0161ije procijepljenim zemljama smo, a popu\u0161tamo mjere"}]},{"@type":"WebSite","@id":"https:\/\/radioljubuski.ba\/#website","url":"https:\/\/radioljubuski.ba\/","name":"Radio Ljubu\u0161ki","description":"Sun\u010dana frekvencija Hercegovine","publisher":{"@id":"https:\/\/radioljubuski.ba\/#organization"},"potentialAction":[{"@type":"SearchAction","target":{"@type":"EntryPoint","urlTemplate":"https:\/\/radioljubuski.ba\/?s={search_term_string}"},"query-input":{"@type":"PropertyValueSpecification","valueRequired":true,"valueName":"search_term_string"}}],"inLanguage":"hr"},{"@type":"Organization","@id":"https:\/\/radioljubuski.ba\/#organization","name":"Radio Ljubu\u0161ki","url":"https:\/\/radioljubuski.ba\/","logo":{"@type":"ImageObject","inLanguage":"hr","@id":"https:\/\/radioljubuski.ba\/#\/schema\/logo\/image\/","url":"https:\/\/radioljubuski.ba\/wp-content\/uploads\/2021\/02\/cropped-Radio_Ljubuski_logo1.jpg","contentUrl":"https:\/\/radioljubuski.ba\/wp-content\/uploads\/2021\/02\/cropped-Radio_Ljubuski_logo1.jpg","width":512,"height":512,"caption":"Radio Ljubu\u0161ki"},"image":{"@id":"https:\/\/radioljubuski.ba\/#\/schema\/logo\/image\/"},"sameAs":["https:\/\/www.facebook.com\/Radiio-Ljubuski-1490835324566332","https:\/\/x.com\/radioljubuski","https:\/\/hr.linkedin.com\/company\/radio-ljubuski","https:\/\/www.youtube.com\/channel\/UCHYaeO_n0Db3tjNGudGpXyw"]},{"@type":"Person","@id":"https:\/\/radioljubuski.ba\/#\/schema\/person\/19fc700381a780f69665d7956c469e3b","name":"Radio Ljubu\u0161ki"}]}},"_links":{"self":[{"href":"https:\/\/radioljubuski.ba\/index.php\/wp-json\/wp\/v2\/posts\/59792","targetHints":{"allow":["GET"]}}],"collection":[{"href":"https:\/\/radioljubuski.ba\/index.php\/wp-json\/wp\/v2\/posts"}],"about":[{"href":"https:\/\/radioljubuski.ba\/index.php\/wp-json\/wp\/v2\/types\/post"}],"author":[{"embeddable":true,"href":"https:\/\/radioljubuski.ba\/index.php\/wp-json\/wp\/v2\/users\/2"}],"replies":[{"embeddable":true,"href":"https:\/\/radioljubuski.ba\/index.php\/wp-json\/wp\/v2\/comments?post=59792"}],"version-history":[{"count":1,"href":"https:\/\/radioljubuski.ba\/index.php\/wp-json\/wp\/v2\/posts\/59792\/revisions"}],"predecessor-version":[{"id":59794,"href":"https:\/\/radioljubuski.ba\/index.php\/wp-json\/wp\/v2\/posts\/59792\/revisions\/59794"}],"wp:featuredmedia":[{"embeddable":true,"href":"https:\/\/radioljubuski.ba\/index.php\/wp-json\/wp\/v2\/media\/59793"}],"wp:attachment":[{"href":"https:\/\/radioljubuski.ba\/index.php\/wp-json\/wp\/v2\/media?parent=59792"}],"wp:term":[{"taxonomy":"category","embeddable":true,"href":"https:\/\/radioljubuski.ba\/index.php\/wp-json\/wp\/v2\/categories?post=59792"},{"taxonomy":"post_tag","embeddable":true,"href":"https:\/\/radioljubuski.ba\/index.php\/wp-json\/wp\/v2\/tags?post=59792"}],"curies":[{"name":"wp","href":"https:\/\/api.w.org\/{rel}","templated":true}]}}