{"id":59795,"date":"2021-09-01T10:35:28","date_gmt":"2021-09-01T09:35:28","guid":{"rendered":"https:\/\/radioljubuski.ba\/?p=59795"},"modified":"2021-09-01T10:35:29","modified_gmt":"2021-09-01T09:35:29","slug":"obiljezavanje-30-godisnjice-ustrojavanja-120-brigade-hv-a-ban-toma-bakac","status":"publish","type":"post","link":"https:\/\/radioljubuski.ba\/index.php\/2021\/09\/01\/obiljezavanje-30-godisnjice-ustrojavanja-120-brigade-hv-a-ban-toma-bakac\/","title":{"rendered":"Obilje\u017eavanje 30. godi\u0161njice ustrojavanja 120. brigade HV-a &#8220;Ban Toma Baka\u010d&#8221;"},"content":{"rendered":"\n<p>Predsjednik Republike <strong>Zoran Milanovi\u0107<\/strong> u Sisku&nbsp;sudjeluje na obilje\u017eavanju 30. godi\u0161njice ustrojavanja 120. brigade Hrvatske vojske &#8220;Ban Toma Baka\u010d&#8221;. Predvi\u0111eno je prigodno obra\u0107anje Predsjednika Republike.<\/p>\n\n\n\n<p>Predsjednik je prije toga polo\u017eio vijenac i zapalio svije\u0107u u spomen na poginule hrvatske branitelje kod Sredi\u0161njeg kri\u017ea na Gradskom groblju Viktorovcu.<\/p>\n\n\n\n<p>Pozdravni govor odr\u017eao je <strong>Davorko Vidovi\u0107<\/strong>, pomo\u0107nik zapovjednika za politi\u010dju djelatnost 120. brigade Hrvatske vojske &#8220;Ban Toma Baka\u010d&#8221; i saborski zastupnik.<br><br>U kojim uvjetima je formirana 120. brigada i ratnim zada\u0107ama do formiranja obrane grada Siska govorio je bojnik u miru <strong>Viktor \u0160prajc<\/strong>, ratni na\u010delnik topni\u0161tva 120. brigade i zapovjednik 2. zone obrane grada.<br><br>Pri\u010duvni bojnik<strong> Zlatan Vavro<\/strong>, pomo\u0107nik na\u010delnika Sto\u017eera za operativne poslove u zapovjedni\u0161tvu Brigade, ispri\u010dao je detalje o borbenom djelovanju brigade.<\/p>\n\n\n\n<div style=\"width: 640px;\" class=\"wp-video\"><video class=\"wp-video-shortcode\" id=\"video-59795-1\" width=\"640\" height=\"360\" preload=\"metadata\" controls=\"controls\"><source type=\"video\/mp4\" src=\"https:\/\/api.hrt.hr\/media\/c1\/a8\/milanovic-si-vijenac-web-20210901083703.mp4?_=1\" \/><a href=\"https:\/\/api.hrt.hr\/media\/c1\/a8\/milanovic-si-vijenac-web-20210901083703.mp4\">https:\/\/api.hrt.hr\/media\/c1\/a8\/milanovic-si-vijenac-web-20210901083703.mp4<\/a><\/video><\/div>\n\n\n\n<p>Izvor:hrt.hr<\/p>\n","protected":false},"excerpt":{"rendered":"<p>Predsjednik Republike Zoran Milanovi\u0107 u Sisku&nbsp;sudjeluje na obilje\u017eavanju 30. godi\u0161njice ustrojavanja 120. brigade Hrvatske vojske &#8220;Ban Toma Baka\u010d&#8221;. Predvi\u0111eno je prigodno obra\u0107anje Predsjednika Republike. Predsjednik je prije toga polo\u017eio vijenac i zapalio svije\u0107u u spomen na poginule hrvatske branitelje kod Sredi\u0161njeg kri\u017ea na Gradskom groblju Viktorovcu. Pozdravni govor odr\u017eao je Davorko Vidovi\u0107, pomo\u0107nik zapovjednika za [&hellip;]<\/p>\n","protected":false},"author":2,"featured_media":59796,"comment_status":"closed","ping_status":"closed","sticky":false,"template":"","format":"standard","meta":{"h5ap_radio_sources":[],"footnotes":""},"categories":[1],"tags":[],"class_list":["post-59795","post","type-post","status-publish","format-standard","has-post-thumbnail","hentry","category-bihiregija"],"yoast_head":"<!-- This site is optimized with the Yoast SEO plugin v27.5 - https:\/\/yoast.com\/product\/yoast-seo-wordpress\/ -->\n<title>Obilje\u017eavanje 30. godi\u0161njice ustrojavanja 120. brigade HV-a &quot;Ban Toma Baka\u010d&quot; - RADIO LJUBU\u0160KI<\/title>\n<meta name=\"robots\" content=\"index, follow, max-snippet:-1, max-image-preview:large, max-video-preview:-1\" \/>\n<link rel=\"canonical\" href=\"https:\/\/radioljubuski.ba\/index.php\/2021\/09\/01\/obiljezavanje-30-godisnjice-ustrojavanja-120-brigade-hv-a-ban-toma-bakac\/\" \/>\n<meta property=\"og:locale\" content=\"hr_HR\" \/>\n<meta property=\"og:type\" content=\"article\" \/>\n<meta property=\"og:title\" content=\"Obilje\u017eavanje 30. godi\u0161njice ustrojavanja 120. brigade HV-a &quot;Ban Toma Baka\u010d&quot; - RADIO LJUBU\u0160KI\" \/>\n<meta property=\"og:description\" content=\"Predsjednik Republike Zoran Milanovi\u0107 u Sisku&nbsp;sudjeluje na obilje\u017eavanju 30. godi\u0161njice ustrojavanja 120. brigade Hrvatske vojske &#8220;Ban Toma Baka\u010d&#8221;. Predvi\u0111eno je prigodno obra\u0107anje Predsjednika Republike. Predsjednik je prije toga polo\u017eio vijenac i zapalio svije\u0107u u spomen na poginule hrvatske branitelje kod Sredi\u0161njeg kri\u017ea na Gradskom groblju Viktorovcu. Pozdravni govor odr\u017eao je Davorko Vidovi\u0107, pomo\u0107nik zapovjednika za [&hellip;]\" \/>\n<meta property=\"og:url\" content=\"https:\/\/radioljubuski.ba\/index.php\/2021\/09\/01\/obiljezavanje-30-godisnjice-ustrojavanja-120-brigade-hv-a-ban-toma-bakac\/\" \/>\n<meta property=\"og:site_name\" content=\"RADIO LJUBU\u0160KI\" \/>\n<meta property=\"article:publisher\" content=\"https:\/\/www.facebook.com\/Radiio-Ljubuski-1490835324566332\" \/>\n<meta property=\"article:published_time\" content=\"2021-09-01T09:35:28+00:00\" \/>\n<meta property=\"article:modified_time\" content=\"2021-09-01T09:35:29+00:00\" \/>\n<meta property=\"og:image\" content=\"https:\/\/radioljubuski.ba\/wp-content\/uploads\/2021\/09\/t-milanovic-si-vijenac-web-20210901083703.jpg\" \/>\n\t<meta property=\"og:image:width\" content=\"1280\" \/>\n\t<meta property=\"og:image:height\" content=\"720\" \/>\n\t<meta property=\"og:image:type\" content=\"image\/jpeg\" \/>\n<meta name=\"author\" content=\"Radio Ljubu\u0161ki\" \/>\n<meta name=\"twitter:card\" content=\"summary_large_image\" \/>\n<meta name=\"twitter:creator\" content=\"@radioljubuski\" \/>\n<meta name=\"twitter:site\" content=\"@radioljubuski\" \/>\n<meta name=\"twitter:label1\" content=\"Napisao\/la\" \/>\n\t<meta name=\"twitter:data1\" content=\"Radio Ljubu\u0161ki\" \/>\n\t<meta name=\"twitter:label2\" content=\"Procijenjeno vrijeme \u010ditanja\" \/>\n\t<meta name=\"twitter:data2\" content=\"1 minuta\" \/>\n<script type=\"application\/ld+json\" class=\"yoast-schema-graph\">{\"@context\":\"https:\\\/\\\/schema.org\",\"@graph\":[{\"@type\":\"Article\",\"@id\":\"https:\\\/\\\/radioljubuski.ba\\\/index.php\\\/2021\\\/09\\\/01\\\/obiljezavanje-30-godisnjice-ustrojavanja-120-brigade-hv-a-ban-toma-bakac\\\/#article\",\"isPartOf\":{\"@id\":\"https:\\\/\\\/radioljubuski.ba\\\/index.php\\\/2021\\\/09\\\/01\\\/obiljezavanje-30-godisnjice-ustrojavanja-120-brigade-hv-a-ban-toma-bakac\\\/\"},\"author\":{\"name\":\"Radio Ljubu\u0161ki\",\"@id\":\"https:\\\/\\\/radioljubuski.ba\\\/#\\\/schema\\\/person\\\/19fc700381a780f69665d7956c469e3b\"},\"headline\":\"Obilje\u017eavanje 30. godi\u0161njice ustrojavanja 120. brigade HV-a &#8220;Ban Toma Baka\u010d&#8221;\",\"datePublished\":\"2021-09-01T09:35:28+00:00\",\"dateModified\":\"2021-09-01T09:35:29+00:00\",\"mainEntityOfPage\":{\"@id\":\"https:\\\/\\\/radioljubuski.ba\\\/index.php\\\/2021\\\/09\\\/01\\\/obiljezavanje-30-godisnjice-ustrojavanja-120-brigade-hv-a-ban-toma-bakac\\\/\"},\"wordCount\":158,\"publisher\":{\"@id\":\"https:\\\/\\\/radioljubuski.ba\\\/#organization\"},\"image\":{\"@id\":\"https:\\\/\\\/radioljubuski.ba\\\/index.php\\\/2021\\\/09\\\/01\\\/obiljezavanje-30-godisnjice-ustrojavanja-120-brigade-hv-a-ban-toma-bakac\\\/#primaryimage\"},\"thumbnailUrl\":\"https:\\\/\\\/radioljubuski.ba\\\/wp-content\\\/uploads\\\/2021\\\/09\\\/t-milanovic-si-vijenac-web-20210901083703.jpg\",\"articleSection\":[\"BIH i regija\"],\"inLanguage\":\"hr\"},{\"@type\":\"WebPage\",\"@id\":\"https:\\\/\\\/radioljubuski.ba\\\/index.php\\\/2021\\\/09\\\/01\\\/obiljezavanje-30-godisnjice-ustrojavanja-120-brigade-hv-a-ban-toma-bakac\\\/\",\"url\":\"https:\\\/\\\/radioljubuski.ba\\\/index.php\\\/2021\\\/09\\\/01\\\/obiljezavanje-30-godisnjice-ustrojavanja-120-brigade-hv-a-ban-toma-bakac\\\/\",\"name\":\"Obilje\u017eavanje 30. godi\u0161njice ustrojavanja 120. brigade HV-a \\\"Ban Toma Baka\u010d\\\" - RADIO LJUBU\u0160KI\",\"isPartOf\":{\"@id\":\"https:\\\/\\\/radioljubuski.ba\\\/#website\"},\"primaryImageOfPage\":{\"@id\":\"https:\\\/\\\/radioljubuski.ba\\\/index.php\\\/2021\\\/09\\\/01\\\/obiljezavanje-30-godisnjice-ustrojavanja-120-brigade-hv-a-ban-toma-bakac\\\/#primaryimage\"},\"image\":{\"@id\":\"https:\\\/\\\/radioljubuski.ba\\\/index.php\\\/2021\\\/09\\\/01\\\/obiljezavanje-30-godisnjice-ustrojavanja-120-brigade-hv-a-ban-toma-bakac\\\/#primaryimage\"},\"thumbnailUrl\":\"https:\\\/\\\/radioljubuski.ba\\\/wp-content\\\/uploads\\\/2021\\\/09\\\/t-milanovic-si-vijenac-web-20210901083703.jpg\",\"datePublished\":\"2021-09-01T09:35:28+00:00\",\"dateModified\":\"2021-09-01T09:35:29+00:00\",\"breadcrumb\":{\"@id\":\"https:\\\/\\\/radioljubuski.ba\\\/index.php\\\/2021\\\/09\\\/01\\\/obiljezavanje-30-godisnjice-ustrojavanja-120-brigade-hv-a-ban-toma-bakac\\\/#breadcrumb\"},\"inLanguage\":\"hr\",\"potentialAction\":[{\"@type\":\"ReadAction\",\"target\":[\"https:\\\/\\\/radioljubuski.ba\\\/index.php\\\/2021\\\/09\\\/01\\\/obiljezavanje-30-godisnjice-ustrojavanja-120-brigade-hv-a-ban-toma-bakac\\\/\"]}]},{\"@type\":\"ImageObject\",\"inLanguage\":\"hr\",\"@id\":\"https:\\\/\\\/radioljubuski.ba\\\/index.php\\\/2021\\\/09\\\/01\\\/obiljezavanje-30-godisnjice-ustrojavanja-120-brigade-hv-a-ban-toma-bakac\\\/#primaryimage\",\"url\":\"https:\\\/\\\/radioljubuski.ba\\\/wp-content\\\/uploads\\\/2021\\\/09\\\/t-milanovic-si-vijenac-web-20210901083703.jpg\",\"contentUrl\":\"https:\\\/\\\/radioljubuski.ba\\\/wp-content\\\/uploads\\\/2021\\\/09\\\/t-milanovic-si-vijenac-web-20210901083703.jpg\",\"width\":1280,\"height\":720},{\"@type\":\"BreadcrumbList\",\"@id\":\"https:\\\/\\\/radioljubuski.ba\\\/index.php\\\/2021\\\/09\\\/01\\\/obiljezavanje-30-godisnjice-ustrojavanja-120-brigade-hv-a-ban-toma-bakac\\\/#breadcrumb\",\"itemListElement\":[{\"@type\":\"ListItem\",\"position\":1,\"name\":\"Po\u010detna stranica\",\"item\":\"https:\\\/\\\/radioljubuski.ba\\\/\"},{\"@type\":\"ListItem\",\"position\":2,\"name\":\"Obilje\u017eavanje 30. godi\u0161njice ustrojavanja 120. brigade HV-a &#8220;Ban Toma Baka\u010d&#8221;\"}]},{\"@type\":\"WebSite\",\"@id\":\"https:\\\/\\\/radioljubuski.ba\\\/#website\",\"url\":\"https:\\\/\\\/radioljubuski.ba\\\/\",\"name\":\"Radio Ljubu\u0161ki\",\"description\":\"Sun\u010dana frekvencija Hercegovine\",\"publisher\":{\"@id\":\"https:\\\/\\\/radioljubuski.ba\\\/#organization\"},\"potentialAction\":[{\"@type\":\"SearchAction\",\"target\":{\"@type\":\"EntryPoint\",\"urlTemplate\":\"https:\\\/\\\/radioljubuski.ba\\\/?s={search_term_string}\"},\"query-input\":{\"@type\":\"PropertyValueSpecification\",\"valueRequired\":true,\"valueName\":\"search_term_string\"}}],\"inLanguage\":\"hr\"},{\"@type\":\"Organization\",\"@id\":\"https:\\\/\\\/radioljubuski.ba\\\/#organization\",\"name\":\"Radio Ljubu\u0161ki\",\"url\":\"https:\\\/\\\/radioljubuski.ba\\\/\",\"logo\":{\"@type\":\"ImageObject\",\"inLanguage\":\"hr\",\"@id\":\"https:\\\/\\\/radioljubuski.ba\\\/#\\\/schema\\\/logo\\\/image\\\/\",\"url\":\"https:\\\/\\\/radioljubuski.ba\\\/wp-content\\\/uploads\\\/2021\\\/02\\\/cropped-Radio_Ljubuski_logo1.jpg\",\"contentUrl\":\"https:\\\/\\\/radioljubuski.ba\\\/wp-content\\\/uploads\\\/2021\\\/02\\\/cropped-Radio_Ljubuski_logo1.jpg\",\"width\":512,\"height\":512,\"caption\":\"Radio Ljubu\u0161ki\"},\"image\":{\"@id\":\"https:\\\/\\\/radioljubuski.ba\\\/#\\\/schema\\\/logo\\\/image\\\/\"},\"sameAs\":[\"https:\\\/\\\/www.facebook.com\\\/Radiio-Ljubuski-1490835324566332\",\"https:\\\/\\\/x.com\\\/radioljubuski\",\"https:\\\/\\\/hr.linkedin.com\\\/company\\\/radio-ljubuski\",\"https:\\\/\\\/www.youtube.com\\\/channel\\\/UCHYaeO_n0Db3tjNGudGpXyw\"]},{\"@type\":\"Person\",\"@id\":\"https:\\\/\\\/radioljubuski.ba\\\/#\\\/schema\\\/person\\\/19fc700381a780f69665d7956c469e3b\",\"name\":\"Radio Ljubu\u0161ki\"}]}<\/script>\n<!-- \/ Yoast SEO plugin. -->","yoast_head_json":{"title":"Obilje\u017eavanje 30. godi\u0161njice ustrojavanja 120. brigade HV-a \"Ban Toma Baka\u010d\" - RADIO LJUBU\u0160KI","robots":{"index":"index","follow":"follow","max-snippet":"max-snippet:-1","max-image-preview":"max-image-preview:large","max-video-preview":"max-video-preview:-1"},"canonical":"https:\/\/radioljubuski.ba\/index.php\/2021\/09\/01\/obiljezavanje-30-godisnjice-ustrojavanja-120-brigade-hv-a-ban-toma-bakac\/","og_locale":"hr_HR","og_type":"article","og_title":"Obilje\u017eavanje 30. godi\u0161njice ustrojavanja 120. brigade HV-a \"Ban Toma Baka\u010d\" - RADIO LJUBU\u0160KI","og_description":"Predsjednik Republike Zoran Milanovi\u0107 u Sisku&nbsp;sudjeluje na obilje\u017eavanju 30. godi\u0161njice ustrojavanja 120. brigade Hrvatske vojske &#8220;Ban Toma Baka\u010d&#8221;. Predvi\u0111eno je prigodno obra\u0107anje Predsjednika Republike. Predsjednik je prije toga polo\u017eio vijenac i zapalio svije\u0107u u spomen na poginule hrvatske branitelje kod Sredi\u0161njeg kri\u017ea na Gradskom groblju Viktorovcu. Pozdravni govor odr\u017eao je Davorko Vidovi\u0107, pomo\u0107nik zapovjednika za [&hellip;]","og_url":"https:\/\/radioljubuski.ba\/index.php\/2021\/09\/01\/obiljezavanje-30-godisnjice-ustrojavanja-120-brigade-hv-a-ban-toma-bakac\/","og_site_name":"RADIO LJUBU\u0160KI","article_publisher":"https:\/\/www.facebook.com\/Radiio-Ljubuski-1490835324566332","article_published_time":"2021-09-01T09:35:28+00:00","article_modified_time":"2021-09-01T09:35:29+00:00","og_image":[{"width":1280,"height":720,"url":"https:\/\/radioljubuski.ba\/wp-content\/uploads\/2021\/09\/t-milanovic-si-vijenac-web-20210901083703.jpg","type":"image\/jpeg"}],"author":"Radio Ljubu\u0161ki","twitter_card":"summary_large_image","twitter_creator":"@radioljubuski","twitter_site":"@radioljubuski","twitter_misc":{"Napisao\/la":"Radio Ljubu\u0161ki","Procijenjeno vrijeme \u010ditanja":"1 minuta"},"schema":{"@context":"https:\/\/schema.org","@graph":[{"@type":"Article","@id":"https:\/\/radioljubuski.ba\/index.php\/2021\/09\/01\/obiljezavanje-30-godisnjice-ustrojavanja-120-brigade-hv-a-ban-toma-bakac\/#article","isPartOf":{"@id":"https:\/\/radioljubuski.ba\/index.php\/2021\/09\/01\/obiljezavanje-30-godisnjice-ustrojavanja-120-brigade-hv-a-ban-toma-bakac\/"},"author":{"name":"Radio Ljubu\u0161ki","@id":"https:\/\/radioljubuski.ba\/#\/schema\/person\/19fc700381a780f69665d7956c469e3b"},"headline":"Obilje\u017eavanje 30. godi\u0161njice ustrojavanja 120. brigade HV-a &#8220;Ban Toma Baka\u010d&#8221;","datePublished":"2021-09-01T09:35:28+00:00","dateModified":"2021-09-01T09:35:29+00:00","mainEntityOfPage":{"@id":"https:\/\/radioljubuski.ba\/index.php\/2021\/09\/01\/obiljezavanje-30-godisnjice-ustrojavanja-120-brigade-hv-a-ban-toma-bakac\/"},"wordCount":158,"publisher":{"@id":"https:\/\/radioljubuski.ba\/#organization"},"image":{"@id":"https:\/\/radioljubuski.ba\/index.php\/2021\/09\/01\/obiljezavanje-30-godisnjice-ustrojavanja-120-brigade-hv-a-ban-toma-bakac\/#primaryimage"},"thumbnailUrl":"https:\/\/radioljubuski.ba\/wp-content\/uploads\/2021\/09\/t-milanovic-si-vijenac-web-20210901083703.jpg","articleSection":["BIH i regija"],"inLanguage":"hr"},{"@type":"WebPage","@id":"https:\/\/radioljubuski.ba\/index.php\/2021\/09\/01\/obiljezavanje-30-godisnjice-ustrojavanja-120-brigade-hv-a-ban-toma-bakac\/","url":"https:\/\/radioljubuski.ba\/index.php\/2021\/09\/01\/obiljezavanje-30-godisnjice-ustrojavanja-120-brigade-hv-a-ban-toma-bakac\/","name":"Obilje\u017eavanje 30. godi\u0161njice ustrojavanja 120. brigade HV-a \"Ban Toma Baka\u010d\" - RADIO LJUBU\u0160KI","isPartOf":{"@id":"https:\/\/radioljubuski.ba\/#website"},"primaryImageOfPage":{"@id":"https:\/\/radioljubuski.ba\/index.php\/2021\/09\/01\/obiljezavanje-30-godisnjice-ustrojavanja-120-brigade-hv-a-ban-toma-bakac\/#primaryimage"},"image":{"@id":"https:\/\/radioljubuski.ba\/index.php\/2021\/09\/01\/obiljezavanje-30-godisnjice-ustrojavanja-120-brigade-hv-a-ban-toma-bakac\/#primaryimage"},"thumbnailUrl":"https:\/\/radioljubuski.ba\/wp-content\/uploads\/2021\/09\/t-milanovic-si-vijenac-web-20210901083703.jpg","datePublished":"2021-09-01T09:35:28+00:00","dateModified":"2021-09-01T09:35:29+00:00","breadcrumb":{"@id":"https:\/\/radioljubuski.ba\/index.php\/2021\/09\/01\/obiljezavanje-30-godisnjice-ustrojavanja-120-brigade-hv-a-ban-toma-bakac\/#breadcrumb"},"inLanguage":"hr","potentialAction":[{"@type":"ReadAction","target":["https:\/\/radioljubuski.ba\/index.php\/2021\/09\/01\/obiljezavanje-30-godisnjice-ustrojavanja-120-brigade-hv-a-ban-toma-bakac\/"]}]},{"@type":"ImageObject","inLanguage":"hr","@id":"https:\/\/radioljubuski.ba\/index.php\/2021\/09\/01\/obiljezavanje-30-godisnjice-ustrojavanja-120-brigade-hv-a-ban-toma-bakac\/#primaryimage","url":"https:\/\/radioljubuski.ba\/wp-content\/uploads\/2021\/09\/t-milanovic-si-vijenac-web-20210901083703.jpg","contentUrl":"https:\/\/radioljubuski.ba\/wp-content\/uploads\/2021\/09\/t-milanovic-si-vijenac-web-20210901083703.jpg","width":1280,"height":720},{"@type":"BreadcrumbList","@id":"https:\/\/radioljubuski.ba\/index.php\/2021\/09\/01\/obiljezavanje-30-godisnjice-ustrojavanja-120-brigade-hv-a-ban-toma-bakac\/#breadcrumb","itemListElement":[{"@type":"ListItem","position":1,"name":"Po\u010detna stranica","item":"https:\/\/radioljubuski.ba\/"},{"@type":"ListItem","position":2,"name":"Obilje\u017eavanje 30. godi\u0161njice ustrojavanja 120. brigade HV-a &#8220;Ban Toma Baka\u010d&#8221;"}]},{"@type":"WebSite","@id":"https:\/\/radioljubuski.ba\/#website","url":"https:\/\/radioljubuski.ba\/","name":"Radio Ljubu\u0161ki","description":"Sun\u010dana frekvencija Hercegovine","publisher":{"@id":"https:\/\/radioljubuski.ba\/#organization"},"potentialAction":[{"@type":"SearchAction","target":{"@type":"EntryPoint","urlTemplate":"https:\/\/radioljubuski.ba\/?s={search_term_string}"},"query-input":{"@type":"PropertyValueSpecification","valueRequired":true,"valueName":"search_term_string"}}],"inLanguage":"hr"},{"@type":"Organization","@id":"https:\/\/radioljubuski.ba\/#organization","name":"Radio Ljubu\u0161ki","url":"https:\/\/radioljubuski.ba\/","logo":{"@type":"ImageObject","inLanguage":"hr","@id":"https:\/\/radioljubuski.ba\/#\/schema\/logo\/image\/","url":"https:\/\/radioljubuski.ba\/wp-content\/uploads\/2021\/02\/cropped-Radio_Ljubuski_logo1.jpg","contentUrl":"https:\/\/radioljubuski.ba\/wp-content\/uploads\/2021\/02\/cropped-Radio_Ljubuski_logo1.jpg","width":512,"height":512,"caption":"Radio Ljubu\u0161ki"},"image":{"@id":"https:\/\/radioljubuski.ba\/#\/schema\/logo\/image\/"},"sameAs":["https:\/\/www.facebook.com\/Radiio-Ljubuski-1490835324566332","https:\/\/x.com\/radioljubuski","https:\/\/hr.linkedin.com\/company\/radio-ljubuski","https:\/\/www.youtube.com\/channel\/UCHYaeO_n0Db3tjNGudGpXyw"]},{"@type":"Person","@id":"https:\/\/radioljubuski.ba\/#\/schema\/person\/19fc700381a780f69665d7956c469e3b","name":"Radio Ljubu\u0161ki"}]}},"_links":{"self":[{"href":"https:\/\/radioljubuski.ba\/index.php\/wp-json\/wp\/v2\/posts\/59795","targetHints":{"allow":["GET"]}}],"collection":[{"href":"https:\/\/radioljubuski.ba\/index.php\/wp-json\/wp\/v2\/posts"}],"about":[{"href":"https:\/\/radioljubuski.ba\/index.php\/wp-json\/wp\/v2\/types\/post"}],"author":[{"embeddable":true,"href":"https:\/\/radioljubuski.ba\/index.php\/wp-json\/wp\/v2\/users\/2"}],"replies":[{"embeddable":true,"href":"https:\/\/radioljubuski.ba\/index.php\/wp-json\/wp\/v2\/comments?post=59795"}],"version-history":[{"count":1,"href":"https:\/\/radioljubuski.ba\/index.php\/wp-json\/wp\/v2\/posts\/59795\/revisions"}],"predecessor-version":[{"id":59797,"href":"https:\/\/radioljubuski.ba\/index.php\/wp-json\/wp\/v2\/posts\/59795\/revisions\/59797"}],"wp:featuredmedia":[{"embeddable":true,"href":"https:\/\/radioljubuski.ba\/index.php\/wp-json\/wp\/v2\/media\/59796"}],"wp:attachment":[{"href":"https:\/\/radioljubuski.ba\/index.php\/wp-json\/wp\/v2\/media?parent=59795"}],"wp:term":[{"taxonomy":"category","embeddable":true,"href":"https:\/\/radioljubuski.ba\/index.php\/wp-json\/wp\/v2\/categories?post=59795"},{"taxonomy":"post_tag","embeddable":true,"href":"https:\/\/radioljubuski.ba\/index.php\/wp-json\/wp\/v2\/tags?post=59795"}],"curies":[{"name":"wp","href":"https:\/\/api.w.org\/{rel}","templated":true}]}}