{"id":59801,"date":"2021-09-01T10:44:24","date_gmt":"2021-09-01T09:44:24","guid":{"rendered":"https:\/\/radioljubuski.ba\/?p=59801"},"modified":"2021-09-01T10:44:24","modified_gmt":"2021-09-01T09:44:24","slug":"clanice-eu-a-sve-vise-jacaju-kontrolu-granica-grade-se-ograde-s-bodljikavom-zicom","status":"publish","type":"post","link":"https:\/\/radioljubuski.ba\/index.php\/2021\/09\/01\/clanice-eu-a-sve-vise-jacaju-kontrolu-granica-grade-se-ograde-s-bodljikavom-zicom\/","title":{"rendered":"\u010clanice EU-a sve vi\u0161e ja\u010daju kontrolu granica, grade se ograde s bodljikavom \u017eicom"},"content":{"rendered":"\n<p>Kako se situacija u Afganistanu pogor\u0161ava nakon \u0161to su talibani preuzeli vlast, dr\u017eave \u010dlanice EU-a pripremaju se za mogu\u0107i novi val migranata koji \u0107e poku\u0161ati u\u0107i na njihov teritorij.<\/p>\n\n\n\n<p>Od velikog priljeva migranata iz Sirije 2015., du\u017e granica nekih dr\u017eava \u010dlanica EU-a podignute su ograde s bodljikavom \u017eicom kako bi se sprije\u010dio njihov dolazak unato\u010d pravu na azil zajam\u010denom me\u0111unarodnim pravom.<\/p>\n\n\n\n<p>Po istra\u017eivanju koje je provela njema\u010dka novinska agencija dpa, vi\u0161e od polovice dr\u017eava \u010dlanica do sada je podignulo fizi\u010dke barijere na granicama kako bi osigurale svoj teritorij.<\/p>\n\n\n\n<p>Budu\u0107i da \u0107e iz Afganistana vjerojatno sti\u0107i jo\u0161 ljudi, i to putem novih ruta poput Bjelorusije, mnoge \u010dlanice obe\u0107avaju da \u0107e dodatno oja\u010dati postoje\u0107e ograde i zidove.<\/p>\n\n\n\n<p>POLJSKA<\/p>\n\n\n\n<p>Pro\u0161li tjedan u Poljskoj su po\u010deli radovi na izgradnji ograde na granici s Bjelorusijom dugoj 400 kilometara kako bi se sprije\u010dili ilegalni prelasci granice. Ograda \u0107e biti duga 190 kilometara, uz 130 koliko je ve\u0107 za\u0161ti\u0107eno bodljikavom \u017eicom. Gotovo 1500 vojnika trenuta\u010dno poma\u017ee za\u0161tititi granicu, a bit \u0107e ih raspore\u0111eno jo\u0161 500.<\/p>\n\n\n\n<p>MA\u0110ARSKA<\/p>\n\n\n\n<p>Ograda s jako o\u0161trom bodljikavom \u017eicom prote\u017ee se du\u017e cijele ma\u0111arske granice sa Srbijom. Projekt desni\u010darskog premijera Viktora Orbana, opremljen dronovima i termografskim kamerama, ko\u0161tao je gotovo 1,5 milijardi eura i sagra\u0111en je u rujnu 2015. Jeftinija verzija s bodljikavom \u017eicom podignuta je na granici s Hrvatskom.<\/p>\n\n\n\n<p>AUSTRIJA<\/p>\n\n\n\n<p>Austrija je sagradila ogradu dugu 4,4 kilometra na granici sa Slovenijom 2015. Ograda, koja je dijelom uklonjena kako bi mogli prolaziti izletnici, presjekla je \u0161engensku zonu u kojoj je putovanje dopu\u0161teno bez provjera na granici.<\/p>\n\n\n\n<p>SLOVENIJA<\/p>\n\n\n\n<p>Gotovo polovica od 500 kilometara duge granice s Hrvatskom pokrivena je ogradom s bodljikavom \u017eicom. Hrvatska je \u010dlanica EU-a, ali nije u Schengenu i nalazi se na balkanskoj ruti prema srednjoj Europi.<\/p>\n\n\n\n<p>GR\u010cKA<\/p>\n\n\n\n<p>Gr\u010dka vlada nastoji sprije\u010diti migrante da prelaze vanjsku granicu EU-a s Turskom du\u017e rijeke Marice, podigav\u0161i 27 kilometara ograda na plitkim dijelovima, uz 11 kilometara postoje\u0107ih barijera. Ograde nadgledaju termografske kamere, dronovi i Frontexov aerostat. Bodljikava \u017eica postavljena je i na grani\u010dnom trokutu izme\u0111u Bugarske i Turske kako bi se sprije\u010dilo krijum\u010darenje ljudi, a podignuta je i 34 kilometara duga ograda du\u017e granice sa Sjevernom Makedonijom.<\/p>\n\n\n\n<p>CIPAR<\/p>\n\n\n\n<p>Vlada ju\u017enog Cipra sagradila je ogradu s bodljikavom \u017eicom koja prolazi kroz podijeljeni glavni grad Nikoziju. Trebala bi sprije\u010diti dolazak migranata u EU iz Turske preko samozvane Turske Republike Sjeverni Cipar.<\/p>\n\n\n\n<p>BUGARSKA<\/p>\n\n\n\n<p>Bugarska je od 2017. du\u017e cijele granice s Turskom duge 259 kilometara podignula ogradu s bodljikavom \u017eicom i termografskim kamerama. Zbog krize u Afganistanu, vlada je zapovjedila vojsci da poma\u017ee u kontroli granica.<\/p>\n\n\n\n<p>LITVA<\/p>\n\n\n\n<p>Vilnius je objavio da gradi ogradu du\u017e granice s Bjelorusijom dugom 508 kilometara kako bi sprije\u010dio ilegalne prelaske po\u0161to Minsk dopu\u0161ta sve ve\u0107em broju ljudi da prelaze u EU kao odgovor na europske sankcije. Ograda \u0107e biti zavr\u0161ena 2022. Barijere ve\u0107 postoje du\u017e granice s ruskom enklavom Kalinjingradom, koje su podignute u trenutku ja\u010danja napetosti s Rusijom 2017.<\/p>\n\n\n\n<p>LATVIJA<\/p>\n\n\n\n<p>Riga je tako\u0111er pod pritiskom da za\u0161titi svoje granice od migranata koji dolaze preko Bjelorusije pa je rasporedila bodljikavu \u017eicu du\u017e 37 kilometara granice izme\u0111u dviju zemalja. Latvija tako\u0111er gradi ograde du\u017e ruske granice premda jo\u0161 nisu zavr\u0161ene.<\/p>\n\n\n\n<p>ESTONIJA<\/p>\n\n\n\n<p>Tallinn gradi 115 kilometara dugu ogradu du\u017e granice s Rusijom, a radovi bi trebali biti zavr\u0161eni do 2026., rekao je ministar unutarnjih poslova Kristian Jaani.<\/p>\n\n\n\n<p><br>NORVE\u0160KA<\/p>\n\n\n\n<p>Norve\u0161ka je podigla ograde na granici s Rusijom nakon \u0161to su 2015. brojni migranti u\u0161li u zemlju biciklom.<\/p>\n\n\n\n<p>FRANCUSKA<\/p>\n\n\n\n<p>Britanska vlada ulo\u017eila je milijune u izgradnju zidova i ograda kod francuskog lu\u010dkog grada Calaisa kako bi sprije\u010dila migrante da prelaze u Britaniju. London i Pariz nedavno su se dogovorili da \u0107e dodatno poja\u010dati kontrolu granica.<\/p>\n\n\n\n<p>\u0160PANJOLSKA&nbsp;<\/p>\n\n\n\n<p>\u0160panjolska vlada je 1990-ih podigla ograde oko sjevernih afri\u010dkih enklava Ceute i Melille koje ih dijele od Maroka. Barijere, koje su duge osam odnosno 12 kilometara, postupno su poja\u010dane. Sada su visoke deset metara, sastoje se od dvije paralelne ograde s mre\u017eom \u010deli\u010dnih kablova koje nadziru termografske kamere.<\/p>\n\n\n\n<p>Izvor:pogled.ba<\/p>\n","protected":false},"excerpt":{"rendered":"<p>Kako se situacija u Afganistanu pogor\u0161ava nakon \u0161to su talibani preuzeli vlast, dr\u017eave \u010dlanice EU-a pripremaju se za mogu\u0107i novi val migranata koji \u0107e poku\u0161ati u\u0107i na njihov teritorij. Od velikog priljeva migranata iz Sirije 2015., du\u017e granica nekih dr\u017eava \u010dlanica EU-a podignute su ograde s bodljikavom \u017eicom kako bi se sprije\u010dio njihov dolazak unato\u010d [&hellip;]<\/p>\n","protected":false},"author":2,"featured_media":59802,"comment_status":"closed","ping_status":"closed","sticky":false,"template":"","format":"standard","meta":{"h5ap_radio_sources":[],"footnotes":""},"categories":[1],"tags":[],"class_list":["post-59801","post","type-post","status-publish","format-standard","has-post-thumbnail","hentry","category-bihiregija"],"yoast_head":"<!-- This site is optimized with the Yoast SEO plugin v27.5 - https:\/\/yoast.com\/product\/yoast-seo-wordpress\/ -->\n<title>\u010clanice EU-a sve vi\u0161e ja\u010daju kontrolu granica, grade se ograde s bodljikavom \u017eicom - RADIO LJUBU\u0160KI<\/title>\n<meta name=\"robots\" content=\"index, follow, max-snippet:-1, max-image-preview:large, max-video-preview:-1\" \/>\n<link rel=\"canonical\" href=\"https:\/\/radioljubuski.ba\/index.php\/2021\/09\/01\/clanice-eu-a-sve-vise-jacaju-kontrolu-granica-grade-se-ograde-s-bodljikavom-zicom\/\" \/>\n<meta property=\"og:locale\" content=\"hr_HR\" \/>\n<meta property=\"og:type\" content=\"article\" \/>\n<meta property=\"og:title\" content=\"\u010clanice EU-a sve vi\u0161e ja\u010daju kontrolu granica, grade se ograde s bodljikavom \u017eicom - RADIO LJUBU\u0160KI\" \/>\n<meta property=\"og:description\" content=\"Kako se situacija u Afganistanu pogor\u0161ava nakon \u0161to su talibani preuzeli vlast, dr\u017eave \u010dlanice EU-a pripremaju se za mogu\u0107i novi val migranata koji \u0107e poku\u0161ati u\u0107i na njihov teritorij. Od velikog priljeva migranata iz Sirije 2015., du\u017e granica nekih dr\u017eava \u010dlanica EU-a podignute su ograde s bodljikavom \u017eicom kako bi se sprije\u010dio njihov dolazak unato\u010d [&hellip;]\" \/>\n<meta property=\"og:url\" content=\"https:\/\/radioljubuski.ba\/index.php\/2021\/09\/01\/clanice-eu-a-sve-vise-jacaju-kontrolu-granica-grade-se-ograde-s-bodljikavom-zicom\/\" \/>\n<meta property=\"og:site_name\" content=\"RADIO LJUBU\u0160KI\" \/>\n<meta property=\"article:publisher\" content=\"https:\/\/www.facebook.com\/Radiio-Ljubuski-1490835324566332\" \/>\n<meta property=\"article:published_time\" content=\"2021-09-01T09:44:24+00:00\" \/>\n<meta property=\"og:image\" content=\"https:\/\/radioljubuski.ba\/wp-content\/uploads\/2021\/09\/VM1Cy0tb_migranti.jpg\" \/>\n\t<meta property=\"og:image:width\" content=\"1000\" \/>\n\t<meta property=\"og:image:height\" content=\"625\" \/>\n\t<meta property=\"og:image:type\" content=\"image\/jpeg\" \/>\n<meta name=\"author\" content=\"Radio Ljubu\u0161ki\" \/>\n<meta name=\"twitter:card\" content=\"summary_large_image\" \/>\n<meta name=\"twitter:creator\" content=\"@radioljubuski\" \/>\n<meta name=\"twitter:site\" content=\"@radioljubuski\" \/>\n<meta name=\"twitter:label1\" content=\"Napisao\/la\" \/>\n\t<meta name=\"twitter:data1\" content=\"Radio Ljubu\u0161ki\" \/>\n\t<meta name=\"twitter:label2\" content=\"Procijenjeno vrijeme \u010ditanja\" \/>\n\t<meta name=\"twitter:data2\" content=\"3 minute\" \/>\n<script type=\"application\/ld+json\" class=\"yoast-schema-graph\">{\"@context\":\"https:\\\/\\\/schema.org\",\"@graph\":[{\"@type\":\"Article\",\"@id\":\"https:\\\/\\\/radioljubuski.ba\\\/index.php\\\/2021\\\/09\\\/01\\\/clanice-eu-a-sve-vise-jacaju-kontrolu-granica-grade-se-ograde-s-bodljikavom-zicom\\\/#article\",\"isPartOf\":{\"@id\":\"https:\\\/\\\/radioljubuski.ba\\\/index.php\\\/2021\\\/09\\\/01\\\/clanice-eu-a-sve-vise-jacaju-kontrolu-granica-grade-se-ograde-s-bodljikavom-zicom\\\/\"},\"author\":{\"name\":\"Radio Ljubu\u0161ki\",\"@id\":\"https:\\\/\\\/radioljubuski.ba\\\/#\\\/schema\\\/person\\\/19fc700381a780f69665d7956c469e3b\"},\"headline\":\"\u010clanice EU-a sve vi\u0161e ja\u010daju kontrolu granica, grade se ograde s bodljikavom \u017eicom\",\"datePublished\":\"2021-09-01T09:44:24+00:00\",\"mainEntityOfPage\":{\"@id\":\"https:\\\/\\\/radioljubuski.ba\\\/index.php\\\/2021\\\/09\\\/01\\\/clanice-eu-a-sve-vise-jacaju-kontrolu-granica-grade-se-ograde-s-bodljikavom-zicom\\\/\"},\"wordCount\":713,\"publisher\":{\"@id\":\"https:\\\/\\\/radioljubuski.ba\\\/#organization\"},\"image\":{\"@id\":\"https:\\\/\\\/radioljubuski.ba\\\/index.php\\\/2021\\\/09\\\/01\\\/clanice-eu-a-sve-vise-jacaju-kontrolu-granica-grade-se-ograde-s-bodljikavom-zicom\\\/#primaryimage\"},\"thumbnailUrl\":\"https:\\\/\\\/radioljubuski.ba\\\/wp-content\\\/uploads\\\/2021\\\/09\\\/VM1Cy0tb_migranti.jpg\",\"articleSection\":[\"BIH i regija\"],\"inLanguage\":\"hr\"},{\"@type\":\"WebPage\",\"@id\":\"https:\\\/\\\/radioljubuski.ba\\\/index.php\\\/2021\\\/09\\\/01\\\/clanice-eu-a-sve-vise-jacaju-kontrolu-granica-grade-se-ograde-s-bodljikavom-zicom\\\/\",\"url\":\"https:\\\/\\\/radioljubuski.ba\\\/index.php\\\/2021\\\/09\\\/01\\\/clanice-eu-a-sve-vise-jacaju-kontrolu-granica-grade-se-ograde-s-bodljikavom-zicom\\\/\",\"name\":\"\u010clanice EU-a sve vi\u0161e ja\u010daju kontrolu granica, grade se ograde s bodljikavom \u017eicom - RADIO LJUBU\u0160KI\",\"isPartOf\":{\"@id\":\"https:\\\/\\\/radioljubuski.ba\\\/#website\"},\"primaryImageOfPage\":{\"@id\":\"https:\\\/\\\/radioljubuski.ba\\\/index.php\\\/2021\\\/09\\\/01\\\/clanice-eu-a-sve-vise-jacaju-kontrolu-granica-grade-se-ograde-s-bodljikavom-zicom\\\/#primaryimage\"},\"image\":{\"@id\":\"https:\\\/\\\/radioljubuski.ba\\\/index.php\\\/2021\\\/09\\\/01\\\/clanice-eu-a-sve-vise-jacaju-kontrolu-granica-grade-se-ograde-s-bodljikavom-zicom\\\/#primaryimage\"},\"thumbnailUrl\":\"https:\\\/\\\/radioljubuski.ba\\\/wp-content\\\/uploads\\\/2021\\\/09\\\/VM1Cy0tb_migranti.jpg\",\"datePublished\":\"2021-09-01T09:44:24+00:00\",\"breadcrumb\":{\"@id\":\"https:\\\/\\\/radioljubuski.ba\\\/index.php\\\/2021\\\/09\\\/01\\\/clanice-eu-a-sve-vise-jacaju-kontrolu-granica-grade-se-ograde-s-bodljikavom-zicom\\\/#breadcrumb\"},\"inLanguage\":\"hr\",\"potentialAction\":[{\"@type\":\"ReadAction\",\"target\":[\"https:\\\/\\\/radioljubuski.ba\\\/index.php\\\/2021\\\/09\\\/01\\\/clanice-eu-a-sve-vise-jacaju-kontrolu-granica-grade-se-ograde-s-bodljikavom-zicom\\\/\"]}]},{\"@type\":\"ImageObject\",\"inLanguage\":\"hr\",\"@id\":\"https:\\\/\\\/radioljubuski.ba\\\/index.php\\\/2021\\\/09\\\/01\\\/clanice-eu-a-sve-vise-jacaju-kontrolu-granica-grade-se-ograde-s-bodljikavom-zicom\\\/#primaryimage\",\"url\":\"https:\\\/\\\/radioljubuski.ba\\\/wp-content\\\/uploads\\\/2021\\\/09\\\/VM1Cy0tb_migranti.jpg\",\"contentUrl\":\"https:\\\/\\\/radioljubuski.ba\\\/wp-content\\\/uploads\\\/2021\\\/09\\\/VM1Cy0tb_migranti.jpg\",\"width\":1000,\"height\":625},{\"@type\":\"BreadcrumbList\",\"@id\":\"https:\\\/\\\/radioljubuski.ba\\\/index.php\\\/2021\\\/09\\\/01\\\/clanice-eu-a-sve-vise-jacaju-kontrolu-granica-grade-se-ograde-s-bodljikavom-zicom\\\/#breadcrumb\",\"itemListElement\":[{\"@type\":\"ListItem\",\"position\":1,\"name\":\"Po\u010detna stranica\",\"item\":\"https:\\\/\\\/radioljubuski.ba\\\/\"},{\"@type\":\"ListItem\",\"position\":2,\"name\":\"\u010clanice EU-a sve vi\u0161e ja\u010daju kontrolu granica, grade se ograde s bodljikavom \u017eicom\"}]},{\"@type\":\"WebSite\",\"@id\":\"https:\\\/\\\/radioljubuski.ba\\\/#website\",\"url\":\"https:\\\/\\\/radioljubuski.ba\\\/\",\"name\":\"Radio Ljubu\u0161ki\",\"description\":\"Sun\u010dana frekvencija Hercegovine\",\"publisher\":{\"@id\":\"https:\\\/\\\/radioljubuski.ba\\\/#organization\"},\"potentialAction\":[{\"@type\":\"SearchAction\",\"target\":{\"@type\":\"EntryPoint\",\"urlTemplate\":\"https:\\\/\\\/radioljubuski.ba\\\/?s={search_term_string}\"},\"query-input\":{\"@type\":\"PropertyValueSpecification\",\"valueRequired\":true,\"valueName\":\"search_term_string\"}}],\"inLanguage\":\"hr\"},{\"@type\":\"Organization\",\"@id\":\"https:\\\/\\\/radioljubuski.ba\\\/#organization\",\"name\":\"Radio Ljubu\u0161ki\",\"url\":\"https:\\\/\\\/radioljubuski.ba\\\/\",\"logo\":{\"@type\":\"ImageObject\",\"inLanguage\":\"hr\",\"@id\":\"https:\\\/\\\/radioljubuski.ba\\\/#\\\/schema\\\/logo\\\/image\\\/\",\"url\":\"https:\\\/\\\/radioljubuski.ba\\\/wp-content\\\/uploads\\\/2021\\\/02\\\/cropped-Radio_Ljubuski_logo1.jpg\",\"contentUrl\":\"https:\\\/\\\/radioljubuski.ba\\\/wp-content\\\/uploads\\\/2021\\\/02\\\/cropped-Radio_Ljubuski_logo1.jpg\",\"width\":512,\"height\":512,\"caption\":\"Radio Ljubu\u0161ki\"},\"image\":{\"@id\":\"https:\\\/\\\/radioljubuski.ba\\\/#\\\/schema\\\/logo\\\/image\\\/\"},\"sameAs\":[\"https:\\\/\\\/www.facebook.com\\\/Radiio-Ljubuski-1490835324566332\",\"https:\\\/\\\/x.com\\\/radioljubuski\",\"https:\\\/\\\/hr.linkedin.com\\\/company\\\/radio-ljubuski\",\"https:\\\/\\\/www.youtube.com\\\/channel\\\/UCHYaeO_n0Db3tjNGudGpXyw\"]},{\"@type\":\"Person\",\"@id\":\"https:\\\/\\\/radioljubuski.ba\\\/#\\\/schema\\\/person\\\/19fc700381a780f69665d7956c469e3b\",\"name\":\"Radio Ljubu\u0161ki\"}]}<\/script>\n<!-- \/ Yoast SEO plugin. -->","yoast_head_json":{"title":"\u010clanice EU-a sve vi\u0161e ja\u010daju kontrolu granica, grade se ograde s bodljikavom \u017eicom - RADIO LJUBU\u0160KI","robots":{"index":"index","follow":"follow","max-snippet":"max-snippet:-1","max-image-preview":"max-image-preview:large","max-video-preview":"max-video-preview:-1"},"canonical":"https:\/\/radioljubuski.ba\/index.php\/2021\/09\/01\/clanice-eu-a-sve-vise-jacaju-kontrolu-granica-grade-se-ograde-s-bodljikavom-zicom\/","og_locale":"hr_HR","og_type":"article","og_title":"\u010clanice EU-a sve vi\u0161e ja\u010daju kontrolu granica, grade se ograde s bodljikavom \u017eicom - RADIO LJUBU\u0160KI","og_description":"Kako se situacija u Afganistanu pogor\u0161ava nakon \u0161to su talibani preuzeli vlast, dr\u017eave \u010dlanice EU-a pripremaju se za mogu\u0107i novi val migranata koji \u0107e poku\u0161ati u\u0107i na njihov teritorij. Od velikog priljeva migranata iz Sirije 2015., du\u017e granica nekih dr\u017eava \u010dlanica EU-a podignute su ograde s bodljikavom \u017eicom kako bi se sprije\u010dio njihov dolazak unato\u010d [&hellip;]","og_url":"https:\/\/radioljubuski.ba\/index.php\/2021\/09\/01\/clanice-eu-a-sve-vise-jacaju-kontrolu-granica-grade-se-ograde-s-bodljikavom-zicom\/","og_site_name":"RADIO LJUBU\u0160KI","article_publisher":"https:\/\/www.facebook.com\/Radiio-Ljubuski-1490835324566332","article_published_time":"2021-09-01T09:44:24+00:00","og_image":[{"width":1000,"height":625,"url":"https:\/\/radioljubuski.ba\/wp-content\/uploads\/2021\/09\/VM1Cy0tb_migranti.jpg","type":"image\/jpeg"}],"author":"Radio Ljubu\u0161ki","twitter_card":"summary_large_image","twitter_creator":"@radioljubuski","twitter_site":"@radioljubuski","twitter_misc":{"Napisao\/la":"Radio Ljubu\u0161ki","Procijenjeno vrijeme \u010ditanja":"3 minute"},"schema":{"@context":"https:\/\/schema.org","@graph":[{"@type":"Article","@id":"https:\/\/radioljubuski.ba\/index.php\/2021\/09\/01\/clanice-eu-a-sve-vise-jacaju-kontrolu-granica-grade-se-ograde-s-bodljikavom-zicom\/#article","isPartOf":{"@id":"https:\/\/radioljubuski.ba\/index.php\/2021\/09\/01\/clanice-eu-a-sve-vise-jacaju-kontrolu-granica-grade-se-ograde-s-bodljikavom-zicom\/"},"author":{"name":"Radio Ljubu\u0161ki","@id":"https:\/\/radioljubuski.ba\/#\/schema\/person\/19fc700381a780f69665d7956c469e3b"},"headline":"\u010clanice EU-a sve vi\u0161e ja\u010daju kontrolu granica, grade se ograde s bodljikavom \u017eicom","datePublished":"2021-09-01T09:44:24+00:00","mainEntityOfPage":{"@id":"https:\/\/radioljubuski.ba\/index.php\/2021\/09\/01\/clanice-eu-a-sve-vise-jacaju-kontrolu-granica-grade-se-ograde-s-bodljikavom-zicom\/"},"wordCount":713,"publisher":{"@id":"https:\/\/radioljubuski.ba\/#organization"},"image":{"@id":"https:\/\/radioljubuski.ba\/index.php\/2021\/09\/01\/clanice-eu-a-sve-vise-jacaju-kontrolu-granica-grade-se-ograde-s-bodljikavom-zicom\/#primaryimage"},"thumbnailUrl":"https:\/\/radioljubuski.ba\/wp-content\/uploads\/2021\/09\/VM1Cy0tb_migranti.jpg","articleSection":["BIH i regija"],"inLanguage":"hr"},{"@type":"WebPage","@id":"https:\/\/radioljubuski.ba\/index.php\/2021\/09\/01\/clanice-eu-a-sve-vise-jacaju-kontrolu-granica-grade-se-ograde-s-bodljikavom-zicom\/","url":"https:\/\/radioljubuski.ba\/index.php\/2021\/09\/01\/clanice-eu-a-sve-vise-jacaju-kontrolu-granica-grade-se-ograde-s-bodljikavom-zicom\/","name":"\u010clanice EU-a sve vi\u0161e ja\u010daju kontrolu granica, grade se ograde s bodljikavom \u017eicom - RADIO LJUBU\u0160KI","isPartOf":{"@id":"https:\/\/radioljubuski.ba\/#website"},"primaryImageOfPage":{"@id":"https:\/\/radioljubuski.ba\/index.php\/2021\/09\/01\/clanice-eu-a-sve-vise-jacaju-kontrolu-granica-grade-se-ograde-s-bodljikavom-zicom\/#primaryimage"},"image":{"@id":"https:\/\/radioljubuski.ba\/index.php\/2021\/09\/01\/clanice-eu-a-sve-vise-jacaju-kontrolu-granica-grade-se-ograde-s-bodljikavom-zicom\/#primaryimage"},"thumbnailUrl":"https:\/\/radioljubuski.ba\/wp-content\/uploads\/2021\/09\/VM1Cy0tb_migranti.jpg","datePublished":"2021-09-01T09:44:24+00:00","breadcrumb":{"@id":"https:\/\/radioljubuski.ba\/index.php\/2021\/09\/01\/clanice-eu-a-sve-vise-jacaju-kontrolu-granica-grade-se-ograde-s-bodljikavom-zicom\/#breadcrumb"},"inLanguage":"hr","potentialAction":[{"@type":"ReadAction","target":["https:\/\/radioljubuski.ba\/index.php\/2021\/09\/01\/clanice-eu-a-sve-vise-jacaju-kontrolu-granica-grade-se-ograde-s-bodljikavom-zicom\/"]}]},{"@type":"ImageObject","inLanguage":"hr","@id":"https:\/\/radioljubuski.ba\/index.php\/2021\/09\/01\/clanice-eu-a-sve-vise-jacaju-kontrolu-granica-grade-se-ograde-s-bodljikavom-zicom\/#primaryimage","url":"https:\/\/radioljubuski.ba\/wp-content\/uploads\/2021\/09\/VM1Cy0tb_migranti.jpg","contentUrl":"https:\/\/radioljubuski.ba\/wp-content\/uploads\/2021\/09\/VM1Cy0tb_migranti.jpg","width":1000,"height":625},{"@type":"BreadcrumbList","@id":"https:\/\/radioljubuski.ba\/index.php\/2021\/09\/01\/clanice-eu-a-sve-vise-jacaju-kontrolu-granica-grade-se-ograde-s-bodljikavom-zicom\/#breadcrumb","itemListElement":[{"@type":"ListItem","position":1,"name":"Po\u010detna stranica","item":"https:\/\/radioljubuski.ba\/"},{"@type":"ListItem","position":2,"name":"\u010clanice EU-a sve vi\u0161e ja\u010daju kontrolu granica, grade se ograde s bodljikavom \u017eicom"}]},{"@type":"WebSite","@id":"https:\/\/radioljubuski.ba\/#website","url":"https:\/\/radioljubuski.ba\/","name":"Radio Ljubu\u0161ki","description":"Sun\u010dana frekvencija Hercegovine","publisher":{"@id":"https:\/\/radioljubuski.ba\/#organization"},"potentialAction":[{"@type":"SearchAction","target":{"@type":"EntryPoint","urlTemplate":"https:\/\/radioljubuski.ba\/?s={search_term_string}"},"query-input":{"@type":"PropertyValueSpecification","valueRequired":true,"valueName":"search_term_string"}}],"inLanguage":"hr"},{"@type":"Organization","@id":"https:\/\/radioljubuski.ba\/#organization","name":"Radio Ljubu\u0161ki","url":"https:\/\/radioljubuski.ba\/","logo":{"@type":"ImageObject","inLanguage":"hr","@id":"https:\/\/radioljubuski.ba\/#\/schema\/logo\/image\/","url":"https:\/\/radioljubuski.ba\/wp-content\/uploads\/2021\/02\/cropped-Radio_Ljubuski_logo1.jpg","contentUrl":"https:\/\/radioljubuski.ba\/wp-content\/uploads\/2021\/02\/cropped-Radio_Ljubuski_logo1.jpg","width":512,"height":512,"caption":"Radio Ljubu\u0161ki"},"image":{"@id":"https:\/\/radioljubuski.ba\/#\/schema\/logo\/image\/"},"sameAs":["https:\/\/www.facebook.com\/Radiio-Ljubuski-1490835324566332","https:\/\/x.com\/radioljubuski","https:\/\/hr.linkedin.com\/company\/radio-ljubuski","https:\/\/www.youtube.com\/channel\/UCHYaeO_n0Db3tjNGudGpXyw"]},{"@type":"Person","@id":"https:\/\/radioljubuski.ba\/#\/schema\/person\/19fc700381a780f69665d7956c469e3b","name":"Radio Ljubu\u0161ki"}]}},"_links":{"self":[{"href":"https:\/\/radioljubuski.ba\/index.php\/wp-json\/wp\/v2\/posts\/59801","targetHints":{"allow":["GET"]}}],"collection":[{"href":"https:\/\/radioljubuski.ba\/index.php\/wp-json\/wp\/v2\/posts"}],"about":[{"href":"https:\/\/radioljubuski.ba\/index.php\/wp-json\/wp\/v2\/types\/post"}],"author":[{"embeddable":true,"href":"https:\/\/radioljubuski.ba\/index.php\/wp-json\/wp\/v2\/users\/2"}],"replies":[{"embeddable":true,"href":"https:\/\/radioljubuski.ba\/index.php\/wp-json\/wp\/v2\/comments?post=59801"}],"version-history":[{"count":1,"href":"https:\/\/radioljubuski.ba\/index.php\/wp-json\/wp\/v2\/posts\/59801\/revisions"}],"predecessor-version":[{"id":59803,"href":"https:\/\/radioljubuski.ba\/index.php\/wp-json\/wp\/v2\/posts\/59801\/revisions\/59803"}],"wp:featuredmedia":[{"embeddable":true,"href":"https:\/\/radioljubuski.ba\/index.php\/wp-json\/wp\/v2\/media\/59802"}],"wp:attachment":[{"href":"https:\/\/radioljubuski.ba\/index.php\/wp-json\/wp\/v2\/media?parent=59801"}],"wp:term":[{"taxonomy":"category","embeddable":true,"href":"https:\/\/radioljubuski.ba\/index.php\/wp-json\/wp\/v2\/categories?post=59801"},{"taxonomy":"post_tag","embeddable":true,"href":"https:\/\/radioljubuski.ba\/index.php\/wp-json\/wp\/v2\/tags?post=59801"}],"curies":[{"name":"wp","href":"https:\/\/api.w.org\/{rel}","templated":true}]}}