{"id":59807,"date":"2021-09-01T10:46:27","date_gmt":"2021-09-01T09:46:27","guid":{"rendered":"https:\/\/radioljubuski.ba\/?p=59807"},"modified":"2021-09-01T10:46:28","modified_gmt":"2021-09-01T09:46:28","slug":"preminuo-laki-iz-nocne-more","status":"publish","type":"post","link":"https:\/\/radioljubuski.ba\/index.php\/2021\/09\/01\/preminuo-laki-iz-nocne-more\/","title":{"rendered":"Preminuo Laki iz &#8216;No\u0107ne more&#8217;"},"content":{"rendered":"\n<p>U utorak u 20.30 prestalo je kucati srce na\u0161eg dragog Lakija. Po\u010divaj u miru, dragi Laki, napisao je na Facebooku Lakijev prijatelj Jumbo iz popularnog talk-showa.<\/p>\n\n\n\n<p>Nedjeljko Badovinac Jumbo, koji se proslavio produciranjem &#8216;No\u0107ne more&#8217; \u017deljka Malnara potvrdio je za 24sata da je preminuo njegov prijatelj Ivica Lako Laki, koji je igrao u spomenutom showu.&nbsp;<\/p>\n\n\n\n<p>Kako je rekao, Laki je preminuo kod ku\u0107e, a u srijedu je trebao biti u Klini\u010dkom bolni\u010dkom centru Sestre milosrdnice u Zagrebu. Od prijatelja se oprostio i putem svog Facebook profila.&nbsp;<\/p>\n\n\n\n<p>-U utorak u 20.30 prestalo je kucati srce na\u0161eg dragog Lakija. Po\u010divaj u miru, dragi Laki &#8211; napisao je. U komentarima su se od njega oprostili brojni prijatelji, poznanici i fanovi.&nbsp;<\/p>\n\n\n\n<p>Ove godine navr\u0161ava se 29 godina otkako se kultna emisija No\u0107na mora po\u010dela prikazivati na malim ekranima. Od 1992. pa do 2010. mnogi su probdjeli no\u0107i \u010dekaju\u0107i \u0161to \u0107e izvesti \u017deljko Malnar i njegovi gosti.&nbsp;<\/p>\n\n\n\n<p>Prije nekoliko dana Jumbo je pozvao sve da mole za Lakija.&nbsp;<\/p>\n\n\n\n<p>-Laki dragi, dr\u017ei se. Bio je u bolnici i doktor je rekao da mu ni kemoterapija ne mo\u017ee pomo\u0107i. Ba\u0161 me pogodilo. \u017divimo u nadi i molimo za na\u0161eg prijatelja &#8211; dodao je.&nbsp;<\/p>\n\n\n\n<p>Od njega se oprostio i kolega Sead Hasanovi\u0107 Braco.&nbsp;<\/p>\n\n\n\n<p>-Napustio nas na\u0161 Laky. Po\u010divao u miru Bo\u017ejem. Izuzetno dobar i po\u0161ten \u010dovjek. Bok, Laky &#8211; napisao je.&nbsp;<\/p>\n\n\n\n<p>Izvor:pogled.ba<\/p>\n","protected":false},"excerpt":{"rendered":"<p>U utorak u 20.30 prestalo je kucati srce na\u0161eg dragog Lakija. Po\u010divaj u miru, dragi Laki, napisao je na Facebooku Lakijev prijatelj Jumbo iz popularnog talk-showa. Nedjeljko Badovinac Jumbo, koji se proslavio produciranjem &#8216;No\u0107ne more&#8217; \u017deljka Malnara potvrdio je za 24sata da je preminuo njegov prijatelj Ivica Lako Laki, koji je igrao u spomenutom showu.&nbsp; [&hellip;]<\/p>\n","protected":false},"author":2,"featured_media":59808,"comment_status":"closed","ping_status":"closed","sticky":false,"template":"","format":"standard","meta":{"h5ap_radio_sources":[],"footnotes":""},"categories":[1],"tags":[],"class_list":["post-59807","post","type-post","status-publish","format-standard","has-post-thumbnail","hentry","category-bihiregija"],"yoast_head":"<!-- This site is optimized with the Yoast SEO plugin v27.5 - https:\/\/yoast.com\/product\/yoast-seo-wordpress\/ -->\n<title>Preminuo Laki iz &#039;No\u0107ne more&#039; - RADIO LJUBU\u0160KI<\/title>\n<meta name=\"robots\" content=\"index, follow, max-snippet:-1, max-image-preview:large, max-video-preview:-1\" \/>\n<link rel=\"canonical\" href=\"https:\/\/radioljubuski.ba\/index.php\/2021\/09\/01\/preminuo-laki-iz-nocne-more\/\" \/>\n<meta property=\"og:locale\" content=\"hr_HR\" \/>\n<meta property=\"og:type\" content=\"article\" \/>\n<meta property=\"og:title\" content=\"Preminuo Laki iz &#039;No\u0107ne more&#039; - RADIO LJUBU\u0160KI\" \/>\n<meta property=\"og:description\" content=\"U utorak u 20.30 prestalo je kucati srce na\u0161eg dragog Lakija. Po\u010divaj u miru, dragi Laki, napisao je na Facebooku Lakijev prijatelj Jumbo iz popularnog talk-showa. Nedjeljko Badovinac Jumbo, koji se proslavio produciranjem &#8216;No\u0107ne more&#8217; \u017deljka Malnara potvrdio je za 24sata da je preminuo njegov prijatelj Ivica Lako Laki, koji je igrao u spomenutom showu.&nbsp; [&hellip;]\" \/>\n<meta property=\"og:url\" content=\"https:\/\/radioljubuski.ba\/index.php\/2021\/09\/01\/preminuo-laki-iz-nocne-more\/\" \/>\n<meta property=\"og:site_name\" content=\"RADIO LJUBU\u0160KI\" \/>\n<meta property=\"article:publisher\" content=\"https:\/\/www.facebook.com\/Radiio-Ljubuski-1490835324566332\" \/>\n<meta property=\"article:published_time\" content=\"2021-09-01T09:46:27+00:00\" \/>\n<meta property=\"article:modified_time\" content=\"2021-09-01T09:46:28+00:00\" \/>\n<meta property=\"og:image\" content=\"https:\/\/radioljubuski.ba\/wp-content\/uploads\/2021\/09\/2-2021-09-01-08-12-49-laki.jpg\" \/>\n\t<meta property=\"og:image:width\" content=\"1000\" \/>\n\t<meta property=\"og:image:height\" content=\"625\" \/>\n\t<meta property=\"og:image:type\" content=\"image\/jpeg\" \/>\n<meta name=\"author\" content=\"Radio Ljubu\u0161ki\" \/>\n<meta name=\"twitter:card\" content=\"summary_large_image\" \/>\n<meta name=\"twitter:creator\" content=\"@radioljubuski\" \/>\n<meta name=\"twitter:site\" content=\"@radioljubuski\" \/>\n<meta name=\"twitter:label1\" content=\"Napisao\/la\" \/>\n\t<meta name=\"twitter:data1\" content=\"Radio Ljubu\u0161ki\" \/>\n\t<meta name=\"twitter:label2\" content=\"Procijenjeno vrijeme \u010ditanja\" \/>\n\t<meta name=\"twitter:data2\" content=\"1 minuta\" \/>\n<script type=\"application\/ld+json\" class=\"yoast-schema-graph\">{\"@context\":\"https:\\\/\\\/schema.org\",\"@graph\":[{\"@type\":\"Article\",\"@id\":\"https:\\\/\\\/radioljubuski.ba\\\/index.php\\\/2021\\\/09\\\/01\\\/preminuo-laki-iz-nocne-more\\\/#article\",\"isPartOf\":{\"@id\":\"https:\\\/\\\/radioljubuski.ba\\\/index.php\\\/2021\\\/09\\\/01\\\/preminuo-laki-iz-nocne-more\\\/\"},\"author\":{\"name\":\"Radio Ljubu\u0161ki\",\"@id\":\"https:\\\/\\\/radioljubuski.ba\\\/#\\\/schema\\\/person\\\/19fc700381a780f69665d7956c469e3b\"},\"headline\":\"Preminuo Laki iz &#8216;No\u0107ne more&#8217;\",\"datePublished\":\"2021-09-01T09:46:27+00:00\",\"dateModified\":\"2021-09-01T09:46:28+00:00\",\"mainEntityOfPage\":{\"@id\":\"https:\\\/\\\/radioljubuski.ba\\\/index.php\\\/2021\\\/09\\\/01\\\/preminuo-laki-iz-nocne-more\\\/\"},\"wordCount\":255,\"publisher\":{\"@id\":\"https:\\\/\\\/radioljubuski.ba\\\/#organization\"},\"image\":{\"@id\":\"https:\\\/\\\/radioljubuski.ba\\\/index.php\\\/2021\\\/09\\\/01\\\/preminuo-laki-iz-nocne-more\\\/#primaryimage\"},\"thumbnailUrl\":\"https:\\\/\\\/radioljubuski.ba\\\/wp-content\\\/uploads\\\/2021\\\/09\\\/2-2021-09-01-08-12-49-laki.jpg\",\"articleSection\":[\"BIH i regija\"],\"inLanguage\":\"hr\"},{\"@type\":\"WebPage\",\"@id\":\"https:\\\/\\\/radioljubuski.ba\\\/index.php\\\/2021\\\/09\\\/01\\\/preminuo-laki-iz-nocne-more\\\/\",\"url\":\"https:\\\/\\\/radioljubuski.ba\\\/index.php\\\/2021\\\/09\\\/01\\\/preminuo-laki-iz-nocne-more\\\/\",\"name\":\"Preminuo Laki iz 'No\u0107ne more' - RADIO LJUBU\u0160KI\",\"isPartOf\":{\"@id\":\"https:\\\/\\\/radioljubuski.ba\\\/#website\"},\"primaryImageOfPage\":{\"@id\":\"https:\\\/\\\/radioljubuski.ba\\\/index.php\\\/2021\\\/09\\\/01\\\/preminuo-laki-iz-nocne-more\\\/#primaryimage\"},\"image\":{\"@id\":\"https:\\\/\\\/radioljubuski.ba\\\/index.php\\\/2021\\\/09\\\/01\\\/preminuo-laki-iz-nocne-more\\\/#primaryimage\"},\"thumbnailUrl\":\"https:\\\/\\\/radioljubuski.ba\\\/wp-content\\\/uploads\\\/2021\\\/09\\\/2-2021-09-01-08-12-49-laki.jpg\",\"datePublished\":\"2021-09-01T09:46:27+00:00\",\"dateModified\":\"2021-09-01T09:46:28+00:00\",\"breadcrumb\":{\"@id\":\"https:\\\/\\\/radioljubuski.ba\\\/index.php\\\/2021\\\/09\\\/01\\\/preminuo-laki-iz-nocne-more\\\/#breadcrumb\"},\"inLanguage\":\"hr\",\"potentialAction\":[{\"@type\":\"ReadAction\",\"target\":[\"https:\\\/\\\/radioljubuski.ba\\\/index.php\\\/2021\\\/09\\\/01\\\/preminuo-laki-iz-nocne-more\\\/\"]}]},{\"@type\":\"ImageObject\",\"inLanguage\":\"hr\",\"@id\":\"https:\\\/\\\/radioljubuski.ba\\\/index.php\\\/2021\\\/09\\\/01\\\/preminuo-laki-iz-nocne-more\\\/#primaryimage\",\"url\":\"https:\\\/\\\/radioljubuski.ba\\\/wp-content\\\/uploads\\\/2021\\\/09\\\/2-2021-09-01-08-12-49-laki.jpg\",\"contentUrl\":\"https:\\\/\\\/radioljubuski.ba\\\/wp-content\\\/uploads\\\/2021\\\/09\\\/2-2021-09-01-08-12-49-laki.jpg\",\"width\":1000,\"height\":625},{\"@type\":\"BreadcrumbList\",\"@id\":\"https:\\\/\\\/radioljubuski.ba\\\/index.php\\\/2021\\\/09\\\/01\\\/preminuo-laki-iz-nocne-more\\\/#breadcrumb\",\"itemListElement\":[{\"@type\":\"ListItem\",\"position\":1,\"name\":\"Po\u010detna stranica\",\"item\":\"https:\\\/\\\/radioljubuski.ba\\\/\"},{\"@type\":\"ListItem\",\"position\":2,\"name\":\"Preminuo Laki iz &#8216;No\u0107ne more&#8217;\"}]},{\"@type\":\"WebSite\",\"@id\":\"https:\\\/\\\/radioljubuski.ba\\\/#website\",\"url\":\"https:\\\/\\\/radioljubuski.ba\\\/\",\"name\":\"Radio Ljubu\u0161ki\",\"description\":\"Sun\u010dana frekvencija Hercegovine\",\"publisher\":{\"@id\":\"https:\\\/\\\/radioljubuski.ba\\\/#organization\"},\"potentialAction\":[{\"@type\":\"SearchAction\",\"target\":{\"@type\":\"EntryPoint\",\"urlTemplate\":\"https:\\\/\\\/radioljubuski.ba\\\/?s={search_term_string}\"},\"query-input\":{\"@type\":\"PropertyValueSpecification\",\"valueRequired\":true,\"valueName\":\"search_term_string\"}}],\"inLanguage\":\"hr\"},{\"@type\":\"Organization\",\"@id\":\"https:\\\/\\\/radioljubuski.ba\\\/#organization\",\"name\":\"Radio Ljubu\u0161ki\",\"url\":\"https:\\\/\\\/radioljubuski.ba\\\/\",\"logo\":{\"@type\":\"ImageObject\",\"inLanguage\":\"hr\",\"@id\":\"https:\\\/\\\/radioljubuski.ba\\\/#\\\/schema\\\/logo\\\/image\\\/\",\"url\":\"https:\\\/\\\/radioljubuski.ba\\\/wp-content\\\/uploads\\\/2021\\\/02\\\/cropped-Radio_Ljubuski_logo1.jpg\",\"contentUrl\":\"https:\\\/\\\/radioljubuski.ba\\\/wp-content\\\/uploads\\\/2021\\\/02\\\/cropped-Radio_Ljubuski_logo1.jpg\",\"width\":512,\"height\":512,\"caption\":\"Radio Ljubu\u0161ki\"},\"image\":{\"@id\":\"https:\\\/\\\/radioljubuski.ba\\\/#\\\/schema\\\/logo\\\/image\\\/\"},\"sameAs\":[\"https:\\\/\\\/www.facebook.com\\\/Radiio-Ljubuski-1490835324566332\",\"https:\\\/\\\/x.com\\\/radioljubuski\",\"https:\\\/\\\/hr.linkedin.com\\\/company\\\/radio-ljubuski\",\"https:\\\/\\\/www.youtube.com\\\/channel\\\/UCHYaeO_n0Db3tjNGudGpXyw\"]},{\"@type\":\"Person\",\"@id\":\"https:\\\/\\\/radioljubuski.ba\\\/#\\\/schema\\\/person\\\/19fc700381a780f69665d7956c469e3b\",\"name\":\"Radio Ljubu\u0161ki\"}]}<\/script>\n<!-- \/ Yoast SEO plugin. -->","yoast_head_json":{"title":"Preminuo Laki iz 'No\u0107ne more' - RADIO LJUBU\u0160KI","robots":{"index":"index","follow":"follow","max-snippet":"max-snippet:-1","max-image-preview":"max-image-preview:large","max-video-preview":"max-video-preview:-1"},"canonical":"https:\/\/radioljubuski.ba\/index.php\/2021\/09\/01\/preminuo-laki-iz-nocne-more\/","og_locale":"hr_HR","og_type":"article","og_title":"Preminuo Laki iz 'No\u0107ne more' - RADIO LJUBU\u0160KI","og_description":"U utorak u 20.30 prestalo je kucati srce na\u0161eg dragog Lakija. Po\u010divaj u miru, dragi Laki, napisao je na Facebooku Lakijev prijatelj Jumbo iz popularnog talk-showa. Nedjeljko Badovinac Jumbo, koji se proslavio produciranjem &#8216;No\u0107ne more&#8217; \u017deljka Malnara potvrdio je za 24sata da je preminuo njegov prijatelj Ivica Lako Laki, koji je igrao u spomenutom showu.&nbsp; [&hellip;]","og_url":"https:\/\/radioljubuski.ba\/index.php\/2021\/09\/01\/preminuo-laki-iz-nocne-more\/","og_site_name":"RADIO LJUBU\u0160KI","article_publisher":"https:\/\/www.facebook.com\/Radiio-Ljubuski-1490835324566332","article_published_time":"2021-09-01T09:46:27+00:00","article_modified_time":"2021-09-01T09:46:28+00:00","og_image":[{"width":1000,"height":625,"url":"https:\/\/radioljubuski.ba\/wp-content\/uploads\/2021\/09\/2-2021-09-01-08-12-49-laki.jpg","type":"image\/jpeg"}],"author":"Radio Ljubu\u0161ki","twitter_card":"summary_large_image","twitter_creator":"@radioljubuski","twitter_site":"@radioljubuski","twitter_misc":{"Napisao\/la":"Radio Ljubu\u0161ki","Procijenjeno vrijeme \u010ditanja":"1 minuta"},"schema":{"@context":"https:\/\/schema.org","@graph":[{"@type":"Article","@id":"https:\/\/radioljubuski.ba\/index.php\/2021\/09\/01\/preminuo-laki-iz-nocne-more\/#article","isPartOf":{"@id":"https:\/\/radioljubuski.ba\/index.php\/2021\/09\/01\/preminuo-laki-iz-nocne-more\/"},"author":{"name":"Radio Ljubu\u0161ki","@id":"https:\/\/radioljubuski.ba\/#\/schema\/person\/19fc700381a780f69665d7956c469e3b"},"headline":"Preminuo Laki iz &#8216;No\u0107ne more&#8217;","datePublished":"2021-09-01T09:46:27+00:00","dateModified":"2021-09-01T09:46:28+00:00","mainEntityOfPage":{"@id":"https:\/\/radioljubuski.ba\/index.php\/2021\/09\/01\/preminuo-laki-iz-nocne-more\/"},"wordCount":255,"publisher":{"@id":"https:\/\/radioljubuski.ba\/#organization"},"image":{"@id":"https:\/\/radioljubuski.ba\/index.php\/2021\/09\/01\/preminuo-laki-iz-nocne-more\/#primaryimage"},"thumbnailUrl":"https:\/\/radioljubuski.ba\/wp-content\/uploads\/2021\/09\/2-2021-09-01-08-12-49-laki.jpg","articleSection":["BIH i regija"],"inLanguage":"hr"},{"@type":"WebPage","@id":"https:\/\/radioljubuski.ba\/index.php\/2021\/09\/01\/preminuo-laki-iz-nocne-more\/","url":"https:\/\/radioljubuski.ba\/index.php\/2021\/09\/01\/preminuo-laki-iz-nocne-more\/","name":"Preminuo Laki iz 'No\u0107ne more' - RADIO LJUBU\u0160KI","isPartOf":{"@id":"https:\/\/radioljubuski.ba\/#website"},"primaryImageOfPage":{"@id":"https:\/\/radioljubuski.ba\/index.php\/2021\/09\/01\/preminuo-laki-iz-nocne-more\/#primaryimage"},"image":{"@id":"https:\/\/radioljubuski.ba\/index.php\/2021\/09\/01\/preminuo-laki-iz-nocne-more\/#primaryimage"},"thumbnailUrl":"https:\/\/radioljubuski.ba\/wp-content\/uploads\/2021\/09\/2-2021-09-01-08-12-49-laki.jpg","datePublished":"2021-09-01T09:46:27+00:00","dateModified":"2021-09-01T09:46:28+00:00","breadcrumb":{"@id":"https:\/\/radioljubuski.ba\/index.php\/2021\/09\/01\/preminuo-laki-iz-nocne-more\/#breadcrumb"},"inLanguage":"hr","potentialAction":[{"@type":"ReadAction","target":["https:\/\/radioljubuski.ba\/index.php\/2021\/09\/01\/preminuo-laki-iz-nocne-more\/"]}]},{"@type":"ImageObject","inLanguage":"hr","@id":"https:\/\/radioljubuski.ba\/index.php\/2021\/09\/01\/preminuo-laki-iz-nocne-more\/#primaryimage","url":"https:\/\/radioljubuski.ba\/wp-content\/uploads\/2021\/09\/2-2021-09-01-08-12-49-laki.jpg","contentUrl":"https:\/\/radioljubuski.ba\/wp-content\/uploads\/2021\/09\/2-2021-09-01-08-12-49-laki.jpg","width":1000,"height":625},{"@type":"BreadcrumbList","@id":"https:\/\/radioljubuski.ba\/index.php\/2021\/09\/01\/preminuo-laki-iz-nocne-more\/#breadcrumb","itemListElement":[{"@type":"ListItem","position":1,"name":"Po\u010detna stranica","item":"https:\/\/radioljubuski.ba\/"},{"@type":"ListItem","position":2,"name":"Preminuo Laki iz &#8216;No\u0107ne more&#8217;"}]},{"@type":"WebSite","@id":"https:\/\/radioljubuski.ba\/#website","url":"https:\/\/radioljubuski.ba\/","name":"Radio Ljubu\u0161ki","description":"Sun\u010dana frekvencija Hercegovine","publisher":{"@id":"https:\/\/radioljubuski.ba\/#organization"},"potentialAction":[{"@type":"SearchAction","target":{"@type":"EntryPoint","urlTemplate":"https:\/\/radioljubuski.ba\/?s={search_term_string}"},"query-input":{"@type":"PropertyValueSpecification","valueRequired":true,"valueName":"search_term_string"}}],"inLanguage":"hr"},{"@type":"Organization","@id":"https:\/\/radioljubuski.ba\/#organization","name":"Radio Ljubu\u0161ki","url":"https:\/\/radioljubuski.ba\/","logo":{"@type":"ImageObject","inLanguage":"hr","@id":"https:\/\/radioljubuski.ba\/#\/schema\/logo\/image\/","url":"https:\/\/radioljubuski.ba\/wp-content\/uploads\/2021\/02\/cropped-Radio_Ljubuski_logo1.jpg","contentUrl":"https:\/\/radioljubuski.ba\/wp-content\/uploads\/2021\/02\/cropped-Radio_Ljubuski_logo1.jpg","width":512,"height":512,"caption":"Radio Ljubu\u0161ki"},"image":{"@id":"https:\/\/radioljubuski.ba\/#\/schema\/logo\/image\/"},"sameAs":["https:\/\/www.facebook.com\/Radiio-Ljubuski-1490835324566332","https:\/\/x.com\/radioljubuski","https:\/\/hr.linkedin.com\/company\/radio-ljubuski","https:\/\/www.youtube.com\/channel\/UCHYaeO_n0Db3tjNGudGpXyw"]},{"@type":"Person","@id":"https:\/\/radioljubuski.ba\/#\/schema\/person\/19fc700381a780f69665d7956c469e3b","name":"Radio Ljubu\u0161ki"}]}},"_links":{"self":[{"href":"https:\/\/radioljubuski.ba\/index.php\/wp-json\/wp\/v2\/posts\/59807","targetHints":{"allow":["GET"]}}],"collection":[{"href":"https:\/\/radioljubuski.ba\/index.php\/wp-json\/wp\/v2\/posts"}],"about":[{"href":"https:\/\/radioljubuski.ba\/index.php\/wp-json\/wp\/v2\/types\/post"}],"author":[{"embeddable":true,"href":"https:\/\/radioljubuski.ba\/index.php\/wp-json\/wp\/v2\/users\/2"}],"replies":[{"embeddable":true,"href":"https:\/\/radioljubuski.ba\/index.php\/wp-json\/wp\/v2\/comments?post=59807"}],"version-history":[{"count":1,"href":"https:\/\/radioljubuski.ba\/index.php\/wp-json\/wp\/v2\/posts\/59807\/revisions"}],"predecessor-version":[{"id":59809,"href":"https:\/\/radioljubuski.ba\/index.php\/wp-json\/wp\/v2\/posts\/59807\/revisions\/59809"}],"wp:featuredmedia":[{"embeddable":true,"href":"https:\/\/radioljubuski.ba\/index.php\/wp-json\/wp\/v2\/media\/59808"}],"wp:attachment":[{"href":"https:\/\/radioljubuski.ba\/index.php\/wp-json\/wp\/v2\/media?parent=59807"}],"wp:term":[{"taxonomy":"category","embeddable":true,"href":"https:\/\/radioljubuski.ba\/index.php\/wp-json\/wp\/v2\/categories?post=59807"},{"taxonomy":"post_tag","embeddable":true,"href":"https:\/\/radioljubuski.ba\/index.php\/wp-json\/wp\/v2\/tags?post=59807"}],"curies":[{"name":"wp","href":"https:\/\/api.w.org\/{rel}","templated":true}]}}