{"id":5982,"date":"2021-03-22T22:19:06","date_gmt":"2021-03-22T21:19:06","guid":{"rendered":"https:\/\/radioljubuski.ba\/?p=5982"},"modified":"2021-03-22T22:19:06","modified_gmt":"2021-03-22T21:19:06","slug":"prijatelji-s-neretve-hercegovacka-ovdje-se-i-bog-odmara-jer-je-ovo-zemlja-sveta","status":"publish","type":"post","link":"https:\/\/radioljubuski.ba\/index.php\/2021\/03\/22\/prijatelji-s-neretve-hercegovacka-ovdje-se-i-bog-odmara-jer-je-ovo-zemlja-sveta\/","title":{"rendered":"Prijatelji s Neretve \u2013 Hercegova\u010dka: Ovdje se i Bog odmara jer je ovo zemlja Sveta"},"content":{"rendered":"\n<p>Pjesma Hercegova\u010dka nastala je kao suradnja prijatelja glazbenika kroz koju je opjevana ljubav prema rodnom kraju, posve\u0107ena svim na\u0161im ljudima ovdje i u dijaspori.<\/p>\n\n\n\n<p>U\u017eivajte!<\/p>\n\n\n\n<figure class=\"wp-block-embed is-type-video is-provider-youtube wp-block-embed-youtube wp-embed-aspect-16-9 wp-has-aspect-ratio\"><div class=\"wp-block-embed__wrapper\">\n<iframe loading=\"lazy\" title=\"Prijatelji s Neretve - Hercegova\u010dka (Official Music Video)\" width=\"640\" height=\"360\" src=\"https:\/\/www.youtube.com\/embed\/OMtqroW0ZEg?start=2&#038;feature=oembed\" frameborder=\"0\" allow=\"accelerometer; autoplay; clipboard-write; encrypted-media; gyroscope; picture-in-picture; web-share\" referrerpolicy=\"strict-origin-when-cross-origin\" allowfullscreen><\/iframe>\n<\/div><\/figure>\n\n\n\n<p>Tekst: Lovro Njavro<br>Glazba: Ante Vla\u0161i\u0107<br>Aran\u017eman: Ante Vla\u0161i\u0107 &amp; Toni Lesko<\/p>\n\n\n\n<p>Snimanje &amp; Mix: Toni Lesko<br>Mastering: Gabrijel Prusina<\/p>\n\n\n\n<p>Josip Ani\u010di\u0107 \u2013 Vokal<br>Toni Lesko \u2013 Bubanj<br>Josip Zovko \u2013 Bass gitara<br>Ante Vla\u0161i\u0107 \u2013 Gitara<br>Ivan Zovko \u2013 Klavir<br>Stjepan Lesko \u2013 Gitara<br>Ante Soldo \u2013 Klavijature<br>Filip Tadi\u0107 \u2013 Bra\u010d<br>Ante \u0160unji\u0107 \u2013 Klarinet<\/p>\n\n\n\n<p>Video:<br>Ante Vla\u0161i\u0107<br>Kre\u0161imir Merd\u017eo<br>Petar Vistorop<br>Vlado Peri\u0107<\/p>\n\n\n\n<p>Snimano u:<br>Hercegova\u010dkom Selu obitelj Vasilj Me\u0111ugorje<br>Vinoteka Sivri\u0107 Me\u0111ugorje<\/p>\n\n\n\n<p>Glumci: Ante Vla\u0161i\u0107, Ivan Mandari\u0107, Ena Ivankovi\u0107, Orjana \u0106utuk, Vedrana Boras, Lucija Vistorop, Mirela \u0160etka, Adrijan Marin\u010di\u0107, Lovro Njavro, Mario Filipovi\u0107, Leon Lasi\u0107, Eva Bevanda, Ivana Pehar, Davor Vla\u0161i\u0107, Antonio Vla\u0161i\u0107, Katarina Vla\u0161i\u0107, Franjo Vla\u0161i\u0107, Ivano Vla\u0161i\u0107, Emanuel Vla\u0161i\u0107, Monika Vla\u0161i\u0107, Ivana Vla\u0161i\u0107, Petra Vla\u0161i\u0107, Klara Vla\u0161i\u0107, Ivona Vla\u0161i\u0107, Zoran Jurko i Ivan Primorac.<\/p>\n\n\n\n<p>Tekst:<br>Tu gdje kr\u0161a nikad dosta<br>Tu gdje ljuti poskok sik\u0107e<br>Tvrda stina pradidova<br>U mom srcu uvijek bi\u2019\u0107e<\/p>\n\n\n\n<p>Nebo plavo, sunce \u017eari<br>Bistra rijeka mirno te\u010de<br>Ovaj kraj je raj na zemlji<br>Ovdje se i tuge lije\u010de.<\/p>\n\n\n\n<p>\u2018Ajde sine otac ka\u017ee<br>Baci pismu onu na\u0161u<br>Neka \u010duju svi u kraju<br>Podignimo sada \u010da\u0161u<\/p>\n\n\n\n<p>Gusle uzmi i zasviraj<br>Srce lupa, ruke gore<br>Nek\u2019 svi \u010duju Hercegovce<br>Stat\u2019 se ne\u0107e sve do zore<\/p>\n\n\n\n<p>Ne daj lozu, ne daj kamen<br>Za sva blaga tu\u0111eg svijeta<br>Ovdje se i Bog odmara<br>Jer je ovo zemlja Sveta<\/p>\n\n\n\n<p>Izvor:hercegovina.in<\/p>\n","protected":false},"excerpt":{"rendered":"<p>Pjesma Hercegova\u010dka nastala je kao suradnja prijatelja glazbenika kroz koju je opjevana ljubav prema rodnom kraju, posve\u0107ena svim na\u0161im ljudima ovdje i u dijaspori. U\u017eivajte! Tekst: Lovro NjavroGlazba: Ante Vla\u0161i\u0107Aran\u017eman: Ante Vla\u0161i\u0107 &amp; Toni Lesko Snimanje &amp; Mix: Toni LeskoMastering: Gabrijel Prusina Josip Ani\u010di\u0107 \u2013 VokalToni Lesko \u2013 BubanjJosip Zovko \u2013 Bass gitaraAnte Vla\u0161i\u0107 \u2013 [&hellip;]<\/p>\n","protected":false},"author":2,"featured_media":5983,"comment_status":"closed","ping_status":"closed","sticky":false,"template":"","format":"standard","meta":{"h5ap_radio_sources":[],"footnotes":""},"categories":[1],"tags":[],"class_list":["post-5982","post","type-post","status-publish","format-standard","has-post-thumbnail","hentry","category-bihiregija"],"yoast_head":"<!-- This site is optimized with the Yoast SEO plugin v27.5 - https:\/\/yoast.com\/product\/yoast-seo-wordpress\/ -->\n<title>Prijatelji s Neretve \u2013 Hercegova\u010dka: Ovdje se i Bog odmara jer je ovo zemlja Sveta - RADIO LJUBU\u0160KI<\/title>\n<meta name=\"robots\" content=\"index, follow, max-snippet:-1, max-image-preview:large, max-video-preview:-1\" \/>\n<link rel=\"canonical\" href=\"https:\/\/radioljubuski.ba\/index.php\/2021\/03\/22\/prijatelji-s-neretve-hercegovacka-ovdje-se-i-bog-odmara-jer-je-ovo-zemlja-sveta\/\" \/>\n<meta property=\"og:locale\" content=\"hr_HR\" \/>\n<meta property=\"og:type\" content=\"article\" \/>\n<meta property=\"og:title\" content=\"Prijatelji s Neretve \u2013 Hercegova\u010dka: Ovdje se i Bog odmara jer je ovo zemlja Sveta - RADIO LJUBU\u0160KI\" \/>\n<meta property=\"og:description\" content=\"Pjesma Hercegova\u010dka nastala je kao suradnja prijatelja glazbenika kroz koju je opjevana ljubav prema rodnom kraju, posve\u0107ena svim na\u0161im ljudima ovdje i u dijaspori. U\u017eivajte! Tekst: Lovro NjavroGlazba: Ante Vla\u0161i\u0107Aran\u017eman: Ante Vla\u0161i\u0107 &amp; Toni Lesko Snimanje &amp; Mix: Toni LeskoMastering: Gabrijel Prusina Josip Ani\u010di\u0107 \u2013 VokalToni Lesko \u2013 BubanjJosip Zovko \u2013 Bass gitaraAnte Vla\u0161i\u0107 \u2013 [&hellip;]\" \/>\n<meta property=\"og:url\" content=\"https:\/\/radioljubuski.ba\/index.php\/2021\/03\/22\/prijatelji-s-neretve-hercegovacka-ovdje-se-i-bog-odmara-jer-je-ovo-zemlja-sveta\/\" \/>\n<meta property=\"og:site_name\" content=\"RADIO LJUBU\u0160KI\" \/>\n<meta property=\"article:publisher\" content=\"https:\/\/www.facebook.com\/Radiio-Ljubuski-1490835324566332\" \/>\n<meta property=\"article:published_time\" content=\"2021-03-22T21:19:06+00:00\" \/>\n<meta property=\"og:image\" content=\"https:\/\/radioljubuski.ba\/wp-content\/uploads\/2021\/03\/11-19.png\" \/>\n\t<meta property=\"og:image:width\" content=\"600\" \/>\n\t<meta property=\"og:image:height\" content=\"257\" \/>\n\t<meta property=\"og:image:type\" content=\"image\/png\" \/>\n<meta name=\"author\" content=\"Radio Ljubu\u0161ki\" \/>\n<meta name=\"twitter:card\" content=\"summary_large_image\" \/>\n<meta name=\"twitter:creator\" content=\"@radioljubuski\" \/>\n<meta name=\"twitter:site\" content=\"@radioljubuski\" \/>\n<meta name=\"twitter:label1\" content=\"Napisao\/la\" \/>\n\t<meta name=\"twitter:data1\" content=\"Radio Ljubu\u0161ki\" \/>\n\t<meta name=\"twitter:label2\" content=\"Procijenjeno vrijeme \u010ditanja\" \/>\n\t<meta name=\"twitter:data2\" content=\"1 minuta\" \/>\n<script type=\"application\/ld+json\" class=\"yoast-schema-graph\">{\"@context\":\"https:\\\/\\\/schema.org\",\"@graph\":[{\"@type\":\"Article\",\"@id\":\"https:\\\/\\\/radioljubuski.ba\\\/index.php\\\/2021\\\/03\\\/22\\\/prijatelji-s-neretve-hercegovacka-ovdje-se-i-bog-odmara-jer-je-ovo-zemlja-sveta\\\/#article\",\"isPartOf\":{\"@id\":\"https:\\\/\\\/radioljubuski.ba\\\/index.php\\\/2021\\\/03\\\/22\\\/prijatelji-s-neretve-hercegovacka-ovdje-se-i-bog-odmara-jer-je-ovo-zemlja-sveta\\\/\"},\"author\":{\"name\":\"Radio Ljubu\u0161ki\",\"@id\":\"https:\\\/\\\/radioljubuski.ba\\\/#\\\/schema\\\/person\\\/19fc700381a780f69665d7956c469e3b\"},\"headline\":\"Prijatelji s Neretve \u2013 Hercegova\u010dka: Ovdje se i Bog odmara jer je ovo zemlja Sveta\",\"datePublished\":\"2021-03-22T21:19:06+00:00\",\"mainEntityOfPage\":{\"@id\":\"https:\\\/\\\/radioljubuski.ba\\\/index.php\\\/2021\\\/03\\\/22\\\/prijatelji-s-neretve-hercegovacka-ovdje-se-i-bog-odmara-jer-je-ovo-zemlja-sveta\\\/\"},\"wordCount\":279,\"publisher\":{\"@id\":\"https:\\\/\\\/radioljubuski.ba\\\/#organization\"},\"image\":{\"@id\":\"https:\\\/\\\/radioljubuski.ba\\\/index.php\\\/2021\\\/03\\\/22\\\/prijatelji-s-neretve-hercegovacka-ovdje-se-i-bog-odmara-jer-je-ovo-zemlja-sveta\\\/#primaryimage\"},\"thumbnailUrl\":\"https:\\\/\\\/radioljubuski.ba\\\/wp-content\\\/uploads\\\/2021\\\/03\\\/11-19.png\",\"articleSection\":[\"BIH i regija\"],\"inLanguage\":\"hr\"},{\"@type\":\"WebPage\",\"@id\":\"https:\\\/\\\/radioljubuski.ba\\\/index.php\\\/2021\\\/03\\\/22\\\/prijatelji-s-neretve-hercegovacka-ovdje-se-i-bog-odmara-jer-je-ovo-zemlja-sveta\\\/\",\"url\":\"https:\\\/\\\/radioljubuski.ba\\\/index.php\\\/2021\\\/03\\\/22\\\/prijatelji-s-neretve-hercegovacka-ovdje-se-i-bog-odmara-jer-je-ovo-zemlja-sveta\\\/\",\"name\":\"Prijatelji s Neretve \u2013 Hercegova\u010dka: Ovdje se i Bog odmara jer je ovo zemlja Sveta - RADIO LJUBU\u0160KI\",\"isPartOf\":{\"@id\":\"https:\\\/\\\/radioljubuski.ba\\\/#website\"},\"primaryImageOfPage\":{\"@id\":\"https:\\\/\\\/radioljubuski.ba\\\/index.php\\\/2021\\\/03\\\/22\\\/prijatelji-s-neretve-hercegovacka-ovdje-se-i-bog-odmara-jer-je-ovo-zemlja-sveta\\\/#primaryimage\"},\"image\":{\"@id\":\"https:\\\/\\\/radioljubuski.ba\\\/index.php\\\/2021\\\/03\\\/22\\\/prijatelji-s-neretve-hercegovacka-ovdje-se-i-bog-odmara-jer-je-ovo-zemlja-sveta\\\/#primaryimage\"},\"thumbnailUrl\":\"https:\\\/\\\/radioljubuski.ba\\\/wp-content\\\/uploads\\\/2021\\\/03\\\/11-19.png\",\"datePublished\":\"2021-03-22T21:19:06+00:00\",\"breadcrumb\":{\"@id\":\"https:\\\/\\\/radioljubuski.ba\\\/index.php\\\/2021\\\/03\\\/22\\\/prijatelji-s-neretve-hercegovacka-ovdje-se-i-bog-odmara-jer-je-ovo-zemlja-sveta\\\/#breadcrumb\"},\"inLanguage\":\"hr\",\"potentialAction\":[{\"@type\":\"ReadAction\",\"target\":[\"https:\\\/\\\/radioljubuski.ba\\\/index.php\\\/2021\\\/03\\\/22\\\/prijatelji-s-neretve-hercegovacka-ovdje-se-i-bog-odmara-jer-je-ovo-zemlja-sveta\\\/\"]}]},{\"@type\":\"ImageObject\",\"inLanguage\":\"hr\",\"@id\":\"https:\\\/\\\/radioljubuski.ba\\\/index.php\\\/2021\\\/03\\\/22\\\/prijatelji-s-neretve-hercegovacka-ovdje-se-i-bog-odmara-jer-je-ovo-zemlja-sveta\\\/#primaryimage\",\"url\":\"https:\\\/\\\/radioljubuski.ba\\\/wp-content\\\/uploads\\\/2021\\\/03\\\/11-19.png\",\"contentUrl\":\"https:\\\/\\\/radioljubuski.ba\\\/wp-content\\\/uploads\\\/2021\\\/03\\\/11-19.png\",\"width\":600,\"height\":257},{\"@type\":\"BreadcrumbList\",\"@id\":\"https:\\\/\\\/radioljubuski.ba\\\/index.php\\\/2021\\\/03\\\/22\\\/prijatelji-s-neretve-hercegovacka-ovdje-se-i-bog-odmara-jer-je-ovo-zemlja-sveta\\\/#breadcrumb\",\"itemListElement\":[{\"@type\":\"ListItem\",\"position\":1,\"name\":\"Po\u010detna stranica\",\"item\":\"https:\\\/\\\/radioljubuski.ba\\\/\"},{\"@type\":\"ListItem\",\"position\":2,\"name\":\"Prijatelji s Neretve \u2013 Hercegova\u010dka: Ovdje se i Bog odmara jer je ovo zemlja Sveta\"}]},{\"@type\":\"WebSite\",\"@id\":\"https:\\\/\\\/radioljubuski.ba\\\/#website\",\"url\":\"https:\\\/\\\/radioljubuski.ba\\\/\",\"name\":\"Radio Ljubu\u0161ki\",\"description\":\"Sun\u010dana frekvencija Hercegovine\",\"publisher\":{\"@id\":\"https:\\\/\\\/radioljubuski.ba\\\/#organization\"},\"potentialAction\":[{\"@type\":\"SearchAction\",\"target\":{\"@type\":\"EntryPoint\",\"urlTemplate\":\"https:\\\/\\\/radioljubuski.ba\\\/?s={search_term_string}\"},\"query-input\":{\"@type\":\"PropertyValueSpecification\",\"valueRequired\":true,\"valueName\":\"search_term_string\"}}],\"inLanguage\":\"hr\"},{\"@type\":\"Organization\",\"@id\":\"https:\\\/\\\/radioljubuski.ba\\\/#organization\",\"name\":\"Radio Ljubu\u0161ki\",\"url\":\"https:\\\/\\\/radioljubuski.ba\\\/\",\"logo\":{\"@type\":\"ImageObject\",\"inLanguage\":\"hr\",\"@id\":\"https:\\\/\\\/radioljubuski.ba\\\/#\\\/schema\\\/logo\\\/image\\\/\",\"url\":\"https:\\\/\\\/radioljubuski.ba\\\/wp-content\\\/uploads\\\/2021\\\/02\\\/cropped-Radio_Ljubuski_logo1.jpg\",\"contentUrl\":\"https:\\\/\\\/radioljubuski.ba\\\/wp-content\\\/uploads\\\/2021\\\/02\\\/cropped-Radio_Ljubuski_logo1.jpg\",\"width\":512,\"height\":512,\"caption\":\"Radio Ljubu\u0161ki\"},\"image\":{\"@id\":\"https:\\\/\\\/radioljubuski.ba\\\/#\\\/schema\\\/logo\\\/image\\\/\"},\"sameAs\":[\"https:\\\/\\\/www.facebook.com\\\/Radiio-Ljubuski-1490835324566332\",\"https:\\\/\\\/x.com\\\/radioljubuski\",\"https:\\\/\\\/hr.linkedin.com\\\/company\\\/radio-ljubuski\",\"https:\\\/\\\/www.youtube.com\\\/channel\\\/UCHYaeO_n0Db3tjNGudGpXyw\"]},{\"@type\":\"Person\",\"@id\":\"https:\\\/\\\/radioljubuski.ba\\\/#\\\/schema\\\/person\\\/19fc700381a780f69665d7956c469e3b\",\"name\":\"Radio Ljubu\u0161ki\"}]}<\/script>\n<!-- \/ Yoast SEO plugin. -->","yoast_head_json":{"title":"Prijatelji s Neretve \u2013 Hercegova\u010dka: Ovdje se i Bog odmara jer je ovo zemlja Sveta - RADIO LJUBU\u0160KI","robots":{"index":"index","follow":"follow","max-snippet":"max-snippet:-1","max-image-preview":"max-image-preview:large","max-video-preview":"max-video-preview:-1"},"canonical":"https:\/\/radioljubuski.ba\/index.php\/2021\/03\/22\/prijatelji-s-neretve-hercegovacka-ovdje-se-i-bog-odmara-jer-je-ovo-zemlja-sveta\/","og_locale":"hr_HR","og_type":"article","og_title":"Prijatelji s Neretve \u2013 Hercegova\u010dka: Ovdje se i Bog odmara jer je ovo zemlja Sveta - RADIO LJUBU\u0160KI","og_description":"Pjesma Hercegova\u010dka nastala je kao suradnja prijatelja glazbenika kroz koju je opjevana ljubav prema rodnom kraju, posve\u0107ena svim na\u0161im ljudima ovdje i u dijaspori. U\u017eivajte! Tekst: Lovro NjavroGlazba: Ante Vla\u0161i\u0107Aran\u017eman: Ante Vla\u0161i\u0107 &amp; Toni Lesko Snimanje &amp; Mix: Toni LeskoMastering: Gabrijel Prusina Josip Ani\u010di\u0107 \u2013 VokalToni Lesko \u2013 BubanjJosip Zovko \u2013 Bass gitaraAnte Vla\u0161i\u0107 \u2013 [&hellip;]","og_url":"https:\/\/radioljubuski.ba\/index.php\/2021\/03\/22\/prijatelji-s-neretve-hercegovacka-ovdje-se-i-bog-odmara-jer-je-ovo-zemlja-sveta\/","og_site_name":"RADIO LJUBU\u0160KI","article_publisher":"https:\/\/www.facebook.com\/Radiio-Ljubuski-1490835324566332","article_published_time":"2021-03-22T21:19:06+00:00","og_image":[{"width":600,"height":257,"url":"https:\/\/radioljubuski.ba\/wp-content\/uploads\/2021\/03\/11-19.png","type":"image\/png"}],"author":"Radio Ljubu\u0161ki","twitter_card":"summary_large_image","twitter_creator":"@radioljubuski","twitter_site":"@radioljubuski","twitter_misc":{"Napisao\/la":"Radio Ljubu\u0161ki","Procijenjeno vrijeme \u010ditanja":"1 minuta"},"schema":{"@context":"https:\/\/schema.org","@graph":[{"@type":"Article","@id":"https:\/\/radioljubuski.ba\/index.php\/2021\/03\/22\/prijatelji-s-neretve-hercegovacka-ovdje-se-i-bog-odmara-jer-je-ovo-zemlja-sveta\/#article","isPartOf":{"@id":"https:\/\/radioljubuski.ba\/index.php\/2021\/03\/22\/prijatelji-s-neretve-hercegovacka-ovdje-se-i-bog-odmara-jer-je-ovo-zemlja-sveta\/"},"author":{"name":"Radio Ljubu\u0161ki","@id":"https:\/\/radioljubuski.ba\/#\/schema\/person\/19fc700381a780f69665d7956c469e3b"},"headline":"Prijatelji s Neretve \u2013 Hercegova\u010dka: Ovdje se i Bog odmara jer je ovo zemlja Sveta","datePublished":"2021-03-22T21:19:06+00:00","mainEntityOfPage":{"@id":"https:\/\/radioljubuski.ba\/index.php\/2021\/03\/22\/prijatelji-s-neretve-hercegovacka-ovdje-se-i-bog-odmara-jer-je-ovo-zemlja-sveta\/"},"wordCount":279,"publisher":{"@id":"https:\/\/radioljubuski.ba\/#organization"},"image":{"@id":"https:\/\/radioljubuski.ba\/index.php\/2021\/03\/22\/prijatelji-s-neretve-hercegovacka-ovdje-se-i-bog-odmara-jer-je-ovo-zemlja-sveta\/#primaryimage"},"thumbnailUrl":"https:\/\/radioljubuski.ba\/wp-content\/uploads\/2021\/03\/11-19.png","articleSection":["BIH i regija"],"inLanguage":"hr"},{"@type":"WebPage","@id":"https:\/\/radioljubuski.ba\/index.php\/2021\/03\/22\/prijatelji-s-neretve-hercegovacka-ovdje-se-i-bog-odmara-jer-je-ovo-zemlja-sveta\/","url":"https:\/\/radioljubuski.ba\/index.php\/2021\/03\/22\/prijatelji-s-neretve-hercegovacka-ovdje-se-i-bog-odmara-jer-je-ovo-zemlja-sveta\/","name":"Prijatelji s Neretve \u2013 Hercegova\u010dka: Ovdje se i Bog odmara jer je ovo zemlja Sveta - RADIO LJUBU\u0160KI","isPartOf":{"@id":"https:\/\/radioljubuski.ba\/#website"},"primaryImageOfPage":{"@id":"https:\/\/radioljubuski.ba\/index.php\/2021\/03\/22\/prijatelji-s-neretve-hercegovacka-ovdje-se-i-bog-odmara-jer-je-ovo-zemlja-sveta\/#primaryimage"},"image":{"@id":"https:\/\/radioljubuski.ba\/index.php\/2021\/03\/22\/prijatelji-s-neretve-hercegovacka-ovdje-se-i-bog-odmara-jer-je-ovo-zemlja-sveta\/#primaryimage"},"thumbnailUrl":"https:\/\/radioljubuski.ba\/wp-content\/uploads\/2021\/03\/11-19.png","datePublished":"2021-03-22T21:19:06+00:00","breadcrumb":{"@id":"https:\/\/radioljubuski.ba\/index.php\/2021\/03\/22\/prijatelji-s-neretve-hercegovacka-ovdje-se-i-bog-odmara-jer-je-ovo-zemlja-sveta\/#breadcrumb"},"inLanguage":"hr","potentialAction":[{"@type":"ReadAction","target":["https:\/\/radioljubuski.ba\/index.php\/2021\/03\/22\/prijatelji-s-neretve-hercegovacka-ovdje-se-i-bog-odmara-jer-je-ovo-zemlja-sveta\/"]}]},{"@type":"ImageObject","inLanguage":"hr","@id":"https:\/\/radioljubuski.ba\/index.php\/2021\/03\/22\/prijatelji-s-neretve-hercegovacka-ovdje-se-i-bog-odmara-jer-je-ovo-zemlja-sveta\/#primaryimage","url":"https:\/\/radioljubuski.ba\/wp-content\/uploads\/2021\/03\/11-19.png","contentUrl":"https:\/\/radioljubuski.ba\/wp-content\/uploads\/2021\/03\/11-19.png","width":600,"height":257},{"@type":"BreadcrumbList","@id":"https:\/\/radioljubuski.ba\/index.php\/2021\/03\/22\/prijatelji-s-neretve-hercegovacka-ovdje-se-i-bog-odmara-jer-je-ovo-zemlja-sveta\/#breadcrumb","itemListElement":[{"@type":"ListItem","position":1,"name":"Po\u010detna stranica","item":"https:\/\/radioljubuski.ba\/"},{"@type":"ListItem","position":2,"name":"Prijatelji s Neretve \u2013 Hercegova\u010dka: Ovdje se i Bog odmara jer je ovo zemlja Sveta"}]},{"@type":"WebSite","@id":"https:\/\/radioljubuski.ba\/#website","url":"https:\/\/radioljubuski.ba\/","name":"Radio Ljubu\u0161ki","description":"Sun\u010dana frekvencija Hercegovine","publisher":{"@id":"https:\/\/radioljubuski.ba\/#organization"},"potentialAction":[{"@type":"SearchAction","target":{"@type":"EntryPoint","urlTemplate":"https:\/\/radioljubuski.ba\/?s={search_term_string}"},"query-input":{"@type":"PropertyValueSpecification","valueRequired":true,"valueName":"search_term_string"}}],"inLanguage":"hr"},{"@type":"Organization","@id":"https:\/\/radioljubuski.ba\/#organization","name":"Radio Ljubu\u0161ki","url":"https:\/\/radioljubuski.ba\/","logo":{"@type":"ImageObject","inLanguage":"hr","@id":"https:\/\/radioljubuski.ba\/#\/schema\/logo\/image\/","url":"https:\/\/radioljubuski.ba\/wp-content\/uploads\/2021\/02\/cropped-Radio_Ljubuski_logo1.jpg","contentUrl":"https:\/\/radioljubuski.ba\/wp-content\/uploads\/2021\/02\/cropped-Radio_Ljubuski_logo1.jpg","width":512,"height":512,"caption":"Radio Ljubu\u0161ki"},"image":{"@id":"https:\/\/radioljubuski.ba\/#\/schema\/logo\/image\/"},"sameAs":["https:\/\/www.facebook.com\/Radiio-Ljubuski-1490835324566332","https:\/\/x.com\/radioljubuski","https:\/\/hr.linkedin.com\/company\/radio-ljubuski","https:\/\/www.youtube.com\/channel\/UCHYaeO_n0Db3tjNGudGpXyw"]},{"@type":"Person","@id":"https:\/\/radioljubuski.ba\/#\/schema\/person\/19fc700381a780f69665d7956c469e3b","name":"Radio Ljubu\u0161ki"}]}},"_links":{"self":[{"href":"https:\/\/radioljubuski.ba\/index.php\/wp-json\/wp\/v2\/posts\/5982","targetHints":{"allow":["GET"]}}],"collection":[{"href":"https:\/\/radioljubuski.ba\/index.php\/wp-json\/wp\/v2\/posts"}],"about":[{"href":"https:\/\/radioljubuski.ba\/index.php\/wp-json\/wp\/v2\/types\/post"}],"author":[{"embeddable":true,"href":"https:\/\/radioljubuski.ba\/index.php\/wp-json\/wp\/v2\/users\/2"}],"replies":[{"embeddable":true,"href":"https:\/\/radioljubuski.ba\/index.php\/wp-json\/wp\/v2\/comments?post=5982"}],"version-history":[{"count":1,"href":"https:\/\/radioljubuski.ba\/index.php\/wp-json\/wp\/v2\/posts\/5982\/revisions"}],"predecessor-version":[{"id":5984,"href":"https:\/\/radioljubuski.ba\/index.php\/wp-json\/wp\/v2\/posts\/5982\/revisions\/5984"}],"wp:featuredmedia":[{"embeddable":true,"href":"https:\/\/radioljubuski.ba\/index.php\/wp-json\/wp\/v2\/media\/5983"}],"wp:attachment":[{"href":"https:\/\/radioljubuski.ba\/index.php\/wp-json\/wp\/v2\/media?parent=5982"}],"wp:term":[{"taxonomy":"category","embeddable":true,"href":"https:\/\/radioljubuski.ba\/index.php\/wp-json\/wp\/v2\/categories?post=5982"},{"taxonomy":"post_tag","embeddable":true,"href":"https:\/\/radioljubuski.ba\/index.php\/wp-json\/wp\/v2\/tags?post=5982"}],"curies":[{"name":"wp","href":"https:\/\/api.w.org\/{rel}","templated":true}]}}