{"id":5985,"date":"2021-03-22T22:21:42","date_gmt":"2021-03-22T21:21:42","guid":{"rendered":"https:\/\/radioljubuski.ba\/?p=5985"},"modified":"2021-03-22T22:21:43","modified_gmt":"2021-03-22T21:21:43","slug":"uhicena-dvojica-bh-drzavljana-zbog-krijumcarenja-15-000-kutija-cigareta","status":"publish","type":"post","link":"https:\/\/radioljubuski.ba\/index.php\/2021\/03\/22\/uhicena-dvojica-bh-drzavljana-zbog-krijumcarenja-15-000-kutija-cigareta\/","title":{"rendered":"Uhi\u0107ena dvojica bh. dr\u017eavljana zbog krijum\u010darenja 15 000 kutija cigareta"},"content":{"rendered":"\n<p>Pripadnici Sredi\u0161njeg istra\u017enog ureda Grani\u010dne policije BiH i Jedinice grani\u010dne policije Hum su u ponedjeljak uhitili dvojicu dr\u017eavljana BiH, nakon \u0161to su otkriveni u krijum\u010darenju 15 000 kutija razli\u010ditih vrsta cigareta bez akciznih markica, \u010dija se tr\u017ei\u0161na vrijednost procjenjuje na vi\u0161e 70 tisu\u0107a KM.&nbsp;<\/p>\n\n\n\n<p>Cigarete su otkrivene prilikom kontrole putni\u010dkog motornog vozila &#8216;Hyundai&#8217;, bez registarskih oznaka i nepoznatog vlasni\u0161tva, na podru\u010dju op\u0107ine Fo\u010da.&nbsp;<\/p>\n\n\n\n<p>O doga\u0111aju su obavije\u0161teni tu\u017eitelj Tu\u017eiteljstva BiH i sudac za prethodni postupak Suda BiH. Prema njihovim naredbama dr\u017eavljani BiH su uhi\u0107eni te je izvr\u0161en pretres vozila u kojem su se nalazile cigarete.<\/p>\n\n\n\n<p>Vozilo, cigarete, kao i drugi dokazni materijali su privremeno oduzeti, a tr\u017ei\u0161na vrijednost zaplijenjenih cigareta procjenjuje se vi\u0161e od 70 000 KM, navodi se u priop\u0107enju Grani\u010dne policije BiH.<\/p>\n\n\n\n<p>Zbog po\u010dinjenog kaznenog djela &#8220;nedozvoljen promet akciznih proizvoda&#8221;, &nbsp;a u vezi s kaznenim djelom &#8220;krijum\u010darenje&#8221; pripadnici Grani\u010dne policije BiH nastavljaju rad na ovom predmetu pod nadzorom tu\u017eitelja Tu\u017eiteljstva BiH.<\/p>\n\n\n\n<p>Izvor:pogled.ba<\/p>\n","protected":false},"excerpt":{"rendered":"<p>Pripadnici Sredi\u0161njeg istra\u017enog ureda Grani\u010dne policije BiH i Jedinice grani\u010dne policije Hum su u ponedjeljak uhitili dvojicu dr\u017eavljana BiH, nakon \u0161to su otkriveni u krijum\u010darenju 15 000 kutija razli\u010ditih vrsta cigareta bez akciznih markica, \u010dija se tr\u017ei\u0161na vrijednost procjenjuje na vi\u0161e 70 tisu\u0107a KM.&nbsp; Cigarete su otkrivene prilikom kontrole putni\u010dkog motornog vozila &#8216;Hyundai&#8217;, bez registarskih [&hellip;]<\/p>\n","protected":false},"author":2,"featured_media":5986,"comment_status":"closed","ping_status":"closed","sticky":false,"template":"","format":"standard","meta":{"h5ap_radio_sources":[],"footnotes":""},"categories":[1],"tags":[],"class_list":["post-5985","post","type-post","status-publish","format-standard","has-post-thumbnail","hentry","category-bihiregija"],"yoast_head":"<!-- This site is optimized with the Yoast SEO plugin v27.5 - https:\/\/yoast.com\/product\/yoast-seo-wordpress\/ -->\n<title>Uhi\u0107ena dvojica bh. dr\u017eavljana zbog krijum\u010darenja 15 000 kutija cigareta - RADIO LJUBU\u0160KI<\/title>\n<meta name=\"robots\" content=\"index, follow, max-snippet:-1, max-image-preview:large, max-video-preview:-1\" \/>\n<link rel=\"canonical\" href=\"https:\/\/radioljubuski.ba\/index.php\/2021\/03\/22\/uhicena-dvojica-bh-drzavljana-zbog-krijumcarenja-15-000-kutija-cigareta\/\" \/>\n<meta property=\"og:locale\" content=\"hr_HR\" \/>\n<meta property=\"og:type\" content=\"article\" \/>\n<meta property=\"og:title\" content=\"Uhi\u0107ena dvojica bh. dr\u017eavljana zbog krijum\u010darenja 15 000 kutija cigareta - RADIO LJUBU\u0160KI\" \/>\n<meta property=\"og:description\" content=\"Pripadnici Sredi\u0161njeg istra\u017enog ureda Grani\u010dne policije BiH i Jedinice grani\u010dne policije Hum su u ponedjeljak uhitili dvojicu dr\u017eavljana BiH, nakon \u0161to su otkriveni u krijum\u010darenju 15 000 kutija razli\u010ditih vrsta cigareta bez akciznih markica, \u010dija se tr\u017ei\u0161na vrijednost procjenjuje na vi\u0161e 70 tisu\u0107a KM.&nbsp; Cigarete su otkrivene prilikom kontrole putni\u010dkog motornog vozila &#8216;Hyundai&#8217;, bez registarskih [&hellip;]\" \/>\n<meta property=\"og:url\" content=\"https:\/\/radioljubuski.ba\/index.php\/2021\/03\/22\/uhicena-dvojica-bh-drzavljana-zbog-krijumcarenja-15-000-kutija-cigareta\/\" \/>\n<meta property=\"og:site_name\" content=\"RADIO LJUBU\u0160KI\" \/>\n<meta property=\"article:publisher\" content=\"https:\/\/www.facebook.com\/Radiio-Ljubuski-1490835324566332\" \/>\n<meta property=\"article:published_time\" content=\"2021-03-22T21:21:42+00:00\" \/>\n<meta property=\"article:modified_time\" content=\"2021-03-22T21:21:43+00:00\" \/>\n<meta property=\"og:image\" content=\"https:\/\/radioljubuski.ba\/wp-content\/uploads\/2021\/03\/9-2021-03-22-17-24-34-cigare-3.jpg\" \/>\n\t<meta property=\"og:image:width\" content=\"1000\" \/>\n\t<meta property=\"og:image:height\" content=\"625\" \/>\n\t<meta property=\"og:image:type\" content=\"image\/jpeg\" \/>\n<meta name=\"author\" content=\"Radio Ljubu\u0161ki\" \/>\n<meta name=\"twitter:card\" content=\"summary_large_image\" \/>\n<meta name=\"twitter:creator\" content=\"@radioljubuski\" \/>\n<meta name=\"twitter:site\" content=\"@radioljubuski\" \/>\n<meta name=\"twitter:label1\" content=\"Napisao\/la\" \/>\n\t<meta name=\"twitter:data1\" content=\"Radio Ljubu\u0161ki\" \/>\n\t<meta name=\"twitter:label2\" content=\"Procijenjeno vrijeme \u010ditanja\" \/>\n\t<meta name=\"twitter:data2\" content=\"1 minuta\" \/>\n<script type=\"application\/ld+json\" class=\"yoast-schema-graph\">{\"@context\":\"https:\\\/\\\/schema.org\",\"@graph\":[{\"@type\":\"Article\",\"@id\":\"https:\\\/\\\/radioljubuski.ba\\\/index.php\\\/2021\\\/03\\\/22\\\/uhicena-dvojica-bh-drzavljana-zbog-krijumcarenja-15-000-kutija-cigareta\\\/#article\",\"isPartOf\":{\"@id\":\"https:\\\/\\\/radioljubuski.ba\\\/index.php\\\/2021\\\/03\\\/22\\\/uhicena-dvojica-bh-drzavljana-zbog-krijumcarenja-15-000-kutija-cigareta\\\/\"},\"author\":{\"name\":\"Radio Ljubu\u0161ki\",\"@id\":\"https:\\\/\\\/radioljubuski.ba\\\/#\\\/schema\\\/person\\\/19fc700381a780f69665d7956c469e3b\"},\"headline\":\"Uhi\u0107ena dvojica bh. dr\u017eavljana zbog krijum\u010darenja 15 000 kutija cigareta\",\"datePublished\":\"2021-03-22T21:21:42+00:00\",\"dateModified\":\"2021-03-22T21:21:43+00:00\",\"mainEntityOfPage\":{\"@id\":\"https:\\\/\\\/radioljubuski.ba\\\/index.php\\\/2021\\\/03\\\/22\\\/uhicena-dvojica-bh-drzavljana-zbog-krijumcarenja-15-000-kutija-cigareta\\\/\"},\"wordCount\":198,\"publisher\":{\"@id\":\"https:\\\/\\\/radioljubuski.ba\\\/#organization\"},\"image\":{\"@id\":\"https:\\\/\\\/radioljubuski.ba\\\/index.php\\\/2021\\\/03\\\/22\\\/uhicena-dvojica-bh-drzavljana-zbog-krijumcarenja-15-000-kutija-cigareta\\\/#primaryimage\"},\"thumbnailUrl\":\"https:\\\/\\\/radioljubuski.ba\\\/wp-content\\\/uploads\\\/2021\\\/03\\\/9-2021-03-22-17-24-34-cigare-3.jpg\",\"articleSection\":[\"BIH i regija\"],\"inLanguage\":\"hr\"},{\"@type\":\"WebPage\",\"@id\":\"https:\\\/\\\/radioljubuski.ba\\\/index.php\\\/2021\\\/03\\\/22\\\/uhicena-dvojica-bh-drzavljana-zbog-krijumcarenja-15-000-kutija-cigareta\\\/\",\"url\":\"https:\\\/\\\/radioljubuski.ba\\\/index.php\\\/2021\\\/03\\\/22\\\/uhicena-dvojica-bh-drzavljana-zbog-krijumcarenja-15-000-kutija-cigareta\\\/\",\"name\":\"Uhi\u0107ena dvojica bh. dr\u017eavljana zbog krijum\u010darenja 15 000 kutija cigareta - RADIO LJUBU\u0160KI\",\"isPartOf\":{\"@id\":\"https:\\\/\\\/radioljubuski.ba\\\/#website\"},\"primaryImageOfPage\":{\"@id\":\"https:\\\/\\\/radioljubuski.ba\\\/index.php\\\/2021\\\/03\\\/22\\\/uhicena-dvojica-bh-drzavljana-zbog-krijumcarenja-15-000-kutija-cigareta\\\/#primaryimage\"},\"image\":{\"@id\":\"https:\\\/\\\/radioljubuski.ba\\\/index.php\\\/2021\\\/03\\\/22\\\/uhicena-dvojica-bh-drzavljana-zbog-krijumcarenja-15-000-kutija-cigareta\\\/#primaryimage\"},\"thumbnailUrl\":\"https:\\\/\\\/radioljubuski.ba\\\/wp-content\\\/uploads\\\/2021\\\/03\\\/9-2021-03-22-17-24-34-cigare-3.jpg\",\"datePublished\":\"2021-03-22T21:21:42+00:00\",\"dateModified\":\"2021-03-22T21:21:43+00:00\",\"breadcrumb\":{\"@id\":\"https:\\\/\\\/radioljubuski.ba\\\/index.php\\\/2021\\\/03\\\/22\\\/uhicena-dvojica-bh-drzavljana-zbog-krijumcarenja-15-000-kutija-cigareta\\\/#breadcrumb\"},\"inLanguage\":\"hr\",\"potentialAction\":[{\"@type\":\"ReadAction\",\"target\":[\"https:\\\/\\\/radioljubuski.ba\\\/index.php\\\/2021\\\/03\\\/22\\\/uhicena-dvojica-bh-drzavljana-zbog-krijumcarenja-15-000-kutija-cigareta\\\/\"]}]},{\"@type\":\"ImageObject\",\"inLanguage\":\"hr\",\"@id\":\"https:\\\/\\\/radioljubuski.ba\\\/index.php\\\/2021\\\/03\\\/22\\\/uhicena-dvojica-bh-drzavljana-zbog-krijumcarenja-15-000-kutija-cigareta\\\/#primaryimage\",\"url\":\"https:\\\/\\\/radioljubuski.ba\\\/wp-content\\\/uploads\\\/2021\\\/03\\\/9-2021-03-22-17-24-34-cigare-3.jpg\",\"contentUrl\":\"https:\\\/\\\/radioljubuski.ba\\\/wp-content\\\/uploads\\\/2021\\\/03\\\/9-2021-03-22-17-24-34-cigare-3.jpg\",\"width\":1000,\"height\":625},{\"@type\":\"BreadcrumbList\",\"@id\":\"https:\\\/\\\/radioljubuski.ba\\\/index.php\\\/2021\\\/03\\\/22\\\/uhicena-dvojica-bh-drzavljana-zbog-krijumcarenja-15-000-kutija-cigareta\\\/#breadcrumb\",\"itemListElement\":[{\"@type\":\"ListItem\",\"position\":1,\"name\":\"Po\u010detna stranica\",\"item\":\"https:\\\/\\\/radioljubuski.ba\\\/\"},{\"@type\":\"ListItem\",\"position\":2,\"name\":\"Uhi\u0107ena dvojica bh. dr\u017eavljana zbog krijum\u010darenja 15 000 kutija cigareta\"}]},{\"@type\":\"WebSite\",\"@id\":\"https:\\\/\\\/radioljubuski.ba\\\/#website\",\"url\":\"https:\\\/\\\/radioljubuski.ba\\\/\",\"name\":\"Radio Ljubu\u0161ki\",\"description\":\"Sun\u010dana frekvencija Hercegovine\",\"publisher\":{\"@id\":\"https:\\\/\\\/radioljubuski.ba\\\/#organization\"},\"potentialAction\":[{\"@type\":\"SearchAction\",\"target\":{\"@type\":\"EntryPoint\",\"urlTemplate\":\"https:\\\/\\\/radioljubuski.ba\\\/?s={search_term_string}\"},\"query-input\":{\"@type\":\"PropertyValueSpecification\",\"valueRequired\":true,\"valueName\":\"search_term_string\"}}],\"inLanguage\":\"hr\"},{\"@type\":\"Organization\",\"@id\":\"https:\\\/\\\/radioljubuski.ba\\\/#organization\",\"name\":\"Radio Ljubu\u0161ki\",\"url\":\"https:\\\/\\\/radioljubuski.ba\\\/\",\"logo\":{\"@type\":\"ImageObject\",\"inLanguage\":\"hr\",\"@id\":\"https:\\\/\\\/radioljubuski.ba\\\/#\\\/schema\\\/logo\\\/image\\\/\",\"url\":\"https:\\\/\\\/radioljubuski.ba\\\/wp-content\\\/uploads\\\/2021\\\/02\\\/cropped-Radio_Ljubuski_logo1.jpg\",\"contentUrl\":\"https:\\\/\\\/radioljubuski.ba\\\/wp-content\\\/uploads\\\/2021\\\/02\\\/cropped-Radio_Ljubuski_logo1.jpg\",\"width\":512,\"height\":512,\"caption\":\"Radio Ljubu\u0161ki\"},\"image\":{\"@id\":\"https:\\\/\\\/radioljubuski.ba\\\/#\\\/schema\\\/logo\\\/image\\\/\"},\"sameAs\":[\"https:\\\/\\\/www.facebook.com\\\/Radiio-Ljubuski-1490835324566332\",\"https:\\\/\\\/x.com\\\/radioljubuski\",\"https:\\\/\\\/hr.linkedin.com\\\/company\\\/radio-ljubuski\",\"https:\\\/\\\/www.youtube.com\\\/channel\\\/UCHYaeO_n0Db3tjNGudGpXyw\"]},{\"@type\":\"Person\",\"@id\":\"https:\\\/\\\/radioljubuski.ba\\\/#\\\/schema\\\/person\\\/19fc700381a780f69665d7956c469e3b\",\"name\":\"Radio Ljubu\u0161ki\"}]}<\/script>\n<!-- \/ Yoast SEO plugin. -->","yoast_head_json":{"title":"Uhi\u0107ena dvojica bh. dr\u017eavljana zbog krijum\u010darenja 15 000 kutija cigareta - RADIO LJUBU\u0160KI","robots":{"index":"index","follow":"follow","max-snippet":"max-snippet:-1","max-image-preview":"max-image-preview:large","max-video-preview":"max-video-preview:-1"},"canonical":"https:\/\/radioljubuski.ba\/index.php\/2021\/03\/22\/uhicena-dvojica-bh-drzavljana-zbog-krijumcarenja-15-000-kutija-cigareta\/","og_locale":"hr_HR","og_type":"article","og_title":"Uhi\u0107ena dvojica bh. dr\u017eavljana zbog krijum\u010darenja 15 000 kutija cigareta - RADIO LJUBU\u0160KI","og_description":"Pripadnici Sredi\u0161njeg istra\u017enog ureda Grani\u010dne policije BiH i Jedinice grani\u010dne policije Hum su u ponedjeljak uhitili dvojicu dr\u017eavljana BiH, nakon \u0161to su otkriveni u krijum\u010darenju 15 000 kutija razli\u010ditih vrsta cigareta bez akciznih markica, \u010dija se tr\u017ei\u0161na vrijednost procjenjuje na vi\u0161e 70 tisu\u0107a KM.&nbsp; Cigarete su otkrivene prilikom kontrole putni\u010dkog motornog vozila &#8216;Hyundai&#8217;, bez registarskih [&hellip;]","og_url":"https:\/\/radioljubuski.ba\/index.php\/2021\/03\/22\/uhicena-dvojica-bh-drzavljana-zbog-krijumcarenja-15-000-kutija-cigareta\/","og_site_name":"RADIO LJUBU\u0160KI","article_publisher":"https:\/\/www.facebook.com\/Radiio-Ljubuski-1490835324566332","article_published_time":"2021-03-22T21:21:42+00:00","article_modified_time":"2021-03-22T21:21:43+00:00","og_image":[{"width":1000,"height":625,"url":"https:\/\/radioljubuski.ba\/wp-content\/uploads\/2021\/03\/9-2021-03-22-17-24-34-cigare-3.jpg","type":"image\/jpeg"}],"author":"Radio Ljubu\u0161ki","twitter_card":"summary_large_image","twitter_creator":"@radioljubuski","twitter_site":"@radioljubuski","twitter_misc":{"Napisao\/la":"Radio Ljubu\u0161ki","Procijenjeno vrijeme \u010ditanja":"1 minuta"},"schema":{"@context":"https:\/\/schema.org","@graph":[{"@type":"Article","@id":"https:\/\/radioljubuski.ba\/index.php\/2021\/03\/22\/uhicena-dvojica-bh-drzavljana-zbog-krijumcarenja-15-000-kutija-cigareta\/#article","isPartOf":{"@id":"https:\/\/radioljubuski.ba\/index.php\/2021\/03\/22\/uhicena-dvojica-bh-drzavljana-zbog-krijumcarenja-15-000-kutija-cigareta\/"},"author":{"name":"Radio Ljubu\u0161ki","@id":"https:\/\/radioljubuski.ba\/#\/schema\/person\/19fc700381a780f69665d7956c469e3b"},"headline":"Uhi\u0107ena dvojica bh. dr\u017eavljana zbog krijum\u010darenja 15 000 kutija cigareta","datePublished":"2021-03-22T21:21:42+00:00","dateModified":"2021-03-22T21:21:43+00:00","mainEntityOfPage":{"@id":"https:\/\/radioljubuski.ba\/index.php\/2021\/03\/22\/uhicena-dvojica-bh-drzavljana-zbog-krijumcarenja-15-000-kutija-cigareta\/"},"wordCount":198,"publisher":{"@id":"https:\/\/radioljubuski.ba\/#organization"},"image":{"@id":"https:\/\/radioljubuski.ba\/index.php\/2021\/03\/22\/uhicena-dvojica-bh-drzavljana-zbog-krijumcarenja-15-000-kutija-cigareta\/#primaryimage"},"thumbnailUrl":"https:\/\/radioljubuski.ba\/wp-content\/uploads\/2021\/03\/9-2021-03-22-17-24-34-cigare-3.jpg","articleSection":["BIH i regija"],"inLanguage":"hr"},{"@type":"WebPage","@id":"https:\/\/radioljubuski.ba\/index.php\/2021\/03\/22\/uhicena-dvojica-bh-drzavljana-zbog-krijumcarenja-15-000-kutija-cigareta\/","url":"https:\/\/radioljubuski.ba\/index.php\/2021\/03\/22\/uhicena-dvojica-bh-drzavljana-zbog-krijumcarenja-15-000-kutija-cigareta\/","name":"Uhi\u0107ena dvojica bh. dr\u017eavljana zbog krijum\u010darenja 15 000 kutija cigareta - RADIO LJUBU\u0160KI","isPartOf":{"@id":"https:\/\/radioljubuski.ba\/#website"},"primaryImageOfPage":{"@id":"https:\/\/radioljubuski.ba\/index.php\/2021\/03\/22\/uhicena-dvojica-bh-drzavljana-zbog-krijumcarenja-15-000-kutija-cigareta\/#primaryimage"},"image":{"@id":"https:\/\/radioljubuski.ba\/index.php\/2021\/03\/22\/uhicena-dvojica-bh-drzavljana-zbog-krijumcarenja-15-000-kutija-cigareta\/#primaryimage"},"thumbnailUrl":"https:\/\/radioljubuski.ba\/wp-content\/uploads\/2021\/03\/9-2021-03-22-17-24-34-cigare-3.jpg","datePublished":"2021-03-22T21:21:42+00:00","dateModified":"2021-03-22T21:21:43+00:00","breadcrumb":{"@id":"https:\/\/radioljubuski.ba\/index.php\/2021\/03\/22\/uhicena-dvojica-bh-drzavljana-zbog-krijumcarenja-15-000-kutija-cigareta\/#breadcrumb"},"inLanguage":"hr","potentialAction":[{"@type":"ReadAction","target":["https:\/\/radioljubuski.ba\/index.php\/2021\/03\/22\/uhicena-dvojica-bh-drzavljana-zbog-krijumcarenja-15-000-kutija-cigareta\/"]}]},{"@type":"ImageObject","inLanguage":"hr","@id":"https:\/\/radioljubuski.ba\/index.php\/2021\/03\/22\/uhicena-dvojica-bh-drzavljana-zbog-krijumcarenja-15-000-kutija-cigareta\/#primaryimage","url":"https:\/\/radioljubuski.ba\/wp-content\/uploads\/2021\/03\/9-2021-03-22-17-24-34-cigare-3.jpg","contentUrl":"https:\/\/radioljubuski.ba\/wp-content\/uploads\/2021\/03\/9-2021-03-22-17-24-34-cigare-3.jpg","width":1000,"height":625},{"@type":"BreadcrumbList","@id":"https:\/\/radioljubuski.ba\/index.php\/2021\/03\/22\/uhicena-dvojica-bh-drzavljana-zbog-krijumcarenja-15-000-kutija-cigareta\/#breadcrumb","itemListElement":[{"@type":"ListItem","position":1,"name":"Po\u010detna stranica","item":"https:\/\/radioljubuski.ba\/"},{"@type":"ListItem","position":2,"name":"Uhi\u0107ena dvojica bh. dr\u017eavljana zbog krijum\u010darenja 15 000 kutija cigareta"}]},{"@type":"WebSite","@id":"https:\/\/radioljubuski.ba\/#website","url":"https:\/\/radioljubuski.ba\/","name":"Radio Ljubu\u0161ki","description":"Sun\u010dana frekvencija Hercegovine","publisher":{"@id":"https:\/\/radioljubuski.ba\/#organization"},"potentialAction":[{"@type":"SearchAction","target":{"@type":"EntryPoint","urlTemplate":"https:\/\/radioljubuski.ba\/?s={search_term_string}"},"query-input":{"@type":"PropertyValueSpecification","valueRequired":true,"valueName":"search_term_string"}}],"inLanguage":"hr"},{"@type":"Organization","@id":"https:\/\/radioljubuski.ba\/#organization","name":"Radio Ljubu\u0161ki","url":"https:\/\/radioljubuski.ba\/","logo":{"@type":"ImageObject","inLanguage":"hr","@id":"https:\/\/radioljubuski.ba\/#\/schema\/logo\/image\/","url":"https:\/\/radioljubuski.ba\/wp-content\/uploads\/2021\/02\/cropped-Radio_Ljubuski_logo1.jpg","contentUrl":"https:\/\/radioljubuski.ba\/wp-content\/uploads\/2021\/02\/cropped-Radio_Ljubuski_logo1.jpg","width":512,"height":512,"caption":"Radio Ljubu\u0161ki"},"image":{"@id":"https:\/\/radioljubuski.ba\/#\/schema\/logo\/image\/"},"sameAs":["https:\/\/www.facebook.com\/Radiio-Ljubuski-1490835324566332","https:\/\/x.com\/radioljubuski","https:\/\/hr.linkedin.com\/company\/radio-ljubuski","https:\/\/www.youtube.com\/channel\/UCHYaeO_n0Db3tjNGudGpXyw"]},{"@type":"Person","@id":"https:\/\/radioljubuski.ba\/#\/schema\/person\/19fc700381a780f69665d7956c469e3b","name":"Radio Ljubu\u0161ki"}]}},"_links":{"self":[{"href":"https:\/\/radioljubuski.ba\/index.php\/wp-json\/wp\/v2\/posts\/5985","targetHints":{"allow":["GET"]}}],"collection":[{"href":"https:\/\/radioljubuski.ba\/index.php\/wp-json\/wp\/v2\/posts"}],"about":[{"href":"https:\/\/radioljubuski.ba\/index.php\/wp-json\/wp\/v2\/types\/post"}],"author":[{"embeddable":true,"href":"https:\/\/radioljubuski.ba\/index.php\/wp-json\/wp\/v2\/users\/2"}],"replies":[{"embeddable":true,"href":"https:\/\/radioljubuski.ba\/index.php\/wp-json\/wp\/v2\/comments?post=5985"}],"version-history":[{"count":1,"href":"https:\/\/radioljubuski.ba\/index.php\/wp-json\/wp\/v2\/posts\/5985\/revisions"}],"predecessor-version":[{"id":5987,"href":"https:\/\/radioljubuski.ba\/index.php\/wp-json\/wp\/v2\/posts\/5985\/revisions\/5987"}],"wp:featuredmedia":[{"embeddable":true,"href":"https:\/\/radioljubuski.ba\/index.php\/wp-json\/wp\/v2\/media\/5986"}],"wp:attachment":[{"href":"https:\/\/radioljubuski.ba\/index.php\/wp-json\/wp\/v2\/media?parent=5985"}],"wp:term":[{"taxonomy":"category","embeddable":true,"href":"https:\/\/radioljubuski.ba\/index.php\/wp-json\/wp\/v2\/categories?post=5985"},{"taxonomy":"post_tag","embeddable":true,"href":"https:\/\/radioljubuski.ba\/index.php\/wp-json\/wp\/v2\/tags?post=5985"}],"curies":[{"name":"wp","href":"https:\/\/api.w.org\/{rel}","templated":true}]}}