{"id":59936,"date":"2021-09-01T14:00:17","date_gmt":"2021-09-01T13:00:17","guid":{"rendered":"https:\/\/radioljubuski.ba\/?p=59936"},"modified":"2021-09-01T14:00:18","modified_gmt":"2021-09-01T13:00:18","slug":"hsp-se-pridruzio-inicijativi-hrvatskih-suverenista-zastitimo-hrvatsku-kunu","status":"publish","type":"post","link":"https:\/\/radioljubuski.ba\/index.php\/2021\/09\/01\/hsp-se-pridruzio-inicijativi-hrvatskih-suverenista-zastitimo-hrvatsku-kunu\/","title":{"rendered":"HSP se pridru\u017eio inicijativi Hrvatskih suverenista &#8211; Za\u0161titimo hrvatsku kunu"},"content":{"rendered":"\n<p>Hrvatska stranka suverenista je zajedno sa Hrvatskom strankom prava odr\u017eala je konferenciju za novinare na kojoj su govorili o inicijativi Za\u0161titimo hrvatsku kunu. Najavili su da \u0107e u listopadu pokrenuti prikupljanje potpisa za referendum o tome da se zadr\u017ei hrvatska kuna jer smatraju da Hrvatska nije spremna u\u0107i u eurozonu.&nbsp;<\/p>\n\n\n\n<p><strong>Marin Pavli\u010dek<\/strong>,\u00a0 saborski zastupnik Kluba zastupnika Hrvatskih suverenista, kazao je da se osim Hrvatske stranke prava, njihovoj incijativi ve\u0107 ranije pridru\u017eili i Generacija obnove i Neovisni za Hrvatsku.\u00a0<br><br>&#8211; HSP ima svoju strukturu i mo\u017ee pripomo\u0107i u realizaciji ove inicijative i prikupljanju potpisa koje \u0107e biti u drugoj polovici listopada. U zadnjih nekoliko dana svjedoci smo napada koji idu od krajnje ljevice do krajnje desnice, odnosno od lijevog pa do desnog politi\u010dkog spektra na ovu inicijativu. Ne \u010dudi nas kad napadi dolaze od SDP-a i HDZ-a, jer se radi o strankama koje provode globalisti\u010dku politiku, tj. politiku klanjanja europskim mo\u0107nicima. Ali nas \u010dudi kada prozivke dolaze iz demokr\u0161\u0107anske oporbe, koje smatraju da Hrvatski suverenisti nisu relevantan politi\u010dki \u010dimbenik, da nisu u stanju provesti ovakav bitan referendum. \u017delim im poru\u010diti da \u0107e Hrvatski suverenisti sa strankama koje su im dale potporu &#8211; sakupiti dovoljan broj potpisa, istaknuo je.\u00a0<br><br>Nagla\u0161ava da Hrvatska nije spremna za uvo\u0111enje eura. Dodaje da svi ekonomski pokazatelji govore da se Hrvatska nalazi na samom za\u010delju europskog razvoja \u0161to se ti\u010de EU-a.\u00a0<br><br>&#8211; Po \u017eivotnom standardu hrvatskih gra\u0111ana i njihovoj kupovnoj mo\u0107i smo na za\u010delju u EU-u. Ulaskom u eurozonu stvorit \u0107emo jo\u0161 jedan sloj osiroma\u0161enih gra\u0111ana. Do\u0107i \u0107e do rasta cijena, a pla\u0107e i mirovine to ne\u0107e mo\u0107i pratiti. Najvi\u0161e \u0107e biti pogo\u0111eni umirovljenici, gdje \u0107e jedna mirovina iznositi oko 300 eura. Po svim pokazateljima umirovljenici \u0107e od te mirovine vi\u0161e od 50% morati dati za osnovne prehrambene potrebe. Smatramo da ne trebamo srljati. Ugledajmo se na neke druge dr\u017eave koje su prije nas u\u0161le u EU, kao \u0161to je \u010ce\u0161ka, Poljska i Ma\u0111arska, \u010dija su gospodarstva ja\u010da od hrvatskog. Oni \u017eeli za\u0161tititi standard svojih gra\u0111ana. Na\u017ealost na\u0161i vladaju\u0107i najprije gledaju mi\u0161ljenje Bruxellesa, a onda hrvatskog naroda, kazao je.\u00a0<br><br>Uvjereni smo da \u0107e do\u0107i do jo\u0161 jednog vala iseljavanja zbog sve lo\u0161ijeg standarda gra\u0111ana. Uvjereni smo da jedino hrvatski narod mo\u017ee odlu\u010diti \u017eeli li promjenu nacionalne valute, kazao je.\u00a0<br><br>Rekao je da o\u010dekuje potporu i istaknutih pojedinaca, brojnih udruga te u kona\u010dnici hrvatskog naroda.<br><br><strong>Nikica Augustinovi\u0107,<\/strong> predsjednik Hrvatske stranke prava, kazao je da je HSP bez promi\u0161ljao prihvatio poziv da se odazove incijativi da se za\u0161titi hrvatska kuna.\u00a0<br><br>&#8211; HSP je bila mo\u017eda jedina stranka, u vrijeme ulaska RH u EU, koja je govorila da je to prerano. Smatramo da nije trenutak za spajanjem monetarnog sustava Hrvatske s Europskom unijom, izjavio je.\u00a0<br><br>Smatra da je nedvojbeno da hrvatski narod mora odlu\u010divati o hrvatskoj kuni.\u00a0Definitivno hrvatska kuna mora ostati dio identiteta Republike Hrvatske, kazao je me\u0111u ostalim Augustinovi\u0107 te je pozvao gra\u0111ane RH da podr\u017ee inicijativu za za\u0161titom hrvatske kune.\u00a0<\/p>\n\n\n\n<div style=\"width: 640px;\" class=\"wp-video\"><video class=\"wp-video-shortcode\" id=\"video-59936-1\" width=\"640\" height=\"360\" preload=\"metadata\" controls=\"controls\"><source type=\"video\/mp4\" src=\"https:\/\/api.hrt.hr\/media\/6f\/1b\/st4-010921-pressssuverenisti-20210901123009.mp4?_=1\" \/><a href=\"https:\/\/api.hrt.hr\/media\/6f\/1b\/st4-010921-pressssuverenisti-20210901123009.mp4\">https:\/\/api.hrt.hr\/media\/6f\/1b\/st4-010921-pressssuverenisti-20210901123009.mp4<\/a><\/video><\/div>\n\n\n\n<p>Izvor:hrt.hr<\/p>\n","protected":false},"excerpt":{"rendered":"<p>Hrvatska stranka suverenista je zajedno sa Hrvatskom strankom prava odr\u017eala je konferenciju za novinare na kojoj su govorili o inicijativi Za\u0161titimo hrvatsku kunu. Najavili su da \u0107e u listopadu pokrenuti prikupljanje potpisa za referendum o tome da se zadr\u017ei hrvatska kuna jer smatraju da Hrvatska nije spremna u\u0107i u eurozonu.&nbsp; Marin Pavli\u010dek,\u00a0 saborski zastupnik Kluba [&hellip;]<\/p>\n","protected":false},"author":2,"featured_media":59937,"comment_status":"closed","ping_status":"closed","sticky":false,"template":"","format":"standard","meta":{"h5ap_radio_sources":[],"footnotes":""},"categories":[1],"tags":[],"class_list":["post-59936","post","type-post","status-publish","format-standard","has-post-thumbnail","hentry","category-bihiregija"],"yoast_head":"<!-- This site is optimized with the Yoast SEO plugin v27.5 - https:\/\/yoast.com\/product\/yoast-seo-wordpress\/ -->\n<title>HSP se pridru\u017eio inicijativi Hrvatskih suverenista - Za\u0161titimo hrvatsku kunu - RADIO LJUBU\u0160KI<\/title>\n<meta name=\"robots\" content=\"index, follow, max-snippet:-1, max-image-preview:large, max-video-preview:-1\" \/>\n<link rel=\"canonical\" href=\"https:\/\/radioljubuski.ba\/index.php\/2021\/09\/01\/hsp-se-pridruzio-inicijativi-hrvatskih-suverenista-zastitimo-hrvatsku-kunu\/\" \/>\n<meta property=\"og:locale\" content=\"hr_HR\" \/>\n<meta property=\"og:type\" content=\"article\" \/>\n<meta property=\"og:title\" content=\"HSP se pridru\u017eio inicijativi Hrvatskih suverenista - Za\u0161titimo hrvatsku kunu - RADIO LJUBU\u0160KI\" \/>\n<meta property=\"og:description\" content=\"Hrvatska stranka suverenista je zajedno sa Hrvatskom strankom prava odr\u017eala je konferenciju za novinare na kojoj su govorili o inicijativi Za\u0161titimo hrvatsku kunu. Najavili su da \u0107e u listopadu pokrenuti prikupljanje potpisa za referendum o tome da se zadr\u017ei hrvatska kuna jer smatraju da Hrvatska nije spremna u\u0107i u eurozonu.&nbsp; Marin Pavli\u010dek,\u00a0 saborski zastupnik Kluba [&hellip;]\" \/>\n<meta property=\"og:url\" content=\"https:\/\/radioljubuski.ba\/index.php\/2021\/09\/01\/hsp-se-pridruzio-inicijativi-hrvatskih-suverenista-zastitimo-hrvatsku-kunu\/\" \/>\n<meta property=\"og:site_name\" content=\"RADIO LJUBU\u0160KI\" \/>\n<meta property=\"article:publisher\" content=\"https:\/\/www.facebook.com\/Radiio-Ljubuski-1490835324566332\" \/>\n<meta property=\"article:published_time\" content=\"2021-09-01T13:00:17+00:00\" \/>\n<meta property=\"article:modified_time\" content=\"2021-09-01T13:00:18+00:00\" \/>\n<meta property=\"og:image\" content=\"https:\/\/radioljubuski.ba\/wp-content\/uploads\/2021\/09\/77.jpg\" \/>\n\t<meta property=\"og:image:width\" content=\"293\" \/>\n\t<meta property=\"og:image:height\" content=\"172\" \/>\n\t<meta property=\"og:image:type\" content=\"image\/jpeg\" \/>\n<meta name=\"author\" content=\"Radio Ljubu\u0161ki\" \/>\n<meta name=\"twitter:card\" content=\"summary_large_image\" \/>\n<meta name=\"twitter:creator\" content=\"@radioljubuski\" \/>\n<meta name=\"twitter:site\" content=\"@radioljubuski\" \/>\n<meta name=\"twitter:label1\" content=\"Napisao\/la\" \/>\n\t<meta name=\"twitter:data1\" content=\"Radio Ljubu\u0161ki\" \/>\n\t<meta name=\"twitter:label2\" content=\"Procijenjeno vrijeme \u010ditanja\" \/>\n\t<meta name=\"twitter:data2\" content=\"3 minute\" \/>\n<script type=\"application\/ld+json\" class=\"yoast-schema-graph\">{\"@context\":\"https:\\\/\\\/schema.org\",\"@graph\":[{\"@type\":\"Article\",\"@id\":\"https:\\\/\\\/radioljubuski.ba\\\/index.php\\\/2021\\\/09\\\/01\\\/hsp-se-pridruzio-inicijativi-hrvatskih-suverenista-zastitimo-hrvatsku-kunu\\\/#article\",\"isPartOf\":{\"@id\":\"https:\\\/\\\/radioljubuski.ba\\\/index.php\\\/2021\\\/09\\\/01\\\/hsp-se-pridruzio-inicijativi-hrvatskih-suverenista-zastitimo-hrvatsku-kunu\\\/\"},\"author\":{\"name\":\"Radio Ljubu\u0161ki\",\"@id\":\"https:\\\/\\\/radioljubuski.ba\\\/#\\\/schema\\\/person\\\/19fc700381a780f69665d7956c469e3b\"},\"headline\":\"HSP se pridru\u017eio inicijativi Hrvatskih suverenista &#8211; Za\u0161titimo hrvatsku kunu\",\"datePublished\":\"2021-09-01T13:00:17+00:00\",\"dateModified\":\"2021-09-01T13:00:18+00:00\",\"mainEntityOfPage\":{\"@id\":\"https:\\\/\\\/radioljubuski.ba\\\/index.php\\\/2021\\\/09\\\/01\\\/hsp-se-pridruzio-inicijativi-hrvatskih-suverenista-zastitimo-hrvatsku-kunu\\\/\"},\"wordCount\":564,\"publisher\":{\"@id\":\"https:\\\/\\\/radioljubuski.ba\\\/#organization\"},\"image\":{\"@id\":\"https:\\\/\\\/radioljubuski.ba\\\/index.php\\\/2021\\\/09\\\/01\\\/hsp-se-pridruzio-inicijativi-hrvatskih-suverenista-zastitimo-hrvatsku-kunu\\\/#primaryimage\"},\"thumbnailUrl\":\"https:\\\/\\\/radioljubuski.ba\\\/wp-content\\\/uploads\\\/2021\\\/09\\\/77.jpg\",\"articleSection\":[\"BIH i regija\"],\"inLanguage\":\"hr\"},{\"@type\":\"WebPage\",\"@id\":\"https:\\\/\\\/radioljubuski.ba\\\/index.php\\\/2021\\\/09\\\/01\\\/hsp-se-pridruzio-inicijativi-hrvatskih-suverenista-zastitimo-hrvatsku-kunu\\\/\",\"url\":\"https:\\\/\\\/radioljubuski.ba\\\/index.php\\\/2021\\\/09\\\/01\\\/hsp-se-pridruzio-inicijativi-hrvatskih-suverenista-zastitimo-hrvatsku-kunu\\\/\",\"name\":\"HSP se pridru\u017eio inicijativi Hrvatskih suverenista - Za\u0161titimo hrvatsku kunu - RADIO LJUBU\u0160KI\",\"isPartOf\":{\"@id\":\"https:\\\/\\\/radioljubuski.ba\\\/#website\"},\"primaryImageOfPage\":{\"@id\":\"https:\\\/\\\/radioljubuski.ba\\\/index.php\\\/2021\\\/09\\\/01\\\/hsp-se-pridruzio-inicijativi-hrvatskih-suverenista-zastitimo-hrvatsku-kunu\\\/#primaryimage\"},\"image\":{\"@id\":\"https:\\\/\\\/radioljubuski.ba\\\/index.php\\\/2021\\\/09\\\/01\\\/hsp-se-pridruzio-inicijativi-hrvatskih-suverenista-zastitimo-hrvatsku-kunu\\\/#primaryimage\"},\"thumbnailUrl\":\"https:\\\/\\\/radioljubuski.ba\\\/wp-content\\\/uploads\\\/2021\\\/09\\\/77.jpg\",\"datePublished\":\"2021-09-01T13:00:17+00:00\",\"dateModified\":\"2021-09-01T13:00:18+00:00\",\"breadcrumb\":{\"@id\":\"https:\\\/\\\/radioljubuski.ba\\\/index.php\\\/2021\\\/09\\\/01\\\/hsp-se-pridruzio-inicijativi-hrvatskih-suverenista-zastitimo-hrvatsku-kunu\\\/#breadcrumb\"},\"inLanguage\":\"hr\",\"potentialAction\":[{\"@type\":\"ReadAction\",\"target\":[\"https:\\\/\\\/radioljubuski.ba\\\/index.php\\\/2021\\\/09\\\/01\\\/hsp-se-pridruzio-inicijativi-hrvatskih-suverenista-zastitimo-hrvatsku-kunu\\\/\"]}]},{\"@type\":\"ImageObject\",\"inLanguage\":\"hr\",\"@id\":\"https:\\\/\\\/radioljubuski.ba\\\/index.php\\\/2021\\\/09\\\/01\\\/hsp-se-pridruzio-inicijativi-hrvatskih-suverenista-zastitimo-hrvatsku-kunu\\\/#primaryimage\",\"url\":\"https:\\\/\\\/radioljubuski.ba\\\/wp-content\\\/uploads\\\/2021\\\/09\\\/77.jpg\",\"contentUrl\":\"https:\\\/\\\/radioljubuski.ba\\\/wp-content\\\/uploads\\\/2021\\\/09\\\/77.jpg\",\"width\":293,\"height\":172},{\"@type\":\"BreadcrumbList\",\"@id\":\"https:\\\/\\\/radioljubuski.ba\\\/index.php\\\/2021\\\/09\\\/01\\\/hsp-se-pridruzio-inicijativi-hrvatskih-suverenista-zastitimo-hrvatsku-kunu\\\/#breadcrumb\",\"itemListElement\":[{\"@type\":\"ListItem\",\"position\":1,\"name\":\"Po\u010detna stranica\",\"item\":\"https:\\\/\\\/radioljubuski.ba\\\/\"},{\"@type\":\"ListItem\",\"position\":2,\"name\":\"HSP se pridru\u017eio inicijativi Hrvatskih suverenista &#8211; Za\u0161titimo hrvatsku kunu\"}]},{\"@type\":\"WebSite\",\"@id\":\"https:\\\/\\\/radioljubuski.ba\\\/#website\",\"url\":\"https:\\\/\\\/radioljubuski.ba\\\/\",\"name\":\"Radio Ljubu\u0161ki\",\"description\":\"Sun\u010dana frekvencija Hercegovine\",\"publisher\":{\"@id\":\"https:\\\/\\\/radioljubuski.ba\\\/#organization\"},\"potentialAction\":[{\"@type\":\"SearchAction\",\"target\":{\"@type\":\"EntryPoint\",\"urlTemplate\":\"https:\\\/\\\/radioljubuski.ba\\\/?s={search_term_string}\"},\"query-input\":{\"@type\":\"PropertyValueSpecification\",\"valueRequired\":true,\"valueName\":\"search_term_string\"}}],\"inLanguage\":\"hr\"},{\"@type\":\"Organization\",\"@id\":\"https:\\\/\\\/radioljubuski.ba\\\/#organization\",\"name\":\"Radio Ljubu\u0161ki\",\"url\":\"https:\\\/\\\/radioljubuski.ba\\\/\",\"logo\":{\"@type\":\"ImageObject\",\"inLanguage\":\"hr\",\"@id\":\"https:\\\/\\\/radioljubuski.ba\\\/#\\\/schema\\\/logo\\\/image\\\/\",\"url\":\"https:\\\/\\\/radioljubuski.ba\\\/wp-content\\\/uploads\\\/2021\\\/02\\\/cropped-Radio_Ljubuski_logo1.jpg\",\"contentUrl\":\"https:\\\/\\\/radioljubuski.ba\\\/wp-content\\\/uploads\\\/2021\\\/02\\\/cropped-Radio_Ljubuski_logo1.jpg\",\"width\":512,\"height\":512,\"caption\":\"Radio Ljubu\u0161ki\"},\"image\":{\"@id\":\"https:\\\/\\\/radioljubuski.ba\\\/#\\\/schema\\\/logo\\\/image\\\/\"},\"sameAs\":[\"https:\\\/\\\/www.facebook.com\\\/Radiio-Ljubuski-1490835324566332\",\"https:\\\/\\\/x.com\\\/radioljubuski\",\"https:\\\/\\\/hr.linkedin.com\\\/company\\\/radio-ljubuski\",\"https:\\\/\\\/www.youtube.com\\\/channel\\\/UCHYaeO_n0Db3tjNGudGpXyw\"]},{\"@type\":\"Person\",\"@id\":\"https:\\\/\\\/radioljubuski.ba\\\/#\\\/schema\\\/person\\\/19fc700381a780f69665d7956c469e3b\",\"name\":\"Radio Ljubu\u0161ki\"}]}<\/script>\n<!-- \/ Yoast SEO plugin. -->","yoast_head_json":{"title":"HSP se pridru\u017eio inicijativi Hrvatskih suverenista - Za\u0161titimo hrvatsku kunu - RADIO LJUBU\u0160KI","robots":{"index":"index","follow":"follow","max-snippet":"max-snippet:-1","max-image-preview":"max-image-preview:large","max-video-preview":"max-video-preview:-1"},"canonical":"https:\/\/radioljubuski.ba\/index.php\/2021\/09\/01\/hsp-se-pridruzio-inicijativi-hrvatskih-suverenista-zastitimo-hrvatsku-kunu\/","og_locale":"hr_HR","og_type":"article","og_title":"HSP se pridru\u017eio inicijativi Hrvatskih suverenista - Za\u0161titimo hrvatsku kunu - RADIO LJUBU\u0160KI","og_description":"Hrvatska stranka suverenista je zajedno sa Hrvatskom strankom prava odr\u017eala je konferenciju za novinare na kojoj su govorili o inicijativi Za\u0161titimo hrvatsku kunu. Najavili su da \u0107e u listopadu pokrenuti prikupljanje potpisa za referendum o tome da se zadr\u017ei hrvatska kuna jer smatraju da Hrvatska nije spremna u\u0107i u eurozonu.&nbsp; Marin Pavli\u010dek,\u00a0 saborski zastupnik Kluba [&hellip;]","og_url":"https:\/\/radioljubuski.ba\/index.php\/2021\/09\/01\/hsp-se-pridruzio-inicijativi-hrvatskih-suverenista-zastitimo-hrvatsku-kunu\/","og_site_name":"RADIO LJUBU\u0160KI","article_publisher":"https:\/\/www.facebook.com\/Radiio-Ljubuski-1490835324566332","article_published_time":"2021-09-01T13:00:17+00:00","article_modified_time":"2021-09-01T13:00:18+00:00","og_image":[{"width":293,"height":172,"url":"https:\/\/radioljubuski.ba\/wp-content\/uploads\/2021\/09\/77.jpg","type":"image\/jpeg"}],"author":"Radio Ljubu\u0161ki","twitter_card":"summary_large_image","twitter_creator":"@radioljubuski","twitter_site":"@radioljubuski","twitter_misc":{"Napisao\/la":"Radio Ljubu\u0161ki","Procijenjeno vrijeme \u010ditanja":"3 minute"},"schema":{"@context":"https:\/\/schema.org","@graph":[{"@type":"Article","@id":"https:\/\/radioljubuski.ba\/index.php\/2021\/09\/01\/hsp-se-pridruzio-inicijativi-hrvatskih-suverenista-zastitimo-hrvatsku-kunu\/#article","isPartOf":{"@id":"https:\/\/radioljubuski.ba\/index.php\/2021\/09\/01\/hsp-se-pridruzio-inicijativi-hrvatskih-suverenista-zastitimo-hrvatsku-kunu\/"},"author":{"name":"Radio Ljubu\u0161ki","@id":"https:\/\/radioljubuski.ba\/#\/schema\/person\/19fc700381a780f69665d7956c469e3b"},"headline":"HSP se pridru\u017eio inicijativi Hrvatskih suverenista &#8211; Za\u0161titimo hrvatsku kunu","datePublished":"2021-09-01T13:00:17+00:00","dateModified":"2021-09-01T13:00:18+00:00","mainEntityOfPage":{"@id":"https:\/\/radioljubuski.ba\/index.php\/2021\/09\/01\/hsp-se-pridruzio-inicijativi-hrvatskih-suverenista-zastitimo-hrvatsku-kunu\/"},"wordCount":564,"publisher":{"@id":"https:\/\/radioljubuski.ba\/#organization"},"image":{"@id":"https:\/\/radioljubuski.ba\/index.php\/2021\/09\/01\/hsp-se-pridruzio-inicijativi-hrvatskih-suverenista-zastitimo-hrvatsku-kunu\/#primaryimage"},"thumbnailUrl":"https:\/\/radioljubuski.ba\/wp-content\/uploads\/2021\/09\/77.jpg","articleSection":["BIH i regija"],"inLanguage":"hr"},{"@type":"WebPage","@id":"https:\/\/radioljubuski.ba\/index.php\/2021\/09\/01\/hsp-se-pridruzio-inicijativi-hrvatskih-suverenista-zastitimo-hrvatsku-kunu\/","url":"https:\/\/radioljubuski.ba\/index.php\/2021\/09\/01\/hsp-se-pridruzio-inicijativi-hrvatskih-suverenista-zastitimo-hrvatsku-kunu\/","name":"HSP se pridru\u017eio inicijativi Hrvatskih suverenista - Za\u0161titimo hrvatsku kunu - RADIO LJUBU\u0160KI","isPartOf":{"@id":"https:\/\/radioljubuski.ba\/#website"},"primaryImageOfPage":{"@id":"https:\/\/radioljubuski.ba\/index.php\/2021\/09\/01\/hsp-se-pridruzio-inicijativi-hrvatskih-suverenista-zastitimo-hrvatsku-kunu\/#primaryimage"},"image":{"@id":"https:\/\/radioljubuski.ba\/index.php\/2021\/09\/01\/hsp-se-pridruzio-inicijativi-hrvatskih-suverenista-zastitimo-hrvatsku-kunu\/#primaryimage"},"thumbnailUrl":"https:\/\/radioljubuski.ba\/wp-content\/uploads\/2021\/09\/77.jpg","datePublished":"2021-09-01T13:00:17+00:00","dateModified":"2021-09-01T13:00:18+00:00","breadcrumb":{"@id":"https:\/\/radioljubuski.ba\/index.php\/2021\/09\/01\/hsp-se-pridruzio-inicijativi-hrvatskih-suverenista-zastitimo-hrvatsku-kunu\/#breadcrumb"},"inLanguage":"hr","potentialAction":[{"@type":"ReadAction","target":["https:\/\/radioljubuski.ba\/index.php\/2021\/09\/01\/hsp-se-pridruzio-inicijativi-hrvatskih-suverenista-zastitimo-hrvatsku-kunu\/"]}]},{"@type":"ImageObject","inLanguage":"hr","@id":"https:\/\/radioljubuski.ba\/index.php\/2021\/09\/01\/hsp-se-pridruzio-inicijativi-hrvatskih-suverenista-zastitimo-hrvatsku-kunu\/#primaryimage","url":"https:\/\/radioljubuski.ba\/wp-content\/uploads\/2021\/09\/77.jpg","contentUrl":"https:\/\/radioljubuski.ba\/wp-content\/uploads\/2021\/09\/77.jpg","width":293,"height":172},{"@type":"BreadcrumbList","@id":"https:\/\/radioljubuski.ba\/index.php\/2021\/09\/01\/hsp-se-pridruzio-inicijativi-hrvatskih-suverenista-zastitimo-hrvatsku-kunu\/#breadcrumb","itemListElement":[{"@type":"ListItem","position":1,"name":"Po\u010detna stranica","item":"https:\/\/radioljubuski.ba\/"},{"@type":"ListItem","position":2,"name":"HSP se pridru\u017eio inicijativi Hrvatskih suverenista &#8211; Za\u0161titimo hrvatsku kunu"}]},{"@type":"WebSite","@id":"https:\/\/radioljubuski.ba\/#website","url":"https:\/\/radioljubuski.ba\/","name":"Radio Ljubu\u0161ki","description":"Sun\u010dana frekvencija Hercegovine","publisher":{"@id":"https:\/\/radioljubuski.ba\/#organization"},"potentialAction":[{"@type":"SearchAction","target":{"@type":"EntryPoint","urlTemplate":"https:\/\/radioljubuski.ba\/?s={search_term_string}"},"query-input":{"@type":"PropertyValueSpecification","valueRequired":true,"valueName":"search_term_string"}}],"inLanguage":"hr"},{"@type":"Organization","@id":"https:\/\/radioljubuski.ba\/#organization","name":"Radio Ljubu\u0161ki","url":"https:\/\/radioljubuski.ba\/","logo":{"@type":"ImageObject","inLanguage":"hr","@id":"https:\/\/radioljubuski.ba\/#\/schema\/logo\/image\/","url":"https:\/\/radioljubuski.ba\/wp-content\/uploads\/2021\/02\/cropped-Radio_Ljubuski_logo1.jpg","contentUrl":"https:\/\/radioljubuski.ba\/wp-content\/uploads\/2021\/02\/cropped-Radio_Ljubuski_logo1.jpg","width":512,"height":512,"caption":"Radio Ljubu\u0161ki"},"image":{"@id":"https:\/\/radioljubuski.ba\/#\/schema\/logo\/image\/"},"sameAs":["https:\/\/www.facebook.com\/Radiio-Ljubuski-1490835324566332","https:\/\/x.com\/radioljubuski","https:\/\/hr.linkedin.com\/company\/radio-ljubuski","https:\/\/www.youtube.com\/channel\/UCHYaeO_n0Db3tjNGudGpXyw"]},{"@type":"Person","@id":"https:\/\/radioljubuski.ba\/#\/schema\/person\/19fc700381a780f69665d7956c469e3b","name":"Radio Ljubu\u0161ki"}]}},"_links":{"self":[{"href":"https:\/\/radioljubuski.ba\/index.php\/wp-json\/wp\/v2\/posts\/59936","targetHints":{"allow":["GET"]}}],"collection":[{"href":"https:\/\/radioljubuski.ba\/index.php\/wp-json\/wp\/v2\/posts"}],"about":[{"href":"https:\/\/radioljubuski.ba\/index.php\/wp-json\/wp\/v2\/types\/post"}],"author":[{"embeddable":true,"href":"https:\/\/radioljubuski.ba\/index.php\/wp-json\/wp\/v2\/users\/2"}],"replies":[{"embeddable":true,"href":"https:\/\/radioljubuski.ba\/index.php\/wp-json\/wp\/v2\/comments?post=59936"}],"version-history":[{"count":1,"href":"https:\/\/radioljubuski.ba\/index.php\/wp-json\/wp\/v2\/posts\/59936\/revisions"}],"predecessor-version":[{"id":59938,"href":"https:\/\/radioljubuski.ba\/index.php\/wp-json\/wp\/v2\/posts\/59936\/revisions\/59938"}],"wp:featuredmedia":[{"embeddable":true,"href":"https:\/\/radioljubuski.ba\/index.php\/wp-json\/wp\/v2\/media\/59937"}],"wp:attachment":[{"href":"https:\/\/radioljubuski.ba\/index.php\/wp-json\/wp\/v2\/media?parent=59936"}],"wp:term":[{"taxonomy":"category","embeddable":true,"href":"https:\/\/radioljubuski.ba\/index.php\/wp-json\/wp\/v2\/categories?post=59936"},{"taxonomy":"post_tag","embeddable":true,"href":"https:\/\/radioljubuski.ba\/index.php\/wp-json\/wp\/v2\/tags?post=59936"}],"curies":[{"name":"wp","href":"https:\/\/api.w.org\/{rel}","templated":true}]}}