{"id":60093,"date":"2021-09-02T00:13:32","date_gmt":"2021-09-01T23:13:32","guid":{"rendered":"https:\/\/radioljubuski.ba\/?p=60093"},"modified":"2021-09-02T00:13:32","modified_gmt":"2021-09-01T23:13:32","slug":"sattler-ovo-prekrasan-dan-za-mostar-hercegovinu-i-cijelu-regiju","status":"publish","type":"post","link":"https:\/\/radioljubuski.ba\/index.php\/2021\/09\/02\/sattler-ovo-prekrasan-dan-za-mostar-hercegovinu-i-cijelu-regiju\/","title":{"rendered":"Sattler: Ovo prekrasan dan za Mostar, Hercegovinu i cijelu regiju"},"content":{"rendered":"\n<p>Veleposlanik Johann Sattler, \u0161ef Delegacije Europske unije i posebni predstavnik EU u BiH, i mostarski gradona\u010delnik Mario Kordi\u0107 otvorili su u srijedu nave\u010der festival Open City Mostar, koji \u0107e trajati tri tjedna &nbsp;i na kojem \u0107e biti vi\u0161e od osamdeset doga\u0111aja.<\/p>\n\n\n\n<p>Sattler je kazao kako je ovo prekrasan dan za Mostar, Hercegovinu i cijelu regiju te da vjeruje kako \u0107e u naredna 22 dana, koja \u0107e biti ispunjena razli\u010ditim umjetni\u010dkim doga\u0111ajima, svatko prona\u0107i ne\u0161to \u0161to \u0107e mu biti zanimljivo te imati priliku posjetiti neki od mnogobrojnih doga\u0111aja. Dodao je kako Europska unija \u017eeli pru\u017eiti podr\u0161ku, \u017eeli pomo\u0107i sada &#8220;kada je Grad Mostar okrenuo jedan novi list&#8221;.<\/p>\n\n\n\n<p>&#8211; Nakon deset godina, naime, odr\u017eani su izbori u Gradu Mostaru i sada imamo Gradsko vije\u0107e, imamo oporbu. Naravno, sa svoje strane \u017eelimo pomo\u0107i i lazbenicima koji su tako\u0111er imali jedan te\u017eak period iza sebe. Tu su naravno i zna\u010dajni turisti\u010dki potencijali koje Grad Mostar svakako ima i ovo su tako\u0111er doga\u0111aji koja ujedinjuju i okupljaju gra\u0111ane. \u017delja nam je da se ovaj festival i ovi doga\u0111aji upi\u0161u na kalendar kulture u Mostaru i da postanu jedan tradicionalni doga\u0111aj. Drago mi je da smo uspjeli udru\u017eiti snage i ostvariti ovo \u0161to imamo &#8211; poru\u010dio je Sattler uo\u010di otvaranja festivala.<\/p>\n\n\n\n<p>Gradona\u010delnik Kordi\u0107 istaknuo je kako ovaj doga\u0111aj ima vi\u0161estruku namjenu te da je jedna od njih svakako i produ\u017eenje turisti\u010dke sezone kako bi nakon lanjske &#8216;covid godine&#8217; i lock- downa dali jo\u0161 malo zamaha turizmu u Gradu Mostaru.<\/p>\n\n\n\n<p>&#8211; Druga pri\u010da je ona koju poku\u0161avamo raditi zajedno i to je ta integracijska pri\u010da jer mislim da se na polju kulture mo\u017eemo jako zbli\u017eiti. To je jedna humana, lijepa pri\u010da za Mostar i osobno bih se veselio kad bi ovo postala tradicija Grada Mostara te da uvijek znamo da nekako pred kraj ljeta imamo ovakvo jedan fini doga\u0111aj &#8211; poru\u010dio je gradona\u010delnik. &nbsp;<\/p>\n\n\n\n<p>Nakon sve\u010danog otvaranja na \u0161etali\u0161tu Nikole \u0160ubi\u0107a Zrinjskog uprili\u010den je koncert Simfonijskog orkestra Mostar. Ina\u010de, u 22 dana trajanja festivala, u Mostaru \u0107e se na 10 lokacija odr\u017eati brojne muzi\u010dke, kulturne i edukativne aktivnosti u realizaciji partnera i izvo\u0111a\u010da iz Bosne i Hercegovine i regije, a pristup svim doga\u0111ajima je besplatan. Festival financira Europska unija, a provodi Mostarska \u0161kola roka i Klub 27 u partnerstvu s Gradom Mostarom.<\/p>\n\n\n\n<p>Izvor:pogled.ba<\/p>\n","protected":false},"excerpt":{"rendered":"<p>Veleposlanik Johann Sattler, \u0161ef Delegacije Europske unije i posebni predstavnik EU u BiH, i mostarski gradona\u010delnik Mario Kordi\u0107 otvorili su u srijedu nave\u010der festival Open City Mostar, koji \u0107e trajati tri tjedna &nbsp;i na kojem \u0107e biti vi\u0161e od osamdeset doga\u0111aja. Sattler je kazao kako je ovo prekrasan dan za Mostar, Hercegovinu i cijelu regiju [&hellip;]<\/p>\n","protected":false},"author":2,"featured_media":60094,"comment_status":"closed","ping_status":"closed","sticky":false,"template":"","format":"standard","meta":{"h5ap_radio_sources":[],"footnotes":""},"categories":[1],"tags":[],"class_list":["post-60093","post","type-post","status-publish","format-standard","has-post-thumbnail","hentry","category-bihiregija"],"yoast_head":"<!-- This site is optimized with the Yoast SEO plugin v27.5 - https:\/\/yoast.com\/product\/yoast-seo-wordpress\/ -->\n<title>Sattler: Ovo prekrasan dan za Mostar, Hercegovinu i cijelu regiju - RADIO LJUBU\u0160KI<\/title>\n<meta name=\"robots\" content=\"index, follow, max-snippet:-1, max-image-preview:large, max-video-preview:-1\" \/>\n<link rel=\"canonical\" href=\"https:\/\/radioljubuski.ba\/index.php\/2021\/09\/02\/sattler-ovo-prekrasan-dan-za-mostar-hercegovinu-i-cijelu-regiju\/\" \/>\n<meta property=\"og:locale\" content=\"hr_HR\" \/>\n<meta property=\"og:type\" content=\"article\" \/>\n<meta property=\"og:title\" content=\"Sattler: Ovo prekrasan dan za Mostar, Hercegovinu i cijelu regiju - RADIO LJUBU\u0160KI\" \/>\n<meta property=\"og:description\" content=\"Veleposlanik Johann Sattler, \u0161ef Delegacije Europske unije i posebni predstavnik EU u BiH, i mostarski gradona\u010delnik Mario Kordi\u0107 otvorili su u srijedu nave\u010der festival Open City Mostar, koji \u0107e trajati tri tjedna &nbsp;i na kojem \u0107e biti vi\u0161e od osamdeset doga\u0111aja. Sattler je kazao kako je ovo prekrasan dan za Mostar, Hercegovinu i cijelu regiju [&hellip;]\" \/>\n<meta property=\"og:url\" content=\"https:\/\/radioljubuski.ba\/index.php\/2021\/09\/02\/sattler-ovo-prekrasan-dan-za-mostar-hercegovinu-i-cijelu-regiju\/\" \/>\n<meta property=\"og:site_name\" content=\"RADIO LJUBU\u0160KI\" \/>\n<meta property=\"article:publisher\" content=\"https:\/\/www.facebook.com\/Radiio-Ljubuski-1490835324566332\" \/>\n<meta property=\"article:published_time\" content=\"2021-09-01T23:13:32+00:00\" \/>\n<meta property=\"og:image\" content=\"https:\/\/radioljubuski.ba\/wp-content\/uploads\/2021\/09\/9-2021-09-01-21-58-20-mrs.jpg\" \/>\n\t<meta property=\"og:image:width\" content=\"1000\" \/>\n\t<meta property=\"og:image:height\" content=\"625\" \/>\n\t<meta property=\"og:image:type\" content=\"image\/jpeg\" \/>\n<meta name=\"author\" content=\"Radio Ljubu\u0161ki\" \/>\n<meta name=\"twitter:card\" content=\"summary_large_image\" \/>\n<meta name=\"twitter:creator\" content=\"@radioljubuski\" \/>\n<meta name=\"twitter:site\" content=\"@radioljubuski\" \/>\n<meta name=\"twitter:label1\" content=\"Napisao\/la\" \/>\n\t<meta name=\"twitter:data1\" content=\"Radio Ljubu\u0161ki\" \/>\n\t<meta name=\"twitter:label2\" content=\"Procijenjeno vrijeme \u010ditanja\" \/>\n\t<meta name=\"twitter:data2\" content=\"2 minute\" \/>\n<script type=\"application\/ld+json\" class=\"yoast-schema-graph\">{\"@context\":\"https:\\\/\\\/schema.org\",\"@graph\":[{\"@type\":\"Article\",\"@id\":\"https:\\\/\\\/radioljubuski.ba\\\/index.php\\\/2021\\\/09\\\/02\\\/sattler-ovo-prekrasan-dan-za-mostar-hercegovinu-i-cijelu-regiju\\\/#article\",\"isPartOf\":{\"@id\":\"https:\\\/\\\/radioljubuski.ba\\\/index.php\\\/2021\\\/09\\\/02\\\/sattler-ovo-prekrasan-dan-za-mostar-hercegovinu-i-cijelu-regiju\\\/\"},\"author\":{\"name\":\"Radio Ljubu\u0161ki\",\"@id\":\"https:\\\/\\\/radioljubuski.ba\\\/#\\\/schema\\\/person\\\/19fc700381a780f69665d7956c469e3b\"},\"headline\":\"Sattler: Ovo prekrasan dan za Mostar, Hercegovinu i cijelu regiju\",\"datePublished\":\"2021-09-01T23:13:32+00:00\",\"mainEntityOfPage\":{\"@id\":\"https:\\\/\\\/radioljubuski.ba\\\/index.php\\\/2021\\\/09\\\/02\\\/sattler-ovo-prekrasan-dan-za-mostar-hercegovinu-i-cijelu-regiju\\\/\"},\"wordCount\":438,\"publisher\":{\"@id\":\"https:\\\/\\\/radioljubuski.ba\\\/#organization\"},\"image\":{\"@id\":\"https:\\\/\\\/radioljubuski.ba\\\/index.php\\\/2021\\\/09\\\/02\\\/sattler-ovo-prekrasan-dan-za-mostar-hercegovinu-i-cijelu-regiju\\\/#primaryimage\"},\"thumbnailUrl\":\"https:\\\/\\\/radioljubuski.ba\\\/wp-content\\\/uploads\\\/2021\\\/09\\\/9-2021-09-01-21-58-20-mrs.jpg\",\"articleSection\":[\"BIH i regija\"],\"inLanguage\":\"hr\"},{\"@type\":\"WebPage\",\"@id\":\"https:\\\/\\\/radioljubuski.ba\\\/index.php\\\/2021\\\/09\\\/02\\\/sattler-ovo-prekrasan-dan-za-mostar-hercegovinu-i-cijelu-regiju\\\/\",\"url\":\"https:\\\/\\\/radioljubuski.ba\\\/index.php\\\/2021\\\/09\\\/02\\\/sattler-ovo-prekrasan-dan-za-mostar-hercegovinu-i-cijelu-regiju\\\/\",\"name\":\"Sattler: Ovo prekrasan dan za Mostar, Hercegovinu i cijelu regiju - RADIO LJUBU\u0160KI\",\"isPartOf\":{\"@id\":\"https:\\\/\\\/radioljubuski.ba\\\/#website\"},\"primaryImageOfPage\":{\"@id\":\"https:\\\/\\\/radioljubuski.ba\\\/index.php\\\/2021\\\/09\\\/02\\\/sattler-ovo-prekrasan-dan-za-mostar-hercegovinu-i-cijelu-regiju\\\/#primaryimage\"},\"image\":{\"@id\":\"https:\\\/\\\/radioljubuski.ba\\\/index.php\\\/2021\\\/09\\\/02\\\/sattler-ovo-prekrasan-dan-za-mostar-hercegovinu-i-cijelu-regiju\\\/#primaryimage\"},\"thumbnailUrl\":\"https:\\\/\\\/radioljubuski.ba\\\/wp-content\\\/uploads\\\/2021\\\/09\\\/9-2021-09-01-21-58-20-mrs.jpg\",\"datePublished\":\"2021-09-01T23:13:32+00:00\",\"breadcrumb\":{\"@id\":\"https:\\\/\\\/radioljubuski.ba\\\/index.php\\\/2021\\\/09\\\/02\\\/sattler-ovo-prekrasan-dan-za-mostar-hercegovinu-i-cijelu-regiju\\\/#breadcrumb\"},\"inLanguage\":\"hr\",\"potentialAction\":[{\"@type\":\"ReadAction\",\"target\":[\"https:\\\/\\\/radioljubuski.ba\\\/index.php\\\/2021\\\/09\\\/02\\\/sattler-ovo-prekrasan-dan-za-mostar-hercegovinu-i-cijelu-regiju\\\/\"]}]},{\"@type\":\"ImageObject\",\"inLanguage\":\"hr\",\"@id\":\"https:\\\/\\\/radioljubuski.ba\\\/index.php\\\/2021\\\/09\\\/02\\\/sattler-ovo-prekrasan-dan-za-mostar-hercegovinu-i-cijelu-regiju\\\/#primaryimage\",\"url\":\"https:\\\/\\\/radioljubuski.ba\\\/wp-content\\\/uploads\\\/2021\\\/09\\\/9-2021-09-01-21-58-20-mrs.jpg\",\"contentUrl\":\"https:\\\/\\\/radioljubuski.ba\\\/wp-content\\\/uploads\\\/2021\\\/09\\\/9-2021-09-01-21-58-20-mrs.jpg\",\"width\":1000,\"height\":625},{\"@type\":\"BreadcrumbList\",\"@id\":\"https:\\\/\\\/radioljubuski.ba\\\/index.php\\\/2021\\\/09\\\/02\\\/sattler-ovo-prekrasan-dan-za-mostar-hercegovinu-i-cijelu-regiju\\\/#breadcrumb\",\"itemListElement\":[{\"@type\":\"ListItem\",\"position\":1,\"name\":\"Po\u010detna stranica\",\"item\":\"https:\\\/\\\/radioljubuski.ba\\\/\"},{\"@type\":\"ListItem\",\"position\":2,\"name\":\"Sattler: Ovo prekrasan dan za Mostar, Hercegovinu i cijelu regiju\"}]},{\"@type\":\"WebSite\",\"@id\":\"https:\\\/\\\/radioljubuski.ba\\\/#website\",\"url\":\"https:\\\/\\\/radioljubuski.ba\\\/\",\"name\":\"Radio Ljubu\u0161ki\",\"description\":\"Sun\u010dana frekvencija Hercegovine\",\"publisher\":{\"@id\":\"https:\\\/\\\/radioljubuski.ba\\\/#organization\"},\"potentialAction\":[{\"@type\":\"SearchAction\",\"target\":{\"@type\":\"EntryPoint\",\"urlTemplate\":\"https:\\\/\\\/radioljubuski.ba\\\/?s={search_term_string}\"},\"query-input\":{\"@type\":\"PropertyValueSpecification\",\"valueRequired\":true,\"valueName\":\"search_term_string\"}}],\"inLanguage\":\"hr\"},{\"@type\":\"Organization\",\"@id\":\"https:\\\/\\\/radioljubuski.ba\\\/#organization\",\"name\":\"Radio Ljubu\u0161ki\",\"url\":\"https:\\\/\\\/radioljubuski.ba\\\/\",\"logo\":{\"@type\":\"ImageObject\",\"inLanguage\":\"hr\",\"@id\":\"https:\\\/\\\/radioljubuski.ba\\\/#\\\/schema\\\/logo\\\/image\\\/\",\"url\":\"https:\\\/\\\/radioljubuski.ba\\\/wp-content\\\/uploads\\\/2021\\\/02\\\/cropped-Radio_Ljubuski_logo1.jpg\",\"contentUrl\":\"https:\\\/\\\/radioljubuski.ba\\\/wp-content\\\/uploads\\\/2021\\\/02\\\/cropped-Radio_Ljubuski_logo1.jpg\",\"width\":512,\"height\":512,\"caption\":\"Radio Ljubu\u0161ki\"},\"image\":{\"@id\":\"https:\\\/\\\/radioljubuski.ba\\\/#\\\/schema\\\/logo\\\/image\\\/\"},\"sameAs\":[\"https:\\\/\\\/www.facebook.com\\\/Radiio-Ljubuski-1490835324566332\",\"https:\\\/\\\/x.com\\\/radioljubuski\",\"https:\\\/\\\/hr.linkedin.com\\\/company\\\/radio-ljubuski\",\"https:\\\/\\\/www.youtube.com\\\/channel\\\/UCHYaeO_n0Db3tjNGudGpXyw\"]},{\"@type\":\"Person\",\"@id\":\"https:\\\/\\\/radioljubuski.ba\\\/#\\\/schema\\\/person\\\/19fc700381a780f69665d7956c469e3b\",\"name\":\"Radio Ljubu\u0161ki\"}]}<\/script>\n<!-- \/ Yoast SEO plugin. -->","yoast_head_json":{"title":"Sattler: Ovo prekrasan dan za Mostar, Hercegovinu i cijelu regiju - RADIO LJUBU\u0160KI","robots":{"index":"index","follow":"follow","max-snippet":"max-snippet:-1","max-image-preview":"max-image-preview:large","max-video-preview":"max-video-preview:-1"},"canonical":"https:\/\/radioljubuski.ba\/index.php\/2021\/09\/02\/sattler-ovo-prekrasan-dan-za-mostar-hercegovinu-i-cijelu-regiju\/","og_locale":"hr_HR","og_type":"article","og_title":"Sattler: Ovo prekrasan dan za Mostar, Hercegovinu i cijelu regiju - RADIO LJUBU\u0160KI","og_description":"Veleposlanik Johann Sattler, \u0161ef Delegacije Europske unije i posebni predstavnik EU u BiH, i mostarski gradona\u010delnik Mario Kordi\u0107 otvorili su u srijedu nave\u010der festival Open City Mostar, koji \u0107e trajati tri tjedna &nbsp;i na kojem \u0107e biti vi\u0161e od osamdeset doga\u0111aja. Sattler je kazao kako je ovo prekrasan dan za Mostar, Hercegovinu i cijelu regiju [&hellip;]","og_url":"https:\/\/radioljubuski.ba\/index.php\/2021\/09\/02\/sattler-ovo-prekrasan-dan-za-mostar-hercegovinu-i-cijelu-regiju\/","og_site_name":"RADIO LJUBU\u0160KI","article_publisher":"https:\/\/www.facebook.com\/Radiio-Ljubuski-1490835324566332","article_published_time":"2021-09-01T23:13:32+00:00","og_image":[{"width":1000,"height":625,"url":"https:\/\/radioljubuski.ba\/wp-content\/uploads\/2021\/09\/9-2021-09-01-21-58-20-mrs.jpg","type":"image\/jpeg"}],"author":"Radio Ljubu\u0161ki","twitter_card":"summary_large_image","twitter_creator":"@radioljubuski","twitter_site":"@radioljubuski","twitter_misc":{"Napisao\/la":"Radio Ljubu\u0161ki","Procijenjeno vrijeme \u010ditanja":"2 minute"},"schema":{"@context":"https:\/\/schema.org","@graph":[{"@type":"Article","@id":"https:\/\/radioljubuski.ba\/index.php\/2021\/09\/02\/sattler-ovo-prekrasan-dan-za-mostar-hercegovinu-i-cijelu-regiju\/#article","isPartOf":{"@id":"https:\/\/radioljubuski.ba\/index.php\/2021\/09\/02\/sattler-ovo-prekrasan-dan-za-mostar-hercegovinu-i-cijelu-regiju\/"},"author":{"name":"Radio Ljubu\u0161ki","@id":"https:\/\/radioljubuski.ba\/#\/schema\/person\/19fc700381a780f69665d7956c469e3b"},"headline":"Sattler: Ovo prekrasan dan za Mostar, Hercegovinu i cijelu regiju","datePublished":"2021-09-01T23:13:32+00:00","mainEntityOfPage":{"@id":"https:\/\/radioljubuski.ba\/index.php\/2021\/09\/02\/sattler-ovo-prekrasan-dan-za-mostar-hercegovinu-i-cijelu-regiju\/"},"wordCount":438,"publisher":{"@id":"https:\/\/radioljubuski.ba\/#organization"},"image":{"@id":"https:\/\/radioljubuski.ba\/index.php\/2021\/09\/02\/sattler-ovo-prekrasan-dan-za-mostar-hercegovinu-i-cijelu-regiju\/#primaryimage"},"thumbnailUrl":"https:\/\/radioljubuski.ba\/wp-content\/uploads\/2021\/09\/9-2021-09-01-21-58-20-mrs.jpg","articleSection":["BIH i regija"],"inLanguage":"hr"},{"@type":"WebPage","@id":"https:\/\/radioljubuski.ba\/index.php\/2021\/09\/02\/sattler-ovo-prekrasan-dan-za-mostar-hercegovinu-i-cijelu-regiju\/","url":"https:\/\/radioljubuski.ba\/index.php\/2021\/09\/02\/sattler-ovo-prekrasan-dan-za-mostar-hercegovinu-i-cijelu-regiju\/","name":"Sattler: Ovo prekrasan dan za Mostar, Hercegovinu i cijelu regiju - RADIO LJUBU\u0160KI","isPartOf":{"@id":"https:\/\/radioljubuski.ba\/#website"},"primaryImageOfPage":{"@id":"https:\/\/radioljubuski.ba\/index.php\/2021\/09\/02\/sattler-ovo-prekrasan-dan-za-mostar-hercegovinu-i-cijelu-regiju\/#primaryimage"},"image":{"@id":"https:\/\/radioljubuski.ba\/index.php\/2021\/09\/02\/sattler-ovo-prekrasan-dan-za-mostar-hercegovinu-i-cijelu-regiju\/#primaryimage"},"thumbnailUrl":"https:\/\/radioljubuski.ba\/wp-content\/uploads\/2021\/09\/9-2021-09-01-21-58-20-mrs.jpg","datePublished":"2021-09-01T23:13:32+00:00","breadcrumb":{"@id":"https:\/\/radioljubuski.ba\/index.php\/2021\/09\/02\/sattler-ovo-prekrasan-dan-za-mostar-hercegovinu-i-cijelu-regiju\/#breadcrumb"},"inLanguage":"hr","potentialAction":[{"@type":"ReadAction","target":["https:\/\/radioljubuski.ba\/index.php\/2021\/09\/02\/sattler-ovo-prekrasan-dan-za-mostar-hercegovinu-i-cijelu-regiju\/"]}]},{"@type":"ImageObject","inLanguage":"hr","@id":"https:\/\/radioljubuski.ba\/index.php\/2021\/09\/02\/sattler-ovo-prekrasan-dan-za-mostar-hercegovinu-i-cijelu-regiju\/#primaryimage","url":"https:\/\/radioljubuski.ba\/wp-content\/uploads\/2021\/09\/9-2021-09-01-21-58-20-mrs.jpg","contentUrl":"https:\/\/radioljubuski.ba\/wp-content\/uploads\/2021\/09\/9-2021-09-01-21-58-20-mrs.jpg","width":1000,"height":625},{"@type":"BreadcrumbList","@id":"https:\/\/radioljubuski.ba\/index.php\/2021\/09\/02\/sattler-ovo-prekrasan-dan-za-mostar-hercegovinu-i-cijelu-regiju\/#breadcrumb","itemListElement":[{"@type":"ListItem","position":1,"name":"Po\u010detna stranica","item":"https:\/\/radioljubuski.ba\/"},{"@type":"ListItem","position":2,"name":"Sattler: Ovo prekrasan dan za Mostar, Hercegovinu i cijelu regiju"}]},{"@type":"WebSite","@id":"https:\/\/radioljubuski.ba\/#website","url":"https:\/\/radioljubuski.ba\/","name":"Radio Ljubu\u0161ki","description":"Sun\u010dana frekvencija Hercegovine","publisher":{"@id":"https:\/\/radioljubuski.ba\/#organization"},"potentialAction":[{"@type":"SearchAction","target":{"@type":"EntryPoint","urlTemplate":"https:\/\/radioljubuski.ba\/?s={search_term_string}"},"query-input":{"@type":"PropertyValueSpecification","valueRequired":true,"valueName":"search_term_string"}}],"inLanguage":"hr"},{"@type":"Organization","@id":"https:\/\/radioljubuski.ba\/#organization","name":"Radio Ljubu\u0161ki","url":"https:\/\/radioljubuski.ba\/","logo":{"@type":"ImageObject","inLanguage":"hr","@id":"https:\/\/radioljubuski.ba\/#\/schema\/logo\/image\/","url":"https:\/\/radioljubuski.ba\/wp-content\/uploads\/2021\/02\/cropped-Radio_Ljubuski_logo1.jpg","contentUrl":"https:\/\/radioljubuski.ba\/wp-content\/uploads\/2021\/02\/cropped-Radio_Ljubuski_logo1.jpg","width":512,"height":512,"caption":"Radio Ljubu\u0161ki"},"image":{"@id":"https:\/\/radioljubuski.ba\/#\/schema\/logo\/image\/"},"sameAs":["https:\/\/www.facebook.com\/Radiio-Ljubuski-1490835324566332","https:\/\/x.com\/radioljubuski","https:\/\/hr.linkedin.com\/company\/radio-ljubuski","https:\/\/www.youtube.com\/channel\/UCHYaeO_n0Db3tjNGudGpXyw"]},{"@type":"Person","@id":"https:\/\/radioljubuski.ba\/#\/schema\/person\/19fc700381a780f69665d7956c469e3b","name":"Radio Ljubu\u0161ki"}]}},"_links":{"self":[{"href":"https:\/\/radioljubuski.ba\/index.php\/wp-json\/wp\/v2\/posts\/60093","targetHints":{"allow":["GET"]}}],"collection":[{"href":"https:\/\/radioljubuski.ba\/index.php\/wp-json\/wp\/v2\/posts"}],"about":[{"href":"https:\/\/radioljubuski.ba\/index.php\/wp-json\/wp\/v2\/types\/post"}],"author":[{"embeddable":true,"href":"https:\/\/radioljubuski.ba\/index.php\/wp-json\/wp\/v2\/users\/2"}],"replies":[{"embeddable":true,"href":"https:\/\/radioljubuski.ba\/index.php\/wp-json\/wp\/v2\/comments?post=60093"}],"version-history":[{"count":1,"href":"https:\/\/radioljubuski.ba\/index.php\/wp-json\/wp\/v2\/posts\/60093\/revisions"}],"predecessor-version":[{"id":60095,"href":"https:\/\/radioljubuski.ba\/index.php\/wp-json\/wp\/v2\/posts\/60093\/revisions\/60095"}],"wp:featuredmedia":[{"embeddable":true,"href":"https:\/\/radioljubuski.ba\/index.php\/wp-json\/wp\/v2\/media\/60094"}],"wp:attachment":[{"href":"https:\/\/radioljubuski.ba\/index.php\/wp-json\/wp\/v2\/media?parent=60093"}],"wp:term":[{"taxonomy":"category","embeddable":true,"href":"https:\/\/radioljubuski.ba\/index.php\/wp-json\/wp\/v2\/categories?post=60093"},{"taxonomy":"post_tag","embeddable":true,"href":"https:\/\/radioljubuski.ba\/index.php\/wp-json\/wp\/v2\/tags?post=60093"}],"curies":[{"name":"wp","href":"https:\/\/api.w.org\/{rel}","templated":true}]}}