{"id":60099,"date":"2021-09-02T00:16:23","date_gmt":"2021-09-01T23:16:23","guid":{"rendered":"https:\/\/radioljubuski.ba\/?p=60099"},"modified":"2021-09-02T00:16:31","modified_gmt":"2021-09-01T23:16:31","slug":"dodik-bosnjaci-su-umisli-da-je-bih-njihova-mi-smo-rs-unijeli-u-bih-mozemo-je-i-iznijeti","status":"publish","type":"post","link":"https:\/\/radioljubuski.ba\/index.php\/2021\/09\/02\/dodik-bosnjaci-su-umisli-da-je-bih-njihova-mi-smo-rs-unijeli-u-bih-mozemo-je-i-iznijeti\/","title":{"rendered":"Dodik: Bo\u0161njaci su umislili da je BiH njihova, mi smo RS unijeli u BiH, mo\u017eemo je i iznijeti"},"content":{"rendered":"\n<p><strong>\u010clan Predsjedni\u0161tva Bosne i Hercegovine Milorad Dodik rekao je da su Srbi imali te\u0161ku povijest i da ne trebaju imati neizvjesnu budu\u0107nost.<\/strong><\/p>\n\n\n\n<p>\u201cBudu\u0107nost srpskog naroda u BiH je neizvjesna zbog nerije\u0161enih odnosa koji mogu biti rije\u0161eni samo ukoliko svaki narod ima pravo i mogu\u0107nost ispuniti svoje \u017eelje i svoje te\u017enje ne vrije\u0111aju\u0107i druge\u201d, istaknuo je Dodik u Ribniku.<\/p>\n\n\n\n<p>On je ocjenio da Bo\u0161njaci neopravdano svojataju BiH, konstatiraju\u0107i da ovaj prostor nije samo njihov.<\/p>\n\n\n\n<p>\u201cOni su umislili da je BiH njihova i da samo oni pola\u017eu pravo na nju. Oni su to umislili, to je njihova fiks ideja, ali morat \u0107e se jednog dana okaniti svoje nakaradne ideje da su oni gospodari BiH. BiH je sastavljena od dva entiteta i tri naroda, a to zna\u010di da smo mi unijeli Republiku Srpsku u tu sastavljenu BiH. Kako smo je unijeli, mo\u017eemo je i iznijeti\u201d, naglasio je Dodik.<\/p>\n\n\n\n<p>On je rekao da mu je drago da je Srbija shvatila da je Republika Srpska ono \u0161to treba da se podr\u017eava i gradi, jer je ovo \u201cintegralni prostor sa Srbijom u pogledu nacionalnih, vjerskih, povjesnih i svih drugih vrijednosti\u201d.<\/p>\n\n\n\n<p>\u201cMi Srbiju do\u017eivljavamo kao mati\u010dnu dr\u017eavu. Bili smo sputani da o tome govorimo, a ako progovorimo dobijali smo kazne za to od me\u0111unarodnog faktora. Me\u0111utim, narod ne mo\u017eete u\u0161utkati jer narod jednostavno ne\u0107e BiH, srpski narod ho\u0107e da bude svoj na svome\u201d, poru\u010dio je Milorad Dodik.<\/p>\n\n\n\n<p>Govore\u0107i o pomo\u0107i Srbije Republici Srpskoj, Dodik je rekao da novac jeste bitan, ali je bitnija pa\u017enja Srbije koja do dolaska predsjednika Aleksandra Vu\u010di\u0107a nije bilo zna\u010dajnija.<\/p>\n\n\n\n<p>\u201cVi\u0161e smo imali bratsku podr\u0161ku na kojoj smo svakako zahvalni, ali Srbija i Republika Srpska danas rje\u0161avaju mnoga pitanja, realiziraju zna\u010dajne projekte kao \u0161to su Buk Bijela, Aerodrom u Trebinju, izgradnja autoputa od Ra\u010de pa do Bijeljine, mosta na Ra\u010di\u2026 Srbija je izgradila i most izme\u0111u Bratunca i Ljubovije i treba biti zahvalan na tome i predsjedniku Vu\u010di\u0107u i Vladi Srbije\u201d, kazao je Dodik.<\/p>\n\n\n\n<p>\/Srna\/HMS\/<\/p>\n","protected":false},"excerpt":{"rendered":"<p>\u010clan Predsjedni\u0161tva Bosne i Hercegovine Milorad Dodik rekao je da su Srbi imali te\u0161ku povijest i da ne trebaju imati neizvjesnu budu\u0107nost. \u201cBudu\u0107nost srpskog naroda u BiH je neizvjesna zbog nerije\u0161enih odnosa koji mogu biti rije\u0161eni samo ukoliko svaki narod ima pravo i mogu\u0107nost ispuniti svoje \u017eelje i svoje te\u017enje ne vrije\u0111aju\u0107i druge\u201d, istaknuo je [&hellip;]<\/p>\n","protected":false},"author":2,"featured_media":47492,"comment_status":"closed","ping_status":"closed","sticky":false,"template":"","format":"standard","meta":{"h5ap_radio_sources":[],"footnotes":""},"categories":[1],"tags":[],"class_list":["post-60099","post","type-post","status-publish","format-standard","has-post-thumbnail","hentry","category-bihiregija"],"yoast_head":"<!-- This site is optimized with the Yoast SEO plugin v27.5 - https:\/\/yoast.com\/product\/yoast-seo-wordpress\/ -->\n<title>Dodik: Bo\u0161njaci su umislili da je BiH njihova, mi smo RS unijeli u BiH, mo\u017eemo je i iznijeti - RADIO LJUBU\u0160KI<\/title>\n<meta name=\"robots\" content=\"index, follow, max-snippet:-1, max-image-preview:large, max-video-preview:-1\" \/>\n<link rel=\"canonical\" href=\"https:\/\/radioljubuski.ba\/index.php\/2021\/09\/02\/dodik-bosnjaci-su-umisli-da-je-bih-njihova-mi-smo-rs-unijeli-u-bih-mozemo-je-i-iznijeti\/\" \/>\n<meta property=\"og:locale\" content=\"hr_HR\" \/>\n<meta property=\"og:type\" content=\"article\" \/>\n<meta property=\"og:title\" content=\"Dodik: Bo\u0161njaci su umislili da je BiH njihova, mi smo RS unijeli u BiH, mo\u017eemo je i iznijeti - RADIO LJUBU\u0160KI\" \/>\n<meta property=\"og:description\" content=\"\u010clan Predsjedni\u0161tva Bosne i Hercegovine Milorad Dodik rekao je da su Srbi imali te\u0161ku povijest i da ne trebaju imati neizvjesnu budu\u0107nost. \u201cBudu\u0107nost srpskog naroda u BiH je neizvjesna zbog nerije\u0161enih odnosa koji mogu biti rije\u0161eni samo ukoliko svaki narod ima pravo i mogu\u0107nost ispuniti svoje \u017eelje i svoje te\u017enje ne vrije\u0111aju\u0107i druge\u201d, istaknuo je [&hellip;]\" \/>\n<meta property=\"og:url\" content=\"https:\/\/radioljubuski.ba\/index.php\/2021\/09\/02\/dodik-bosnjaci-su-umisli-da-je-bih-njihova-mi-smo-rs-unijeli-u-bih-mozemo-je-i-iznijeti\/\" \/>\n<meta property=\"og:site_name\" content=\"RADIO LJUBU\u0160KI\" \/>\n<meta property=\"article:publisher\" content=\"https:\/\/www.facebook.com\/Radiio-Ljubuski-1490835324566332\" \/>\n<meta property=\"article:published_time\" content=\"2021-09-01T23:16:23+00:00\" \/>\n<meta property=\"article:modified_time\" content=\"2021-09-01T23:16:31+00:00\" \/>\n<meta property=\"og:image\" content=\"https:\/\/radioljubuski.ba\/wp-content\/uploads\/2021\/07\/dodik1-1-1068x672-2.jpg\" \/>\n\t<meta property=\"og:image:width\" content=\"1068\" \/>\n\t<meta property=\"og:image:height\" content=\"672\" \/>\n\t<meta property=\"og:image:type\" content=\"image\/jpeg\" \/>\n<meta name=\"author\" content=\"Radio Ljubu\u0161ki\" \/>\n<meta name=\"twitter:card\" content=\"summary_large_image\" \/>\n<meta name=\"twitter:creator\" content=\"@radioljubuski\" \/>\n<meta name=\"twitter:site\" content=\"@radioljubuski\" \/>\n<meta name=\"twitter:label1\" content=\"Napisao\/la\" \/>\n\t<meta name=\"twitter:data1\" content=\"Radio Ljubu\u0161ki\" \/>\n\t<meta name=\"twitter:label2\" content=\"Procijenjeno vrijeme \u010ditanja\" \/>\n\t<meta name=\"twitter:data2\" content=\"2 minute\" \/>\n<script type=\"application\/ld+json\" class=\"yoast-schema-graph\">{\"@context\":\"https:\\\/\\\/schema.org\",\"@graph\":[{\"@type\":\"Article\",\"@id\":\"https:\\\/\\\/radioljubuski.ba\\\/index.php\\\/2021\\\/09\\\/02\\\/dodik-bosnjaci-su-umisli-da-je-bih-njihova-mi-smo-rs-unijeli-u-bih-mozemo-je-i-iznijeti\\\/#article\",\"isPartOf\":{\"@id\":\"https:\\\/\\\/radioljubuski.ba\\\/index.php\\\/2021\\\/09\\\/02\\\/dodik-bosnjaci-su-umisli-da-je-bih-njihova-mi-smo-rs-unijeli-u-bih-mozemo-je-i-iznijeti\\\/\"},\"author\":{\"name\":\"Radio Ljubu\u0161ki\",\"@id\":\"https:\\\/\\\/radioljubuski.ba\\\/#\\\/schema\\\/person\\\/19fc700381a780f69665d7956c469e3b\"},\"headline\":\"Dodik: Bo\u0161njaci su umislili da je BiH njihova, mi smo RS unijeli u BiH, mo\u017eemo je i iznijeti\",\"datePublished\":\"2021-09-01T23:16:23+00:00\",\"dateModified\":\"2021-09-01T23:16:31+00:00\",\"mainEntityOfPage\":{\"@id\":\"https:\\\/\\\/radioljubuski.ba\\\/index.php\\\/2021\\\/09\\\/02\\\/dodik-bosnjaci-su-umisli-da-je-bih-njihova-mi-smo-rs-unijeli-u-bih-mozemo-je-i-iznijeti\\\/\"},\"wordCount\":384,\"publisher\":{\"@id\":\"https:\\\/\\\/radioljubuski.ba\\\/#organization\"},\"image\":{\"@id\":\"https:\\\/\\\/radioljubuski.ba\\\/index.php\\\/2021\\\/09\\\/02\\\/dodik-bosnjaci-su-umisli-da-je-bih-njihova-mi-smo-rs-unijeli-u-bih-mozemo-je-i-iznijeti\\\/#primaryimage\"},\"thumbnailUrl\":\"https:\\\/\\\/radioljubuski.ba\\\/wp-content\\\/uploads\\\/2021\\\/07\\\/dodik1-1-1068x672-2.jpg\",\"articleSection\":[\"BIH i regija\"],\"inLanguage\":\"hr\"},{\"@type\":\"WebPage\",\"@id\":\"https:\\\/\\\/radioljubuski.ba\\\/index.php\\\/2021\\\/09\\\/02\\\/dodik-bosnjaci-su-umisli-da-je-bih-njihova-mi-smo-rs-unijeli-u-bih-mozemo-je-i-iznijeti\\\/\",\"url\":\"https:\\\/\\\/radioljubuski.ba\\\/index.php\\\/2021\\\/09\\\/02\\\/dodik-bosnjaci-su-umisli-da-je-bih-njihova-mi-smo-rs-unijeli-u-bih-mozemo-je-i-iznijeti\\\/\",\"name\":\"Dodik: Bo\u0161njaci su umislili da je BiH njihova, mi smo RS unijeli u BiH, mo\u017eemo je i iznijeti - RADIO LJUBU\u0160KI\",\"isPartOf\":{\"@id\":\"https:\\\/\\\/radioljubuski.ba\\\/#website\"},\"primaryImageOfPage\":{\"@id\":\"https:\\\/\\\/radioljubuski.ba\\\/index.php\\\/2021\\\/09\\\/02\\\/dodik-bosnjaci-su-umisli-da-je-bih-njihova-mi-smo-rs-unijeli-u-bih-mozemo-je-i-iznijeti\\\/#primaryimage\"},\"image\":{\"@id\":\"https:\\\/\\\/radioljubuski.ba\\\/index.php\\\/2021\\\/09\\\/02\\\/dodik-bosnjaci-su-umisli-da-je-bih-njihova-mi-smo-rs-unijeli-u-bih-mozemo-je-i-iznijeti\\\/#primaryimage\"},\"thumbnailUrl\":\"https:\\\/\\\/radioljubuski.ba\\\/wp-content\\\/uploads\\\/2021\\\/07\\\/dodik1-1-1068x672-2.jpg\",\"datePublished\":\"2021-09-01T23:16:23+00:00\",\"dateModified\":\"2021-09-01T23:16:31+00:00\",\"breadcrumb\":{\"@id\":\"https:\\\/\\\/radioljubuski.ba\\\/index.php\\\/2021\\\/09\\\/02\\\/dodik-bosnjaci-su-umisli-da-je-bih-njihova-mi-smo-rs-unijeli-u-bih-mozemo-je-i-iznijeti\\\/#breadcrumb\"},\"inLanguage\":\"hr\",\"potentialAction\":[{\"@type\":\"ReadAction\",\"target\":[\"https:\\\/\\\/radioljubuski.ba\\\/index.php\\\/2021\\\/09\\\/02\\\/dodik-bosnjaci-su-umisli-da-je-bih-njihova-mi-smo-rs-unijeli-u-bih-mozemo-je-i-iznijeti\\\/\"]}]},{\"@type\":\"ImageObject\",\"inLanguage\":\"hr\",\"@id\":\"https:\\\/\\\/radioljubuski.ba\\\/index.php\\\/2021\\\/09\\\/02\\\/dodik-bosnjaci-su-umisli-da-je-bih-njihova-mi-smo-rs-unijeli-u-bih-mozemo-je-i-iznijeti\\\/#primaryimage\",\"url\":\"https:\\\/\\\/radioljubuski.ba\\\/wp-content\\\/uploads\\\/2021\\\/07\\\/dodik1-1-1068x672-2.jpg\",\"contentUrl\":\"https:\\\/\\\/radioljubuski.ba\\\/wp-content\\\/uploads\\\/2021\\\/07\\\/dodik1-1-1068x672-2.jpg\",\"width\":1068,\"height\":672},{\"@type\":\"BreadcrumbList\",\"@id\":\"https:\\\/\\\/radioljubuski.ba\\\/index.php\\\/2021\\\/09\\\/02\\\/dodik-bosnjaci-su-umisli-da-je-bih-njihova-mi-smo-rs-unijeli-u-bih-mozemo-je-i-iznijeti\\\/#breadcrumb\",\"itemListElement\":[{\"@type\":\"ListItem\",\"position\":1,\"name\":\"Po\u010detna stranica\",\"item\":\"https:\\\/\\\/radioljubuski.ba\\\/\"},{\"@type\":\"ListItem\",\"position\":2,\"name\":\"Dodik: Bo\u0161njaci su umislili da je BiH njihova, mi smo RS unijeli u BiH, mo\u017eemo je i iznijeti\"}]},{\"@type\":\"WebSite\",\"@id\":\"https:\\\/\\\/radioljubuski.ba\\\/#website\",\"url\":\"https:\\\/\\\/radioljubuski.ba\\\/\",\"name\":\"Radio Ljubu\u0161ki\",\"description\":\"Sun\u010dana frekvencija Hercegovine\",\"publisher\":{\"@id\":\"https:\\\/\\\/radioljubuski.ba\\\/#organization\"},\"potentialAction\":[{\"@type\":\"SearchAction\",\"target\":{\"@type\":\"EntryPoint\",\"urlTemplate\":\"https:\\\/\\\/radioljubuski.ba\\\/?s={search_term_string}\"},\"query-input\":{\"@type\":\"PropertyValueSpecification\",\"valueRequired\":true,\"valueName\":\"search_term_string\"}}],\"inLanguage\":\"hr\"},{\"@type\":\"Organization\",\"@id\":\"https:\\\/\\\/radioljubuski.ba\\\/#organization\",\"name\":\"Radio Ljubu\u0161ki\",\"url\":\"https:\\\/\\\/radioljubuski.ba\\\/\",\"logo\":{\"@type\":\"ImageObject\",\"inLanguage\":\"hr\",\"@id\":\"https:\\\/\\\/radioljubuski.ba\\\/#\\\/schema\\\/logo\\\/image\\\/\",\"url\":\"https:\\\/\\\/radioljubuski.ba\\\/wp-content\\\/uploads\\\/2021\\\/02\\\/cropped-Radio_Ljubuski_logo1.jpg\",\"contentUrl\":\"https:\\\/\\\/radioljubuski.ba\\\/wp-content\\\/uploads\\\/2021\\\/02\\\/cropped-Radio_Ljubuski_logo1.jpg\",\"width\":512,\"height\":512,\"caption\":\"Radio Ljubu\u0161ki\"},\"image\":{\"@id\":\"https:\\\/\\\/radioljubuski.ba\\\/#\\\/schema\\\/logo\\\/image\\\/\"},\"sameAs\":[\"https:\\\/\\\/www.facebook.com\\\/Radiio-Ljubuski-1490835324566332\",\"https:\\\/\\\/x.com\\\/radioljubuski\",\"https:\\\/\\\/hr.linkedin.com\\\/company\\\/radio-ljubuski\",\"https:\\\/\\\/www.youtube.com\\\/channel\\\/UCHYaeO_n0Db3tjNGudGpXyw\"]},{\"@type\":\"Person\",\"@id\":\"https:\\\/\\\/radioljubuski.ba\\\/#\\\/schema\\\/person\\\/19fc700381a780f69665d7956c469e3b\",\"name\":\"Radio Ljubu\u0161ki\"}]}<\/script>\n<!-- \/ Yoast SEO plugin. -->","yoast_head_json":{"title":"Dodik: Bo\u0161njaci su umislili da je BiH njihova, mi smo RS unijeli u BiH, mo\u017eemo je i iznijeti - RADIO LJUBU\u0160KI","robots":{"index":"index","follow":"follow","max-snippet":"max-snippet:-1","max-image-preview":"max-image-preview:large","max-video-preview":"max-video-preview:-1"},"canonical":"https:\/\/radioljubuski.ba\/index.php\/2021\/09\/02\/dodik-bosnjaci-su-umisli-da-je-bih-njihova-mi-smo-rs-unijeli-u-bih-mozemo-je-i-iznijeti\/","og_locale":"hr_HR","og_type":"article","og_title":"Dodik: Bo\u0161njaci su umislili da je BiH njihova, mi smo RS unijeli u BiH, mo\u017eemo je i iznijeti - RADIO LJUBU\u0160KI","og_description":"\u010clan Predsjedni\u0161tva Bosne i Hercegovine Milorad Dodik rekao je da su Srbi imali te\u0161ku povijest i da ne trebaju imati neizvjesnu budu\u0107nost. \u201cBudu\u0107nost srpskog naroda u BiH je neizvjesna zbog nerije\u0161enih odnosa koji mogu biti rije\u0161eni samo ukoliko svaki narod ima pravo i mogu\u0107nost ispuniti svoje \u017eelje i svoje te\u017enje ne vrije\u0111aju\u0107i druge\u201d, istaknuo je [&hellip;]","og_url":"https:\/\/radioljubuski.ba\/index.php\/2021\/09\/02\/dodik-bosnjaci-su-umisli-da-je-bih-njihova-mi-smo-rs-unijeli-u-bih-mozemo-je-i-iznijeti\/","og_site_name":"RADIO LJUBU\u0160KI","article_publisher":"https:\/\/www.facebook.com\/Radiio-Ljubuski-1490835324566332","article_published_time":"2021-09-01T23:16:23+00:00","article_modified_time":"2021-09-01T23:16:31+00:00","og_image":[{"width":1068,"height":672,"url":"https:\/\/radioljubuski.ba\/wp-content\/uploads\/2021\/07\/dodik1-1-1068x672-2.jpg","type":"image\/jpeg"}],"author":"Radio Ljubu\u0161ki","twitter_card":"summary_large_image","twitter_creator":"@radioljubuski","twitter_site":"@radioljubuski","twitter_misc":{"Napisao\/la":"Radio Ljubu\u0161ki","Procijenjeno vrijeme \u010ditanja":"2 minute"},"schema":{"@context":"https:\/\/schema.org","@graph":[{"@type":"Article","@id":"https:\/\/radioljubuski.ba\/index.php\/2021\/09\/02\/dodik-bosnjaci-su-umisli-da-je-bih-njihova-mi-smo-rs-unijeli-u-bih-mozemo-je-i-iznijeti\/#article","isPartOf":{"@id":"https:\/\/radioljubuski.ba\/index.php\/2021\/09\/02\/dodik-bosnjaci-su-umisli-da-je-bih-njihova-mi-smo-rs-unijeli-u-bih-mozemo-je-i-iznijeti\/"},"author":{"name":"Radio Ljubu\u0161ki","@id":"https:\/\/radioljubuski.ba\/#\/schema\/person\/19fc700381a780f69665d7956c469e3b"},"headline":"Dodik: Bo\u0161njaci su umislili da je BiH njihova, mi smo RS unijeli u BiH, mo\u017eemo je i iznijeti","datePublished":"2021-09-01T23:16:23+00:00","dateModified":"2021-09-01T23:16:31+00:00","mainEntityOfPage":{"@id":"https:\/\/radioljubuski.ba\/index.php\/2021\/09\/02\/dodik-bosnjaci-su-umisli-da-je-bih-njihova-mi-smo-rs-unijeli-u-bih-mozemo-je-i-iznijeti\/"},"wordCount":384,"publisher":{"@id":"https:\/\/radioljubuski.ba\/#organization"},"image":{"@id":"https:\/\/radioljubuski.ba\/index.php\/2021\/09\/02\/dodik-bosnjaci-su-umisli-da-je-bih-njihova-mi-smo-rs-unijeli-u-bih-mozemo-je-i-iznijeti\/#primaryimage"},"thumbnailUrl":"https:\/\/radioljubuski.ba\/wp-content\/uploads\/2021\/07\/dodik1-1-1068x672-2.jpg","articleSection":["BIH i regija"],"inLanguage":"hr"},{"@type":"WebPage","@id":"https:\/\/radioljubuski.ba\/index.php\/2021\/09\/02\/dodik-bosnjaci-su-umisli-da-je-bih-njihova-mi-smo-rs-unijeli-u-bih-mozemo-je-i-iznijeti\/","url":"https:\/\/radioljubuski.ba\/index.php\/2021\/09\/02\/dodik-bosnjaci-su-umisli-da-je-bih-njihova-mi-smo-rs-unijeli-u-bih-mozemo-je-i-iznijeti\/","name":"Dodik: Bo\u0161njaci su umislili da je BiH njihova, mi smo RS unijeli u BiH, mo\u017eemo je i iznijeti - RADIO LJUBU\u0160KI","isPartOf":{"@id":"https:\/\/radioljubuski.ba\/#website"},"primaryImageOfPage":{"@id":"https:\/\/radioljubuski.ba\/index.php\/2021\/09\/02\/dodik-bosnjaci-su-umisli-da-je-bih-njihova-mi-smo-rs-unijeli-u-bih-mozemo-je-i-iznijeti\/#primaryimage"},"image":{"@id":"https:\/\/radioljubuski.ba\/index.php\/2021\/09\/02\/dodik-bosnjaci-su-umisli-da-je-bih-njihova-mi-smo-rs-unijeli-u-bih-mozemo-je-i-iznijeti\/#primaryimage"},"thumbnailUrl":"https:\/\/radioljubuski.ba\/wp-content\/uploads\/2021\/07\/dodik1-1-1068x672-2.jpg","datePublished":"2021-09-01T23:16:23+00:00","dateModified":"2021-09-01T23:16:31+00:00","breadcrumb":{"@id":"https:\/\/radioljubuski.ba\/index.php\/2021\/09\/02\/dodik-bosnjaci-su-umisli-da-je-bih-njihova-mi-smo-rs-unijeli-u-bih-mozemo-je-i-iznijeti\/#breadcrumb"},"inLanguage":"hr","potentialAction":[{"@type":"ReadAction","target":["https:\/\/radioljubuski.ba\/index.php\/2021\/09\/02\/dodik-bosnjaci-su-umisli-da-je-bih-njihova-mi-smo-rs-unijeli-u-bih-mozemo-je-i-iznijeti\/"]}]},{"@type":"ImageObject","inLanguage":"hr","@id":"https:\/\/radioljubuski.ba\/index.php\/2021\/09\/02\/dodik-bosnjaci-su-umisli-da-je-bih-njihova-mi-smo-rs-unijeli-u-bih-mozemo-je-i-iznijeti\/#primaryimage","url":"https:\/\/radioljubuski.ba\/wp-content\/uploads\/2021\/07\/dodik1-1-1068x672-2.jpg","contentUrl":"https:\/\/radioljubuski.ba\/wp-content\/uploads\/2021\/07\/dodik1-1-1068x672-2.jpg","width":1068,"height":672},{"@type":"BreadcrumbList","@id":"https:\/\/radioljubuski.ba\/index.php\/2021\/09\/02\/dodik-bosnjaci-su-umisli-da-je-bih-njihova-mi-smo-rs-unijeli-u-bih-mozemo-je-i-iznijeti\/#breadcrumb","itemListElement":[{"@type":"ListItem","position":1,"name":"Po\u010detna stranica","item":"https:\/\/radioljubuski.ba\/"},{"@type":"ListItem","position":2,"name":"Dodik: Bo\u0161njaci su umislili da je BiH njihova, mi smo RS unijeli u BiH, mo\u017eemo je i iznijeti"}]},{"@type":"WebSite","@id":"https:\/\/radioljubuski.ba\/#website","url":"https:\/\/radioljubuski.ba\/","name":"Radio Ljubu\u0161ki","description":"Sun\u010dana frekvencija Hercegovine","publisher":{"@id":"https:\/\/radioljubuski.ba\/#organization"},"potentialAction":[{"@type":"SearchAction","target":{"@type":"EntryPoint","urlTemplate":"https:\/\/radioljubuski.ba\/?s={search_term_string}"},"query-input":{"@type":"PropertyValueSpecification","valueRequired":true,"valueName":"search_term_string"}}],"inLanguage":"hr"},{"@type":"Organization","@id":"https:\/\/radioljubuski.ba\/#organization","name":"Radio Ljubu\u0161ki","url":"https:\/\/radioljubuski.ba\/","logo":{"@type":"ImageObject","inLanguage":"hr","@id":"https:\/\/radioljubuski.ba\/#\/schema\/logo\/image\/","url":"https:\/\/radioljubuski.ba\/wp-content\/uploads\/2021\/02\/cropped-Radio_Ljubuski_logo1.jpg","contentUrl":"https:\/\/radioljubuski.ba\/wp-content\/uploads\/2021\/02\/cropped-Radio_Ljubuski_logo1.jpg","width":512,"height":512,"caption":"Radio Ljubu\u0161ki"},"image":{"@id":"https:\/\/radioljubuski.ba\/#\/schema\/logo\/image\/"},"sameAs":["https:\/\/www.facebook.com\/Radiio-Ljubuski-1490835324566332","https:\/\/x.com\/radioljubuski","https:\/\/hr.linkedin.com\/company\/radio-ljubuski","https:\/\/www.youtube.com\/channel\/UCHYaeO_n0Db3tjNGudGpXyw"]},{"@type":"Person","@id":"https:\/\/radioljubuski.ba\/#\/schema\/person\/19fc700381a780f69665d7956c469e3b","name":"Radio Ljubu\u0161ki"}]}},"_links":{"self":[{"href":"https:\/\/radioljubuski.ba\/index.php\/wp-json\/wp\/v2\/posts\/60099","targetHints":{"allow":["GET"]}}],"collection":[{"href":"https:\/\/radioljubuski.ba\/index.php\/wp-json\/wp\/v2\/posts"}],"about":[{"href":"https:\/\/radioljubuski.ba\/index.php\/wp-json\/wp\/v2\/types\/post"}],"author":[{"embeddable":true,"href":"https:\/\/radioljubuski.ba\/index.php\/wp-json\/wp\/v2\/users\/2"}],"replies":[{"embeddable":true,"href":"https:\/\/radioljubuski.ba\/index.php\/wp-json\/wp\/v2\/comments?post=60099"}],"version-history":[{"count":2,"href":"https:\/\/radioljubuski.ba\/index.php\/wp-json\/wp\/v2\/posts\/60099\/revisions"}],"predecessor-version":[{"id":60101,"href":"https:\/\/radioljubuski.ba\/index.php\/wp-json\/wp\/v2\/posts\/60099\/revisions\/60101"}],"wp:featuredmedia":[{"embeddable":true,"href":"https:\/\/radioljubuski.ba\/index.php\/wp-json\/wp\/v2\/media\/47492"}],"wp:attachment":[{"href":"https:\/\/radioljubuski.ba\/index.php\/wp-json\/wp\/v2\/media?parent=60099"}],"wp:term":[{"taxonomy":"category","embeddable":true,"href":"https:\/\/radioljubuski.ba\/index.php\/wp-json\/wp\/v2\/categories?post=60099"},{"taxonomy":"post_tag","embeddable":true,"href":"https:\/\/radioljubuski.ba\/index.php\/wp-json\/wp\/v2\/tags?post=60099"}],"curies":[{"name":"wp","href":"https:\/\/api.w.org\/{rel}","templated":true}]}}