{"id":60105,"date":"2021-09-02T00:19:50","date_gmt":"2021-09-01T23:19:50","guid":{"rendered":"https:\/\/radioljubuski.ba\/?p=60105"},"modified":"2021-09-02T00:19:52","modified_gmt":"2021-09-01T23:19:52","slug":"u-kolovozu-vise-od-1-5-milijuna-vozila-na-autocesti-a1","status":"publish","type":"post","link":"https:\/\/radioljubuski.ba\/index.php\/2021\/09\/02\/u-kolovozu-vise-od-1-5-milijuna-vozila-na-autocesti-a1\/","title":{"rendered":"U kolovozu vi\u0161e od 1.5 milijuna vozila na autocesti A1"},"content":{"rendered":"\n<p>JP Autoceste FBiH zabilje\u017eilo je u kolovozu ove godine ukupno 1.518.457 vozila na izlazu s autoceste A1.<\/p>\n\n\n\n<p>Iz tog poduze\u0107a navode kako je ukupan broj izlaza pove\u0107an za 27,24 posto u odnosu na isti period 2020. godine, a u usporedbi s istim periodom 2019. godine, broj prolaza je ve\u0107i za 8,67 posto (ili za 121.102 prolaza).<\/p>\n\n\n\n<p>Ostvareni prihod od naplate cestarine u periodu od 1. do 31. kolovoza ove godine je 5.234.532 KM, navode iz Autocesta FBiH.<\/p>\n\n\n\n<p>Kako su istaknuli, ukupan ostvareni prihod pove\u0107an je za 33,24 posto (ili za 1.305.999 KM) u odnosu na isti period pro\u0161le godine, a u odnosu na isti period rekordne 2019. godine, ostvareni prihod je ve\u0107i za 11,85 posto (ili za 554.390,84 KM).<\/p>\n\n\n\n<p>&#8220;Iz navedenih podataka vidljivo je da su JP Autoceste FBiH unato\u010d izazovnim vremenima u kojima se trenutno nalazimo prona\u0161le na\u010din i podigle razinu svog poslovanja za nivo vi\u0161e, \u010dak i u odnosu na predpandemijsko vrijeme&#8221;, priop\u0107ili su iz tog poduze\u0107a.<\/p>\n\n\n\n<p>Izvor:pogled.ba<\/p>\n","protected":false},"excerpt":{"rendered":"<p>JP Autoceste FBiH zabilje\u017eilo je u kolovozu ove godine ukupno 1.518.457 vozila na izlazu s autoceste A1. Iz tog poduze\u0107a navode kako je ukupan broj izlaza pove\u0107an za 27,24 posto u odnosu na isti period 2020. godine, a u usporedbi s istim periodom 2019. godine, broj prolaza je ve\u0107i za 8,67 posto (ili za 121.102 [&hellip;]<\/p>\n","protected":false},"author":2,"featured_media":60106,"comment_status":"closed","ping_status":"closed","sticky":false,"template":"","format":"standard","meta":{"h5ap_radio_sources":[],"footnotes":""},"categories":[1],"tags":[],"class_list":["post-60105","post","type-post","status-publish","format-standard","has-post-thumbnail","hentry","category-bihiregija"],"yoast_head":"<!-- This site is optimized with the Yoast SEO plugin v27.5 - https:\/\/yoast.com\/product\/yoast-seo-wordpress\/ -->\n<title>U kolovozu vi\u0161e od 1.5 milijuna vozila na autocesti A1 - RADIO LJUBU\u0160KI<\/title>\n<meta name=\"robots\" content=\"index, follow, max-snippet:-1, max-image-preview:large, max-video-preview:-1\" \/>\n<link rel=\"canonical\" href=\"https:\/\/radioljubuski.ba\/index.php\/2021\/09\/02\/u-kolovozu-vise-od-1-5-milijuna-vozila-na-autocesti-a1\/\" \/>\n<meta property=\"og:locale\" content=\"hr_HR\" \/>\n<meta property=\"og:type\" content=\"article\" \/>\n<meta property=\"og:title\" content=\"U kolovozu vi\u0161e od 1.5 milijuna vozila na autocesti A1 - RADIO LJUBU\u0160KI\" \/>\n<meta property=\"og:description\" content=\"JP Autoceste FBiH zabilje\u017eilo je u kolovozu ove godine ukupno 1.518.457 vozila na izlazu s autoceste A1. Iz tog poduze\u0107a navode kako je ukupan broj izlaza pove\u0107an za 27,24 posto u odnosu na isti period 2020. godine, a u usporedbi s istim periodom 2019. godine, broj prolaza je ve\u0107i za 8,67 posto (ili za 121.102 [&hellip;]\" \/>\n<meta property=\"og:url\" content=\"https:\/\/radioljubuski.ba\/index.php\/2021\/09\/02\/u-kolovozu-vise-od-1-5-milijuna-vozila-na-autocesti-a1\/\" \/>\n<meta property=\"og:site_name\" content=\"RADIO LJUBU\u0160KI\" \/>\n<meta property=\"article:publisher\" content=\"https:\/\/www.facebook.com\/Radiio-Ljubuski-1490835324566332\" \/>\n<meta property=\"article:published_time\" content=\"2021-09-01T23:19:50+00:00\" \/>\n<meta property=\"article:modified_time\" content=\"2021-09-01T23:19:52+00:00\" \/>\n<meta property=\"og:image\" content=\"https:\/\/radioljubuski.ba\/wp-content\/uploads\/2021\/09\/x7rgqDGU_autocesta_bih_autoput_krivina.jpg\" \/>\n\t<meta property=\"og:image:width\" content=\"1000\" \/>\n\t<meta property=\"og:image:height\" content=\"625\" \/>\n\t<meta property=\"og:image:type\" content=\"image\/jpeg\" \/>\n<meta name=\"author\" content=\"Radio Ljubu\u0161ki\" \/>\n<meta name=\"twitter:card\" content=\"summary_large_image\" \/>\n<meta name=\"twitter:creator\" content=\"@radioljubuski\" \/>\n<meta name=\"twitter:site\" content=\"@radioljubuski\" \/>\n<meta name=\"twitter:label1\" content=\"Napisao\/la\" \/>\n\t<meta name=\"twitter:data1\" content=\"Radio Ljubu\u0161ki\" \/>\n\t<meta name=\"twitter:label2\" content=\"Procijenjeno vrijeme \u010ditanja\" \/>\n\t<meta name=\"twitter:data2\" content=\"1 minuta\" \/>\n<script type=\"application\/ld+json\" class=\"yoast-schema-graph\">{\"@context\":\"https:\\\/\\\/schema.org\",\"@graph\":[{\"@type\":\"Article\",\"@id\":\"https:\\\/\\\/radioljubuski.ba\\\/index.php\\\/2021\\\/09\\\/02\\\/u-kolovozu-vise-od-1-5-milijuna-vozila-na-autocesti-a1\\\/#article\",\"isPartOf\":{\"@id\":\"https:\\\/\\\/radioljubuski.ba\\\/index.php\\\/2021\\\/09\\\/02\\\/u-kolovozu-vise-od-1-5-milijuna-vozila-na-autocesti-a1\\\/\"},\"author\":{\"name\":\"Radio Ljubu\u0161ki\",\"@id\":\"https:\\\/\\\/radioljubuski.ba\\\/#\\\/schema\\\/person\\\/19fc700381a780f69665d7956c469e3b\"},\"headline\":\"U kolovozu vi\u0161e od 1.5 milijuna vozila na autocesti A1\",\"datePublished\":\"2021-09-01T23:19:50+00:00\",\"dateModified\":\"2021-09-01T23:19:52+00:00\",\"mainEntityOfPage\":{\"@id\":\"https:\\\/\\\/radioljubuski.ba\\\/index.php\\\/2021\\\/09\\\/02\\\/u-kolovozu-vise-od-1-5-milijuna-vozila-na-autocesti-a1\\\/\"},\"wordCount\":170,\"publisher\":{\"@id\":\"https:\\\/\\\/radioljubuski.ba\\\/#organization\"},\"image\":{\"@id\":\"https:\\\/\\\/radioljubuski.ba\\\/index.php\\\/2021\\\/09\\\/02\\\/u-kolovozu-vise-od-1-5-milijuna-vozila-na-autocesti-a1\\\/#primaryimage\"},\"thumbnailUrl\":\"https:\\\/\\\/radioljubuski.ba\\\/wp-content\\\/uploads\\\/2021\\\/09\\\/x7rgqDGU_autocesta_bih_autoput_krivina.jpg\",\"articleSection\":[\"BIH i regija\"],\"inLanguage\":\"hr\"},{\"@type\":\"WebPage\",\"@id\":\"https:\\\/\\\/radioljubuski.ba\\\/index.php\\\/2021\\\/09\\\/02\\\/u-kolovozu-vise-od-1-5-milijuna-vozila-na-autocesti-a1\\\/\",\"url\":\"https:\\\/\\\/radioljubuski.ba\\\/index.php\\\/2021\\\/09\\\/02\\\/u-kolovozu-vise-od-1-5-milijuna-vozila-na-autocesti-a1\\\/\",\"name\":\"U kolovozu vi\u0161e od 1.5 milijuna vozila na autocesti A1 - RADIO LJUBU\u0160KI\",\"isPartOf\":{\"@id\":\"https:\\\/\\\/radioljubuski.ba\\\/#website\"},\"primaryImageOfPage\":{\"@id\":\"https:\\\/\\\/radioljubuski.ba\\\/index.php\\\/2021\\\/09\\\/02\\\/u-kolovozu-vise-od-1-5-milijuna-vozila-na-autocesti-a1\\\/#primaryimage\"},\"image\":{\"@id\":\"https:\\\/\\\/radioljubuski.ba\\\/index.php\\\/2021\\\/09\\\/02\\\/u-kolovozu-vise-od-1-5-milijuna-vozila-na-autocesti-a1\\\/#primaryimage\"},\"thumbnailUrl\":\"https:\\\/\\\/radioljubuski.ba\\\/wp-content\\\/uploads\\\/2021\\\/09\\\/x7rgqDGU_autocesta_bih_autoput_krivina.jpg\",\"datePublished\":\"2021-09-01T23:19:50+00:00\",\"dateModified\":\"2021-09-01T23:19:52+00:00\",\"breadcrumb\":{\"@id\":\"https:\\\/\\\/radioljubuski.ba\\\/index.php\\\/2021\\\/09\\\/02\\\/u-kolovozu-vise-od-1-5-milijuna-vozila-na-autocesti-a1\\\/#breadcrumb\"},\"inLanguage\":\"hr\",\"potentialAction\":[{\"@type\":\"ReadAction\",\"target\":[\"https:\\\/\\\/radioljubuski.ba\\\/index.php\\\/2021\\\/09\\\/02\\\/u-kolovozu-vise-od-1-5-milijuna-vozila-na-autocesti-a1\\\/\"]}]},{\"@type\":\"ImageObject\",\"inLanguage\":\"hr\",\"@id\":\"https:\\\/\\\/radioljubuski.ba\\\/index.php\\\/2021\\\/09\\\/02\\\/u-kolovozu-vise-od-1-5-milijuna-vozila-na-autocesti-a1\\\/#primaryimage\",\"url\":\"https:\\\/\\\/radioljubuski.ba\\\/wp-content\\\/uploads\\\/2021\\\/09\\\/x7rgqDGU_autocesta_bih_autoput_krivina.jpg\",\"contentUrl\":\"https:\\\/\\\/radioljubuski.ba\\\/wp-content\\\/uploads\\\/2021\\\/09\\\/x7rgqDGU_autocesta_bih_autoput_krivina.jpg\",\"width\":1000,\"height\":625},{\"@type\":\"BreadcrumbList\",\"@id\":\"https:\\\/\\\/radioljubuski.ba\\\/index.php\\\/2021\\\/09\\\/02\\\/u-kolovozu-vise-od-1-5-milijuna-vozila-na-autocesti-a1\\\/#breadcrumb\",\"itemListElement\":[{\"@type\":\"ListItem\",\"position\":1,\"name\":\"Po\u010detna stranica\",\"item\":\"https:\\\/\\\/radioljubuski.ba\\\/\"},{\"@type\":\"ListItem\",\"position\":2,\"name\":\"U kolovozu vi\u0161e od 1.5 milijuna vozila na autocesti A1\"}]},{\"@type\":\"WebSite\",\"@id\":\"https:\\\/\\\/radioljubuski.ba\\\/#website\",\"url\":\"https:\\\/\\\/radioljubuski.ba\\\/\",\"name\":\"Radio Ljubu\u0161ki\",\"description\":\"Sun\u010dana frekvencija Hercegovine\",\"publisher\":{\"@id\":\"https:\\\/\\\/radioljubuski.ba\\\/#organization\"},\"potentialAction\":[{\"@type\":\"SearchAction\",\"target\":{\"@type\":\"EntryPoint\",\"urlTemplate\":\"https:\\\/\\\/radioljubuski.ba\\\/?s={search_term_string}\"},\"query-input\":{\"@type\":\"PropertyValueSpecification\",\"valueRequired\":true,\"valueName\":\"search_term_string\"}}],\"inLanguage\":\"hr\"},{\"@type\":\"Organization\",\"@id\":\"https:\\\/\\\/radioljubuski.ba\\\/#organization\",\"name\":\"Radio Ljubu\u0161ki\",\"url\":\"https:\\\/\\\/radioljubuski.ba\\\/\",\"logo\":{\"@type\":\"ImageObject\",\"inLanguage\":\"hr\",\"@id\":\"https:\\\/\\\/radioljubuski.ba\\\/#\\\/schema\\\/logo\\\/image\\\/\",\"url\":\"https:\\\/\\\/radioljubuski.ba\\\/wp-content\\\/uploads\\\/2021\\\/02\\\/cropped-Radio_Ljubuski_logo1.jpg\",\"contentUrl\":\"https:\\\/\\\/radioljubuski.ba\\\/wp-content\\\/uploads\\\/2021\\\/02\\\/cropped-Radio_Ljubuski_logo1.jpg\",\"width\":512,\"height\":512,\"caption\":\"Radio Ljubu\u0161ki\"},\"image\":{\"@id\":\"https:\\\/\\\/radioljubuski.ba\\\/#\\\/schema\\\/logo\\\/image\\\/\"},\"sameAs\":[\"https:\\\/\\\/www.facebook.com\\\/Radiio-Ljubuski-1490835324566332\",\"https:\\\/\\\/x.com\\\/radioljubuski\",\"https:\\\/\\\/hr.linkedin.com\\\/company\\\/radio-ljubuski\",\"https:\\\/\\\/www.youtube.com\\\/channel\\\/UCHYaeO_n0Db3tjNGudGpXyw\"]},{\"@type\":\"Person\",\"@id\":\"https:\\\/\\\/radioljubuski.ba\\\/#\\\/schema\\\/person\\\/19fc700381a780f69665d7956c469e3b\",\"name\":\"Radio Ljubu\u0161ki\"}]}<\/script>\n<!-- \/ Yoast SEO plugin. -->","yoast_head_json":{"title":"U kolovozu vi\u0161e od 1.5 milijuna vozila na autocesti A1 - RADIO LJUBU\u0160KI","robots":{"index":"index","follow":"follow","max-snippet":"max-snippet:-1","max-image-preview":"max-image-preview:large","max-video-preview":"max-video-preview:-1"},"canonical":"https:\/\/radioljubuski.ba\/index.php\/2021\/09\/02\/u-kolovozu-vise-od-1-5-milijuna-vozila-na-autocesti-a1\/","og_locale":"hr_HR","og_type":"article","og_title":"U kolovozu vi\u0161e od 1.5 milijuna vozila na autocesti A1 - RADIO LJUBU\u0160KI","og_description":"JP Autoceste FBiH zabilje\u017eilo je u kolovozu ove godine ukupno 1.518.457 vozila na izlazu s autoceste A1. Iz tog poduze\u0107a navode kako je ukupan broj izlaza pove\u0107an za 27,24 posto u odnosu na isti period 2020. godine, a u usporedbi s istim periodom 2019. godine, broj prolaza je ve\u0107i za 8,67 posto (ili za 121.102 [&hellip;]","og_url":"https:\/\/radioljubuski.ba\/index.php\/2021\/09\/02\/u-kolovozu-vise-od-1-5-milijuna-vozila-na-autocesti-a1\/","og_site_name":"RADIO LJUBU\u0160KI","article_publisher":"https:\/\/www.facebook.com\/Radiio-Ljubuski-1490835324566332","article_published_time":"2021-09-01T23:19:50+00:00","article_modified_time":"2021-09-01T23:19:52+00:00","og_image":[{"width":1000,"height":625,"url":"https:\/\/radioljubuski.ba\/wp-content\/uploads\/2021\/09\/x7rgqDGU_autocesta_bih_autoput_krivina.jpg","type":"image\/jpeg"}],"author":"Radio Ljubu\u0161ki","twitter_card":"summary_large_image","twitter_creator":"@radioljubuski","twitter_site":"@radioljubuski","twitter_misc":{"Napisao\/la":"Radio Ljubu\u0161ki","Procijenjeno vrijeme \u010ditanja":"1 minuta"},"schema":{"@context":"https:\/\/schema.org","@graph":[{"@type":"Article","@id":"https:\/\/radioljubuski.ba\/index.php\/2021\/09\/02\/u-kolovozu-vise-od-1-5-milijuna-vozila-na-autocesti-a1\/#article","isPartOf":{"@id":"https:\/\/radioljubuski.ba\/index.php\/2021\/09\/02\/u-kolovozu-vise-od-1-5-milijuna-vozila-na-autocesti-a1\/"},"author":{"name":"Radio Ljubu\u0161ki","@id":"https:\/\/radioljubuski.ba\/#\/schema\/person\/19fc700381a780f69665d7956c469e3b"},"headline":"U kolovozu vi\u0161e od 1.5 milijuna vozila na autocesti A1","datePublished":"2021-09-01T23:19:50+00:00","dateModified":"2021-09-01T23:19:52+00:00","mainEntityOfPage":{"@id":"https:\/\/radioljubuski.ba\/index.php\/2021\/09\/02\/u-kolovozu-vise-od-1-5-milijuna-vozila-na-autocesti-a1\/"},"wordCount":170,"publisher":{"@id":"https:\/\/radioljubuski.ba\/#organization"},"image":{"@id":"https:\/\/radioljubuski.ba\/index.php\/2021\/09\/02\/u-kolovozu-vise-od-1-5-milijuna-vozila-na-autocesti-a1\/#primaryimage"},"thumbnailUrl":"https:\/\/radioljubuski.ba\/wp-content\/uploads\/2021\/09\/x7rgqDGU_autocesta_bih_autoput_krivina.jpg","articleSection":["BIH i regija"],"inLanguage":"hr"},{"@type":"WebPage","@id":"https:\/\/radioljubuski.ba\/index.php\/2021\/09\/02\/u-kolovozu-vise-od-1-5-milijuna-vozila-na-autocesti-a1\/","url":"https:\/\/radioljubuski.ba\/index.php\/2021\/09\/02\/u-kolovozu-vise-od-1-5-milijuna-vozila-na-autocesti-a1\/","name":"U kolovozu vi\u0161e od 1.5 milijuna vozila na autocesti A1 - RADIO LJUBU\u0160KI","isPartOf":{"@id":"https:\/\/radioljubuski.ba\/#website"},"primaryImageOfPage":{"@id":"https:\/\/radioljubuski.ba\/index.php\/2021\/09\/02\/u-kolovozu-vise-od-1-5-milijuna-vozila-na-autocesti-a1\/#primaryimage"},"image":{"@id":"https:\/\/radioljubuski.ba\/index.php\/2021\/09\/02\/u-kolovozu-vise-od-1-5-milijuna-vozila-na-autocesti-a1\/#primaryimage"},"thumbnailUrl":"https:\/\/radioljubuski.ba\/wp-content\/uploads\/2021\/09\/x7rgqDGU_autocesta_bih_autoput_krivina.jpg","datePublished":"2021-09-01T23:19:50+00:00","dateModified":"2021-09-01T23:19:52+00:00","breadcrumb":{"@id":"https:\/\/radioljubuski.ba\/index.php\/2021\/09\/02\/u-kolovozu-vise-od-1-5-milijuna-vozila-na-autocesti-a1\/#breadcrumb"},"inLanguage":"hr","potentialAction":[{"@type":"ReadAction","target":["https:\/\/radioljubuski.ba\/index.php\/2021\/09\/02\/u-kolovozu-vise-od-1-5-milijuna-vozila-na-autocesti-a1\/"]}]},{"@type":"ImageObject","inLanguage":"hr","@id":"https:\/\/radioljubuski.ba\/index.php\/2021\/09\/02\/u-kolovozu-vise-od-1-5-milijuna-vozila-na-autocesti-a1\/#primaryimage","url":"https:\/\/radioljubuski.ba\/wp-content\/uploads\/2021\/09\/x7rgqDGU_autocesta_bih_autoput_krivina.jpg","contentUrl":"https:\/\/radioljubuski.ba\/wp-content\/uploads\/2021\/09\/x7rgqDGU_autocesta_bih_autoput_krivina.jpg","width":1000,"height":625},{"@type":"BreadcrumbList","@id":"https:\/\/radioljubuski.ba\/index.php\/2021\/09\/02\/u-kolovozu-vise-od-1-5-milijuna-vozila-na-autocesti-a1\/#breadcrumb","itemListElement":[{"@type":"ListItem","position":1,"name":"Po\u010detna stranica","item":"https:\/\/radioljubuski.ba\/"},{"@type":"ListItem","position":2,"name":"U kolovozu vi\u0161e od 1.5 milijuna vozila na autocesti A1"}]},{"@type":"WebSite","@id":"https:\/\/radioljubuski.ba\/#website","url":"https:\/\/radioljubuski.ba\/","name":"Radio Ljubu\u0161ki","description":"Sun\u010dana frekvencija Hercegovine","publisher":{"@id":"https:\/\/radioljubuski.ba\/#organization"},"potentialAction":[{"@type":"SearchAction","target":{"@type":"EntryPoint","urlTemplate":"https:\/\/radioljubuski.ba\/?s={search_term_string}"},"query-input":{"@type":"PropertyValueSpecification","valueRequired":true,"valueName":"search_term_string"}}],"inLanguage":"hr"},{"@type":"Organization","@id":"https:\/\/radioljubuski.ba\/#organization","name":"Radio Ljubu\u0161ki","url":"https:\/\/radioljubuski.ba\/","logo":{"@type":"ImageObject","inLanguage":"hr","@id":"https:\/\/radioljubuski.ba\/#\/schema\/logo\/image\/","url":"https:\/\/radioljubuski.ba\/wp-content\/uploads\/2021\/02\/cropped-Radio_Ljubuski_logo1.jpg","contentUrl":"https:\/\/radioljubuski.ba\/wp-content\/uploads\/2021\/02\/cropped-Radio_Ljubuski_logo1.jpg","width":512,"height":512,"caption":"Radio Ljubu\u0161ki"},"image":{"@id":"https:\/\/radioljubuski.ba\/#\/schema\/logo\/image\/"},"sameAs":["https:\/\/www.facebook.com\/Radiio-Ljubuski-1490835324566332","https:\/\/x.com\/radioljubuski","https:\/\/hr.linkedin.com\/company\/radio-ljubuski","https:\/\/www.youtube.com\/channel\/UCHYaeO_n0Db3tjNGudGpXyw"]},{"@type":"Person","@id":"https:\/\/radioljubuski.ba\/#\/schema\/person\/19fc700381a780f69665d7956c469e3b","name":"Radio Ljubu\u0161ki"}]}},"_links":{"self":[{"href":"https:\/\/radioljubuski.ba\/index.php\/wp-json\/wp\/v2\/posts\/60105","targetHints":{"allow":["GET"]}}],"collection":[{"href":"https:\/\/radioljubuski.ba\/index.php\/wp-json\/wp\/v2\/posts"}],"about":[{"href":"https:\/\/radioljubuski.ba\/index.php\/wp-json\/wp\/v2\/types\/post"}],"author":[{"embeddable":true,"href":"https:\/\/radioljubuski.ba\/index.php\/wp-json\/wp\/v2\/users\/2"}],"replies":[{"embeddable":true,"href":"https:\/\/radioljubuski.ba\/index.php\/wp-json\/wp\/v2\/comments?post=60105"}],"version-history":[{"count":1,"href":"https:\/\/radioljubuski.ba\/index.php\/wp-json\/wp\/v2\/posts\/60105\/revisions"}],"predecessor-version":[{"id":60107,"href":"https:\/\/radioljubuski.ba\/index.php\/wp-json\/wp\/v2\/posts\/60105\/revisions\/60107"}],"wp:featuredmedia":[{"embeddable":true,"href":"https:\/\/radioljubuski.ba\/index.php\/wp-json\/wp\/v2\/media\/60106"}],"wp:attachment":[{"href":"https:\/\/radioljubuski.ba\/index.php\/wp-json\/wp\/v2\/media?parent=60105"}],"wp:term":[{"taxonomy":"category","embeddable":true,"href":"https:\/\/radioljubuski.ba\/index.php\/wp-json\/wp\/v2\/categories?post=60105"},{"taxonomy":"post_tag","embeddable":true,"href":"https:\/\/radioljubuski.ba\/index.php\/wp-json\/wp\/v2\/tags?post=60105"}],"curies":[{"name":"wp","href":"https:\/\/api.w.org\/{rel}","templated":true}]}}