{"id":60114,"date":"2021-09-02T00:25:51","date_gmt":"2021-09-01T23:25:51","guid":{"rendered":"https:\/\/radioljubuski.ba\/?p=60114"},"modified":"2021-09-02T00:25:52","modified_gmt":"2021-09-01T23:25:52","slug":"borut-pahor-bruxelles-treba-zauzeti-drugaciji-pristup-u-bih","status":"publish","type":"post","link":"https:\/\/radioljubuski.ba\/index.php\/2021\/09\/02\/borut-pahor-bruxelles-treba-zauzeti-drugaciji-pristup-u-bih\/","title":{"rendered":"Borut Pahor: Bruxelles treba zauzeti druga\u010diji pristup u BiH"},"content":{"rendered":"\n<p>Bosna i Hercegovina predstavlja poseban izazov od svih zemalja Zapadnog Balkana, kazao je slovenski predsjednik Borut Pahor, obra\u0107aju\u0107i se susionicima Bledskog strate\u0161kog foruma tijekom panel rasprave o pro\u0161irenju Europske unije. On je istaknuo kako bi Bruxelles u BiH trebao zauzeti druga\u010diji pristup od dosada\u0161njeg.<\/p>\n\n\n\n<p>\u201cMe\u0111unarodna zajednica je zadovoljna ako je u zemlji mir, ali mislim da se EU treba zapitati kako doprinijeti BiH i njenom napretku\u201d, kazao je Pahor. Umjesto birokratskog, Bruxelles bi trebao zauzeti politi\u010dki pristup prema Bosni i Hercegovini, kazao je, dodav\u0161i kako je odgovornost za napredak ipak na doma\u0107im vlastima, prenosi N1. &nbsp;<\/p>\n\n\n\n<p>\u201cOno \u0161to je u pitanju je zajedni\u010dki interes, ukoliko postoji iskrena politi\u010dka volja i vrijeme je da se ne\u0161to u\u010dini\u201d, zaklju\u010dio je Borut Pahor. Dodao je kako EU ima dovoljno kapaciteta da se intenzivnije bavi pro\u0161irenjem na Zapadni Balkan i pored svih ostalih prisutnih problema.<\/p>\n\n\n\n<p>\u201cNe dozvolimo da Zapadni Balkan postane zamrznuta prilika za EU\u201d, dodao je. Borut Pahor je tako\u0111er rekao kako neki mogu misliti da ova regija predstavlja ni\u0161ta drugo nego problem, ali on smatra kako se radi o \u201cizvrsnoj prilici\u201d za EU, koja bi trebala sebi privu\u0107i ovu regiju.<\/p>\n\n\n\n<p>Izvor:N1<\/p>\n","protected":false},"excerpt":{"rendered":"<p>Bosna i Hercegovina predstavlja poseban izazov od svih zemalja Zapadnog Balkana, kazao je slovenski predsjednik Borut Pahor, obra\u0107aju\u0107i se susionicima Bledskog strate\u0161kog foruma tijekom panel rasprave o pro\u0161irenju Europske unije. On je istaknuo kako bi Bruxelles u BiH trebao zauzeti druga\u010diji pristup od dosada\u0161njeg. \u201cMe\u0111unarodna zajednica je zadovoljna ako je u zemlji mir, ali mislim [&hellip;]<\/p>\n","protected":false},"author":2,"featured_media":12721,"comment_status":"closed","ping_status":"closed","sticky":false,"template":"","format":"standard","meta":{"h5ap_radio_sources":[],"footnotes":""},"categories":[1],"tags":[],"class_list":["post-60114","post","type-post","status-publish","format-standard","has-post-thumbnail","hentry","category-bihiregija"],"yoast_head":"<!-- This site is optimized with the Yoast SEO plugin v27.5 - https:\/\/yoast.com\/product\/yoast-seo-wordpress\/ -->\n<title>Borut Pahor: Bruxelles treba zauzeti druga\u010diji pristup u BiH - RADIO LJUBU\u0160KI<\/title>\n<meta name=\"robots\" content=\"index, follow, max-snippet:-1, max-image-preview:large, max-video-preview:-1\" \/>\n<link rel=\"canonical\" href=\"https:\/\/radioljubuski.ba\/index.php\/2021\/09\/02\/borut-pahor-bruxelles-treba-zauzeti-drugaciji-pristup-u-bih\/\" \/>\n<meta property=\"og:locale\" content=\"hr_HR\" \/>\n<meta property=\"og:type\" content=\"article\" \/>\n<meta property=\"og:title\" content=\"Borut Pahor: Bruxelles treba zauzeti druga\u010diji pristup u BiH - RADIO LJUBU\u0160KI\" \/>\n<meta property=\"og:description\" content=\"Bosna i Hercegovina predstavlja poseban izazov od svih zemalja Zapadnog Balkana, kazao je slovenski predsjednik Borut Pahor, obra\u0107aju\u0107i se susionicima Bledskog strate\u0161kog foruma tijekom panel rasprave o pro\u0161irenju Europske unije. On je istaknuo kako bi Bruxelles u BiH trebao zauzeti druga\u010diji pristup od dosada\u0161njeg. \u201cMe\u0111unarodna zajednica je zadovoljna ako je u zemlji mir, ali mislim [&hellip;]\" \/>\n<meta property=\"og:url\" content=\"https:\/\/radioljubuski.ba\/index.php\/2021\/09\/02\/borut-pahor-bruxelles-treba-zauzeti-drugaciji-pristup-u-bih\/\" \/>\n<meta property=\"og:site_name\" content=\"RADIO LJUBU\u0160KI\" \/>\n<meta property=\"article:publisher\" content=\"https:\/\/www.facebook.com\/Radiio-Ljubuski-1490835324566332\" \/>\n<meta property=\"article:published_time\" content=\"2021-09-01T23:25:51+00:00\" \/>\n<meta property=\"article:modified_time\" content=\"2021-09-01T23:25:52+00:00\" \/>\n<meta property=\"og:image\" content=\"https:\/\/radioljubuski.ba\/wp-content\/uploads\/2021\/04\/pahor.jpeg\" \/>\n\t<meta property=\"og:image:width\" content=\"700\" \/>\n\t<meta property=\"og:image:height\" content=\"402\" \/>\n\t<meta property=\"og:image:type\" content=\"image\/jpeg\" \/>\n<meta name=\"author\" content=\"Radio Ljubu\u0161ki\" \/>\n<meta name=\"twitter:card\" content=\"summary_large_image\" \/>\n<meta name=\"twitter:creator\" content=\"@radioljubuski\" \/>\n<meta name=\"twitter:site\" content=\"@radioljubuski\" \/>\n<meta name=\"twitter:label1\" content=\"Napisao\/la\" \/>\n\t<meta name=\"twitter:data1\" content=\"Radio Ljubu\u0161ki\" \/>\n\t<meta name=\"twitter:label2\" content=\"Procijenjeno vrijeme \u010ditanja\" \/>\n\t<meta name=\"twitter:data2\" content=\"1 minuta\" \/>\n<script type=\"application\/ld+json\" class=\"yoast-schema-graph\">{\"@context\":\"https:\\\/\\\/schema.org\",\"@graph\":[{\"@type\":\"Article\",\"@id\":\"https:\\\/\\\/radioljubuski.ba\\\/index.php\\\/2021\\\/09\\\/02\\\/borut-pahor-bruxelles-treba-zauzeti-drugaciji-pristup-u-bih\\\/#article\",\"isPartOf\":{\"@id\":\"https:\\\/\\\/radioljubuski.ba\\\/index.php\\\/2021\\\/09\\\/02\\\/borut-pahor-bruxelles-treba-zauzeti-drugaciji-pristup-u-bih\\\/\"},\"author\":{\"name\":\"Radio Ljubu\u0161ki\",\"@id\":\"https:\\\/\\\/radioljubuski.ba\\\/#\\\/schema\\\/person\\\/19fc700381a780f69665d7956c469e3b\"},\"headline\":\"Borut Pahor: Bruxelles treba zauzeti druga\u010diji pristup u BiH\",\"datePublished\":\"2021-09-01T23:25:51+00:00\",\"dateModified\":\"2021-09-01T23:25:52+00:00\",\"mainEntityOfPage\":{\"@id\":\"https:\\\/\\\/radioljubuski.ba\\\/index.php\\\/2021\\\/09\\\/02\\\/borut-pahor-bruxelles-treba-zauzeti-drugaciji-pristup-u-bih\\\/\"},\"wordCount\":219,\"publisher\":{\"@id\":\"https:\\\/\\\/radioljubuski.ba\\\/#organization\"},\"image\":{\"@id\":\"https:\\\/\\\/radioljubuski.ba\\\/index.php\\\/2021\\\/09\\\/02\\\/borut-pahor-bruxelles-treba-zauzeti-drugaciji-pristup-u-bih\\\/#primaryimage\"},\"thumbnailUrl\":\"https:\\\/\\\/radioljubuski.ba\\\/wp-content\\\/uploads\\\/2021\\\/04\\\/pahor.jpeg\",\"articleSection\":[\"BIH i regija\"],\"inLanguage\":\"hr\"},{\"@type\":\"WebPage\",\"@id\":\"https:\\\/\\\/radioljubuski.ba\\\/index.php\\\/2021\\\/09\\\/02\\\/borut-pahor-bruxelles-treba-zauzeti-drugaciji-pristup-u-bih\\\/\",\"url\":\"https:\\\/\\\/radioljubuski.ba\\\/index.php\\\/2021\\\/09\\\/02\\\/borut-pahor-bruxelles-treba-zauzeti-drugaciji-pristup-u-bih\\\/\",\"name\":\"Borut Pahor: Bruxelles treba zauzeti druga\u010diji pristup u BiH - RADIO LJUBU\u0160KI\",\"isPartOf\":{\"@id\":\"https:\\\/\\\/radioljubuski.ba\\\/#website\"},\"primaryImageOfPage\":{\"@id\":\"https:\\\/\\\/radioljubuski.ba\\\/index.php\\\/2021\\\/09\\\/02\\\/borut-pahor-bruxelles-treba-zauzeti-drugaciji-pristup-u-bih\\\/#primaryimage\"},\"image\":{\"@id\":\"https:\\\/\\\/radioljubuski.ba\\\/index.php\\\/2021\\\/09\\\/02\\\/borut-pahor-bruxelles-treba-zauzeti-drugaciji-pristup-u-bih\\\/#primaryimage\"},\"thumbnailUrl\":\"https:\\\/\\\/radioljubuski.ba\\\/wp-content\\\/uploads\\\/2021\\\/04\\\/pahor.jpeg\",\"datePublished\":\"2021-09-01T23:25:51+00:00\",\"dateModified\":\"2021-09-01T23:25:52+00:00\",\"breadcrumb\":{\"@id\":\"https:\\\/\\\/radioljubuski.ba\\\/index.php\\\/2021\\\/09\\\/02\\\/borut-pahor-bruxelles-treba-zauzeti-drugaciji-pristup-u-bih\\\/#breadcrumb\"},\"inLanguage\":\"hr\",\"potentialAction\":[{\"@type\":\"ReadAction\",\"target\":[\"https:\\\/\\\/radioljubuski.ba\\\/index.php\\\/2021\\\/09\\\/02\\\/borut-pahor-bruxelles-treba-zauzeti-drugaciji-pristup-u-bih\\\/\"]}]},{\"@type\":\"ImageObject\",\"inLanguage\":\"hr\",\"@id\":\"https:\\\/\\\/radioljubuski.ba\\\/index.php\\\/2021\\\/09\\\/02\\\/borut-pahor-bruxelles-treba-zauzeti-drugaciji-pristup-u-bih\\\/#primaryimage\",\"url\":\"https:\\\/\\\/radioljubuski.ba\\\/wp-content\\\/uploads\\\/2021\\\/04\\\/pahor.jpeg\",\"contentUrl\":\"https:\\\/\\\/radioljubuski.ba\\\/wp-content\\\/uploads\\\/2021\\\/04\\\/pahor.jpeg\",\"width\":700,\"height\":402},{\"@type\":\"BreadcrumbList\",\"@id\":\"https:\\\/\\\/radioljubuski.ba\\\/index.php\\\/2021\\\/09\\\/02\\\/borut-pahor-bruxelles-treba-zauzeti-drugaciji-pristup-u-bih\\\/#breadcrumb\",\"itemListElement\":[{\"@type\":\"ListItem\",\"position\":1,\"name\":\"Po\u010detna stranica\",\"item\":\"https:\\\/\\\/radioljubuski.ba\\\/\"},{\"@type\":\"ListItem\",\"position\":2,\"name\":\"Borut Pahor: Bruxelles treba zauzeti druga\u010diji pristup u BiH\"}]},{\"@type\":\"WebSite\",\"@id\":\"https:\\\/\\\/radioljubuski.ba\\\/#website\",\"url\":\"https:\\\/\\\/radioljubuski.ba\\\/\",\"name\":\"Radio Ljubu\u0161ki\",\"description\":\"Sun\u010dana frekvencija Hercegovine\",\"publisher\":{\"@id\":\"https:\\\/\\\/radioljubuski.ba\\\/#organization\"},\"potentialAction\":[{\"@type\":\"SearchAction\",\"target\":{\"@type\":\"EntryPoint\",\"urlTemplate\":\"https:\\\/\\\/radioljubuski.ba\\\/?s={search_term_string}\"},\"query-input\":{\"@type\":\"PropertyValueSpecification\",\"valueRequired\":true,\"valueName\":\"search_term_string\"}}],\"inLanguage\":\"hr\"},{\"@type\":\"Organization\",\"@id\":\"https:\\\/\\\/radioljubuski.ba\\\/#organization\",\"name\":\"Radio Ljubu\u0161ki\",\"url\":\"https:\\\/\\\/radioljubuski.ba\\\/\",\"logo\":{\"@type\":\"ImageObject\",\"inLanguage\":\"hr\",\"@id\":\"https:\\\/\\\/radioljubuski.ba\\\/#\\\/schema\\\/logo\\\/image\\\/\",\"url\":\"https:\\\/\\\/radioljubuski.ba\\\/wp-content\\\/uploads\\\/2021\\\/02\\\/cropped-Radio_Ljubuski_logo1.jpg\",\"contentUrl\":\"https:\\\/\\\/radioljubuski.ba\\\/wp-content\\\/uploads\\\/2021\\\/02\\\/cropped-Radio_Ljubuski_logo1.jpg\",\"width\":512,\"height\":512,\"caption\":\"Radio Ljubu\u0161ki\"},\"image\":{\"@id\":\"https:\\\/\\\/radioljubuski.ba\\\/#\\\/schema\\\/logo\\\/image\\\/\"},\"sameAs\":[\"https:\\\/\\\/www.facebook.com\\\/Radiio-Ljubuski-1490835324566332\",\"https:\\\/\\\/x.com\\\/radioljubuski\",\"https:\\\/\\\/hr.linkedin.com\\\/company\\\/radio-ljubuski\",\"https:\\\/\\\/www.youtube.com\\\/channel\\\/UCHYaeO_n0Db3tjNGudGpXyw\"]},{\"@type\":\"Person\",\"@id\":\"https:\\\/\\\/radioljubuski.ba\\\/#\\\/schema\\\/person\\\/19fc700381a780f69665d7956c469e3b\",\"name\":\"Radio Ljubu\u0161ki\"}]}<\/script>\n<!-- \/ Yoast SEO plugin. -->","yoast_head_json":{"title":"Borut Pahor: Bruxelles treba zauzeti druga\u010diji pristup u BiH - RADIO LJUBU\u0160KI","robots":{"index":"index","follow":"follow","max-snippet":"max-snippet:-1","max-image-preview":"max-image-preview:large","max-video-preview":"max-video-preview:-1"},"canonical":"https:\/\/radioljubuski.ba\/index.php\/2021\/09\/02\/borut-pahor-bruxelles-treba-zauzeti-drugaciji-pristup-u-bih\/","og_locale":"hr_HR","og_type":"article","og_title":"Borut Pahor: Bruxelles treba zauzeti druga\u010diji pristup u BiH - RADIO LJUBU\u0160KI","og_description":"Bosna i Hercegovina predstavlja poseban izazov od svih zemalja Zapadnog Balkana, kazao je slovenski predsjednik Borut Pahor, obra\u0107aju\u0107i se susionicima Bledskog strate\u0161kog foruma tijekom panel rasprave o pro\u0161irenju Europske unije. On je istaknuo kako bi Bruxelles u BiH trebao zauzeti druga\u010diji pristup od dosada\u0161njeg. \u201cMe\u0111unarodna zajednica je zadovoljna ako je u zemlji mir, ali mislim [&hellip;]","og_url":"https:\/\/radioljubuski.ba\/index.php\/2021\/09\/02\/borut-pahor-bruxelles-treba-zauzeti-drugaciji-pristup-u-bih\/","og_site_name":"RADIO LJUBU\u0160KI","article_publisher":"https:\/\/www.facebook.com\/Radiio-Ljubuski-1490835324566332","article_published_time":"2021-09-01T23:25:51+00:00","article_modified_time":"2021-09-01T23:25:52+00:00","og_image":[{"width":700,"height":402,"url":"https:\/\/radioljubuski.ba\/wp-content\/uploads\/2021\/04\/pahor.jpeg","type":"image\/jpeg"}],"author":"Radio Ljubu\u0161ki","twitter_card":"summary_large_image","twitter_creator":"@radioljubuski","twitter_site":"@radioljubuski","twitter_misc":{"Napisao\/la":"Radio Ljubu\u0161ki","Procijenjeno vrijeme \u010ditanja":"1 minuta"},"schema":{"@context":"https:\/\/schema.org","@graph":[{"@type":"Article","@id":"https:\/\/radioljubuski.ba\/index.php\/2021\/09\/02\/borut-pahor-bruxelles-treba-zauzeti-drugaciji-pristup-u-bih\/#article","isPartOf":{"@id":"https:\/\/radioljubuski.ba\/index.php\/2021\/09\/02\/borut-pahor-bruxelles-treba-zauzeti-drugaciji-pristup-u-bih\/"},"author":{"name":"Radio Ljubu\u0161ki","@id":"https:\/\/radioljubuski.ba\/#\/schema\/person\/19fc700381a780f69665d7956c469e3b"},"headline":"Borut Pahor: Bruxelles treba zauzeti druga\u010diji pristup u BiH","datePublished":"2021-09-01T23:25:51+00:00","dateModified":"2021-09-01T23:25:52+00:00","mainEntityOfPage":{"@id":"https:\/\/radioljubuski.ba\/index.php\/2021\/09\/02\/borut-pahor-bruxelles-treba-zauzeti-drugaciji-pristup-u-bih\/"},"wordCount":219,"publisher":{"@id":"https:\/\/radioljubuski.ba\/#organization"},"image":{"@id":"https:\/\/radioljubuski.ba\/index.php\/2021\/09\/02\/borut-pahor-bruxelles-treba-zauzeti-drugaciji-pristup-u-bih\/#primaryimage"},"thumbnailUrl":"https:\/\/radioljubuski.ba\/wp-content\/uploads\/2021\/04\/pahor.jpeg","articleSection":["BIH i regija"],"inLanguage":"hr"},{"@type":"WebPage","@id":"https:\/\/radioljubuski.ba\/index.php\/2021\/09\/02\/borut-pahor-bruxelles-treba-zauzeti-drugaciji-pristup-u-bih\/","url":"https:\/\/radioljubuski.ba\/index.php\/2021\/09\/02\/borut-pahor-bruxelles-treba-zauzeti-drugaciji-pristup-u-bih\/","name":"Borut Pahor: Bruxelles treba zauzeti druga\u010diji pristup u BiH - RADIO LJUBU\u0160KI","isPartOf":{"@id":"https:\/\/radioljubuski.ba\/#website"},"primaryImageOfPage":{"@id":"https:\/\/radioljubuski.ba\/index.php\/2021\/09\/02\/borut-pahor-bruxelles-treba-zauzeti-drugaciji-pristup-u-bih\/#primaryimage"},"image":{"@id":"https:\/\/radioljubuski.ba\/index.php\/2021\/09\/02\/borut-pahor-bruxelles-treba-zauzeti-drugaciji-pristup-u-bih\/#primaryimage"},"thumbnailUrl":"https:\/\/radioljubuski.ba\/wp-content\/uploads\/2021\/04\/pahor.jpeg","datePublished":"2021-09-01T23:25:51+00:00","dateModified":"2021-09-01T23:25:52+00:00","breadcrumb":{"@id":"https:\/\/radioljubuski.ba\/index.php\/2021\/09\/02\/borut-pahor-bruxelles-treba-zauzeti-drugaciji-pristup-u-bih\/#breadcrumb"},"inLanguage":"hr","potentialAction":[{"@type":"ReadAction","target":["https:\/\/radioljubuski.ba\/index.php\/2021\/09\/02\/borut-pahor-bruxelles-treba-zauzeti-drugaciji-pristup-u-bih\/"]}]},{"@type":"ImageObject","inLanguage":"hr","@id":"https:\/\/radioljubuski.ba\/index.php\/2021\/09\/02\/borut-pahor-bruxelles-treba-zauzeti-drugaciji-pristup-u-bih\/#primaryimage","url":"https:\/\/radioljubuski.ba\/wp-content\/uploads\/2021\/04\/pahor.jpeg","contentUrl":"https:\/\/radioljubuski.ba\/wp-content\/uploads\/2021\/04\/pahor.jpeg","width":700,"height":402},{"@type":"BreadcrumbList","@id":"https:\/\/radioljubuski.ba\/index.php\/2021\/09\/02\/borut-pahor-bruxelles-treba-zauzeti-drugaciji-pristup-u-bih\/#breadcrumb","itemListElement":[{"@type":"ListItem","position":1,"name":"Po\u010detna stranica","item":"https:\/\/radioljubuski.ba\/"},{"@type":"ListItem","position":2,"name":"Borut Pahor: Bruxelles treba zauzeti druga\u010diji pristup u BiH"}]},{"@type":"WebSite","@id":"https:\/\/radioljubuski.ba\/#website","url":"https:\/\/radioljubuski.ba\/","name":"Radio Ljubu\u0161ki","description":"Sun\u010dana frekvencija Hercegovine","publisher":{"@id":"https:\/\/radioljubuski.ba\/#organization"},"potentialAction":[{"@type":"SearchAction","target":{"@type":"EntryPoint","urlTemplate":"https:\/\/radioljubuski.ba\/?s={search_term_string}"},"query-input":{"@type":"PropertyValueSpecification","valueRequired":true,"valueName":"search_term_string"}}],"inLanguage":"hr"},{"@type":"Organization","@id":"https:\/\/radioljubuski.ba\/#organization","name":"Radio Ljubu\u0161ki","url":"https:\/\/radioljubuski.ba\/","logo":{"@type":"ImageObject","inLanguage":"hr","@id":"https:\/\/radioljubuski.ba\/#\/schema\/logo\/image\/","url":"https:\/\/radioljubuski.ba\/wp-content\/uploads\/2021\/02\/cropped-Radio_Ljubuski_logo1.jpg","contentUrl":"https:\/\/radioljubuski.ba\/wp-content\/uploads\/2021\/02\/cropped-Radio_Ljubuski_logo1.jpg","width":512,"height":512,"caption":"Radio Ljubu\u0161ki"},"image":{"@id":"https:\/\/radioljubuski.ba\/#\/schema\/logo\/image\/"},"sameAs":["https:\/\/www.facebook.com\/Radiio-Ljubuski-1490835324566332","https:\/\/x.com\/radioljubuski","https:\/\/hr.linkedin.com\/company\/radio-ljubuski","https:\/\/www.youtube.com\/channel\/UCHYaeO_n0Db3tjNGudGpXyw"]},{"@type":"Person","@id":"https:\/\/radioljubuski.ba\/#\/schema\/person\/19fc700381a780f69665d7956c469e3b","name":"Radio Ljubu\u0161ki"}]}},"_links":{"self":[{"href":"https:\/\/radioljubuski.ba\/index.php\/wp-json\/wp\/v2\/posts\/60114","targetHints":{"allow":["GET"]}}],"collection":[{"href":"https:\/\/radioljubuski.ba\/index.php\/wp-json\/wp\/v2\/posts"}],"about":[{"href":"https:\/\/radioljubuski.ba\/index.php\/wp-json\/wp\/v2\/types\/post"}],"author":[{"embeddable":true,"href":"https:\/\/radioljubuski.ba\/index.php\/wp-json\/wp\/v2\/users\/2"}],"replies":[{"embeddable":true,"href":"https:\/\/radioljubuski.ba\/index.php\/wp-json\/wp\/v2\/comments?post=60114"}],"version-history":[{"count":1,"href":"https:\/\/radioljubuski.ba\/index.php\/wp-json\/wp\/v2\/posts\/60114\/revisions"}],"predecessor-version":[{"id":60115,"href":"https:\/\/radioljubuski.ba\/index.php\/wp-json\/wp\/v2\/posts\/60114\/revisions\/60115"}],"wp:featuredmedia":[{"embeddable":true,"href":"https:\/\/radioljubuski.ba\/index.php\/wp-json\/wp\/v2\/media\/12721"}],"wp:attachment":[{"href":"https:\/\/radioljubuski.ba\/index.php\/wp-json\/wp\/v2\/media?parent=60114"}],"wp:term":[{"taxonomy":"category","embeddable":true,"href":"https:\/\/radioljubuski.ba\/index.php\/wp-json\/wp\/v2\/categories?post=60114"},{"taxonomy":"post_tag","embeddable":true,"href":"https:\/\/radioljubuski.ba\/index.php\/wp-json\/wp\/v2\/tags?post=60114"}],"curies":[{"name":"wp","href":"https:\/\/api.w.org\/{rel}","templated":true}]}}