{"id":60116,"date":"2021-09-02T00:27:18","date_gmt":"2021-09-01T23:27:18","guid":{"rendered":"https:\/\/radioljubuski.ba\/?p=60116"},"modified":"2021-09-02T00:27:18","modified_gmt":"2021-09-01T23:27:18","slug":"celnici-zapadnog-balkana-clanstvo-u-eu-strateski-interes-obje-strane","status":"publish","type":"post","link":"https:\/\/radioljubuski.ba\/index.php\/2021\/09\/02\/celnici-zapadnog-balkana-clanstvo-u-eu-strateski-interes-obje-strane\/","title":{"rendered":"\u010celnici zapadnog Balkana: \u010clanstvo u EU strate\u0161ki interes obje strane"},"content":{"rendered":"\n<p>\u0160to skoriji ulazak dr\u017eava zapadnog Balkana u EU strate\u0161ki je cilj regije, ali i tog saveza, zaklju\u010dak je panela Bledskog strate\u0161kog foruma na kojem su sudjelovali \u010delnici tih zemalja uz povjerenika Europske komisije za pro\u0161irenje Olivera Varhelyija i visokog predstavnika u BiH Christiana Schmidta.&nbsp;<\/p>\n\n\n\n<p>&nbsp;Borut Pahor, predsjednik Slovenije koja trenutno predsjeda Europskom unijom, u uvodu panelu naglasio je da je za obje strane va\u017eno da dr\u017eave zapadnog Balkana \u0161to prije postanu \u010dlanice EU-a jer odga\u0111anje ima ne\u017eeljene posljedice za sve &#8211; pad povjerenja u europski projekt, usporavanje reformi, rast nacionalizma i otvaranje puta za takozvane &#8220;tre\u0107e igra\u010de&#8221;.&nbsp;<\/p>\n\n\n\n<p>&nbsp;Slovenski premijer Janez Jan\u0161a rekao je pak da bi prva dobrobit \u010dlanstva tih dr\u017eava u EU-u bilo ispunjenje namjere osniva\u010da saveza koji su govorili o Europi, a ne o zapadu i istoku kontinenta.&nbsp;<\/p>\n\n\n\n<p>&nbsp;&#8211; Za mene je jasno da pro\u0161irenje treba biti na vrhu europskih prioriteta cijelo vrijeme &#8211; &nbsp;poru\u010dio je Jan\u0161a. Istaknuo je da pro\u0161irenje nije nikad bilo tehni\u010dko pitanje, nego strate\u0161ko, te da je rije\u010d o politi\u010dkoj odluci, a da je skrivanje iza tehni\u010dkih detalja samo alibi, prenosi Hina.&nbsp;<\/p>\n\n\n\n<p>&nbsp;Albanski \u010delnik Edi Rama u svom je \u017eivopisnom nastupu rekao da je EU &#8220;Samuel Beckett&#8221; za \u0161est dr\u017eava koje \u017eele u EU.&nbsp;<\/p>\n\n\n\n<p>&nbsp;&#8211; Mi \u010dekamo Godota. Ne znamo tko je Vladimir, a tko Estragon, ali Albanija i Sjeverna Makedonija su poput likova u Beckettovoj drami &#8211; rekao je albanski premijer, pa dodao da je njihov Beckett u posljednje vrijeme Bugarska. Time se referirao na inzistiranje Sofije da blokira otvaranje pregovora o \u010dlanstvu sa Sjevernom Makedonijom zbog spora oko makedonskog jezika.&nbsp;<\/p>\n\n\n\n<p>&nbsp;Rama je na Bledu izrazio nadu da Sjeverna Makedonija, koja je radi deblokiranja pregovora i prekida spora s Gr\u010dkom pristala promijeniti svoje ime, ne\u0107e morati nakon novih bugarskih izbora promijeniti ime u &#8220;Zapadna Bugarska&#8221;.&nbsp;<\/p>\n\n\n\n<p>Kosovski premijer Albin Kurti na panelu je podsjetio da tre\u0107ina dr\u017eavljana zapadnog Balkana \u017eivi u zapadnim dr\u017eavama, pa da bi \u010dlanstvom u EU dijaspora po\u010dela \u017eivjeti u istom entitetu, \u0161to bi bilo dobro za ekonomiju.&nbsp;<\/p>\n\n\n\n<p>&nbsp;Dodao je da bi se \u010dlanstvom dr\u017eava zapadnog Balkana u EU-u vanjska granica tog saveza smanjila za tisu\u0107e kilometara, \u010dime bi ju bilo i lak\u0161e \u0161tititi.&nbsp;<\/p>\n\n\n\n<p>&nbsp;Na to se nadovezao poljski premijer Mateusz Morawiecki, kazav\u0161i da \u0107e u nadolaze\u0107im desetlje\u0107ima najve\u0107i izazov za Europu biti migracije.&nbsp;<\/p>\n\n\n\n<p>&nbsp;&#8211; Zbog zaokru\u017eivanja granica EU-a zapadni Balkan treba \u0161to prije biti primljen. Moramo biti veoma glasni oko toga koliko je to va\u017eno iz strate\u0161ke perspektive EU-a &#8211; rekao je Poljak.&nbsp;<\/p>\n\n\n\n<p>Povjerenik za pro\u0161irenje Oliver Varhelyi kazao je kako je kod pitanja pro\u0161irenja va\u017ena motivacija, te da stoga treba uvjeriti balkansku \u0161estorku da je vrijedno pro\u0107i kroz sve reforme i transformacije da bi postali dio europskog saveza.&nbsp;<\/p>\n\n\n\n<p>&#8211; Moramo biti veoma odlu\u010dni da zadr\u017eimo tu motivaciju i da budemo jasni da je na\u0161a ponuda na stolu iskrena &#8211; rekao je.&nbsp;<\/p>\n\n\n\n<p>&nbsp;On je dodao da EU predla\u017ee investicijski paket, vrijedan otprilike tre\u0107inu BDP-a cijele regije, koji bi u idu\u0107ih 4-5 godina doveo temeljne promjene zapadnom Balkanu.&nbsp;<\/p>\n\n\n\n<p>Visoki predstavnik u Bosni i Hercegovini Christian Schmidt nadovezao se kazav\u0161i kako EU mo\u017ee u\u010diniti mnoge me\u0111ukorake kojima \u0107e pokazati dobrobiti budu\u0107eg \u010dlanstva, poput ukidanja roaminga.&nbsp;<\/p>\n\n\n\n<p>\u010clan Predsjedni\u0161tva BiH \u0160efik D\u017eaferovi\u0107 naglasio je pak kako bi se \u010dlanstvom zapadnog Balkana u EU-u relativizirala neka pitanja u regiji poznata kao &#8220;balkanski inati&#8221;, poput problema granica koji bi u \u0161irom udru\u017eenju poput EU-a postao manji.&nbsp;<\/p>\n\n\n\n<p>Izvor:pogled.ba<\/p>\n","protected":false},"excerpt":{"rendered":"<p>\u0160to skoriji ulazak dr\u017eava zapadnog Balkana u EU strate\u0161ki je cilj regije, ali i tog saveza, zaklju\u010dak je panela Bledskog strate\u0161kog foruma na kojem su sudjelovali \u010delnici tih zemalja uz povjerenika Europske komisije za pro\u0161irenje Olivera Varhelyija i visokog predstavnika u BiH Christiana Schmidta.&nbsp; &nbsp;Borut Pahor, predsjednik Slovenije koja trenutno predsjeda Europskom unijom, u uvodu [&hellip;]<\/p>\n","protected":false},"author":2,"featured_media":60117,"comment_status":"closed","ping_status":"closed","sticky":false,"template":"","format":"standard","meta":{"h5ap_radio_sources":[],"footnotes":""},"categories":[1],"tags":[],"class_list":["post-60116","post","type-post","status-publish","format-standard","has-post-thumbnail","hentry","category-bihiregija"],"yoast_head":"<!-- This site is optimized with the Yoast SEO plugin v27.5 - https:\/\/yoast.com\/product\/yoast-seo-wordpress\/ -->\n<title>\u010celnici zapadnog Balkana: \u010clanstvo u EU strate\u0161ki interes obje strane - RADIO LJUBU\u0160KI<\/title>\n<meta name=\"robots\" content=\"index, follow, max-snippet:-1, max-image-preview:large, max-video-preview:-1\" \/>\n<link rel=\"canonical\" href=\"https:\/\/radioljubuski.ba\/index.php\/2021\/09\/02\/celnici-zapadnog-balkana-clanstvo-u-eu-strateski-interes-obje-strane\/\" \/>\n<meta property=\"og:locale\" content=\"hr_HR\" \/>\n<meta property=\"og:type\" content=\"article\" \/>\n<meta property=\"og:title\" content=\"\u010celnici zapadnog Balkana: \u010clanstvo u EU strate\u0161ki interes obje strane - RADIO LJUBU\u0160KI\" \/>\n<meta property=\"og:description\" content=\"\u0160to skoriji ulazak dr\u017eava zapadnog Balkana u EU strate\u0161ki je cilj regije, ali i tog saveza, zaklju\u010dak je panela Bledskog strate\u0161kog foruma na kojem su sudjelovali \u010delnici tih zemalja uz povjerenika Europske komisije za pro\u0161irenje Olivera Varhelyija i visokog predstavnika u BiH Christiana Schmidta.&nbsp; &nbsp;Borut Pahor, predsjednik Slovenije koja trenutno predsjeda Europskom unijom, u uvodu [&hellip;]\" \/>\n<meta property=\"og:url\" content=\"https:\/\/radioljubuski.ba\/index.php\/2021\/09\/02\/celnici-zapadnog-balkana-clanstvo-u-eu-strateski-interes-obje-strane\/\" \/>\n<meta property=\"og:site_name\" content=\"RADIO LJUBU\u0160KI\" \/>\n<meta property=\"article:publisher\" content=\"https:\/\/www.facebook.com\/Radiio-Ljubuski-1490835324566332\" \/>\n<meta property=\"article:published_time\" content=\"2021-09-01T23:27:18+00:00\" \/>\n<meta property=\"og:image\" content=\"https:\/\/radioljubuski.ba\/wp-content\/uploads\/2021\/09\/9-2021-09-01-20-20-41-beld.jpg\" \/>\n\t<meta property=\"og:image:width\" content=\"1000\" \/>\n\t<meta property=\"og:image:height\" content=\"625\" \/>\n\t<meta property=\"og:image:type\" content=\"image\/jpeg\" \/>\n<meta name=\"author\" content=\"Radio Ljubu\u0161ki\" \/>\n<meta name=\"twitter:card\" content=\"summary_large_image\" \/>\n<meta name=\"twitter:creator\" content=\"@radioljubuski\" \/>\n<meta name=\"twitter:site\" content=\"@radioljubuski\" \/>\n<meta name=\"twitter:label1\" content=\"Napisao\/la\" \/>\n\t<meta name=\"twitter:data1\" content=\"Radio Ljubu\u0161ki\" \/>\n\t<meta name=\"twitter:label2\" content=\"Procijenjeno vrijeme \u010ditanja\" \/>\n\t<meta name=\"twitter:data2\" content=\"3 minute\" \/>\n<script type=\"application\/ld+json\" class=\"yoast-schema-graph\">{\"@context\":\"https:\\\/\\\/schema.org\",\"@graph\":[{\"@type\":\"Article\",\"@id\":\"https:\\\/\\\/radioljubuski.ba\\\/index.php\\\/2021\\\/09\\\/02\\\/celnici-zapadnog-balkana-clanstvo-u-eu-strateski-interes-obje-strane\\\/#article\",\"isPartOf\":{\"@id\":\"https:\\\/\\\/radioljubuski.ba\\\/index.php\\\/2021\\\/09\\\/02\\\/celnici-zapadnog-balkana-clanstvo-u-eu-strateski-interes-obje-strane\\\/\"},\"author\":{\"name\":\"Radio Ljubu\u0161ki\",\"@id\":\"https:\\\/\\\/radioljubuski.ba\\\/#\\\/schema\\\/person\\\/19fc700381a780f69665d7956c469e3b\"},\"headline\":\"\u010celnici zapadnog Balkana: \u010clanstvo u EU strate\u0161ki interes obje strane\",\"datePublished\":\"2021-09-01T23:27:18+00:00\",\"mainEntityOfPage\":{\"@id\":\"https:\\\/\\\/radioljubuski.ba\\\/index.php\\\/2021\\\/09\\\/02\\\/celnici-zapadnog-balkana-clanstvo-u-eu-strateski-interes-obje-strane\\\/\"},\"wordCount\":648,\"publisher\":{\"@id\":\"https:\\\/\\\/radioljubuski.ba\\\/#organization\"},\"image\":{\"@id\":\"https:\\\/\\\/radioljubuski.ba\\\/index.php\\\/2021\\\/09\\\/02\\\/celnici-zapadnog-balkana-clanstvo-u-eu-strateski-interes-obje-strane\\\/#primaryimage\"},\"thumbnailUrl\":\"https:\\\/\\\/radioljubuski.ba\\\/wp-content\\\/uploads\\\/2021\\\/09\\\/9-2021-09-01-20-20-41-beld.jpg\",\"articleSection\":[\"BIH i regija\"],\"inLanguage\":\"hr\"},{\"@type\":\"WebPage\",\"@id\":\"https:\\\/\\\/radioljubuski.ba\\\/index.php\\\/2021\\\/09\\\/02\\\/celnici-zapadnog-balkana-clanstvo-u-eu-strateski-interes-obje-strane\\\/\",\"url\":\"https:\\\/\\\/radioljubuski.ba\\\/index.php\\\/2021\\\/09\\\/02\\\/celnici-zapadnog-balkana-clanstvo-u-eu-strateski-interes-obje-strane\\\/\",\"name\":\"\u010celnici zapadnog Balkana: \u010clanstvo u EU strate\u0161ki interes obje strane - RADIO LJUBU\u0160KI\",\"isPartOf\":{\"@id\":\"https:\\\/\\\/radioljubuski.ba\\\/#website\"},\"primaryImageOfPage\":{\"@id\":\"https:\\\/\\\/radioljubuski.ba\\\/index.php\\\/2021\\\/09\\\/02\\\/celnici-zapadnog-balkana-clanstvo-u-eu-strateski-interes-obje-strane\\\/#primaryimage\"},\"image\":{\"@id\":\"https:\\\/\\\/radioljubuski.ba\\\/index.php\\\/2021\\\/09\\\/02\\\/celnici-zapadnog-balkana-clanstvo-u-eu-strateski-interes-obje-strane\\\/#primaryimage\"},\"thumbnailUrl\":\"https:\\\/\\\/radioljubuski.ba\\\/wp-content\\\/uploads\\\/2021\\\/09\\\/9-2021-09-01-20-20-41-beld.jpg\",\"datePublished\":\"2021-09-01T23:27:18+00:00\",\"breadcrumb\":{\"@id\":\"https:\\\/\\\/radioljubuski.ba\\\/index.php\\\/2021\\\/09\\\/02\\\/celnici-zapadnog-balkana-clanstvo-u-eu-strateski-interes-obje-strane\\\/#breadcrumb\"},\"inLanguage\":\"hr\",\"potentialAction\":[{\"@type\":\"ReadAction\",\"target\":[\"https:\\\/\\\/radioljubuski.ba\\\/index.php\\\/2021\\\/09\\\/02\\\/celnici-zapadnog-balkana-clanstvo-u-eu-strateski-interes-obje-strane\\\/\"]}]},{\"@type\":\"ImageObject\",\"inLanguage\":\"hr\",\"@id\":\"https:\\\/\\\/radioljubuski.ba\\\/index.php\\\/2021\\\/09\\\/02\\\/celnici-zapadnog-balkana-clanstvo-u-eu-strateski-interes-obje-strane\\\/#primaryimage\",\"url\":\"https:\\\/\\\/radioljubuski.ba\\\/wp-content\\\/uploads\\\/2021\\\/09\\\/9-2021-09-01-20-20-41-beld.jpg\",\"contentUrl\":\"https:\\\/\\\/radioljubuski.ba\\\/wp-content\\\/uploads\\\/2021\\\/09\\\/9-2021-09-01-20-20-41-beld.jpg\",\"width\":1000,\"height\":625},{\"@type\":\"BreadcrumbList\",\"@id\":\"https:\\\/\\\/radioljubuski.ba\\\/index.php\\\/2021\\\/09\\\/02\\\/celnici-zapadnog-balkana-clanstvo-u-eu-strateski-interes-obje-strane\\\/#breadcrumb\",\"itemListElement\":[{\"@type\":\"ListItem\",\"position\":1,\"name\":\"Po\u010detna stranica\",\"item\":\"https:\\\/\\\/radioljubuski.ba\\\/\"},{\"@type\":\"ListItem\",\"position\":2,\"name\":\"\u010celnici zapadnog Balkana: \u010clanstvo u EU strate\u0161ki interes obje strane\"}]},{\"@type\":\"WebSite\",\"@id\":\"https:\\\/\\\/radioljubuski.ba\\\/#website\",\"url\":\"https:\\\/\\\/radioljubuski.ba\\\/\",\"name\":\"Radio Ljubu\u0161ki\",\"description\":\"Sun\u010dana frekvencija Hercegovine\",\"publisher\":{\"@id\":\"https:\\\/\\\/radioljubuski.ba\\\/#organization\"},\"potentialAction\":[{\"@type\":\"SearchAction\",\"target\":{\"@type\":\"EntryPoint\",\"urlTemplate\":\"https:\\\/\\\/radioljubuski.ba\\\/?s={search_term_string}\"},\"query-input\":{\"@type\":\"PropertyValueSpecification\",\"valueRequired\":true,\"valueName\":\"search_term_string\"}}],\"inLanguage\":\"hr\"},{\"@type\":\"Organization\",\"@id\":\"https:\\\/\\\/radioljubuski.ba\\\/#organization\",\"name\":\"Radio Ljubu\u0161ki\",\"url\":\"https:\\\/\\\/radioljubuski.ba\\\/\",\"logo\":{\"@type\":\"ImageObject\",\"inLanguage\":\"hr\",\"@id\":\"https:\\\/\\\/radioljubuski.ba\\\/#\\\/schema\\\/logo\\\/image\\\/\",\"url\":\"https:\\\/\\\/radioljubuski.ba\\\/wp-content\\\/uploads\\\/2021\\\/02\\\/cropped-Radio_Ljubuski_logo1.jpg\",\"contentUrl\":\"https:\\\/\\\/radioljubuski.ba\\\/wp-content\\\/uploads\\\/2021\\\/02\\\/cropped-Radio_Ljubuski_logo1.jpg\",\"width\":512,\"height\":512,\"caption\":\"Radio Ljubu\u0161ki\"},\"image\":{\"@id\":\"https:\\\/\\\/radioljubuski.ba\\\/#\\\/schema\\\/logo\\\/image\\\/\"},\"sameAs\":[\"https:\\\/\\\/www.facebook.com\\\/Radiio-Ljubuski-1490835324566332\",\"https:\\\/\\\/x.com\\\/radioljubuski\",\"https:\\\/\\\/hr.linkedin.com\\\/company\\\/radio-ljubuski\",\"https:\\\/\\\/www.youtube.com\\\/channel\\\/UCHYaeO_n0Db3tjNGudGpXyw\"]},{\"@type\":\"Person\",\"@id\":\"https:\\\/\\\/radioljubuski.ba\\\/#\\\/schema\\\/person\\\/19fc700381a780f69665d7956c469e3b\",\"name\":\"Radio Ljubu\u0161ki\"}]}<\/script>\n<!-- \/ Yoast SEO plugin. -->","yoast_head_json":{"title":"\u010celnici zapadnog Balkana: \u010clanstvo u EU strate\u0161ki interes obje strane - RADIO LJUBU\u0160KI","robots":{"index":"index","follow":"follow","max-snippet":"max-snippet:-1","max-image-preview":"max-image-preview:large","max-video-preview":"max-video-preview:-1"},"canonical":"https:\/\/radioljubuski.ba\/index.php\/2021\/09\/02\/celnici-zapadnog-balkana-clanstvo-u-eu-strateski-interes-obje-strane\/","og_locale":"hr_HR","og_type":"article","og_title":"\u010celnici zapadnog Balkana: \u010clanstvo u EU strate\u0161ki interes obje strane - RADIO LJUBU\u0160KI","og_description":"\u0160to skoriji ulazak dr\u017eava zapadnog Balkana u EU strate\u0161ki je cilj regije, ali i tog saveza, zaklju\u010dak je panela Bledskog strate\u0161kog foruma na kojem su sudjelovali \u010delnici tih zemalja uz povjerenika Europske komisije za pro\u0161irenje Olivera Varhelyija i visokog predstavnika u BiH Christiana Schmidta.&nbsp; &nbsp;Borut Pahor, predsjednik Slovenije koja trenutno predsjeda Europskom unijom, u uvodu [&hellip;]","og_url":"https:\/\/radioljubuski.ba\/index.php\/2021\/09\/02\/celnici-zapadnog-balkana-clanstvo-u-eu-strateski-interes-obje-strane\/","og_site_name":"RADIO LJUBU\u0160KI","article_publisher":"https:\/\/www.facebook.com\/Radiio-Ljubuski-1490835324566332","article_published_time":"2021-09-01T23:27:18+00:00","og_image":[{"width":1000,"height":625,"url":"https:\/\/radioljubuski.ba\/wp-content\/uploads\/2021\/09\/9-2021-09-01-20-20-41-beld.jpg","type":"image\/jpeg"}],"author":"Radio Ljubu\u0161ki","twitter_card":"summary_large_image","twitter_creator":"@radioljubuski","twitter_site":"@radioljubuski","twitter_misc":{"Napisao\/la":"Radio Ljubu\u0161ki","Procijenjeno vrijeme \u010ditanja":"3 minute"},"schema":{"@context":"https:\/\/schema.org","@graph":[{"@type":"Article","@id":"https:\/\/radioljubuski.ba\/index.php\/2021\/09\/02\/celnici-zapadnog-balkana-clanstvo-u-eu-strateski-interes-obje-strane\/#article","isPartOf":{"@id":"https:\/\/radioljubuski.ba\/index.php\/2021\/09\/02\/celnici-zapadnog-balkana-clanstvo-u-eu-strateski-interes-obje-strane\/"},"author":{"name":"Radio Ljubu\u0161ki","@id":"https:\/\/radioljubuski.ba\/#\/schema\/person\/19fc700381a780f69665d7956c469e3b"},"headline":"\u010celnici zapadnog Balkana: \u010clanstvo u EU strate\u0161ki interes obje strane","datePublished":"2021-09-01T23:27:18+00:00","mainEntityOfPage":{"@id":"https:\/\/radioljubuski.ba\/index.php\/2021\/09\/02\/celnici-zapadnog-balkana-clanstvo-u-eu-strateski-interes-obje-strane\/"},"wordCount":648,"publisher":{"@id":"https:\/\/radioljubuski.ba\/#organization"},"image":{"@id":"https:\/\/radioljubuski.ba\/index.php\/2021\/09\/02\/celnici-zapadnog-balkana-clanstvo-u-eu-strateski-interes-obje-strane\/#primaryimage"},"thumbnailUrl":"https:\/\/radioljubuski.ba\/wp-content\/uploads\/2021\/09\/9-2021-09-01-20-20-41-beld.jpg","articleSection":["BIH i regija"],"inLanguage":"hr"},{"@type":"WebPage","@id":"https:\/\/radioljubuski.ba\/index.php\/2021\/09\/02\/celnici-zapadnog-balkana-clanstvo-u-eu-strateski-interes-obje-strane\/","url":"https:\/\/radioljubuski.ba\/index.php\/2021\/09\/02\/celnici-zapadnog-balkana-clanstvo-u-eu-strateski-interes-obje-strane\/","name":"\u010celnici zapadnog Balkana: \u010clanstvo u EU strate\u0161ki interes obje strane - RADIO LJUBU\u0160KI","isPartOf":{"@id":"https:\/\/radioljubuski.ba\/#website"},"primaryImageOfPage":{"@id":"https:\/\/radioljubuski.ba\/index.php\/2021\/09\/02\/celnici-zapadnog-balkana-clanstvo-u-eu-strateski-interes-obje-strane\/#primaryimage"},"image":{"@id":"https:\/\/radioljubuski.ba\/index.php\/2021\/09\/02\/celnici-zapadnog-balkana-clanstvo-u-eu-strateski-interes-obje-strane\/#primaryimage"},"thumbnailUrl":"https:\/\/radioljubuski.ba\/wp-content\/uploads\/2021\/09\/9-2021-09-01-20-20-41-beld.jpg","datePublished":"2021-09-01T23:27:18+00:00","breadcrumb":{"@id":"https:\/\/radioljubuski.ba\/index.php\/2021\/09\/02\/celnici-zapadnog-balkana-clanstvo-u-eu-strateski-interes-obje-strane\/#breadcrumb"},"inLanguage":"hr","potentialAction":[{"@type":"ReadAction","target":["https:\/\/radioljubuski.ba\/index.php\/2021\/09\/02\/celnici-zapadnog-balkana-clanstvo-u-eu-strateski-interes-obje-strane\/"]}]},{"@type":"ImageObject","inLanguage":"hr","@id":"https:\/\/radioljubuski.ba\/index.php\/2021\/09\/02\/celnici-zapadnog-balkana-clanstvo-u-eu-strateski-interes-obje-strane\/#primaryimage","url":"https:\/\/radioljubuski.ba\/wp-content\/uploads\/2021\/09\/9-2021-09-01-20-20-41-beld.jpg","contentUrl":"https:\/\/radioljubuski.ba\/wp-content\/uploads\/2021\/09\/9-2021-09-01-20-20-41-beld.jpg","width":1000,"height":625},{"@type":"BreadcrumbList","@id":"https:\/\/radioljubuski.ba\/index.php\/2021\/09\/02\/celnici-zapadnog-balkana-clanstvo-u-eu-strateski-interes-obje-strane\/#breadcrumb","itemListElement":[{"@type":"ListItem","position":1,"name":"Po\u010detna stranica","item":"https:\/\/radioljubuski.ba\/"},{"@type":"ListItem","position":2,"name":"\u010celnici zapadnog Balkana: \u010clanstvo u EU strate\u0161ki interes obje strane"}]},{"@type":"WebSite","@id":"https:\/\/radioljubuski.ba\/#website","url":"https:\/\/radioljubuski.ba\/","name":"Radio Ljubu\u0161ki","description":"Sun\u010dana frekvencija Hercegovine","publisher":{"@id":"https:\/\/radioljubuski.ba\/#organization"},"potentialAction":[{"@type":"SearchAction","target":{"@type":"EntryPoint","urlTemplate":"https:\/\/radioljubuski.ba\/?s={search_term_string}"},"query-input":{"@type":"PropertyValueSpecification","valueRequired":true,"valueName":"search_term_string"}}],"inLanguage":"hr"},{"@type":"Organization","@id":"https:\/\/radioljubuski.ba\/#organization","name":"Radio Ljubu\u0161ki","url":"https:\/\/radioljubuski.ba\/","logo":{"@type":"ImageObject","inLanguage":"hr","@id":"https:\/\/radioljubuski.ba\/#\/schema\/logo\/image\/","url":"https:\/\/radioljubuski.ba\/wp-content\/uploads\/2021\/02\/cropped-Radio_Ljubuski_logo1.jpg","contentUrl":"https:\/\/radioljubuski.ba\/wp-content\/uploads\/2021\/02\/cropped-Radio_Ljubuski_logo1.jpg","width":512,"height":512,"caption":"Radio Ljubu\u0161ki"},"image":{"@id":"https:\/\/radioljubuski.ba\/#\/schema\/logo\/image\/"},"sameAs":["https:\/\/www.facebook.com\/Radiio-Ljubuski-1490835324566332","https:\/\/x.com\/radioljubuski","https:\/\/hr.linkedin.com\/company\/radio-ljubuski","https:\/\/www.youtube.com\/channel\/UCHYaeO_n0Db3tjNGudGpXyw"]},{"@type":"Person","@id":"https:\/\/radioljubuski.ba\/#\/schema\/person\/19fc700381a780f69665d7956c469e3b","name":"Radio Ljubu\u0161ki"}]}},"_links":{"self":[{"href":"https:\/\/radioljubuski.ba\/index.php\/wp-json\/wp\/v2\/posts\/60116","targetHints":{"allow":["GET"]}}],"collection":[{"href":"https:\/\/radioljubuski.ba\/index.php\/wp-json\/wp\/v2\/posts"}],"about":[{"href":"https:\/\/radioljubuski.ba\/index.php\/wp-json\/wp\/v2\/types\/post"}],"author":[{"embeddable":true,"href":"https:\/\/radioljubuski.ba\/index.php\/wp-json\/wp\/v2\/users\/2"}],"replies":[{"embeddable":true,"href":"https:\/\/radioljubuski.ba\/index.php\/wp-json\/wp\/v2\/comments?post=60116"}],"version-history":[{"count":1,"href":"https:\/\/radioljubuski.ba\/index.php\/wp-json\/wp\/v2\/posts\/60116\/revisions"}],"predecessor-version":[{"id":60118,"href":"https:\/\/radioljubuski.ba\/index.php\/wp-json\/wp\/v2\/posts\/60116\/revisions\/60118"}],"wp:featuredmedia":[{"embeddable":true,"href":"https:\/\/radioljubuski.ba\/index.php\/wp-json\/wp\/v2\/media\/60117"}],"wp:attachment":[{"href":"https:\/\/radioljubuski.ba\/index.php\/wp-json\/wp\/v2\/media?parent=60116"}],"wp:term":[{"taxonomy":"category","embeddable":true,"href":"https:\/\/radioljubuski.ba\/index.php\/wp-json\/wp\/v2\/categories?post=60116"},{"taxonomy":"post_tag","embeddable":true,"href":"https:\/\/radioljubuski.ba\/index.php\/wp-json\/wp\/v2\/tags?post=60116"}],"curies":[{"name":"wp","href":"https:\/\/api.w.org\/{rel}","templated":true}]}}