{"id":60158,"date":"2021-09-02T07:46:47","date_gmt":"2021-09-02T06:46:47","guid":{"rendered":"https:\/\/radioljubuski.ba\/?p=60158"},"modified":"2021-09-02T07:46:49","modified_gmt":"2021-09-02T06:46:49","slug":"veliki-mimohod-talibana-u-kandaharu-u-americkom-vojnim-vozilima","status":"publish","type":"post","link":"https:\/\/radioljubuski.ba\/index.php\/2021\/09\/02\/veliki-mimohod-talibana-u-kandaharu-u-americkom-vojnim-vozilima\/","title":{"rendered":"Veliki mimohod talibana u Kandaharu u ameri\u010dkom vojnim vozilima"},"content":{"rendered":"\n<p>Talibani su se u srijedu u Kandaharu, duhovnoj kolijevci islamisti\u010dkog pokreta, vozili u ameri\u010dkim vojnim vozilima koja su Sjedinjene Dr\u017eave dale prethodnoj afganistanskoj vladi pora\u017eenoj nakon 20 godina rata. <\/p>\n\n\n\n<p>Duga povorka Humveeja, ameri\u010dkih terenskih vozila, polako se kretala velikom prometnicom drugog afganistanskog grada. <\/p>\n\n\n\n<p>Mnoga vozila su isticala talibanske zastave, javlja agencija France presse. Borci su vozili kamione koje su koristile ameri\u010dke snage, NATO i afganistanske snage tijekom 20 godina sukoba, prenosi Hina. Jedan helikopter Blackhawk preletio je iznad grada. <\/p>\n\n\n\n<p>Kandahar je bio kolijevka talibana. Oni su 1996. krenuli iz prijestolnice afganistanskog juga i zatim su brzo osvojili ostatak zemlje koji je bio pod njihovom kontrolom do 2001. kada ih je me\u0111unarodna koalicija pod vodstvom Sjedinjenih Dr\u017eava potjerala s vlasti. <\/p>\n\n\n\n<p>U Kandaharu \u017eivi \u0161ef talibana, Hibatullah Akhundzada, naveo je u nedjelju njihov pokret. O\u010dekivalo se da \u0107e se Akhundzada pojaviti u javnosti, \u0161to se nije dogodilo. Samo se novi guverner zone obratio okupljenima. Ve\u0107 u utorak su tisu\u0107e prista\u0161a talibana pohrlile na ulice Kandahara kojima su odjekivale automobilske trube i povici Allahu Akbar, slave\u0107i odlazak posljednjih ameri\u010dkih vojnika iz Afganistana. <\/p>\n\n\n\n<p><strong>Izvor: Bljesak.info<\/strong><\/p>\n","protected":false},"excerpt":{"rendered":"<p>Talibani su se u srijedu u Kandaharu, duhovnoj kolijevci islamisti\u010dkog pokreta, vozili u ameri\u010dkim vojnim vozilima koja su Sjedinjene Dr\u017eave dale prethodnoj afganistanskoj vladi pora\u017eenoj nakon 20 godina rata. Duga povorka Humveeja, ameri\u010dkih terenskih vozila, polako se kretala velikom prometnicom drugog afganistanskog grada. Mnoga vozila su isticala talibanske zastave, javlja agencija France presse. Borci su [&hellip;]<\/p>\n","protected":false},"author":2,"featured_media":60159,"comment_status":"closed","ping_status":"closed","sticky":false,"template":"","format":"standard","meta":{"h5ap_radio_sources":[],"footnotes":""},"categories":[1],"tags":[],"class_list":["post-60158","post","type-post","status-publish","format-standard","has-post-thumbnail","hentry","category-bihiregija"],"yoast_head":"<!-- This site is optimized with the Yoast SEO plugin v27.5 - https:\/\/yoast.com\/product\/yoast-seo-wordpress\/ -->\n<title>Veliki mimohod talibana u Kandaharu u ameri\u010dkom vojnim vozilima - RADIO LJUBU\u0160KI<\/title>\n<meta name=\"robots\" content=\"index, follow, max-snippet:-1, max-image-preview:large, max-video-preview:-1\" \/>\n<link rel=\"canonical\" href=\"https:\/\/radioljubuski.ba\/index.php\/2021\/09\/02\/veliki-mimohod-talibana-u-kandaharu-u-americkom-vojnim-vozilima\/\" \/>\n<meta property=\"og:locale\" content=\"hr_HR\" \/>\n<meta property=\"og:type\" content=\"article\" \/>\n<meta property=\"og:title\" content=\"Veliki mimohod talibana u Kandaharu u ameri\u010dkom vojnim vozilima - RADIO LJUBU\u0160KI\" \/>\n<meta property=\"og:description\" content=\"Talibani su se u srijedu u Kandaharu, duhovnoj kolijevci islamisti\u010dkog pokreta, vozili u ameri\u010dkim vojnim vozilima koja su Sjedinjene Dr\u017eave dale prethodnoj afganistanskoj vladi pora\u017eenoj nakon 20 godina rata. Duga povorka Humveeja, ameri\u010dkih terenskih vozila, polako se kretala velikom prometnicom drugog afganistanskog grada. Mnoga vozila su isticala talibanske zastave, javlja agencija France presse. Borci su [&hellip;]\" \/>\n<meta property=\"og:url\" content=\"https:\/\/radioljubuski.ba\/index.php\/2021\/09\/02\/veliki-mimohod-talibana-u-kandaharu-u-americkom-vojnim-vozilima\/\" \/>\n<meta property=\"og:site_name\" content=\"RADIO LJUBU\u0160KI\" \/>\n<meta property=\"article:publisher\" content=\"https:\/\/www.facebook.com\/Radiio-Ljubuski-1490835324566332\" \/>\n<meta property=\"article:published_time\" content=\"2021-09-02T06:46:47+00:00\" \/>\n<meta property=\"article:modified_time\" content=\"2021-09-02T06:46:49+00:00\" \/>\n<meta property=\"og:image\" content=\"https:\/\/radioljubuski.ba\/wp-content\/uploads\/2021\/09\/mimohod.gif\" \/>\n\t<meta property=\"og:image:width\" content=\"800\" \/>\n\t<meta property=\"og:image:height\" content=\"550\" \/>\n\t<meta property=\"og:image:type\" content=\"image\/gif\" \/>\n<meta name=\"author\" content=\"Radio Ljubu\u0161ki\" \/>\n<meta name=\"twitter:card\" content=\"summary_large_image\" \/>\n<meta name=\"twitter:creator\" content=\"@radioljubuski\" \/>\n<meta name=\"twitter:site\" content=\"@radioljubuski\" \/>\n<meta name=\"twitter:label1\" content=\"Napisao\/la\" \/>\n\t<meta name=\"twitter:data1\" content=\"Radio Ljubu\u0161ki\" \/>\n\t<meta name=\"twitter:label2\" content=\"Procijenjeno vrijeme \u010ditanja\" \/>\n\t<meta name=\"twitter:data2\" content=\"1 minuta\" \/>\n<script type=\"application\/ld+json\" class=\"yoast-schema-graph\">{\"@context\":\"https:\\\/\\\/schema.org\",\"@graph\":[{\"@type\":\"Article\",\"@id\":\"https:\\\/\\\/radioljubuski.ba\\\/index.php\\\/2021\\\/09\\\/02\\\/veliki-mimohod-talibana-u-kandaharu-u-americkom-vojnim-vozilima\\\/#article\",\"isPartOf\":{\"@id\":\"https:\\\/\\\/radioljubuski.ba\\\/index.php\\\/2021\\\/09\\\/02\\\/veliki-mimohod-talibana-u-kandaharu-u-americkom-vojnim-vozilima\\\/\"},\"author\":{\"name\":\"Radio Ljubu\u0161ki\",\"@id\":\"https:\\\/\\\/radioljubuski.ba\\\/#\\\/schema\\\/person\\\/19fc700381a780f69665d7956c469e3b\"},\"headline\":\"Veliki mimohod talibana u Kandaharu u ameri\u010dkom vojnim vozilima\",\"datePublished\":\"2021-09-02T06:46:47+00:00\",\"dateModified\":\"2021-09-02T06:46:49+00:00\",\"mainEntityOfPage\":{\"@id\":\"https:\\\/\\\/radioljubuski.ba\\\/index.php\\\/2021\\\/09\\\/02\\\/veliki-mimohod-talibana-u-kandaharu-u-americkom-vojnim-vozilima\\\/\"},\"wordCount\":201,\"publisher\":{\"@id\":\"https:\\\/\\\/radioljubuski.ba\\\/#organization\"},\"image\":{\"@id\":\"https:\\\/\\\/radioljubuski.ba\\\/index.php\\\/2021\\\/09\\\/02\\\/veliki-mimohod-talibana-u-kandaharu-u-americkom-vojnim-vozilima\\\/#primaryimage\"},\"thumbnailUrl\":\"https:\\\/\\\/radioljubuski.ba\\\/wp-content\\\/uploads\\\/2021\\\/09\\\/mimohod.gif\",\"articleSection\":[\"BIH i regija\"],\"inLanguage\":\"hr\"},{\"@type\":\"WebPage\",\"@id\":\"https:\\\/\\\/radioljubuski.ba\\\/index.php\\\/2021\\\/09\\\/02\\\/veliki-mimohod-talibana-u-kandaharu-u-americkom-vojnim-vozilima\\\/\",\"url\":\"https:\\\/\\\/radioljubuski.ba\\\/index.php\\\/2021\\\/09\\\/02\\\/veliki-mimohod-talibana-u-kandaharu-u-americkom-vojnim-vozilima\\\/\",\"name\":\"Veliki mimohod talibana u Kandaharu u ameri\u010dkom vojnim vozilima - RADIO LJUBU\u0160KI\",\"isPartOf\":{\"@id\":\"https:\\\/\\\/radioljubuski.ba\\\/#website\"},\"primaryImageOfPage\":{\"@id\":\"https:\\\/\\\/radioljubuski.ba\\\/index.php\\\/2021\\\/09\\\/02\\\/veliki-mimohod-talibana-u-kandaharu-u-americkom-vojnim-vozilima\\\/#primaryimage\"},\"image\":{\"@id\":\"https:\\\/\\\/radioljubuski.ba\\\/index.php\\\/2021\\\/09\\\/02\\\/veliki-mimohod-talibana-u-kandaharu-u-americkom-vojnim-vozilima\\\/#primaryimage\"},\"thumbnailUrl\":\"https:\\\/\\\/radioljubuski.ba\\\/wp-content\\\/uploads\\\/2021\\\/09\\\/mimohod.gif\",\"datePublished\":\"2021-09-02T06:46:47+00:00\",\"dateModified\":\"2021-09-02T06:46:49+00:00\",\"breadcrumb\":{\"@id\":\"https:\\\/\\\/radioljubuski.ba\\\/index.php\\\/2021\\\/09\\\/02\\\/veliki-mimohod-talibana-u-kandaharu-u-americkom-vojnim-vozilima\\\/#breadcrumb\"},\"inLanguage\":\"hr\",\"potentialAction\":[{\"@type\":\"ReadAction\",\"target\":[\"https:\\\/\\\/radioljubuski.ba\\\/index.php\\\/2021\\\/09\\\/02\\\/veliki-mimohod-talibana-u-kandaharu-u-americkom-vojnim-vozilima\\\/\"]}]},{\"@type\":\"ImageObject\",\"inLanguage\":\"hr\",\"@id\":\"https:\\\/\\\/radioljubuski.ba\\\/index.php\\\/2021\\\/09\\\/02\\\/veliki-mimohod-talibana-u-kandaharu-u-americkom-vojnim-vozilima\\\/#primaryimage\",\"url\":\"https:\\\/\\\/radioljubuski.ba\\\/wp-content\\\/uploads\\\/2021\\\/09\\\/mimohod.gif\",\"contentUrl\":\"https:\\\/\\\/radioljubuski.ba\\\/wp-content\\\/uploads\\\/2021\\\/09\\\/mimohod.gif\",\"width\":800,\"height\":550},{\"@type\":\"BreadcrumbList\",\"@id\":\"https:\\\/\\\/radioljubuski.ba\\\/index.php\\\/2021\\\/09\\\/02\\\/veliki-mimohod-talibana-u-kandaharu-u-americkom-vojnim-vozilima\\\/#breadcrumb\",\"itemListElement\":[{\"@type\":\"ListItem\",\"position\":1,\"name\":\"Po\u010detna stranica\",\"item\":\"https:\\\/\\\/radioljubuski.ba\\\/\"},{\"@type\":\"ListItem\",\"position\":2,\"name\":\"Veliki mimohod talibana u Kandaharu u ameri\u010dkom vojnim vozilima\"}]},{\"@type\":\"WebSite\",\"@id\":\"https:\\\/\\\/radioljubuski.ba\\\/#website\",\"url\":\"https:\\\/\\\/radioljubuski.ba\\\/\",\"name\":\"Radio Ljubu\u0161ki\",\"description\":\"Sun\u010dana frekvencija Hercegovine\",\"publisher\":{\"@id\":\"https:\\\/\\\/radioljubuski.ba\\\/#organization\"},\"potentialAction\":[{\"@type\":\"SearchAction\",\"target\":{\"@type\":\"EntryPoint\",\"urlTemplate\":\"https:\\\/\\\/radioljubuski.ba\\\/?s={search_term_string}\"},\"query-input\":{\"@type\":\"PropertyValueSpecification\",\"valueRequired\":true,\"valueName\":\"search_term_string\"}}],\"inLanguage\":\"hr\"},{\"@type\":\"Organization\",\"@id\":\"https:\\\/\\\/radioljubuski.ba\\\/#organization\",\"name\":\"Radio Ljubu\u0161ki\",\"url\":\"https:\\\/\\\/radioljubuski.ba\\\/\",\"logo\":{\"@type\":\"ImageObject\",\"inLanguage\":\"hr\",\"@id\":\"https:\\\/\\\/radioljubuski.ba\\\/#\\\/schema\\\/logo\\\/image\\\/\",\"url\":\"https:\\\/\\\/radioljubuski.ba\\\/wp-content\\\/uploads\\\/2021\\\/02\\\/cropped-Radio_Ljubuski_logo1.jpg\",\"contentUrl\":\"https:\\\/\\\/radioljubuski.ba\\\/wp-content\\\/uploads\\\/2021\\\/02\\\/cropped-Radio_Ljubuski_logo1.jpg\",\"width\":512,\"height\":512,\"caption\":\"Radio Ljubu\u0161ki\"},\"image\":{\"@id\":\"https:\\\/\\\/radioljubuski.ba\\\/#\\\/schema\\\/logo\\\/image\\\/\"},\"sameAs\":[\"https:\\\/\\\/www.facebook.com\\\/Radiio-Ljubuski-1490835324566332\",\"https:\\\/\\\/x.com\\\/radioljubuski\",\"https:\\\/\\\/hr.linkedin.com\\\/company\\\/radio-ljubuski\",\"https:\\\/\\\/www.youtube.com\\\/channel\\\/UCHYaeO_n0Db3tjNGudGpXyw\"]},{\"@type\":\"Person\",\"@id\":\"https:\\\/\\\/radioljubuski.ba\\\/#\\\/schema\\\/person\\\/19fc700381a780f69665d7956c469e3b\",\"name\":\"Radio Ljubu\u0161ki\"}]}<\/script>\n<!-- \/ Yoast SEO plugin. -->","yoast_head_json":{"title":"Veliki mimohod talibana u Kandaharu u ameri\u010dkom vojnim vozilima - RADIO LJUBU\u0160KI","robots":{"index":"index","follow":"follow","max-snippet":"max-snippet:-1","max-image-preview":"max-image-preview:large","max-video-preview":"max-video-preview:-1"},"canonical":"https:\/\/radioljubuski.ba\/index.php\/2021\/09\/02\/veliki-mimohod-talibana-u-kandaharu-u-americkom-vojnim-vozilima\/","og_locale":"hr_HR","og_type":"article","og_title":"Veliki mimohod talibana u Kandaharu u ameri\u010dkom vojnim vozilima - RADIO LJUBU\u0160KI","og_description":"Talibani su se u srijedu u Kandaharu, duhovnoj kolijevci islamisti\u010dkog pokreta, vozili u ameri\u010dkim vojnim vozilima koja su Sjedinjene Dr\u017eave dale prethodnoj afganistanskoj vladi pora\u017eenoj nakon 20 godina rata. Duga povorka Humveeja, ameri\u010dkih terenskih vozila, polako se kretala velikom prometnicom drugog afganistanskog grada. Mnoga vozila su isticala talibanske zastave, javlja agencija France presse. Borci su [&hellip;]","og_url":"https:\/\/radioljubuski.ba\/index.php\/2021\/09\/02\/veliki-mimohod-talibana-u-kandaharu-u-americkom-vojnim-vozilima\/","og_site_name":"RADIO LJUBU\u0160KI","article_publisher":"https:\/\/www.facebook.com\/Radiio-Ljubuski-1490835324566332","article_published_time":"2021-09-02T06:46:47+00:00","article_modified_time":"2021-09-02T06:46:49+00:00","og_image":[{"width":800,"height":550,"url":"https:\/\/radioljubuski.ba\/wp-content\/uploads\/2021\/09\/mimohod.gif","type":"image\/gif"}],"author":"Radio Ljubu\u0161ki","twitter_card":"summary_large_image","twitter_creator":"@radioljubuski","twitter_site":"@radioljubuski","twitter_misc":{"Napisao\/la":"Radio Ljubu\u0161ki","Procijenjeno vrijeme \u010ditanja":"1 minuta"},"schema":{"@context":"https:\/\/schema.org","@graph":[{"@type":"Article","@id":"https:\/\/radioljubuski.ba\/index.php\/2021\/09\/02\/veliki-mimohod-talibana-u-kandaharu-u-americkom-vojnim-vozilima\/#article","isPartOf":{"@id":"https:\/\/radioljubuski.ba\/index.php\/2021\/09\/02\/veliki-mimohod-talibana-u-kandaharu-u-americkom-vojnim-vozilima\/"},"author":{"name":"Radio Ljubu\u0161ki","@id":"https:\/\/radioljubuski.ba\/#\/schema\/person\/19fc700381a780f69665d7956c469e3b"},"headline":"Veliki mimohod talibana u Kandaharu u ameri\u010dkom vojnim vozilima","datePublished":"2021-09-02T06:46:47+00:00","dateModified":"2021-09-02T06:46:49+00:00","mainEntityOfPage":{"@id":"https:\/\/radioljubuski.ba\/index.php\/2021\/09\/02\/veliki-mimohod-talibana-u-kandaharu-u-americkom-vojnim-vozilima\/"},"wordCount":201,"publisher":{"@id":"https:\/\/radioljubuski.ba\/#organization"},"image":{"@id":"https:\/\/radioljubuski.ba\/index.php\/2021\/09\/02\/veliki-mimohod-talibana-u-kandaharu-u-americkom-vojnim-vozilima\/#primaryimage"},"thumbnailUrl":"https:\/\/radioljubuski.ba\/wp-content\/uploads\/2021\/09\/mimohod.gif","articleSection":["BIH i regija"],"inLanguage":"hr"},{"@type":"WebPage","@id":"https:\/\/radioljubuski.ba\/index.php\/2021\/09\/02\/veliki-mimohod-talibana-u-kandaharu-u-americkom-vojnim-vozilima\/","url":"https:\/\/radioljubuski.ba\/index.php\/2021\/09\/02\/veliki-mimohod-talibana-u-kandaharu-u-americkom-vojnim-vozilima\/","name":"Veliki mimohod talibana u Kandaharu u ameri\u010dkom vojnim vozilima - RADIO LJUBU\u0160KI","isPartOf":{"@id":"https:\/\/radioljubuski.ba\/#website"},"primaryImageOfPage":{"@id":"https:\/\/radioljubuski.ba\/index.php\/2021\/09\/02\/veliki-mimohod-talibana-u-kandaharu-u-americkom-vojnim-vozilima\/#primaryimage"},"image":{"@id":"https:\/\/radioljubuski.ba\/index.php\/2021\/09\/02\/veliki-mimohod-talibana-u-kandaharu-u-americkom-vojnim-vozilima\/#primaryimage"},"thumbnailUrl":"https:\/\/radioljubuski.ba\/wp-content\/uploads\/2021\/09\/mimohod.gif","datePublished":"2021-09-02T06:46:47+00:00","dateModified":"2021-09-02T06:46:49+00:00","breadcrumb":{"@id":"https:\/\/radioljubuski.ba\/index.php\/2021\/09\/02\/veliki-mimohod-talibana-u-kandaharu-u-americkom-vojnim-vozilima\/#breadcrumb"},"inLanguage":"hr","potentialAction":[{"@type":"ReadAction","target":["https:\/\/radioljubuski.ba\/index.php\/2021\/09\/02\/veliki-mimohod-talibana-u-kandaharu-u-americkom-vojnim-vozilima\/"]}]},{"@type":"ImageObject","inLanguage":"hr","@id":"https:\/\/radioljubuski.ba\/index.php\/2021\/09\/02\/veliki-mimohod-talibana-u-kandaharu-u-americkom-vojnim-vozilima\/#primaryimage","url":"https:\/\/radioljubuski.ba\/wp-content\/uploads\/2021\/09\/mimohod.gif","contentUrl":"https:\/\/radioljubuski.ba\/wp-content\/uploads\/2021\/09\/mimohod.gif","width":800,"height":550},{"@type":"BreadcrumbList","@id":"https:\/\/radioljubuski.ba\/index.php\/2021\/09\/02\/veliki-mimohod-talibana-u-kandaharu-u-americkom-vojnim-vozilima\/#breadcrumb","itemListElement":[{"@type":"ListItem","position":1,"name":"Po\u010detna stranica","item":"https:\/\/radioljubuski.ba\/"},{"@type":"ListItem","position":2,"name":"Veliki mimohod talibana u Kandaharu u ameri\u010dkom vojnim vozilima"}]},{"@type":"WebSite","@id":"https:\/\/radioljubuski.ba\/#website","url":"https:\/\/radioljubuski.ba\/","name":"Radio Ljubu\u0161ki","description":"Sun\u010dana frekvencija Hercegovine","publisher":{"@id":"https:\/\/radioljubuski.ba\/#organization"},"potentialAction":[{"@type":"SearchAction","target":{"@type":"EntryPoint","urlTemplate":"https:\/\/radioljubuski.ba\/?s={search_term_string}"},"query-input":{"@type":"PropertyValueSpecification","valueRequired":true,"valueName":"search_term_string"}}],"inLanguage":"hr"},{"@type":"Organization","@id":"https:\/\/radioljubuski.ba\/#organization","name":"Radio Ljubu\u0161ki","url":"https:\/\/radioljubuski.ba\/","logo":{"@type":"ImageObject","inLanguage":"hr","@id":"https:\/\/radioljubuski.ba\/#\/schema\/logo\/image\/","url":"https:\/\/radioljubuski.ba\/wp-content\/uploads\/2021\/02\/cropped-Radio_Ljubuski_logo1.jpg","contentUrl":"https:\/\/radioljubuski.ba\/wp-content\/uploads\/2021\/02\/cropped-Radio_Ljubuski_logo1.jpg","width":512,"height":512,"caption":"Radio Ljubu\u0161ki"},"image":{"@id":"https:\/\/radioljubuski.ba\/#\/schema\/logo\/image\/"},"sameAs":["https:\/\/www.facebook.com\/Radiio-Ljubuski-1490835324566332","https:\/\/x.com\/radioljubuski","https:\/\/hr.linkedin.com\/company\/radio-ljubuski","https:\/\/www.youtube.com\/channel\/UCHYaeO_n0Db3tjNGudGpXyw"]},{"@type":"Person","@id":"https:\/\/radioljubuski.ba\/#\/schema\/person\/19fc700381a780f69665d7956c469e3b","name":"Radio Ljubu\u0161ki"}]}},"_links":{"self":[{"href":"https:\/\/radioljubuski.ba\/index.php\/wp-json\/wp\/v2\/posts\/60158","targetHints":{"allow":["GET"]}}],"collection":[{"href":"https:\/\/radioljubuski.ba\/index.php\/wp-json\/wp\/v2\/posts"}],"about":[{"href":"https:\/\/radioljubuski.ba\/index.php\/wp-json\/wp\/v2\/types\/post"}],"author":[{"embeddable":true,"href":"https:\/\/radioljubuski.ba\/index.php\/wp-json\/wp\/v2\/users\/2"}],"replies":[{"embeddable":true,"href":"https:\/\/radioljubuski.ba\/index.php\/wp-json\/wp\/v2\/comments?post=60158"}],"version-history":[{"count":1,"href":"https:\/\/radioljubuski.ba\/index.php\/wp-json\/wp\/v2\/posts\/60158\/revisions"}],"predecessor-version":[{"id":60160,"href":"https:\/\/radioljubuski.ba\/index.php\/wp-json\/wp\/v2\/posts\/60158\/revisions\/60160"}],"wp:featuredmedia":[{"embeddable":true,"href":"https:\/\/radioljubuski.ba\/index.php\/wp-json\/wp\/v2\/media\/60159"}],"wp:attachment":[{"href":"https:\/\/radioljubuski.ba\/index.php\/wp-json\/wp\/v2\/media?parent=60158"}],"wp:term":[{"taxonomy":"category","embeddable":true,"href":"https:\/\/radioljubuski.ba\/index.php\/wp-json\/wp\/v2\/categories?post=60158"},{"taxonomy":"post_tag","embeddable":true,"href":"https:\/\/radioljubuski.ba\/index.php\/wp-json\/wp\/v2\/tags?post=60158"}],"curies":[{"name":"wp","href":"https:\/\/api.w.org\/{rel}","templated":true}]}}