{"id":60161,"date":"2021-09-02T07:51:54","date_gmt":"2021-09-02T06:51:54","guid":{"rendered":"https:\/\/radioljubuski.ba\/?p=60161"},"modified":"2021-09-02T07:51:55","modified_gmt":"2021-09-02T06:51:55","slug":"manji-prinos-dize-cijenu-krumpira-u-bih-u-ljubuskom-je-oko-080-km","status":"publish","type":"post","link":"https:\/\/radioljubuski.ba\/index.php\/2021\/09\/02\/manji-prinos-dize-cijenu-krumpira-u-bih-u-ljubuskom-je-oko-080-km\/","title":{"rendered":"Manji prinos di\u017ee cijenu krumpira u BiH, u Ljubu\u0161kom je oko 0,80 KM"},"content":{"rendered":"\n<p><strong>Vremenske neprilike, kao \u0161to su dugotrajna su\u0161a i rani mrazevi, koji su pogodili BiH ove godine negativno su utjecale na proizvodnju krompira, istaknuli su poljoprivredni proizvo\u0111a\u010di navode\u0107i da \u0107e cijena ovog povr\u0107a i dalje rasti, a da ga na nekim tr\u017enicama skoro i nema.<\/strong><\/p>\n\n\n\n<p>Branko Mastalo, predsjednik Udruge povrtlara RS, kazao je da je situacija u BiH u odnosu na lo\u0161u situaciju u regiji jo\u0161 gora, te da krumpira na tr\u017enicama u Srpskoj gotovo nema.<\/p>\n\n\n\n<p><em>&#8211; Postoji vi\u0161e razloga za\u0161to je to tako, a prvi je taj \u0161to pro\u0161le godine krompir nije prodat, propao je i zavr\u0161io na deponiji te proizvo\u0111a\u010di nisu imali \u0161ta zasaditi, pa su zasadili manje ove godine &#8211;<\/em>&nbsp;rekao je Mastalo za &#8220;Nezavisne&#8221;.<\/p>\n\n\n\n<p>Dodao je da su poljoprivrednici ostali du\u017eni poljoprivrednim ljekarnama te su sadili svoje sjeme, koje nije odgovaraju\u0107e, \u0161to je utjecalo na prinos.<\/p>\n\n\n\n<p><em>&#8211; Tako\u0111er, razlog lo\u0161e situacije je su\u0161a koja je smanjila rod za oko 30 posto. Dalje, ove godine je daleko ve\u0107a potra\u017enja za krumpirom, a ve\u0107ina je prodata ljetos za ni\u017ee veleprodajne cijene, koje su tada iznosile 0,30 do 0,35 KM po kilogramu &#8211;<\/em>&nbsp;kazao je Mastalo.<\/p>\n\n\n\n<p>Kako je naveo, sve je to utjecalo da na tr\u017ei\u0161tu bude manje krumpira, manji je prinos, a ve\u0107a potra\u017enja dovodi do toga da cijene rastu.<\/p>\n\n\n\n<p><em>&#8211; Takvo je stanje i u Srbiji i Hrvatskoj, zbog toga krompir ne mo\u017eemo ni uvesti jer je i kod njih ista situacija kao i kod nas &#8211;<\/em>&nbsp;rekao je Mastalo.<\/p>\n\n\n\n<p>Naveo je da se trenuta\u010dno veleprodajna cijena kre\u0107e oko 0,60 KM, a u maloprodaji 0,70 ili \u010dak do 0,80 KM, te je istaknuo da je sigurno da \u0107e cijena krumpira jo\u0161 i\u0107i navi\u0161e.<\/p>\n\n\n\n<p>Kada je rije\u010d o situaciji u FBiH, prema rije\u010dima Ned\u017eada Bi\u0107e, predsjednika Udruge poljoprivrednika FBiH, ona je ista kao i u Srpskoj, te je istaknuo da je su\u0161a negdje napravila pravu katastrofu.<\/p>\n\n\n\n<p>&#8211;<em>&nbsp;Kad je rije\u010d o proizvodnji krumpira, to je uvijek isto. Borimo se da se za\u0161titi doma\u0107a proizvodnja, da se uvedu prelevmani. Kod nas su jako mali podsticaji i zbog toga na\u0161i proizvodi propadaju&#8221;,<\/em>&nbsp;rekao je Bi\u0107o.<\/p>\n\n\n\n<p>Dodao je da je pandemija koronavirusa pro\u0161le godine uticala na to da se proizvodnja pove\u0107a te da nastane hiperprodukcija, zbog \u010dega je dosta krompira propalo.<\/p>\n\n\n\n<p>&#8211;&nbsp;<em>Problem je \u0161to je uvozna roba jeftinija od na\u0161e, lako \u0107e na\u0161 krumpir poskupjeti, ali to nije rje\u0161enje<\/em>&nbsp;&#8211; kazao je Bi\u0107o.<\/p>\n\n\n\n<p>S druge strane, uzgajiva\u010di ranog krompira ka\u017eu da nisu imali problema sa su\u0161om, ali da im je dio uroda propao zbog kasnih mrazeva.<\/p>\n\n\n\n<p>&#8211; Mi navodnjavamo te do 1. srpnja mi sav krompir pokopamo i prodamo -rekao je za &#8220;Nezavisne novine&#8221; Dubravko Vukojevi\u0107, direktor Poljoprivredne zadruge &#8220;Plodovi zemlje&#8221; iz Ljubu\u0161kog i brenda &#8220;Ljubu\u0161ki rani&#8221;.<\/p>\n\n\n\n<p>Dodao je da je kasni mraz utjecao na to da proizvodnja krumpira zakasni te ju je umanjio.<\/p>\n\n\n\n<p>&#8211;&nbsp;<em>Va\u0111enje krumpira je trebalo da po\u010dne 1. svibnja, ali zbog mraza smo po\u010deli tek mjesec dana kasnije. Cijene su ove godine lo\u0161ije u odnosu na lani jer mi pro\u0161le godine nismo mogli ni\u0161ta prodati, a ove godine je bolja situacija &#8211;<\/em>&nbsp;kazao je Vukojevi\u0107.<\/p>\n\n\n\n<p>Istaknuo je da je kilogram krumpira na tr\u017eniciu Ljubu\u0161kom sada oko 0,80 KM.<\/p>\n\n\n\n<p>&#8211;&nbsp;<em>U \u0161estom mjesecu i po\u010detkom sedmog je cijena bila lo\u0161a i kretala se od 0,30 do 0,40 KM po kilogramu jer su se tada sastali vi\u0161kovi starog krumpira koji se nije prodao godinu ranije sa novim krumpirom &#8211;<\/em>&nbsp;naveo je Vukojevi\u0107.<\/p>\n\n\n\n<p>Dodao je da cijene svega rastu te da je nejasno kako gra\u0111ani BiH opstaju, a posebno seljaci koji od dizanja cijena robe skoro nemaju ni\u0161ta zarade.<\/p>\n\n\n\n<p>Izvor: nezavisne.com &#8211; iks-portal.info<\/p>\n","protected":false},"excerpt":{"rendered":"<p>Vremenske neprilike, kao \u0161to su dugotrajna su\u0161a i rani mrazevi, koji su pogodili BiH ove godine negativno su utjecale na proizvodnju krompira, istaknuli su poljoprivredni proizvo\u0111a\u010di navode\u0107i da \u0107e cijena ovog povr\u0107a i dalje rasti, a da ga na nekim tr\u017enicama skoro i nema. Branko Mastalo, predsjednik Udruge povrtlara RS, kazao je da je situacija [&hellip;]<\/p>\n","protected":false},"author":2,"featured_media":25858,"comment_status":"closed","ping_status":"closed","sticky":false,"template":"","format":"standard","meta":{"h5ap_radio_sources":[],"footnotes":""},"categories":[3],"tags":[],"class_list":["post-60161","post","type-post","status-publish","format-standard","has-post-thumbnail","hentry","category-ljubuski"],"yoast_head":"<!-- This site is optimized with the Yoast SEO plugin v27.5 - https:\/\/yoast.com\/product\/yoast-seo-wordpress\/ -->\n<title>Manji prinos di\u017ee cijenu krumpira u BiH, u Ljubu\u0161kom je oko 0,80 KM - RADIO LJUBU\u0160KI<\/title>\n<meta name=\"robots\" content=\"index, follow, max-snippet:-1, max-image-preview:large, max-video-preview:-1\" \/>\n<link rel=\"canonical\" href=\"https:\/\/radioljubuski.ba\/index.php\/2021\/09\/02\/manji-prinos-dize-cijenu-krumpira-u-bih-u-ljubuskom-je-oko-080-km\/\" \/>\n<meta property=\"og:locale\" content=\"hr_HR\" \/>\n<meta property=\"og:type\" content=\"article\" \/>\n<meta property=\"og:title\" content=\"Manji prinos di\u017ee cijenu krumpira u BiH, u Ljubu\u0161kom je oko 0,80 KM - RADIO LJUBU\u0160KI\" \/>\n<meta property=\"og:description\" content=\"Vremenske neprilike, kao \u0161to su dugotrajna su\u0161a i rani mrazevi, koji su pogodili BiH ove godine negativno su utjecale na proizvodnju krompira, istaknuli su poljoprivredni proizvo\u0111a\u010di navode\u0107i da \u0107e cijena ovog povr\u0107a i dalje rasti, a da ga na nekim tr\u017enicama skoro i nema. Branko Mastalo, predsjednik Udruge povrtlara RS, kazao je da je situacija [&hellip;]\" \/>\n<meta property=\"og:url\" content=\"https:\/\/radioljubuski.ba\/index.php\/2021\/09\/02\/manji-prinos-dize-cijenu-krumpira-u-bih-u-ljubuskom-je-oko-080-km\/\" \/>\n<meta property=\"og:site_name\" content=\"RADIO LJUBU\u0160KI\" \/>\n<meta property=\"article:publisher\" content=\"https:\/\/www.facebook.com\/Radiio-Ljubuski-1490835324566332\" \/>\n<meta property=\"article:published_time\" content=\"2021-09-02T06:51:54+00:00\" \/>\n<meta property=\"article:modified_time\" content=\"2021-09-02T06:51:55+00:00\" \/>\n<meta property=\"og:image\" content=\"https:\/\/radioljubuski.ba\/wp-content\/uploads\/2021\/05\/ljubuski-rani-krumpir-.jpg\" \/>\n\t<meta property=\"og:image:width\" content=\"880\" \/>\n\t<meta property=\"og:image:height\" content=\"495\" \/>\n\t<meta property=\"og:image:type\" content=\"image\/jpeg\" \/>\n<meta name=\"author\" content=\"Radio Ljubu\u0161ki\" \/>\n<meta name=\"twitter:card\" content=\"summary_large_image\" \/>\n<meta name=\"twitter:creator\" content=\"@radioljubuski\" \/>\n<meta name=\"twitter:site\" content=\"@radioljubuski\" \/>\n<meta name=\"twitter:label1\" content=\"Napisao\/la\" \/>\n\t<meta name=\"twitter:data1\" content=\"Radio Ljubu\u0161ki\" \/>\n\t<meta name=\"twitter:label2\" content=\"Procijenjeno vrijeme \u010ditanja\" \/>\n\t<meta name=\"twitter:data2\" content=\"3 minute\" \/>\n<script type=\"application\/ld+json\" class=\"yoast-schema-graph\">{\"@context\":\"https:\\\/\\\/schema.org\",\"@graph\":[{\"@type\":\"Article\",\"@id\":\"https:\\\/\\\/radioljubuski.ba\\\/index.php\\\/2021\\\/09\\\/02\\\/manji-prinos-dize-cijenu-krumpira-u-bih-u-ljubuskom-je-oko-080-km\\\/#article\",\"isPartOf\":{\"@id\":\"https:\\\/\\\/radioljubuski.ba\\\/index.php\\\/2021\\\/09\\\/02\\\/manji-prinos-dize-cijenu-krumpira-u-bih-u-ljubuskom-je-oko-080-km\\\/\"},\"author\":{\"name\":\"Radio Ljubu\u0161ki\",\"@id\":\"https:\\\/\\\/radioljubuski.ba\\\/#\\\/schema\\\/person\\\/19fc700381a780f69665d7956c469e3b\"},\"headline\":\"Manji prinos di\u017ee cijenu krumpira u BiH, u Ljubu\u0161kom je oko 0,80 KM\",\"datePublished\":\"2021-09-02T06:51:54+00:00\",\"dateModified\":\"2021-09-02T06:51:55+00:00\",\"mainEntityOfPage\":{\"@id\":\"https:\\\/\\\/radioljubuski.ba\\\/index.php\\\/2021\\\/09\\\/02\\\/manji-prinos-dize-cijenu-krumpira-u-bih-u-ljubuskom-je-oko-080-km\\\/\"},\"wordCount\":672,\"publisher\":{\"@id\":\"https:\\\/\\\/radioljubuski.ba\\\/#organization\"},\"image\":{\"@id\":\"https:\\\/\\\/radioljubuski.ba\\\/index.php\\\/2021\\\/09\\\/02\\\/manji-prinos-dize-cijenu-krumpira-u-bih-u-ljubuskom-je-oko-080-km\\\/#primaryimage\"},\"thumbnailUrl\":\"https:\\\/\\\/radioljubuski.ba\\\/wp-content\\\/uploads\\\/2021\\\/05\\\/ljubuski-rani-krumpir-.jpg\",\"articleSection\":[\"Ljubu\u0161ki\"],\"inLanguage\":\"hr\"},{\"@type\":\"WebPage\",\"@id\":\"https:\\\/\\\/radioljubuski.ba\\\/index.php\\\/2021\\\/09\\\/02\\\/manji-prinos-dize-cijenu-krumpira-u-bih-u-ljubuskom-je-oko-080-km\\\/\",\"url\":\"https:\\\/\\\/radioljubuski.ba\\\/index.php\\\/2021\\\/09\\\/02\\\/manji-prinos-dize-cijenu-krumpira-u-bih-u-ljubuskom-je-oko-080-km\\\/\",\"name\":\"Manji prinos di\u017ee cijenu krumpira u BiH, u Ljubu\u0161kom je oko 0,80 KM - RADIO LJUBU\u0160KI\",\"isPartOf\":{\"@id\":\"https:\\\/\\\/radioljubuski.ba\\\/#website\"},\"primaryImageOfPage\":{\"@id\":\"https:\\\/\\\/radioljubuski.ba\\\/index.php\\\/2021\\\/09\\\/02\\\/manji-prinos-dize-cijenu-krumpira-u-bih-u-ljubuskom-je-oko-080-km\\\/#primaryimage\"},\"image\":{\"@id\":\"https:\\\/\\\/radioljubuski.ba\\\/index.php\\\/2021\\\/09\\\/02\\\/manji-prinos-dize-cijenu-krumpira-u-bih-u-ljubuskom-je-oko-080-km\\\/#primaryimage\"},\"thumbnailUrl\":\"https:\\\/\\\/radioljubuski.ba\\\/wp-content\\\/uploads\\\/2021\\\/05\\\/ljubuski-rani-krumpir-.jpg\",\"datePublished\":\"2021-09-02T06:51:54+00:00\",\"dateModified\":\"2021-09-02T06:51:55+00:00\",\"breadcrumb\":{\"@id\":\"https:\\\/\\\/radioljubuski.ba\\\/index.php\\\/2021\\\/09\\\/02\\\/manji-prinos-dize-cijenu-krumpira-u-bih-u-ljubuskom-je-oko-080-km\\\/#breadcrumb\"},\"inLanguage\":\"hr\",\"potentialAction\":[{\"@type\":\"ReadAction\",\"target\":[\"https:\\\/\\\/radioljubuski.ba\\\/index.php\\\/2021\\\/09\\\/02\\\/manji-prinos-dize-cijenu-krumpira-u-bih-u-ljubuskom-je-oko-080-km\\\/\"]}]},{\"@type\":\"ImageObject\",\"inLanguage\":\"hr\",\"@id\":\"https:\\\/\\\/radioljubuski.ba\\\/index.php\\\/2021\\\/09\\\/02\\\/manji-prinos-dize-cijenu-krumpira-u-bih-u-ljubuskom-je-oko-080-km\\\/#primaryimage\",\"url\":\"https:\\\/\\\/radioljubuski.ba\\\/wp-content\\\/uploads\\\/2021\\\/05\\\/ljubuski-rani-krumpir-.jpg\",\"contentUrl\":\"https:\\\/\\\/radioljubuski.ba\\\/wp-content\\\/uploads\\\/2021\\\/05\\\/ljubuski-rani-krumpir-.jpg\",\"width\":880,\"height\":495},{\"@type\":\"BreadcrumbList\",\"@id\":\"https:\\\/\\\/radioljubuski.ba\\\/index.php\\\/2021\\\/09\\\/02\\\/manji-prinos-dize-cijenu-krumpira-u-bih-u-ljubuskom-je-oko-080-km\\\/#breadcrumb\",\"itemListElement\":[{\"@type\":\"ListItem\",\"position\":1,\"name\":\"Po\u010detna stranica\",\"item\":\"https:\\\/\\\/radioljubuski.ba\\\/\"},{\"@type\":\"ListItem\",\"position\":2,\"name\":\"Manji prinos di\u017ee cijenu krumpira u BiH, u Ljubu\u0161kom je oko 0,80 KM\"}]},{\"@type\":\"WebSite\",\"@id\":\"https:\\\/\\\/radioljubuski.ba\\\/#website\",\"url\":\"https:\\\/\\\/radioljubuski.ba\\\/\",\"name\":\"Radio Ljubu\u0161ki\",\"description\":\"Sun\u010dana frekvencija Hercegovine\",\"publisher\":{\"@id\":\"https:\\\/\\\/radioljubuski.ba\\\/#organization\"},\"potentialAction\":[{\"@type\":\"SearchAction\",\"target\":{\"@type\":\"EntryPoint\",\"urlTemplate\":\"https:\\\/\\\/radioljubuski.ba\\\/?s={search_term_string}\"},\"query-input\":{\"@type\":\"PropertyValueSpecification\",\"valueRequired\":true,\"valueName\":\"search_term_string\"}}],\"inLanguage\":\"hr\"},{\"@type\":\"Organization\",\"@id\":\"https:\\\/\\\/radioljubuski.ba\\\/#organization\",\"name\":\"Radio Ljubu\u0161ki\",\"url\":\"https:\\\/\\\/radioljubuski.ba\\\/\",\"logo\":{\"@type\":\"ImageObject\",\"inLanguage\":\"hr\",\"@id\":\"https:\\\/\\\/radioljubuski.ba\\\/#\\\/schema\\\/logo\\\/image\\\/\",\"url\":\"https:\\\/\\\/radioljubuski.ba\\\/wp-content\\\/uploads\\\/2021\\\/02\\\/cropped-Radio_Ljubuski_logo1.jpg\",\"contentUrl\":\"https:\\\/\\\/radioljubuski.ba\\\/wp-content\\\/uploads\\\/2021\\\/02\\\/cropped-Radio_Ljubuski_logo1.jpg\",\"width\":512,\"height\":512,\"caption\":\"Radio Ljubu\u0161ki\"},\"image\":{\"@id\":\"https:\\\/\\\/radioljubuski.ba\\\/#\\\/schema\\\/logo\\\/image\\\/\"},\"sameAs\":[\"https:\\\/\\\/www.facebook.com\\\/Radiio-Ljubuski-1490835324566332\",\"https:\\\/\\\/x.com\\\/radioljubuski\",\"https:\\\/\\\/hr.linkedin.com\\\/company\\\/radio-ljubuski\",\"https:\\\/\\\/www.youtube.com\\\/channel\\\/UCHYaeO_n0Db3tjNGudGpXyw\"]},{\"@type\":\"Person\",\"@id\":\"https:\\\/\\\/radioljubuski.ba\\\/#\\\/schema\\\/person\\\/19fc700381a780f69665d7956c469e3b\",\"name\":\"Radio Ljubu\u0161ki\"}]}<\/script>\n<!-- \/ Yoast SEO plugin. -->","yoast_head_json":{"title":"Manji prinos di\u017ee cijenu krumpira u BiH, u Ljubu\u0161kom je oko 0,80 KM - RADIO LJUBU\u0160KI","robots":{"index":"index","follow":"follow","max-snippet":"max-snippet:-1","max-image-preview":"max-image-preview:large","max-video-preview":"max-video-preview:-1"},"canonical":"https:\/\/radioljubuski.ba\/index.php\/2021\/09\/02\/manji-prinos-dize-cijenu-krumpira-u-bih-u-ljubuskom-je-oko-080-km\/","og_locale":"hr_HR","og_type":"article","og_title":"Manji prinos di\u017ee cijenu krumpira u BiH, u Ljubu\u0161kom je oko 0,80 KM - RADIO LJUBU\u0160KI","og_description":"Vremenske neprilike, kao \u0161to su dugotrajna su\u0161a i rani mrazevi, koji su pogodili BiH ove godine negativno su utjecale na proizvodnju krompira, istaknuli su poljoprivredni proizvo\u0111a\u010di navode\u0107i da \u0107e cijena ovog povr\u0107a i dalje rasti, a da ga na nekim tr\u017enicama skoro i nema. Branko Mastalo, predsjednik Udruge povrtlara RS, kazao je da je situacija [&hellip;]","og_url":"https:\/\/radioljubuski.ba\/index.php\/2021\/09\/02\/manji-prinos-dize-cijenu-krumpira-u-bih-u-ljubuskom-je-oko-080-km\/","og_site_name":"RADIO LJUBU\u0160KI","article_publisher":"https:\/\/www.facebook.com\/Radiio-Ljubuski-1490835324566332","article_published_time":"2021-09-02T06:51:54+00:00","article_modified_time":"2021-09-02T06:51:55+00:00","og_image":[{"width":880,"height":495,"url":"https:\/\/radioljubuski.ba\/wp-content\/uploads\/2021\/05\/ljubuski-rani-krumpir-.jpg","type":"image\/jpeg"}],"author":"Radio Ljubu\u0161ki","twitter_card":"summary_large_image","twitter_creator":"@radioljubuski","twitter_site":"@radioljubuski","twitter_misc":{"Napisao\/la":"Radio Ljubu\u0161ki","Procijenjeno vrijeme \u010ditanja":"3 minute"},"schema":{"@context":"https:\/\/schema.org","@graph":[{"@type":"Article","@id":"https:\/\/radioljubuski.ba\/index.php\/2021\/09\/02\/manji-prinos-dize-cijenu-krumpira-u-bih-u-ljubuskom-je-oko-080-km\/#article","isPartOf":{"@id":"https:\/\/radioljubuski.ba\/index.php\/2021\/09\/02\/manji-prinos-dize-cijenu-krumpira-u-bih-u-ljubuskom-je-oko-080-km\/"},"author":{"name":"Radio Ljubu\u0161ki","@id":"https:\/\/radioljubuski.ba\/#\/schema\/person\/19fc700381a780f69665d7956c469e3b"},"headline":"Manji prinos di\u017ee cijenu krumpira u BiH, u Ljubu\u0161kom je oko 0,80 KM","datePublished":"2021-09-02T06:51:54+00:00","dateModified":"2021-09-02T06:51:55+00:00","mainEntityOfPage":{"@id":"https:\/\/radioljubuski.ba\/index.php\/2021\/09\/02\/manji-prinos-dize-cijenu-krumpira-u-bih-u-ljubuskom-je-oko-080-km\/"},"wordCount":672,"publisher":{"@id":"https:\/\/radioljubuski.ba\/#organization"},"image":{"@id":"https:\/\/radioljubuski.ba\/index.php\/2021\/09\/02\/manji-prinos-dize-cijenu-krumpira-u-bih-u-ljubuskom-je-oko-080-km\/#primaryimage"},"thumbnailUrl":"https:\/\/radioljubuski.ba\/wp-content\/uploads\/2021\/05\/ljubuski-rani-krumpir-.jpg","articleSection":["Ljubu\u0161ki"],"inLanguage":"hr"},{"@type":"WebPage","@id":"https:\/\/radioljubuski.ba\/index.php\/2021\/09\/02\/manji-prinos-dize-cijenu-krumpira-u-bih-u-ljubuskom-je-oko-080-km\/","url":"https:\/\/radioljubuski.ba\/index.php\/2021\/09\/02\/manji-prinos-dize-cijenu-krumpira-u-bih-u-ljubuskom-je-oko-080-km\/","name":"Manji prinos di\u017ee cijenu krumpira u BiH, u Ljubu\u0161kom je oko 0,80 KM - RADIO LJUBU\u0160KI","isPartOf":{"@id":"https:\/\/radioljubuski.ba\/#website"},"primaryImageOfPage":{"@id":"https:\/\/radioljubuski.ba\/index.php\/2021\/09\/02\/manji-prinos-dize-cijenu-krumpira-u-bih-u-ljubuskom-je-oko-080-km\/#primaryimage"},"image":{"@id":"https:\/\/radioljubuski.ba\/index.php\/2021\/09\/02\/manji-prinos-dize-cijenu-krumpira-u-bih-u-ljubuskom-je-oko-080-km\/#primaryimage"},"thumbnailUrl":"https:\/\/radioljubuski.ba\/wp-content\/uploads\/2021\/05\/ljubuski-rani-krumpir-.jpg","datePublished":"2021-09-02T06:51:54+00:00","dateModified":"2021-09-02T06:51:55+00:00","breadcrumb":{"@id":"https:\/\/radioljubuski.ba\/index.php\/2021\/09\/02\/manji-prinos-dize-cijenu-krumpira-u-bih-u-ljubuskom-je-oko-080-km\/#breadcrumb"},"inLanguage":"hr","potentialAction":[{"@type":"ReadAction","target":["https:\/\/radioljubuski.ba\/index.php\/2021\/09\/02\/manji-prinos-dize-cijenu-krumpira-u-bih-u-ljubuskom-je-oko-080-km\/"]}]},{"@type":"ImageObject","inLanguage":"hr","@id":"https:\/\/radioljubuski.ba\/index.php\/2021\/09\/02\/manji-prinos-dize-cijenu-krumpira-u-bih-u-ljubuskom-je-oko-080-km\/#primaryimage","url":"https:\/\/radioljubuski.ba\/wp-content\/uploads\/2021\/05\/ljubuski-rani-krumpir-.jpg","contentUrl":"https:\/\/radioljubuski.ba\/wp-content\/uploads\/2021\/05\/ljubuski-rani-krumpir-.jpg","width":880,"height":495},{"@type":"BreadcrumbList","@id":"https:\/\/radioljubuski.ba\/index.php\/2021\/09\/02\/manji-prinos-dize-cijenu-krumpira-u-bih-u-ljubuskom-je-oko-080-km\/#breadcrumb","itemListElement":[{"@type":"ListItem","position":1,"name":"Po\u010detna stranica","item":"https:\/\/radioljubuski.ba\/"},{"@type":"ListItem","position":2,"name":"Manji prinos di\u017ee cijenu krumpira u BiH, u Ljubu\u0161kom je oko 0,80 KM"}]},{"@type":"WebSite","@id":"https:\/\/radioljubuski.ba\/#website","url":"https:\/\/radioljubuski.ba\/","name":"Radio Ljubu\u0161ki","description":"Sun\u010dana frekvencija Hercegovine","publisher":{"@id":"https:\/\/radioljubuski.ba\/#organization"},"potentialAction":[{"@type":"SearchAction","target":{"@type":"EntryPoint","urlTemplate":"https:\/\/radioljubuski.ba\/?s={search_term_string}"},"query-input":{"@type":"PropertyValueSpecification","valueRequired":true,"valueName":"search_term_string"}}],"inLanguage":"hr"},{"@type":"Organization","@id":"https:\/\/radioljubuski.ba\/#organization","name":"Radio Ljubu\u0161ki","url":"https:\/\/radioljubuski.ba\/","logo":{"@type":"ImageObject","inLanguage":"hr","@id":"https:\/\/radioljubuski.ba\/#\/schema\/logo\/image\/","url":"https:\/\/radioljubuski.ba\/wp-content\/uploads\/2021\/02\/cropped-Radio_Ljubuski_logo1.jpg","contentUrl":"https:\/\/radioljubuski.ba\/wp-content\/uploads\/2021\/02\/cropped-Radio_Ljubuski_logo1.jpg","width":512,"height":512,"caption":"Radio Ljubu\u0161ki"},"image":{"@id":"https:\/\/radioljubuski.ba\/#\/schema\/logo\/image\/"},"sameAs":["https:\/\/www.facebook.com\/Radiio-Ljubuski-1490835324566332","https:\/\/x.com\/radioljubuski","https:\/\/hr.linkedin.com\/company\/radio-ljubuski","https:\/\/www.youtube.com\/channel\/UCHYaeO_n0Db3tjNGudGpXyw"]},{"@type":"Person","@id":"https:\/\/radioljubuski.ba\/#\/schema\/person\/19fc700381a780f69665d7956c469e3b","name":"Radio Ljubu\u0161ki"}]}},"_links":{"self":[{"href":"https:\/\/radioljubuski.ba\/index.php\/wp-json\/wp\/v2\/posts\/60161","targetHints":{"allow":["GET"]}}],"collection":[{"href":"https:\/\/radioljubuski.ba\/index.php\/wp-json\/wp\/v2\/posts"}],"about":[{"href":"https:\/\/radioljubuski.ba\/index.php\/wp-json\/wp\/v2\/types\/post"}],"author":[{"embeddable":true,"href":"https:\/\/radioljubuski.ba\/index.php\/wp-json\/wp\/v2\/users\/2"}],"replies":[{"embeddable":true,"href":"https:\/\/radioljubuski.ba\/index.php\/wp-json\/wp\/v2\/comments?post=60161"}],"version-history":[{"count":1,"href":"https:\/\/radioljubuski.ba\/index.php\/wp-json\/wp\/v2\/posts\/60161\/revisions"}],"predecessor-version":[{"id":60162,"href":"https:\/\/radioljubuski.ba\/index.php\/wp-json\/wp\/v2\/posts\/60161\/revisions\/60162"}],"wp:featuredmedia":[{"embeddable":true,"href":"https:\/\/radioljubuski.ba\/index.php\/wp-json\/wp\/v2\/media\/25858"}],"wp:attachment":[{"href":"https:\/\/radioljubuski.ba\/index.php\/wp-json\/wp\/v2\/media?parent=60161"}],"wp:term":[{"taxonomy":"category","embeddable":true,"href":"https:\/\/radioljubuski.ba\/index.php\/wp-json\/wp\/v2\/categories?post=60161"},{"taxonomy":"post_tag","embeddable":true,"href":"https:\/\/radioljubuski.ba\/index.php\/wp-json\/wp\/v2\/tags?post=60161"}],"curies":[{"name":"wp","href":"https:\/\/api.w.org\/{rel}","templated":true}]}}